{"id":9948,"date":"2024-07-09T05:00:42","date_gmt":"2024-07-09T09:00:42","guid":{"rendered":"https:\/\/blogdacondessa.com.br\/blog\/?p=9948"},"modified":"2024-07-08T17:29:04","modified_gmt":"2024-07-08T21:29:04","slug":"2o-feijoapae-sera-no-dia-3-de-agosto","status":"publish","type":"post","link":"https:\/\/blogdacondessa.com.br\/blog\/institucional\/2o-feijoapae-sera-no-dia-3-de-agosto\/","title":{"rendered":"2\u00ba FeijoApae ser\u00e1 no dia 3 de agosto"},"content":{"rendered":"<p>Ser\u00e3o oferecidos oito tipos de feijoada, sobremesa e entrada no valor do ingresso de R$ 70 reais. O lucro ser\u00e1 revertido a pagamento encargos e despesas di\u00e1rias.<br \/>\nO presidente da Associa\u00e7\u00e3o de Pais e Amigos dos Excepcionais de Cuiab\u00e1, Leonaldo Arruda, assinou no \u00faltimo dia 26, o contrato de parceria com o Ditado Popular para realiza\u00e7\u00e3o da 2\u00aa FeijoApae 2024, que acontecer\u00e1 no dia 03 de agosto na sede do Ditado na regi\u00e3o da pra\u00e7a Popular, o valor dos ingressos ser\u00e1 de R$ 70 reais com direito a entradinhas, nove tipos de feijoada e sobremesa.<br \/>\nO evento contar\u00e1 com banda ao vivo e chopp a caneca de 360ml \u00e0 R$ 14.90 direto pela casa. O diretor social Jo\u00e3o Henrique Bachega fala do in\u00edcio da parceria e da realiza\u00e7\u00e3o da segunda edi\u00e7\u00e3o do evento tradicional da Apae. \u201cEntramos em contato com este amigo, o Kadu Mendes, assim que surgiu a ideia de realizarmos esta segunda edi\u00e7\u00e3o da feijoada, e que fosse realizado por um parceiro e o Ditado foi consenso na escolha. Reunimos definimos contrato e come\u00e7aremos esta nova parceria com esta grande casa de eventos de Cuiab\u00e1, queremos aproveitar o momento e pedir para que as pessoas envolvidas na Apae ajudem na venda, compre e compare\u00e7a, ser\u00e1 de muita valia e um momento especial para confraternizarmos entre fam\u00edlias e amigos, o cunho social \u00e9 muito importante e esperamos fazer grandes investimentos para nossos mais de 140 assistidos da institui\u00e7\u00e3o&#8221;, frisa Jo\u00e3o.<br \/>\nCrian\u00e7as de 0 a 7 anos n\u00e3o pagar\u00e3o para participar do evento e de 8 a 12 anos pagar\u00e3o metade.<br \/>\nVenda de ingressos e informa\u00e7\u00f5es pelo 65 3322-8853.<\/p>\n","protected":false},"excerpt":{"rendered":"<p>Ser\u00e3o oferecidos oito tipos de feijoada, sobremesa e entrada no valor do ingresso de R$ 70 reais. O lucro ser\u00e1 revertido a pagamento encargos e despesas di\u00e1rias. O presidente da Associa\u00e7\u00e3o de Pais e Amigos dos Excepcionais de Cuiab\u00e1, Leonaldo Arruda, assinou no \u00faltimo dia 26, o contrato de parceria com o Ditado Popular para [&hellip;]<\/p>\n","protected":false},"author":2,"featured_media":9949,"comment_status":"closed","ping_status":"closed","sticky":false,"template":"","format":"standard","meta":{"iawp_total_views":32,"footnotes":""},"categories":[13],"tags":[],"class_list":["post-9948","post","type-post","status-publish","format-standard","has-post-thumbnail","hentry","category-institucional"],"yoast_head":"<!-- This site is optimized with the Yoast SEO plugin v27.3 - https:\/\/yoast.com\/product\/yoast-seo-wordpress\/ -->\n<title>2\u00ba FeijoApae ser\u00e1 no dia 3 de agosto &#8902; Blog da Condessa<\/title>\n<meta name=\"robots\" content=\"index, follow, max-snippet:-1, max-image-preview:large, max-video-preview:-1\" \/>\n<link rel=\"canonical\" href=\"https:\/\/blogdacondessa.com.br\/blog\/institucional\/2o-feijoapae-sera-no-dia-3-de-agosto\/\" \/>\n<meta property=\"og:locale\" content=\"pt_BR\" \/>\n<meta property=\"og:type\" content=\"article\" \/>\n<meta property=\"og:title\" content=\"2\u00ba FeijoApae ser\u00e1 no dia 3 de agosto &#8902; Blog da Condessa\" \/>\n<meta property=\"og:description\" content=\"Ser\u00e3o oferecidos oito tipos de feijoada, sobremesa e entrada no valor do ingresso de R$ 70 reais. O lucro ser\u00e1 revertido a pagamento encargos e despesas di\u00e1rias. O presidente da Associa\u00e7\u00e3o de Pais e Amigos dos Excepcionais de Cuiab\u00e1, Leonaldo Arruda, assinou no \u00faltimo dia 26, o contrato de parceria com o Ditado Popular para [&hellip;]\" \/>\n<meta property=\"og:url\" content=\"https:\/\/blogdacondessa.com.br\/blog\/institucional\/2o-feijoapae-sera-no-dia-3-de-agosto\/\" \/>\n<meta property=\"og:site_name\" content=\"Blog da Condessa\" \/>\n<meta property=\"article:published_time\" content=\"2024-07-09T09:00:42+00:00\" \/>\n<meta property=\"og:image\" content=\"https:\/\/blogdacondessa.com.br\/blog\/wp-content\/uploads\/2024\/07\/APAE.jpg\" \/>\n\t<meta property=\"og:image:width\" content=\"1296\" \/>\n\t<meta property=\"og:image:height\" content=\"970\" \/>\n\t<meta property=\"og:image:type\" content=\"image\/jpeg\" \/>\n<meta name=\"author\" content=\"Blog da Condessa\" \/>\n<meta name=\"twitter:card\" content=\"summary_large_image\" \/>\n<meta name=\"twitter:label1\" content=\"Escrito por\" \/>\n\t<meta name=\"twitter:data1\" content=\"Blog da Condessa\" \/>\n\t<meta name=\"twitter:label2\" content=\"Est. tempo de leitura\" \/>\n\t<meta name=\"twitter:data2\" content=\"2 minutos\" \/>\n<script type=\"application\/ld+json\" class=\"yoast-schema-graph\">{\"@context\":\"https:\\\/\\\/schema.org\",\"@graph\":[{\"@type\":\"Article\",\"@id\":\"https:\\\/\\\/blogdacondessa.com.br\\\/blog\\\/institucional\\\/2o-feijoapae-sera-no-dia-3-de-agosto\\\/#article\",\"isPartOf\":{\"@id\":\"https:\\\/\\\/blogdacondessa.com.br\\\/blog\\\/institucional\\\/2o-feijoapae-sera-no-dia-3-de-agosto\\\/\"},\"author\":{\"name\":\"Blog da Condessa\",\"@id\":\"https:\\\/\\\/blogdacondessa.com.br\\\/blog\\\/#\\\/schema\\\/person\\\/1d667ff8b785195b568677489d266035\"},\"headline\":\"2\u00ba FeijoApae ser\u00e1 no dia 3 de agosto\",\"datePublished\":\"2024-07-09T09:00:42+00:00\",\"mainEntityOfPage\":{\"@id\":\"https:\\\/\\\/blogdacondessa.com.br\\\/blog\\\/institucional\\\/2o-feijoapae-sera-no-dia-3-de-agosto\\\/\"},\"wordCount\":281,\"image\":{\"@id\":\"https:\\\/\\\/blogdacondessa.com.br\\\/blog\\\/institucional\\\/2o-feijoapae-sera-no-dia-3-de-agosto\\\/#primaryimage\"},\"thumbnailUrl\":\"https:\\\/\\\/blogdacondessa.com.br\\\/blog\\\/wp-content\\\/uploads\\\/2024\\\/07\\\/APAE.jpg\",\"articleSection\":[\"Institucional\"],\"inLanguage\":\"pt-BR\"},{\"@type\":\"WebPage\",\"@id\":\"https:\\\/\\\/blogdacondessa.com.br\\\/blog\\\/institucional\\\/2o-feijoapae-sera-no-dia-3-de-agosto\\\/\",\"url\":\"https:\\\/\\\/blogdacondessa.com.br\\\/blog\\\/institucional\\\/2o-feijoapae-sera-no-dia-3-de-agosto\\\/\",\"name\":\"2\u00ba FeijoApae ser\u00e1 no dia 3 de agosto &#8902; Blog da Condessa\",\"isPartOf\":{\"@id\":\"https:\\\/\\\/blogdacondessa.com.br\\\/blog\\\/#website\"},\"primaryImageOfPage\":{\"@id\":\"https:\\\/\\\/blogdacondessa.com.br\\\/blog\\\/institucional\\\/2o-feijoapae-sera-no-dia-3-de-agosto\\\/#primaryimage\"},\"image\":{\"@id\":\"https:\\\/\\\/blogdacondessa.com.br\\\/blog\\\/institucional\\\/2o-feijoapae-sera-no-dia-3-de-agosto\\\/#primaryimage\"},\"thumbnailUrl\":\"https:\\\/\\\/blogdacondessa.com.br\\\/blog\\\/wp-content\\\/uploads\\\/2024\\\/07\\\/APAE.jpg\",\"datePublished\":\"2024-07-09T09:00:42+00:00\",\"author\":{\"@id\":\"https:\\\/\\\/blogdacondessa.com.br\\\/blog\\\/#\\\/schema\\\/person\\\/1d667ff8b785195b568677489d266035\"},\"breadcrumb\":{\"@id\":\"https:\\\/\\\/blogdacondessa.com.br\\\/blog\\\/institucional\\\/2o-feijoapae-sera-no-dia-3-de-agosto\\\/#breadcrumb\"},\"inLanguage\":\"pt-BR\",\"potentialAction\":[{\"@type\":\"ReadAction\",\"target\":[\"https:\\\/\\\/blogdacondessa.com.br\\\/blog\\\/institucional\\\/2o-feijoapae-sera-no-dia-3-de-agosto\\\/\"]}]},{\"@type\":\"ImageObject\",\"inLanguage\":\"pt-BR\",\"@id\":\"https:\\\/\\\/blogdacondessa.com.br\\\/blog\\\/institucional\\\/2o-feijoapae-sera-no-dia-3-de-agosto\\\/#primaryimage\",\"url\":\"https:\\\/\\\/blogdacondessa.com.br\\\/blog\\\/wp-content\\\/uploads\\\/2024\\\/07\\\/APAE.jpg\",\"contentUrl\":\"https:\\\/\\\/blogdacondessa.com.br\\\/blog\\\/wp-content\\\/uploads\\\/2024\\\/07\\\/APAE.jpg\",\"width\":1296,\"height\":970},{\"@type\":\"BreadcrumbList\",\"@id\":\"https:\\\/\\\/blogdacondessa.com.br\\\/blog\\\/institucional\\\/2o-feijoapae-sera-no-dia-3-de-agosto\\\/#breadcrumb\",\"itemListElement\":[{\"@type\":\"ListItem\",\"position\":1,\"name\":\"In\u00edcio\",\"item\":\"https:\\\/\\\/blogdacondessa.com.br\\\/blog\\\/\"},{\"@type\":\"ListItem\",\"position\":2,\"name\":\"2\u00ba FeijoApae ser\u00e1 no dia 3 de agosto\"}]},{\"@type\":\"WebSite\",\"@id\":\"https:\\\/\\\/blogdacondessa.com.br\\\/blog\\\/#website\",\"url\":\"https:\\\/\\\/blogdacondessa.com.br\\\/blog\\\/\",\"name\":\"Blog da Condessa\",\"description\":\"Com Shirley de Souza O\u2019Campos\",\"potentialAction\":[{\"@type\":\"SearchAction\",\"target\":{\"@type\":\"EntryPoint\",\"urlTemplate\":\"https:\\\/\\\/blogdacondessa.com.br\\\/blog\\\/?s={search_term_string}\"},\"query-input\":{\"@type\":\"PropertyValueSpecification\",\"valueRequired\":true,\"valueName\":\"search_term_string\"}}],\"inLanguage\":\"pt-BR\"},{\"@type\":\"Person\",\"@id\":\"https:\\\/\\\/blogdacondessa.com.br\\\/blog\\\/#\\\/schema\\\/person\\\/1d667ff8b785195b568677489d266035\",\"name\":\"Blog da Condessa\",\"image\":{\"@type\":\"ImageObject\",\"inLanguage\":\"pt-BR\",\"@id\":\"https:\\\/\\\/secure.gravatar.com\\\/avatar\\\/377c0eb8b4ad2bfc25461b41564b5971e721ca34a57642868fc7b0c8ac7b52c5?s=96&d=mm&r=g\",\"url\":\"https:\\\/\\\/secure.gravatar.com\\\/avatar\\\/377c0eb8b4ad2bfc25461b41564b5971e721ca34a57642868fc7b0c8ac7b52c5?s=96&d=mm&r=g\",\"contentUrl\":\"https:\\\/\\\/secure.gravatar.com\\\/avatar\\\/377c0eb8b4ad2bfc25461b41564b5971e721ca34a57642868fc7b0c8ac7b52c5?s=96&d=mm&r=g\",\"caption\":\"Blog da Condessa\"},\"url\":\"https:\\\/\\\/blogdacondessa.com.br\\\/blog\\\/author\\\/beatriz\\\/\"}]}<\/script>\n<!-- \/ Yoast SEO plugin. -->","yoast_head_json":{"title":"2\u00ba FeijoApae ser\u00e1 no dia 3 de agosto &#8902; Blog da Condessa","robots":{"index":"index","follow":"follow","max-snippet":"max-snippet:-1","max-image-preview":"max-image-preview:large","max-video-preview":"max-video-preview:-1"},"canonical":"https:\/\/blogdacondessa.com.br\/blog\/institucional\/2o-feijoapae-sera-no-dia-3-de-agosto\/","og_locale":"pt_BR","og_type":"article","og_title":"2\u00ba FeijoApae ser\u00e1 no dia 3 de agosto &#8902; Blog da Condessa","og_description":"Ser\u00e3o oferecidos oito tipos de feijoada, sobremesa e entrada no valor do ingresso de R$ 70 reais. O lucro ser\u00e1 revertido a pagamento encargos e despesas di\u00e1rias. O presidente da Associa\u00e7\u00e3o de Pais e Amigos dos Excepcionais de Cuiab\u00e1, Leonaldo Arruda, assinou no \u00faltimo dia 26, o contrato de parceria com o Ditado Popular para [&hellip;]","og_url":"https:\/\/blogdacondessa.com.br\/blog\/institucional\/2o-feijoapae-sera-no-dia-3-de-agosto\/","og_site_name":"Blog da Condessa","article_published_time":"2024-07-09T09:00:42+00:00","og_image":[{"width":1296,"height":970,"url":"https:\/\/blogdacondessa.com.br\/blog\/wp-content\/uploads\/2024\/07\/APAE.jpg","type":"image\/jpeg"}],"author":"Blog da Condessa","twitter_card":"summary_large_image","twitter_misc":{"Escrito por":"Blog da Condessa","Est. tempo de leitura":"2 minutos"},"schema":{"@context":"https:\/\/schema.org","@graph":[{"@type":"Article","@id":"https:\/\/blogdacondessa.com.br\/blog\/institucional\/2o-feijoapae-sera-no-dia-3-de-agosto\/#article","isPartOf":{"@id":"https:\/\/blogdacondessa.com.br\/blog\/institucional\/2o-feijoapae-sera-no-dia-3-de-agosto\/"},"author":{"name":"Blog da Condessa","@id":"https:\/\/blogdacondessa.com.br\/blog\/#\/schema\/person\/1d667ff8b785195b568677489d266035"},"headline":"2\u00ba FeijoApae ser\u00e1 no dia 3 de agosto","datePublished":"2024-07-09T09:00:42+00:00","mainEntityOfPage":{"@id":"https:\/\/blogdacondessa.com.br\/blog\/institucional\/2o-feijoapae-sera-no-dia-3-de-agosto\/"},"wordCount":281,"image":{"@id":"https:\/\/blogdacondessa.com.br\/blog\/institucional\/2o-feijoapae-sera-no-dia-3-de-agosto\/#primaryimage"},"thumbnailUrl":"https:\/\/blogdacondessa.com.br\/blog\/wp-content\/uploads\/2024\/07\/APAE.jpg","articleSection":["Institucional"],"inLanguage":"pt-BR"},{"@type":"WebPage","@id":"https:\/\/blogdacondessa.com.br\/blog\/institucional\/2o-feijoapae-sera-no-dia-3-de-agosto\/","url":"https:\/\/blogdacondessa.com.br\/blog\/institucional\/2o-feijoapae-sera-no-dia-3-de-agosto\/","name":"2\u00ba FeijoApae ser\u00e1 no dia 3 de agosto &#8902; Blog da Condessa","isPartOf":{"@id":"https:\/\/blogdacondessa.com.br\/blog\/#website"},"primaryImageOfPage":{"@id":"https:\/\/blogdacondessa.com.br\/blog\/institucional\/2o-feijoapae-sera-no-dia-3-de-agosto\/#primaryimage"},"image":{"@id":"https:\/\/blogdacondessa.com.br\/blog\/institucional\/2o-feijoapae-sera-no-dia-3-de-agosto\/#primaryimage"},"thumbnailUrl":"https:\/\/blogdacondessa.com.br\/blog\/wp-content\/uploads\/2024\/07\/APAE.jpg","datePublished":"2024-07-09T09:00:42+00:00","author":{"@id":"https:\/\/blogdacondessa.com.br\/blog\/#\/schema\/person\/1d667ff8b785195b568677489d266035"},"breadcrumb":{"@id":"https:\/\/blogdacondessa.com.br\/blog\/institucional\/2o-feijoapae-sera-no-dia-3-de-agosto\/#breadcrumb"},"inLanguage":"pt-BR","potentialAction":[{"@type":"ReadAction","target":["https:\/\/blogdacondessa.com.br\/blog\/institucional\/2o-feijoapae-sera-no-dia-3-de-agosto\/"]}]},{"@type":"ImageObject","inLanguage":"pt-BR","@id":"https:\/\/blogdacondessa.com.br\/blog\/institucional\/2o-feijoapae-sera-no-dia-3-de-agosto\/#primaryimage","url":"https:\/\/blogdacondessa.com.br\/blog\/wp-content\/uploads\/2024\/07\/APAE.jpg","contentUrl":"https:\/\/blogdacondessa.com.br\/blog\/wp-content\/uploads\/2024\/07\/APAE.jpg","width":1296,"height":970},{"@type":"BreadcrumbList","@id":"https:\/\/blogdacondessa.com.br\/blog\/institucional\/2o-feijoapae-sera-no-dia-3-de-agosto\/#breadcrumb","itemListElement":[{"@type":"ListItem","position":1,"name":"In\u00edcio","item":"https:\/\/blogdacondessa.com.br\/blog\/"},{"@type":"ListItem","position":2,"name":"2\u00ba FeijoApae ser\u00e1 no dia 3 de agosto"}]},{"@type":"WebSite","@id":"https:\/\/blogdacondessa.com.br\/blog\/#website","url":"https:\/\/blogdacondessa.com.br\/blog\/","name":"Blog da Condessa","description":"Com Shirley de Souza O\u2019Campos","potentialAction":[{"@type":"SearchAction","target":{"@type":"EntryPoint","urlTemplate":"https:\/\/blogdacondessa.com.br\/blog\/?s={search_term_string}"},"query-input":{"@type":"PropertyValueSpecification","valueRequired":true,"valueName":"search_term_string"}}],"inLanguage":"pt-BR"},{"@type":"Person","@id":"https:\/\/blogdacondessa.com.br\/blog\/#\/schema\/person\/1d667ff8b785195b568677489d266035","name":"Blog da Condessa","image":{"@type":"ImageObject","inLanguage":"pt-BR","@id":"https:\/\/secure.gravatar.com\/avatar\/377c0eb8b4ad2bfc25461b41564b5971e721ca34a57642868fc7b0c8ac7b52c5?s=96&d=mm&r=g","url":"https:\/\/secure.gravatar.com\/avatar\/377c0eb8b4ad2bfc25461b41564b5971e721ca34a57642868fc7b0c8ac7b52c5?s=96&d=mm&r=g","contentUrl":"https:\/\/secure.gravatar.com\/avatar\/377c0eb8b4ad2bfc25461b41564b5971e721ca34a57642868fc7b0c8ac7b52c5?s=96&d=mm&r=g","caption":"Blog da Condessa"},"url":"https:\/\/blogdacondessa.com.br\/blog\/author\/beatriz\/"}]}},"_links":{"self":[{"href":"https:\/\/blogdacondessa.com.br\/blog\/wp-json\/wp\/v2\/posts\/9948","targetHints":{"allow":["GET"]}}],"collection":[{"href":"https:\/\/blogdacondessa.com.br\/blog\/wp-json\/wp\/v2\/posts"}],"about":[{"href":"https:\/\/blogdacondessa.com.br\/blog\/wp-json\/wp\/v2\/types\/post"}],"author":[{"embeddable":true,"href":"https:\/\/blogdacondessa.com.br\/blog\/wp-json\/wp\/v2\/users\/2"}],"replies":[{"embeddable":true,"href":"https:\/\/blogdacondessa.com.br\/blog\/wp-json\/wp\/v2\/comments?post=9948"}],"version-history":[{"count":0,"href":"https:\/\/blogdacondessa.com.br\/blog\/wp-json\/wp\/v2\/posts\/9948\/revisions"}],"wp:featuredmedia":[{"embeddable":true,"href":"https:\/\/blogdacondessa.com.br\/blog\/wp-json\/wp\/v2\/media\/9949"}],"wp:attachment":[{"href":"https:\/\/blogdacondessa.com.br\/blog\/wp-json\/wp\/v2\/media?parent=9948"}],"wp:term":[{"taxonomy":"category","embeddable":true,"href":"https:\/\/blogdacondessa.com.br\/blog\/wp-json\/wp\/v2\/categories?post=9948"},{"taxonomy":"post_tag","embeddable":true,"href":"https:\/\/blogdacondessa.com.br\/blog\/wp-json\/wp\/v2\/tags?post=9948"}],"curies":[{"name":"wp","href":"https:\/\/api.w.org\/{rel}","templated":true}]}}