{"id":9934,"date":"2024-07-09T18:53:39","date_gmt":"2024-07-09T22:53:39","guid":{"rendered":"https:\/\/blogdacondessa.com.br\/blog\/?p=9934"},"modified":"2024-07-10T09:50:46","modified_gmt":"2024-07-10T13:50:46","slug":"sabia-que-seu-nome-tem-poder-e-a-psicogenealogia-pode-te-explicar-isso","status":"publish","type":"post","link":"https:\/\/blogdacondessa.com.br\/blog\/artigos\/sabia-que-seu-nome-tem-poder-e-a-psicogenealogia-pode-te-explicar-isso\/","title":{"rendered":"Sabia que seu nome tem poder? E a Psicogenealogia pode te explicar isso!"},"content":{"rendered":"<p>N\u00e3o recebemos nosso nome por acaso! Cada letra \u00e9 como um c\u00f3digo. O mundo foi criado pela palavra. O idioma de cria\u00e7\u00e3o do mundo \u00e9 o Hebraico. S\u00e3o letras com uma frequ\u00eancia vibrat\u00f3ria elevada. O alfabeto hebraico \u00e9 um dos aportes da Psicogenealogia, para a decodifica\u00e7\u00e3o de nomes.<br \/>\nTer um nome \u00e9 ter um sentido. Nomear um beb\u00ea \u00e9 dar-lhe um projeto, uma dire\u00e7\u00e3o de existir. Nosso nome carrega toda a hist\u00f3ria da nossa fam\u00edlia e muitas vezes, condiciona mecanismos de lealdade e repeti\u00e7\u00e3o.<br \/>\nQuem escolhe seu nome, tamb\u00e9m lhe entrega um mandato inconsciente, que s\u00e3o como uma procura\u00e7\u00e3o (que um antepassado lhe \u201centrega\u201d para realizar algo que ficou inconcluso por ele).<br \/>\nAo decodificar nosso nome, podemos tomar consci\u00eancia do quanto estamos pr\u00f3ximos ou distantes do &#8220;para qu\u00ea&#8221; viemos nesse sistema familiar e se estamos repetindo ou reparando aos mandatos familiares.<br \/>\n<strong>Mas afinal, o que \u00e9 a Psicogenealogia?<\/strong><br \/>\n\u00c9 uma ci\u00eancia inter e transdisciplinar que procura compreender o ser humano a partir da sua pr\u00f3pria hist\u00f3ria familiar. Uma an\u00e1lise e investiga\u00e7\u00e3o minuciosa sobre a caminhada e viv\u00eancias de cada personagem da nossa \u00e1rvore geneal\u00f3gica.<br \/>\nExplicamos o funcionamento da mente com base na Neuroci\u00eancia, Epigen\u00e9tica, F\u00edsica Qu\u00e2ntica, Programa\u00e7\u00e3o Neuroligu\u00edstica, Grafologia e Cabal\u00e1 (Estudo das Leis Cosmog\u00f4nicas do Universo).<br \/>\nTrabalhamos com a an\u00e1lise da simetria (que s\u00e3o os v\u00ednculos na \u00e1rvore geneal\u00f3gica de datas, nomes, ordem de nascimento, semelhan\u00e7a f\u00edsica entre outros pontos), para compreender os desequil\u00edbrios que se manifestam na vida do cliente por repeti\u00e7\u00e3o pela busca da homeostase.<br \/>\nO significado do seu nome, revela sua fun\u00e7\u00e3o na fam\u00edlia e seu prop\u00f3sito de alma.<br \/>\nAs lealdades s\u00e3o leis internas da teia familiar que cumprimos inconscientemente para pertencer a nosso grupo.<br \/>\nPelo estudo do transgeracional, podemos identificar as criptas que passam atrav\u00e9s das gera\u00e7\u00f5es carregando segredos, calados, eventos traum\u00e1ticos irresolutos, que buscam serem abertas. \u201cToda verdade ser\u00e1 revelada\u201d, j\u00e1 nos ensinou Jesus. \u201cPortanto, n\u00e3o h\u00e1 nada oculto que n\u00e3o venha a ser revelado, e nada escondido que n\u00e3o venha a ser conhecido e trazido \u00e0 luz (Lucas 8:17).<br \/>\n(*Advogada, fez Doutorado em Psicologia e Professora em\u00e9rita da Universidade de Nice, Fran\u00e7a. Dirigiu por mais de vinte anos, o laborat\u00f3rio de psicologia cl\u00ednica e social. Co-fundadora da Associa\u00e7\u00e3o Internacional de Psicoterapia de Grupo. Desenvolveu a t\u00e9cnica do Genossociograma: \u00c1rvore geneal\u00f3gica, que leva em conta, al\u00e9m dos la\u00e7os familiares existentes a recorr\u00eancia de traumas psicol\u00f3gicos e f\u00edsicos passados de gera\u00e7\u00e3o para gera\u00e7\u00e3o.<br \/>\nIniciou seus estudos de psicologia na Universidade de Paris, ap\u00f3s a Segunda Guerra Mundial. Seus estudos aprofundaram a import\u00e2ncia da transmiss\u00e3o inconsciente e n\u00e3o intencional das lealdades invis\u00edveis e os traumas transgeracionais.<br \/>\nPor volta de 1970, Anne desenvolveu os principais conceitos de Psicogenealogia e foi pioneira no campo cl\u00ednico e acad\u00eamico da Terapia Transgeracional.<br \/>\nAfinal, o que determina a lealdade invis\u00edvel a um antepassado que nunca conhecemos, e a repeti\u00e7\u00e3o transgeracional de padr\u00f5es e acontecimentos disfuncionais?<br \/>\nEventos traum\u00e1ticos n\u00e3o processados encontram uma maneira de se manifestar nas gera\u00e7\u00f5es subsequentes e de ressurgir no presente. Quanto a isso, n\u00e3o temos escolha e iremos repetir os eventos e traumas experimentados por nossos antepassados que agem por n\u00f3s em vida atrav\u00e9s do inconsciente familiar, lembra que somos 5% conscientes e 95% inconscientes? Repetimos o que n\u00e3o resolvemos. *<em>Anne Ancelin Sch\u00fctzenberger, m\u00e3e da Psicogenealogia).<\/em><\/p>\n<p>Segundo Let\u00edcia Baccin, psicogenealogista, escritora e CEO do Instituto LIZ e Academia de Psicogenealogia no Brasil, que sempre faz quest\u00e3o de frisar, a Psicogenealogia nada tem a ver com a Constela\u00e7\u00e3o Familiar. Explica que ambas s\u00e3o ferramentas e cada uma tem a sua import\u00e2ncia e seu pr\u00f3prio campo de atua\u00e7\u00e3o que se diferem completamente. \u201cS\u00e3o por assim dizer \u201cprimas\u201d, por\u00e9m a Psicogenealogia \u00e9 anterior a Constela\u00e7\u00e3o. A Psicogenealogia, N\u00c2O \u00e9 terapia, mas, tem um forte impacto terap\u00eautico, equivalente h\u00e1 10 anos de terapia\u201d, ressaltou.<br \/>\nPsicogenealogia tamb\u00e9m ensina sobre a autorresponsabilidade e o que de fato transforma \u00e9 a tomada de consci\u00eancia de cada um. Podemos sim, quebrar os ciclos de repeti\u00e7\u00e3o dolorosa, lidar com os traumas n\u00e3o resolvidos e sanar feridas emocionais.<br \/>\nAnne Ancelin escreveu em seu livro best-seller, Os Meus Antepassados (1998): \u201cUma doen\u00e7a transgeracional \u00e0s vezes \u00e9 criada nas fam\u00edlias quando as emo\u00e7\u00f5es s\u00e3o suprimidas e quando existem segredos\u201d.<br \/>\nQuest\u00f5es proibidas podem surgir atrav\u00e9s de um olhar evitado ou explos\u00f5es repentinas de raiva.<br \/>\nHist\u00f3rias traum\u00e1ticas que se repetem no cl\u00e3 familiar atrav\u00e9s das gera\u00e7\u00f5es, envolvendo conflitos de relacionamentos, desordens financeiras, desordens de sa\u00fade, depress\u00e3o, ansiedade e v\u00edcios.<br \/>\nO fato \u00e9 que todos que nascem, t\u00eam import\u00e2ncia e uma fun\u00e7\u00e3o espec\u00edfica dentro do cl\u00e3. Nascemos por uma necessidade de trazer equil\u00edbrio e homeostase ao nosso sistema familiar.<br \/>\nE voc\u00ea? J\u00e1 sabe qual \u00e9 a sua fun\u00e7\u00e3o dentro da sua fam\u00edlia? A transcend\u00eancia que voc\u00ea busca est\u00e1 na dor que voc\u00ea evita. Transforme a sua dor em pot\u00eancia!<br \/>\n<em><strong>*Cristiane Celina \u00e9 formada em Comunica\u00e7\u00e3o\/Radialismo pela UFMT. Instrutora de Hatha Yoga. Forma\u00e7\u00e3o em Psicogenealogia e Alinhamento Biossist\u00eamico com base nas 5 Leis Biol\u00f3gicas do Dr. Hamer.<\/strong><\/em><\/p>\n","protected":false},"excerpt":{"rendered":"<p>N\u00e3o recebemos nosso nome por acaso! Cada letra \u00e9 como um c\u00f3digo. O mundo foi criado pela palavra. O idioma de cria\u00e7\u00e3o do mundo \u00e9 o Hebraico. S\u00e3o letras com uma frequ\u00eancia vibrat\u00f3ria elevada. O alfabeto hebraico \u00e9 um dos aportes da Psicogenealogia, para a decodifica\u00e7\u00e3o de nomes. Ter um nome \u00e9 ter um sentido. [&hellip;]<\/p>\n","protected":false},"author":2,"featured_media":9961,"comment_status":"closed","ping_status":"closed","sticky":false,"template":"","format":"standard","meta":{"iawp_total_views":463,"footnotes":""},"categories":[33],"tags":[],"class_list":["post-9934","post","type-post","status-publish","format-standard","has-post-thumbnail","hentry","category-artigos"],"yoast_head":"<!-- This site is optimized with the Yoast SEO plugin v27.3 - https:\/\/yoast.com\/product\/yoast-seo-wordpress\/ -->\n<title>Sabia que seu nome tem poder? E a Psicogenealogia pode te explicar isso! &#8902; Blog da Condessa<\/title>\n<meta name=\"robots\" content=\"index, follow, max-snippet:-1, max-image-preview:large, max-video-preview:-1\" \/>\n<link rel=\"canonical\" href=\"https:\/\/blogdacondessa.com.br\/blog\/artigos\/sabia-que-seu-nome-tem-poder-e-a-psicogenealogia-pode-te-explicar-isso\/\" \/>\n<meta property=\"og:locale\" content=\"pt_BR\" \/>\n<meta property=\"og:type\" content=\"article\" \/>\n<meta property=\"og:title\" content=\"Sabia que seu nome tem poder? E a Psicogenealogia pode te explicar isso! &#8902; Blog da Condessa\" \/>\n<meta property=\"og:description\" content=\"N\u00e3o recebemos nosso nome por acaso! Cada letra \u00e9 como um c\u00f3digo. O mundo foi criado pela palavra. O idioma de cria\u00e7\u00e3o do mundo \u00e9 o Hebraico. S\u00e3o letras com uma frequ\u00eancia vibrat\u00f3ria elevada. O alfabeto hebraico \u00e9 um dos aportes da Psicogenealogia, para a decodifica\u00e7\u00e3o de nomes. Ter um nome \u00e9 ter um sentido. [&hellip;]\" \/>\n<meta property=\"og:url\" content=\"https:\/\/blogdacondessa.com.br\/blog\/artigos\/sabia-que-seu-nome-tem-poder-e-a-psicogenealogia-pode-te-explicar-isso\/\" \/>\n<meta property=\"og:site_name\" content=\"Blog da Condessa\" \/>\n<meta property=\"article:published_time\" content=\"2024-07-09T22:53:39+00:00\" \/>\n<meta property=\"article:modified_time\" content=\"2024-07-10T13:50:46+00:00\" \/>\n<meta property=\"og:image\" content=\"https:\/\/blogdacondessa.com.br\/blog\/wp-content\/uploads\/2024\/07\/CRIS-1.jpg\" \/>\n\t<meta property=\"og:image:width\" content=\"780\" \/>\n\t<meta property=\"og:image:height\" content=\"1052\" \/>\n\t<meta property=\"og:image:type\" content=\"image\/jpeg\" \/>\n<meta name=\"author\" content=\"Blog da Condessa\" \/>\n<meta name=\"twitter:card\" content=\"summary_large_image\" \/>\n<meta name=\"twitter:label1\" content=\"Escrito por\" \/>\n\t<meta name=\"twitter:data1\" content=\"Blog da Condessa\" \/>\n\t<meta name=\"twitter:label2\" content=\"Est. tempo de leitura\" \/>\n\t<meta name=\"twitter:data2\" content=\"5 minutos\" \/>\n<script type=\"application\/ld+json\" class=\"yoast-schema-graph\">{\"@context\":\"https:\\\/\\\/schema.org\",\"@graph\":[{\"@type\":\"Article\",\"@id\":\"https:\\\/\\\/blogdacondessa.com.br\\\/blog\\\/artigos\\\/sabia-que-seu-nome-tem-poder-e-a-psicogenealogia-pode-te-explicar-isso\\\/#article\",\"isPartOf\":{\"@id\":\"https:\\\/\\\/blogdacondessa.com.br\\\/blog\\\/artigos\\\/sabia-que-seu-nome-tem-poder-e-a-psicogenealogia-pode-te-explicar-isso\\\/\"},\"author\":{\"name\":\"Blog da Condessa\",\"@id\":\"https:\\\/\\\/blogdacondessa.com.br\\\/blog\\\/#\\\/schema\\\/person\\\/1d667ff8b785195b568677489d266035\"},\"headline\":\"Sabia que seu nome tem poder? E a Psicogenealogia pode te explicar isso!\",\"datePublished\":\"2024-07-09T22:53:39+00:00\",\"dateModified\":\"2024-07-10T13:50:46+00:00\",\"mainEntityOfPage\":{\"@id\":\"https:\\\/\\\/blogdacondessa.com.br\\\/blog\\\/artigos\\\/sabia-que-seu-nome-tem-poder-e-a-psicogenealogia-pode-te-explicar-isso\\\/\"},\"wordCount\":929,\"image\":{\"@id\":\"https:\\\/\\\/blogdacondessa.com.br\\\/blog\\\/artigos\\\/sabia-que-seu-nome-tem-poder-e-a-psicogenealogia-pode-te-explicar-isso\\\/#primaryimage\"},\"thumbnailUrl\":\"https:\\\/\\\/blogdacondessa.com.br\\\/blog\\\/wp-content\\\/uploads\\\/2024\\\/07\\\/CRIS-1.jpg\",\"articleSection\":[\"Artigos\"],\"inLanguage\":\"pt-BR\"},{\"@type\":\"WebPage\",\"@id\":\"https:\\\/\\\/blogdacondessa.com.br\\\/blog\\\/artigos\\\/sabia-que-seu-nome-tem-poder-e-a-psicogenealogia-pode-te-explicar-isso\\\/\",\"url\":\"https:\\\/\\\/blogdacondessa.com.br\\\/blog\\\/artigos\\\/sabia-que-seu-nome-tem-poder-e-a-psicogenealogia-pode-te-explicar-isso\\\/\",\"name\":\"Sabia que seu nome tem poder? E a Psicogenealogia pode te explicar isso! &#8902; Blog da Condessa\",\"isPartOf\":{\"@id\":\"https:\\\/\\\/blogdacondessa.com.br\\\/blog\\\/#website\"},\"primaryImageOfPage\":{\"@id\":\"https:\\\/\\\/blogdacondessa.com.br\\\/blog\\\/artigos\\\/sabia-que-seu-nome-tem-poder-e-a-psicogenealogia-pode-te-explicar-isso\\\/#primaryimage\"},\"image\":{\"@id\":\"https:\\\/\\\/blogdacondessa.com.br\\\/blog\\\/artigos\\\/sabia-que-seu-nome-tem-poder-e-a-psicogenealogia-pode-te-explicar-isso\\\/#primaryimage\"},\"thumbnailUrl\":\"https:\\\/\\\/blogdacondessa.com.br\\\/blog\\\/wp-content\\\/uploads\\\/2024\\\/07\\\/CRIS-1.jpg\",\"datePublished\":\"2024-07-09T22:53:39+00:00\",\"dateModified\":\"2024-07-10T13:50:46+00:00\",\"author\":{\"@id\":\"https:\\\/\\\/blogdacondessa.com.br\\\/blog\\\/#\\\/schema\\\/person\\\/1d667ff8b785195b568677489d266035\"},\"breadcrumb\":{\"@id\":\"https:\\\/\\\/blogdacondessa.com.br\\\/blog\\\/artigos\\\/sabia-que-seu-nome-tem-poder-e-a-psicogenealogia-pode-te-explicar-isso\\\/#breadcrumb\"},\"inLanguage\":\"pt-BR\",\"potentialAction\":[{\"@type\":\"ReadAction\",\"target\":[\"https:\\\/\\\/blogdacondessa.com.br\\\/blog\\\/artigos\\\/sabia-que-seu-nome-tem-poder-e-a-psicogenealogia-pode-te-explicar-isso\\\/\"]}]},{\"@type\":\"ImageObject\",\"inLanguage\":\"pt-BR\",\"@id\":\"https:\\\/\\\/blogdacondessa.com.br\\\/blog\\\/artigos\\\/sabia-que-seu-nome-tem-poder-e-a-psicogenealogia-pode-te-explicar-isso\\\/#primaryimage\",\"url\":\"https:\\\/\\\/blogdacondessa.com.br\\\/blog\\\/wp-content\\\/uploads\\\/2024\\\/07\\\/CRIS-1.jpg\",\"contentUrl\":\"https:\\\/\\\/blogdacondessa.com.br\\\/blog\\\/wp-content\\\/uploads\\\/2024\\\/07\\\/CRIS-1.jpg\",\"width\":780,\"height\":1052},{\"@type\":\"BreadcrumbList\",\"@id\":\"https:\\\/\\\/blogdacondessa.com.br\\\/blog\\\/artigos\\\/sabia-que-seu-nome-tem-poder-e-a-psicogenealogia-pode-te-explicar-isso\\\/#breadcrumb\",\"itemListElement\":[{\"@type\":\"ListItem\",\"position\":1,\"name\":\"In\u00edcio\",\"item\":\"https:\\\/\\\/blogdacondessa.com.br\\\/blog\\\/\"},{\"@type\":\"ListItem\",\"position\":2,\"name\":\"Sabia que seu nome tem poder? E a Psicogenealogia pode te explicar isso!\"}]},{\"@type\":\"WebSite\",\"@id\":\"https:\\\/\\\/blogdacondessa.com.br\\\/blog\\\/#website\",\"url\":\"https:\\\/\\\/blogdacondessa.com.br\\\/blog\\\/\",\"name\":\"Blog da Condessa\",\"description\":\"Com Shirley de Souza O\u2019Campos\",\"potentialAction\":[{\"@type\":\"SearchAction\",\"target\":{\"@type\":\"EntryPoint\",\"urlTemplate\":\"https:\\\/\\\/blogdacondessa.com.br\\\/blog\\\/?s={search_term_string}\"},\"query-input\":{\"@type\":\"PropertyValueSpecification\",\"valueRequired\":true,\"valueName\":\"search_term_string\"}}],\"inLanguage\":\"pt-BR\"},{\"@type\":\"Person\",\"@id\":\"https:\\\/\\\/blogdacondessa.com.br\\\/blog\\\/#\\\/schema\\\/person\\\/1d667ff8b785195b568677489d266035\",\"name\":\"Blog da Condessa\",\"image\":{\"@type\":\"ImageObject\",\"inLanguage\":\"pt-BR\",\"@id\":\"https:\\\/\\\/secure.gravatar.com\\\/avatar\\\/377c0eb8b4ad2bfc25461b41564b5971e721ca34a57642868fc7b0c8ac7b52c5?s=96&d=mm&r=g\",\"url\":\"https:\\\/\\\/secure.gravatar.com\\\/avatar\\\/377c0eb8b4ad2bfc25461b41564b5971e721ca34a57642868fc7b0c8ac7b52c5?s=96&d=mm&r=g\",\"contentUrl\":\"https:\\\/\\\/secure.gravatar.com\\\/avatar\\\/377c0eb8b4ad2bfc25461b41564b5971e721ca34a57642868fc7b0c8ac7b52c5?s=96&d=mm&r=g\",\"caption\":\"Blog da Condessa\"},\"url\":\"https:\\\/\\\/blogdacondessa.com.br\\\/blog\\\/author\\\/beatriz\\\/\"}]}<\/script>\n<!-- \/ Yoast SEO plugin. -->","yoast_head_json":{"title":"Sabia que seu nome tem poder? E a Psicogenealogia pode te explicar isso! &#8902; Blog da Condessa","robots":{"index":"index","follow":"follow","max-snippet":"max-snippet:-1","max-image-preview":"max-image-preview:large","max-video-preview":"max-video-preview:-1"},"canonical":"https:\/\/blogdacondessa.com.br\/blog\/artigos\/sabia-que-seu-nome-tem-poder-e-a-psicogenealogia-pode-te-explicar-isso\/","og_locale":"pt_BR","og_type":"article","og_title":"Sabia que seu nome tem poder? E a Psicogenealogia pode te explicar isso! &#8902; Blog da Condessa","og_description":"N\u00e3o recebemos nosso nome por acaso! Cada letra \u00e9 como um c\u00f3digo. O mundo foi criado pela palavra. O idioma de cria\u00e7\u00e3o do mundo \u00e9 o Hebraico. S\u00e3o letras com uma frequ\u00eancia vibrat\u00f3ria elevada. O alfabeto hebraico \u00e9 um dos aportes da Psicogenealogia, para a decodifica\u00e7\u00e3o de nomes. Ter um nome \u00e9 ter um sentido. [&hellip;]","og_url":"https:\/\/blogdacondessa.com.br\/blog\/artigos\/sabia-que-seu-nome-tem-poder-e-a-psicogenealogia-pode-te-explicar-isso\/","og_site_name":"Blog da Condessa","article_published_time":"2024-07-09T22:53:39+00:00","article_modified_time":"2024-07-10T13:50:46+00:00","og_image":[{"width":780,"height":1052,"url":"https:\/\/blogdacondessa.com.br\/blog\/wp-content\/uploads\/2024\/07\/CRIS-1.jpg","type":"image\/jpeg"}],"author":"Blog da Condessa","twitter_card":"summary_large_image","twitter_misc":{"Escrito por":"Blog da Condessa","Est. tempo de leitura":"5 minutos"},"schema":{"@context":"https:\/\/schema.org","@graph":[{"@type":"Article","@id":"https:\/\/blogdacondessa.com.br\/blog\/artigos\/sabia-que-seu-nome-tem-poder-e-a-psicogenealogia-pode-te-explicar-isso\/#article","isPartOf":{"@id":"https:\/\/blogdacondessa.com.br\/blog\/artigos\/sabia-que-seu-nome-tem-poder-e-a-psicogenealogia-pode-te-explicar-isso\/"},"author":{"name":"Blog da Condessa","@id":"https:\/\/blogdacondessa.com.br\/blog\/#\/schema\/person\/1d667ff8b785195b568677489d266035"},"headline":"Sabia que seu nome tem poder? E a Psicogenealogia pode te explicar isso!","datePublished":"2024-07-09T22:53:39+00:00","dateModified":"2024-07-10T13:50:46+00:00","mainEntityOfPage":{"@id":"https:\/\/blogdacondessa.com.br\/blog\/artigos\/sabia-que-seu-nome-tem-poder-e-a-psicogenealogia-pode-te-explicar-isso\/"},"wordCount":929,"image":{"@id":"https:\/\/blogdacondessa.com.br\/blog\/artigos\/sabia-que-seu-nome-tem-poder-e-a-psicogenealogia-pode-te-explicar-isso\/#primaryimage"},"thumbnailUrl":"https:\/\/blogdacondessa.com.br\/blog\/wp-content\/uploads\/2024\/07\/CRIS-1.jpg","articleSection":["Artigos"],"inLanguage":"pt-BR"},{"@type":"WebPage","@id":"https:\/\/blogdacondessa.com.br\/blog\/artigos\/sabia-que-seu-nome-tem-poder-e-a-psicogenealogia-pode-te-explicar-isso\/","url":"https:\/\/blogdacondessa.com.br\/blog\/artigos\/sabia-que-seu-nome-tem-poder-e-a-psicogenealogia-pode-te-explicar-isso\/","name":"Sabia que seu nome tem poder? E a Psicogenealogia pode te explicar isso! &#8902; Blog da Condessa","isPartOf":{"@id":"https:\/\/blogdacondessa.com.br\/blog\/#website"},"primaryImageOfPage":{"@id":"https:\/\/blogdacondessa.com.br\/blog\/artigos\/sabia-que-seu-nome-tem-poder-e-a-psicogenealogia-pode-te-explicar-isso\/#primaryimage"},"image":{"@id":"https:\/\/blogdacondessa.com.br\/blog\/artigos\/sabia-que-seu-nome-tem-poder-e-a-psicogenealogia-pode-te-explicar-isso\/#primaryimage"},"thumbnailUrl":"https:\/\/blogdacondessa.com.br\/blog\/wp-content\/uploads\/2024\/07\/CRIS-1.jpg","datePublished":"2024-07-09T22:53:39+00:00","dateModified":"2024-07-10T13:50:46+00:00","author":{"@id":"https:\/\/blogdacondessa.com.br\/blog\/#\/schema\/person\/1d667ff8b785195b568677489d266035"},"breadcrumb":{"@id":"https:\/\/blogdacondessa.com.br\/blog\/artigos\/sabia-que-seu-nome-tem-poder-e-a-psicogenealogia-pode-te-explicar-isso\/#breadcrumb"},"inLanguage":"pt-BR","potentialAction":[{"@type":"ReadAction","target":["https:\/\/blogdacondessa.com.br\/blog\/artigos\/sabia-que-seu-nome-tem-poder-e-a-psicogenealogia-pode-te-explicar-isso\/"]}]},{"@type":"ImageObject","inLanguage":"pt-BR","@id":"https:\/\/blogdacondessa.com.br\/blog\/artigos\/sabia-que-seu-nome-tem-poder-e-a-psicogenealogia-pode-te-explicar-isso\/#primaryimage","url":"https:\/\/blogdacondessa.com.br\/blog\/wp-content\/uploads\/2024\/07\/CRIS-1.jpg","contentUrl":"https:\/\/blogdacondessa.com.br\/blog\/wp-content\/uploads\/2024\/07\/CRIS-1.jpg","width":780,"height":1052},{"@type":"BreadcrumbList","@id":"https:\/\/blogdacondessa.com.br\/blog\/artigos\/sabia-que-seu-nome-tem-poder-e-a-psicogenealogia-pode-te-explicar-isso\/#breadcrumb","itemListElement":[{"@type":"ListItem","position":1,"name":"In\u00edcio","item":"https:\/\/blogdacondessa.com.br\/blog\/"},{"@type":"ListItem","position":2,"name":"Sabia que seu nome tem poder? E a Psicogenealogia pode te explicar isso!"}]},{"@type":"WebSite","@id":"https:\/\/blogdacondessa.com.br\/blog\/#website","url":"https:\/\/blogdacondessa.com.br\/blog\/","name":"Blog da Condessa","description":"Com Shirley de Souza O\u2019Campos","potentialAction":[{"@type":"SearchAction","target":{"@type":"EntryPoint","urlTemplate":"https:\/\/blogdacondessa.com.br\/blog\/?s={search_term_string}"},"query-input":{"@type":"PropertyValueSpecification","valueRequired":true,"valueName":"search_term_string"}}],"inLanguage":"pt-BR"},{"@type":"Person","@id":"https:\/\/blogdacondessa.com.br\/blog\/#\/schema\/person\/1d667ff8b785195b568677489d266035","name":"Blog da Condessa","image":{"@type":"ImageObject","inLanguage":"pt-BR","@id":"https:\/\/secure.gravatar.com\/avatar\/377c0eb8b4ad2bfc25461b41564b5971e721ca34a57642868fc7b0c8ac7b52c5?s=96&d=mm&r=g","url":"https:\/\/secure.gravatar.com\/avatar\/377c0eb8b4ad2bfc25461b41564b5971e721ca34a57642868fc7b0c8ac7b52c5?s=96&d=mm&r=g","contentUrl":"https:\/\/secure.gravatar.com\/avatar\/377c0eb8b4ad2bfc25461b41564b5971e721ca34a57642868fc7b0c8ac7b52c5?s=96&d=mm&r=g","caption":"Blog da Condessa"},"url":"https:\/\/blogdacondessa.com.br\/blog\/author\/beatriz\/"}]}},"_links":{"self":[{"href":"https:\/\/blogdacondessa.com.br\/blog\/wp-json\/wp\/v2\/posts\/9934","targetHints":{"allow":["GET"]}}],"collection":[{"href":"https:\/\/blogdacondessa.com.br\/blog\/wp-json\/wp\/v2\/posts"}],"about":[{"href":"https:\/\/blogdacondessa.com.br\/blog\/wp-json\/wp\/v2\/types\/post"}],"author":[{"embeddable":true,"href":"https:\/\/blogdacondessa.com.br\/blog\/wp-json\/wp\/v2\/users\/2"}],"replies":[{"embeddable":true,"href":"https:\/\/blogdacondessa.com.br\/blog\/wp-json\/wp\/v2\/comments?post=9934"}],"version-history":[{"count":0,"href":"https:\/\/blogdacondessa.com.br\/blog\/wp-json\/wp\/v2\/posts\/9934\/revisions"}],"wp:featuredmedia":[{"embeddable":true,"href":"https:\/\/blogdacondessa.com.br\/blog\/wp-json\/wp\/v2\/media\/9961"}],"wp:attachment":[{"href":"https:\/\/blogdacondessa.com.br\/blog\/wp-json\/wp\/v2\/media?parent=9934"}],"wp:term":[{"taxonomy":"category","embeddable":true,"href":"https:\/\/blogdacondessa.com.br\/blog\/wp-json\/wp\/v2\/categories?post=9934"},{"taxonomy":"post_tag","embeddable":true,"href":"https:\/\/blogdacondessa.com.br\/blog\/wp-json\/wp\/v2\/tags?post=9934"}],"curies":[{"name":"wp","href":"https:\/\/api.w.org\/{rel}","templated":true}]}}