{"id":9919,"date":"2024-07-04T05:00:25","date_gmt":"2024-07-04T09:00:25","guid":{"rendered":"https:\/\/blogdacondessa.com.br\/blog\/?p=9919"},"modified":"2024-07-03T09:38:07","modified_gmt":"2024-07-03T13:38:07","slug":"senador-considera-o-projeto-rotas-da-integracao-sul-fundamental-para-o-futuro-do-brasil","status":"publish","type":"post","link":"https:\/\/blogdacondessa.com.br\/blog\/cidades-2\/senador-considera-o-projeto-rotas-da-integracao-sul-fundamental-para-o-futuro-do-brasil\/","title":{"rendered":"Senador considera o projeto \u201cRotas da Integra\u00e7\u00e3o Sul-fundamental para o futuro do Brasil"},"content":{"rendered":"<p>Senador por Mato Grosso, ex-governador e ex-prefeito, ele sustenta necessidade de avan\u00e7ar nos projetos de ferrovias e conclus\u00e3o da BR-158, no Araguaia. Em aula sobre o PAC, Jayme Campos pede fim de debate ideol\u00f3gico: \u201cAtrapalha o Brasil\u201d.<br \/>\nUm debate na Comiss\u00e3o de Infraestrutura (CI) do Senado, na ter\u00e7a-feira, 2, com a presen\u00e7a da ministra do Planejamento Simone Tebet, para discutir o Programa de Acelera\u00e7\u00e3o do Crescimento (PAC), levou o senador Jayme Campos (Uni\u00e3o-MT) a um forte apelo: pediu o fim do debate de cunho ideol\u00f3gico. Segundo ele, \u201cesse tipo de discuss\u00e3o tem atrapalhado em muito\u201d o desenvolvimento do Brasil.<br \/>\nNa audi\u00eancia p\u00fablica, a ministra apresentou, dentre outros assuntos, o projeto denominado \u201cRotas da Integra\u00e7\u00e3o Sul-Americana\u201d, planejada com a finalidade de permitir que o Brasil possa aumentar o com\u00e9rcio com pa\u00edses vizinhos por meio de rotas mais curtas e logisticamente menos custosas, diante da for\u00e7a das exporta\u00e7\u00f5es e importa\u00e7\u00f5es do pa\u00eds com a \u00c1sia. A ideia, com isso, \u00e9 enfrentar as desigualdades regionais que persistem no Brasil.<br \/>\nEx-governador de Mato Grosso, Jayme Campos classificou o projeto como \u2018arrojado\u2019 e fundamental para o futuro do Brasil. Ele lembrou que a preocupa\u00e7\u00e3o com a integra\u00e7\u00e3o sul-americana vem desde os anos de 1990, quando chefiou o Pal\u00e1cio Paiagu\u00e1s. Na \u00e9poca, esteve no Porto de Iquique, no Chile, avaliando os projetos de exporta\u00e7\u00e3o. Por isso, considera os projetos dessa natureza como sendo pr\u00f3prio de quem assimila uma \u2018vis\u00e3o de futuro\u2019 para o pa\u00eds.<br \/>\nCampos ressaltou que um dos maiores problemas do pa\u00eds consiste exatamente na falta de planejamento. \u201cEntra governo, quatro anos depois muda; aquilo que estava em andamento paralisa e vai ter outro foco e assim traz, com certeza, preju\u00edzos danosos \u00e0 sociedade brasileira e ao estado brasileiro\u201d, enfatizou. Na sua avalia\u00e7\u00e3o, essa situa\u00e7\u00e3o ocorre pelo extremismo ideol\u00f3gicos.<br \/>\n\u201cTemos que superar e pensar no futuro do nosso pa\u00eds, sobretudo, das nossas futuras gera\u00e7\u00f5es\u201d, disse. Para ele, a continuar como est\u00e1 hoje, o Brasil seguir\u00e1 no que chamou de \u2018cabo de for\u00e7a\u2019 considerado \u201cdanoso\u201d e que \u201ctraz s\u00e9rios preju\u00edzos ao Brasil para a sociedade\u201d.<br \/>\nA supera\u00e7\u00e3o do momento pol\u00edtico, conforme o senador, reflete, inclusive, no pr\u00f3prio andamento dos projetos apresentados pelo Minist\u00e9rio do Planejamento, j\u00e1 que envolve aprova\u00e7\u00e3o de projetos de lei, melhoria da seguran\u00e7a jur\u00eddica e do ambiente do Estado brasileiro para atrair os investimentos. \u201cQuando se fala de R$ 1,7 trilh\u00e3o, n\u00e3o \u00e9 dinheiro do Governo Federal\u201d, salientou, ao destacar que a Uni\u00e3o planeja investir desse total apenas R$ 210 bilh\u00f5es em tr\u00eas anos.<br \/>\n\u201cVamos torcer para melhorar a economia, com isso, melhorar a receita e, por conseguinte, ter mais recursos para investimentos nas obras, estabelecer prioridades e n\u00e3o fazer politicagem\u201d.<br \/>\nFerrovias \u2013 Jayme Campos tamb\u00e9m endossou as reivindica\u00e7\u00f5es das senadoras Margareth Buzetti (PSD-MT) e Rosana Martinelli (PL-MT) sobre a Ferrogr\u00e3o, que, segundo ele, \u201ctodo mundo est\u00e1 careca de saber\u201d de sua import\u00e2ncia. Ele enfatizou que a implanta\u00e7\u00e3o desse empreendimento significa \u201ca realiza\u00e7\u00e3o de um sonho\u201d dos mato-grossenses e do setor produtivo. Apesar da boa vontade, no entanto, o projeto se encontra \u2018travado\u2019 no Supremo Tribunal Federal (STF) por conta de uma a\u00e7\u00e3o judicial que envolve o Parque Nacional do Jamanxim (PA).<br \/>\nAo encontro da proposta de integra\u00e7\u00e3o, Jayme tamb\u00e9m cobrou agilidade na consolida\u00e7\u00e3o da BR-158, no Vale do Araguaia, que, segundo ele, representa uma d\u00edvida hist\u00f3rica do Governo Federal com Mato Grosso desde a \u00e9poca da divis\u00e3o do Estado, ocorrida em 1977. Quest\u00f5es de ordem burocr\u00e1ticas, no que diz respeito as licen\u00e7as ambientais e de componentes ind\u00edgenas dificultam a consolida\u00e7\u00e3o dessa rodovia.<br \/>\nPor outo lado, Jayme Campos lamentou o fato de hidrel\u00e9tricas terem sido autorizadas a se instalar ao longo dos rios Juruena e Teles Pires sem eclusas que poderiam permitir o avan\u00e7o hidrovi\u00e1rio e mais um modal de escoamento da potente safra de Mato Grosso que \u00e9 impedida de crescer pela falta de bom senso e planejamento necess\u00e1rio. \u201cFoi um esc\u00e1rnio aquilo\u201d, disse.<\/p>\n","protected":false},"excerpt":{"rendered":"<p>Senador por Mato Grosso, ex-governador e ex-prefeito, ele sustenta necessidade de avan\u00e7ar nos projetos de ferrovias e conclus\u00e3o da BR-158, no Araguaia. Em aula sobre o PAC, Jayme Campos pede fim de debate ideol\u00f3gico: \u201cAtrapalha o Brasil\u201d. Um debate na Comiss\u00e3o de Infraestrutura (CI) do Senado, na ter\u00e7a-feira, 2, com a presen\u00e7a da ministra do [&hellip;]<\/p>\n","protected":false},"author":2,"featured_media":9920,"comment_status":"closed","ping_status":"closed","sticky":false,"template":"","format":"standard","meta":{"iawp_total_views":5,"footnotes":""},"categories":[15],"tags":[],"class_list":["post-9919","post","type-post","status-publish","format-standard","has-post-thumbnail","hentry","category-cidades-2"],"yoast_head":"<!-- This site is optimized with the Yoast SEO plugin v27.3 - https:\/\/yoast.com\/product\/yoast-seo-wordpress\/ -->\n<title>Senador considera o projeto \u201cRotas da Integra\u00e7\u00e3o Sul-fundamental para o futuro do Brasil &#8902; Blog da Condessa<\/title>\n<meta name=\"robots\" content=\"index, follow, max-snippet:-1, max-image-preview:large, max-video-preview:-1\" \/>\n<link rel=\"canonical\" href=\"https:\/\/blogdacondessa.com.br\/blog\/cidades-2\/senador-considera-o-projeto-rotas-da-integracao-sul-fundamental-para-o-futuro-do-brasil\/\" \/>\n<meta property=\"og:locale\" content=\"pt_BR\" \/>\n<meta property=\"og:type\" content=\"article\" \/>\n<meta property=\"og:title\" content=\"Senador considera o projeto \u201cRotas da Integra\u00e7\u00e3o Sul-fundamental para o futuro do Brasil &#8902; Blog da Condessa\" \/>\n<meta property=\"og:description\" content=\"Senador por Mato Grosso, ex-governador e ex-prefeito, ele sustenta necessidade de avan\u00e7ar nos projetos de ferrovias e conclus\u00e3o da BR-158, no Araguaia. Em aula sobre o PAC, Jayme Campos pede fim de debate ideol\u00f3gico: \u201cAtrapalha o Brasil\u201d. Um debate na Comiss\u00e3o de Infraestrutura (CI) do Senado, na ter\u00e7a-feira, 2, com a presen\u00e7a da ministra do [&hellip;]\" \/>\n<meta property=\"og:url\" content=\"https:\/\/blogdacondessa.com.br\/blog\/cidades-2\/senador-considera-o-projeto-rotas-da-integracao-sul-fundamental-para-o-futuro-do-brasil\/\" \/>\n<meta property=\"og:site_name\" content=\"Blog da Condessa\" \/>\n<meta property=\"article:published_time\" content=\"2024-07-04T09:00:25+00:00\" \/>\n<meta property=\"og:image\" content=\"https:\/\/blogdacondessa.com.br\/blog\/wp-content\/uploads\/2024\/07\/JAYME-CAMPOS-1.jpg\" \/>\n\t<meta property=\"og:image:width\" content=\"1600\" \/>\n\t<meta property=\"og:image:height\" content=\"1066\" \/>\n\t<meta property=\"og:image:type\" content=\"image\/jpeg\" \/>\n<meta name=\"author\" content=\"Blog da Condessa\" \/>\n<meta name=\"twitter:card\" content=\"summary_large_image\" \/>\n<meta name=\"twitter:label1\" content=\"Escrito por\" \/>\n\t<meta name=\"twitter:data1\" content=\"Blog da Condessa\" \/>\n\t<meta name=\"twitter:label2\" content=\"Est. tempo de leitura\" \/>\n\t<meta name=\"twitter:data2\" content=\"4 minutos\" \/>\n<script type=\"application\/ld+json\" class=\"yoast-schema-graph\">{\"@context\":\"https:\\\/\\\/schema.org\",\"@graph\":[{\"@type\":\"Article\",\"@id\":\"https:\\\/\\\/blogdacondessa.com.br\\\/blog\\\/cidades-2\\\/senador-considera-o-projeto-rotas-da-integracao-sul-fundamental-para-o-futuro-do-brasil\\\/#article\",\"isPartOf\":{\"@id\":\"https:\\\/\\\/blogdacondessa.com.br\\\/blog\\\/cidades-2\\\/senador-considera-o-projeto-rotas-da-integracao-sul-fundamental-para-o-futuro-do-brasil\\\/\"},\"author\":{\"name\":\"Blog da Condessa\",\"@id\":\"https:\\\/\\\/blogdacondessa.com.br\\\/blog\\\/#\\\/schema\\\/person\\\/1d667ff8b785195b568677489d266035\"},\"headline\":\"Senador considera o projeto \u201cRotas da Integra\u00e7\u00e3o Sul-fundamental para o futuro do Brasil\",\"datePublished\":\"2024-07-04T09:00:25+00:00\",\"mainEntityOfPage\":{\"@id\":\"https:\\\/\\\/blogdacondessa.com.br\\\/blog\\\/cidades-2\\\/senador-considera-o-projeto-rotas-da-integracao-sul-fundamental-para-o-futuro-do-brasil\\\/\"},\"wordCount\":719,\"image\":{\"@id\":\"https:\\\/\\\/blogdacondessa.com.br\\\/blog\\\/cidades-2\\\/senador-considera-o-projeto-rotas-da-integracao-sul-fundamental-para-o-futuro-do-brasil\\\/#primaryimage\"},\"thumbnailUrl\":\"https:\\\/\\\/blogdacondessa.com.br\\\/blog\\\/wp-content\\\/uploads\\\/2024\\\/07\\\/JAYME-CAMPOS-1.jpg\",\"articleSection\":[\"Nacional\"],\"inLanguage\":\"pt-BR\"},{\"@type\":\"WebPage\",\"@id\":\"https:\\\/\\\/blogdacondessa.com.br\\\/blog\\\/cidades-2\\\/senador-considera-o-projeto-rotas-da-integracao-sul-fundamental-para-o-futuro-do-brasil\\\/\",\"url\":\"https:\\\/\\\/blogdacondessa.com.br\\\/blog\\\/cidades-2\\\/senador-considera-o-projeto-rotas-da-integracao-sul-fundamental-para-o-futuro-do-brasil\\\/\",\"name\":\"Senador considera o projeto \u201cRotas da Integra\u00e7\u00e3o Sul-fundamental para o futuro do Brasil &#8902; Blog da Condessa\",\"isPartOf\":{\"@id\":\"https:\\\/\\\/blogdacondessa.com.br\\\/blog\\\/#website\"},\"primaryImageOfPage\":{\"@id\":\"https:\\\/\\\/blogdacondessa.com.br\\\/blog\\\/cidades-2\\\/senador-considera-o-projeto-rotas-da-integracao-sul-fundamental-para-o-futuro-do-brasil\\\/#primaryimage\"},\"image\":{\"@id\":\"https:\\\/\\\/blogdacondessa.com.br\\\/blog\\\/cidades-2\\\/senador-considera-o-projeto-rotas-da-integracao-sul-fundamental-para-o-futuro-do-brasil\\\/#primaryimage\"},\"thumbnailUrl\":\"https:\\\/\\\/blogdacondessa.com.br\\\/blog\\\/wp-content\\\/uploads\\\/2024\\\/07\\\/JAYME-CAMPOS-1.jpg\",\"datePublished\":\"2024-07-04T09:00:25+00:00\",\"author\":{\"@id\":\"https:\\\/\\\/blogdacondessa.com.br\\\/blog\\\/#\\\/schema\\\/person\\\/1d667ff8b785195b568677489d266035\"},\"breadcrumb\":{\"@id\":\"https:\\\/\\\/blogdacondessa.com.br\\\/blog\\\/cidades-2\\\/senador-considera-o-projeto-rotas-da-integracao-sul-fundamental-para-o-futuro-do-brasil\\\/#breadcrumb\"},\"inLanguage\":\"pt-BR\",\"potentialAction\":[{\"@type\":\"ReadAction\",\"target\":[\"https:\\\/\\\/blogdacondessa.com.br\\\/blog\\\/cidades-2\\\/senador-considera-o-projeto-rotas-da-integracao-sul-fundamental-para-o-futuro-do-brasil\\\/\"]}]},{\"@type\":\"ImageObject\",\"inLanguage\":\"pt-BR\",\"@id\":\"https:\\\/\\\/blogdacondessa.com.br\\\/blog\\\/cidades-2\\\/senador-considera-o-projeto-rotas-da-integracao-sul-fundamental-para-o-futuro-do-brasil\\\/#primaryimage\",\"url\":\"https:\\\/\\\/blogdacondessa.com.br\\\/blog\\\/wp-content\\\/uploads\\\/2024\\\/07\\\/JAYME-CAMPOS-1.jpg\",\"contentUrl\":\"https:\\\/\\\/blogdacondessa.com.br\\\/blog\\\/wp-content\\\/uploads\\\/2024\\\/07\\\/JAYME-CAMPOS-1.jpg\",\"width\":1600,\"height\":1066},{\"@type\":\"BreadcrumbList\",\"@id\":\"https:\\\/\\\/blogdacondessa.com.br\\\/blog\\\/cidades-2\\\/senador-considera-o-projeto-rotas-da-integracao-sul-fundamental-para-o-futuro-do-brasil\\\/#breadcrumb\",\"itemListElement\":[{\"@type\":\"ListItem\",\"position\":1,\"name\":\"In\u00edcio\",\"item\":\"https:\\\/\\\/blogdacondessa.com.br\\\/blog\\\/\"},{\"@type\":\"ListItem\",\"position\":2,\"name\":\"Senador considera o projeto \u201cRotas da Integra\u00e7\u00e3o Sul-fundamental para o futuro do Brasil\"}]},{\"@type\":\"WebSite\",\"@id\":\"https:\\\/\\\/blogdacondessa.com.br\\\/blog\\\/#website\",\"url\":\"https:\\\/\\\/blogdacondessa.com.br\\\/blog\\\/\",\"name\":\"Blog da Condessa\",\"description\":\"Com Shirley de Souza O\u2019Campos\",\"potentialAction\":[{\"@type\":\"SearchAction\",\"target\":{\"@type\":\"EntryPoint\",\"urlTemplate\":\"https:\\\/\\\/blogdacondessa.com.br\\\/blog\\\/?s={search_term_string}\"},\"query-input\":{\"@type\":\"PropertyValueSpecification\",\"valueRequired\":true,\"valueName\":\"search_term_string\"}}],\"inLanguage\":\"pt-BR\"},{\"@type\":\"Person\",\"@id\":\"https:\\\/\\\/blogdacondessa.com.br\\\/blog\\\/#\\\/schema\\\/person\\\/1d667ff8b785195b568677489d266035\",\"name\":\"Blog da Condessa\",\"image\":{\"@type\":\"ImageObject\",\"inLanguage\":\"pt-BR\",\"@id\":\"https:\\\/\\\/secure.gravatar.com\\\/avatar\\\/377c0eb8b4ad2bfc25461b41564b5971e721ca34a57642868fc7b0c8ac7b52c5?s=96&d=mm&r=g\",\"url\":\"https:\\\/\\\/secure.gravatar.com\\\/avatar\\\/377c0eb8b4ad2bfc25461b41564b5971e721ca34a57642868fc7b0c8ac7b52c5?s=96&d=mm&r=g\",\"contentUrl\":\"https:\\\/\\\/secure.gravatar.com\\\/avatar\\\/377c0eb8b4ad2bfc25461b41564b5971e721ca34a57642868fc7b0c8ac7b52c5?s=96&d=mm&r=g\",\"caption\":\"Blog da Condessa\"},\"url\":\"https:\\\/\\\/blogdacondessa.com.br\\\/blog\\\/author\\\/beatriz\\\/\"}]}<\/script>\n<!-- \/ Yoast SEO plugin. -->","yoast_head_json":{"title":"Senador considera o projeto \u201cRotas da Integra\u00e7\u00e3o Sul-fundamental para o futuro do Brasil &#8902; Blog da Condessa","robots":{"index":"index","follow":"follow","max-snippet":"max-snippet:-1","max-image-preview":"max-image-preview:large","max-video-preview":"max-video-preview:-1"},"canonical":"https:\/\/blogdacondessa.com.br\/blog\/cidades-2\/senador-considera-o-projeto-rotas-da-integracao-sul-fundamental-para-o-futuro-do-brasil\/","og_locale":"pt_BR","og_type":"article","og_title":"Senador considera o projeto \u201cRotas da Integra\u00e7\u00e3o Sul-fundamental para o futuro do Brasil &#8902; Blog da Condessa","og_description":"Senador por Mato Grosso, ex-governador e ex-prefeito, ele sustenta necessidade de avan\u00e7ar nos projetos de ferrovias e conclus\u00e3o da BR-158, no Araguaia. Em aula sobre o PAC, Jayme Campos pede fim de debate ideol\u00f3gico: \u201cAtrapalha o Brasil\u201d. Um debate na Comiss\u00e3o de Infraestrutura (CI) do Senado, na ter\u00e7a-feira, 2, com a presen\u00e7a da ministra do [&hellip;]","og_url":"https:\/\/blogdacondessa.com.br\/blog\/cidades-2\/senador-considera-o-projeto-rotas-da-integracao-sul-fundamental-para-o-futuro-do-brasil\/","og_site_name":"Blog da Condessa","article_published_time":"2024-07-04T09:00:25+00:00","og_image":[{"width":1600,"height":1066,"url":"https:\/\/blogdacondessa.com.br\/blog\/wp-content\/uploads\/2024\/07\/JAYME-CAMPOS-1.jpg","type":"image\/jpeg"}],"author":"Blog da Condessa","twitter_card":"summary_large_image","twitter_misc":{"Escrito por":"Blog da Condessa","Est. tempo de leitura":"4 minutos"},"schema":{"@context":"https:\/\/schema.org","@graph":[{"@type":"Article","@id":"https:\/\/blogdacondessa.com.br\/blog\/cidades-2\/senador-considera-o-projeto-rotas-da-integracao-sul-fundamental-para-o-futuro-do-brasil\/#article","isPartOf":{"@id":"https:\/\/blogdacondessa.com.br\/blog\/cidades-2\/senador-considera-o-projeto-rotas-da-integracao-sul-fundamental-para-o-futuro-do-brasil\/"},"author":{"name":"Blog da Condessa","@id":"https:\/\/blogdacondessa.com.br\/blog\/#\/schema\/person\/1d667ff8b785195b568677489d266035"},"headline":"Senador considera o projeto \u201cRotas da Integra\u00e7\u00e3o Sul-fundamental para o futuro do Brasil","datePublished":"2024-07-04T09:00:25+00:00","mainEntityOfPage":{"@id":"https:\/\/blogdacondessa.com.br\/blog\/cidades-2\/senador-considera-o-projeto-rotas-da-integracao-sul-fundamental-para-o-futuro-do-brasil\/"},"wordCount":719,"image":{"@id":"https:\/\/blogdacondessa.com.br\/blog\/cidades-2\/senador-considera-o-projeto-rotas-da-integracao-sul-fundamental-para-o-futuro-do-brasil\/#primaryimage"},"thumbnailUrl":"https:\/\/blogdacondessa.com.br\/blog\/wp-content\/uploads\/2024\/07\/JAYME-CAMPOS-1.jpg","articleSection":["Nacional"],"inLanguage":"pt-BR"},{"@type":"WebPage","@id":"https:\/\/blogdacondessa.com.br\/blog\/cidades-2\/senador-considera-o-projeto-rotas-da-integracao-sul-fundamental-para-o-futuro-do-brasil\/","url":"https:\/\/blogdacondessa.com.br\/blog\/cidades-2\/senador-considera-o-projeto-rotas-da-integracao-sul-fundamental-para-o-futuro-do-brasil\/","name":"Senador considera o projeto \u201cRotas da Integra\u00e7\u00e3o Sul-fundamental para o futuro do Brasil &#8902; Blog da Condessa","isPartOf":{"@id":"https:\/\/blogdacondessa.com.br\/blog\/#website"},"primaryImageOfPage":{"@id":"https:\/\/blogdacondessa.com.br\/blog\/cidades-2\/senador-considera-o-projeto-rotas-da-integracao-sul-fundamental-para-o-futuro-do-brasil\/#primaryimage"},"image":{"@id":"https:\/\/blogdacondessa.com.br\/blog\/cidades-2\/senador-considera-o-projeto-rotas-da-integracao-sul-fundamental-para-o-futuro-do-brasil\/#primaryimage"},"thumbnailUrl":"https:\/\/blogdacondessa.com.br\/blog\/wp-content\/uploads\/2024\/07\/JAYME-CAMPOS-1.jpg","datePublished":"2024-07-04T09:00:25+00:00","author":{"@id":"https:\/\/blogdacondessa.com.br\/blog\/#\/schema\/person\/1d667ff8b785195b568677489d266035"},"breadcrumb":{"@id":"https:\/\/blogdacondessa.com.br\/blog\/cidades-2\/senador-considera-o-projeto-rotas-da-integracao-sul-fundamental-para-o-futuro-do-brasil\/#breadcrumb"},"inLanguage":"pt-BR","potentialAction":[{"@type":"ReadAction","target":["https:\/\/blogdacondessa.com.br\/blog\/cidades-2\/senador-considera-o-projeto-rotas-da-integracao-sul-fundamental-para-o-futuro-do-brasil\/"]}]},{"@type":"ImageObject","inLanguage":"pt-BR","@id":"https:\/\/blogdacondessa.com.br\/blog\/cidades-2\/senador-considera-o-projeto-rotas-da-integracao-sul-fundamental-para-o-futuro-do-brasil\/#primaryimage","url":"https:\/\/blogdacondessa.com.br\/blog\/wp-content\/uploads\/2024\/07\/JAYME-CAMPOS-1.jpg","contentUrl":"https:\/\/blogdacondessa.com.br\/blog\/wp-content\/uploads\/2024\/07\/JAYME-CAMPOS-1.jpg","width":1600,"height":1066},{"@type":"BreadcrumbList","@id":"https:\/\/blogdacondessa.com.br\/blog\/cidades-2\/senador-considera-o-projeto-rotas-da-integracao-sul-fundamental-para-o-futuro-do-brasil\/#breadcrumb","itemListElement":[{"@type":"ListItem","position":1,"name":"In\u00edcio","item":"https:\/\/blogdacondessa.com.br\/blog\/"},{"@type":"ListItem","position":2,"name":"Senador considera o projeto \u201cRotas da Integra\u00e7\u00e3o Sul-fundamental para o futuro do Brasil"}]},{"@type":"WebSite","@id":"https:\/\/blogdacondessa.com.br\/blog\/#website","url":"https:\/\/blogdacondessa.com.br\/blog\/","name":"Blog da Condessa","description":"Com Shirley de Souza O\u2019Campos","potentialAction":[{"@type":"SearchAction","target":{"@type":"EntryPoint","urlTemplate":"https:\/\/blogdacondessa.com.br\/blog\/?s={search_term_string}"},"query-input":{"@type":"PropertyValueSpecification","valueRequired":true,"valueName":"search_term_string"}}],"inLanguage":"pt-BR"},{"@type":"Person","@id":"https:\/\/blogdacondessa.com.br\/blog\/#\/schema\/person\/1d667ff8b785195b568677489d266035","name":"Blog da Condessa","image":{"@type":"ImageObject","inLanguage":"pt-BR","@id":"https:\/\/secure.gravatar.com\/avatar\/377c0eb8b4ad2bfc25461b41564b5971e721ca34a57642868fc7b0c8ac7b52c5?s=96&d=mm&r=g","url":"https:\/\/secure.gravatar.com\/avatar\/377c0eb8b4ad2bfc25461b41564b5971e721ca34a57642868fc7b0c8ac7b52c5?s=96&d=mm&r=g","contentUrl":"https:\/\/secure.gravatar.com\/avatar\/377c0eb8b4ad2bfc25461b41564b5971e721ca34a57642868fc7b0c8ac7b52c5?s=96&d=mm&r=g","caption":"Blog da Condessa"},"url":"https:\/\/blogdacondessa.com.br\/blog\/author\/beatriz\/"}]}},"_links":{"self":[{"href":"https:\/\/blogdacondessa.com.br\/blog\/wp-json\/wp\/v2\/posts\/9919","targetHints":{"allow":["GET"]}}],"collection":[{"href":"https:\/\/blogdacondessa.com.br\/blog\/wp-json\/wp\/v2\/posts"}],"about":[{"href":"https:\/\/blogdacondessa.com.br\/blog\/wp-json\/wp\/v2\/types\/post"}],"author":[{"embeddable":true,"href":"https:\/\/blogdacondessa.com.br\/blog\/wp-json\/wp\/v2\/users\/2"}],"replies":[{"embeddable":true,"href":"https:\/\/blogdacondessa.com.br\/blog\/wp-json\/wp\/v2\/comments?post=9919"}],"version-history":[{"count":0,"href":"https:\/\/blogdacondessa.com.br\/blog\/wp-json\/wp\/v2\/posts\/9919\/revisions"}],"wp:featuredmedia":[{"embeddable":true,"href":"https:\/\/blogdacondessa.com.br\/blog\/wp-json\/wp\/v2\/media\/9920"}],"wp:attachment":[{"href":"https:\/\/blogdacondessa.com.br\/blog\/wp-json\/wp\/v2\/media?parent=9919"}],"wp:term":[{"taxonomy":"category","embeddable":true,"href":"https:\/\/blogdacondessa.com.br\/blog\/wp-json\/wp\/v2\/categories?post=9919"},{"taxonomy":"post_tag","embeddable":true,"href":"https:\/\/blogdacondessa.com.br\/blog\/wp-json\/wp\/v2\/tags?post=9919"}],"curies":[{"name":"wp","href":"https:\/\/api.w.org\/{rel}","templated":true}]}}