{"id":9837,"date":"2024-06-20T05:00:14","date_gmt":"2024-06-20T09:00:14","guid":{"rendered":"https:\/\/blogdacondessa.com.br\/blog\/?p=9837"},"modified":"2024-06-19T21:01:51","modified_gmt":"2024-06-20T01:01:51","slug":"mt-registra-recorde-em-exportacoes-e-lidera-balanca-comercial-do-pais","status":"publish","type":"post","link":"https:\/\/blogdacondessa.com.br\/blog\/cidades-2\/mt-registra-recorde-em-exportacoes-e-lidera-balanca-comercial-do-pais\/","title":{"rendered":"MT registra recorde em exporta\u00e7\u00f5es e lidera balan\u00e7a comercial do pa\u00eds"},"content":{"rendered":"<p>Entre os produtos que tiveram aumento nas vendas para outros pa\u00edses est\u00e3o etanol, milho, madeira, algod\u00e3o e gr\u00e3os beneficiados.<br \/>\nMato Grosso atingiu marca hist\u00f3rica nas opera\u00e7\u00f5es comerciais com outros pa\u00edses e bateu recorde nas exporta\u00e7\u00f5es nos primeiros cinco meses deste ano. De janeiro a maio, foram comercializadas 26,73 milh\u00f5es de toneladas de produtos para compradores estrangeiros, incluindo min\u00e9rios, gr\u00e3os, madeiras, carnes e outros itens.<br \/>\nNesse per\u00edodo, o Estado tamb\u00e9m se manteve na lideran\u00e7a do ranking nacional de saldo da balan\u00e7a comercial com um super\u00e1vit de US$ 12,11 bilh\u00f5es (33,74% do total nacional) e de US$ 2,57 bilh\u00f5es apenas em maio (30,13% do total nacional), somando US$ 14 bilh\u00f5es.<br \/>\nAs exporta\u00e7\u00f5es representam 93,22% desse montante, enquanto as importa\u00e7\u00f5es totalizam 6,78%, o que justifica o super\u00e1vit no saldo comercial de Mato Grosso.<br \/>\n&#8220;Esses n\u00fameros ressaltam a for\u00e7a econ\u00f4mica de Mato Grosso e sua import\u00e2ncia no cen\u00e1rio nacional e internacional, destacando-se tanto em exporta\u00e7\u00f5es quanto em importa\u00e7\u00f5es, apesar das varia\u00e7\u00f5es de pre\u00e7o no mercado global&#8221;, avaliou o coordenador do Centro de Dados Econ\u00f4micos da Secretaria de Estado de Desenvolvimento Econ\u00f4mico (Sedec), Vinicius Hideki.<br \/>\nA ind\u00fastria extrativa do Estado destacou-se com os maiores valores de venda para maio em toda a s\u00e9rie hist\u00f3rica,. Foram mais de 5 mil toneladas comercializadas, totalizando aproximadamente US$ 5,9 milh\u00f5es. Este montante representa um aumento de 11,79% em rela\u00e7\u00e3o a maio de 2023. Os principais produtos foram min\u00e9rios de chumbo e cobre, farelos e outros res\u00edduos de tratamento de cereais. J\u00e1 os principais destinos dos produtos da ind\u00fastria extrativa de Mato Grosso foram China, Chile e Bol\u00edvia.<\/p>\n","protected":false},"excerpt":{"rendered":"<p>Entre os produtos que tiveram aumento nas vendas para outros pa\u00edses est\u00e3o etanol, milho, madeira, algod\u00e3o e gr\u00e3os beneficiados. Mato Grosso atingiu marca hist\u00f3rica nas opera\u00e7\u00f5es comerciais com outros pa\u00edses e bateu recorde nas exporta\u00e7\u00f5es nos primeiros cinco meses deste ano. De janeiro a maio, foram comercializadas 26,73 milh\u00f5es de toneladas de produtos para compradores [&hellip;]<\/p>\n","protected":false},"author":2,"featured_media":9838,"comment_status":"closed","ping_status":"closed","sticky":false,"template":"","format":"standard","meta":{"iawp_total_views":7,"footnotes":""},"categories":[15],"tags":[],"class_list":["post-9837","post","type-post","status-publish","format-standard","has-post-thumbnail","hentry","category-cidades-2"],"yoast_head":"<!-- This site is optimized with the Yoast SEO plugin v27.3 - https:\/\/yoast.com\/product\/yoast-seo-wordpress\/ -->\n<title>MT registra recorde em exporta\u00e7\u00f5es e lidera balan\u00e7a comercial do pa\u00eds &#8902; Blog da Condessa<\/title>\n<meta name=\"robots\" content=\"index, follow, max-snippet:-1, max-image-preview:large, max-video-preview:-1\" \/>\n<link rel=\"canonical\" href=\"https:\/\/blogdacondessa.com.br\/blog\/cidades-2\/mt-registra-recorde-em-exportacoes-e-lidera-balanca-comercial-do-pais\/\" \/>\n<meta property=\"og:locale\" content=\"pt_BR\" \/>\n<meta property=\"og:type\" content=\"article\" \/>\n<meta property=\"og:title\" content=\"MT registra recorde em exporta\u00e7\u00f5es e lidera balan\u00e7a comercial do pa\u00eds &#8902; Blog da Condessa\" \/>\n<meta property=\"og:description\" content=\"Entre os produtos que tiveram aumento nas vendas para outros pa\u00edses est\u00e3o etanol, milho, madeira, algod\u00e3o e gr\u00e3os beneficiados. Mato Grosso atingiu marca hist\u00f3rica nas opera\u00e7\u00f5es comerciais com outros pa\u00edses e bateu recorde nas exporta\u00e7\u00f5es nos primeiros cinco meses deste ano. De janeiro a maio, foram comercializadas 26,73 milh\u00f5es de toneladas de produtos para compradores [&hellip;]\" \/>\n<meta property=\"og:url\" content=\"https:\/\/blogdacondessa.com.br\/blog\/cidades-2\/mt-registra-recorde-em-exportacoes-e-lidera-balanca-comercial-do-pais\/\" \/>\n<meta property=\"og:site_name\" content=\"Blog da Condessa\" \/>\n<meta property=\"article:published_time\" content=\"2024-06-20T09:00:14+00:00\" \/>\n<meta property=\"og:image\" content=\"https:\/\/blogdacondessa.com.br\/blog\/wp-content\/uploads\/2024\/06\/exportacoes.jpg\" \/>\n\t<meta property=\"og:image:width\" content=\"2048\" \/>\n\t<meta property=\"og:image:height\" content=\"1152\" \/>\n\t<meta property=\"og:image:type\" content=\"image\/jpeg\" \/>\n<meta name=\"author\" content=\"Blog da Condessa\" \/>\n<meta name=\"twitter:card\" content=\"summary_large_image\" \/>\n<meta name=\"twitter:label1\" content=\"Escrito por\" \/>\n\t<meta name=\"twitter:data1\" content=\"Blog da Condessa\" \/>\n\t<meta name=\"twitter:label2\" content=\"Est. tempo de leitura\" \/>\n\t<meta name=\"twitter:data2\" content=\"2 minutos\" \/>\n<script type=\"application\/ld+json\" class=\"yoast-schema-graph\">{\"@context\":\"https:\\\/\\\/schema.org\",\"@graph\":[{\"@type\":\"Article\",\"@id\":\"https:\\\/\\\/blogdacondessa.com.br\\\/blog\\\/cidades-2\\\/mt-registra-recorde-em-exportacoes-e-lidera-balanca-comercial-do-pais\\\/#article\",\"isPartOf\":{\"@id\":\"https:\\\/\\\/blogdacondessa.com.br\\\/blog\\\/cidades-2\\\/mt-registra-recorde-em-exportacoes-e-lidera-balanca-comercial-do-pais\\\/\"},\"author\":{\"name\":\"Blog da Condessa\",\"@id\":\"https:\\\/\\\/blogdacondessa.com.br\\\/blog\\\/#\\\/schema\\\/person\\\/1d667ff8b785195b568677489d266035\"},\"headline\":\"MT registra recorde em exporta\u00e7\u00f5es e lidera balan\u00e7a comercial do pa\u00eds\",\"datePublished\":\"2024-06-20T09:00:14+00:00\",\"mainEntityOfPage\":{\"@id\":\"https:\\\/\\\/blogdacondessa.com.br\\\/blog\\\/cidades-2\\\/mt-registra-recorde-em-exportacoes-e-lidera-balanca-comercial-do-pais\\\/\"},\"wordCount\":302,\"image\":{\"@id\":\"https:\\\/\\\/blogdacondessa.com.br\\\/blog\\\/cidades-2\\\/mt-registra-recorde-em-exportacoes-e-lidera-balanca-comercial-do-pais\\\/#primaryimage\"},\"thumbnailUrl\":\"https:\\\/\\\/blogdacondessa.com.br\\\/blog\\\/wp-content\\\/uploads\\\/2024\\\/06\\\/exportacoes.jpg\",\"articleSection\":[\"Nacional\"],\"inLanguage\":\"pt-BR\"},{\"@type\":\"WebPage\",\"@id\":\"https:\\\/\\\/blogdacondessa.com.br\\\/blog\\\/cidades-2\\\/mt-registra-recorde-em-exportacoes-e-lidera-balanca-comercial-do-pais\\\/\",\"url\":\"https:\\\/\\\/blogdacondessa.com.br\\\/blog\\\/cidades-2\\\/mt-registra-recorde-em-exportacoes-e-lidera-balanca-comercial-do-pais\\\/\",\"name\":\"MT registra recorde em exporta\u00e7\u00f5es e lidera balan\u00e7a comercial do pa\u00eds &#8902; Blog da Condessa\",\"isPartOf\":{\"@id\":\"https:\\\/\\\/blogdacondessa.com.br\\\/blog\\\/#website\"},\"primaryImageOfPage\":{\"@id\":\"https:\\\/\\\/blogdacondessa.com.br\\\/blog\\\/cidades-2\\\/mt-registra-recorde-em-exportacoes-e-lidera-balanca-comercial-do-pais\\\/#primaryimage\"},\"image\":{\"@id\":\"https:\\\/\\\/blogdacondessa.com.br\\\/blog\\\/cidades-2\\\/mt-registra-recorde-em-exportacoes-e-lidera-balanca-comercial-do-pais\\\/#primaryimage\"},\"thumbnailUrl\":\"https:\\\/\\\/blogdacondessa.com.br\\\/blog\\\/wp-content\\\/uploads\\\/2024\\\/06\\\/exportacoes.jpg\",\"datePublished\":\"2024-06-20T09:00:14+00:00\",\"author\":{\"@id\":\"https:\\\/\\\/blogdacondessa.com.br\\\/blog\\\/#\\\/schema\\\/person\\\/1d667ff8b785195b568677489d266035\"},\"breadcrumb\":{\"@id\":\"https:\\\/\\\/blogdacondessa.com.br\\\/blog\\\/cidades-2\\\/mt-registra-recorde-em-exportacoes-e-lidera-balanca-comercial-do-pais\\\/#breadcrumb\"},\"inLanguage\":\"pt-BR\",\"potentialAction\":[{\"@type\":\"ReadAction\",\"target\":[\"https:\\\/\\\/blogdacondessa.com.br\\\/blog\\\/cidades-2\\\/mt-registra-recorde-em-exportacoes-e-lidera-balanca-comercial-do-pais\\\/\"]}]},{\"@type\":\"ImageObject\",\"inLanguage\":\"pt-BR\",\"@id\":\"https:\\\/\\\/blogdacondessa.com.br\\\/blog\\\/cidades-2\\\/mt-registra-recorde-em-exportacoes-e-lidera-balanca-comercial-do-pais\\\/#primaryimage\",\"url\":\"https:\\\/\\\/blogdacondessa.com.br\\\/blog\\\/wp-content\\\/uploads\\\/2024\\\/06\\\/exportacoes.jpg\",\"contentUrl\":\"https:\\\/\\\/blogdacondessa.com.br\\\/blog\\\/wp-content\\\/uploads\\\/2024\\\/06\\\/exportacoes.jpg\",\"width\":2048,\"height\":1152,\"caption\":\"Foto por: Assessoria\\\/Porto de Santos\"},{\"@type\":\"BreadcrumbList\",\"@id\":\"https:\\\/\\\/blogdacondessa.com.br\\\/blog\\\/cidades-2\\\/mt-registra-recorde-em-exportacoes-e-lidera-balanca-comercial-do-pais\\\/#breadcrumb\",\"itemListElement\":[{\"@type\":\"ListItem\",\"position\":1,\"name\":\"In\u00edcio\",\"item\":\"https:\\\/\\\/blogdacondessa.com.br\\\/blog\\\/\"},{\"@type\":\"ListItem\",\"position\":2,\"name\":\"MT registra recorde em exporta\u00e7\u00f5es e lidera balan\u00e7a comercial do pa\u00eds\"}]},{\"@type\":\"WebSite\",\"@id\":\"https:\\\/\\\/blogdacondessa.com.br\\\/blog\\\/#website\",\"url\":\"https:\\\/\\\/blogdacondessa.com.br\\\/blog\\\/\",\"name\":\"Blog da Condessa\",\"description\":\"Com Shirley de Souza O\u2019Campos\",\"potentialAction\":[{\"@type\":\"SearchAction\",\"target\":{\"@type\":\"EntryPoint\",\"urlTemplate\":\"https:\\\/\\\/blogdacondessa.com.br\\\/blog\\\/?s={search_term_string}\"},\"query-input\":{\"@type\":\"PropertyValueSpecification\",\"valueRequired\":true,\"valueName\":\"search_term_string\"}}],\"inLanguage\":\"pt-BR\"},{\"@type\":\"Person\",\"@id\":\"https:\\\/\\\/blogdacondessa.com.br\\\/blog\\\/#\\\/schema\\\/person\\\/1d667ff8b785195b568677489d266035\",\"name\":\"Blog da Condessa\",\"image\":{\"@type\":\"ImageObject\",\"inLanguage\":\"pt-BR\",\"@id\":\"https:\\\/\\\/secure.gravatar.com\\\/avatar\\\/377c0eb8b4ad2bfc25461b41564b5971e721ca34a57642868fc7b0c8ac7b52c5?s=96&d=mm&r=g\",\"url\":\"https:\\\/\\\/secure.gravatar.com\\\/avatar\\\/377c0eb8b4ad2bfc25461b41564b5971e721ca34a57642868fc7b0c8ac7b52c5?s=96&d=mm&r=g\",\"contentUrl\":\"https:\\\/\\\/secure.gravatar.com\\\/avatar\\\/377c0eb8b4ad2bfc25461b41564b5971e721ca34a57642868fc7b0c8ac7b52c5?s=96&d=mm&r=g\",\"caption\":\"Blog da Condessa\"},\"url\":\"https:\\\/\\\/blogdacondessa.com.br\\\/blog\\\/author\\\/beatriz\\\/\"}]}<\/script>\n<!-- \/ Yoast SEO plugin. -->","yoast_head_json":{"title":"MT registra recorde em exporta\u00e7\u00f5es e lidera balan\u00e7a comercial do pa\u00eds &#8902; Blog da Condessa","robots":{"index":"index","follow":"follow","max-snippet":"max-snippet:-1","max-image-preview":"max-image-preview:large","max-video-preview":"max-video-preview:-1"},"canonical":"https:\/\/blogdacondessa.com.br\/blog\/cidades-2\/mt-registra-recorde-em-exportacoes-e-lidera-balanca-comercial-do-pais\/","og_locale":"pt_BR","og_type":"article","og_title":"MT registra recorde em exporta\u00e7\u00f5es e lidera balan\u00e7a comercial do pa\u00eds &#8902; Blog da Condessa","og_description":"Entre os produtos que tiveram aumento nas vendas para outros pa\u00edses est\u00e3o etanol, milho, madeira, algod\u00e3o e gr\u00e3os beneficiados. Mato Grosso atingiu marca hist\u00f3rica nas opera\u00e7\u00f5es comerciais com outros pa\u00edses e bateu recorde nas exporta\u00e7\u00f5es nos primeiros cinco meses deste ano. De janeiro a maio, foram comercializadas 26,73 milh\u00f5es de toneladas de produtos para compradores [&hellip;]","og_url":"https:\/\/blogdacondessa.com.br\/blog\/cidades-2\/mt-registra-recorde-em-exportacoes-e-lidera-balanca-comercial-do-pais\/","og_site_name":"Blog da Condessa","article_published_time":"2024-06-20T09:00:14+00:00","og_image":[{"width":2048,"height":1152,"url":"https:\/\/blogdacondessa.com.br\/blog\/wp-content\/uploads\/2024\/06\/exportacoes.jpg","type":"image\/jpeg"}],"author":"Blog da Condessa","twitter_card":"summary_large_image","twitter_misc":{"Escrito por":"Blog da Condessa","Est. tempo de leitura":"2 minutos"},"schema":{"@context":"https:\/\/schema.org","@graph":[{"@type":"Article","@id":"https:\/\/blogdacondessa.com.br\/blog\/cidades-2\/mt-registra-recorde-em-exportacoes-e-lidera-balanca-comercial-do-pais\/#article","isPartOf":{"@id":"https:\/\/blogdacondessa.com.br\/blog\/cidades-2\/mt-registra-recorde-em-exportacoes-e-lidera-balanca-comercial-do-pais\/"},"author":{"name":"Blog da Condessa","@id":"https:\/\/blogdacondessa.com.br\/blog\/#\/schema\/person\/1d667ff8b785195b568677489d266035"},"headline":"MT registra recorde em exporta\u00e7\u00f5es e lidera balan\u00e7a comercial do pa\u00eds","datePublished":"2024-06-20T09:00:14+00:00","mainEntityOfPage":{"@id":"https:\/\/blogdacondessa.com.br\/blog\/cidades-2\/mt-registra-recorde-em-exportacoes-e-lidera-balanca-comercial-do-pais\/"},"wordCount":302,"image":{"@id":"https:\/\/blogdacondessa.com.br\/blog\/cidades-2\/mt-registra-recorde-em-exportacoes-e-lidera-balanca-comercial-do-pais\/#primaryimage"},"thumbnailUrl":"https:\/\/blogdacondessa.com.br\/blog\/wp-content\/uploads\/2024\/06\/exportacoes.jpg","articleSection":["Nacional"],"inLanguage":"pt-BR"},{"@type":"WebPage","@id":"https:\/\/blogdacondessa.com.br\/blog\/cidades-2\/mt-registra-recorde-em-exportacoes-e-lidera-balanca-comercial-do-pais\/","url":"https:\/\/blogdacondessa.com.br\/blog\/cidades-2\/mt-registra-recorde-em-exportacoes-e-lidera-balanca-comercial-do-pais\/","name":"MT registra recorde em exporta\u00e7\u00f5es e lidera balan\u00e7a comercial do pa\u00eds &#8902; Blog da Condessa","isPartOf":{"@id":"https:\/\/blogdacondessa.com.br\/blog\/#website"},"primaryImageOfPage":{"@id":"https:\/\/blogdacondessa.com.br\/blog\/cidades-2\/mt-registra-recorde-em-exportacoes-e-lidera-balanca-comercial-do-pais\/#primaryimage"},"image":{"@id":"https:\/\/blogdacondessa.com.br\/blog\/cidades-2\/mt-registra-recorde-em-exportacoes-e-lidera-balanca-comercial-do-pais\/#primaryimage"},"thumbnailUrl":"https:\/\/blogdacondessa.com.br\/blog\/wp-content\/uploads\/2024\/06\/exportacoes.jpg","datePublished":"2024-06-20T09:00:14+00:00","author":{"@id":"https:\/\/blogdacondessa.com.br\/blog\/#\/schema\/person\/1d667ff8b785195b568677489d266035"},"breadcrumb":{"@id":"https:\/\/blogdacondessa.com.br\/blog\/cidades-2\/mt-registra-recorde-em-exportacoes-e-lidera-balanca-comercial-do-pais\/#breadcrumb"},"inLanguage":"pt-BR","potentialAction":[{"@type":"ReadAction","target":["https:\/\/blogdacondessa.com.br\/blog\/cidades-2\/mt-registra-recorde-em-exportacoes-e-lidera-balanca-comercial-do-pais\/"]}]},{"@type":"ImageObject","inLanguage":"pt-BR","@id":"https:\/\/blogdacondessa.com.br\/blog\/cidades-2\/mt-registra-recorde-em-exportacoes-e-lidera-balanca-comercial-do-pais\/#primaryimage","url":"https:\/\/blogdacondessa.com.br\/blog\/wp-content\/uploads\/2024\/06\/exportacoes.jpg","contentUrl":"https:\/\/blogdacondessa.com.br\/blog\/wp-content\/uploads\/2024\/06\/exportacoes.jpg","width":2048,"height":1152,"caption":"Foto por: Assessoria\/Porto de Santos"},{"@type":"BreadcrumbList","@id":"https:\/\/blogdacondessa.com.br\/blog\/cidades-2\/mt-registra-recorde-em-exportacoes-e-lidera-balanca-comercial-do-pais\/#breadcrumb","itemListElement":[{"@type":"ListItem","position":1,"name":"In\u00edcio","item":"https:\/\/blogdacondessa.com.br\/blog\/"},{"@type":"ListItem","position":2,"name":"MT registra recorde em exporta\u00e7\u00f5es e lidera balan\u00e7a comercial do pa\u00eds"}]},{"@type":"WebSite","@id":"https:\/\/blogdacondessa.com.br\/blog\/#website","url":"https:\/\/blogdacondessa.com.br\/blog\/","name":"Blog da Condessa","description":"Com Shirley de Souza O\u2019Campos","potentialAction":[{"@type":"SearchAction","target":{"@type":"EntryPoint","urlTemplate":"https:\/\/blogdacondessa.com.br\/blog\/?s={search_term_string}"},"query-input":{"@type":"PropertyValueSpecification","valueRequired":true,"valueName":"search_term_string"}}],"inLanguage":"pt-BR"},{"@type":"Person","@id":"https:\/\/blogdacondessa.com.br\/blog\/#\/schema\/person\/1d667ff8b785195b568677489d266035","name":"Blog da Condessa","image":{"@type":"ImageObject","inLanguage":"pt-BR","@id":"https:\/\/secure.gravatar.com\/avatar\/377c0eb8b4ad2bfc25461b41564b5971e721ca34a57642868fc7b0c8ac7b52c5?s=96&d=mm&r=g","url":"https:\/\/secure.gravatar.com\/avatar\/377c0eb8b4ad2bfc25461b41564b5971e721ca34a57642868fc7b0c8ac7b52c5?s=96&d=mm&r=g","contentUrl":"https:\/\/secure.gravatar.com\/avatar\/377c0eb8b4ad2bfc25461b41564b5971e721ca34a57642868fc7b0c8ac7b52c5?s=96&d=mm&r=g","caption":"Blog da Condessa"},"url":"https:\/\/blogdacondessa.com.br\/blog\/author\/beatriz\/"}]}},"_links":{"self":[{"href":"https:\/\/blogdacondessa.com.br\/blog\/wp-json\/wp\/v2\/posts\/9837","targetHints":{"allow":["GET"]}}],"collection":[{"href":"https:\/\/blogdacondessa.com.br\/blog\/wp-json\/wp\/v2\/posts"}],"about":[{"href":"https:\/\/blogdacondessa.com.br\/blog\/wp-json\/wp\/v2\/types\/post"}],"author":[{"embeddable":true,"href":"https:\/\/blogdacondessa.com.br\/blog\/wp-json\/wp\/v2\/users\/2"}],"replies":[{"embeddable":true,"href":"https:\/\/blogdacondessa.com.br\/blog\/wp-json\/wp\/v2\/comments?post=9837"}],"version-history":[{"count":0,"href":"https:\/\/blogdacondessa.com.br\/blog\/wp-json\/wp\/v2\/posts\/9837\/revisions"}],"wp:featuredmedia":[{"embeddable":true,"href":"https:\/\/blogdacondessa.com.br\/blog\/wp-json\/wp\/v2\/media\/9838"}],"wp:attachment":[{"href":"https:\/\/blogdacondessa.com.br\/blog\/wp-json\/wp\/v2\/media?parent=9837"}],"wp:term":[{"taxonomy":"category","embeddable":true,"href":"https:\/\/blogdacondessa.com.br\/blog\/wp-json\/wp\/v2\/categories?post=9837"},{"taxonomy":"post_tag","embeddable":true,"href":"https:\/\/blogdacondessa.com.br\/blog\/wp-json\/wp\/v2\/tags?post=9837"}],"curies":[{"name":"wp","href":"https:\/\/api.w.org\/{rel}","templated":true}]}}