{"id":9834,"date":"2024-06-20T05:00:44","date_gmt":"2024-06-20T09:00:44","guid":{"rendered":"https:\/\/blogdacondessa.com.br\/blog\/?p=9834"},"modified":"2024-06-19T20:49:36","modified_gmt":"2024-06-20T00:49:36","slug":"indigenas-venezuelanos-warao-realizam-festa-de-nossa-senhora-de-consolata-em-cuiaba","status":"publish","type":"post","link":"https:\/\/blogdacondessa.com.br\/blog\/cidades\/indigenas-venezuelanos-warao-realizam-festa-de-nossa-senhora-de-consolata-em-cuiaba\/","title":{"rendered":"Ind\u00edgenas Venezuelanos Warao realizam festa de Nossa Senhora de Consolata em Cuiab\u00e1"},"content":{"rendered":"<p>Apresenta\u00e7\u00f5es culturais, exposi\u00e7\u00e3o de artesanato, missa e jogos coletivos.<br \/>\nPela primeira vez em Cuiab\u00e1, venezuelanos da etnia Warao realizar\u00e3o a festa de Nossa Senhora de Consolata, padroeira da comunidade ind\u00edgena na capital. Com missa, apresenta\u00e7\u00f5es culturais, exposi\u00e7\u00e3o de pe\u00e7as de artesanato, e disputas esportivas, o encontro de tr\u00eas dias reunir\u00e1 mais de 200 participantes. A festa come\u00e7ar\u00e1 nesta sexta-feira (21) com encerramento no domingo (23) na comunidade localizada no bairro Nova Esperan\u00e7a, in\u00edcio \u00e0s 8 horas.<br \/>\nOs Warao vivem em Cuiab\u00e1 h\u00e1 mais de quatro anos e lutam por territ\u00f3rio para reunir todos os ind\u00edgenas que atualmente vivem em situa\u00e7\u00e3o de vulnerabilidade social e n\u00e3o possuem um local definitivo para viver. Ainda vivem na expectativa da doa\u00e7\u00e3o do terreno pela prefeitura de Cuiab\u00e1. Os ind\u00edgenas venezuelanos est\u00e3o em locais divididos, sendo uma parte no abrigo Manoel Mir\u00e1glia, outra no bairro Jardim passaredo e o terceiro grupo no terreno alugado no bairro Nova Esperan\u00e7a, sentido Santo Ant\u00f4nio do Leverger.<br \/>\nA caique dos Warao na Comunidade Nova Esperan\u00e7a, Hernaida Estrella, afirma que esta \u00e9 a primeira festa em homenagem a Nossa Senhora de Consolata, que \u00e9 a padroeira da comunidade em Cuiab\u00e1. \u201cVamos celebrar nossa f\u00e9 e celebrar nossa cultura Warao, queremos reunir todos para este momento importante\u201d.<br \/>\n<strong>Programa\u00e7\u00e3o<\/strong><br \/>\nNa sexta-feira (21) haver\u00e1 exposi\u00e7\u00e3o de artesanato, jogos de futebol, gincana, apresenta\u00e7\u00f5es de dan\u00e7a e ora\u00e7\u00e3o; no s\u00e1bado (22), jogos de v\u00f4lei e jogos recreativos. O \u00faltimo dia, domingo (23) ser\u00e1 marcado pela missa em honra a Nossa Senhora de Consolata, apresenta\u00e7\u00f5es culturais e almo\u00e7o compartilhado. As a\u00e7\u00f5es come\u00e7am \u00c0s 8 horas.<br \/>\nColabora\u00e7\u00f5es<br \/>\nPara a realiza\u00e7\u00e3o da festa, os Warao mobilizaram a rede de volunt\u00e1rios e colaboradores para contribuir com os alimentos e estrutura para festa. Doa\u00e7\u00f5es tamb\u00e9m est\u00e3o sendo recebidas na pr\u00f3pria comunidade Nova Esperan\u00e7a ou pelo pix da cacique Hernaida (706.962.692.44). Mais informa\u00e7\u00f5es \u2013 65 99642-4976 (Marcela Brito).<\/p>\n","protected":false},"excerpt":{"rendered":"<p>Apresenta\u00e7\u00f5es culturais, exposi\u00e7\u00e3o de artesanato, missa e jogos coletivos. Pela primeira vez em Cuiab\u00e1, venezuelanos da etnia Warao realizar\u00e3o a festa de Nossa Senhora de Consolata, padroeira da comunidade ind\u00edgena na capital. Com missa, apresenta\u00e7\u00f5es culturais, exposi\u00e7\u00e3o de pe\u00e7as de artesanato, e disputas esportivas, o encontro de tr\u00eas dias reunir\u00e1 mais de 200 participantes. A [&hellip;]<\/p>\n","protected":false},"author":2,"featured_media":9835,"comment_status":"closed","ping_status":"closed","sticky":false,"template":"","format":"standard","meta":{"iawp_total_views":10,"footnotes":""},"categories":[12],"tags":[],"class_list":["post-9834","post","type-post","status-publish","format-standard","has-post-thumbnail","hentry","category-cidades"],"yoast_head":"<!-- This site is optimized with the Yoast SEO plugin v27.3 - https:\/\/yoast.com\/product\/yoast-seo-wordpress\/ -->\n<title>Ind\u00edgenas Venezuelanos Warao realizam festa de Nossa Senhora de Consolata em Cuiab\u00e1 &#8902; Blog da Condessa<\/title>\n<meta name=\"robots\" content=\"index, follow, max-snippet:-1, max-image-preview:large, max-video-preview:-1\" \/>\n<link rel=\"canonical\" href=\"https:\/\/blogdacondessa.com.br\/blog\/cidades\/indigenas-venezuelanos-warao-realizam-festa-de-nossa-senhora-de-consolata-em-cuiaba\/\" \/>\n<meta property=\"og:locale\" content=\"pt_BR\" \/>\n<meta property=\"og:type\" content=\"article\" \/>\n<meta property=\"og:title\" content=\"Ind\u00edgenas Venezuelanos Warao realizam festa de Nossa Senhora de Consolata em Cuiab\u00e1 &#8902; Blog da Condessa\" \/>\n<meta property=\"og:description\" content=\"Apresenta\u00e7\u00f5es culturais, exposi\u00e7\u00e3o de artesanato, missa e jogos coletivos. Pela primeira vez em Cuiab\u00e1, venezuelanos da etnia Warao realizar\u00e3o a festa de Nossa Senhora de Consolata, padroeira da comunidade ind\u00edgena na capital. Com missa, apresenta\u00e7\u00f5es culturais, exposi\u00e7\u00e3o de pe\u00e7as de artesanato, e disputas esportivas, o encontro de tr\u00eas dias reunir\u00e1 mais de 200 participantes. A [&hellip;]\" \/>\n<meta property=\"og:url\" content=\"https:\/\/blogdacondessa.com.br\/blog\/cidades\/indigenas-venezuelanos-warao-realizam-festa-de-nossa-senhora-de-consolata-em-cuiaba\/\" \/>\n<meta property=\"og:site_name\" content=\"Blog da Condessa\" \/>\n<meta property=\"article:published_time\" content=\"2024-06-20T09:00:44+00:00\" \/>\n<meta property=\"og:image\" content=\"https:\/\/blogdacondessa.com.br\/blog\/wp-content\/uploads\/2024\/06\/etnia-warao.jpg\" \/>\n\t<meta property=\"og:image:width\" content=\"1280\" \/>\n\t<meta property=\"og:image:height\" content=\"960\" \/>\n\t<meta property=\"og:image:type\" content=\"image\/jpeg\" \/>\n<meta name=\"author\" content=\"Blog da Condessa\" \/>\n<meta name=\"twitter:card\" content=\"summary_large_image\" \/>\n<meta name=\"twitter:label1\" content=\"Escrito por\" \/>\n\t<meta name=\"twitter:data1\" content=\"Blog da Condessa\" \/>\n\t<meta name=\"twitter:label2\" content=\"Est. tempo de leitura\" \/>\n\t<meta name=\"twitter:data2\" content=\"2 minutos\" \/>\n<script type=\"application\/ld+json\" class=\"yoast-schema-graph\">{\"@context\":\"https:\\\/\\\/schema.org\",\"@graph\":[{\"@type\":\"Article\",\"@id\":\"https:\\\/\\\/blogdacondessa.com.br\\\/blog\\\/cidades\\\/indigenas-venezuelanos-warao-realizam-festa-de-nossa-senhora-de-consolata-em-cuiaba\\\/#article\",\"isPartOf\":{\"@id\":\"https:\\\/\\\/blogdacondessa.com.br\\\/blog\\\/cidades\\\/indigenas-venezuelanos-warao-realizam-festa-de-nossa-senhora-de-consolata-em-cuiaba\\\/\"},\"author\":{\"name\":\"Blog da Condessa\",\"@id\":\"https:\\\/\\\/blogdacondessa.com.br\\\/blog\\\/#\\\/schema\\\/person\\\/1d667ff8b785195b568677489d266035\"},\"headline\":\"Ind\u00edgenas Venezuelanos Warao realizam festa de Nossa Senhora de Consolata em Cuiab\u00e1\",\"datePublished\":\"2024-06-20T09:00:44+00:00\",\"mainEntityOfPage\":{\"@id\":\"https:\\\/\\\/blogdacondessa.com.br\\\/blog\\\/cidades\\\/indigenas-venezuelanos-warao-realizam-festa-de-nossa-senhora-de-consolata-em-cuiaba\\\/\"},\"wordCount\":349,\"image\":{\"@id\":\"https:\\\/\\\/blogdacondessa.com.br\\\/blog\\\/cidades\\\/indigenas-venezuelanos-warao-realizam-festa-de-nossa-senhora-de-consolata-em-cuiaba\\\/#primaryimage\"},\"thumbnailUrl\":\"https:\\\/\\\/blogdacondessa.com.br\\\/blog\\\/wp-content\\\/uploads\\\/2024\\\/06\\\/etnia-warao.jpg\",\"articleSection\":[\"Cidades\"],\"inLanguage\":\"pt-BR\"},{\"@type\":\"WebPage\",\"@id\":\"https:\\\/\\\/blogdacondessa.com.br\\\/blog\\\/cidades\\\/indigenas-venezuelanos-warao-realizam-festa-de-nossa-senhora-de-consolata-em-cuiaba\\\/\",\"url\":\"https:\\\/\\\/blogdacondessa.com.br\\\/blog\\\/cidades\\\/indigenas-venezuelanos-warao-realizam-festa-de-nossa-senhora-de-consolata-em-cuiaba\\\/\",\"name\":\"Ind\u00edgenas Venezuelanos Warao realizam festa de Nossa Senhora de Consolata em Cuiab\u00e1 &#8902; Blog da Condessa\",\"isPartOf\":{\"@id\":\"https:\\\/\\\/blogdacondessa.com.br\\\/blog\\\/#website\"},\"primaryImageOfPage\":{\"@id\":\"https:\\\/\\\/blogdacondessa.com.br\\\/blog\\\/cidades\\\/indigenas-venezuelanos-warao-realizam-festa-de-nossa-senhora-de-consolata-em-cuiaba\\\/#primaryimage\"},\"image\":{\"@id\":\"https:\\\/\\\/blogdacondessa.com.br\\\/blog\\\/cidades\\\/indigenas-venezuelanos-warao-realizam-festa-de-nossa-senhora-de-consolata-em-cuiaba\\\/#primaryimage\"},\"thumbnailUrl\":\"https:\\\/\\\/blogdacondessa.com.br\\\/blog\\\/wp-content\\\/uploads\\\/2024\\\/06\\\/etnia-warao.jpg\",\"datePublished\":\"2024-06-20T09:00:44+00:00\",\"author\":{\"@id\":\"https:\\\/\\\/blogdacondessa.com.br\\\/blog\\\/#\\\/schema\\\/person\\\/1d667ff8b785195b568677489d266035\"},\"breadcrumb\":{\"@id\":\"https:\\\/\\\/blogdacondessa.com.br\\\/blog\\\/cidades\\\/indigenas-venezuelanos-warao-realizam-festa-de-nossa-senhora-de-consolata-em-cuiaba\\\/#breadcrumb\"},\"inLanguage\":\"pt-BR\",\"potentialAction\":[{\"@type\":\"ReadAction\",\"target\":[\"https:\\\/\\\/blogdacondessa.com.br\\\/blog\\\/cidades\\\/indigenas-venezuelanos-warao-realizam-festa-de-nossa-senhora-de-consolata-em-cuiaba\\\/\"]}]},{\"@type\":\"ImageObject\",\"inLanguage\":\"pt-BR\",\"@id\":\"https:\\\/\\\/blogdacondessa.com.br\\\/blog\\\/cidades\\\/indigenas-venezuelanos-warao-realizam-festa-de-nossa-senhora-de-consolata-em-cuiaba\\\/#primaryimage\",\"url\":\"https:\\\/\\\/blogdacondessa.com.br\\\/blog\\\/wp-content\\\/uploads\\\/2024\\\/06\\\/etnia-warao.jpg\",\"contentUrl\":\"https:\\\/\\\/blogdacondessa.com.br\\\/blog\\\/wp-content\\\/uploads\\\/2024\\\/06\\\/etnia-warao.jpg\",\"width\":1280,\"height\":960},{\"@type\":\"BreadcrumbList\",\"@id\":\"https:\\\/\\\/blogdacondessa.com.br\\\/blog\\\/cidades\\\/indigenas-venezuelanos-warao-realizam-festa-de-nossa-senhora-de-consolata-em-cuiaba\\\/#breadcrumb\",\"itemListElement\":[{\"@type\":\"ListItem\",\"position\":1,\"name\":\"In\u00edcio\",\"item\":\"https:\\\/\\\/blogdacondessa.com.br\\\/blog\\\/\"},{\"@type\":\"ListItem\",\"position\":2,\"name\":\"Ind\u00edgenas Venezuelanos Warao realizam festa de Nossa Senhora de Consolata em Cuiab\u00e1\"}]},{\"@type\":\"WebSite\",\"@id\":\"https:\\\/\\\/blogdacondessa.com.br\\\/blog\\\/#website\",\"url\":\"https:\\\/\\\/blogdacondessa.com.br\\\/blog\\\/\",\"name\":\"Blog da Condessa\",\"description\":\"Com Shirley de Souza O\u2019Campos\",\"potentialAction\":[{\"@type\":\"SearchAction\",\"target\":{\"@type\":\"EntryPoint\",\"urlTemplate\":\"https:\\\/\\\/blogdacondessa.com.br\\\/blog\\\/?s={search_term_string}\"},\"query-input\":{\"@type\":\"PropertyValueSpecification\",\"valueRequired\":true,\"valueName\":\"search_term_string\"}}],\"inLanguage\":\"pt-BR\"},{\"@type\":\"Person\",\"@id\":\"https:\\\/\\\/blogdacondessa.com.br\\\/blog\\\/#\\\/schema\\\/person\\\/1d667ff8b785195b568677489d266035\",\"name\":\"Blog da Condessa\",\"image\":{\"@type\":\"ImageObject\",\"inLanguage\":\"pt-BR\",\"@id\":\"https:\\\/\\\/secure.gravatar.com\\\/avatar\\\/377c0eb8b4ad2bfc25461b41564b5971e721ca34a57642868fc7b0c8ac7b52c5?s=96&d=mm&r=g\",\"url\":\"https:\\\/\\\/secure.gravatar.com\\\/avatar\\\/377c0eb8b4ad2bfc25461b41564b5971e721ca34a57642868fc7b0c8ac7b52c5?s=96&d=mm&r=g\",\"contentUrl\":\"https:\\\/\\\/secure.gravatar.com\\\/avatar\\\/377c0eb8b4ad2bfc25461b41564b5971e721ca34a57642868fc7b0c8ac7b52c5?s=96&d=mm&r=g\",\"caption\":\"Blog da Condessa\"},\"url\":\"https:\\\/\\\/blogdacondessa.com.br\\\/blog\\\/author\\\/beatriz\\\/\"}]}<\/script>\n<!-- \/ Yoast SEO plugin. -->","yoast_head_json":{"title":"Ind\u00edgenas Venezuelanos Warao realizam festa de Nossa Senhora de Consolata em Cuiab\u00e1 &#8902; Blog da Condessa","robots":{"index":"index","follow":"follow","max-snippet":"max-snippet:-1","max-image-preview":"max-image-preview:large","max-video-preview":"max-video-preview:-1"},"canonical":"https:\/\/blogdacondessa.com.br\/blog\/cidades\/indigenas-venezuelanos-warao-realizam-festa-de-nossa-senhora-de-consolata-em-cuiaba\/","og_locale":"pt_BR","og_type":"article","og_title":"Ind\u00edgenas Venezuelanos Warao realizam festa de Nossa Senhora de Consolata em Cuiab\u00e1 &#8902; Blog da Condessa","og_description":"Apresenta\u00e7\u00f5es culturais, exposi\u00e7\u00e3o de artesanato, missa e jogos coletivos. Pela primeira vez em Cuiab\u00e1, venezuelanos da etnia Warao realizar\u00e3o a festa de Nossa Senhora de Consolata, padroeira da comunidade ind\u00edgena na capital. Com missa, apresenta\u00e7\u00f5es culturais, exposi\u00e7\u00e3o de pe\u00e7as de artesanato, e disputas esportivas, o encontro de tr\u00eas dias reunir\u00e1 mais de 200 participantes. A [&hellip;]","og_url":"https:\/\/blogdacondessa.com.br\/blog\/cidades\/indigenas-venezuelanos-warao-realizam-festa-de-nossa-senhora-de-consolata-em-cuiaba\/","og_site_name":"Blog da Condessa","article_published_time":"2024-06-20T09:00:44+00:00","og_image":[{"width":1280,"height":960,"url":"https:\/\/blogdacondessa.com.br\/blog\/wp-content\/uploads\/2024\/06\/etnia-warao.jpg","type":"image\/jpeg"}],"author":"Blog da Condessa","twitter_card":"summary_large_image","twitter_misc":{"Escrito por":"Blog da Condessa","Est. tempo de leitura":"2 minutos"},"schema":{"@context":"https:\/\/schema.org","@graph":[{"@type":"Article","@id":"https:\/\/blogdacondessa.com.br\/blog\/cidades\/indigenas-venezuelanos-warao-realizam-festa-de-nossa-senhora-de-consolata-em-cuiaba\/#article","isPartOf":{"@id":"https:\/\/blogdacondessa.com.br\/blog\/cidades\/indigenas-venezuelanos-warao-realizam-festa-de-nossa-senhora-de-consolata-em-cuiaba\/"},"author":{"name":"Blog da Condessa","@id":"https:\/\/blogdacondessa.com.br\/blog\/#\/schema\/person\/1d667ff8b785195b568677489d266035"},"headline":"Ind\u00edgenas Venezuelanos Warao realizam festa de Nossa Senhora de Consolata em Cuiab\u00e1","datePublished":"2024-06-20T09:00:44+00:00","mainEntityOfPage":{"@id":"https:\/\/blogdacondessa.com.br\/blog\/cidades\/indigenas-venezuelanos-warao-realizam-festa-de-nossa-senhora-de-consolata-em-cuiaba\/"},"wordCount":349,"image":{"@id":"https:\/\/blogdacondessa.com.br\/blog\/cidades\/indigenas-venezuelanos-warao-realizam-festa-de-nossa-senhora-de-consolata-em-cuiaba\/#primaryimage"},"thumbnailUrl":"https:\/\/blogdacondessa.com.br\/blog\/wp-content\/uploads\/2024\/06\/etnia-warao.jpg","articleSection":["Cidades"],"inLanguage":"pt-BR"},{"@type":"WebPage","@id":"https:\/\/blogdacondessa.com.br\/blog\/cidades\/indigenas-venezuelanos-warao-realizam-festa-de-nossa-senhora-de-consolata-em-cuiaba\/","url":"https:\/\/blogdacondessa.com.br\/blog\/cidades\/indigenas-venezuelanos-warao-realizam-festa-de-nossa-senhora-de-consolata-em-cuiaba\/","name":"Ind\u00edgenas Venezuelanos Warao realizam festa de Nossa Senhora de Consolata em Cuiab\u00e1 &#8902; Blog da Condessa","isPartOf":{"@id":"https:\/\/blogdacondessa.com.br\/blog\/#website"},"primaryImageOfPage":{"@id":"https:\/\/blogdacondessa.com.br\/blog\/cidades\/indigenas-venezuelanos-warao-realizam-festa-de-nossa-senhora-de-consolata-em-cuiaba\/#primaryimage"},"image":{"@id":"https:\/\/blogdacondessa.com.br\/blog\/cidades\/indigenas-venezuelanos-warao-realizam-festa-de-nossa-senhora-de-consolata-em-cuiaba\/#primaryimage"},"thumbnailUrl":"https:\/\/blogdacondessa.com.br\/blog\/wp-content\/uploads\/2024\/06\/etnia-warao.jpg","datePublished":"2024-06-20T09:00:44+00:00","author":{"@id":"https:\/\/blogdacondessa.com.br\/blog\/#\/schema\/person\/1d667ff8b785195b568677489d266035"},"breadcrumb":{"@id":"https:\/\/blogdacondessa.com.br\/blog\/cidades\/indigenas-venezuelanos-warao-realizam-festa-de-nossa-senhora-de-consolata-em-cuiaba\/#breadcrumb"},"inLanguage":"pt-BR","potentialAction":[{"@type":"ReadAction","target":["https:\/\/blogdacondessa.com.br\/blog\/cidades\/indigenas-venezuelanos-warao-realizam-festa-de-nossa-senhora-de-consolata-em-cuiaba\/"]}]},{"@type":"ImageObject","inLanguage":"pt-BR","@id":"https:\/\/blogdacondessa.com.br\/blog\/cidades\/indigenas-venezuelanos-warao-realizam-festa-de-nossa-senhora-de-consolata-em-cuiaba\/#primaryimage","url":"https:\/\/blogdacondessa.com.br\/blog\/wp-content\/uploads\/2024\/06\/etnia-warao.jpg","contentUrl":"https:\/\/blogdacondessa.com.br\/blog\/wp-content\/uploads\/2024\/06\/etnia-warao.jpg","width":1280,"height":960},{"@type":"BreadcrumbList","@id":"https:\/\/blogdacondessa.com.br\/blog\/cidades\/indigenas-venezuelanos-warao-realizam-festa-de-nossa-senhora-de-consolata-em-cuiaba\/#breadcrumb","itemListElement":[{"@type":"ListItem","position":1,"name":"In\u00edcio","item":"https:\/\/blogdacondessa.com.br\/blog\/"},{"@type":"ListItem","position":2,"name":"Ind\u00edgenas Venezuelanos Warao realizam festa de Nossa Senhora de Consolata em Cuiab\u00e1"}]},{"@type":"WebSite","@id":"https:\/\/blogdacondessa.com.br\/blog\/#website","url":"https:\/\/blogdacondessa.com.br\/blog\/","name":"Blog da Condessa","description":"Com Shirley de Souza O\u2019Campos","potentialAction":[{"@type":"SearchAction","target":{"@type":"EntryPoint","urlTemplate":"https:\/\/blogdacondessa.com.br\/blog\/?s={search_term_string}"},"query-input":{"@type":"PropertyValueSpecification","valueRequired":true,"valueName":"search_term_string"}}],"inLanguage":"pt-BR"},{"@type":"Person","@id":"https:\/\/blogdacondessa.com.br\/blog\/#\/schema\/person\/1d667ff8b785195b568677489d266035","name":"Blog da Condessa","image":{"@type":"ImageObject","inLanguage":"pt-BR","@id":"https:\/\/secure.gravatar.com\/avatar\/377c0eb8b4ad2bfc25461b41564b5971e721ca34a57642868fc7b0c8ac7b52c5?s=96&d=mm&r=g","url":"https:\/\/secure.gravatar.com\/avatar\/377c0eb8b4ad2bfc25461b41564b5971e721ca34a57642868fc7b0c8ac7b52c5?s=96&d=mm&r=g","contentUrl":"https:\/\/secure.gravatar.com\/avatar\/377c0eb8b4ad2bfc25461b41564b5971e721ca34a57642868fc7b0c8ac7b52c5?s=96&d=mm&r=g","caption":"Blog da Condessa"},"url":"https:\/\/blogdacondessa.com.br\/blog\/author\/beatriz\/"}]}},"_links":{"self":[{"href":"https:\/\/blogdacondessa.com.br\/blog\/wp-json\/wp\/v2\/posts\/9834","targetHints":{"allow":["GET"]}}],"collection":[{"href":"https:\/\/blogdacondessa.com.br\/blog\/wp-json\/wp\/v2\/posts"}],"about":[{"href":"https:\/\/blogdacondessa.com.br\/blog\/wp-json\/wp\/v2\/types\/post"}],"author":[{"embeddable":true,"href":"https:\/\/blogdacondessa.com.br\/blog\/wp-json\/wp\/v2\/users\/2"}],"replies":[{"embeddable":true,"href":"https:\/\/blogdacondessa.com.br\/blog\/wp-json\/wp\/v2\/comments?post=9834"}],"version-history":[{"count":0,"href":"https:\/\/blogdacondessa.com.br\/blog\/wp-json\/wp\/v2\/posts\/9834\/revisions"}],"wp:featuredmedia":[{"embeddable":true,"href":"https:\/\/blogdacondessa.com.br\/blog\/wp-json\/wp\/v2\/media\/9835"}],"wp:attachment":[{"href":"https:\/\/blogdacondessa.com.br\/blog\/wp-json\/wp\/v2\/media?parent=9834"}],"wp:term":[{"taxonomy":"category","embeddable":true,"href":"https:\/\/blogdacondessa.com.br\/blog\/wp-json\/wp\/v2\/categories?post=9834"},{"taxonomy":"post_tag","embeddable":true,"href":"https:\/\/blogdacondessa.com.br\/blog\/wp-json\/wp\/v2\/tags?post=9834"}],"curies":[{"name":"wp","href":"https:\/\/api.w.org\/{rel}","templated":true}]}}