{"id":9739,"date":"2024-06-05T05:00:29","date_gmt":"2024-06-05T09:00:29","guid":{"rendered":"https:\/\/blogdacondessa.com.br\/blog\/?p=9739"},"modified":"2024-06-04T12:55:43","modified_gmt":"2024-06-04T16:55:43","slug":"piano-gente-no-combate-a-violencia-contra-mulher","status":"publish","type":"post","link":"https:\/\/blogdacondessa.com.br\/blog\/cidades\/piano-gente-no-combate-a-violencia-contra-mulher\/","title":{"rendered":"Piano Gente no combate \u00e0 viol\u00eancia contra mulher"},"content":{"rendered":"<p>O lan\u00e7amento do projeto &#8216;Primeiro as Damas&#8217; foi realizado no \u00faltimo dia 24 na ala de acolhimento da Defensoria P\u00fablica de Mato Grosso em Cuiab\u00e1-MT e contou com participa\u00e7\u00f5es de peso como a psic\u00f3loga cognitiva comportamental Ver\u00f4nica Meirelles, a coordenadora da Patrulha Maria da Penha da PMMT Vanessa S\u00e1, a Delegada Titular da Delegacia da Mulher da PJC, Jud\u00e1 Marcondes, a l\u00edder nacional do Projeto As Justiceiras Vastir Maciel, Fabiana Auxiliadora que \u00e9 Coordenadora da Casa de Amparo de Cuiab\u00e1-MT, o Movimento Conecta e toda a rede de enfrentamento pela defesa da mulher.<br \/>\nO projeto conta com a parceria da Assembleia Legislativa e do Governo de Mato Grosso por meio da Secretaria de Estado de Cultura e Esportes(Secel) e pretende levar o debate por pol\u00edticas p\u00fablicas aos bairros de Cuiab\u00e1-MT e V\u00e1rzea Grande-MT no enfrentamento e na preven\u00e7\u00e3o e combate \u00e0 viol\u00eancia contra a mulher. Ao todo s\u00e3o oito encontros que o projeto ir\u00e1 realizar. \u201cEntendemos que a C\u00e2mara Municipal da nossa capital \u00e9 um dos locais chave para levarmos a nossa mensagem, pois ali fiscaliza e regula a administra\u00e7\u00e3o e a conduta do munic\u00edpio no que toca aos interesses coletivos e estabelece as normas para uma sociedade cada vez mais justa e fraterna.<br \/>\nQueremos envolver vereadores, servidoras e a sociedade pois o evento \u00e9 gratuito e aberto \u00e0 popula\u00e7\u00e3o. Al\u00e9m dos debates levaremos o nosso piano acompanhado do saxofone, be como a performance de uma bailarina. A exemplo do evento realizado na a Defensoria P\u00fablica, ser\u00e1 muito din\u00e2mico, repleto de conte\u00fado e da nossa m\u00fasica! Quero aqui deixar meu agradecimento ao Presidente da C\u00e2mara, Chico 2000 que fez quest\u00e3o de nos receber com uma das edi\u00e7\u00f5es do projeto&#8221;, disse Dario Scherner, publicit\u00e1rio e pianista auto ditada que idealizou o projeto.<br \/>\nO evento ser\u00e1 realizado hoje (05\/06), quarta-feira, das 9h \u00e0s 11h no Plenarinho da C\u00e2mara Municipal de Cuiab\u00e1-MT.<\/p>\n","protected":false},"excerpt":{"rendered":"<p>O lan\u00e7amento do projeto &#8216;Primeiro as Damas&#8217; foi realizado no \u00faltimo dia 24 na ala de acolhimento da Defensoria P\u00fablica de Mato Grosso em Cuiab\u00e1-MT e contou com participa\u00e7\u00f5es de peso como a psic\u00f3loga cognitiva comportamental Ver\u00f4nica Meirelles, a coordenadora da Patrulha Maria da Penha da PMMT Vanessa S\u00e1, a Delegada Titular da Delegacia da [&hellip;]<\/p>\n","protected":false},"author":2,"featured_media":9740,"comment_status":"closed","ping_status":"closed","sticky":false,"template":"","format":"standard","meta":{"iawp_total_views":29,"footnotes":""},"categories":[12],"tags":[],"class_list":["post-9739","post","type-post","status-publish","format-standard","has-post-thumbnail","hentry","category-cidades"],"yoast_head":"<!-- This site is optimized with the Yoast SEO plugin v27.3 - https:\/\/yoast.com\/product\/yoast-seo-wordpress\/ -->\n<title>Piano Gente no combate \u00e0 viol\u00eancia contra mulher &#8902; Blog da Condessa<\/title>\n<meta name=\"robots\" content=\"index, follow, max-snippet:-1, max-image-preview:large, max-video-preview:-1\" \/>\n<link rel=\"canonical\" href=\"https:\/\/blogdacondessa.com.br\/blog\/cidades\/piano-gente-no-combate-a-violencia-contra-mulher\/\" \/>\n<meta property=\"og:locale\" content=\"pt_BR\" \/>\n<meta property=\"og:type\" content=\"article\" \/>\n<meta property=\"og:title\" content=\"Piano Gente no combate \u00e0 viol\u00eancia contra mulher &#8902; Blog da Condessa\" \/>\n<meta property=\"og:description\" content=\"O lan\u00e7amento do projeto &#8216;Primeiro as Damas&#8217; foi realizado no \u00faltimo dia 24 na ala de acolhimento da Defensoria P\u00fablica de Mato Grosso em Cuiab\u00e1-MT e contou com participa\u00e7\u00f5es de peso como a psic\u00f3loga cognitiva comportamental Ver\u00f4nica Meirelles, a coordenadora da Patrulha Maria da Penha da PMMT Vanessa S\u00e1, a Delegada Titular da Delegacia da [&hellip;]\" \/>\n<meta property=\"og:url\" content=\"https:\/\/blogdacondessa.com.br\/blog\/cidades\/piano-gente-no-combate-a-violencia-contra-mulher\/\" \/>\n<meta property=\"og:site_name\" content=\"Blog da Condessa\" \/>\n<meta property=\"article:published_time\" content=\"2024-06-05T09:00:29+00:00\" \/>\n<meta property=\"og:image\" content=\"https:\/\/blogdacondessa.com.br\/blog\/wp-content\/uploads\/2024\/06\/VANESSA-SA.jpg\" \/>\n\t<meta property=\"og:image:width\" content=\"556\" \/>\n\t<meta property=\"og:image:height\" content=\"654\" \/>\n\t<meta property=\"og:image:type\" content=\"image\/jpeg\" \/>\n<meta name=\"author\" content=\"Blog da Condessa\" \/>\n<meta name=\"twitter:card\" content=\"summary_large_image\" \/>\n<meta name=\"twitter:label1\" content=\"Escrito por\" \/>\n\t<meta name=\"twitter:data1\" content=\"Blog da Condessa\" \/>\n\t<meta name=\"twitter:label2\" content=\"Est. tempo de leitura\" \/>\n\t<meta name=\"twitter:data2\" content=\"2 minutos\" \/>\n<script type=\"application\/ld+json\" class=\"yoast-schema-graph\">{\"@context\":\"https:\\\/\\\/schema.org\",\"@graph\":[{\"@type\":\"Article\",\"@id\":\"https:\\\/\\\/blogdacondessa.com.br\\\/blog\\\/cidades\\\/piano-gente-no-combate-a-violencia-contra-mulher\\\/#article\",\"isPartOf\":{\"@id\":\"https:\\\/\\\/blogdacondessa.com.br\\\/blog\\\/cidades\\\/piano-gente-no-combate-a-violencia-contra-mulher\\\/\"},\"author\":{\"name\":\"Blog da Condessa\",\"@id\":\"https:\\\/\\\/blogdacondessa.com.br\\\/blog\\\/#\\\/schema\\\/person\\\/1d667ff8b785195b568677489d266035\"},\"headline\":\"Piano Gente no combate \u00e0 viol\u00eancia contra mulher\",\"datePublished\":\"2024-06-05T09:00:29+00:00\",\"mainEntityOfPage\":{\"@id\":\"https:\\\/\\\/blogdacondessa.com.br\\\/blog\\\/cidades\\\/piano-gente-no-combate-a-violencia-contra-mulher\\\/\"},\"wordCount\":340,\"image\":{\"@id\":\"https:\\\/\\\/blogdacondessa.com.br\\\/blog\\\/cidades\\\/piano-gente-no-combate-a-violencia-contra-mulher\\\/#primaryimage\"},\"thumbnailUrl\":\"https:\\\/\\\/blogdacondessa.com.br\\\/blog\\\/wp-content\\\/uploads\\\/2024\\\/06\\\/VANESSA-SA.jpg\",\"articleSection\":[\"Cidades\"],\"inLanguage\":\"pt-BR\"},{\"@type\":\"WebPage\",\"@id\":\"https:\\\/\\\/blogdacondessa.com.br\\\/blog\\\/cidades\\\/piano-gente-no-combate-a-violencia-contra-mulher\\\/\",\"url\":\"https:\\\/\\\/blogdacondessa.com.br\\\/blog\\\/cidades\\\/piano-gente-no-combate-a-violencia-contra-mulher\\\/\",\"name\":\"Piano Gente no combate \u00e0 viol\u00eancia contra mulher &#8902; Blog da Condessa\",\"isPartOf\":{\"@id\":\"https:\\\/\\\/blogdacondessa.com.br\\\/blog\\\/#website\"},\"primaryImageOfPage\":{\"@id\":\"https:\\\/\\\/blogdacondessa.com.br\\\/blog\\\/cidades\\\/piano-gente-no-combate-a-violencia-contra-mulher\\\/#primaryimage\"},\"image\":{\"@id\":\"https:\\\/\\\/blogdacondessa.com.br\\\/blog\\\/cidades\\\/piano-gente-no-combate-a-violencia-contra-mulher\\\/#primaryimage\"},\"thumbnailUrl\":\"https:\\\/\\\/blogdacondessa.com.br\\\/blog\\\/wp-content\\\/uploads\\\/2024\\\/06\\\/VANESSA-SA.jpg\",\"datePublished\":\"2024-06-05T09:00:29+00:00\",\"author\":{\"@id\":\"https:\\\/\\\/blogdacondessa.com.br\\\/blog\\\/#\\\/schema\\\/person\\\/1d667ff8b785195b568677489d266035\"},\"breadcrumb\":{\"@id\":\"https:\\\/\\\/blogdacondessa.com.br\\\/blog\\\/cidades\\\/piano-gente-no-combate-a-violencia-contra-mulher\\\/#breadcrumb\"},\"inLanguage\":\"pt-BR\",\"potentialAction\":[{\"@type\":\"ReadAction\",\"target\":[\"https:\\\/\\\/blogdacondessa.com.br\\\/blog\\\/cidades\\\/piano-gente-no-combate-a-violencia-contra-mulher\\\/\"]}]},{\"@type\":\"ImageObject\",\"inLanguage\":\"pt-BR\",\"@id\":\"https:\\\/\\\/blogdacondessa.com.br\\\/blog\\\/cidades\\\/piano-gente-no-combate-a-violencia-contra-mulher\\\/#primaryimage\",\"url\":\"https:\\\/\\\/blogdacondessa.com.br\\\/blog\\\/wp-content\\\/uploads\\\/2024\\\/06\\\/VANESSA-SA.jpg\",\"contentUrl\":\"https:\\\/\\\/blogdacondessa.com.br\\\/blog\\\/wp-content\\\/uploads\\\/2024\\\/06\\\/VANESSA-SA.jpg\",\"width\":556,\"height\":654},{\"@type\":\"BreadcrumbList\",\"@id\":\"https:\\\/\\\/blogdacondessa.com.br\\\/blog\\\/cidades\\\/piano-gente-no-combate-a-violencia-contra-mulher\\\/#breadcrumb\",\"itemListElement\":[{\"@type\":\"ListItem\",\"position\":1,\"name\":\"In\u00edcio\",\"item\":\"https:\\\/\\\/blogdacondessa.com.br\\\/blog\\\/\"},{\"@type\":\"ListItem\",\"position\":2,\"name\":\"Piano Gente no combate \u00e0 viol\u00eancia contra mulher\"}]},{\"@type\":\"WebSite\",\"@id\":\"https:\\\/\\\/blogdacondessa.com.br\\\/blog\\\/#website\",\"url\":\"https:\\\/\\\/blogdacondessa.com.br\\\/blog\\\/\",\"name\":\"Blog da Condessa\",\"description\":\"Com Shirley de Souza O\u2019Campos\",\"potentialAction\":[{\"@type\":\"SearchAction\",\"target\":{\"@type\":\"EntryPoint\",\"urlTemplate\":\"https:\\\/\\\/blogdacondessa.com.br\\\/blog\\\/?s={search_term_string}\"},\"query-input\":{\"@type\":\"PropertyValueSpecification\",\"valueRequired\":true,\"valueName\":\"search_term_string\"}}],\"inLanguage\":\"pt-BR\"},{\"@type\":\"Person\",\"@id\":\"https:\\\/\\\/blogdacondessa.com.br\\\/blog\\\/#\\\/schema\\\/person\\\/1d667ff8b785195b568677489d266035\",\"name\":\"Blog da Condessa\",\"image\":{\"@type\":\"ImageObject\",\"inLanguage\":\"pt-BR\",\"@id\":\"https:\\\/\\\/secure.gravatar.com\\\/avatar\\\/377c0eb8b4ad2bfc25461b41564b5971e721ca34a57642868fc7b0c8ac7b52c5?s=96&d=mm&r=g\",\"url\":\"https:\\\/\\\/secure.gravatar.com\\\/avatar\\\/377c0eb8b4ad2bfc25461b41564b5971e721ca34a57642868fc7b0c8ac7b52c5?s=96&d=mm&r=g\",\"contentUrl\":\"https:\\\/\\\/secure.gravatar.com\\\/avatar\\\/377c0eb8b4ad2bfc25461b41564b5971e721ca34a57642868fc7b0c8ac7b52c5?s=96&d=mm&r=g\",\"caption\":\"Blog da Condessa\"},\"url\":\"https:\\\/\\\/blogdacondessa.com.br\\\/blog\\\/author\\\/beatriz\\\/\"}]}<\/script>\n<!-- \/ Yoast SEO plugin. -->","yoast_head_json":{"title":"Piano Gente no combate \u00e0 viol\u00eancia contra mulher &#8902; Blog da Condessa","robots":{"index":"index","follow":"follow","max-snippet":"max-snippet:-1","max-image-preview":"max-image-preview:large","max-video-preview":"max-video-preview:-1"},"canonical":"https:\/\/blogdacondessa.com.br\/blog\/cidades\/piano-gente-no-combate-a-violencia-contra-mulher\/","og_locale":"pt_BR","og_type":"article","og_title":"Piano Gente no combate \u00e0 viol\u00eancia contra mulher &#8902; Blog da Condessa","og_description":"O lan\u00e7amento do projeto &#8216;Primeiro as Damas&#8217; foi realizado no \u00faltimo dia 24 na ala de acolhimento da Defensoria P\u00fablica de Mato Grosso em Cuiab\u00e1-MT e contou com participa\u00e7\u00f5es de peso como a psic\u00f3loga cognitiva comportamental Ver\u00f4nica Meirelles, a coordenadora da Patrulha Maria da Penha da PMMT Vanessa S\u00e1, a Delegada Titular da Delegacia da [&hellip;]","og_url":"https:\/\/blogdacondessa.com.br\/blog\/cidades\/piano-gente-no-combate-a-violencia-contra-mulher\/","og_site_name":"Blog da Condessa","article_published_time":"2024-06-05T09:00:29+00:00","og_image":[{"width":556,"height":654,"url":"https:\/\/blogdacondessa.com.br\/blog\/wp-content\/uploads\/2024\/06\/VANESSA-SA.jpg","type":"image\/jpeg"}],"author":"Blog da Condessa","twitter_card":"summary_large_image","twitter_misc":{"Escrito por":"Blog da Condessa","Est. tempo de leitura":"2 minutos"},"schema":{"@context":"https:\/\/schema.org","@graph":[{"@type":"Article","@id":"https:\/\/blogdacondessa.com.br\/blog\/cidades\/piano-gente-no-combate-a-violencia-contra-mulher\/#article","isPartOf":{"@id":"https:\/\/blogdacondessa.com.br\/blog\/cidades\/piano-gente-no-combate-a-violencia-contra-mulher\/"},"author":{"name":"Blog da Condessa","@id":"https:\/\/blogdacondessa.com.br\/blog\/#\/schema\/person\/1d667ff8b785195b568677489d266035"},"headline":"Piano Gente no combate \u00e0 viol\u00eancia contra mulher","datePublished":"2024-06-05T09:00:29+00:00","mainEntityOfPage":{"@id":"https:\/\/blogdacondessa.com.br\/blog\/cidades\/piano-gente-no-combate-a-violencia-contra-mulher\/"},"wordCount":340,"image":{"@id":"https:\/\/blogdacondessa.com.br\/blog\/cidades\/piano-gente-no-combate-a-violencia-contra-mulher\/#primaryimage"},"thumbnailUrl":"https:\/\/blogdacondessa.com.br\/blog\/wp-content\/uploads\/2024\/06\/VANESSA-SA.jpg","articleSection":["Cidades"],"inLanguage":"pt-BR"},{"@type":"WebPage","@id":"https:\/\/blogdacondessa.com.br\/blog\/cidades\/piano-gente-no-combate-a-violencia-contra-mulher\/","url":"https:\/\/blogdacondessa.com.br\/blog\/cidades\/piano-gente-no-combate-a-violencia-contra-mulher\/","name":"Piano Gente no combate \u00e0 viol\u00eancia contra mulher &#8902; Blog da Condessa","isPartOf":{"@id":"https:\/\/blogdacondessa.com.br\/blog\/#website"},"primaryImageOfPage":{"@id":"https:\/\/blogdacondessa.com.br\/blog\/cidades\/piano-gente-no-combate-a-violencia-contra-mulher\/#primaryimage"},"image":{"@id":"https:\/\/blogdacondessa.com.br\/blog\/cidades\/piano-gente-no-combate-a-violencia-contra-mulher\/#primaryimage"},"thumbnailUrl":"https:\/\/blogdacondessa.com.br\/blog\/wp-content\/uploads\/2024\/06\/VANESSA-SA.jpg","datePublished":"2024-06-05T09:00:29+00:00","author":{"@id":"https:\/\/blogdacondessa.com.br\/blog\/#\/schema\/person\/1d667ff8b785195b568677489d266035"},"breadcrumb":{"@id":"https:\/\/blogdacondessa.com.br\/blog\/cidades\/piano-gente-no-combate-a-violencia-contra-mulher\/#breadcrumb"},"inLanguage":"pt-BR","potentialAction":[{"@type":"ReadAction","target":["https:\/\/blogdacondessa.com.br\/blog\/cidades\/piano-gente-no-combate-a-violencia-contra-mulher\/"]}]},{"@type":"ImageObject","inLanguage":"pt-BR","@id":"https:\/\/blogdacondessa.com.br\/blog\/cidades\/piano-gente-no-combate-a-violencia-contra-mulher\/#primaryimage","url":"https:\/\/blogdacondessa.com.br\/blog\/wp-content\/uploads\/2024\/06\/VANESSA-SA.jpg","contentUrl":"https:\/\/blogdacondessa.com.br\/blog\/wp-content\/uploads\/2024\/06\/VANESSA-SA.jpg","width":556,"height":654},{"@type":"BreadcrumbList","@id":"https:\/\/blogdacondessa.com.br\/blog\/cidades\/piano-gente-no-combate-a-violencia-contra-mulher\/#breadcrumb","itemListElement":[{"@type":"ListItem","position":1,"name":"In\u00edcio","item":"https:\/\/blogdacondessa.com.br\/blog\/"},{"@type":"ListItem","position":2,"name":"Piano Gente no combate \u00e0 viol\u00eancia contra mulher"}]},{"@type":"WebSite","@id":"https:\/\/blogdacondessa.com.br\/blog\/#website","url":"https:\/\/blogdacondessa.com.br\/blog\/","name":"Blog da Condessa","description":"Com Shirley de Souza O\u2019Campos","potentialAction":[{"@type":"SearchAction","target":{"@type":"EntryPoint","urlTemplate":"https:\/\/blogdacondessa.com.br\/blog\/?s={search_term_string}"},"query-input":{"@type":"PropertyValueSpecification","valueRequired":true,"valueName":"search_term_string"}}],"inLanguage":"pt-BR"},{"@type":"Person","@id":"https:\/\/blogdacondessa.com.br\/blog\/#\/schema\/person\/1d667ff8b785195b568677489d266035","name":"Blog da Condessa","image":{"@type":"ImageObject","inLanguage":"pt-BR","@id":"https:\/\/secure.gravatar.com\/avatar\/377c0eb8b4ad2bfc25461b41564b5971e721ca34a57642868fc7b0c8ac7b52c5?s=96&d=mm&r=g","url":"https:\/\/secure.gravatar.com\/avatar\/377c0eb8b4ad2bfc25461b41564b5971e721ca34a57642868fc7b0c8ac7b52c5?s=96&d=mm&r=g","contentUrl":"https:\/\/secure.gravatar.com\/avatar\/377c0eb8b4ad2bfc25461b41564b5971e721ca34a57642868fc7b0c8ac7b52c5?s=96&d=mm&r=g","caption":"Blog da Condessa"},"url":"https:\/\/blogdacondessa.com.br\/blog\/author\/beatriz\/"}]}},"_links":{"self":[{"href":"https:\/\/blogdacondessa.com.br\/blog\/wp-json\/wp\/v2\/posts\/9739","targetHints":{"allow":["GET"]}}],"collection":[{"href":"https:\/\/blogdacondessa.com.br\/blog\/wp-json\/wp\/v2\/posts"}],"about":[{"href":"https:\/\/blogdacondessa.com.br\/blog\/wp-json\/wp\/v2\/types\/post"}],"author":[{"embeddable":true,"href":"https:\/\/blogdacondessa.com.br\/blog\/wp-json\/wp\/v2\/users\/2"}],"replies":[{"embeddable":true,"href":"https:\/\/blogdacondessa.com.br\/blog\/wp-json\/wp\/v2\/comments?post=9739"}],"version-history":[{"count":0,"href":"https:\/\/blogdacondessa.com.br\/blog\/wp-json\/wp\/v2\/posts\/9739\/revisions"}],"wp:featuredmedia":[{"embeddable":true,"href":"https:\/\/blogdacondessa.com.br\/blog\/wp-json\/wp\/v2\/media\/9740"}],"wp:attachment":[{"href":"https:\/\/blogdacondessa.com.br\/blog\/wp-json\/wp\/v2\/media?parent=9739"}],"wp:term":[{"taxonomy":"category","embeddable":true,"href":"https:\/\/blogdacondessa.com.br\/blog\/wp-json\/wp\/v2\/categories?post=9739"},{"taxonomy":"post_tag","embeddable":true,"href":"https:\/\/blogdacondessa.com.br\/blog\/wp-json\/wp\/v2\/tags?post=9739"}],"curies":[{"name":"wp","href":"https:\/\/api.w.org\/{rel}","templated":true}]}}