{"id":9721,"date":"2024-06-02T05:00:42","date_gmt":"2024-06-02T09:00:42","guid":{"rendered":"https:\/\/blogdacondessa.com.br\/blog\/?p=9721"},"modified":"2024-06-01T17:46:56","modified_gmt":"2024-06-01T21:46:56","slug":"o-algodao-de-mato-grosso-veste-o-mundo-2","status":"publish","type":"post","link":"https:\/\/blogdacondessa.com.br\/blog\/moda\/o-algodao-de-mato-grosso-veste-o-mundo-2\/","title":{"rendered":"&#8220;O Algod\u00e3o de Mato Grosso Veste o Mundo&#8221;"},"content":{"rendered":"<p>Ponto de troca de Ingressos para o Chapada Fashion Show 2024 \u00e9 aberto. Cada doa\u00e7\u00e3o de dois quilos de alimentos d\u00e1 direito a um ingresso para um dia de desfile.<br \/>\nA organiza\u00e7\u00e3o do Chapada Fashion Show 2024 tem o prazer de anunciar que o ponto de troca de ingressos localizado no Shopping Goiabeiras j\u00e1 est\u00e1 em funcionamento.<br \/>\nOs interessados em prestigiar esse grandioso evento de moda, que ocorrer\u00e1 de 27 a 30 de junho, podem garantir seus ingressos mediante a doa\u00e7\u00e3o de dois quilos de alimentos n\u00e3o perec\u00edveis.<br \/>\nO ponto de troca est\u00e1 situado no 1\u00ba piso do Shopping Goiabeiras e funciona das 13h \u00e0s 19h, de segunda a s\u00e1bado. Cada doa\u00e7\u00e3o de dois quilos de alimentos d\u00e1 direito a um ingresso para um dia de desfile, permitindo que o p\u00fablico aproveite as atra\u00e7\u00f5es e apoie uma causa nobre ao mesmo tempo.<br \/>\nO Chapada Fashion Show 2024 contar\u00e1 com a participa\u00e7\u00e3o de lojas e marcas, incluindo B. Luxo Brech\u00f3, Anny Shoes, Baby Shoes &amp; Cia, Bazar\u00ea, Chita de Luxo, Eddy Eddy Shop, Estancia Country, Eliza Melo Ateli\u00ea, Feiti\u00e7o da Lua, Jaqueline Moda, Linda Prata \u2013 J\u00f3ia Prata, Onng, Ocolu \u2013 \u00d3ptica, Pimenta Doce, Puro Charme, Petite Lulu Store, Sabino Kids \u2013 Oficial Sabino, Via \u00danica, Evolve Make.Be Fashion Show, Cole\u00e7\u00e3o Algod\u00e3o no Cerrado Por Kell Nascimento, Menire Xingu, Cole\u00e7\u00e3o Art\u2019Chapada Por Waldeck Curvo E Goiabeiras 35<br \/>\nAl\u00e9m disso, ser\u00e1 apresentada uma pr\u00e9via da cole\u00e7\u00e3o &#8220;Cosmopolitan&#8221; da renomada estilista Martha Medeiros, refor\u00e7ando o tema desta edi\u00e7\u00e3o: &#8220;O Algod\u00e3o de Mato Grosso Veste o Mundo&#8221;.<br \/>\n\u201cConvidamos todos a participar dessa celebra\u00e7\u00e3o de moda, cultura e solidariedade. Garanta seu ingresso e ajude a fazer a diferen\u00e7a\u201d, comentou o realizador e idealizador do evento Edson Guilherme.<\/p>\n","protected":false},"excerpt":{"rendered":"<p>Ponto de troca de Ingressos para o Chapada Fashion Show 2024 \u00e9 aberto. Cada doa\u00e7\u00e3o de dois quilos de alimentos d\u00e1 direito a um ingresso para um dia de desfile. A organiza\u00e7\u00e3o do Chapada Fashion Show 2024 tem o prazer de anunciar que o ponto de troca de ingressos localizado no Shopping Goiabeiras j\u00e1 est\u00e1 [&hellip;]<\/p>\n","protected":false},"author":2,"featured_media":9722,"comment_status":"closed","ping_status":"closed","sticky":false,"template":"","format":"standard","meta":{"iawp_total_views":52,"footnotes":""},"categories":[21],"tags":[],"class_list":["post-9721","post","type-post","status-publish","format-standard","has-post-thumbnail","hentry","category-moda"],"yoast_head":"<!-- This site is optimized with the Yoast SEO plugin v27.3 - https:\/\/yoast.com\/product\/yoast-seo-wordpress\/ -->\n<title>&quot;O Algod\u00e3o de Mato Grosso Veste o Mundo&quot; &#8902; Blog da Condessa<\/title>\n<meta name=\"robots\" content=\"index, follow, max-snippet:-1, max-image-preview:large, max-video-preview:-1\" \/>\n<link rel=\"canonical\" href=\"https:\/\/blogdacondessa.com.br\/blog\/moda\/o-algodao-de-mato-grosso-veste-o-mundo-2\/\" \/>\n<meta property=\"og:locale\" content=\"pt_BR\" \/>\n<meta property=\"og:type\" content=\"article\" \/>\n<meta property=\"og:title\" content=\"&quot;O Algod\u00e3o de Mato Grosso Veste o Mundo&quot; &#8902; Blog da Condessa\" \/>\n<meta property=\"og:description\" content=\"Ponto de troca de Ingressos para o Chapada Fashion Show 2024 \u00e9 aberto. Cada doa\u00e7\u00e3o de dois quilos de alimentos d\u00e1 direito a um ingresso para um dia de desfile. A organiza\u00e7\u00e3o do Chapada Fashion Show 2024 tem o prazer de anunciar que o ponto de troca de ingressos localizado no Shopping Goiabeiras j\u00e1 est\u00e1 [&hellip;]\" \/>\n<meta property=\"og:url\" content=\"https:\/\/blogdacondessa.com.br\/blog\/moda\/o-algodao-de-mato-grosso-veste-o-mundo-2\/\" \/>\n<meta property=\"og:site_name\" content=\"Blog da Condessa\" \/>\n<meta property=\"article:published_time\" content=\"2024-06-02T09:00:42+00:00\" \/>\n<meta property=\"og:image\" content=\"https:\/\/blogdacondessa.com.br\/blog\/wp-content\/uploads\/2024\/06\/CHAPADA-FASHION.jpeg\" \/>\n\t<meta property=\"og:image:width\" content=\"400\" \/>\n\t<meta property=\"og:image:height\" content=\"300\" \/>\n\t<meta property=\"og:image:type\" content=\"image\/jpeg\" \/>\n<meta name=\"author\" content=\"Blog da Condessa\" \/>\n<meta name=\"twitter:card\" content=\"summary_large_image\" \/>\n<meta name=\"twitter:label1\" content=\"Escrito por\" \/>\n\t<meta name=\"twitter:data1\" content=\"Blog da Condessa\" \/>\n\t<meta name=\"twitter:label2\" content=\"Est. tempo de leitura\" \/>\n\t<meta name=\"twitter:data2\" content=\"2 minutos\" \/>\n<script type=\"application\/ld+json\" class=\"yoast-schema-graph\">{\"@context\":\"https:\\\/\\\/schema.org\",\"@graph\":[{\"@type\":\"Article\",\"@id\":\"https:\\\/\\\/blogdacondessa.com.br\\\/blog\\\/moda\\\/o-algodao-de-mato-grosso-veste-o-mundo-2\\\/#article\",\"isPartOf\":{\"@id\":\"https:\\\/\\\/blogdacondessa.com.br\\\/blog\\\/moda\\\/o-algodao-de-mato-grosso-veste-o-mundo-2\\\/\"},\"author\":{\"name\":\"Blog da Condessa\",\"@id\":\"https:\\\/\\\/blogdacondessa.com.br\\\/blog\\\/#\\\/schema\\\/person\\\/1d667ff8b785195b568677489d266035\"},\"headline\":\"&#8220;O Algod\u00e3o de Mato Grosso Veste o Mundo&#8221;\",\"datePublished\":\"2024-06-02T09:00:42+00:00\",\"mainEntityOfPage\":{\"@id\":\"https:\\\/\\\/blogdacondessa.com.br\\\/blog\\\/moda\\\/o-algodao-de-mato-grosso-veste-o-mundo-2\\\/\"},\"wordCount\":305,\"image\":{\"@id\":\"https:\\\/\\\/blogdacondessa.com.br\\\/blog\\\/moda\\\/o-algodao-de-mato-grosso-veste-o-mundo-2\\\/#primaryimage\"},\"thumbnailUrl\":\"https:\\\/\\\/blogdacondessa.com.br\\\/blog\\\/wp-content\\\/uploads\\\/2024\\\/06\\\/CHAPADA-FASHION.jpeg\",\"articleSection\":[\"Moda\"],\"inLanguage\":\"pt-BR\"},{\"@type\":\"WebPage\",\"@id\":\"https:\\\/\\\/blogdacondessa.com.br\\\/blog\\\/moda\\\/o-algodao-de-mato-grosso-veste-o-mundo-2\\\/\",\"url\":\"https:\\\/\\\/blogdacondessa.com.br\\\/blog\\\/moda\\\/o-algodao-de-mato-grosso-veste-o-mundo-2\\\/\",\"name\":\"\\\"O Algod\u00e3o de Mato Grosso Veste o Mundo\\\" &#8902; Blog da Condessa\",\"isPartOf\":{\"@id\":\"https:\\\/\\\/blogdacondessa.com.br\\\/blog\\\/#website\"},\"primaryImageOfPage\":{\"@id\":\"https:\\\/\\\/blogdacondessa.com.br\\\/blog\\\/moda\\\/o-algodao-de-mato-grosso-veste-o-mundo-2\\\/#primaryimage\"},\"image\":{\"@id\":\"https:\\\/\\\/blogdacondessa.com.br\\\/blog\\\/moda\\\/o-algodao-de-mato-grosso-veste-o-mundo-2\\\/#primaryimage\"},\"thumbnailUrl\":\"https:\\\/\\\/blogdacondessa.com.br\\\/blog\\\/wp-content\\\/uploads\\\/2024\\\/06\\\/CHAPADA-FASHION.jpeg\",\"datePublished\":\"2024-06-02T09:00:42+00:00\",\"author\":{\"@id\":\"https:\\\/\\\/blogdacondessa.com.br\\\/blog\\\/#\\\/schema\\\/person\\\/1d667ff8b785195b568677489d266035\"},\"breadcrumb\":{\"@id\":\"https:\\\/\\\/blogdacondessa.com.br\\\/blog\\\/moda\\\/o-algodao-de-mato-grosso-veste-o-mundo-2\\\/#breadcrumb\"},\"inLanguage\":\"pt-BR\",\"potentialAction\":[{\"@type\":\"ReadAction\",\"target\":[\"https:\\\/\\\/blogdacondessa.com.br\\\/blog\\\/moda\\\/o-algodao-de-mato-grosso-veste-o-mundo-2\\\/\"]}]},{\"@type\":\"ImageObject\",\"inLanguage\":\"pt-BR\",\"@id\":\"https:\\\/\\\/blogdacondessa.com.br\\\/blog\\\/moda\\\/o-algodao-de-mato-grosso-veste-o-mundo-2\\\/#primaryimage\",\"url\":\"https:\\\/\\\/blogdacondessa.com.br\\\/blog\\\/wp-content\\\/uploads\\\/2024\\\/06\\\/CHAPADA-FASHION.jpeg\",\"contentUrl\":\"https:\\\/\\\/blogdacondessa.com.br\\\/blog\\\/wp-content\\\/uploads\\\/2024\\\/06\\\/CHAPADA-FASHION.jpeg\",\"width\":400,\"height\":300,\"caption\":\"Foto: Assessoria\"},{\"@type\":\"BreadcrumbList\",\"@id\":\"https:\\\/\\\/blogdacondessa.com.br\\\/blog\\\/moda\\\/o-algodao-de-mato-grosso-veste-o-mundo-2\\\/#breadcrumb\",\"itemListElement\":[{\"@type\":\"ListItem\",\"position\":1,\"name\":\"In\u00edcio\",\"item\":\"https:\\\/\\\/blogdacondessa.com.br\\\/blog\\\/\"},{\"@type\":\"ListItem\",\"position\":2,\"name\":\"&#8220;O Algod\u00e3o de Mato Grosso Veste o Mundo&#8221;\"}]},{\"@type\":\"WebSite\",\"@id\":\"https:\\\/\\\/blogdacondessa.com.br\\\/blog\\\/#website\",\"url\":\"https:\\\/\\\/blogdacondessa.com.br\\\/blog\\\/\",\"name\":\"Blog da Condessa\",\"description\":\"Com Shirley de Souza O\u2019Campos\",\"potentialAction\":[{\"@type\":\"SearchAction\",\"target\":{\"@type\":\"EntryPoint\",\"urlTemplate\":\"https:\\\/\\\/blogdacondessa.com.br\\\/blog\\\/?s={search_term_string}\"},\"query-input\":{\"@type\":\"PropertyValueSpecification\",\"valueRequired\":true,\"valueName\":\"search_term_string\"}}],\"inLanguage\":\"pt-BR\"},{\"@type\":\"Person\",\"@id\":\"https:\\\/\\\/blogdacondessa.com.br\\\/blog\\\/#\\\/schema\\\/person\\\/1d667ff8b785195b568677489d266035\",\"name\":\"Blog da Condessa\",\"image\":{\"@type\":\"ImageObject\",\"inLanguage\":\"pt-BR\",\"@id\":\"https:\\\/\\\/secure.gravatar.com\\\/avatar\\\/377c0eb8b4ad2bfc25461b41564b5971e721ca34a57642868fc7b0c8ac7b52c5?s=96&d=mm&r=g\",\"url\":\"https:\\\/\\\/secure.gravatar.com\\\/avatar\\\/377c0eb8b4ad2bfc25461b41564b5971e721ca34a57642868fc7b0c8ac7b52c5?s=96&d=mm&r=g\",\"contentUrl\":\"https:\\\/\\\/secure.gravatar.com\\\/avatar\\\/377c0eb8b4ad2bfc25461b41564b5971e721ca34a57642868fc7b0c8ac7b52c5?s=96&d=mm&r=g\",\"caption\":\"Blog da Condessa\"},\"url\":\"https:\\\/\\\/blogdacondessa.com.br\\\/blog\\\/author\\\/beatriz\\\/\"}]}<\/script>\n<!-- \/ Yoast SEO plugin. -->","yoast_head_json":{"title":"\"O Algod\u00e3o de Mato Grosso Veste o Mundo\" &#8902; Blog da Condessa","robots":{"index":"index","follow":"follow","max-snippet":"max-snippet:-1","max-image-preview":"max-image-preview:large","max-video-preview":"max-video-preview:-1"},"canonical":"https:\/\/blogdacondessa.com.br\/blog\/moda\/o-algodao-de-mato-grosso-veste-o-mundo-2\/","og_locale":"pt_BR","og_type":"article","og_title":"\"O Algod\u00e3o de Mato Grosso Veste o Mundo\" &#8902; Blog da Condessa","og_description":"Ponto de troca de Ingressos para o Chapada Fashion Show 2024 \u00e9 aberto. Cada doa\u00e7\u00e3o de dois quilos de alimentos d\u00e1 direito a um ingresso para um dia de desfile. A organiza\u00e7\u00e3o do Chapada Fashion Show 2024 tem o prazer de anunciar que o ponto de troca de ingressos localizado no Shopping Goiabeiras j\u00e1 est\u00e1 [&hellip;]","og_url":"https:\/\/blogdacondessa.com.br\/blog\/moda\/o-algodao-de-mato-grosso-veste-o-mundo-2\/","og_site_name":"Blog da Condessa","article_published_time":"2024-06-02T09:00:42+00:00","og_image":[{"width":400,"height":300,"url":"https:\/\/blogdacondessa.com.br\/blog\/wp-content\/uploads\/2024\/06\/CHAPADA-FASHION.jpeg","type":"image\/jpeg"}],"author":"Blog da Condessa","twitter_card":"summary_large_image","twitter_misc":{"Escrito por":"Blog da Condessa","Est. tempo de leitura":"2 minutos"},"schema":{"@context":"https:\/\/schema.org","@graph":[{"@type":"Article","@id":"https:\/\/blogdacondessa.com.br\/blog\/moda\/o-algodao-de-mato-grosso-veste-o-mundo-2\/#article","isPartOf":{"@id":"https:\/\/blogdacondessa.com.br\/blog\/moda\/o-algodao-de-mato-grosso-veste-o-mundo-2\/"},"author":{"name":"Blog da Condessa","@id":"https:\/\/blogdacondessa.com.br\/blog\/#\/schema\/person\/1d667ff8b785195b568677489d266035"},"headline":"&#8220;O Algod\u00e3o de Mato Grosso Veste o Mundo&#8221;","datePublished":"2024-06-02T09:00:42+00:00","mainEntityOfPage":{"@id":"https:\/\/blogdacondessa.com.br\/blog\/moda\/o-algodao-de-mato-grosso-veste-o-mundo-2\/"},"wordCount":305,"image":{"@id":"https:\/\/blogdacondessa.com.br\/blog\/moda\/o-algodao-de-mato-grosso-veste-o-mundo-2\/#primaryimage"},"thumbnailUrl":"https:\/\/blogdacondessa.com.br\/blog\/wp-content\/uploads\/2024\/06\/CHAPADA-FASHION.jpeg","articleSection":["Moda"],"inLanguage":"pt-BR"},{"@type":"WebPage","@id":"https:\/\/blogdacondessa.com.br\/blog\/moda\/o-algodao-de-mato-grosso-veste-o-mundo-2\/","url":"https:\/\/blogdacondessa.com.br\/blog\/moda\/o-algodao-de-mato-grosso-veste-o-mundo-2\/","name":"\"O Algod\u00e3o de Mato Grosso Veste o Mundo\" &#8902; Blog da Condessa","isPartOf":{"@id":"https:\/\/blogdacondessa.com.br\/blog\/#website"},"primaryImageOfPage":{"@id":"https:\/\/blogdacondessa.com.br\/blog\/moda\/o-algodao-de-mato-grosso-veste-o-mundo-2\/#primaryimage"},"image":{"@id":"https:\/\/blogdacondessa.com.br\/blog\/moda\/o-algodao-de-mato-grosso-veste-o-mundo-2\/#primaryimage"},"thumbnailUrl":"https:\/\/blogdacondessa.com.br\/blog\/wp-content\/uploads\/2024\/06\/CHAPADA-FASHION.jpeg","datePublished":"2024-06-02T09:00:42+00:00","author":{"@id":"https:\/\/blogdacondessa.com.br\/blog\/#\/schema\/person\/1d667ff8b785195b568677489d266035"},"breadcrumb":{"@id":"https:\/\/blogdacondessa.com.br\/blog\/moda\/o-algodao-de-mato-grosso-veste-o-mundo-2\/#breadcrumb"},"inLanguage":"pt-BR","potentialAction":[{"@type":"ReadAction","target":["https:\/\/blogdacondessa.com.br\/blog\/moda\/o-algodao-de-mato-grosso-veste-o-mundo-2\/"]}]},{"@type":"ImageObject","inLanguage":"pt-BR","@id":"https:\/\/blogdacondessa.com.br\/blog\/moda\/o-algodao-de-mato-grosso-veste-o-mundo-2\/#primaryimage","url":"https:\/\/blogdacondessa.com.br\/blog\/wp-content\/uploads\/2024\/06\/CHAPADA-FASHION.jpeg","contentUrl":"https:\/\/blogdacondessa.com.br\/blog\/wp-content\/uploads\/2024\/06\/CHAPADA-FASHION.jpeg","width":400,"height":300,"caption":"Foto: Assessoria"},{"@type":"BreadcrumbList","@id":"https:\/\/blogdacondessa.com.br\/blog\/moda\/o-algodao-de-mato-grosso-veste-o-mundo-2\/#breadcrumb","itemListElement":[{"@type":"ListItem","position":1,"name":"In\u00edcio","item":"https:\/\/blogdacondessa.com.br\/blog\/"},{"@type":"ListItem","position":2,"name":"&#8220;O Algod\u00e3o de Mato Grosso Veste o Mundo&#8221;"}]},{"@type":"WebSite","@id":"https:\/\/blogdacondessa.com.br\/blog\/#website","url":"https:\/\/blogdacondessa.com.br\/blog\/","name":"Blog da Condessa","description":"Com Shirley de Souza O\u2019Campos","potentialAction":[{"@type":"SearchAction","target":{"@type":"EntryPoint","urlTemplate":"https:\/\/blogdacondessa.com.br\/blog\/?s={search_term_string}"},"query-input":{"@type":"PropertyValueSpecification","valueRequired":true,"valueName":"search_term_string"}}],"inLanguage":"pt-BR"},{"@type":"Person","@id":"https:\/\/blogdacondessa.com.br\/blog\/#\/schema\/person\/1d667ff8b785195b568677489d266035","name":"Blog da Condessa","image":{"@type":"ImageObject","inLanguage":"pt-BR","@id":"https:\/\/secure.gravatar.com\/avatar\/377c0eb8b4ad2bfc25461b41564b5971e721ca34a57642868fc7b0c8ac7b52c5?s=96&d=mm&r=g","url":"https:\/\/secure.gravatar.com\/avatar\/377c0eb8b4ad2bfc25461b41564b5971e721ca34a57642868fc7b0c8ac7b52c5?s=96&d=mm&r=g","contentUrl":"https:\/\/secure.gravatar.com\/avatar\/377c0eb8b4ad2bfc25461b41564b5971e721ca34a57642868fc7b0c8ac7b52c5?s=96&d=mm&r=g","caption":"Blog da Condessa"},"url":"https:\/\/blogdacondessa.com.br\/blog\/author\/beatriz\/"}]}},"_links":{"self":[{"href":"https:\/\/blogdacondessa.com.br\/blog\/wp-json\/wp\/v2\/posts\/9721","targetHints":{"allow":["GET"]}}],"collection":[{"href":"https:\/\/blogdacondessa.com.br\/blog\/wp-json\/wp\/v2\/posts"}],"about":[{"href":"https:\/\/blogdacondessa.com.br\/blog\/wp-json\/wp\/v2\/types\/post"}],"author":[{"embeddable":true,"href":"https:\/\/blogdacondessa.com.br\/blog\/wp-json\/wp\/v2\/users\/2"}],"replies":[{"embeddable":true,"href":"https:\/\/blogdacondessa.com.br\/blog\/wp-json\/wp\/v2\/comments?post=9721"}],"version-history":[{"count":0,"href":"https:\/\/blogdacondessa.com.br\/blog\/wp-json\/wp\/v2\/posts\/9721\/revisions"}],"wp:featuredmedia":[{"embeddable":true,"href":"https:\/\/blogdacondessa.com.br\/blog\/wp-json\/wp\/v2\/media\/9722"}],"wp:attachment":[{"href":"https:\/\/blogdacondessa.com.br\/blog\/wp-json\/wp\/v2\/media?parent=9721"}],"wp:term":[{"taxonomy":"category","embeddable":true,"href":"https:\/\/blogdacondessa.com.br\/blog\/wp-json\/wp\/v2\/categories?post=9721"},{"taxonomy":"post_tag","embeddable":true,"href":"https:\/\/blogdacondessa.com.br\/blog\/wp-json\/wp\/v2\/tags?post=9721"}],"curies":[{"name":"wp","href":"https:\/\/api.w.org\/{rel}","templated":true}]}}