{"id":9718,"date":"2024-06-02T05:00:27","date_gmt":"2024-06-02T09:00:27","guid":{"rendered":"https:\/\/blogdacondessa.com.br\/blog\/?p=9718"},"modified":"2024-06-01T17:41:06","modified_gmt":"2024-06-01T21:41:06","slug":"produtividade-de-cafe-por-hectare-em-mato-grosso-triplica","status":"publish","type":"post","link":"https:\/\/blogdacondessa.com.br\/blog\/economia\/produtividade-de-cafe-por-hectare-em-mato-grosso-triplica\/","title":{"rendered":"Produtividade de caf\u00e9 por hectare em Mato Grosso triplica"},"content":{"rendered":"<p>De 2015 para 2023, houve crescimento de 258,7% na produ\u00e7\u00e3o de sacas do gr\u00e3o por \u00e1rea plantada, segundo relat\u00f3rio da Embrapa. Melhoria do solo, melhoramento gen\u00e9tico da cultura e mecaniza\u00e7\u00e3o da produ\u00e7\u00e3o contribuem com aumento da produ\u00e7\u00e3o.<br \/>\nMato Grosso tem apresentado um aumento significativo na produtividade de caf\u00e9 por hectare plantado nos \u00faltimos nove anos, impulsionado por investimentos da Secretaria Estadual de Agricultura Familiar (Seaf) na melhoria do solo, melhoramento gen\u00e9tico da cultura e mecaniza\u00e7\u00e3o da produ\u00e7\u00e3o.<br \/>\nDe 2015 para 2023, houve crescimento de 258,7% na produ\u00e7\u00e3o de sacas do gr\u00e3o por hectare plantado, segundo relat\u00f3rio divulgado pela Empresa Brasileira de Pesquisa Agropecu\u00e1ria (Embrapa). O documento aponta os impactos positivos do Programa Mato Grosso Produtivo Caf\u00e9, do Governo de Mato Grosso, para esse resultado.<br \/>\n\u201cEsse aumento na produtividade \u00e9 resultado de um trabalho intenso para desenvolver e colocar em pr\u00e1tica pol\u00edticas p\u00fablicas que realmente fa\u00e7am a diferen\u00e7a na ponta, com entregas de mudas de caf\u00e9, patrulhas mecanizadas, implementos agr\u00edcolas, calc\u00e1rio e kits de irriga\u00e7\u00e3o. Hoje, 100% da produ\u00e7\u00e3o de caf\u00e9 no Estado \u00e9 feita por produtores da agricultura familiar\u201d, destacou o secret\u00e1rio de Agricultura Familiar de Mato Grosso, Luluca Ribeiro.<br \/>\nConforme o relat\u00f3rio, a cafeicultura nas regi\u00f5es abrangidas pelo programa alcan\u00e7ou uma produtividade m\u00e9dia de 22,6 sacas por hectare, sendo que, em 2015, a produtividade m\u00e9dia foi de 6,3 sacas por hectare.<br \/>\nAtualmente, o estado ocupa a 9\u00aa posi\u00e7\u00e3o entre os maiores produtores de caf\u00e9 do Brasil. A estimativa \u00e9 de que a cafeicultura mais tecnificada tenha gerado cerca de 8.050 postos de trabalho entre 2015 e 2023.<br \/>\nAinda segundo a an\u00e1lise da Embrapa, a melhor rentabilidade da cafeicultura resultou no engajamento mais efetivo de mulheres e jovens e tamb\u00e9m ind\u00edgenas.<br \/>\nAl\u00e9m disso, houve redu\u00e7\u00e3o na \u00e1rea plantada. Conforme a Empresa Mato-grossense de Pesquisa, Assist\u00eancia e Extens\u00e3o Rural (Empaer), em 2014, com 20 mil hectares plantados, a produ\u00e7\u00e3o era de 124 mil sacas, e, neste ano, com apenas 11.600 hectares, a previs\u00e3o \u00e9 de 270 mil sacas colhidas, refletindo um aumento consider\u00e1vel na efici\u00eancia e produtividade.<br \/>\nPara fomentar a comercializa\u00e7\u00e3o local do caf\u00e9, o Governo do Mato Grosso isenta do pagamento de Imposto sobre a Circula\u00e7\u00e3o de Mercadorias e Servi\u00e7os (ICMS) sobre o caf\u00e9 cru, em coco ou em gr\u00e3o, para o produtor que vender seu caf\u00e9 para a ind\u00fastria local. Isso traz seguran\u00e7a jur\u00eddica e incidem diretamente sobre os produtores da agricultura familiar.<\/p>\n","protected":false},"excerpt":{"rendered":"<p>De 2015 para 2023, houve crescimento de 258,7% na produ\u00e7\u00e3o de sacas do gr\u00e3o por \u00e1rea plantada, segundo relat\u00f3rio da Embrapa. Melhoria do solo, melhoramento gen\u00e9tico da cultura e mecaniza\u00e7\u00e3o da produ\u00e7\u00e3o contribuem com aumento da produ\u00e7\u00e3o. Mato Grosso tem apresentado um aumento significativo na produtividade de caf\u00e9 por hectare plantado nos \u00faltimos nove anos, [&hellip;]<\/p>\n","protected":false},"author":2,"featured_media":9719,"comment_status":"closed","ping_status":"closed","sticky":false,"template":"","format":"standard","meta":{"iawp_total_views":0,"footnotes":""},"categories":[9],"tags":[],"class_list":["post-9718","post","type-post","status-publish","format-standard","has-post-thumbnail","hentry","category-economia"],"yoast_head":"<!-- This site is optimized with the Yoast SEO plugin v27.3 - https:\/\/yoast.com\/product\/yoast-seo-wordpress\/ -->\n<title>Produtividade de caf\u00e9 por hectare em Mato Grosso triplica &#8902; Blog da Condessa<\/title>\n<meta name=\"robots\" content=\"index, follow, max-snippet:-1, max-image-preview:large, max-video-preview:-1\" \/>\n<link rel=\"canonical\" href=\"https:\/\/blogdacondessa.com.br\/blog\/economia\/produtividade-de-cafe-por-hectare-em-mato-grosso-triplica\/\" \/>\n<meta property=\"og:locale\" content=\"pt_BR\" \/>\n<meta property=\"og:type\" content=\"article\" \/>\n<meta property=\"og:title\" content=\"Produtividade de caf\u00e9 por hectare em Mato Grosso triplica &#8902; Blog da Condessa\" \/>\n<meta property=\"og:description\" content=\"De 2015 para 2023, houve crescimento de 258,7% na produ\u00e7\u00e3o de sacas do gr\u00e3o por \u00e1rea plantada, segundo relat\u00f3rio da Embrapa. Melhoria do solo, melhoramento gen\u00e9tico da cultura e mecaniza\u00e7\u00e3o da produ\u00e7\u00e3o contribuem com aumento da produ\u00e7\u00e3o. Mato Grosso tem apresentado um aumento significativo na produtividade de caf\u00e9 por hectare plantado nos \u00faltimos nove anos, [&hellip;]\" \/>\n<meta property=\"og:url\" content=\"https:\/\/blogdacondessa.com.br\/blog\/economia\/produtividade-de-cafe-por-hectare-em-mato-grosso-triplica\/\" \/>\n<meta property=\"og:site_name\" content=\"Blog da Condessa\" \/>\n<meta property=\"article:published_time\" content=\"2024-06-02T09:00:27+00:00\" \/>\n<meta property=\"og:image\" content=\"https:\/\/blogdacondessa.com.br\/blog\/wp-content\/uploads\/2024\/06\/CAFE-scaled.jpg\" \/>\n\t<meta property=\"og:image:width\" content=\"2560\" \/>\n\t<meta property=\"og:image:height\" content=\"1707\" \/>\n\t<meta property=\"og:image:type\" content=\"image\/jpeg\" \/>\n<meta name=\"author\" content=\"Blog da Condessa\" \/>\n<meta name=\"twitter:card\" content=\"summary_large_image\" \/>\n<meta name=\"twitter:label1\" content=\"Escrito por\" \/>\n\t<meta name=\"twitter:data1\" content=\"Blog da Condessa\" \/>\n\t<meta name=\"twitter:label2\" content=\"Est. tempo de leitura\" \/>\n\t<meta name=\"twitter:data2\" content=\"3 minutos\" \/>\n<script type=\"application\/ld+json\" class=\"yoast-schema-graph\">{\"@context\":\"https:\\\/\\\/schema.org\",\"@graph\":[{\"@type\":\"Article\",\"@id\":\"https:\\\/\\\/blogdacondessa.com.br\\\/blog\\\/economia\\\/produtividade-de-cafe-por-hectare-em-mato-grosso-triplica\\\/#article\",\"isPartOf\":{\"@id\":\"https:\\\/\\\/blogdacondessa.com.br\\\/blog\\\/economia\\\/produtividade-de-cafe-por-hectare-em-mato-grosso-triplica\\\/\"},\"author\":{\"name\":\"Blog da Condessa\",\"@id\":\"https:\\\/\\\/blogdacondessa.com.br\\\/blog\\\/#\\\/schema\\\/person\\\/1d667ff8b785195b568677489d266035\"},\"headline\":\"Produtividade de caf\u00e9 por hectare em Mato Grosso triplica\",\"datePublished\":\"2024-06-02T09:00:27+00:00\",\"mainEntityOfPage\":{\"@id\":\"https:\\\/\\\/blogdacondessa.com.br\\\/blog\\\/economia\\\/produtividade-de-cafe-por-hectare-em-mato-grosso-triplica\\\/\"},\"wordCount\":428,\"image\":{\"@id\":\"https:\\\/\\\/blogdacondessa.com.br\\\/blog\\\/economia\\\/produtividade-de-cafe-por-hectare-em-mato-grosso-triplica\\\/#primaryimage\"},\"thumbnailUrl\":\"https:\\\/\\\/blogdacondessa.com.br\\\/blog\\\/wp-content\\\/uploads\\\/2024\\\/06\\\/CAFE-scaled.jpg\",\"articleSection\":[\"Economia\"],\"inLanguage\":\"pt-BR\"},{\"@type\":\"WebPage\",\"@id\":\"https:\\\/\\\/blogdacondessa.com.br\\\/blog\\\/economia\\\/produtividade-de-cafe-por-hectare-em-mato-grosso-triplica\\\/\",\"url\":\"https:\\\/\\\/blogdacondessa.com.br\\\/blog\\\/economia\\\/produtividade-de-cafe-por-hectare-em-mato-grosso-triplica\\\/\",\"name\":\"Produtividade de caf\u00e9 por hectare em Mato Grosso triplica &#8902; Blog da Condessa\",\"isPartOf\":{\"@id\":\"https:\\\/\\\/blogdacondessa.com.br\\\/blog\\\/#website\"},\"primaryImageOfPage\":{\"@id\":\"https:\\\/\\\/blogdacondessa.com.br\\\/blog\\\/economia\\\/produtividade-de-cafe-por-hectare-em-mato-grosso-triplica\\\/#primaryimage\"},\"image\":{\"@id\":\"https:\\\/\\\/blogdacondessa.com.br\\\/blog\\\/economia\\\/produtividade-de-cafe-por-hectare-em-mato-grosso-triplica\\\/#primaryimage\"},\"thumbnailUrl\":\"https:\\\/\\\/blogdacondessa.com.br\\\/blog\\\/wp-content\\\/uploads\\\/2024\\\/06\\\/CAFE-scaled.jpg\",\"datePublished\":\"2024-06-02T09:00:27+00:00\",\"author\":{\"@id\":\"https:\\\/\\\/blogdacondessa.com.br\\\/blog\\\/#\\\/schema\\\/person\\\/1d667ff8b785195b568677489d266035\"},\"breadcrumb\":{\"@id\":\"https:\\\/\\\/blogdacondessa.com.br\\\/blog\\\/economia\\\/produtividade-de-cafe-por-hectare-em-mato-grosso-triplica\\\/#breadcrumb\"},\"inLanguage\":\"pt-BR\",\"potentialAction\":[{\"@type\":\"ReadAction\",\"target\":[\"https:\\\/\\\/blogdacondessa.com.br\\\/blog\\\/economia\\\/produtividade-de-cafe-por-hectare-em-mato-grosso-triplica\\\/\"]}]},{\"@type\":\"ImageObject\",\"inLanguage\":\"pt-BR\",\"@id\":\"https:\\\/\\\/blogdacondessa.com.br\\\/blog\\\/economia\\\/produtividade-de-cafe-por-hectare-em-mato-grosso-triplica\\\/#primaryimage\",\"url\":\"https:\\\/\\\/blogdacondessa.com.br\\\/blog\\\/wp-content\\\/uploads\\\/2024\\\/06\\\/CAFE-scaled.jpg\",\"contentUrl\":\"https:\\\/\\\/blogdacondessa.com.br\\\/blog\\\/wp-content\\\/uploads\\\/2024\\\/06\\\/CAFE-scaled.jpg\",\"width\":2560,\"height\":1707,\"caption\":\"Foto por: Christiano Antonucci\\\/Secom-MT\"},{\"@type\":\"BreadcrumbList\",\"@id\":\"https:\\\/\\\/blogdacondessa.com.br\\\/blog\\\/economia\\\/produtividade-de-cafe-por-hectare-em-mato-grosso-triplica\\\/#breadcrumb\",\"itemListElement\":[{\"@type\":\"ListItem\",\"position\":1,\"name\":\"In\u00edcio\",\"item\":\"https:\\\/\\\/blogdacondessa.com.br\\\/blog\\\/\"},{\"@type\":\"ListItem\",\"position\":2,\"name\":\"Produtividade de caf\u00e9 por hectare em Mato Grosso triplica\"}]},{\"@type\":\"WebSite\",\"@id\":\"https:\\\/\\\/blogdacondessa.com.br\\\/blog\\\/#website\",\"url\":\"https:\\\/\\\/blogdacondessa.com.br\\\/blog\\\/\",\"name\":\"Blog da Condessa\",\"description\":\"Com Shirley de Souza O\u2019Campos\",\"potentialAction\":[{\"@type\":\"SearchAction\",\"target\":{\"@type\":\"EntryPoint\",\"urlTemplate\":\"https:\\\/\\\/blogdacondessa.com.br\\\/blog\\\/?s={search_term_string}\"},\"query-input\":{\"@type\":\"PropertyValueSpecification\",\"valueRequired\":true,\"valueName\":\"search_term_string\"}}],\"inLanguage\":\"pt-BR\"},{\"@type\":\"Person\",\"@id\":\"https:\\\/\\\/blogdacondessa.com.br\\\/blog\\\/#\\\/schema\\\/person\\\/1d667ff8b785195b568677489d266035\",\"name\":\"Blog da Condessa\",\"image\":{\"@type\":\"ImageObject\",\"inLanguage\":\"pt-BR\",\"@id\":\"https:\\\/\\\/secure.gravatar.com\\\/avatar\\\/377c0eb8b4ad2bfc25461b41564b5971e721ca34a57642868fc7b0c8ac7b52c5?s=96&d=mm&r=g\",\"url\":\"https:\\\/\\\/secure.gravatar.com\\\/avatar\\\/377c0eb8b4ad2bfc25461b41564b5971e721ca34a57642868fc7b0c8ac7b52c5?s=96&d=mm&r=g\",\"contentUrl\":\"https:\\\/\\\/secure.gravatar.com\\\/avatar\\\/377c0eb8b4ad2bfc25461b41564b5971e721ca34a57642868fc7b0c8ac7b52c5?s=96&d=mm&r=g\",\"caption\":\"Blog da Condessa\"},\"url\":\"https:\\\/\\\/blogdacondessa.com.br\\\/blog\\\/author\\\/beatriz\\\/\"}]}<\/script>\n<!-- \/ Yoast SEO plugin. -->","yoast_head_json":{"title":"Produtividade de caf\u00e9 por hectare em Mato Grosso triplica &#8902; Blog da Condessa","robots":{"index":"index","follow":"follow","max-snippet":"max-snippet:-1","max-image-preview":"max-image-preview:large","max-video-preview":"max-video-preview:-1"},"canonical":"https:\/\/blogdacondessa.com.br\/blog\/economia\/produtividade-de-cafe-por-hectare-em-mato-grosso-triplica\/","og_locale":"pt_BR","og_type":"article","og_title":"Produtividade de caf\u00e9 por hectare em Mato Grosso triplica &#8902; Blog da Condessa","og_description":"De 2015 para 2023, houve crescimento de 258,7% na produ\u00e7\u00e3o de sacas do gr\u00e3o por \u00e1rea plantada, segundo relat\u00f3rio da Embrapa. Melhoria do solo, melhoramento gen\u00e9tico da cultura e mecaniza\u00e7\u00e3o da produ\u00e7\u00e3o contribuem com aumento da produ\u00e7\u00e3o. Mato Grosso tem apresentado um aumento significativo na produtividade de caf\u00e9 por hectare plantado nos \u00faltimos nove anos, [&hellip;]","og_url":"https:\/\/blogdacondessa.com.br\/blog\/economia\/produtividade-de-cafe-por-hectare-em-mato-grosso-triplica\/","og_site_name":"Blog da Condessa","article_published_time":"2024-06-02T09:00:27+00:00","og_image":[{"width":2560,"height":1707,"url":"https:\/\/blogdacondessa.com.br\/blog\/wp-content\/uploads\/2024\/06\/CAFE-scaled.jpg","type":"image\/jpeg"}],"author":"Blog da Condessa","twitter_card":"summary_large_image","twitter_misc":{"Escrito por":"Blog da Condessa","Est. tempo de leitura":"3 minutos"},"schema":{"@context":"https:\/\/schema.org","@graph":[{"@type":"Article","@id":"https:\/\/blogdacondessa.com.br\/blog\/economia\/produtividade-de-cafe-por-hectare-em-mato-grosso-triplica\/#article","isPartOf":{"@id":"https:\/\/blogdacondessa.com.br\/blog\/economia\/produtividade-de-cafe-por-hectare-em-mato-grosso-triplica\/"},"author":{"name":"Blog da Condessa","@id":"https:\/\/blogdacondessa.com.br\/blog\/#\/schema\/person\/1d667ff8b785195b568677489d266035"},"headline":"Produtividade de caf\u00e9 por hectare em Mato Grosso triplica","datePublished":"2024-06-02T09:00:27+00:00","mainEntityOfPage":{"@id":"https:\/\/blogdacondessa.com.br\/blog\/economia\/produtividade-de-cafe-por-hectare-em-mato-grosso-triplica\/"},"wordCount":428,"image":{"@id":"https:\/\/blogdacondessa.com.br\/blog\/economia\/produtividade-de-cafe-por-hectare-em-mato-grosso-triplica\/#primaryimage"},"thumbnailUrl":"https:\/\/blogdacondessa.com.br\/blog\/wp-content\/uploads\/2024\/06\/CAFE-scaled.jpg","articleSection":["Economia"],"inLanguage":"pt-BR"},{"@type":"WebPage","@id":"https:\/\/blogdacondessa.com.br\/blog\/economia\/produtividade-de-cafe-por-hectare-em-mato-grosso-triplica\/","url":"https:\/\/blogdacondessa.com.br\/blog\/economia\/produtividade-de-cafe-por-hectare-em-mato-grosso-triplica\/","name":"Produtividade de caf\u00e9 por hectare em Mato Grosso triplica &#8902; Blog da Condessa","isPartOf":{"@id":"https:\/\/blogdacondessa.com.br\/blog\/#website"},"primaryImageOfPage":{"@id":"https:\/\/blogdacondessa.com.br\/blog\/economia\/produtividade-de-cafe-por-hectare-em-mato-grosso-triplica\/#primaryimage"},"image":{"@id":"https:\/\/blogdacondessa.com.br\/blog\/economia\/produtividade-de-cafe-por-hectare-em-mato-grosso-triplica\/#primaryimage"},"thumbnailUrl":"https:\/\/blogdacondessa.com.br\/blog\/wp-content\/uploads\/2024\/06\/CAFE-scaled.jpg","datePublished":"2024-06-02T09:00:27+00:00","author":{"@id":"https:\/\/blogdacondessa.com.br\/blog\/#\/schema\/person\/1d667ff8b785195b568677489d266035"},"breadcrumb":{"@id":"https:\/\/blogdacondessa.com.br\/blog\/economia\/produtividade-de-cafe-por-hectare-em-mato-grosso-triplica\/#breadcrumb"},"inLanguage":"pt-BR","potentialAction":[{"@type":"ReadAction","target":["https:\/\/blogdacondessa.com.br\/blog\/economia\/produtividade-de-cafe-por-hectare-em-mato-grosso-triplica\/"]}]},{"@type":"ImageObject","inLanguage":"pt-BR","@id":"https:\/\/blogdacondessa.com.br\/blog\/economia\/produtividade-de-cafe-por-hectare-em-mato-grosso-triplica\/#primaryimage","url":"https:\/\/blogdacondessa.com.br\/blog\/wp-content\/uploads\/2024\/06\/CAFE-scaled.jpg","contentUrl":"https:\/\/blogdacondessa.com.br\/blog\/wp-content\/uploads\/2024\/06\/CAFE-scaled.jpg","width":2560,"height":1707,"caption":"Foto por: Christiano Antonucci\/Secom-MT"},{"@type":"BreadcrumbList","@id":"https:\/\/blogdacondessa.com.br\/blog\/economia\/produtividade-de-cafe-por-hectare-em-mato-grosso-triplica\/#breadcrumb","itemListElement":[{"@type":"ListItem","position":1,"name":"In\u00edcio","item":"https:\/\/blogdacondessa.com.br\/blog\/"},{"@type":"ListItem","position":2,"name":"Produtividade de caf\u00e9 por hectare em Mato Grosso triplica"}]},{"@type":"WebSite","@id":"https:\/\/blogdacondessa.com.br\/blog\/#website","url":"https:\/\/blogdacondessa.com.br\/blog\/","name":"Blog da Condessa","description":"Com Shirley de Souza O\u2019Campos","potentialAction":[{"@type":"SearchAction","target":{"@type":"EntryPoint","urlTemplate":"https:\/\/blogdacondessa.com.br\/blog\/?s={search_term_string}"},"query-input":{"@type":"PropertyValueSpecification","valueRequired":true,"valueName":"search_term_string"}}],"inLanguage":"pt-BR"},{"@type":"Person","@id":"https:\/\/blogdacondessa.com.br\/blog\/#\/schema\/person\/1d667ff8b785195b568677489d266035","name":"Blog da Condessa","image":{"@type":"ImageObject","inLanguage":"pt-BR","@id":"https:\/\/secure.gravatar.com\/avatar\/377c0eb8b4ad2bfc25461b41564b5971e721ca34a57642868fc7b0c8ac7b52c5?s=96&d=mm&r=g","url":"https:\/\/secure.gravatar.com\/avatar\/377c0eb8b4ad2bfc25461b41564b5971e721ca34a57642868fc7b0c8ac7b52c5?s=96&d=mm&r=g","contentUrl":"https:\/\/secure.gravatar.com\/avatar\/377c0eb8b4ad2bfc25461b41564b5971e721ca34a57642868fc7b0c8ac7b52c5?s=96&d=mm&r=g","caption":"Blog da Condessa"},"url":"https:\/\/blogdacondessa.com.br\/blog\/author\/beatriz\/"}]}},"_links":{"self":[{"href":"https:\/\/blogdacondessa.com.br\/blog\/wp-json\/wp\/v2\/posts\/9718","targetHints":{"allow":["GET"]}}],"collection":[{"href":"https:\/\/blogdacondessa.com.br\/blog\/wp-json\/wp\/v2\/posts"}],"about":[{"href":"https:\/\/blogdacondessa.com.br\/blog\/wp-json\/wp\/v2\/types\/post"}],"author":[{"embeddable":true,"href":"https:\/\/blogdacondessa.com.br\/blog\/wp-json\/wp\/v2\/users\/2"}],"replies":[{"embeddable":true,"href":"https:\/\/blogdacondessa.com.br\/blog\/wp-json\/wp\/v2\/comments?post=9718"}],"version-history":[{"count":0,"href":"https:\/\/blogdacondessa.com.br\/blog\/wp-json\/wp\/v2\/posts\/9718\/revisions"}],"wp:featuredmedia":[{"embeddable":true,"href":"https:\/\/blogdacondessa.com.br\/blog\/wp-json\/wp\/v2\/media\/9719"}],"wp:attachment":[{"href":"https:\/\/blogdacondessa.com.br\/blog\/wp-json\/wp\/v2\/media?parent=9718"}],"wp:term":[{"taxonomy":"category","embeddable":true,"href":"https:\/\/blogdacondessa.com.br\/blog\/wp-json\/wp\/v2\/categories?post=9718"},{"taxonomy":"post_tag","embeddable":true,"href":"https:\/\/blogdacondessa.com.br\/blog\/wp-json\/wp\/v2\/tags?post=9718"}],"curies":[{"name":"wp","href":"https:\/\/api.w.org\/{rel}","templated":true}]}}