{"id":9682,"date":"2024-05-26T05:00:44","date_gmt":"2024-05-26T09:00:44","guid":{"rendered":"https:\/\/blogdacondessa.com.br\/blog\/?p=9682"},"modified":"2024-05-25T16:31:32","modified_gmt":"2024-05-25T20:31:32","slug":"seminario-do-tce-mt-e-aprosoja-traz-debate-sobre-impactos-das-moratorias-da-soja-e-da-carne-nas-desigualdades-regionais","status":"publish","type":"post","link":"https:\/\/blogdacondessa.com.br\/blog\/institucional\/seminario-do-tce-mt-e-aprosoja-traz-debate-sobre-impactos-das-moratorias-da-soja-e-da-carne-nas-desigualdades-regionais\/","title":{"rendered":"Semin\u00e1rio do TCE-MT e Aprosoja traz debate sobre impactos das morat\u00f3rias da soja e da carne nas desigualdades regionais"},"content":{"rendered":"<p>O Tribunal de Contas de Mato Grosso (TCE-MT) e a Associa\u00e7\u00e3o dos Produtores de Soja e Milho (Aprosoja-MT) realizam, na pr\u00f3xima ter\u00e7a-feira (28), o semin\u00e1rio \u201cO Impacto das Morat\u00f3rias da Soja e da Carne nas Desigualdades Regionais\u201d. O encontro ser\u00e1 \u00e0s 14h, no Hotel Gran Odara, em Cuiab\u00e1.<br \/>\nVoltado a representantes de prefeituras, c\u00e2maras e do setor agr\u00edcola, o semin\u00e1rio abordar\u00e1 a complexidade destes acordos e seus impactos para o estado. A participa\u00e7\u00e3o \u00e9 gratuita, basta clicar aqui para se inscrever.<br \/>\nRecentemente, 127 c\u00e2maras municipais assinaram um pedido para que o Tribunal entrasse no debate. \u201cO equil\u00edbrio da economia do estado passa pelas morat\u00f3rias, porque tanto a da soja quanto a da carne s\u00e3o impeditivas de crescimento\u201d, explicou o presidente do TCE-MT, conselheiro S\u00e9rgio Ricardo.<br \/>\nO presidente da Aprosoja-MT, Lucas Costa Beber, destaca a import\u00e2ncia do trabalho conjunto. \u201cA morat\u00f3ria traz muita injusti\u00e7a social, prejudicando munic\u00edpios que t\u00eam voca\u00e7\u00e3o para produzir e exportar. Nunca tantos atores se envolveram no assunto. Tenho certeza de que o dia 28 entrar\u00e1 para hist\u00f3ria e vamos desfazer essa injusti\u00e7a.\u201d<br \/>\nTamb\u00e9m est\u00e1 na pauta do Semin\u00e1rio a manuten\u00e7\u00e3o dos aspectos fiscais e dos impostos que est\u00e3o inseridos no contexto da morat\u00f3ria e das discuss\u00f5es levantadas por associa\u00e7\u00f5es, empresas, institui\u00e7\u00f5es do terceiro setor e \u00f3rg\u00e3os do Governo Federal em seus protocolos de compra.<br \/>\n\u201c\u00c9 um debate de fundamental import\u00e2ncia, que tamb\u00e9m pode trazer para a superf\u00edcie a quest\u00e3o dos incentivos fiscais. O Tribunal defende o crescimento de todos os munic\u00edpios de forma igualit\u00e1ria, por isso estamos tratando da economia do estado\u201d, diz o presidente do TCE-MT, conselheiro S\u00e9rgio Ricardo.<br \/>\nO encontro \u00e9 realizado em parceria com a Assembleia Legislativa do Estado de Mato Grosso (ALMT), Associa\u00e7\u00e3o Mato-grossense dos Munic\u00edpios (AMM), Uni\u00e3o das C\u00e2maras Municipais de Mato Grosso (UCMMAT), Federa\u00e7\u00e3o da Agricultura e Pecu\u00e1ria de Mato Grosso (Famato) e F\u00f3rum Agro MT.<\/p>\n","protected":false},"excerpt":{"rendered":"<p>O Tribunal de Contas de Mato Grosso (TCE-MT) e a Associa\u00e7\u00e3o dos Produtores de Soja e Milho (Aprosoja-MT) realizam, na pr\u00f3xima ter\u00e7a-feira (28), o semin\u00e1rio \u201cO Impacto das Morat\u00f3rias da Soja e da Carne nas Desigualdades Regionais\u201d. O encontro ser\u00e1 \u00e0s 14h, no Hotel Gran Odara, em Cuiab\u00e1. Voltado a representantes de prefeituras, c\u00e2maras e [&hellip;]<\/p>\n","protected":false},"author":2,"featured_media":9683,"comment_status":"closed","ping_status":"closed","sticky":false,"template":"","format":"standard","meta":{"iawp_total_views":0,"footnotes":""},"categories":[13],"tags":[],"class_list":["post-9682","post","type-post","status-publish","format-standard","has-post-thumbnail","hentry","category-institucional"],"yoast_head":"<!-- This site is optimized with the Yoast SEO plugin v27.3 - https:\/\/yoast.com\/product\/yoast-seo-wordpress\/ -->\n<title>Semin\u00e1rio do TCE-MT e Aprosoja traz debate sobre impactos das morat\u00f3rias da soja e da carne nas desigualdades regionais &#8902; Blog da Condessa<\/title>\n<meta name=\"robots\" content=\"index, follow, max-snippet:-1, max-image-preview:large, max-video-preview:-1\" \/>\n<link rel=\"canonical\" href=\"https:\/\/blogdacondessa.com.br\/blog\/institucional\/seminario-do-tce-mt-e-aprosoja-traz-debate-sobre-impactos-das-moratorias-da-soja-e-da-carne-nas-desigualdades-regionais\/\" \/>\n<meta property=\"og:locale\" content=\"pt_BR\" \/>\n<meta property=\"og:type\" content=\"article\" \/>\n<meta property=\"og:title\" content=\"Semin\u00e1rio do TCE-MT e Aprosoja traz debate sobre impactos das morat\u00f3rias da soja e da carne nas desigualdades regionais &#8902; Blog da Condessa\" \/>\n<meta property=\"og:description\" content=\"O Tribunal de Contas de Mato Grosso (TCE-MT) e a Associa\u00e7\u00e3o dos Produtores de Soja e Milho (Aprosoja-MT) realizam, na pr\u00f3xima ter\u00e7a-feira (28), o semin\u00e1rio \u201cO Impacto das Morat\u00f3rias da Soja e da Carne nas Desigualdades Regionais\u201d. O encontro ser\u00e1 \u00e0s 14h, no Hotel Gran Odara, em Cuiab\u00e1. Voltado a representantes de prefeituras, c\u00e2maras e [&hellip;]\" \/>\n<meta property=\"og:url\" content=\"https:\/\/blogdacondessa.com.br\/blog\/institucional\/seminario-do-tce-mt-e-aprosoja-traz-debate-sobre-impactos-das-moratorias-da-soja-e-da-carne-nas-desigualdades-regionais\/\" \/>\n<meta property=\"og:site_name\" content=\"Blog da Condessa\" \/>\n<meta property=\"article:published_time\" content=\"2024-05-26T09:00:44+00:00\" \/>\n<meta property=\"og:image\" content=\"https:\/\/blogdacondessa.com.br\/blog\/wp-content\/uploads\/2024\/05\/SeminarioMoratoria.jpg\" \/>\n\t<meta property=\"og:image:width\" content=\"1000\" \/>\n\t<meta property=\"og:image:height\" content=\"666\" \/>\n\t<meta property=\"og:image:type\" content=\"image\/jpeg\" \/>\n<meta name=\"author\" content=\"Blog da Condessa\" \/>\n<meta name=\"twitter:card\" content=\"summary_large_image\" \/>\n<meta name=\"twitter:label1\" content=\"Escrito por\" \/>\n\t<meta name=\"twitter:data1\" content=\"Blog da Condessa\" \/>\n\t<meta name=\"twitter:label2\" content=\"Est. tempo de leitura\" \/>\n\t<meta name=\"twitter:data2\" content=\"2 minutos\" \/>\n<script type=\"application\/ld+json\" class=\"yoast-schema-graph\">{\"@context\":\"https:\\\/\\\/schema.org\",\"@graph\":[{\"@type\":\"Article\",\"@id\":\"https:\\\/\\\/blogdacondessa.com.br\\\/blog\\\/institucional\\\/seminario-do-tce-mt-e-aprosoja-traz-debate-sobre-impactos-das-moratorias-da-soja-e-da-carne-nas-desigualdades-regionais\\\/#article\",\"isPartOf\":{\"@id\":\"https:\\\/\\\/blogdacondessa.com.br\\\/blog\\\/institucional\\\/seminario-do-tce-mt-e-aprosoja-traz-debate-sobre-impactos-das-moratorias-da-soja-e-da-carne-nas-desigualdades-regionais\\\/\"},\"author\":{\"name\":\"Blog da Condessa\",\"@id\":\"https:\\\/\\\/blogdacondessa.com.br\\\/blog\\\/#\\\/schema\\\/person\\\/1d667ff8b785195b568677489d266035\"},\"headline\":\"Semin\u00e1rio do TCE-MT e Aprosoja traz debate sobre impactos das morat\u00f3rias da soja e da carne nas desigualdades regionais\",\"datePublished\":\"2024-05-26T09:00:44+00:00\",\"mainEntityOfPage\":{\"@id\":\"https:\\\/\\\/blogdacondessa.com.br\\\/blog\\\/institucional\\\/seminario-do-tce-mt-e-aprosoja-traz-debate-sobre-impactos-das-moratorias-da-soja-e-da-carne-nas-desigualdades-regionais\\\/\"},\"wordCount\":365,\"image\":{\"@id\":\"https:\\\/\\\/blogdacondessa.com.br\\\/blog\\\/institucional\\\/seminario-do-tce-mt-e-aprosoja-traz-debate-sobre-impactos-das-moratorias-da-soja-e-da-carne-nas-desigualdades-regionais\\\/#primaryimage\"},\"thumbnailUrl\":\"https:\\\/\\\/blogdacondessa.com.br\\\/blog\\\/wp-content\\\/uploads\\\/2024\\\/05\\\/SeminarioMoratoria.jpg\",\"articleSection\":[\"Institucional\"],\"inLanguage\":\"pt-BR\"},{\"@type\":\"WebPage\",\"@id\":\"https:\\\/\\\/blogdacondessa.com.br\\\/blog\\\/institucional\\\/seminario-do-tce-mt-e-aprosoja-traz-debate-sobre-impactos-das-moratorias-da-soja-e-da-carne-nas-desigualdades-regionais\\\/\",\"url\":\"https:\\\/\\\/blogdacondessa.com.br\\\/blog\\\/institucional\\\/seminario-do-tce-mt-e-aprosoja-traz-debate-sobre-impactos-das-moratorias-da-soja-e-da-carne-nas-desigualdades-regionais\\\/\",\"name\":\"Semin\u00e1rio do TCE-MT e Aprosoja traz debate sobre impactos das morat\u00f3rias da soja e da carne nas desigualdades regionais &#8902; Blog da Condessa\",\"isPartOf\":{\"@id\":\"https:\\\/\\\/blogdacondessa.com.br\\\/blog\\\/#website\"},\"primaryImageOfPage\":{\"@id\":\"https:\\\/\\\/blogdacondessa.com.br\\\/blog\\\/institucional\\\/seminario-do-tce-mt-e-aprosoja-traz-debate-sobre-impactos-das-moratorias-da-soja-e-da-carne-nas-desigualdades-regionais\\\/#primaryimage\"},\"image\":{\"@id\":\"https:\\\/\\\/blogdacondessa.com.br\\\/blog\\\/institucional\\\/seminario-do-tce-mt-e-aprosoja-traz-debate-sobre-impactos-das-moratorias-da-soja-e-da-carne-nas-desigualdades-regionais\\\/#primaryimage\"},\"thumbnailUrl\":\"https:\\\/\\\/blogdacondessa.com.br\\\/blog\\\/wp-content\\\/uploads\\\/2024\\\/05\\\/SeminarioMoratoria.jpg\",\"datePublished\":\"2024-05-26T09:00:44+00:00\",\"author\":{\"@id\":\"https:\\\/\\\/blogdacondessa.com.br\\\/blog\\\/#\\\/schema\\\/person\\\/1d667ff8b785195b568677489d266035\"},\"breadcrumb\":{\"@id\":\"https:\\\/\\\/blogdacondessa.com.br\\\/blog\\\/institucional\\\/seminario-do-tce-mt-e-aprosoja-traz-debate-sobre-impactos-das-moratorias-da-soja-e-da-carne-nas-desigualdades-regionais\\\/#breadcrumb\"},\"inLanguage\":\"pt-BR\",\"potentialAction\":[{\"@type\":\"ReadAction\",\"target\":[\"https:\\\/\\\/blogdacondessa.com.br\\\/blog\\\/institucional\\\/seminario-do-tce-mt-e-aprosoja-traz-debate-sobre-impactos-das-moratorias-da-soja-e-da-carne-nas-desigualdades-regionais\\\/\"]}]},{\"@type\":\"ImageObject\",\"inLanguage\":\"pt-BR\",\"@id\":\"https:\\\/\\\/blogdacondessa.com.br\\\/blog\\\/institucional\\\/seminario-do-tce-mt-e-aprosoja-traz-debate-sobre-impactos-das-moratorias-da-soja-e-da-carne-nas-desigualdades-regionais\\\/#primaryimage\",\"url\":\"https:\\\/\\\/blogdacondessa.com.br\\\/blog\\\/wp-content\\\/uploads\\\/2024\\\/05\\\/SeminarioMoratoria.jpg\",\"contentUrl\":\"https:\\\/\\\/blogdacondessa.com.br\\\/blog\\\/wp-content\\\/uploads\\\/2024\\\/05\\\/SeminarioMoratoria.jpg\",\"width\":1000,\"height\":666},{\"@type\":\"BreadcrumbList\",\"@id\":\"https:\\\/\\\/blogdacondessa.com.br\\\/blog\\\/institucional\\\/seminario-do-tce-mt-e-aprosoja-traz-debate-sobre-impactos-das-moratorias-da-soja-e-da-carne-nas-desigualdades-regionais\\\/#breadcrumb\",\"itemListElement\":[{\"@type\":\"ListItem\",\"position\":1,\"name\":\"In\u00edcio\",\"item\":\"https:\\\/\\\/blogdacondessa.com.br\\\/blog\\\/\"},{\"@type\":\"ListItem\",\"position\":2,\"name\":\"Semin\u00e1rio do TCE-MT e Aprosoja traz debate sobre impactos das morat\u00f3rias da soja e da carne nas desigualdades regionais\"}]},{\"@type\":\"WebSite\",\"@id\":\"https:\\\/\\\/blogdacondessa.com.br\\\/blog\\\/#website\",\"url\":\"https:\\\/\\\/blogdacondessa.com.br\\\/blog\\\/\",\"name\":\"Blog da Condessa\",\"description\":\"Com Shirley de Souza O\u2019Campos\",\"potentialAction\":[{\"@type\":\"SearchAction\",\"target\":{\"@type\":\"EntryPoint\",\"urlTemplate\":\"https:\\\/\\\/blogdacondessa.com.br\\\/blog\\\/?s={search_term_string}\"},\"query-input\":{\"@type\":\"PropertyValueSpecification\",\"valueRequired\":true,\"valueName\":\"search_term_string\"}}],\"inLanguage\":\"pt-BR\"},{\"@type\":\"Person\",\"@id\":\"https:\\\/\\\/blogdacondessa.com.br\\\/blog\\\/#\\\/schema\\\/person\\\/1d667ff8b785195b568677489d266035\",\"name\":\"Blog da Condessa\",\"image\":{\"@type\":\"ImageObject\",\"inLanguage\":\"pt-BR\",\"@id\":\"https:\\\/\\\/secure.gravatar.com\\\/avatar\\\/377c0eb8b4ad2bfc25461b41564b5971e721ca34a57642868fc7b0c8ac7b52c5?s=96&d=mm&r=g\",\"url\":\"https:\\\/\\\/secure.gravatar.com\\\/avatar\\\/377c0eb8b4ad2bfc25461b41564b5971e721ca34a57642868fc7b0c8ac7b52c5?s=96&d=mm&r=g\",\"contentUrl\":\"https:\\\/\\\/secure.gravatar.com\\\/avatar\\\/377c0eb8b4ad2bfc25461b41564b5971e721ca34a57642868fc7b0c8ac7b52c5?s=96&d=mm&r=g\",\"caption\":\"Blog da Condessa\"},\"url\":\"https:\\\/\\\/blogdacondessa.com.br\\\/blog\\\/author\\\/beatriz\\\/\"}]}<\/script>\n<!-- \/ Yoast SEO plugin. -->","yoast_head_json":{"title":"Semin\u00e1rio do TCE-MT e Aprosoja traz debate sobre impactos das morat\u00f3rias da soja e da carne nas desigualdades regionais &#8902; Blog da Condessa","robots":{"index":"index","follow":"follow","max-snippet":"max-snippet:-1","max-image-preview":"max-image-preview:large","max-video-preview":"max-video-preview:-1"},"canonical":"https:\/\/blogdacondessa.com.br\/blog\/institucional\/seminario-do-tce-mt-e-aprosoja-traz-debate-sobre-impactos-das-moratorias-da-soja-e-da-carne-nas-desigualdades-regionais\/","og_locale":"pt_BR","og_type":"article","og_title":"Semin\u00e1rio do TCE-MT e Aprosoja traz debate sobre impactos das morat\u00f3rias da soja e da carne nas desigualdades regionais &#8902; Blog da Condessa","og_description":"O Tribunal de Contas de Mato Grosso (TCE-MT) e a Associa\u00e7\u00e3o dos Produtores de Soja e Milho (Aprosoja-MT) realizam, na pr\u00f3xima ter\u00e7a-feira (28), o semin\u00e1rio \u201cO Impacto das Morat\u00f3rias da Soja e da Carne nas Desigualdades Regionais\u201d. O encontro ser\u00e1 \u00e0s 14h, no Hotel Gran Odara, em Cuiab\u00e1. Voltado a representantes de prefeituras, c\u00e2maras e [&hellip;]","og_url":"https:\/\/blogdacondessa.com.br\/blog\/institucional\/seminario-do-tce-mt-e-aprosoja-traz-debate-sobre-impactos-das-moratorias-da-soja-e-da-carne-nas-desigualdades-regionais\/","og_site_name":"Blog da Condessa","article_published_time":"2024-05-26T09:00:44+00:00","og_image":[{"width":1000,"height":666,"url":"https:\/\/blogdacondessa.com.br\/blog\/wp-content\/uploads\/2024\/05\/SeminarioMoratoria.jpg","type":"image\/jpeg"}],"author":"Blog da Condessa","twitter_card":"summary_large_image","twitter_misc":{"Escrito por":"Blog da Condessa","Est. tempo de leitura":"2 minutos"},"schema":{"@context":"https:\/\/schema.org","@graph":[{"@type":"Article","@id":"https:\/\/blogdacondessa.com.br\/blog\/institucional\/seminario-do-tce-mt-e-aprosoja-traz-debate-sobre-impactos-das-moratorias-da-soja-e-da-carne-nas-desigualdades-regionais\/#article","isPartOf":{"@id":"https:\/\/blogdacondessa.com.br\/blog\/institucional\/seminario-do-tce-mt-e-aprosoja-traz-debate-sobre-impactos-das-moratorias-da-soja-e-da-carne-nas-desigualdades-regionais\/"},"author":{"name":"Blog da Condessa","@id":"https:\/\/blogdacondessa.com.br\/blog\/#\/schema\/person\/1d667ff8b785195b568677489d266035"},"headline":"Semin\u00e1rio do TCE-MT e Aprosoja traz debate sobre impactos das morat\u00f3rias da soja e da carne nas desigualdades regionais","datePublished":"2024-05-26T09:00:44+00:00","mainEntityOfPage":{"@id":"https:\/\/blogdacondessa.com.br\/blog\/institucional\/seminario-do-tce-mt-e-aprosoja-traz-debate-sobre-impactos-das-moratorias-da-soja-e-da-carne-nas-desigualdades-regionais\/"},"wordCount":365,"image":{"@id":"https:\/\/blogdacondessa.com.br\/blog\/institucional\/seminario-do-tce-mt-e-aprosoja-traz-debate-sobre-impactos-das-moratorias-da-soja-e-da-carne-nas-desigualdades-regionais\/#primaryimage"},"thumbnailUrl":"https:\/\/blogdacondessa.com.br\/blog\/wp-content\/uploads\/2024\/05\/SeminarioMoratoria.jpg","articleSection":["Institucional"],"inLanguage":"pt-BR"},{"@type":"WebPage","@id":"https:\/\/blogdacondessa.com.br\/blog\/institucional\/seminario-do-tce-mt-e-aprosoja-traz-debate-sobre-impactos-das-moratorias-da-soja-e-da-carne-nas-desigualdades-regionais\/","url":"https:\/\/blogdacondessa.com.br\/blog\/institucional\/seminario-do-tce-mt-e-aprosoja-traz-debate-sobre-impactos-das-moratorias-da-soja-e-da-carne-nas-desigualdades-regionais\/","name":"Semin\u00e1rio do TCE-MT e Aprosoja traz debate sobre impactos das morat\u00f3rias da soja e da carne nas desigualdades regionais &#8902; Blog da Condessa","isPartOf":{"@id":"https:\/\/blogdacondessa.com.br\/blog\/#website"},"primaryImageOfPage":{"@id":"https:\/\/blogdacondessa.com.br\/blog\/institucional\/seminario-do-tce-mt-e-aprosoja-traz-debate-sobre-impactos-das-moratorias-da-soja-e-da-carne-nas-desigualdades-regionais\/#primaryimage"},"image":{"@id":"https:\/\/blogdacondessa.com.br\/blog\/institucional\/seminario-do-tce-mt-e-aprosoja-traz-debate-sobre-impactos-das-moratorias-da-soja-e-da-carne-nas-desigualdades-regionais\/#primaryimage"},"thumbnailUrl":"https:\/\/blogdacondessa.com.br\/blog\/wp-content\/uploads\/2024\/05\/SeminarioMoratoria.jpg","datePublished":"2024-05-26T09:00:44+00:00","author":{"@id":"https:\/\/blogdacondessa.com.br\/blog\/#\/schema\/person\/1d667ff8b785195b568677489d266035"},"breadcrumb":{"@id":"https:\/\/blogdacondessa.com.br\/blog\/institucional\/seminario-do-tce-mt-e-aprosoja-traz-debate-sobre-impactos-das-moratorias-da-soja-e-da-carne-nas-desigualdades-regionais\/#breadcrumb"},"inLanguage":"pt-BR","potentialAction":[{"@type":"ReadAction","target":["https:\/\/blogdacondessa.com.br\/blog\/institucional\/seminario-do-tce-mt-e-aprosoja-traz-debate-sobre-impactos-das-moratorias-da-soja-e-da-carne-nas-desigualdades-regionais\/"]}]},{"@type":"ImageObject","inLanguage":"pt-BR","@id":"https:\/\/blogdacondessa.com.br\/blog\/institucional\/seminario-do-tce-mt-e-aprosoja-traz-debate-sobre-impactos-das-moratorias-da-soja-e-da-carne-nas-desigualdades-regionais\/#primaryimage","url":"https:\/\/blogdacondessa.com.br\/blog\/wp-content\/uploads\/2024\/05\/SeminarioMoratoria.jpg","contentUrl":"https:\/\/blogdacondessa.com.br\/blog\/wp-content\/uploads\/2024\/05\/SeminarioMoratoria.jpg","width":1000,"height":666},{"@type":"BreadcrumbList","@id":"https:\/\/blogdacondessa.com.br\/blog\/institucional\/seminario-do-tce-mt-e-aprosoja-traz-debate-sobre-impactos-das-moratorias-da-soja-e-da-carne-nas-desigualdades-regionais\/#breadcrumb","itemListElement":[{"@type":"ListItem","position":1,"name":"In\u00edcio","item":"https:\/\/blogdacondessa.com.br\/blog\/"},{"@type":"ListItem","position":2,"name":"Semin\u00e1rio do TCE-MT e Aprosoja traz debate sobre impactos das morat\u00f3rias da soja e da carne nas desigualdades regionais"}]},{"@type":"WebSite","@id":"https:\/\/blogdacondessa.com.br\/blog\/#website","url":"https:\/\/blogdacondessa.com.br\/blog\/","name":"Blog da Condessa","description":"Com Shirley de Souza O\u2019Campos","potentialAction":[{"@type":"SearchAction","target":{"@type":"EntryPoint","urlTemplate":"https:\/\/blogdacondessa.com.br\/blog\/?s={search_term_string}"},"query-input":{"@type":"PropertyValueSpecification","valueRequired":true,"valueName":"search_term_string"}}],"inLanguage":"pt-BR"},{"@type":"Person","@id":"https:\/\/blogdacondessa.com.br\/blog\/#\/schema\/person\/1d667ff8b785195b568677489d266035","name":"Blog da Condessa","image":{"@type":"ImageObject","inLanguage":"pt-BR","@id":"https:\/\/secure.gravatar.com\/avatar\/377c0eb8b4ad2bfc25461b41564b5971e721ca34a57642868fc7b0c8ac7b52c5?s=96&d=mm&r=g","url":"https:\/\/secure.gravatar.com\/avatar\/377c0eb8b4ad2bfc25461b41564b5971e721ca34a57642868fc7b0c8ac7b52c5?s=96&d=mm&r=g","contentUrl":"https:\/\/secure.gravatar.com\/avatar\/377c0eb8b4ad2bfc25461b41564b5971e721ca34a57642868fc7b0c8ac7b52c5?s=96&d=mm&r=g","caption":"Blog da Condessa"},"url":"https:\/\/blogdacondessa.com.br\/blog\/author\/beatriz\/"}]}},"_links":{"self":[{"href":"https:\/\/blogdacondessa.com.br\/blog\/wp-json\/wp\/v2\/posts\/9682","targetHints":{"allow":["GET"]}}],"collection":[{"href":"https:\/\/blogdacondessa.com.br\/blog\/wp-json\/wp\/v2\/posts"}],"about":[{"href":"https:\/\/blogdacondessa.com.br\/blog\/wp-json\/wp\/v2\/types\/post"}],"author":[{"embeddable":true,"href":"https:\/\/blogdacondessa.com.br\/blog\/wp-json\/wp\/v2\/users\/2"}],"replies":[{"embeddable":true,"href":"https:\/\/blogdacondessa.com.br\/blog\/wp-json\/wp\/v2\/comments?post=9682"}],"version-history":[{"count":0,"href":"https:\/\/blogdacondessa.com.br\/blog\/wp-json\/wp\/v2\/posts\/9682\/revisions"}],"wp:featuredmedia":[{"embeddable":true,"href":"https:\/\/blogdacondessa.com.br\/blog\/wp-json\/wp\/v2\/media\/9683"}],"wp:attachment":[{"href":"https:\/\/blogdacondessa.com.br\/blog\/wp-json\/wp\/v2\/media?parent=9682"}],"wp:term":[{"taxonomy":"category","embeddable":true,"href":"https:\/\/blogdacondessa.com.br\/blog\/wp-json\/wp\/v2\/categories?post=9682"},{"taxonomy":"post_tag","embeddable":true,"href":"https:\/\/blogdacondessa.com.br\/blog\/wp-json\/wp\/v2\/tags?post=9682"}],"curies":[{"name":"wp","href":"https:\/\/api.w.org\/{rel}","templated":true}]}}