{"id":9679,"date":"2024-05-26T05:00:38","date_gmt":"2024-05-26T09:00:38","guid":{"rendered":"https:\/\/blogdacondessa.com.br\/blog\/?p=9679"},"modified":"2024-05-25T16:28:30","modified_gmt":"2024-05-25T20:28:30","slug":"investimento-na-feira-do-produtor-rural-em-chapada-dos-guimaraes-beneficia-agricultura-familiar-e-fomenta-o-turismo","status":"publish","type":"post","link":"https:\/\/blogdacondessa.com.br\/blog\/cidades\/investimento-na-feira-do-produtor-rural-em-chapada-dos-guimaraes-beneficia-agricultura-familiar-e-fomenta-o-turismo\/","title":{"rendered":"Investimento na Feira do Produtor Rural em Chapada dos Guimar\u00e3es beneficia agricultura familiar e fomenta o turismo"},"content":{"rendered":"<p>Com investimento de R$ 4,3 milh\u00f5es,Governo de MT lan\u00e7a obra com mais de 4 mil m\u00b2 que ter\u00e1 76 boxes, estacionamento e pra\u00e7a de alimenta\u00e7\u00e3o.<br \/>\nO Governo de Mato Grosso lan\u00e7ou, no s\u00e1bado (24.05), a segunda etapa das obras de readequa\u00e7\u00e3o e amplia\u00e7\u00e3o da Feira do Produtor Rural em Chapada dos Guimar\u00e3es, com um investimento de R$ 4,3 milh\u00f5es. A obra, que ocupar\u00e1 um espa\u00e7o de mais de 4.000 m\u00b2, beneficiar\u00e1 a agricultura familiar com a comercializa\u00e7\u00e3o direta dos produtos e fomentar\u00e1 o turismo na regi\u00e3o.<br \/>\nA feira, com estrutura moderna ser\u00e1 em um ponto importante de com\u00e9rcio e turismo, assim como a revitalizada Pra\u00e7a Dom Wunibaldo, como destacou o prefeito de Chapada, Osmar Froner.<br \/>\n&#8220;Quero manifestar o olhar especial do governador Mauro Mendes e do vice-governador Otaviano Pivetta para Chapada, na sua alavancada de desenvolvimento, tanto para o turismo quanto para a agricultura familiar. Hoje, vivemos basicamente de duas atividades, que s\u00e3o o turismo, com 4.300 casas de veraneio, que movimentam essa feira, e a agricultura familiar, que estamos retomando agora muito forte&#8221;, declarou.<br \/>\nSegundo o prefeito, Chapada dos Guimar\u00e3es, de 18 mil habitantes, atrai at\u00e9 10 mil visitantes nos finais de semana, que aproveitam para comprar alimentos frescos e de qualidade dos produtores locais.<br \/>\nO processo licitat\u00f3rio, realizado pela Secretaria Estadual de Agricultura Familiar (Seaf) em parceria com a Seplag, teve como vencedora a SAMEDAL Engenharia Projetos e Constru\u00e7\u00f5es LTDA. A empresa apresentou uma oferta de R$ 4,3 milh\u00f5es para a execu\u00e7\u00e3o desta fase da obra.<br \/>\nO secret\u00e1rio de Agricultura Familiar do Estado, Luluca Ribeiro, afirmou que a feira \u00e9 um sonho antigo dos moradores e era aguardada h\u00e1 mais de 40 anos.<br \/>\n&#8220;Essa \u00e9 uma conquista de d\u00e9cadas de luta dos feirantes. Com essa nova fase, a cobertura e o conforto aumentar\u00e3o o valor dos produtos e trar\u00e3o mais turismo para a regi\u00e3o. Fizemos a primeira parte, mas agora o governador Pivetta e o governador Mauro determinaram essa segunda obra, que \u00e9 muito importante. A cobertura, o conforto, o turismo que vai vir para eles, vai agregar muito valor para os produtos deles, que eles tanto lutam no sol e na chuva para produzir, e agora, no conforto, se Deus quiser, em mais uns seis meses, um ano, estar\u00e1 tudo pronto, e n\u00f3s vamos entregar para eles&#8221;, disse.<br \/>\nPara o secret\u00e1rio Bas\u00edlio Bezerra, de Planejamento e Gest\u00e3o, o local deve se tornar um grande atrativo tur\u00edstico.<br \/>\n&#8220;O Governo de Mato Grosso tem um diferencial, que \u00e9 olhar para todas as \u00e1reas da sociedade. Essa feira tamb\u00e9m vai atender a popula\u00e7\u00e3o de Chapada, que tem a feira como grande ponto de refer\u00eancia. Acreditamos que futuramente, al\u00e9m de atender a demanda espec\u00edfica dos feirantes, tamb\u00e9m se tornar\u00e1 um ponto tur\u00edstico. No pr\u00f3ximo inverno, deveremos estar aqui, n\u00e3o mais embaixo de sol e chuva, mas debaixo de uma cobertura bem tranquila&#8221;, enfatizou.<br \/>\nEle tamb\u00e9m destacou a participa\u00e7\u00e3o da Seplag na elabora\u00e7\u00e3o do projeto de constru\u00e7\u00e3o da feira.<br \/>\nO presidente da Empaer, Suelme Fernandes, destacou a import\u00e2ncia da feira e o apoio do governo aos pequenos produtores.<br \/>\n&#8220;Aqui, uma das poucas feiras, voc\u00ea tem contato direto com o pr\u00f3prio produtor, o que faz toda a diferen\u00e7a. Esse \u00e9 um diferencial competitivo da Feira de Chapada. \u00c9 um com\u00e9rcio afetivo, n\u00e3o \u00e9 apenas um mercado de neg\u00f3cios, \u00e9 um lugar de troca de sentimentos e uni\u00e3o. A satisfa\u00e7\u00e3o dos produtores \u00e9 evidente, e o Governo est\u00e1 comprometido em realizar esse sonho, pontuou.<br \/>\n<strong>A feira<\/strong><br \/>\nA nova estrutura incluir\u00e1 76 boxes para produtores, 55 vagas de estacionamento, uma pra\u00e7a de alimenta\u00e7\u00e3o, c\u00e2maras frias para armazenamento dos produtos e cobertura.<br \/>\nA feira ser\u00e1 expandida em um terreno de 4.318,50 m\u00b2, com uma \u00e1rea constru\u00edda de 2.293,03 m\u00b2. A estrutura contar\u00e1 com materiais de alta qualidade, incluindo bancadas de granito cinza andorinha, estrutura met\u00e1lica e piso drenante, garantindo durabilidade e funcionalidade ao espa\u00e7o. A previs\u00e3o de conclus\u00e3o da obra \u00e9 de 1 ano e 6 meses a partir deste s\u00e1bado, quando foi dada a ordem de servi\u00e7o.<br \/>\nTamb\u00e9m participaram da cerim\u00f4nia de lan\u00e7amento o secret\u00e1rio de Seguran\u00e7a P\u00fablica, C\u00e9sar Rog\u00e9rio; a secret\u00e1ria de Assist\u00eancia Social, Grasi Bugalho, e o secret\u00e1rio adjunto de Turismo da Sedec, Felipe Wellaton.<\/p>\n","protected":false},"excerpt":{"rendered":"<p>Com investimento de R$ 4,3 milh\u00f5es,Governo de MT lan\u00e7a obra com mais de 4 mil m\u00b2 que ter\u00e1 76 boxes, estacionamento e pra\u00e7a de alimenta\u00e7\u00e3o. O Governo de Mato Grosso lan\u00e7ou, no s\u00e1bado (24.05), a segunda etapa das obras de readequa\u00e7\u00e3o e amplia\u00e7\u00e3o da Feira do Produtor Rural em Chapada dos Guimar\u00e3es, com um investimento [&hellip;]<\/p>\n","protected":false},"author":2,"featured_media":9680,"comment_status":"closed","ping_status":"closed","sticky":false,"template":"","format":"standard","meta":{"iawp_total_views":0,"footnotes":""},"categories":[12],"tags":[],"class_list":["post-9679","post","type-post","status-publish","format-standard","has-post-thumbnail","hentry","category-cidades"],"yoast_head":"<!-- This site is optimized with the Yoast SEO plugin v27.3 - https:\/\/yoast.com\/product\/yoast-seo-wordpress\/ -->\n<title>Investimento na Feira do Produtor Rural em Chapada dos Guimar\u00e3es beneficia agricultura familiar e fomenta o turismo &#8902; Blog da Condessa<\/title>\n<meta name=\"robots\" content=\"index, follow, max-snippet:-1, max-image-preview:large, max-video-preview:-1\" \/>\n<link rel=\"canonical\" href=\"https:\/\/blogdacondessa.com.br\/blog\/cidades\/investimento-na-feira-do-produtor-rural-em-chapada-dos-guimaraes-beneficia-agricultura-familiar-e-fomenta-o-turismo\/\" \/>\n<meta property=\"og:locale\" content=\"pt_BR\" \/>\n<meta property=\"og:type\" content=\"article\" \/>\n<meta property=\"og:title\" content=\"Investimento na Feira do Produtor Rural em Chapada dos Guimar\u00e3es beneficia agricultura familiar e fomenta o turismo &#8902; Blog da Condessa\" \/>\n<meta property=\"og:description\" content=\"Com investimento de R$ 4,3 milh\u00f5es,Governo de MT lan\u00e7a obra com mais de 4 mil m\u00b2 que ter\u00e1 76 boxes, estacionamento e pra\u00e7a de alimenta\u00e7\u00e3o. O Governo de Mato Grosso lan\u00e7ou, no s\u00e1bado (24.05), a segunda etapa das obras de readequa\u00e7\u00e3o e amplia\u00e7\u00e3o da Feira do Produtor Rural em Chapada dos Guimar\u00e3es, com um investimento [&hellip;]\" \/>\n<meta property=\"og:url\" content=\"https:\/\/blogdacondessa.com.br\/blog\/cidades\/investimento-na-feira-do-produtor-rural-em-chapada-dos-guimaraes-beneficia-agricultura-familiar-e-fomenta-o-turismo\/\" \/>\n<meta property=\"og:site_name\" content=\"Blog da Condessa\" \/>\n<meta property=\"article:published_time\" content=\"2024-05-26T09:00:38+00:00\" \/>\n<meta property=\"og:image\" content=\"https:\/\/blogdacondessa.com.br\/blog\/wp-content\/uploads\/2024\/05\/feira-do-produtor.jpg\" \/>\n\t<meta property=\"og:image:width\" content=\"1024\" \/>\n\t<meta property=\"og:image:height\" content=\"523\" \/>\n\t<meta property=\"og:image:type\" content=\"image\/jpeg\" \/>\n<meta name=\"author\" content=\"Blog da Condessa\" \/>\n<meta name=\"twitter:card\" content=\"summary_large_image\" \/>\n<meta name=\"twitter:label1\" content=\"Escrito por\" \/>\n\t<meta name=\"twitter:data1\" content=\"Blog da Condessa\" \/>\n\t<meta name=\"twitter:label2\" content=\"Est. tempo de leitura\" \/>\n\t<meta name=\"twitter:data2\" content=\"5 minutos\" \/>\n<script type=\"application\/ld+json\" class=\"yoast-schema-graph\">{\"@context\":\"https:\\\/\\\/schema.org\",\"@graph\":[{\"@type\":\"Article\",\"@id\":\"https:\\\/\\\/blogdacondessa.com.br\\\/blog\\\/cidades\\\/investimento-na-feira-do-produtor-rural-em-chapada-dos-guimaraes-beneficia-agricultura-familiar-e-fomenta-o-turismo\\\/#article\",\"isPartOf\":{\"@id\":\"https:\\\/\\\/blogdacondessa.com.br\\\/blog\\\/cidades\\\/investimento-na-feira-do-produtor-rural-em-chapada-dos-guimaraes-beneficia-agricultura-familiar-e-fomenta-o-turismo\\\/\"},\"author\":{\"name\":\"Blog da Condessa\",\"@id\":\"https:\\\/\\\/blogdacondessa.com.br\\\/blog\\\/#\\\/schema\\\/person\\\/1d667ff8b785195b568677489d266035\"},\"headline\":\"Investimento na Feira do Produtor Rural em Chapada dos Guimar\u00e3es beneficia agricultura familiar e fomenta o turismo\",\"datePublished\":\"2024-05-26T09:00:38+00:00\",\"mainEntityOfPage\":{\"@id\":\"https:\\\/\\\/blogdacondessa.com.br\\\/blog\\\/cidades\\\/investimento-na-feira-do-produtor-rural-em-chapada-dos-guimaraes-beneficia-agricultura-familiar-e-fomenta-o-turismo\\\/\"},\"wordCount\":757,\"image\":{\"@id\":\"https:\\\/\\\/blogdacondessa.com.br\\\/blog\\\/cidades\\\/investimento-na-feira-do-produtor-rural-em-chapada-dos-guimaraes-beneficia-agricultura-familiar-e-fomenta-o-turismo\\\/#primaryimage\"},\"thumbnailUrl\":\"https:\\\/\\\/blogdacondessa.com.br\\\/blog\\\/wp-content\\\/uploads\\\/2024\\\/05\\\/feira-do-produtor.jpg\",\"articleSection\":[\"Cidades\"],\"inLanguage\":\"pt-BR\"},{\"@type\":\"WebPage\",\"@id\":\"https:\\\/\\\/blogdacondessa.com.br\\\/blog\\\/cidades\\\/investimento-na-feira-do-produtor-rural-em-chapada-dos-guimaraes-beneficia-agricultura-familiar-e-fomenta-o-turismo\\\/\",\"url\":\"https:\\\/\\\/blogdacondessa.com.br\\\/blog\\\/cidades\\\/investimento-na-feira-do-produtor-rural-em-chapada-dos-guimaraes-beneficia-agricultura-familiar-e-fomenta-o-turismo\\\/\",\"name\":\"Investimento na Feira do Produtor Rural em Chapada dos Guimar\u00e3es beneficia agricultura familiar e fomenta o turismo &#8902; Blog da Condessa\",\"isPartOf\":{\"@id\":\"https:\\\/\\\/blogdacondessa.com.br\\\/blog\\\/#website\"},\"primaryImageOfPage\":{\"@id\":\"https:\\\/\\\/blogdacondessa.com.br\\\/blog\\\/cidades\\\/investimento-na-feira-do-produtor-rural-em-chapada-dos-guimaraes-beneficia-agricultura-familiar-e-fomenta-o-turismo\\\/#primaryimage\"},\"image\":{\"@id\":\"https:\\\/\\\/blogdacondessa.com.br\\\/blog\\\/cidades\\\/investimento-na-feira-do-produtor-rural-em-chapada-dos-guimaraes-beneficia-agricultura-familiar-e-fomenta-o-turismo\\\/#primaryimage\"},\"thumbnailUrl\":\"https:\\\/\\\/blogdacondessa.com.br\\\/blog\\\/wp-content\\\/uploads\\\/2024\\\/05\\\/feira-do-produtor.jpg\",\"datePublished\":\"2024-05-26T09:00:38+00:00\",\"author\":{\"@id\":\"https:\\\/\\\/blogdacondessa.com.br\\\/blog\\\/#\\\/schema\\\/person\\\/1d667ff8b785195b568677489d266035\"},\"breadcrumb\":{\"@id\":\"https:\\\/\\\/blogdacondessa.com.br\\\/blog\\\/cidades\\\/investimento-na-feira-do-produtor-rural-em-chapada-dos-guimaraes-beneficia-agricultura-familiar-e-fomenta-o-turismo\\\/#breadcrumb\"},\"inLanguage\":\"pt-BR\",\"potentialAction\":[{\"@type\":\"ReadAction\",\"target\":[\"https:\\\/\\\/blogdacondessa.com.br\\\/blog\\\/cidades\\\/investimento-na-feira-do-produtor-rural-em-chapada-dos-guimaraes-beneficia-agricultura-familiar-e-fomenta-o-turismo\\\/\"]}]},{\"@type\":\"ImageObject\",\"inLanguage\":\"pt-BR\",\"@id\":\"https:\\\/\\\/blogdacondessa.com.br\\\/blog\\\/cidades\\\/investimento-na-feira-do-produtor-rural-em-chapada-dos-guimaraes-beneficia-agricultura-familiar-e-fomenta-o-turismo\\\/#primaryimage\",\"url\":\"https:\\\/\\\/blogdacondessa.com.br\\\/blog\\\/wp-content\\\/uploads\\\/2024\\\/05\\\/feira-do-produtor.jpg\",\"contentUrl\":\"https:\\\/\\\/blogdacondessa.com.br\\\/blog\\\/wp-content\\\/uploads\\\/2024\\\/05\\\/feira-do-produtor.jpg\",\"width\":1024,\"height\":523},{\"@type\":\"BreadcrumbList\",\"@id\":\"https:\\\/\\\/blogdacondessa.com.br\\\/blog\\\/cidades\\\/investimento-na-feira-do-produtor-rural-em-chapada-dos-guimaraes-beneficia-agricultura-familiar-e-fomenta-o-turismo\\\/#breadcrumb\",\"itemListElement\":[{\"@type\":\"ListItem\",\"position\":1,\"name\":\"In\u00edcio\",\"item\":\"https:\\\/\\\/blogdacondessa.com.br\\\/blog\\\/\"},{\"@type\":\"ListItem\",\"position\":2,\"name\":\"Investimento na Feira do Produtor Rural em Chapada dos Guimar\u00e3es beneficia agricultura familiar e fomenta o turismo\"}]},{\"@type\":\"WebSite\",\"@id\":\"https:\\\/\\\/blogdacondessa.com.br\\\/blog\\\/#website\",\"url\":\"https:\\\/\\\/blogdacondessa.com.br\\\/blog\\\/\",\"name\":\"Blog da Condessa\",\"description\":\"Com Shirley de Souza O\u2019Campos\",\"potentialAction\":[{\"@type\":\"SearchAction\",\"target\":{\"@type\":\"EntryPoint\",\"urlTemplate\":\"https:\\\/\\\/blogdacondessa.com.br\\\/blog\\\/?s={search_term_string}\"},\"query-input\":{\"@type\":\"PropertyValueSpecification\",\"valueRequired\":true,\"valueName\":\"search_term_string\"}}],\"inLanguage\":\"pt-BR\"},{\"@type\":\"Person\",\"@id\":\"https:\\\/\\\/blogdacondessa.com.br\\\/blog\\\/#\\\/schema\\\/person\\\/1d667ff8b785195b568677489d266035\",\"name\":\"Blog da Condessa\",\"image\":{\"@type\":\"ImageObject\",\"inLanguage\":\"pt-BR\",\"@id\":\"https:\\\/\\\/secure.gravatar.com\\\/avatar\\\/377c0eb8b4ad2bfc25461b41564b5971e721ca34a57642868fc7b0c8ac7b52c5?s=96&d=mm&r=g\",\"url\":\"https:\\\/\\\/secure.gravatar.com\\\/avatar\\\/377c0eb8b4ad2bfc25461b41564b5971e721ca34a57642868fc7b0c8ac7b52c5?s=96&d=mm&r=g\",\"contentUrl\":\"https:\\\/\\\/secure.gravatar.com\\\/avatar\\\/377c0eb8b4ad2bfc25461b41564b5971e721ca34a57642868fc7b0c8ac7b52c5?s=96&d=mm&r=g\",\"caption\":\"Blog da Condessa\"},\"url\":\"https:\\\/\\\/blogdacondessa.com.br\\\/blog\\\/author\\\/beatriz\\\/\"}]}<\/script>\n<!-- \/ Yoast SEO plugin. -->","yoast_head_json":{"title":"Investimento na Feira do Produtor Rural em Chapada dos Guimar\u00e3es beneficia agricultura familiar e fomenta o turismo &#8902; Blog da Condessa","robots":{"index":"index","follow":"follow","max-snippet":"max-snippet:-1","max-image-preview":"max-image-preview:large","max-video-preview":"max-video-preview:-1"},"canonical":"https:\/\/blogdacondessa.com.br\/blog\/cidades\/investimento-na-feira-do-produtor-rural-em-chapada-dos-guimaraes-beneficia-agricultura-familiar-e-fomenta-o-turismo\/","og_locale":"pt_BR","og_type":"article","og_title":"Investimento na Feira do Produtor Rural em Chapada dos Guimar\u00e3es beneficia agricultura familiar e fomenta o turismo &#8902; Blog da Condessa","og_description":"Com investimento de R$ 4,3 milh\u00f5es,Governo de MT lan\u00e7a obra com mais de 4 mil m\u00b2 que ter\u00e1 76 boxes, estacionamento e pra\u00e7a de alimenta\u00e7\u00e3o. O Governo de Mato Grosso lan\u00e7ou, no s\u00e1bado (24.05), a segunda etapa das obras de readequa\u00e7\u00e3o e amplia\u00e7\u00e3o da Feira do Produtor Rural em Chapada dos Guimar\u00e3es, com um investimento [&hellip;]","og_url":"https:\/\/blogdacondessa.com.br\/blog\/cidades\/investimento-na-feira-do-produtor-rural-em-chapada-dos-guimaraes-beneficia-agricultura-familiar-e-fomenta-o-turismo\/","og_site_name":"Blog da Condessa","article_published_time":"2024-05-26T09:00:38+00:00","og_image":[{"width":1024,"height":523,"url":"https:\/\/blogdacondessa.com.br\/blog\/wp-content\/uploads\/2024\/05\/feira-do-produtor.jpg","type":"image\/jpeg"}],"author":"Blog da Condessa","twitter_card":"summary_large_image","twitter_misc":{"Escrito por":"Blog da Condessa","Est. tempo de leitura":"5 minutos"},"schema":{"@context":"https:\/\/schema.org","@graph":[{"@type":"Article","@id":"https:\/\/blogdacondessa.com.br\/blog\/cidades\/investimento-na-feira-do-produtor-rural-em-chapada-dos-guimaraes-beneficia-agricultura-familiar-e-fomenta-o-turismo\/#article","isPartOf":{"@id":"https:\/\/blogdacondessa.com.br\/blog\/cidades\/investimento-na-feira-do-produtor-rural-em-chapada-dos-guimaraes-beneficia-agricultura-familiar-e-fomenta-o-turismo\/"},"author":{"name":"Blog da Condessa","@id":"https:\/\/blogdacondessa.com.br\/blog\/#\/schema\/person\/1d667ff8b785195b568677489d266035"},"headline":"Investimento na Feira do Produtor Rural em Chapada dos Guimar\u00e3es beneficia agricultura familiar e fomenta o turismo","datePublished":"2024-05-26T09:00:38+00:00","mainEntityOfPage":{"@id":"https:\/\/blogdacondessa.com.br\/blog\/cidades\/investimento-na-feira-do-produtor-rural-em-chapada-dos-guimaraes-beneficia-agricultura-familiar-e-fomenta-o-turismo\/"},"wordCount":757,"image":{"@id":"https:\/\/blogdacondessa.com.br\/blog\/cidades\/investimento-na-feira-do-produtor-rural-em-chapada-dos-guimaraes-beneficia-agricultura-familiar-e-fomenta-o-turismo\/#primaryimage"},"thumbnailUrl":"https:\/\/blogdacondessa.com.br\/blog\/wp-content\/uploads\/2024\/05\/feira-do-produtor.jpg","articleSection":["Cidades"],"inLanguage":"pt-BR"},{"@type":"WebPage","@id":"https:\/\/blogdacondessa.com.br\/blog\/cidades\/investimento-na-feira-do-produtor-rural-em-chapada-dos-guimaraes-beneficia-agricultura-familiar-e-fomenta-o-turismo\/","url":"https:\/\/blogdacondessa.com.br\/blog\/cidades\/investimento-na-feira-do-produtor-rural-em-chapada-dos-guimaraes-beneficia-agricultura-familiar-e-fomenta-o-turismo\/","name":"Investimento na Feira do Produtor Rural em Chapada dos Guimar\u00e3es beneficia agricultura familiar e fomenta o turismo &#8902; Blog da Condessa","isPartOf":{"@id":"https:\/\/blogdacondessa.com.br\/blog\/#website"},"primaryImageOfPage":{"@id":"https:\/\/blogdacondessa.com.br\/blog\/cidades\/investimento-na-feira-do-produtor-rural-em-chapada-dos-guimaraes-beneficia-agricultura-familiar-e-fomenta-o-turismo\/#primaryimage"},"image":{"@id":"https:\/\/blogdacondessa.com.br\/blog\/cidades\/investimento-na-feira-do-produtor-rural-em-chapada-dos-guimaraes-beneficia-agricultura-familiar-e-fomenta-o-turismo\/#primaryimage"},"thumbnailUrl":"https:\/\/blogdacondessa.com.br\/blog\/wp-content\/uploads\/2024\/05\/feira-do-produtor.jpg","datePublished":"2024-05-26T09:00:38+00:00","author":{"@id":"https:\/\/blogdacondessa.com.br\/blog\/#\/schema\/person\/1d667ff8b785195b568677489d266035"},"breadcrumb":{"@id":"https:\/\/blogdacondessa.com.br\/blog\/cidades\/investimento-na-feira-do-produtor-rural-em-chapada-dos-guimaraes-beneficia-agricultura-familiar-e-fomenta-o-turismo\/#breadcrumb"},"inLanguage":"pt-BR","potentialAction":[{"@type":"ReadAction","target":["https:\/\/blogdacondessa.com.br\/blog\/cidades\/investimento-na-feira-do-produtor-rural-em-chapada-dos-guimaraes-beneficia-agricultura-familiar-e-fomenta-o-turismo\/"]}]},{"@type":"ImageObject","inLanguage":"pt-BR","@id":"https:\/\/blogdacondessa.com.br\/blog\/cidades\/investimento-na-feira-do-produtor-rural-em-chapada-dos-guimaraes-beneficia-agricultura-familiar-e-fomenta-o-turismo\/#primaryimage","url":"https:\/\/blogdacondessa.com.br\/blog\/wp-content\/uploads\/2024\/05\/feira-do-produtor.jpg","contentUrl":"https:\/\/blogdacondessa.com.br\/blog\/wp-content\/uploads\/2024\/05\/feira-do-produtor.jpg","width":1024,"height":523},{"@type":"BreadcrumbList","@id":"https:\/\/blogdacondessa.com.br\/blog\/cidades\/investimento-na-feira-do-produtor-rural-em-chapada-dos-guimaraes-beneficia-agricultura-familiar-e-fomenta-o-turismo\/#breadcrumb","itemListElement":[{"@type":"ListItem","position":1,"name":"In\u00edcio","item":"https:\/\/blogdacondessa.com.br\/blog\/"},{"@type":"ListItem","position":2,"name":"Investimento na Feira do Produtor Rural em Chapada dos Guimar\u00e3es beneficia agricultura familiar e fomenta o turismo"}]},{"@type":"WebSite","@id":"https:\/\/blogdacondessa.com.br\/blog\/#website","url":"https:\/\/blogdacondessa.com.br\/blog\/","name":"Blog da Condessa","description":"Com Shirley de Souza O\u2019Campos","potentialAction":[{"@type":"SearchAction","target":{"@type":"EntryPoint","urlTemplate":"https:\/\/blogdacondessa.com.br\/blog\/?s={search_term_string}"},"query-input":{"@type":"PropertyValueSpecification","valueRequired":true,"valueName":"search_term_string"}}],"inLanguage":"pt-BR"},{"@type":"Person","@id":"https:\/\/blogdacondessa.com.br\/blog\/#\/schema\/person\/1d667ff8b785195b568677489d266035","name":"Blog da Condessa","image":{"@type":"ImageObject","inLanguage":"pt-BR","@id":"https:\/\/secure.gravatar.com\/avatar\/377c0eb8b4ad2bfc25461b41564b5971e721ca34a57642868fc7b0c8ac7b52c5?s=96&d=mm&r=g","url":"https:\/\/secure.gravatar.com\/avatar\/377c0eb8b4ad2bfc25461b41564b5971e721ca34a57642868fc7b0c8ac7b52c5?s=96&d=mm&r=g","contentUrl":"https:\/\/secure.gravatar.com\/avatar\/377c0eb8b4ad2bfc25461b41564b5971e721ca34a57642868fc7b0c8ac7b52c5?s=96&d=mm&r=g","caption":"Blog da Condessa"},"url":"https:\/\/blogdacondessa.com.br\/blog\/author\/beatriz\/"}]}},"_links":{"self":[{"href":"https:\/\/blogdacondessa.com.br\/blog\/wp-json\/wp\/v2\/posts\/9679","targetHints":{"allow":["GET"]}}],"collection":[{"href":"https:\/\/blogdacondessa.com.br\/blog\/wp-json\/wp\/v2\/posts"}],"about":[{"href":"https:\/\/blogdacondessa.com.br\/blog\/wp-json\/wp\/v2\/types\/post"}],"author":[{"embeddable":true,"href":"https:\/\/blogdacondessa.com.br\/blog\/wp-json\/wp\/v2\/users\/2"}],"replies":[{"embeddable":true,"href":"https:\/\/blogdacondessa.com.br\/blog\/wp-json\/wp\/v2\/comments?post=9679"}],"version-history":[{"count":0,"href":"https:\/\/blogdacondessa.com.br\/blog\/wp-json\/wp\/v2\/posts\/9679\/revisions"}],"wp:featuredmedia":[{"embeddable":true,"href":"https:\/\/blogdacondessa.com.br\/blog\/wp-json\/wp\/v2\/media\/9680"}],"wp:attachment":[{"href":"https:\/\/blogdacondessa.com.br\/blog\/wp-json\/wp\/v2\/media?parent=9679"}],"wp:term":[{"taxonomy":"category","embeddable":true,"href":"https:\/\/blogdacondessa.com.br\/blog\/wp-json\/wp\/v2\/categories?post=9679"},{"taxonomy":"post_tag","embeddable":true,"href":"https:\/\/blogdacondessa.com.br\/blog\/wp-json\/wp\/v2\/tags?post=9679"}],"curies":[{"name":"wp","href":"https:\/\/api.w.org\/{rel}","templated":true}]}}