{"id":9661,"date":"2024-05-22T05:00:15","date_gmt":"2024-05-22T09:00:15","guid":{"rendered":"https:\/\/blogdacondessa.com.br\/blog\/?p=9661"},"modified":"2024-05-21T17:43:46","modified_gmt":"2024-05-21T21:43:46","slug":"senador-de-mt-sugere-ajudar-o-povo-gaucho-com-uma-nova-perspectiva-de-crescimento","status":"publish","type":"post","link":"https:\/\/blogdacondessa.com.br\/blog\/politica\/senador-de-mt-sugere-ajudar-o-povo-gaucho-com-uma-nova-perspectiva-de-crescimento\/","title":{"rendered":"Senador de MT sugere ajudar o povo ga\u00facho com uma nova perspectiva de crescimento"},"content":{"rendered":"<p>Jayme Campos prop\u00f5e que Mato Grosso receba fam\u00edlias ga\u00fachas em novo ciclo de desenvolvimento. Senador ressaltou que o povo ga\u00facho foi um dos grandes respons\u00e1veis pelo desenvolvimento econ\u00f4mico e social Mato Grosso.<br \/>\nMato Grosso poder\u00e1 abrigar fam\u00edlias ga\u00fachas desabrigadas pelas maiores cheias da hist\u00f3ria que se abateu sobre o Rio Grande do Sul. O senador Jayme Campos (Uni\u00e3o-MT) anunciou na segunda-feira, 20, que vai propor no Congresso e ao Governo Federal um ciclo de debate para estrutura\u00e7\u00e3o de uma pol\u00edtica que permita levar ao Estado todas aqueles grupos que perderam seus bens na trag\u00e9dia \u201ce que estejam dispostas a reconstru\u00e7\u00e3o de suas vidas\u201d.<br \/>\nAo participar de um podcast promovido pela Associa\u00e7\u00e3o Comercial e Empresarial de \u00c1gua Boa, com as empres\u00e1rias Mirian Bernieri, e Eliane Cassiano, o senador mencionou a iniciativa. Segundo ele, essas fam\u00edlias desabrigadas poder\u00e3o ter a oportunidade de reestrutura\u00e7\u00e3o de suas vidas a partir de um projeto p\u00fablico e que pode representar um novo ciclo de desenvolvimento do Estado.<br \/>\nPara dimensionar o tamanho da trag\u00e9dia que se abateu sobre o Rio Grande do Sul, autoridades ga\u00fachas falam da possibilidade de se criar &#8220;cidades tempor\u00e1rias&#8221; para abrigar desalojados pela maior trag\u00e9dia clim\u00e1tica do estado. De acordo balan\u00e7o da Defesa Civil, 77.202 pessoas est\u00e3o em abrigos; 540.188 est\u00e3o desalojadas; e 2,3 milh\u00f5es foram afetadas pelas enchentes, no total. Movimentos de moradia, no entanto, criticam a proposta e pedem di\u00e1logo.<br \/>\nJayme Campos ressaltou que o povo ga\u00facho foi um dos grandes respons\u00e1veis pelo desenvolvimento econ\u00f4mico e social Mato Grosso nas d\u00e9cadas entre os anos 1980 e final de 1990. Esse processo se deu a partir de grandes projetos de assentamentos, organizados pelo Instituto Nacional de Coloniza\u00e7\u00e3o e Reforma Agr\u00e1ria (Incra) e citou como exemplo Terra Nova do Norte e Lucas do Rio Verde, hoje grandes polos de desenvolvimento do Estado e do agroneg\u00f3cio.<br \/>\n\u201cMuitas fam\u00edlias do Sul do Brasil vieram dentro de uma proposta organizada e ajudaram, com sua excepcional for\u00e7a de trabalho e organiza\u00e7\u00e3o, a construir esse Estado magnifico que hoje \u00e9 Mato Grosso. Podemos fazer novamente isso\u201d \u2013destacou. Jayme citou tamb\u00e9m o resultado de outros projetos de coloniza\u00e7\u00e3o bem sucedidos, executados no Estado, e que deram origem a cidades como Sinop, Sorriso e Canarana.<br \/>\nCampos ressaltou que quando Mato Grosso foi dividido, em 1977, estudos mostravam que a popula\u00e7\u00e3o chegaria na virada do s\u00e9culo a 9 milh\u00f5es de habitantes. Todavia, essa previs\u00e3o n\u00e3o se concretizou. Atualmente, o Estado tem pouco mais de 3 milh\u00f5es de habitantes e conta ainda com grandes com grandes \u00e1reas p\u00fablicas que podem ser convertidas, em parte, para cria\u00e7\u00e3o de novos projetos de assentamentos.<br \/>\nO senador citou como exemplo a possibilidade de converter parte das reservas ind\u00edgenas em projetos de assentamentos. Ele citou como exemplo o espa\u00e7o superior a 1,2 milh\u00e3o de hectares utilizados pelos \u00edndios da etnia Parecis, que avan\u00e7am na implanta\u00e7\u00e3o de lavouras mecanizadas. Outro exemplo \u00e9 o Vale do Araguaia, que tem capacidade de produzir tudo que Mato Grosso produz atualmente sem avan\u00e7ar sobre a prote\u00e7\u00e3o florestal.<br \/>\n\u201cIsso tudo tem que ser estudado, bem pensado, em forma de pol\u00edtica p\u00fablica de desenvolvimento, que envolva munic\u00edpios, o Estado e tamb\u00e9m a Uni\u00e3o \u2013 ele frisou. Ser\u00e1 um deslocamento de fam\u00edlias com voca\u00e7\u00e3o e prontas para se reconstru\u00edrem e ajudarem nosso Estado, que tem uma hist\u00f3ria de \u00eaxito nesse tipo de proposta. Sem contar que essa \u00e9 a forma mais efetiva de ajudar o povo ga\u00facho, com uma nova perspectiva de crescimento\u201d.<br \/>\n<strong>Empregos de sobra<\/strong><br \/>\nAl\u00e9m de aumentar a popula\u00e7\u00e3o, Jayme Campos v\u00ea nesse processo a possibilidade de transfer\u00eancia de fam\u00edlias para Mato Grosso n\u00e3o apenas para atua\u00e7\u00e3o no campo. Com \u00eanfase no desenvolvimento do agroneg\u00f3cio, ele considera que esse deslocamento proporcionar\u00e1 tamb\u00e9m a chegada de m\u00e3o de obra para atua\u00e7\u00e3o em outros segmentos.<br \/>\n\u201cHoje temos dificuldade com m\u00e3o de obra no nosso Estado\u201d \u2013 disse. Exemplo \u00e9 a empresa Rumo Log\u00edstica, que est\u00e1 avan\u00e7ando com obras de implanta\u00e7\u00e3o da Ferronorte de Rondon\u00f3polis para Lucas do Rio Verde, no Norte do Estado, e ainda com extens\u00e3o de um ramal ferrovi\u00e1rio at\u00e9 Cuiab\u00e1. A empresa calcula empregar 5 mil pessoas, mas enfrenta dificuldades para contratar pessoas. At\u00e9 agora, apenas 2.250 vagas foram preenchidas.<br \/>\n<strong>Rodovias federais<\/strong><br \/>\nO ciclo de desenvolvimento a ser proporcionado com a poss\u00edvel transfer\u00eancia organizada de fam\u00edlias do Rio Grande do Sul para Mato Grosso tamb\u00e9m passa, segundo ele, pelo avan\u00e7o do projeto de infraestrutura do Estado. Al\u00e9m da Ferronorte, Campos destacou o trabalho que vem sendo realizado junto \u00e0s autoridades federais pela conclus\u00e3o das obras de asfaltamento da BR-158 e da 242.<br \/>\nCampos se disse preocupado com a chegada da Ferrovia de Integra\u00e7\u00e3o do Centro-Oeste ao munic\u00edpio de \u00c1gua Boa, fato que exigir\u00e1 urgentes medidas para amplia\u00e7\u00e3o da BR-158, que, segundo ele, ser\u00e1 fortemente impactada. Ele lembrou que essa rodovia federal j\u00e1 deveria ter sido conclu\u00edda n\u00e3o fosse os embara\u00e7os ambientais causados por \u2018pseudos\u2019 defensores dos povos origin\u00e1rios.<\/p>\n","protected":false},"excerpt":{"rendered":"<p>Jayme Campos prop\u00f5e que Mato Grosso receba fam\u00edlias ga\u00fachas em novo ciclo de desenvolvimento. Senador ressaltou que o povo ga\u00facho foi um dos grandes respons\u00e1veis pelo desenvolvimento econ\u00f4mico e social Mato Grosso. Mato Grosso poder\u00e1 abrigar fam\u00edlias ga\u00fachas desabrigadas pelas maiores cheias da hist\u00f3ria que se abateu sobre o Rio Grande do Sul. O senador [&hellip;]<\/p>\n","protected":false},"author":2,"featured_media":9662,"comment_status":"closed","ping_status":"closed","sticky":false,"template":"","format":"standard","meta":{"iawp_total_views":25,"footnotes":""},"categories":[10],"tags":[],"class_list":["post-9661","post","type-post","status-publish","format-standard","has-post-thumbnail","hentry","category-politica"],"yoast_head":"<!-- This site is optimized with the Yoast SEO plugin v27.3 - https:\/\/yoast.com\/product\/yoast-seo-wordpress\/ -->\n<title>Senador de MT sugere ajudar o povo ga\u00facho com uma nova perspectiva de crescimento &#8902; Blog da Condessa<\/title>\n<meta name=\"robots\" content=\"index, follow, max-snippet:-1, max-image-preview:large, max-video-preview:-1\" \/>\n<link rel=\"canonical\" href=\"https:\/\/blogdacondessa.com.br\/blog\/politica\/senador-de-mt-sugere-ajudar-o-povo-gaucho-com-uma-nova-perspectiva-de-crescimento\/\" \/>\n<meta property=\"og:locale\" content=\"pt_BR\" \/>\n<meta property=\"og:type\" content=\"article\" \/>\n<meta property=\"og:title\" content=\"Senador de MT sugere ajudar o povo ga\u00facho com uma nova perspectiva de crescimento &#8902; Blog da Condessa\" \/>\n<meta property=\"og:description\" content=\"Jayme Campos prop\u00f5e que Mato Grosso receba fam\u00edlias ga\u00fachas em novo ciclo de desenvolvimento. Senador ressaltou que o povo ga\u00facho foi um dos grandes respons\u00e1veis pelo desenvolvimento econ\u00f4mico e social Mato Grosso. Mato Grosso poder\u00e1 abrigar fam\u00edlias ga\u00fachas desabrigadas pelas maiores cheias da hist\u00f3ria que se abateu sobre o Rio Grande do Sul. O senador [&hellip;]\" \/>\n<meta property=\"og:url\" content=\"https:\/\/blogdacondessa.com.br\/blog\/politica\/senador-de-mt-sugere-ajudar-o-povo-gaucho-com-uma-nova-perspectiva-de-crescimento\/\" \/>\n<meta property=\"og:site_name\" content=\"Blog da Condessa\" \/>\n<meta property=\"article:published_time\" content=\"2024-05-22T09:00:15+00:00\" \/>\n<meta property=\"og:image\" content=\"https:\/\/blogdacondessa.com.br\/blog\/wp-content\/uploads\/2024\/05\/JAYME-CAMPOS.jpeg\" \/>\n\t<meta property=\"og:image:width\" content=\"920\" \/>\n\t<meta property=\"og:image:height\" content=\"518\" \/>\n\t<meta property=\"og:image:type\" content=\"image\/jpeg\" \/>\n<meta name=\"author\" content=\"Blog da Condessa\" \/>\n<meta name=\"twitter:card\" content=\"summary_large_image\" \/>\n<meta name=\"twitter:label1\" content=\"Escrito por\" \/>\n\t<meta name=\"twitter:data1\" content=\"Blog da Condessa\" \/>\n\t<meta name=\"twitter:label2\" content=\"Est. tempo de leitura\" \/>\n\t<meta name=\"twitter:data2\" content=\"5 minutos\" \/>\n<script type=\"application\/ld+json\" class=\"yoast-schema-graph\">{\"@context\":\"https:\\\/\\\/schema.org\",\"@graph\":[{\"@type\":\"Article\",\"@id\":\"https:\\\/\\\/blogdacondessa.com.br\\\/blog\\\/politica\\\/senador-de-mt-sugere-ajudar-o-povo-gaucho-com-uma-nova-perspectiva-de-crescimento\\\/#article\",\"isPartOf\":{\"@id\":\"https:\\\/\\\/blogdacondessa.com.br\\\/blog\\\/politica\\\/senador-de-mt-sugere-ajudar-o-povo-gaucho-com-uma-nova-perspectiva-de-crescimento\\\/\"},\"author\":{\"name\":\"Blog da Condessa\",\"@id\":\"https:\\\/\\\/blogdacondessa.com.br\\\/blog\\\/#\\\/schema\\\/person\\\/1d667ff8b785195b568677489d266035\"},\"headline\":\"Senador de MT sugere ajudar o povo ga\u00facho com uma nova perspectiva de crescimento\",\"datePublished\":\"2024-05-22T09:00:15+00:00\",\"mainEntityOfPage\":{\"@id\":\"https:\\\/\\\/blogdacondessa.com.br\\\/blog\\\/politica\\\/senador-de-mt-sugere-ajudar-o-povo-gaucho-com-uma-nova-perspectiva-de-crescimento\\\/\"},\"wordCount\":900,\"image\":{\"@id\":\"https:\\\/\\\/blogdacondessa.com.br\\\/blog\\\/politica\\\/senador-de-mt-sugere-ajudar-o-povo-gaucho-com-uma-nova-perspectiva-de-crescimento\\\/#primaryimage\"},\"thumbnailUrl\":\"https:\\\/\\\/blogdacondessa.com.br\\\/blog\\\/wp-content\\\/uploads\\\/2024\\\/05\\\/JAYME-CAMPOS.jpeg\",\"articleSection\":[\"Pol\u00edtica\"],\"inLanguage\":\"pt-BR\"},{\"@type\":\"WebPage\",\"@id\":\"https:\\\/\\\/blogdacondessa.com.br\\\/blog\\\/politica\\\/senador-de-mt-sugere-ajudar-o-povo-gaucho-com-uma-nova-perspectiva-de-crescimento\\\/\",\"url\":\"https:\\\/\\\/blogdacondessa.com.br\\\/blog\\\/politica\\\/senador-de-mt-sugere-ajudar-o-povo-gaucho-com-uma-nova-perspectiva-de-crescimento\\\/\",\"name\":\"Senador de MT sugere ajudar o povo ga\u00facho com uma nova perspectiva de crescimento &#8902; Blog da Condessa\",\"isPartOf\":{\"@id\":\"https:\\\/\\\/blogdacondessa.com.br\\\/blog\\\/#website\"},\"primaryImageOfPage\":{\"@id\":\"https:\\\/\\\/blogdacondessa.com.br\\\/blog\\\/politica\\\/senador-de-mt-sugere-ajudar-o-povo-gaucho-com-uma-nova-perspectiva-de-crescimento\\\/#primaryimage\"},\"image\":{\"@id\":\"https:\\\/\\\/blogdacondessa.com.br\\\/blog\\\/politica\\\/senador-de-mt-sugere-ajudar-o-povo-gaucho-com-uma-nova-perspectiva-de-crescimento\\\/#primaryimage\"},\"thumbnailUrl\":\"https:\\\/\\\/blogdacondessa.com.br\\\/blog\\\/wp-content\\\/uploads\\\/2024\\\/05\\\/JAYME-CAMPOS.jpeg\",\"datePublished\":\"2024-05-22T09:00:15+00:00\",\"author\":{\"@id\":\"https:\\\/\\\/blogdacondessa.com.br\\\/blog\\\/#\\\/schema\\\/person\\\/1d667ff8b785195b568677489d266035\"},\"breadcrumb\":{\"@id\":\"https:\\\/\\\/blogdacondessa.com.br\\\/blog\\\/politica\\\/senador-de-mt-sugere-ajudar-o-povo-gaucho-com-uma-nova-perspectiva-de-crescimento\\\/#breadcrumb\"},\"inLanguage\":\"pt-BR\",\"potentialAction\":[{\"@type\":\"ReadAction\",\"target\":[\"https:\\\/\\\/blogdacondessa.com.br\\\/blog\\\/politica\\\/senador-de-mt-sugere-ajudar-o-povo-gaucho-com-uma-nova-perspectiva-de-crescimento\\\/\"]}]},{\"@type\":\"ImageObject\",\"inLanguage\":\"pt-BR\",\"@id\":\"https:\\\/\\\/blogdacondessa.com.br\\\/blog\\\/politica\\\/senador-de-mt-sugere-ajudar-o-povo-gaucho-com-uma-nova-perspectiva-de-crescimento\\\/#primaryimage\",\"url\":\"https:\\\/\\\/blogdacondessa.com.br\\\/blog\\\/wp-content\\\/uploads\\\/2024\\\/05\\\/JAYME-CAMPOS.jpeg\",\"contentUrl\":\"https:\\\/\\\/blogdacondessa.com.br\\\/blog\\\/wp-content\\\/uploads\\\/2024\\\/05\\\/JAYME-CAMPOS.jpeg\",\"width\":920,\"height\":518,\"caption\":\"Foto: Assessoria\"},{\"@type\":\"BreadcrumbList\",\"@id\":\"https:\\\/\\\/blogdacondessa.com.br\\\/blog\\\/politica\\\/senador-de-mt-sugere-ajudar-o-povo-gaucho-com-uma-nova-perspectiva-de-crescimento\\\/#breadcrumb\",\"itemListElement\":[{\"@type\":\"ListItem\",\"position\":1,\"name\":\"In\u00edcio\",\"item\":\"https:\\\/\\\/blogdacondessa.com.br\\\/blog\\\/\"},{\"@type\":\"ListItem\",\"position\":2,\"name\":\"Senador de MT sugere ajudar o povo ga\u00facho com uma nova perspectiva de crescimento\"}]},{\"@type\":\"WebSite\",\"@id\":\"https:\\\/\\\/blogdacondessa.com.br\\\/blog\\\/#website\",\"url\":\"https:\\\/\\\/blogdacondessa.com.br\\\/blog\\\/\",\"name\":\"Blog da Condessa\",\"description\":\"Com Shirley de Souza O\u2019Campos\",\"potentialAction\":[{\"@type\":\"SearchAction\",\"target\":{\"@type\":\"EntryPoint\",\"urlTemplate\":\"https:\\\/\\\/blogdacondessa.com.br\\\/blog\\\/?s={search_term_string}\"},\"query-input\":{\"@type\":\"PropertyValueSpecification\",\"valueRequired\":true,\"valueName\":\"search_term_string\"}}],\"inLanguage\":\"pt-BR\"},{\"@type\":\"Person\",\"@id\":\"https:\\\/\\\/blogdacondessa.com.br\\\/blog\\\/#\\\/schema\\\/person\\\/1d667ff8b785195b568677489d266035\",\"name\":\"Blog da Condessa\",\"image\":{\"@type\":\"ImageObject\",\"inLanguage\":\"pt-BR\",\"@id\":\"https:\\\/\\\/secure.gravatar.com\\\/avatar\\\/377c0eb8b4ad2bfc25461b41564b5971e721ca34a57642868fc7b0c8ac7b52c5?s=96&d=mm&r=g\",\"url\":\"https:\\\/\\\/secure.gravatar.com\\\/avatar\\\/377c0eb8b4ad2bfc25461b41564b5971e721ca34a57642868fc7b0c8ac7b52c5?s=96&d=mm&r=g\",\"contentUrl\":\"https:\\\/\\\/secure.gravatar.com\\\/avatar\\\/377c0eb8b4ad2bfc25461b41564b5971e721ca34a57642868fc7b0c8ac7b52c5?s=96&d=mm&r=g\",\"caption\":\"Blog da Condessa\"},\"url\":\"https:\\\/\\\/blogdacondessa.com.br\\\/blog\\\/author\\\/beatriz\\\/\"}]}<\/script>\n<!-- \/ Yoast SEO plugin. -->","yoast_head_json":{"title":"Senador de MT sugere ajudar o povo ga\u00facho com uma nova perspectiva de crescimento &#8902; Blog da Condessa","robots":{"index":"index","follow":"follow","max-snippet":"max-snippet:-1","max-image-preview":"max-image-preview:large","max-video-preview":"max-video-preview:-1"},"canonical":"https:\/\/blogdacondessa.com.br\/blog\/politica\/senador-de-mt-sugere-ajudar-o-povo-gaucho-com-uma-nova-perspectiva-de-crescimento\/","og_locale":"pt_BR","og_type":"article","og_title":"Senador de MT sugere ajudar o povo ga\u00facho com uma nova perspectiva de crescimento &#8902; Blog da Condessa","og_description":"Jayme Campos prop\u00f5e que Mato Grosso receba fam\u00edlias ga\u00fachas em novo ciclo de desenvolvimento. Senador ressaltou que o povo ga\u00facho foi um dos grandes respons\u00e1veis pelo desenvolvimento econ\u00f4mico e social Mato Grosso. Mato Grosso poder\u00e1 abrigar fam\u00edlias ga\u00fachas desabrigadas pelas maiores cheias da hist\u00f3ria que se abateu sobre o Rio Grande do Sul. O senador [&hellip;]","og_url":"https:\/\/blogdacondessa.com.br\/blog\/politica\/senador-de-mt-sugere-ajudar-o-povo-gaucho-com-uma-nova-perspectiva-de-crescimento\/","og_site_name":"Blog da Condessa","article_published_time":"2024-05-22T09:00:15+00:00","og_image":[{"width":920,"height":518,"url":"https:\/\/blogdacondessa.com.br\/blog\/wp-content\/uploads\/2024\/05\/JAYME-CAMPOS.jpeg","type":"image\/jpeg"}],"author":"Blog da Condessa","twitter_card":"summary_large_image","twitter_misc":{"Escrito por":"Blog da Condessa","Est. tempo de leitura":"5 minutos"},"schema":{"@context":"https:\/\/schema.org","@graph":[{"@type":"Article","@id":"https:\/\/blogdacondessa.com.br\/blog\/politica\/senador-de-mt-sugere-ajudar-o-povo-gaucho-com-uma-nova-perspectiva-de-crescimento\/#article","isPartOf":{"@id":"https:\/\/blogdacondessa.com.br\/blog\/politica\/senador-de-mt-sugere-ajudar-o-povo-gaucho-com-uma-nova-perspectiva-de-crescimento\/"},"author":{"name":"Blog da Condessa","@id":"https:\/\/blogdacondessa.com.br\/blog\/#\/schema\/person\/1d667ff8b785195b568677489d266035"},"headline":"Senador de MT sugere ajudar o povo ga\u00facho com uma nova perspectiva de crescimento","datePublished":"2024-05-22T09:00:15+00:00","mainEntityOfPage":{"@id":"https:\/\/blogdacondessa.com.br\/blog\/politica\/senador-de-mt-sugere-ajudar-o-povo-gaucho-com-uma-nova-perspectiva-de-crescimento\/"},"wordCount":900,"image":{"@id":"https:\/\/blogdacondessa.com.br\/blog\/politica\/senador-de-mt-sugere-ajudar-o-povo-gaucho-com-uma-nova-perspectiva-de-crescimento\/#primaryimage"},"thumbnailUrl":"https:\/\/blogdacondessa.com.br\/blog\/wp-content\/uploads\/2024\/05\/JAYME-CAMPOS.jpeg","articleSection":["Pol\u00edtica"],"inLanguage":"pt-BR"},{"@type":"WebPage","@id":"https:\/\/blogdacondessa.com.br\/blog\/politica\/senador-de-mt-sugere-ajudar-o-povo-gaucho-com-uma-nova-perspectiva-de-crescimento\/","url":"https:\/\/blogdacondessa.com.br\/blog\/politica\/senador-de-mt-sugere-ajudar-o-povo-gaucho-com-uma-nova-perspectiva-de-crescimento\/","name":"Senador de MT sugere ajudar o povo ga\u00facho com uma nova perspectiva de crescimento &#8902; Blog da Condessa","isPartOf":{"@id":"https:\/\/blogdacondessa.com.br\/blog\/#website"},"primaryImageOfPage":{"@id":"https:\/\/blogdacondessa.com.br\/blog\/politica\/senador-de-mt-sugere-ajudar-o-povo-gaucho-com-uma-nova-perspectiva-de-crescimento\/#primaryimage"},"image":{"@id":"https:\/\/blogdacondessa.com.br\/blog\/politica\/senador-de-mt-sugere-ajudar-o-povo-gaucho-com-uma-nova-perspectiva-de-crescimento\/#primaryimage"},"thumbnailUrl":"https:\/\/blogdacondessa.com.br\/blog\/wp-content\/uploads\/2024\/05\/JAYME-CAMPOS.jpeg","datePublished":"2024-05-22T09:00:15+00:00","author":{"@id":"https:\/\/blogdacondessa.com.br\/blog\/#\/schema\/person\/1d667ff8b785195b568677489d266035"},"breadcrumb":{"@id":"https:\/\/blogdacondessa.com.br\/blog\/politica\/senador-de-mt-sugere-ajudar-o-povo-gaucho-com-uma-nova-perspectiva-de-crescimento\/#breadcrumb"},"inLanguage":"pt-BR","potentialAction":[{"@type":"ReadAction","target":["https:\/\/blogdacondessa.com.br\/blog\/politica\/senador-de-mt-sugere-ajudar-o-povo-gaucho-com-uma-nova-perspectiva-de-crescimento\/"]}]},{"@type":"ImageObject","inLanguage":"pt-BR","@id":"https:\/\/blogdacondessa.com.br\/blog\/politica\/senador-de-mt-sugere-ajudar-o-povo-gaucho-com-uma-nova-perspectiva-de-crescimento\/#primaryimage","url":"https:\/\/blogdacondessa.com.br\/blog\/wp-content\/uploads\/2024\/05\/JAYME-CAMPOS.jpeg","contentUrl":"https:\/\/blogdacondessa.com.br\/blog\/wp-content\/uploads\/2024\/05\/JAYME-CAMPOS.jpeg","width":920,"height":518,"caption":"Foto: Assessoria"},{"@type":"BreadcrumbList","@id":"https:\/\/blogdacondessa.com.br\/blog\/politica\/senador-de-mt-sugere-ajudar-o-povo-gaucho-com-uma-nova-perspectiva-de-crescimento\/#breadcrumb","itemListElement":[{"@type":"ListItem","position":1,"name":"In\u00edcio","item":"https:\/\/blogdacondessa.com.br\/blog\/"},{"@type":"ListItem","position":2,"name":"Senador de MT sugere ajudar o povo ga\u00facho com uma nova perspectiva de crescimento"}]},{"@type":"WebSite","@id":"https:\/\/blogdacondessa.com.br\/blog\/#website","url":"https:\/\/blogdacondessa.com.br\/blog\/","name":"Blog da Condessa","description":"Com Shirley de Souza O\u2019Campos","potentialAction":[{"@type":"SearchAction","target":{"@type":"EntryPoint","urlTemplate":"https:\/\/blogdacondessa.com.br\/blog\/?s={search_term_string}"},"query-input":{"@type":"PropertyValueSpecification","valueRequired":true,"valueName":"search_term_string"}}],"inLanguage":"pt-BR"},{"@type":"Person","@id":"https:\/\/blogdacondessa.com.br\/blog\/#\/schema\/person\/1d667ff8b785195b568677489d266035","name":"Blog da Condessa","image":{"@type":"ImageObject","inLanguage":"pt-BR","@id":"https:\/\/secure.gravatar.com\/avatar\/377c0eb8b4ad2bfc25461b41564b5971e721ca34a57642868fc7b0c8ac7b52c5?s=96&d=mm&r=g","url":"https:\/\/secure.gravatar.com\/avatar\/377c0eb8b4ad2bfc25461b41564b5971e721ca34a57642868fc7b0c8ac7b52c5?s=96&d=mm&r=g","contentUrl":"https:\/\/secure.gravatar.com\/avatar\/377c0eb8b4ad2bfc25461b41564b5971e721ca34a57642868fc7b0c8ac7b52c5?s=96&d=mm&r=g","caption":"Blog da Condessa"},"url":"https:\/\/blogdacondessa.com.br\/blog\/author\/beatriz\/"}]}},"_links":{"self":[{"href":"https:\/\/blogdacondessa.com.br\/blog\/wp-json\/wp\/v2\/posts\/9661","targetHints":{"allow":["GET"]}}],"collection":[{"href":"https:\/\/blogdacondessa.com.br\/blog\/wp-json\/wp\/v2\/posts"}],"about":[{"href":"https:\/\/blogdacondessa.com.br\/blog\/wp-json\/wp\/v2\/types\/post"}],"author":[{"embeddable":true,"href":"https:\/\/blogdacondessa.com.br\/blog\/wp-json\/wp\/v2\/users\/2"}],"replies":[{"embeddable":true,"href":"https:\/\/blogdacondessa.com.br\/blog\/wp-json\/wp\/v2\/comments?post=9661"}],"version-history":[{"count":0,"href":"https:\/\/blogdacondessa.com.br\/blog\/wp-json\/wp\/v2\/posts\/9661\/revisions"}],"wp:featuredmedia":[{"embeddable":true,"href":"https:\/\/blogdacondessa.com.br\/blog\/wp-json\/wp\/v2\/media\/9662"}],"wp:attachment":[{"href":"https:\/\/blogdacondessa.com.br\/blog\/wp-json\/wp\/v2\/media?parent=9661"}],"wp:term":[{"taxonomy":"category","embeddable":true,"href":"https:\/\/blogdacondessa.com.br\/blog\/wp-json\/wp\/v2\/categories?post=9661"},{"taxonomy":"post_tag","embeddable":true,"href":"https:\/\/blogdacondessa.com.br\/blog\/wp-json\/wp\/v2\/tags?post=9661"}],"curies":[{"name":"wp","href":"https:\/\/api.w.org\/{rel}","templated":true}]}}