{"id":9658,"date":"2024-05-22T05:00:39","date_gmt":"2024-05-22T09:00:39","guid":{"rendered":"https:\/\/blogdacondessa.com.br\/blog\/?p=9658"},"modified":"2024-05-21T17:33:04","modified_gmt":"2024-05-21T21:33:04","slug":"cooperativa-em-chapada-dos-guimaraes-realiza-palestra-atender-melhor-e-vender-mais","status":"publish","type":"post","link":"https:\/\/blogdacondessa.com.br\/blog\/negocios\/cooperativa-em-chapada-dos-guimaraes-realiza-palestra-atender-melhor-e-vender-mais\/","title":{"rendered":"Cooperativa em Chapada dos Guimaraes realiza palestra  &#8220;Atender Melhor e Vender Mais&#8221;"},"content":{"rendered":"<p>A Cooperativa Educacional de Chapada dos Guimaraes, h\u00e1 22 anos atuando na educa\u00e7\u00e3o b\u00e1sica atrav\u00e9s do ensino M\u00e9dio e Fundamental no Col\u00e9gio Tales de Mileto, realiza palestra &#8216;Atender Melhor e Vender Mais&#8217; desenvolvida pelo palestrante e Mentor de Neg\u00f3cios, Denival Bitencourt. Mentor para donos de neg\u00f3cios, suas palestras s\u00e3o muito apreciadas por empres\u00e1rios e colaboradores.<br \/>\nSegundo Alo\u00edsio Bueno, integrante da atual Diretoria da Cooperativa, essa ser\u00e1 a primeira de muitas outras palestras que est\u00e3o programadas para acontecer. Est\u00e1 primeira ser\u00e1 no dia 24 de maio (sexta feira) \u00e0s 19 horasno plen\u00e1rio de delibera\u00e7\u00f5es da C\u00e2mara Municipal de Chapada dos Guimar\u00e3es.<br \/>\nA ideia da cooperativa em proporcionar o evento \u00e9 pensando no coletivo de uma forma macro e sustent\u00e1vel, da mesma forma cumprindo com seu papel social de contribuir com o desenvolvimento local.<br \/>\n&#8220;A palestra objetiva gerar uma conex\u00e3o entre as fun\u00e7\u00f5es de atender e vender como um complemento importante para os colaboradores aplicarem na pr\u00e1tica suas a\u00e7\u00f5es na gera\u00e7\u00e3o de resultados observando que s\u00e3o complementares&#8221;, observa o palestrante.<br \/>\nUma venda requer um bom atendimento e um bom atendimento naturalmente ir\u00e1 gerar uma boa venda e partindo deste conceito o mentor Denival Bitencourt ir\u00e1 abordar dados e informa\u00e7\u00f5es do mercado para proporcionar entendimento do quanto esses dois fatores s\u00e3o cruciais a toda e qualquer empresa.<br \/>\nA palestra \u00e9 bastante empolgante com din\u00e2micas com o p\u00fablico, gerando clima harmonioso e com um m\u00e9todo pr\u00f3prio e cativante leva o p\u00fablico a refletir sobre suas a\u00e7\u00f5es e atitudes no atendimento de clientes e como podem fazer a diferen\u00e7a melhorando suas atitudes.<br \/>\nAl\u00e9m das atividades pr\u00e1ticas e reflexivas deixa a mensagem \u00fanica e importante que todos dentro de uma empresa s\u00e3o respons\u00e1veis pelo atendimento e tamb\u00e9m pelas vendas mesmo de forma indireta.<br \/>\n<strong>Conte\u00fado program\u00e1tico:<\/strong><br \/>\nNetworking<br \/>\nO que \u00e9 atendimento?<br \/>\nMotivos da perda de um cliente<br \/>\nPesquisas sobre atendimento<br \/>\nCausas da insatisfa\u00e7\u00e3o<br \/>\nCiclo de atendimento<br \/>\n7 pecados no Atendimento<br \/>\nConhecendo o cliente<br \/>\nOs fatores humanos<br \/>\nA parceria empresa e colaboradores<br \/>\nAnalise de perfil<br \/>\nComo vender mais<br \/>\nwww.denivalbitencourt.com.br<\/p>\n","protected":false},"excerpt":{"rendered":"<p>A Cooperativa Educacional de Chapada dos Guimaraes, h\u00e1 22 anos atuando na educa\u00e7\u00e3o b\u00e1sica atrav\u00e9s do ensino M\u00e9dio e Fundamental no Col\u00e9gio Tales de Mileto, realiza palestra &#8216;Atender Melhor e Vender Mais&#8217; desenvolvida pelo palestrante e Mentor de Neg\u00f3cios, Denival Bitencourt. Mentor para donos de neg\u00f3cios, suas palestras s\u00e3o muito apreciadas por empres\u00e1rios e colaboradores. [&hellip;]<\/p>\n","protected":false},"author":2,"featured_media":9659,"comment_status":"closed","ping_status":"closed","sticky":false,"template":"","format":"standard","meta":{"iawp_total_views":89,"footnotes":""},"categories":[7],"tags":[],"class_list":["post-9658","post","type-post","status-publish","format-standard","has-post-thumbnail","hentry","category-negocios"],"yoast_head":"<!-- This site is optimized with the Yoast SEO plugin v27.3 - https:\/\/yoast.com\/product\/yoast-seo-wordpress\/ -->\n<title>Cooperativa em Chapada dos Guimaraes realiza palestra &quot;Atender Melhor e Vender Mais&quot; &#8902; Blog da Condessa<\/title>\n<meta name=\"robots\" content=\"index, follow, max-snippet:-1, max-image-preview:large, max-video-preview:-1\" \/>\n<link rel=\"canonical\" href=\"https:\/\/blogdacondessa.com.br\/blog\/negocios\/cooperativa-em-chapada-dos-guimaraes-realiza-palestra-atender-melhor-e-vender-mais\/\" \/>\n<meta property=\"og:locale\" content=\"pt_BR\" \/>\n<meta property=\"og:type\" content=\"article\" \/>\n<meta property=\"og:title\" content=\"Cooperativa em Chapada dos Guimaraes realiza palestra &quot;Atender Melhor e Vender Mais&quot; &#8902; Blog da Condessa\" \/>\n<meta property=\"og:description\" content=\"A Cooperativa Educacional de Chapada dos Guimaraes, h\u00e1 22 anos atuando na educa\u00e7\u00e3o b\u00e1sica atrav\u00e9s do ensino M\u00e9dio e Fundamental no Col\u00e9gio Tales de Mileto, realiza palestra &#8216;Atender Melhor e Vender Mais&#8217; desenvolvida pelo palestrante e Mentor de Neg\u00f3cios, Denival Bitencourt. Mentor para donos de neg\u00f3cios, suas palestras s\u00e3o muito apreciadas por empres\u00e1rios e colaboradores. [&hellip;]\" \/>\n<meta property=\"og:url\" content=\"https:\/\/blogdacondessa.com.br\/blog\/negocios\/cooperativa-em-chapada-dos-guimaraes-realiza-palestra-atender-melhor-e-vender-mais\/\" \/>\n<meta property=\"og:site_name\" content=\"Blog da Condessa\" \/>\n<meta property=\"article:published_time\" content=\"2024-05-22T09:00:39+00:00\" \/>\n<meta property=\"og:image\" content=\"https:\/\/blogdacondessa.com.br\/blog\/wp-content\/uploads\/2024\/05\/DENIVAL-BITTENCOURT.jpg\" \/>\n\t<meta property=\"og:image:width\" content=\"1080\" \/>\n\t<meta property=\"og:image:height\" content=\"1080\" \/>\n\t<meta property=\"og:image:type\" content=\"image\/jpeg\" \/>\n<meta name=\"author\" content=\"Blog da Condessa\" \/>\n<meta name=\"twitter:card\" content=\"summary_large_image\" \/>\n<meta name=\"twitter:label1\" content=\"Escrito por\" \/>\n\t<meta name=\"twitter:data1\" content=\"Blog da Condessa\" \/>\n\t<meta name=\"twitter:label2\" content=\"Est. tempo de leitura\" \/>\n\t<meta name=\"twitter:data2\" content=\"3 minutos\" \/>\n<script type=\"application\/ld+json\" class=\"yoast-schema-graph\">{\"@context\":\"https:\\\/\\\/schema.org\",\"@graph\":[{\"@type\":\"Article\",\"@id\":\"https:\\\/\\\/blogdacondessa.com.br\\\/blog\\\/negocios\\\/cooperativa-em-chapada-dos-guimaraes-realiza-palestra-atender-melhor-e-vender-mais\\\/#article\",\"isPartOf\":{\"@id\":\"https:\\\/\\\/blogdacondessa.com.br\\\/blog\\\/negocios\\\/cooperativa-em-chapada-dos-guimaraes-realiza-palestra-atender-melhor-e-vender-mais\\\/\"},\"author\":{\"name\":\"Blog da Condessa\",\"@id\":\"https:\\\/\\\/blogdacondessa.com.br\\\/blog\\\/#\\\/schema\\\/person\\\/1d667ff8b785195b568677489d266035\"},\"headline\":\"Cooperativa em Chapada dos Guimaraes realiza palestra &#8220;Atender Melhor e Vender Mais&#8221;\",\"datePublished\":\"2024-05-22T09:00:39+00:00\",\"mainEntityOfPage\":{\"@id\":\"https:\\\/\\\/blogdacondessa.com.br\\\/blog\\\/negocios\\\/cooperativa-em-chapada-dos-guimaraes-realiza-palestra-atender-melhor-e-vender-mais\\\/\"},\"wordCount\":378,\"image\":{\"@id\":\"https:\\\/\\\/blogdacondessa.com.br\\\/blog\\\/negocios\\\/cooperativa-em-chapada-dos-guimaraes-realiza-palestra-atender-melhor-e-vender-mais\\\/#primaryimage\"},\"thumbnailUrl\":\"https:\\\/\\\/blogdacondessa.com.br\\\/blog\\\/wp-content\\\/uploads\\\/2024\\\/05\\\/DENIVAL-BITTENCOURT.jpg\",\"articleSection\":[\"Neg\u00f3cios\"],\"inLanguage\":\"pt-BR\"},{\"@type\":\"WebPage\",\"@id\":\"https:\\\/\\\/blogdacondessa.com.br\\\/blog\\\/negocios\\\/cooperativa-em-chapada-dos-guimaraes-realiza-palestra-atender-melhor-e-vender-mais\\\/\",\"url\":\"https:\\\/\\\/blogdacondessa.com.br\\\/blog\\\/negocios\\\/cooperativa-em-chapada-dos-guimaraes-realiza-palestra-atender-melhor-e-vender-mais\\\/\",\"name\":\"Cooperativa em Chapada dos Guimaraes realiza palestra \\\"Atender Melhor e Vender Mais\\\" &#8902; Blog da Condessa\",\"isPartOf\":{\"@id\":\"https:\\\/\\\/blogdacondessa.com.br\\\/blog\\\/#website\"},\"primaryImageOfPage\":{\"@id\":\"https:\\\/\\\/blogdacondessa.com.br\\\/blog\\\/negocios\\\/cooperativa-em-chapada-dos-guimaraes-realiza-palestra-atender-melhor-e-vender-mais\\\/#primaryimage\"},\"image\":{\"@id\":\"https:\\\/\\\/blogdacondessa.com.br\\\/blog\\\/negocios\\\/cooperativa-em-chapada-dos-guimaraes-realiza-palestra-atender-melhor-e-vender-mais\\\/#primaryimage\"},\"thumbnailUrl\":\"https:\\\/\\\/blogdacondessa.com.br\\\/blog\\\/wp-content\\\/uploads\\\/2024\\\/05\\\/DENIVAL-BITTENCOURT.jpg\",\"datePublished\":\"2024-05-22T09:00:39+00:00\",\"author\":{\"@id\":\"https:\\\/\\\/blogdacondessa.com.br\\\/blog\\\/#\\\/schema\\\/person\\\/1d667ff8b785195b568677489d266035\"},\"breadcrumb\":{\"@id\":\"https:\\\/\\\/blogdacondessa.com.br\\\/blog\\\/negocios\\\/cooperativa-em-chapada-dos-guimaraes-realiza-palestra-atender-melhor-e-vender-mais\\\/#breadcrumb\"},\"inLanguage\":\"pt-BR\",\"potentialAction\":[{\"@type\":\"ReadAction\",\"target\":[\"https:\\\/\\\/blogdacondessa.com.br\\\/blog\\\/negocios\\\/cooperativa-em-chapada-dos-guimaraes-realiza-palestra-atender-melhor-e-vender-mais\\\/\"]}]},{\"@type\":\"ImageObject\",\"inLanguage\":\"pt-BR\",\"@id\":\"https:\\\/\\\/blogdacondessa.com.br\\\/blog\\\/negocios\\\/cooperativa-em-chapada-dos-guimaraes-realiza-palestra-atender-melhor-e-vender-mais\\\/#primaryimage\",\"url\":\"https:\\\/\\\/blogdacondessa.com.br\\\/blog\\\/wp-content\\\/uploads\\\/2024\\\/05\\\/DENIVAL-BITTENCOURT.jpg\",\"contentUrl\":\"https:\\\/\\\/blogdacondessa.com.br\\\/blog\\\/wp-content\\\/uploads\\\/2024\\\/05\\\/DENIVAL-BITTENCOURT.jpg\",\"width\":1080,\"height\":1080,\"caption\":\"Foto: Arquivo Pessoal\"},{\"@type\":\"BreadcrumbList\",\"@id\":\"https:\\\/\\\/blogdacondessa.com.br\\\/blog\\\/negocios\\\/cooperativa-em-chapada-dos-guimaraes-realiza-palestra-atender-melhor-e-vender-mais\\\/#breadcrumb\",\"itemListElement\":[{\"@type\":\"ListItem\",\"position\":1,\"name\":\"In\u00edcio\",\"item\":\"https:\\\/\\\/blogdacondessa.com.br\\\/blog\\\/\"},{\"@type\":\"ListItem\",\"position\":2,\"name\":\"Cooperativa em Chapada dos Guimaraes realiza palestra &#8220;Atender Melhor e Vender Mais&#8221;\"}]},{\"@type\":\"WebSite\",\"@id\":\"https:\\\/\\\/blogdacondessa.com.br\\\/blog\\\/#website\",\"url\":\"https:\\\/\\\/blogdacondessa.com.br\\\/blog\\\/\",\"name\":\"Blog da Condessa\",\"description\":\"Com Shirley de Souza O\u2019Campos\",\"potentialAction\":[{\"@type\":\"SearchAction\",\"target\":{\"@type\":\"EntryPoint\",\"urlTemplate\":\"https:\\\/\\\/blogdacondessa.com.br\\\/blog\\\/?s={search_term_string}\"},\"query-input\":{\"@type\":\"PropertyValueSpecification\",\"valueRequired\":true,\"valueName\":\"search_term_string\"}}],\"inLanguage\":\"pt-BR\"},{\"@type\":\"Person\",\"@id\":\"https:\\\/\\\/blogdacondessa.com.br\\\/blog\\\/#\\\/schema\\\/person\\\/1d667ff8b785195b568677489d266035\",\"name\":\"Blog da Condessa\",\"image\":{\"@type\":\"ImageObject\",\"inLanguage\":\"pt-BR\",\"@id\":\"https:\\\/\\\/secure.gravatar.com\\\/avatar\\\/377c0eb8b4ad2bfc25461b41564b5971e721ca34a57642868fc7b0c8ac7b52c5?s=96&d=mm&r=g\",\"url\":\"https:\\\/\\\/secure.gravatar.com\\\/avatar\\\/377c0eb8b4ad2bfc25461b41564b5971e721ca34a57642868fc7b0c8ac7b52c5?s=96&d=mm&r=g\",\"contentUrl\":\"https:\\\/\\\/secure.gravatar.com\\\/avatar\\\/377c0eb8b4ad2bfc25461b41564b5971e721ca34a57642868fc7b0c8ac7b52c5?s=96&d=mm&r=g\",\"caption\":\"Blog da Condessa\"},\"url\":\"https:\\\/\\\/blogdacondessa.com.br\\\/blog\\\/author\\\/beatriz\\\/\"}]}<\/script>\n<!-- \/ Yoast SEO plugin. -->","yoast_head_json":{"title":"Cooperativa em Chapada dos Guimaraes realiza palestra \"Atender Melhor e Vender Mais\" &#8902; Blog da Condessa","robots":{"index":"index","follow":"follow","max-snippet":"max-snippet:-1","max-image-preview":"max-image-preview:large","max-video-preview":"max-video-preview:-1"},"canonical":"https:\/\/blogdacondessa.com.br\/blog\/negocios\/cooperativa-em-chapada-dos-guimaraes-realiza-palestra-atender-melhor-e-vender-mais\/","og_locale":"pt_BR","og_type":"article","og_title":"Cooperativa em Chapada dos Guimaraes realiza palestra \"Atender Melhor e Vender Mais\" &#8902; Blog da Condessa","og_description":"A Cooperativa Educacional de Chapada dos Guimaraes, h\u00e1 22 anos atuando na educa\u00e7\u00e3o b\u00e1sica atrav\u00e9s do ensino M\u00e9dio e Fundamental no Col\u00e9gio Tales de Mileto, realiza palestra &#8216;Atender Melhor e Vender Mais&#8217; desenvolvida pelo palestrante e Mentor de Neg\u00f3cios, Denival Bitencourt. Mentor para donos de neg\u00f3cios, suas palestras s\u00e3o muito apreciadas por empres\u00e1rios e colaboradores. [&hellip;]","og_url":"https:\/\/blogdacondessa.com.br\/blog\/negocios\/cooperativa-em-chapada-dos-guimaraes-realiza-palestra-atender-melhor-e-vender-mais\/","og_site_name":"Blog da Condessa","article_published_time":"2024-05-22T09:00:39+00:00","og_image":[{"width":1080,"height":1080,"url":"https:\/\/blogdacondessa.com.br\/blog\/wp-content\/uploads\/2024\/05\/DENIVAL-BITTENCOURT.jpg","type":"image\/jpeg"}],"author":"Blog da Condessa","twitter_card":"summary_large_image","twitter_misc":{"Escrito por":"Blog da Condessa","Est. tempo de leitura":"3 minutos"},"schema":{"@context":"https:\/\/schema.org","@graph":[{"@type":"Article","@id":"https:\/\/blogdacondessa.com.br\/blog\/negocios\/cooperativa-em-chapada-dos-guimaraes-realiza-palestra-atender-melhor-e-vender-mais\/#article","isPartOf":{"@id":"https:\/\/blogdacondessa.com.br\/blog\/negocios\/cooperativa-em-chapada-dos-guimaraes-realiza-palestra-atender-melhor-e-vender-mais\/"},"author":{"name":"Blog da Condessa","@id":"https:\/\/blogdacondessa.com.br\/blog\/#\/schema\/person\/1d667ff8b785195b568677489d266035"},"headline":"Cooperativa em Chapada dos Guimaraes realiza palestra &#8220;Atender Melhor e Vender Mais&#8221;","datePublished":"2024-05-22T09:00:39+00:00","mainEntityOfPage":{"@id":"https:\/\/blogdacondessa.com.br\/blog\/negocios\/cooperativa-em-chapada-dos-guimaraes-realiza-palestra-atender-melhor-e-vender-mais\/"},"wordCount":378,"image":{"@id":"https:\/\/blogdacondessa.com.br\/blog\/negocios\/cooperativa-em-chapada-dos-guimaraes-realiza-palestra-atender-melhor-e-vender-mais\/#primaryimage"},"thumbnailUrl":"https:\/\/blogdacondessa.com.br\/blog\/wp-content\/uploads\/2024\/05\/DENIVAL-BITTENCOURT.jpg","articleSection":["Neg\u00f3cios"],"inLanguage":"pt-BR"},{"@type":"WebPage","@id":"https:\/\/blogdacondessa.com.br\/blog\/negocios\/cooperativa-em-chapada-dos-guimaraes-realiza-palestra-atender-melhor-e-vender-mais\/","url":"https:\/\/blogdacondessa.com.br\/blog\/negocios\/cooperativa-em-chapada-dos-guimaraes-realiza-palestra-atender-melhor-e-vender-mais\/","name":"Cooperativa em Chapada dos Guimaraes realiza palestra \"Atender Melhor e Vender Mais\" &#8902; Blog da Condessa","isPartOf":{"@id":"https:\/\/blogdacondessa.com.br\/blog\/#website"},"primaryImageOfPage":{"@id":"https:\/\/blogdacondessa.com.br\/blog\/negocios\/cooperativa-em-chapada-dos-guimaraes-realiza-palestra-atender-melhor-e-vender-mais\/#primaryimage"},"image":{"@id":"https:\/\/blogdacondessa.com.br\/blog\/negocios\/cooperativa-em-chapada-dos-guimaraes-realiza-palestra-atender-melhor-e-vender-mais\/#primaryimage"},"thumbnailUrl":"https:\/\/blogdacondessa.com.br\/blog\/wp-content\/uploads\/2024\/05\/DENIVAL-BITTENCOURT.jpg","datePublished":"2024-05-22T09:00:39+00:00","author":{"@id":"https:\/\/blogdacondessa.com.br\/blog\/#\/schema\/person\/1d667ff8b785195b568677489d266035"},"breadcrumb":{"@id":"https:\/\/blogdacondessa.com.br\/blog\/negocios\/cooperativa-em-chapada-dos-guimaraes-realiza-palestra-atender-melhor-e-vender-mais\/#breadcrumb"},"inLanguage":"pt-BR","potentialAction":[{"@type":"ReadAction","target":["https:\/\/blogdacondessa.com.br\/blog\/negocios\/cooperativa-em-chapada-dos-guimaraes-realiza-palestra-atender-melhor-e-vender-mais\/"]}]},{"@type":"ImageObject","inLanguage":"pt-BR","@id":"https:\/\/blogdacondessa.com.br\/blog\/negocios\/cooperativa-em-chapada-dos-guimaraes-realiza-palestra-atender-melhor-e-vender-mais\/#primaryimage","url":"https:\/\/blogdacondessa.com.br\/blog\/wp-content\/uploads\/2024\/05\/DENIVAL-BITTENCOURT.jpg","contentUrl":"https:\/\/blogdacondessa.com.br\/blog\/wp-content\/uploads\/2024\/05\/DENIVAL-BITTENCOURT.jpg","width":1080,"height":1080,"caption":"Foto: Arquivo Pessoal"},{"@type":"BreadcrumbList","@id":"https:\/\/blogdacondessa.com.br\/blog\/negocios\/cooperativa-em-chapada-dos-guimaraes-realiza-palestra-atender-melhor-e-vender-mais\/#breadcrumb","itemListElement":[{"@type":"ListItem","position":1,"name":"In\u00edcio","item":"https:\/\/blogdacondessa.com.br\/blog\/"},{"@type":"ListItem","position":2,"name":"Cooperativa em Chapada dos Guimaraes realiza palestra &#8220;Atender Melhor e Vender Mais&#8221;"}]},{"@type":"WebSite","@id":"https:\/\/blogdacondessa.com.br\/blog\/#website","url":"https:\/\/blogdacondessa.com.br\/blog\/","name":"Blog da Condessa","description":"Com Shirley de Souza O\u2019Campos","potentialAction":[{"@type":"SearchAction","target":{"@type":"EntryPoint","urlTemplate":"https:\/\/blogdacondessa.com.br\/blog\/?s={search_term_string}"},"query-input":{"@type":"PropertyValueSpecification","valueRequired":true,"valueName":"search_term_string"}}],"inLanguage":"pt-BR"},{"@type":"Person","@id":"https:\/\/blogdacondessa.com.br\/blog\/#\/schema\/person\/1d667ff8b785195b568677489d266035","name":"Blog da Condessa","image":{"@type":"ImageObject","inLanguage":"pt-BR","@id":"https:\/\/secure.gravatar.com\/avatar\/377c0eb8b4ad2bfc25461b41564b5971e721ca34a57642868fc7b0c8ac7b52c5?s=96&d=mm&r=g","url":"https:\/\/secure.gravatar.com\/avatar\/377c0eb8b4ad2bfc25461b41564b5971e721ca34a57642868fc7b0c8ac7b52c5?s=96&d=mm&r=g","contentUrl":"https:\/\/secure.gravatar.com\/avatar\/377c0eb8b4ad2bfc25461b41564b5971e721ca34a57642868fc7b0c8ac7b52c5?s=96&d=mm&r=g","caption":"Blog da Condessa"},"url":"https:\/\/blogdacondessa.com.br\/blog\/author\/beatriz\/"}]}},"_links":{"self":[{"href":"https:\/\/blogdacondessa.com.br\/blog\/wp-json\/wp\/v2\/posts\/9658","targetHints":{"allow":["GET"]}}],"collection":[{"href":"https:\/\/blogdacondessa.com.br\/blog\/wp-json\/wp\/v2\/posts"}],"about":[{"href":"https:\/\/blogdacondessa.com.br\/blog\/wp-json\/wp\/v2\/types\/post"}],"author":[{"embeddable":true,"href":"https:\/\/blogdacondessa.com.br\/blog\/wp-json\/wp\/v2\/users\/2"}],"replies":[{"embeddable":true,"href":"https:\/\/blogdacondessa.com.br\/blog\/wp-json\/wp\/v2\/comments?post=9658"}],"version-history":[{"count":0,"href":"https:\/\/blogdacondessa.com.br\/blog\/wp-json\/wp\/v2\/posts\/9658\/revisions"}],"wp:featuredmedia":[{"embeddable":true,"href":"https:\/\/blogdacondessa.com.br\/blog\/wp-json\/wp\/v2\/media\/9659"}],"wp:attachment":[{"href":"https:\/\/blogdacondessa.com.br\/blog\/wp-json\/wp\/v2\/media?parent=9658"}],"wp:term":[{"taxonomy":"category","embeddable":true,"href":"https:\/\/blogdacondessa.com.br\/blog\/wp-json\/wp\/v2\/categories?post=9658"},{"taxonomy":"post_tag","embeddable":true,"href":"https:\/\/blogdacondessa.com.br\/blog\/wp-json\/wp\/v2\/tags?post=9658"}],"curies":[{"name":"wp","href":"https:\/\/api.w.org\/{rel}","templated":true}]}}