{"id":9580,"date":"2024-05-10T05:00:46","date_gmt":"2024-05-10T09:00:46","guid":{"rendered":"https:\/\/blogdacondessa.com.br\/blog\/?p=9580"},"modified":"2024-05-09T15:27:41","modified_gmt":"2024-05-09T19:27:41","slug":"o-festival-de-rosas-do-deserto-e-flores-acontece-no-shopping-orla","status":"publish","type":"post","link":"https:\/\/blogdacondessa.com.br\/blog\/cidades\/o-festival-de-rosas-do-deserto-e-flores-acontece-no-shopping-orla\/","title":{"rendered":"O Festival de Rosas do Deserto e Flores acontece no Shopping Orla"},"content":{"rendered":"<p>Os entusiastas por plantas t\u00eam at\u00e9 domingo (12) para visitar a 7\u00aa edi\u00e7\u00e3o do Festival de Rosas do Deserto e Flores, que est\u00e1 acontecendo no Shopping Orla, localizado no bairro Porto. O evento \u00e9 promovido pela Prefeitura de Cuiab\u00e1, por meio da Secretaria Municipal de Agricultura, Trabalho e Desenvolvimento Econ\u00f4mico, em comemora\u00e7\u00e3o ao Dia das M\u00e3es. O hor\u00e1rio de funcionamento \u00e9 das 8h \u00e0s 18h de quinta-feira a s\u00e1bado e das 8h \u00e0s 12h no domingo. A entrada \u00e9 gratuita.<\/p>\n<p>Est\u00e3o dispon\u00edveis mais de 300 variedades de Rosas do Deserto e flores ornamentais. Os visitantes podem escolher entre diversas tonalidades de rosas do deserto, dispon\u00edveis em tamanhos variados, desde brotinhos para enfeitar apartamentos at\u00e9 flores com 1,5 metro de altura para embelezar grandes jardins.<\/p>\n<p>O grande destaque do festival \u00e9 o lan\u00e7amento da esp\u00e9cie Zamioculca Chameleon, conhecida por sua resist\u00eancia e praticidade, sendo ideal para ambientes internos e muito utilizada em decora\u00e7\u00f5es com plantas ornamentais.<\/p>\n<p>Os clientes tamb\u00e9m encontrar\u00e3o uma ampla variedade de vasos de plantas, em diversos tamanhos e formatos, al\u00e9m de itens essenciais para o cultivo das flores, como adubo, fertilizantes e inseticidas naturais, que s\u00e3o seguros para crian\u00e7as e animais de estima\u00e7\u00e3o.<\/p>\n<p><strong>Servi\u00e7o:<\/strong><\/p>\n<p>Assunto: 7\u00aa edi\u00e7\u00e3o do Festival de Rosas do Deserto e Flores<\/p>\n<p>Quando: de 9 a 12 de maio<\/p>\n<p>Hor\u00e1rio: das 8h \u00e0s 18h e domingo das 8h \u00e0s 12h<\/p>\n<p>Local: Shopping Orla \u2013 Rua 13 de Junho, 2345 &#8211; Porto<\/p>\n<p>&nbsp;<\/p>\n","protected":false},"excerpt":{"rendered":"<p>Os entusiastas por plantas t\u00eam at\u00e9 domingo (12) para visitar a 7\u00aa edi\u00e7\u00e3o do Festival de Rosas do Deserto e Flores, que est\u00e1 acontecendo no Shopping Orla, localizado no bairro Porto. O evento \u00e9 promovido pela Prefeitura de Cuiab\u00e1, por meio da Secretaria Municipal de Agricultura, Trabalho e Desenvolvimento Econ\u00f4mico, em comemora\u00e7\u00e3o ao Dia das [&hellip;]<\/p>\n","protected":false},"author":2,"featured_media":9581,"comment_status":"closed","ping_status":"closed","sticky":false,"template":"","format":"standard","meta":{"iawp_total_views":0,"footnotes":""},"categories":[12],"tags":[],"class_list":["post-9580","post","type-post","status-publish","format-standard","has-post-thumbnail","hentry","category-cidades"],"yoast_head":"<!-- This site is optimized with the Yoast SEO plugin v27.3 - https:\/\/yoast.com\/product\/yoast-seo-wordpress\/ -->\n<title>O Festival de Rosas do Deserto e Flores acontece no Shopping Orla &#8902; Blog da Condessa<\/title>\n<meta name=\"robots\" content=\"index, follow, max-snippet:-1, max-image-preview:large, max-video-preview:-1\" \/>\n<link rel=\"canonical\" href=\"https:\/\/blogdacondessa.com.br\/blog\/cidades\/o-festival-de-rosas-do-deserto-e-flores-acontece-no-shopping-orla\/\" \/>\n<meta property=\"og:locale\" content=\"pt_BR\" \/>\n<meta property=\"og:type\" content=\"article\" \/>\n<meta property=\"og:title\" content=\"O Festival de Rosas do Deserto e Flores acontece no Shopping Orla &#8902; Blog da Condessa\" \/>\n<meta property=\"og:description\" content=\"Os entusiastas por plantas t\u00eam at\u00e9 domingo (12) para visitar a 7\u00aa edi\u00e7\u00e3o do Festival de Rosas do Deserto e Flores, que est\u00e1 acontecendo no Shopping Orla, localizado no bairro Porto. O evento \u00e9 promovido pela Prefeitura de Cuiab\u00e1, por meio da Secretaria Municipal de Agricultura, Trabalho e Desenvolvimento Econ\u00f4mico, em comemora\u00e7\u00e3o ao Dia das [&hellip;]\" \/>\n<meta property=\"og:url\" content=\"https:\/\/blogdacondessa.com.br\/blog\/cidades\/o-festival-de-rosas-do-deserto-e-flores-acontece-no-shopping-orla\/\" \/>\n<meta property=\"og:site_name\" content=\"Blog da Condessa\" \/>\n<meta property=\"article:published_time\" content=\"2024-05-10T09:00:46+00:00\" \/>\n<meta property=\"og:image\" content=\"https:\/\/blogdacondessa.com.br\/blog\/wp-content\/uploads\/2024\/05\/FESTIVAL-scaled.jpg\" \/>\n\t<meta property=\"og:image:width\" content=\"2560\" \/>\n\t<meta property=\"og:image:height\" content=\"1707\" \/>\n\t<meta property=\"og:image:type\" content=\"image\/jpeg\" \/>\n<meta name=\"author\" content=\"Blog da Condessa\" \/>\n<meta name=\"twitter:card\" content=\"summary_large_image\" \/>\n<meta name=\"twitter:label1\" content=\"Escrito por\" \/>\n\t<meta name=\"twitter:data1\" content=\"Blog da Condessa\" \/>\n\t<meta name=\"twitter:label2\" content=\"Est. tempo de leitura\" \/>\n\t<meta name=\"twitter:data2\" content=\"2 minutos\" \/>\n<script type=\"application\/ld+json\" class=\"yoast-schema-graph\">{\"@context\":\"https:\\\/\\\/schema.org\",\"@graph\":[{\"@type\":\"Article\",\"@id\":\"https:\\\/\\\/blogdacondessa.com.br\\\/blog\\\/cidades\\\/o-festival-de-rosas-do-deserto-e-flores-acontece-no-shopping-orla\\\/#article\",\"isPartOf\":{\"@id\":\"https:\\\/\\\/blogdacondessa.com.br\\\/blog\\\/cidades\\\/o-festival-de-rosas-do-deserto-e-flores-acontece-no-shopping-orla\\\/\"},\"author\":{\"name\":\"Blog da Condessa\",\"@id\":\"https:\\\/\\\/blogdacondessa.com.br\\\/blog\\\/#\\\/schema\\\/person\\\/1d667ff8b785195b568677489d266035\"},\"headline\":\"O Festival de Rosas do Deserto e Flores acontece no Shopping Orla\",\"datePublished\":\"2024-05-10T09:00:46+00:00\",\"mainEntityOfPage\":{\"@id\":\"https:\\\/\\\/blogdacondessa.com.br\\\/blog\\\/cidades\\\/o-festival-de-rosas-do-deserto-e-flores-acontece-no-shopping-orla\\\/\"},\"wordCount\":258,\"image\":{\"@id\":\"https:\\\/\\\/blogdacondessa.com.br\\\/blog\\\/cidades\\\/o-festival-de-rosas-do-deserto-e-flores-acontece-no-shopping-orla\\\/#primaryimage\"},\"thumbnailUrl\":\"https:\\\/\\\/blogdacondessa.com.br\\\/blog\\\/wp-content\\\/uploads\\\/2024\\\/05\\\/FESTIVAL-scaled.jpg\",\"articleSection\":[\"Cidades\"],\"inLanguage\":\"pt-BR\"},{\"@type\":\"WebPage\",\"@id\":\"https:\\\/\\\/blogdacondessa.com.br\\\/blog\\\/cidades\\\/o-festival-de-rosas-do-deserto-e-flores-acontece-no-shopping-orla\\\/\",\"url\":\"https:\\\/\\\/blogdacondessa.com.br\\\/blog\\\/cidades\\\/o-festival-de-rosas-do-deserto-e-flores-acontece-no-shopping-orla\\\/\",\"name\":\"O Festival de Rosas do Deserto e Flores acontece no Shopping Orla &#8902; Blog da Condessa\",\"isPartOf\":{\"@id\":\"https:\\\/\\\/blogdacondessa.com.br\\\/blog\\\/#website\"},\"primaryImageOfPage\":{\"@id\":\"https:\\\/\\\/blogdacondessa.com.br\\\/blog\\\/cidades\\\/o-festival-de-rosas-do-deserto-e-flores-acontece-no-shopping-orla\\\/#primaryimage\"},\"image\":{\"@id\":\"https:\\\/\\\/blogdacondessa.com.br\\\/blog\\\/cidades\\\/o-festival-de-rosas-do-deserto-e-flores-acontece-no-shopping-orla\\\/#primaryimage\"},\"thumbnailUrl\":\"https:\\\/\\\/blogdacondessa.com.br\\\/blog\\\/wp-content\\\/uploads\\\/2024\\\/05\\\/FESTIVAL-scaled.jpg\",\"datePublished\":\"2024-05-10T09:00:46+00:00\",\"author\":{\"@id\":\"https:\\\/\\\/blogdacondessa.com.br\\\/blog\\\/#\\\/schema\\\/person\\\/1d667ff8b785195b568677489d266035\"},\"breadcrumb\":{\"@id\":\"https:\\\/\\\/blogdacondessa.com.br\\\/blog\\\/cidades\\\/o-festival-de-rosas-do-deserto-e-flores-acontece-no-shopping-orla\\\/#breadcrumb\"},\"inLanguage\":\"pt-BR\",\"potentialAction\":[{\"@type\":\"ReadAction\",\"target\":[\"https:\\\/\\\/blogdacondessa.com.br\\\/blog\\\/cidades\\\/o-festival-de-rosas-do-deserto-e-flores-acontece-no-shopping-orla\\\/\"]}]},{\"@type\":\"ImageObject\",\"inLanguage\":\"pt-BR\",\"@id\":\"https:\\\/\\\/blogdacondessa.com.br\\\/blog\\\/cidades\\\/o-festival-de-rosas-do-deserto-e-flores-acontece-no-shopping-orla\\\/#primaryimage\",\"url\":\"https:\\\/\\\/blogdacondessa.com.br\\\/blog\\\/wp-content\\\/uploads\\\/2024\\\/05\\\/FESTIVAL-scaled.jpg\",\"contentUrl\":\"https:\\\/\\\/blogdacondessa.com.br\\\/blog\\\/wp-content\\\/uploads\\\/2024\\\/05\\\/FESTIVAL-scaled.jpg\",\"width\":2560,\"height\":1707,\"caption\":\"Foto:Emanoele Daiane\"},{\"@type\":\"BreadcrumbList\",\"@id\":\"https:\\\/\\\/blogdacondessa.com.br\\\/blog\\\/cidades\\\/o-festival-de-rosas-do-deserto-e-flores-acontece-no-shopping-orla\\\/#breadcrumb\",\"itemListElement\":[{\"@type\":\"ListItem\",\"position\":1,\"name\":\"In\u00edcio\",\"item\":\"https:\\\/\\\/blogdacondessa.com.br\\\/blog\\\/\"},{\"@type\":\"ListItem\",\"position\":2,\"name\":\"O Festival de Rosas do Deserto e Flores acontece no Shopping Orla\"}]},{\"@type\":\"WebSite\",\"@id\":\"https:\\\/\\\/blogdacondessa.com.br\\\/blog\\\/#website\",\"url\":\"https:\\\/\\\/blogdacondessa.com.br\\\/blog\\\/\",\"name\":\"Blog da Condessa\",\"description\":\"Com Shirley de Souza O\u2019Campos\",\"potentialAction\":[{\"@type\":\"SearchAction\",\"target\":{\"@type\":\"EntryPoint\",\"urlTemplate\":\"https:\\\/\\\/blogdacondessa.com.br\\\/blog\\\/?s={search_term_string}\"},\"query-input\":{\"@type\":\"PropertyValueSpecification\",\"valueRequired\":true,\"valueName\":\"search_term_string\"}}],\"inLanguage\":\"pt-BR\"},{\"@type\":\"Person\",\"@id\":\"https:\\\/\\\/blogdacondessa.com.br\\\/blog\\\/#\\\/schema\\\/person\\\/1d667ff8b785195b568677489d266035\",\"name\":\"Blog da Condessa\",\"image\":{\"@type\":\"ImageObject\",\"inLanguage\":\"pt-BR\",\"@id\":\"https:\\\/\\\/secure.gravatar.com\\\/avatar\\\/377c0eb8b4ad2bfc25461b41564b5971e721ca34a57642868fc7b0c8ac7b52c5?s=96&d=mm&r=g\",\"url\":\"https:\\\/\\\/secure.gravatar.com\\\/avatar\\\/377c0eb8b4ad2bfc25461b41564b5971e721ca34a57642868fc7b0c8ac7b52c5?s=96&d=mm&r=g\",\"contentUrl\":\"https:\\\/\\\/secure.gravatar.com\\\/avatar\\\/377c0eb8b4ad2bfc25461b41564b5971e721ca34a57642868fc7b0c8ac7b52c5?s=96&d=mm&r=g\",\"caption\":\"Blog da Condessa\"},\"url\":\"https:\\\/\\\/blogdacondessa.com.br\\\/blog\\\/author\\\/beatriz\\\/\"}]}<\/script>\n<!-- \/ Yoast SEO plugin. -->","yoast_head_json":{"title":"O Festival de Rosas do Deserto e Flores acontece no Shopping Orla &#8902; Blog da Condessa","robots":{"index":"index","follow":"follow","max-snippet":"max-snippet:-1","max-image-preview":"max-image-preview:large","max-video-preview":"max-video-preview:-1"},"canonical":"https:\/\/blogdacondessa.com.br\/blog\/cidades\/o-festival-de-rosas-do-deserto-e-flores-acontece-no-shopping-orla\/","og_locale":"pt_BR","og_type":"article","og_title":"O Festival de Rosas do Deserto e Flores acontece no Shopping Orla &#8902; Blog da Condessa","og_description":"Os entusiastas por plantas t\u00eam at\u00e9 domingo (12) para visitar a 7\u00aa edi\u00e7\u00e3o do Festival de Rosas do Deserto e Flores, que est\u00e1 acontecendo no Shopping Orla, localizado no bairro Porto. O evento \u00e9 promovido pela Prefeitura de Cuiab\u00e1, por meio da Secretaria Municipal de Agricultura, Trabalho e Desenvolvimento Econ\u00f4mico, em comemora\u00e7\u00e3o ao Dia das [&hellip;]","og_url":"https:\/\/blogdacondessa.com.br\/blog\/cidades\/o-festival-de-rosas-do-deserto-e-flores-acontece-no-shopping-orla\/","og_site_name":"Blog da Condessa","article_published_time":"2024-05-10T09:00:46+00:00","og_image":[{"width":2560,"height":1707,"url":"https:\/\/blogdacondessa.com.br\/blog\/wp-content\/uploads\/2024\/05\/FESTIVAL-scaled.jpg","type":"image\/jpeg"}],"author":"Blog da Condessa","twitter_card":"summary_large_image","twitter_misc":{"Escrito por":"Blog da Condessa","Est. tempo de leitura":"2 minutos"},"schema":{"@context":"https:\/\/schema.org","@graph":[{"@type":"Article","@id":"https:\/\/blogdacondessa.com.br\/blog\/cidades\/o-festival-de-rosas-do-deserto-e-flores-acontece-no-shopping-orla\/#article","isPartOf":{"@id":"https:\/\/blogdacondessa.com.br\/blog\/cidades\/o-festival-de-rosas-do-deserto-e-flores-acontece-no-shopping-orla\/"},"author":{"name":"Blog da Condessa","@id":"https:\/\/blogdacondessa.com.br\/blog\/#\/schema\/person\/1d667ff8b785195b568677489d266035"},"headline":"O Festival de Rosas do Deserto e Flores acontece no Shopping Orla","datePublished":"2024-05-10T09:00:46+00:00","mainEntityOfPage":{"@id":"https:\/\/blogdacondessa.com.br\/blog\/cidades\/o-festival-de-rosas-do-deserto-e-flores-acontece-no-shopping-orla\/"},"wordCount":258,"image":{"@id":"https:\/\/blogdacondessa.com.br\/blog\/cidades\/o-festival-de-rosas-do-deserto-e-flores-acontece-no-shopping-orla\/#primaryimage"},"thumbnailUrl":"https:\/\/blogdacondessa.com.br\/blog\/wp-content\/uploads\/2024\/05\/FESTIVAL-scaled.jpg","articleSection":["Cidades"],"inLanguage":"pt-BR"},{"@type":"WebPage","@id":"https:\/\/blogdacondessa.com.br\/blog\/cidades\/o-festival-de-rosas-do-deserto-e-flores-acontece-no-shopping-orla\/","url":"https:\/\/blogdacondessa.com.br\/blog\/cidades\/o-festival-de-rosas-do-deserto-e-flores-acontece-no-shopping-orla\/","name":"O Festival de Rosas do Deserto e Flores acontece no Shopping Orla &#8902; Blog da Condessa","isPartOf":{"@id":"https:\/\/blogdacondessa.com.br\/blog\/#website"},"primaryImageOfPage":{"@id":"https:\/\/blogdacondessa.com.br\/blog\/cidades\/o-festival-de-rosas-do-deserto-e-flores-acontece-no-shopping-orla\/#primaryimage"},"image":{"@id":"https:\/\/blogdacondessa.com.br\/blog\/cidades\/o-festival-de-rosas-do-deserto-e-flores-acontece-no-shopping-orla\/#primaryimage"},"thumbnailUrl":"https:\/\/blogdacondessa.com.br\/blog\/wp-content\/uploads\/2024\/05\/FESTIVAL-scaled.jpg","datePublished":"2024-05-10T09:00:46+00:00","author":{"@id":"https:\/\/blogdacondessa.com.br\/blog\/#\/schema\/person\/1d667ff8b785195b568677489d266035"},"breadcrumb":{"@id":"https:\/\/blogdacondessa.com.br\/blog\/cidades\/o-festival-de-rosas-do-deserto-e-flores-acontece-no-shopping-orla\/#breadcrumb"},"inLanguage":"pt-BR","potentialAction":[{"@type":"ReadAction","target":["https:\/\/blogdacondessa.com.br\/blog\/cidades\/o-festival-de-rosas-do-deserto-e-flores-acontece-no-shopping-orla\/"]}]},{"@type":"ImageObject","inLanguage":"pt-BR","@id":"https:\/\/blogdacondessa.com.br\/blog\/cidades\/o-festival-de-rosas-do-deserto-e-flores-acontece-no-shopping-orla\/#primaryimage","url":"https:\/\/blogdacondessa.com.br\/blog\/wp-content\/uploads\/2024\/05\/FESTIVAL-scaled.jpg","contentUrl":"https:\/\/blogdacondessa.com.br\/blog\/wp-content\/uploads\/2024\/05\/FESTIVAL-scaled.jpg","width":2560,"height":1707,"caption":"Foto:Emanoele Daiane"},{"@type":"BreadcrumbList","@id":"https:\/\/blogdacondessa.com.br\/blog\/cidades\/o-festival-de-rosas-do-deserto-e-flores-acontece-no-shopping-orla\/#breadcrumb","itemListElement":[{"@type":"ListItem","position":1,"name":"In\u00edcio","item":"https:\/\/blogdacondessa.com.br\/blog\/"},{"@type":"ListItem","position":2,"name":"O Festival de Rosas do Deserto e Flores acontece no Shopping Orla"}]},{"@type":"WebSite","@id":"https:\/\/blogdacondessa.com.br\/blog\/#website","url":"https:\/\/blogdacondessa.com.br\/blog\/","name":"Blog da Condessa","description":"Com Shirley de Souza O\u2019Campos","potentialAction":[{"@type":"SearchAction","target":{"@type":"EntryPoint","urlTemplate":"https:\/\/blogdacondessa.com.br\/blog\/?s={search_term_string}"},"query-input":{"@type":"PropertyValueSpecification","valueRequired":true,"valueName":"search_term_string"}}],"inLanguage":"pt-BR"},{"@type":"Person","@id":"https:\/\/blogdacondessa.com.br\/blog\/#\/schema\/person\/1d667ff8b785195b568677489d266035","name":"Blog da Condessa","image":{"@type":"ImageObject","inLanguage":"pt-BR","@id":"https:\/\/secure.gravatar.com\/avatar\/377c0eb8b4ad2bfc25461b41564b5971e721ca34a57642868fc7b0c8ac7b52c5?s=96&d=mm&r=g","url":"https:\/\/secure.gravatar.com\/avatar\/377c0eb8b4ad2bfc25461b41564b5971e721ca34a57642868fc7b0c8ac7b52c5?s=96&d=mm&r=g","contentUrl":"https:\/\/secure.gravatar.com\/avatar\/377c0eb8b4ad2bfc25461b41564b5971e721ca34a57642868fc7b0c8ac7b52c5?s=96&d=mm&r=g","caption":"Blog da Condessa"},"url":"https:\/\/blogdacondessa.com.br\/blog\/author\/beatriz\/"}]}},"_links":{"self":[{"href":"https:\/\/blogdacondessa.com.br\/blog\/wp-json\/wp\/v2\/posts\/9580","targetHints":{"allow":["GET"]}}],"collection":[{"href":"https:\/\/blogdacondessa.com.br\/blog\/wp-json\/wp\/v2\/posts"}],"about":[{"href":"https:\/\/blogdacondessa.com.br\/blog\/wp-json\/wp\/v2\/types\/post"}],"author":[{"embeddable":true,"href":"https:\/\/blogdacondessa.com.br\/blog\/wp-json\/wp\/v2\/users\/2"}],"replies":[{"embeddable":true,"href":"https:\/\/blogdacondessa.com.br\/blog\/wp-json\/wp\/v2\/comments?post=9580"}],"version-history":[{"count":0,"href":"https:\/\/blogdacondessa.com.br\/blog\/wp-json\/wp\/v2\/posts\/9580\/revisions"}],"wp:featuredmedia":[{"embeddable":true,"href":"https:\/\/blogdacondessa.com.br\/blog\/wp-json\/wp\/v2\/media\/9581"}],"wp:attachment":[{"href":"https:\/\/blogdacondessa.com.br\/blog\/wp-json\/wp\/v2\/media?parent=9580"}],"wp:term":[{"taxonomy":"category","embeddable":true,"href":"https:\/\/blogdacondessa.com.br\/blog\/wp-json\/wp\/v2\/categories?post=9580"},{"taxonomy":"post_tag","embeddable":true,"href":"https:\/\/blogdacondessa.com.br\/blog\/wp-json\/wp\/v2\/tags?post=9580"}],"curies":[{"name":"wp","href":"https:\/\/api.w.org\/{rel}","templated":true}]}}