{"id":9565,"date":"2024-05-07T05:00:09","date_gmt":"2024-05-07T09:00:09","guid":{"rendered":"https:\/\/blogdacondessa.com.br\/blog\/?p=9565"},"modified":"2024-05-06T13:43:19","modified_gmt":"2024-05-06T17:43:19","slug":"museu-de-historia-natural-celebra-mes-das-maes-com-atividades-artisticas-e-de-bem-estar","status":"publish","type":"post","link":"https:\/\/blogdacondessa.com.br\/blog\/cotidiano\/museu-de-historia-natural-celebra-mes-das-maes-com-atividades-artisticas-e-de-bem-estar\/","title":{"rendered":"Museu de Hist\u00f3ria Natural celebra m\u00eas das m\u00e3es com atividades art\u00edsticas e de bem-estar"},"content":{"rendered":"<p>Atividades ser\u00e3o realizadas todos os fins de semana no jardim do espa\u00e7o cultural.<\/p>\n<p>A programa\u00e7\u00e3o de maio do Museu de Hist\u00f3ria Natural de Mato Grosso traz atividades art\u00edsticas e de intera\u00e7\u00e3o com a natureza. O destaque \u00e9 para as oficinas de kokedama e cart\u00e3o pop-up que ser\u00e3o realizadas nos dias 11 e 12 de maio, em comemora\u00e7\u00e3o ao Dia das M\u00e3es. Outras a\u00e7\u00f5es gratuitas incluem desenho, constru\u00e7\u00e3o de f\u00f3sseis, ioga e cria\u00e7\u00e3o de animais pantaneiros com argila.<\/p>\n<p>O Dia das M\u00e3es ser\u00e1 comemorado nos dias 11 e 12 de maio. No s\u00e1bado (11) haver\u00e1 pr\u00e1tica de ioga, das 8h \u00e0s 9h, e oficina de kokedama, das 9h \u00e0s 11h. Esta atividade prop\u00f5e uma intera\u00e7\u00e3o entre m\u00e3es e filhos, na qual ser\u00e3o ensinadas as t\u00e9cnicas de constru\u00e7\u00e3o de kokedama, muito utilizada na decora\u00e7\u00e3o de casas e jardins.<\/p>\n<p>No domingo (12), das 9h \u00e0s 11h, haver\u00e1 a oficina para cria\u00e7\u00e3o de cart\u00e3o pop-up, voltada para fam\u00edlias. A proposta \u00e9 que ao final o cart\u00e3o possa ser entregue como um gesto de carinho dos filhos para as m\u00e3es.<\/p>\n<p>A programa\u00e7\u00e3o mensal inclui ainda a oficina de constru\u00e7\u00e3o de f\u00f3sseis, no domingo (19), das 9h \u00e0s 11h. Ser\u00e1 uma atividade pedag\u00f3gica com abordagem l\u00fadica sobre os animais que habitavam a Terra no per\u00edodo da pr\u00e9-hist\u00f3ria. E no s\u00e1bado (25), das 9h \u00e0s 11h, as atividades ser\u00e3o encerradas com a oficina de animais pantaneiros feitos com argila.<\/p>\n<p>Todas as oficinas s\u00e3o gratuitas, mas \u00e9 preciso fazer inscri\u00e7\u00f5es para participar. As vagas s\u00e3o disponibilizadas sempre \u00e0s 17h das quartas-feiras que antecedem \u00e0s atividades.<\/p>\n<p>As inscri\u00e7\u00f5es s\u00e3o feitas pela internet, acessando o\u00a0<a href=\"https:\/\/linktr.ee\/mhnmt%C2%A0\">link\u00a0<\/a>da biografia do Instagram do Museu.<\/p>\n<p>Al\u00e9m de oficinas e atividades na \u00e1rea externa, o Museu de Hist\u00f3ria Natural de Mato Grosso possui uma exposi\u00e7\u00e3o permanente de arqueologia e paleontologia, e apresenta\u00e7\u00e3o da hist\u00f3ria da Casa Dom Aquino.<\/p>\n<p>O espa\u00e7o cultural tem sido muito visitado por fam\u00edlias aos finais de semana, que aproveitam a extensa \u00e1rea verde, cercada por \u00e1rvores nativas e pequenos animais silvestres, para um momento de lazer na natureza.<\/p>\n<p>O passeio \u00e0 \u00e1rea externa do espa\u00e7o cultural inclui conhecer duas r\u00e9plicas de dinossauro em tamanho real, trilha sensorial pelo jardim, triha at\u00e9 o rio Cuiab\u00e1 e visita ao lago do Homem Holoceno (que recria cenas do cotidiano dos povos pr\u00e9-hist\u00f3ricos).<\/p>\n<p><strong>Servi\u00e7o<br \/>\n<\/strong>O Museu de Hist\u00f3ria Natural de Mato Grosso \u00e9 um dos equipamentos culturais da Secretaria de Estado de Cultura, Esporte e Lazer (Secel), que funciona em gest\u00e3o compartilhada com o Instituto Ecossistemas e Popula\u00e7\u00f5es Tradicionais (Instituto Ecoss).<\/p>\n<p>Endere\u00e7o: Avenida Manoel Jos\u00e9 de Arruda (Beira Rio), n\u00ba 2000, bairro Jardim Europa, Cuiab\u00e1\/MT.<br \/>\nFuncionamento: Quarta a domingo, das 8h \u00e0s 18h.<br \/>\nEntrada para exposi\u00e7\u00f5es de longa dura\u00e7\u00e3o: R$ 12,00 (inteira) e R$ 6,00 (meia). Entrada gratuita aos domingos e feriados. \u00c1rea verde, parquinho, caf\u00e9 e atra\u00e7\u00f5es do jardim: gratuito.<br \/>\nInscri\u00e7\u00f5es para oficinas: https:\/\/linktr.ee\/mhnmt<br \/>\nMais informa\u00e7\u00f5es: Instagram @museuhistorianaturalmt<\/p>\n<p>&nbsp;<\/p>\n","protected":false},"excerpt":{"rendered":"<p>Atividades ser\u00e3o realizadas todos os fins de semana no jardim do espa\u00e7o cultural. A programa\u00e7\u00e3o de maio do Museu de Hist\u00f3ria Natural de Mato Grosso traz atividades art\u00edsticas e de intera\u00e7\u00e3o com a natureza. O destaque \u00e9 para as oficinas de kokedama e cart\u00e3o pop-up que ser\u00e3o realizadas nos dias 11 e 12 de maio, [&hellip;]<\/p>\n","protected":false},"author":2,"featured_media":9566,"comment_status":"closed","ping_status":"closed","sticky":false,"template":"","format":"standard","meta":{"iawp_total_views":0,"footnotes":""},"categories":[24],"tags":[],"class_list":["post-9565","post","type-post","status-publish","format-standard","has-post-thumbnail","hentry","category-cotidiano"],"yoast_head":"<!-- This site is optimized with the Yoast SEO plugin v27.3 - https:\/\/yoast.com\/product\/yoast-seo-wordpress\/ -->\n<title>Museu de Hist\u00f3ria Natural celebra m\u00eas das m\u00e3es com atividades art\u00edsticas e de bem-estar &#8902; Blog da Condessa<\/title>\n<meta name=\"robots\" content=\"index, follow, max-snippet:-1, max-image-preview:large, max-video-preview:-1\" \/>\n<link rel=\"canonical\" href=\"https:\/\/blogdacondessa.com.br\/blog\/cotidiano\/museu-de-historia-natural-celebra-mes-das-maes-com-atividades-artisticas-e-de-bem-estar\/\" \/>\n<meta property=\"og:locale\" content=\"pt_BR\" \/>\n<meta property=\"og:type\" content=\"article\" \/>\n<meta property=\"og:title\" content=\"Museu de Hist\u00f3ria Natural celebra m\u00eas das m\u00e3es com atividades art\u00edsticas e de bem-estar &#8902; Blog da Condessa\" \/>\n<meta property=\"og:description\" content=\"Atividades ser\u00e3o realizadas todos os fins de semana no jardim do espa\u00e7o cultural. A programa\u00e7\u00e3o de maio do Museu de Hist\u00f3ria Natural de Mato Grosso traz atividades art\u00edsticas e de intera\u00e7\u00e3o com a natureza. O destaque \u00e9 para as oficinas de kokedama e cart\u00e3o pop-up que ser\u00e3o realizadas nos dias 11 e 12 de maio, [&hellip;]\" \/>\n<meta property=\"og:url\" content=\"https:\/\/blogdacondessa.com.br\/blog\/cotidiano\/museu-de-historia-natural-celebra-mes-das-maes-com-atividades-artisticas-e-de-bem-estar\/\" \/>\n<meta property=\"og:site_name\" content=\"Blog da Condessa\" \/>\n<meta property=\"article:published_time\" content=\"2024-05-07T09:00:09+00:00\" \/>\n<meta property=\"og:image\" content=\"https:\/\/blogdacondessa.com.br\/blog\/wp-content\/uploads\/2024\/05\/YOGA-scaled.jpg\" \/>\n\t<meta property=\"og:image:width\" content=\"2560\" \/>\n\t<meta property=\"og:image:height\" content=\"1920\" \/>\n\t<meta property=\"og:image:type\" content=\"image\/jpeg\" \/>\n<meta name=\"author\" content=\"Blog da Condessa\" \/>\n<meta name=\"twitter:card\" content=\"summary_large_image\" \/>\n<meta name=\"twitter:label1\" content=\"Escrito por\" \/>\n\t<meta name=\"twitter:data1\" content=\"Blog da Condessa\" \/>\n\t<meta name=\"twitter:label2\" content=\"Est. tempo de leitura\" \/>\n\t<meta name=\"twitter:data2\" content=\"3 minutos\" \/>\n<script type=\"application\/ld+json\" class=\"yoast-schema-graph\">{\"@context\":\"https:\\\/\\\/schema.org\",\"@graph\":[{\"@type\":\"Article\",\"@id\":\"https:\\\/\\\/blogdacondessa.com.br\\\/blog\\\/cotidiano\\\/museu-de-historia-natural-celebra-mes-das-maes-com-atividades-artisticas-e-de-bem-estar\\\/#article\",\"isPartOf\":{\"@id\":\"https:\\\/\\\/blogdacondessa.com.br\\\/blog\\\/cotidiano\\\/museu-de-historia-natural-celebra-mes-das-maes-com-atividades-artisticas-e-de-bem-estar\\\/\"},\"author\":{\"name\":\"Blog da Condessa\",\"@id\":\"https:\\\/\\\/blogdacondessa.com.br\\\/blog\\\/#\\\/schema\\\/person\\\/1d667ff8b785195b568677489d266035\"},\"headline\":\"Museu de Hist\u00f3ria Natural celebra m\u00eas das m\u00e3es com atividades art\u00edsticas e de bem-estar\",\"datePublished\":\"2024-05-07T09:00:09+00:00\",\"mainEntityOfPage\":{\"@id\":\"https:\\\/\\\/blogdacondessa.com.br\\\/blog\\\/cotidiano\\\/museu-de-historia-natural-celebra-mes-das-maes-com-atividades-artisticas-e-de-bem-estar\\\/\"},\"wordCount\":547,\"image\":{\"@id\":\"https:\\\/\\\/blogdacondessa.com.br\\\/blog\\\/cotidiano\\\/museu-de-historia-natural-celebra-mes-das-maes-com-atividades-artisticas-e-de-bem-estar\\\/#primaryimage\"},\"thumbnailUrl\":\"https:\\\/\\\/blogdacondessa.com.br\\\/blog\\\/wp-content\\\/uploads\\\/2024\\\/05\\\/YOGA-scaled.jpg\",\"articleSection\":[\"Cotidiano\"],\"inLanguage\":\"pt-BR\"},{\"@type\":\"WebPage\",\"@id\":\"https:\\\/\\\/blogdacondessa.com.br\\\/blog\\\/cotidiano\\\/museu-de-historia-natural-celebra-mes-das-maes-com-atividades-artisticas-e-de-bem-estar\\\/\",\"url\":\"https:\\\/\\\/blogdacondessa.com.br\\\/blog\\\/cotidiano\\\/museu-de-historia-natural-celebra-mes-das-maes-com-atividades-artisticas-e-de-bem-estar\\\/\",\"name\":\"Museu de Hist\u00f3ria Natural celebra m\u00eas das m\u00e3es com atividades art\u00edsticas e de bem-estar &#8902; Blog da Condessa\",\"isPartOf\":{\"@id\":\"https:\\\/\\\/blogdacondessa.com.br\\\/blog\\\/#website\"},\"primaryImageOfPage\":{\"@id\":\"https:\\\/\\\/blogdacondessa.com.br\\\/blog\\\/cotidiano\\\/museu-de-historia-natural-celebra-mes-das-maes-com-atividades-artisticas-e-de-bem-estar\\\/#primaryimage\"},\"image\":{\"@id\":\"https:\\\/\\\/blogdacondessa.com.br\\\/blog\\\/cotidiano\\\/museu-de-historia-natural-celebra-mes-das-maes-com-atividades-artisticas-e-de-bem-estar\\\/#primaryimage\"},\"thumbnailUrl\":\"https:\\\/\\\/blogdacondessa.com.br\\\/blog\\\/wp-content\\\/uploads\\\/2024\\\/05\\\/YOGA-scaled.jpg\",\"datePublished\":\"2024-05-07T09:00:09+00:00\",\"author\":{\"@id\":\"https:\\\/\\\/blogdacondessa.com.br\\\/blog\\\/#\\\/schema\\\/person\\\/1d667ff8b785195b568677489d266035\"},\"breadcrumb\":{\"@id\":\"https:\\\/\\\/blogdacondessa.com.br\\\/blog\\\/cotidiano\\\/museu-de-historia-natural-celebra-mes-das-maes-com-atividades-artisticas-e-de-bem-estar\\\/#breadcrumb\"},\"inLanguage\":\"pt-BR\",\"potentialAction\":[{\"@type\":\"ReadAction\",\"target\":[\"https:\\\/\\\/blogdacondessa.com.br\\\/blog\\\/cotidiano\\\/museu-de-historia-natural-celebra-mes-das-maes-com-atividades-artisticas-e-de-bem-estar\\\/\"]}]},{\"@type\":\"ImageObject\",\"inLanguage\":\"pt-BR\",\"@id\":\"https:\\\/\\\/blogdacondessa.com.br\\\/blog\\\/cotidiano\\\/museu-de-historia-natural-celebra-mes-das-maes-com-atividades-artisticas-e-de-bem-estar\\\/#primaryimage\",\"url\":\"https:\\\/\\\/blogdacondessa.com.br\\\/blog\\\/wp-content\\\/uploads\\\/2024\\\/05\\\/YOGA-scaled.jpg\",\"contentUrl\":\"https:\\\/\\\/blogdacondessa.com.br\\\/blog\\\/wp-content\\\/uploads\\\/2024\\\/05\\\/YOGA-scaled.jpg\",\"width\":2560,\"height\":1920,\"caption\":\"Foto: Divulga\u00e7\u00e3o\"},{\"@type\":\"BreadcrumbList\",\"@id\":\"https:\\\/\\\/blogdacondessa.com.br\\\/blog\\\/cotidiano\\\/museu-de-historia-natural-celebra-mes-das-maes-com-atividades-artisticas-e-de-bem-estar\\\/#breadcrumb\",\"itemListElement\":[{\"@type\":\"ListItem\",\"position\":1,\"name\":\"In\u00edcio\",\"item\":\"https:\\\/\\\/blogdacondessa.com.br\\\/blog\\\/\"},{\"@type\":\"ListItem\",\"position\":2,\"name\":\"Museu de Hist\u00f3ria Natural celebra m\u00eas das m\u00e3es com atividades art\u00edsticas e de bem-estar\"}]},{\"@type\":\"WebSite\",\"@id\":\"https:\\\/\\\/blogdacondessa.com.br\\\/blog\\\/#website\",\"url\":\"https:\\\/\\\/blogdacondessa.com.br\\\/blog\\\/\",\"name\":\"Blog da Condessa\",\"description\":\"Com Shirley de Souza O\u2019Campos\",\"potentialAction\":[{\"@type\":\"SearchAction\",\"target\":{\"@type\":\"EntryPoint\",\"urlTemplate\":\"https:\\\/\\\/blogdacondessa.com.br\\\/blog\\\/?s={search_term_string}\"},\"query-input\":{\"@type\":\"PropertyValueSpecification\",\"valueRequired\":true,\"valueName\":\"search_term_string\"}}],\"inLanguage\":\"pt-BR\"},{\"@type\":\"Person\",\"@id\":\"https:\\\/\\\/blogdacondessa.com.br\\\/blog\\\/#\\\/schema\\\/person\\\/1d667ff8b785195b568677489d266035\",\"name\":\"Blog da Condessa\",\"image\":{\"@type\":\"ImageObject\",\"inLanguage\":\"pt-BR\",\"@id\":\"https:\\\/\\\/secure.gravatar.com\\\/avatar\\\/377c0eb8b4ad2bfc25461b41564b5971e721ca34a57642868fc7b0c8ac7b52c5?s=96&d=mm&r=g\",\"url\":\"https:\\\/\\\/secure.gravatar.com\\\/avatar\\\/377c0eb8b4ad2bfc25461b41564b5971e721ca34a57642868fc7b0c8ac7b52c5?s=96&d=mm&r=g\",\"contentUrl\":\"https:\\\/\\\/secure.gravatar.com\\\/avatar\\\/377c0eb8b4ad2bfc25461b41564b5971e721ca34a57642868fc7b0c8ac7b52c5?s=96&d=mm&r=g\",\"caption\":\"Blog da Condessa\"},\"url\":\"https:\\\/\\\/blogdacondessa.com.br\\\/blog\\\/author\\\/beatriz\\\/\"}]}<\/script>\n<!-- \/ Yoast SEO plugin. -->","yoast_head_json":{"title":"Museu de Hist\u00f3ria Natural celebra m\u00eas das m\u00e3es com atividades art\u00edsticas e de bem-estar &#8902; Blog da Condessa","robots":{"index":"index","follow":"follow","max-snippet":"max-snippet:-1","max-image-preview":"max-image-preview:large","max-video-preview":"max-video-preview:-1"},"canonical":"https:\/\/blogdacondessa.com.br\/blog\/cotidiano\/museu-de-historia-natural-celebra-mes-das-maes-com-atividades-artisticas-e-de-bem-estar\/","og_locale":"pt_BR","og_type":"article","og_title":"Museu de Hist\u00f3ria Natural celebra m\u00eas das m\u00e3es com atividades art\u00edsticas e de bem-estar &#8902; Blog da Condessa","og_description":"Atividades ser\u00e3o realizadas todos os fins de semana no jardim do espa\u00e7o cultural. A programa\u00e7\u00e3o de maio do Museu de Hist\u00f3ria Natural de Mato Grosso traz atividades art\u00edsticas e de intera\u00e7\u00e3o com a natureza. O destaque \u00e9 para as oficinas de kokedama e cart\u00e3o pop-up que ser\u00e3o realizadas nos dias 11 e 12 de maio, [&hellip;]","og_url":"https:\/\/blogdacondessa.com.br\/blog\/cotidiano\/museu-de-historia-natural-celebra-mes-das-maes-com-atividades-artisticas-e-de-bem-estar\/","og_site_name":"Blog da Condessa","article_published_time":"2024-05-07T09:00:09+00:00","og_image":[{"width":2560,"height":1920,"url":"https:\/\/blogdacondessa.com.br\/blog\/wp-content\/uploads\/2024\/05\/YOGA-scaled.jpg","type":"image\/jpeg"}],"author":"Blog da Condessa","twitter_card":"summary_large_image","twitter_misc":{"Escrito por":"Blog da Condessa","Est. tempo de leitura":"3 minutos"},"schema":{"@context":"https:\/\/schema.org","@graph":[{"@type":"Article","@id":"https:\/\/blogdacondessa.com.br\/blog\/cotidiano\/museu-de-historia-natural-celebra-mes-das-maes-com-atividades-artisticas-e-de-bem-estar\/#article","isPartOf":{"@id":"https:\/\/blogdacondessa.com.br\/blog\/cotidiano\/museu-de-historia-natural-celebra-mes-das-maes-com-atividades-artisticas-e-de-bem-estar\/"},"author":{"name":"Blog da Condessa","@id":"https:\/\/blogdacondessa.com.br\/blog\/#\/schema\/person\/1d667ff8b785195b568677489d266035"},"headline":"Museu de Hist\u00f3ria Natural celebra m\u00eas das m\u00e3es com atividades art\u00edsticas e de bem-estar","datePublished":"2024-05-07T09:00:09+00:00","mainEntityOfPage":{"@id":"https:\/\/blogdacondessa.com.br\/blog\/cotidiano\/museu-de-historia-natural-celebra-mes-das-maes-com-atividades-artisticas-e-de-bem-estar\/"},"wordCount":547,"image":{"@id":"https:\/\/blogdacondessa.com.br\/blog\/cotidiano\/museu-de-historia-natural-celebra-mes-das-maes-com-atividades-artisticas-e-de-bem-estar\/#primaryimage"},"thumbnailUrl":"https:\/\/blogdacondessa.com.br\/blog\/wp-content\/uploads\/2024\/05\/YOGA-scaled.jpg","articleSection":["Cotidiano"],"inLanguage":"pt-BR"},{"@type":"WebPage","@id":"https:\/\/blogdacondessa.com.br\/blog\/cotidiano\/museu-de-historia-natural-celebra-mes-das-maes-com-atividades-artisticas-e-de-bem-estar\/","url":"https:\/\/blogdacondessa.com.br\/blog\/cotidiano\/museu-de-historia-natural-celebra-mes-das-maes-com-atividades-artisticas-e-de-bem-estar\/","name":"Museu de Hist\u00f3ria Natural celebra m\u00eas das m\u00e3es com atividades art\u00edsticas e de bem-estar &#8902; Blog da Condessa","isPartOf":{"@id":"https:\/\/blogdacondessa.com.br\/blog\/#website"},"primaryImageOfPage":{"@id":"https:\/\/blogdacondessa.com.br\/blog\/cotidiano\/museu-de-historia-natural-celebra-mes-das-maes-com-atividades-artisticas-e-de-bem-estar\/#primaryimage"},"image":{"@id":"https:\/\/blogdacondessa.com.br\/blog\/cotidiano\/museu-de-historia-natural-celebra-mes-das-maes-com-atividades-artisticas-e-de-bem-estar\/#primaryimage"},"thumbnailUrl":"https:\/\/blogdacondessa.com.br\/blog\/wp-content\/uploads\/2024\/05\/YOGA-scaled.jpg","datePublished":"2024-05-07T09:00:09+00:00","author":{"@id":"https:\/\/blogdacondessa.com.br\/blog\/#\/schema\/person\/1d667ff8b785195b568677489d266035"},"breadcrumb":{"@id":"https:\/\/blogdacondessa.com.br\/blog\/cotidiano\/museu-de-historia-natural-celebra-mes-das-maes-com-atividades-artisticas-e-de-bem-estar\/#breadcrumb"},"inLanguage":"pt-BR","potentialAction":[{"@type":"ReadAction","target":["https:\/\/blogdacondessa.com.br\/blog\/cotidiano\/museu-de-historia-natural-celebra-mes-das-maes-com-atividades-artisticas-e-de-bem-estar\/"]}]},{"@type":"ImageObject","inLanguage":"pt-BR","@id":"https:\/\/blogdacondessa.com.br\/blog\/cotidiano\/museu-de-historia-natural-celebra-mes-das-maes-com-atividades-artisticas-e-de-bem-estar\/#primaryimage","url":"https:\/\/blogdacondessa.com.br\/blog\/wp-content\/uploads\/2024\/05\/YOGA-scaled.jpg","contentUrl":"https:\/\/blogdacondessa.com.br\/blog\/wp-content\/uploads\/2024\/05\/YOGA-scaled.jpg","width":2560,"height":1920,"caption":"Foto: Divulga\u00e7\u00e3o"},{"@type":"BreadcrumbList","@id":"https:\/\/blogdacondessa.com.br\/blog\/cotidiano\/museu-de-historia-natural-celebra-mes-das-maes-com-atividades-artisticas-e-de-bem-estar\/#breadcrumb","itemListElement":[{"@type":"ListItem","position":1,"name":"In\u00edcio","item":"https:\/\/blogdacondessa.com.br\/blog\/"},{"@type":"ListItem","position":2,"name":"Museu de Hist\u00f3ria Natural celebra m\u00eas das m\u00e3es com atividades art\u00edsticas e de bem-estar"}]},{"@type":"WebSite","@id":"https:\/\/blogdacondessa.com.br\/blog\/#website","url":"https:\/\/blogdacondessa.com.br\/blog\/","name":"Blog da Condessa","description":"Com Shirley de Souza O\u2019Campos","potentialAction":[{"@type":"SearchAction","target":{"@type":"EntryPoint","urlTemplate":"https:\/\/blogdacondessa.com.br\/blog\/?s={search_term_string}"},"query-input":{"@type":"PropertyValueSpecification","valueRequired":true,"valueName":"search_term_string"}}],"inLanguage":"pt-BR"},{"@type":"Person","@id":"https:\/\/blogdacondessa.com.br\/blog\/#\/schema\/person\/1d667ff8b785195b568677489d266035","name":"Blog da Condessa","image":{"@type":"ImageObject","inLanguage":"pt-BR","@id":"https:\/\/secure.gravatar.com\/avatar\/377c0eb8b4ad2bfc25461b41564b5971e721ca34a57642868fc7b0c8ac7b52c5?s=96&d=mm&r=g","url":"https:\/\/secure.gravatar.com\/avatar\/377c0eb8b4ad2bfc25461b41564b5971e721ca34a57642868fc7b0c8ac7b52c5?s=96&d=mm&r=g","contentUrl":"https:\/\/secure.gravatar.com\/avatar\/377c0eb8b4ad2bfc25461b41564b5971e721ca34a57642868fc7b0c8ac7b52c5?s=96&d=mm&r=g","caption":"Blog da Condessa"},"url":"https:\/\/blogdacondessa.com.br\/blog\/author\/beatriz\/"}]}},"_links":{"self":[{"href":"https:\/\/blogdacondessa.com.br\/blog\/wp-json\/wp\/v2\/posts\/9565","targetHints":{"allow":["GET"]}}],"collection":[{"href":"https:\/\/blogdacondessa.com.br\/blog\/wp-json\/wp\/v2\/posts"}],"about":[{"href":"https:\/\/blogdacondessa.com.br\/blog\/wp-json\/wp\/v2\/types\/post"}],"author":[{"embeddable":true,"href":"https:\/\/blogdacondessa.com.br\/blog\/wp-json\/wp\/v2\/users\/2"}],"replies":[{"embeddable":true,"href":"https:\/\/blogdacondessa.com.br\/blog\/wp-json\/wp\/v2\/comments?post=9565"}],"version-history":[{"count":0,"href":"https:\/\/blogdacondessa.com.br\/blog\/wp-json\/wp\/v2\/posts\/9565\/revisions"}],"wp:featuredmedia":[{"embeddable":true,"href":"https:\/\/blogdacondessa.com.br\/blog\/wp-json\/wp\/v2\/media\/9566"}],"wp:attachment":[{"href":"https:\/\/blogdacondessa.com.br\/blog\/wp-json\/wp\/v2\/media?parent=9565"}],"wp:term":[{"taxonomy":"category","embeddable":true,"href":"https:\/\/blogdacondessa.com.br\/blog\/wp-json\/wp\/v2\/categories?post=9565"},{"taxonomy":"post_tag","embeddable":true,"href":"https:\/\/blogdacondessa.com.br\/blog\/wp-json\/wp\/v2\/tags?post=9565"}],"curies":[{"name":"wp","href":"https:\/\/api.w.org\/{rel}","templated":true}]}}