{"id":9547,"date":"2024-05-02T05:00:09","date_gmt":"2024-05-02T09:00:09","guid":{"rendered":"https:\/\/blogdacondessa.com.br\/blog\/?p=9547"},"modified":"2024-05-01T18:57:28","modified_gmt":"2024-05-01T22:57:28","slug":"o-algodao-de-mato-grosso-veste-o-mundo","status":"publish","type":"post","link":"https:\/\/blogdacondessa.com.br\/blog\/moda\/o-algodao-de-mato-grosso-veste-o-mundo\/","title":{"rendered":"&#8220;O Algod\u00e3o de Mato Grosso Veste o Mundo&#8221;"},"content":{"rendered":"<p>Evento de moda em Chapada ocorre no final de junho com exposi\u00e7\u00f5es e shows.O destaque do encontro ser\u00e1 o desfile da renomada estilista Martha Medeiros, apresentando sua cole\u00e7\u00e3o &#8220;Cosmopolitan&#8221;.<br \/>\nCom o tema &#8220;O Algod\u00e3o de Mato Grosso Veste o Mundo&#8221;, a 4\u00ba edi\u00e7\u00e3o do Chapada Fashion ocorre no final de junho, em Chapada dos Guimar\u00e3es ( a 67,8 km de Cuiab\u00e1). Durante os quatro dias de evento, haver\u00e1 desfiles de moda, exposi\u00e7\u00f5es de arte, shows musicais e palestras sobre sustentabilidade e inclus\u00e3o social no segmento.<br \/>\nO destaque do encontro ser\u00e1 o desfile da renomada estilista Martha Medeiros, apresentando sua cole\u00e7\u00e3o &#8220;Cosmopolitan&#8221;. Reconhecida internacionalmente por suas cria\u00e7\u00f5es que mesclam a tradi\u00e7\u00e3o do artesanato brasileiro com a contemporaneidade da moda, Martha promete encantar o p\u00fablico com suas pe\u00e7as \u00fanicas e sofisticadas.<br \/>\nCom a uni\u00e3o da moda, solidariedade e cultura do algod\u00e3o, o Chapada Fashion se firma como um espa\u00e7o de celebra\u00e7\u00e3o e valoriza\u00e7\u00e3o do talento local, contribuindo significativamente para o fortalecimento da ind\u00fastria t\u00eaxtil e o desenvolvimento da economia regional.<br \/>\nNo \u00faltimo dia30, autoridades, imprensa e influenciadores participaram do lan\u00e7amento do evento. O produtor de moda Edson Guilherme, com 37 anos de experi\u00eancia no cen\u00e1rio da moda mato-grossense, \u00e9 o respons\u00e1vel pela organiza\u00e7\u00e3o da festividade.A primeira-dama do estado, Virginia Mendes, \u00e9 embaixadora doChapada Fashion.<br \/>\n\u201cA ind\u00fastria da moda desempenha um papel crucial na economia mundial, gerando empregos e impulsionando o com\u00e9rcio, e o Chapada Fashion se destaca como um catalisador desse setor em Mato Grosso\u201d, explicou.<\/p>\n","protected":false},"excerpt":{"rendered":"<p>Evento de moda em Chapada ocorre no final de junho com exposi\u00e7\u00f5es e shows.O destaque do encontro ser\u00e1 o desfile da renomada estilista Martha Medeiros, apresentando sua cole\u00e7\u00e3o &#8220;Cosmopolitan&#8221;. Com o tema &#8220;O Algod\u00e3o de Mato Grosso Veste o Mundo&#8221;, a 4\u00ba edi\u00e7\u00e3o do Chapada Fashion ocorre no final de junho, em Chapada dos Guimar\u00e3es [&hellip;]<\/p>\n","protected":false},"author":2,"featured_media":9548,"comment_status":"closed","ping_status":"closed","sticky":false,"template":"","format":"standard","meta":{"iawp_total_views":48,"footnotes":""},"categories":[21],"tags":[],"class_list":["post-9547","post","type-post","status-publish","format-standard","has-post-thumbnail","hentry","category-moda"],"yoast_head":"<!-- This site is optimized with the Yoast SEO plugin v27.3 - https:\/\/yoast.com\/product\/yoast-seo-wordpress\/ -->\n<title>&quot;O Algod\u00e3o de Mato Grosso Veste o Mundo&quot; &#8902; Blog da Condessa<\/title>\n<meta name=\"robots\" content=\"index, follow, max-snippet:-1, max-image-preview:large, max-video-preview:-1\" \/>\n<link rel=\"canonical\" href=\"https:\/\/blogdacondessa.com.br\/blog\/moda\/o-algodao-de-mato-grosso-veste-o-mundo\/\" \/>\n<meta property=\"og:locale\" content=\"pt_BR\" \/>\n<meta property=\"og:type\" content=\"article\" \/>\n<meta property=\"og:title\" content=\"&quot;O Algod\u00e3o de Mato Grosso Veste o Mundo&quot; &#8902; Blog da Condessa\" \/>\n<meta property=\"og:description\" content=\"Evento de moda em Chapada ocorre no final de junho com exposi\u00e7\u00f5es e shows.O destaque do encontro ser\u00e1 o desfile da renomada estilista Martha Medeiros, apresentando sua cole\u00e7\u00e3o &#8220;Cosmopolitan&#8221;. Com o tema &#8220;O Algod\u00e3o de Mato Grosso Veste o Mundo&#8221;, a 4\u00ba edi\u00e7\u00e3o do Chapada Fashion ocorre no final de junho, em Chapada dos Guimar\u00e3es [&hellip;]\" \/>\n<meta property=\"og:url\" content=\"https:\/\/blogdacondessa.com.br\/blog\/moda\/o-algodao-de-mato-grosso-veste-o-mundo\/\" \/>\n<meta property=\"og:site_name\" content=\"Blog da Condessa\" \/>\n<meta property=\"article:published_time\" content=\"2024-05-02T09:00:09+00:00\" \/>\n<meta property=\"og:image\" content=\"https:\/\/blogdacondessa.com.br\/blog\/wp-content\/uploads\/2024\/05\/Chapada-fashion.jpeg\" \/>\n\t<meta property=\"og:image:width\" content=\"400\" \/>\n\t<meta property=\"og:image:height\" content=\"317\" \/>\n\t<meta property=\"og:image:type\" content=\"image\/jpeg\" \/>\n<meta name=\"author\" content=\"Blog da Condessa\" \/>\n<meta name=\"twitter:card\" content=\"summary_large_image\" \/>\n<meta name=\"twitter:label1\" content=\"Escrito por\" \/>\n\t<meta name=\"twitter:data1\" content=\"Blog da Condessa\" \/>\n\t<meta name=\"twitter:label2\" content=\"Est. tempo de leitura\" \/>\n\t<meta name=\"twitter:data2\" content=\"2 minutos\" \/>\n<script type=\"application\/ld+json\" class=\"yoast-schema-graph\">{\"@context\":\"https:\\\/\\\/schema.org\",\"@graph\":[{\"@type\":\"Article\",\"@id\":\"https:\\\/\\\/blogdacondessa.com.br\\\/blog\\\/moda\\\/o-algodao-de-mato-grosso-veste-o-mundo\\\/#article\",\"isPartOf\":{\"@id\":\"https:\\\/\\\/blogdacondessa.com.br\\\/blog\\\/moda\\\/o-algodao-de-mato-grosso-veste-o-mundo\\\/\"},\"author\":{\"name\":\"Blog da Condessa\",\"@id\":\"https:\\\/\\\/blogdacondessa.com.br\\\/blog\\\/#\\\/schema\\\/person\\\/1d667ff8b785195b568677489d266035\"},\"headline\":\"&#8220;O Algod\u00e3o de Mato Grosso Veste o Mundo&#8221;\",\"datePublished\":\"2024-05-02T09:00:09+00:00\",\"mainEntityOfPage\":{\"@id\":\"https:\\\/\\\/blogdacondessa.com.br\\\/blog\\\/moda\\\/o-algodao-de-mato-grosso-veste-o-mundo\\\/\"},\"wordCount\":275,\"image\":{\"@id\":\"https:\\\/\\\/blogdacondessa.com.br\\\/blog\\\/moda\\\/o-algodao-de-mato-grosso-veste-o-mundo\\\/#primaryimage\"},\"thumbnailUrl\":\"https:\\\/\\\/blogdacondessa.com.br\\\/blog\\\/wp-content\\\/uploads\\\/2024\\\/05\\\/Chapada-fashion.jpeg\",\"articleSection\":[\"Moda\"],\"inLanguage\":\"pt-BR\"},{\"@type\":\"WebPage\",\"@id\":\"https:\\\/\\\/blogdacondessa.com.br\\\/blog\\\/moda\\\/o-algodao-de-mato-grosso-veste-o-mundo\\\/\",\"url\":\"https:\\\/\\\/blogdacondessa.com.br\\\/blog\\\/moda\\\/o-algodao-de-mato-grosso-veste-o-mundo\\\/\",\"name\":\"\\\"O Algod\u00e3o de Mato Grosso Veste o Mundo\\\" &#8902; Blog da Condessa\",\"isPartOf\":{\"@id\":\"https:\\\/\\\/blogdacondessa.com.br\\\/blog\\\/#website\"},\"primaryImageOfPage\":{\"@id\":\"https:\\\/\\\/blogdacondessa.com.br\\\/blog\\\/moda\\\/o-algodao-de-mato-grosso-veste-o-mundo\\\/#primaryimage\"},\"image\":{\"@id\":\"https:\\\/\\\/blogdacondessa.com.br\\\/blog\\\/moda\\\/o-algodao-de-mato-grosso-veste-o-mundo\\\/#primaryimage\"},\"thumbnailUrl\":\"https:\\\/\\\/blogdacondessa.com.br\\\/blog\\\/wp-content\\\/uploads\\\/2024\\\/05\\\/Chapada-fashion.jpeg\",\"datePublished\":\"2024-05-02T09:00:09+00:00\",\"author\":{\"@id\":\"https:\\\/\\\/blogdacondessa.com.br\\\/blog\\\/#\\\/schema\\\/person\\\/1d667ff8b785195b568677489d266035\"},\"breadcrumb\":{\"@id\":\"https:\\\/\\\/blogdacondessa.com.br\\\/blog\\\/moda\\\/o-algodao-de-mato-grosso-veste-o-mundo\\\/#breadcrumb\"},\"inLanguage\":\"pt-BR\",\"potentialAction\":[{\"@type\":\"ReadAction\",\"target\":[\"https:\\\/\\\/blogdacondessa.com.br\\\/blog\\\/moda\\\/o-algodao-de-mato-grosso-veste-o-mundo\\\/\"]}]},{\"@type\":\"ImageObject\",\"inLanguage\":\"pt-BR\",\"@id\":\"https:\\\/\\\/blogdacondessa.com.br\\\/blog\\\/moda\\\/o-algodao-de-mato-grosso-veste-o-mundo\\\/#primaryimage\",\"url\":\"https:\\\/\\\/blogdacondessa.com.br\\\/blog\\\/wp-content\\\/uploads\\\/2024\\\/05\\\/Chapada-fashion.jpeg\",\"contentUrl\":\"https:\\\/\\\/blogdacondessa.com.br\\\/blog\\\/wp-content\\\/uploads\\\/2024\\\/05\\\/Chapada-fashion.jpeg\",\"width\":400,\"height\":317,\"caption\":\"Foto: Laura Rocha\"},{\"@type\":\"BreadcrumbList\",\"@id\":\"https:\\\/\\\/blogdacondessa.com.br\\\/blog\\\/moda\\\/o-algodao-de-mato-grosso-veste-o-mundo\\\/#breadcrumb\",\"itemListElement\":[{\"@type\":\"ListItem\",\"position\":1,\"name\":\"In\u00edcio\",\"item\":\"https:\\\/\\\/blogdacondessa.com.br\\\/blog\\\/\"},{\"@type\":\"ListItem\",\"position\":2,\"name\":\"&#8220;O Algod\u00e3o de Mato Grosso Veste o Mundo&#8221;\"}]},{\"@type\":\"WebSite\",\"@id\":\"https:\\\/\\\/blogdacondessa.com.br\\\/blog\\\/#website\",\"url\":\"https:\\\/\\\/blogdacondessa.com.br\\\/blog\\\/\",\"name\":\"Blog da Condessa\",\"description\":\"Com Shirley de Souza O\u2019Campos\",\"potentialAction\":[{\"@type\":\"SearchAction\",\"target\":{\"@type\":\"EntryPoint\",\"urlTemplate\":\"https:\\\/\\\/blogdacondessa.com.br\\\/blog\\\/?s={search_term_string}\"},\"query-input\":{\"@type\":\"PropertyValueSpecification\",\"valueRequired\":true,\"valueName\":\"search_term_string\"}}],\"inLanguage\":\"pt-BR\"},{\"@type\":\"Person\",\"@id\":\"https:\\\/\\\/blogdacondessa.com.br\\\/blog\\\/#\\\/schema\\\/person\\\/1d667ff8b785195b568677489d266035\",\"name\":\"Blog da Condessa\",\"image\":{\"@type\":\"ImageObject\",\"inLanguage\":\"pt-BR\",\"@id\":\"https:\\\/\\\/secure.gravatar.com\\\/avatar\\\/377c0eb8b4ad2bfc25461b41564b5971e721ca34a57642868fc7b0c8ac7b52c5?s=96&d=mm&r=g\",\"url\":\"https:\\\/\\\/secure.gravatar.com\\\/avatar\\\/377c0eb8b4ad2bfc25461b41564b5971e721ca34a57642868fc7b0c8ac7b52c5?s=96&d=mm&r=g\",\"contentUrl\":\"https:\\\/\\\/secure.gravatar.com\\\/avatar\\\/377c0eb8b4ad2bfc25461b41564b5971e721ca34a57642868fc7b0c8ac7b52c5?s=96&d=mm&r=g\",\"caption\":\"Blog da Condessa\"},\"url\":\"https:\\\/\\\/blogdacondessa.com.br\\\/blog\\\/author\\\/beatriz\\\/\"}]}<\/script>\n<!-- \/ Yoast SEO plugin. -->","yoast_head_json":{"title":"\"O Algod\u00e3o de Mato Grosso Veste o Mundo\" &#8902; Blog da Condessa","robots":{"index":"index","follow":"follow","max-snippet":"max-snippet:-1","max-image-preview":"max-image-preview:large","max-video-preview":"max-video-preview:-1"},"canonical":"https:\/\/blogdacondessa.com.br\/blog\/moda\/o-algodao-de-mato-grosso-veste-o-mundo\/","og_locale":"pt_BR","og_type":"article","og_title":"\"O Algod\u00e3o de Mato Grosso Veste o Mundo\" &#8902; Blog da Condessa","og_description":"Evento de moda em Chapada ocorre no final de junho com exposi\u00e7\u00f5es e shows.O destaque do encontro ser\u00e1 o desfile da renomada estilista Martha Medeiros, apresentando sua cole\u00e7\u00e3o &#8220;Cosmopolitan&#8221;. Com o tema &#8220;O Algod\u00e3o de Mato Grosso Veste o Mundo&#8221;, a 4\u00ba edi\u00e7\u00e3o do Chapada Fashion ocorre no final de junho, em Chapada dos Guimar\u00e3es [&hellip;]","og_url":"https:\/\/blogdacondessa.com.br\/blog\/moda\/o-algodao-de-mato-grosso-veste-o-mundo\/","og_site_name":"Blog da Condessa","article_published_time":"2024-05-02T09:00:09+00:00","og_image":[{"width":400,"height":317,"url":"https:\/\/blogdacondessa.com.br\/blog\/wp-content\/uploads\/2024\/05\/Chapada-fashion.jpeg","type":"image\/jpeg"}],"author":"Blog da Condessa","twitter_card":"summary_large_image","twitter_misc":{"Escrito por":"Blog da Condessa","Est. tempo de leitura":"2 minutos"},"schema":{"@context":"https:\/\/schema.org","@graph":[{"@type":"Article","@id":"https:\/\/blogdacondessa.com.br\/blog\/moda\/o-algodao-de-mato-grosso-veste-o-mundo\/#article","isPartOf":{"@id":"https:\/\/blogdacondessa.com.br\/blog\/moda\/o-algodao-de-mato-grosso-veste-o-mundo\/"},"author":{"name":"Blog da Condessa","@id":"https:\/\/blogdacondessa.com.br\/blog\/#\/schema\/person\/1d667ff8b785195b568677489d266035"},"headline":"&#8220;O Algod\u00e3o de Mato Grosso Veste o Mundo&#8221;","datePublished":"2024-05-02T09:00:09+00:00","mainEntityOfPage":{"@id":"https:\/\/blogdacondessa.com.br\/blog\/moda\/o-algodao-de-mato-grosso-veste-o-mundo\/"},"wordCount":275,"image":{"@id":"https:\/\/blogdacondessa.com.br\/blog\/moda\/o-algodao-de-mato-grosso-veste-o-mundo\/#primaryimage"},"thumbnailUrl":"https:\/\/blogdacondessa.com.br\/blog\/wp-content\/uploads\/2024\/05\/Chapada-fashion.jpeg","articleSection":["Moda"],"inLanguage":"pt-BR"},{"@type":"WebPage","@id":"https:\/\/blogdacondessa.com.br\/blog\/moda\/o-algodao-de-mato-grosso-veste-o-mundo\/","url":"https:\/\/blogdacondessa.com.br\/blog\/moda\/o-algodao-de-mato-grosso-veste-o-mundo\/","name":"\"O Algod\u00e3o de Mato Grosso Veste o Mundo\" &#8902; Blog da Condessa","isPartOf":{"@id":"https:\/\/blogdacondessa.com.br\/blog\/#website"},"primaryImageOfPage":{"@id":"https:\/\/blogdacondessa.com.br\/blog\/moda\/o-algodao-de-mato-grosso-veste-o-mundo\/#primaryimage"},"image":{"@id":"https:\/\/blogdacondessa.com.br\/blog\/moda\/o-algodao-de-mato-grosso-veste-o-mundo\/#primaryimage"},"thumbnailUrl":"https:\/\/blogdacondessa.com.br\/blog\/wp-content\/uploads\/2024\/05\/Chapada-fashion.jpeg","datePublished":"2024-05-02T09:00:09+00:00","author":{"@id":"https:\/\/blogdacondessa.com.br\/blog\/#\/schema\/person\/1d667ff8b785195b568677489d266035"},"breadcrumb":{"@id":"https:\/\/blogdacondessa.com.br\/blog\/moda\/o-algodao-de-mato-grosso-veste-o-mundo\/#breadcrumb"},"inLanguage":"pt-BR","potentialAction":[{"@type":"ReadAction","target":["https:\/\/blogdacondessa.com.br\/blog\/moda\/o-algodao-de-mato-grosso-veste-o-mundo\/"]}]},{"@type":"ImageObject","inLanguage":"pt-BR","@id":"https:\/\/blogdacondessa.com.br\/blog\/moda\/o-algodao-de-mato-grosso-veste-o-mundo\/#primaryimage","url":"https:\/\/blogdacondessa.com.br\/blog\/wp-content\/uploads\/2024\/05\/Chapada-fashion.jpeg","contentUrl":"https:\/\/blogdacondessa.com.br\/blog\/wp-content\/uploads\/2024\/05\/Chapada-fashion.jpeg","width":400,"height":317,"caption":"Foto: Laura Rocha"},{"@type":"BreadcrumbList","@id":"https:\/\/blogdacondessa.com.br\/blog\/moda\/o-algodao-de-mato-grosso-veste-o-mundo\/#breadcrumb","itemListElement":[{"@type":"ListItem","position":1,"name":"In\u00edcio","item":"https:\/\/blogdacondessa.com.br\/blog\/"},{"@type":"ListItem","position":2,"name":"&#8220;O Algod\u00e3o de Mato Grosso Veste o Mundo&#8221;"}]},{"@type":"WebSite","@id":"https:\/\/blogdacondessa.com.br\/blog\/#website","url":"https:\/\/blogdacondessa.com.br\/blog\/","name":"Blog da Condessa","description":"Com Shirley de Souza O\u2019Campos","potentialAction":[{"@type":"SearchAction","target":{"@type":"EntryPoint","urlTemplate":"https:\/\/blogdacondessa.com.br\/blog\/?s={search_term_string}"},"query-input":{"@type":"PropertyValueSpecification","valueRequired":true,"valueName":"search_term_string"}}],"inLanguage":"pt-BR"},{"@type":"Person","@id":"https:\/\/blogdacondessa.com.br\/blog\/#\/schema\/person\/1d667ff8b785195b568677489d266035","name":"Blog da Condessa","image":{"@type":"ImageObject","inLanguage":"pt-BR","@id":"https:\/\/secure.gravatar.com\/avatar\/377c0eb8b4ad2bfc25461b41564b5971e721ca34a57642868fc7b0c8ac7b52c5?s=96&d=mm&r=g","url":"https:\/\/secure.gravatar.com\/avatar\/377c0eb8b4ad2bfc25461b41564b5971e721ca34a57642868fc7b0c8ac7b52c5?s=96&d=mm&r=g","contentUrl":"https:\/\/secure.gravatar.com\/avatar\/377c0eb8b4ad2bfc25461b41564b5971e721ca34a57642868fc7b0c8ac7b52c5?s=96&d=mm&r=g","caption":"Blog da Condessa"},"url":"https:\/\/blogdacondessa.com.br\/blog\/author\/beatriz\/"}]}},"_links":{"self":[{"href":"https:\/\/blogdacondessa.com.br\/blog\/wp-json\/wp\/v2\/posts\/9547","targetHints":{"allow":["GET"]}}],"collection":[{"href":"https:\/\/blogdacondessa.com.br\/blog\/wp-json\/wp\/v2\/posts"}],"about":[{"href":"https:\/\/blogdacondessa.com.br\/blog\/wp-json\/wp\/v2\/types\/post"}],"author":[{"embeddable":true,"href":"https:\/\/blogdacondessa.com.br\/blog\/wp-json\/wp\/v2\/users\/2"}],"replies":[{"embeddable":true,"href":"https:\/\/blogdacondessa.com.br\/blog\/wp-json\/wp\/v2\/comments?post=9547"}],"version-history":[{"count":0,"href":"https:\/\/blogdacondessa.com.br\/blog\/wp-json\/wp\/v2\/posts\/9547\/revisions"}],"wp:featuredmedia":[{"embeddable":true,"href":"https:\/\/blogdacondessa.com.br\/blog\/wp-json\/wp\/v2\/media\/9548"}],"wp:attachment":[{"href":"https:\/\/blogdacondessa.com.br\/blog\/wp-json\/wp\/v2\/media?parent=9547"}],"wp:term":[{"taxonomy":"category","embeddable":true,"href":"https:\/\/blogdacondessa.com.br\/blog\/wp-json\/wp\/v2\/categories?post=9547"},{"taxonomy":"post_tag","embeddable":true,"href":"https:\/\/blogdacondessa.com.br\/blog\/wp-json\/wp\/v2\/tags?post=9547"}],"curies":[{"name":"wp","href":"https:\/\/api.w.org\/{rel}","templated":true}]}}