{"id":9520,"date":"2024-04-27T05:00:20","date_gmt":"2024-04-27T09:00:20","guid":{"rendered":"https:\/\/blogdacondessa.com.br\/blog\/?p=9520"},"modified":"2024-04-26T18:02:30","modified_gmt":"2024-04-26T22:02:30","slug":"60-anos-depois","status":"publish","type":"post","link":"https:\/\/blogdacondessa.com.br\/blog\/cultura\/60-anos-depois\/","title":{"rendered":"&#8220;60 Anos Depois&#8221;"},"content":{"rendered":"<p>Espet\u00e1culo que conta a hist\u00f3ria da ditadura militar em MT ser\u00e1 exibido. A estreia acontece no dia 04 de maio, no Cine Teatro Cuiab\u00e1.<br \/>\nCom texto original do historiador Jo\u00e3o Carlos Vicente Ferreira e adapta\u00e7\u00e3o do grupo Cena Onze, a pe\u00e7a &#8220;60 Anos Depois&#8221; traz os fatos que marcaram a hist\u00f3ria da ditadura em Mato Grosso e passar\u00e1 uma temporada no Cine Teatro Cuiab\u00e1, todos os fins de semana de maio de 2024, sempre aos s\u00e1bados e domingos, na sala Anderson Flores, a partir das 19h, com entrada gratuita e sugest\u00e3o de doa\u00e7\u00e3o de 2kg de alimentos n\u00e3o perec\u00edveis.<br \/>\nA pr\u00e9-estreia aconteceu no dia 12 de abril, em C\u00e1ceres-MT e al\u00e9m de Cuiab\u00e1, a pe\u00e7a tamb\u00e9m ir\u00e1 para outros munic\u00edpios do estado, narrando os 60 anos pelo olhar do professor mato-grossense Waldir Bert\u00falio, testemunha ocular de fatos que marcaram a \u00e9poca da Ditadura Militar em Mato Grosso, (1964\/1985), quando poucos tinham conhecimento do que estava ocorrendo de fato.<br \/>\n\u201cAssim, a companhia de teatro Cena Onze realizou pesquisas, em longas conversas com o professor Waldir Bert\u00falio, o historiador Jo\u00e3o Carlos Vicente Ferreira, os pesquisadores C\u00e1tia Cristina de Almeida e Rafael Ad\u00e3o, assistindo filmes da \u00e9poca, lendo obras, enfim, mergulhando nesse triste epis\u00f3dio da nossa hist\u00f3ria recente\u201d, revelou Fl\u00e1vio Ferreira, diretor geral da pe\u00e7a.<br \/>\n60 Anos Depois \u00e9 um espet\u00e1culo montado pela companhia de teatro Cena Onze, em homenagem \u00e0s pessoas que residiam em Mato Grosso, e que lutaram contra a ditadura militar.<br \/>\n\u201cPor ser um fomento decorrente emenda parlamentar, o Cena Onze remunera o mercado de trabalho, com a contrata\u00e7\u00e3o de profissionais e t\u00e9cnicos de diversas \u00e1reas, tais como atores, figurinistas, cen\u00f3grafos, m\u00fasicos, entre outros\u201d, comenta Fl\u00e1via Taques, produtora executiva.<br \/>\nO espet\u00e1culo \u00e9 uma parceria entre Cena Onze, Assembleia Legislativa e Secretaria de Estado de Cultura, Esporte e Lazer. A entrada \u00e9 gratuita, sendo sugerida a doa\u00e7\u00e3o de alimentos n\u00e3o perec\u00edveis.<br \/>\n<strong>Servi\u00e7o<\/strong><br \/>\nEspet\u00e1culo 60 Anos Depois<br \/>\nOnde: Cine Teatro Cuiab\u00e1 &#8211; Sala Anderson Flores<br \/>\nQuando: todos os s\u00e1bados e domingos de maio de 2024<br \/>\nHoras: 19h<br \/>\nEntrada: Gratuita (sugest\u00e3o de 2 kilos de alimentos n\u00e3o perec\u00edveis)<\/p>\n","protected":false},"excerpt":{"rendered":"<p>Espet\u00e1culo que conta a hist\u00f3ria da ditadura militar em MT ser\u00e1 exibido. A estreia acontece no dia 04 de maio, no Cine Teatro Cuiab\u00e1. Com texto original do historiador Jo\u00e3o Carlos Vicente Ferreira e adapta\u00e7\u00e3o do grupo Cena Onze, a pe\u00e7a &#8220;60 Anos Depois&#8221; traz os fatos que marcaram a hist\u00f3ria da ditadura em Mato [&hellip;]<\/p>\n","protected":false},"author":2,"featured_media":9521,"comment_status":"closed","ping_status":"closed","sticky":false,"template":"","format":"standard","meta":{"iawp_total_views":24,"footnotes":""},"categories":[18],"tags":[],"class_list":["post-9520","post","type-post","status-publish","format-standard","has-post-thumbnail","hentry","category-cultura"],"yoast_head":"<!-- This site is optimized with the Yoast SEO plugin v27.3 - https:\/\/yoast.com\/product\/yoast-seo-wordpress\/ -->\n<title>&quot;60 Anos Depois&quot; &#8902; Blog da Condessa<\/title>\n<meta name=\"robots\" content=\"index, follow, max-snippet:-1, max-image-preview:large, max-video-preview:-1\" \/>\n<link rel=\"canonical\" href=\"https:\/\/blogdacondessa.com.br\/blog\/cultura\/60-anos-depois\/\" \/>\n<meta property=\"og:locale\" content=\"pt_BR\" \/>\n<meta property=\"og:type\" content=\"article\" \/>\n<meta property=\"og:title\" content=\"&quot;60 Anos Depois&quot; &#8902; Blog da Condessa\" \/>\n<meta property=\"og:description\" content=\"Espet\u00e1culo que conta a hist\u00f3ria da ditadura militar em MT ser\u00e1 exibido. A estreia acontece no dia 04 de maio, no Cine Teatro Cuiab\u00e1. Com texto original do historiador Jo\u00e3o Carlos Vicente Ferreira e adapta\u00e7\u00e3o do grupo Cena Onze, a pe\u00e7a &#8220;60 Anos Depois&#8221; traz os fatos que marcaram a hist\u00f3ria da ditadura em Mato [&hellip;]\" \/>\n<meta property=\"og:url\" content=\"https:\/\/blogdacondessa.com.br\/blog\/cultura\/60-anos-depois\/\" \/>\n<meta property=\"og:site_name\" content=\"Blog da Condessa\" \/>\n<meta property=\"article:published_time\" content=\"2024-04-27T09:00:20+00:00\" \/>\n<meta property=\"og:image\" content=\"https:\/\/blogdacondessa.com.br\/blog\/wp-content\/uploads\/2024\/04\/DITADURA.jpg\" \/>\n\t<meta property=\"og:image:width\" content=\"759\" \/>\n\t<meta property=\"og:image:height\" content=\"440\" \/>\n\t<meta property=\"og:image:type\" content=\"image\/jpeg\" \/>\n<meta name=\"author\" content=\"Blog da Condessa\" \/>\n<meta name=\"twitter:card\" content=\"summary_large_image\" \/>\n<meta name=\"twitter:label1\" content=\"Escrito por\" \/>\n\t<meta name=\"twitter:data1\" content=\"Blog da Condessa\" \/>\n\t<meta name=\"twitter:label2\" content=\"Est. tempo de leitura\" \/>\n\t<meta name=\"twitter:data2\" content=\"3 minutos\" \/>\n<script type=\"application\/ld+json\" class=\"yoast-schema-graph\">{\"@context\":\"https:\\\/\\\/schema.org\",\"@graph\":[{\"@type\":\"Article\",\"@id\":\"https:\\\/\\\/blogdacondessa.com.br\\\/blog\\\/cultura\\\/60-anos-depois\\\/#article\",\"isPartOf\":{\"@id\":\"https:\\\/\\\/blogdacondessa.com.br\\\/blog\\\/cultura\\\/60-anos-depois\\\/\"},\"author\":{\"name\":\"Blog da Condessa\",\"@id\":\"https:\\\/\\\/blogdacondessa.com.br\\\/blog\\\/#\\\/schema\\\/person\\\/1d667ff8b785195b568677489d266035\"},\"headline\":\"&#8220;60 Anos Depois&#8221;\",\"datePublished\":\"2024-04-27T09:00:20+00:00\",\"mainEntityOfPage\":{\"@id\":\"https:\\\/\\\/blogdacondessa.com.br\\\/blog\\\/cultura\\\/60-anos-depois\\\/\"},\"wordCount\":376,\"image\":{\"@id\":\"https:\\\/\\\/blogdacondessa.com.br\\\/blog\\\/cultura\\\/60-anos-depois\\\/#primaryimage\"},\"thumbnailUrl\":\"https:\\\/\\\/blogdacondessa.com.br\\\/blog\\\/wp-content\\\/uploads\\\/2024\\\/04\\\/DITADURA.jpg\",\"articleSection\":[\"Cultura\"],\"inLanguage\":\"pt-BR\"},{\"@type\":\"WebPage\",\"@id\":\"https:\\\/\\\/blogdacondessa.com.br\\\/blog\\\/cultura\\\/60-anos-depois\\\/\",\"url\":\"https:\\\/\\\/blogdacondessa.com.br\\\/blog\\\/cultura\\\/60-anos-depois\\\/\",\"name\":\"\\\"60 Anos Depois\\\" &#8902; Blog da Condessa\",\"isPartOf\":{\"@id\":\"https:\\\/\\\/blogdacondessa.com.br\\\/blog\\\/#website\"},\"primaryImageOfPage\":{\"@id\":\"https:\\\/\\\/blogdacondessa.com.br\\\/blog\\\/cultura\\\/60-anos-depois\\\/#primaryimage\"},\"image\":{\"@id\":\"https:\\\/\\\/blogdacondessa.com.br\\\/blog\\\/cultura\\\/60-anos-depois\\\/#primaryimage\"},\"thumbnailUrl\":\"https:\\\/\\\/blogdacondessa.com.br\\\/blog\\\/wp-content\\\/uploads\\\/2024\\\/04\\\/DITADURA.jpg\",\"datePublished\":\"2024-04-27T09:00:20+00:00\",\"author\":{\"@id\":\"https:\\\/\\\/blogdacondessa.com.br\\\/blog\\\/#\\\/schema\\\/person\\\/1d667ff8b785195b568677489d266035\"},\"breadcrumb\":{\"@id\":\"https:\\\/\\\/blogdacondessa.com.br\\\/blog\\\/cultura\\\/60-anos-depois\\\/#breadcrumb\"},\"inLanguage\":\"pt-BR\",\"potentialAction\":[{\"@type\":\"ReadAction\",\"target\":[\"https:\\\/\\\/blogdacondessa.com.br\\\/blog\\\/cultura\\\/60-anos-depois\\\/\"]}]},{\"@type\":\"ImageObject\",\"inLanguage\":\"pt-BR\",\"@id\":\"https:\\\/\\\/blogdacondessa.com.br\\\/blog\\\/cultura\\\/60-anos-depois\\\/#primaryimage\",\"url\":\"https:\\\/\\\/blogdacondessa.com.br\\\/blog\\\/wp-content\\\/uploads\\\/2024\\\/04\\\/DITADURA.jpg\",\"contentUrl\":\"https:\\\/\\\/blogdacondessa.com.br\\\/blog\\\/wp-content\\\/uploads\\\/2024\\\/04\\\/DITADURA.jpg\",\"width\":759,\"height\":440,\"caption\":\"Foto: Marcondes Ara\u00fajo\"},{\"@type\":\"BreadcrumbList\",\"@id\":\"https:\\\/\\\/blogdacondessa.com.br\\\/blog\\\/cultura\\\/60-anos-depois\\\/#breadcrumb\",\"itemListElement\":[{\"@type\":\"ListItem\",\"position\":1,\"name\":\"In\u00edcio\",\"item\":\"https:\\\/\\\/blogdacondessa.com.br\\\/blog\\\/\"},{\"@type\":\"ListItem\",\"position\":2,\"name\":\"&#8220;60 Anos Depois&#8221;\"}]},{\"@type\":\"WebSite\",\"@id\":\"https:\\\/\\\/blogdacondessa.com.br\\\/blog\\\/#website\",\"url\":\"https:\\\/\\\/blogdacondessa.com.br\\\/blog\\\/\",\"name\":\"Blog da Condessa\",\"description\":\"Com Shirley de Souza O\u2019Campos\",\"potentialAction\":[{\"@type\":\"SearchAction\",\"target\":{\"@type\":\"EntryPoint\",\"urlTemplate\":\"https:\\\/\\\/blogdacondessa.com.br\\\/blog\\\/?s={search_term_string}\"},\"query-input\":{\"@type\":\"PropertyValueSpecification\",\"valueRequired\":true,\"valueName\":\"search_term_string\"}}],\"inLanguage\":\"pt-BR\"},{\"@type\":\"Person\",\"@id\":\"https:\\\/\\\/blogdacondessa.com.br\\\/blog\\\/#\\\/schema\\\/person\\\/1d667ff8b785195b568677489d266035\",\"name\":\"Blog da Condessa\",\"image\":{\"@type\":\"ImageObject\",\"inLanguage\":\"pt-BR\",\"@id\":\"https:\\\/\\\/secure.gravatar.com\\\/avatar\\\/377c0eb8b4ad2bfc25461b41564b5971e721ca34a57642868fc7b0c8ac7b52c5?s=96&d=mm&r=g\",\"url\":\"https:\\\/\\\/secure.gravatar.com\\\/avatar\\\/377c0eb8b4ad2bfc25461b41564b5971e721ca34a57642868fc7b0c8ac7b52c5?s=96&d=mm&r=g\",\"contentUrl\":\"https:\\\/\\\/secure.gravatar.com\\\/avatar\\\/377c0eb8b4ad2bfc25461b41564b5971e721ca34a57642868fc7b0c8ac7b52c5?s=96&d=mm&r=g\",\"caption\":\"Blog da Condessa\"},\"url\":\"https:\\\/\\\/blogdacondessa.com.br\\\/blog\\\/author\\\/beatriz\\\/\"}]}<\/script>\n<!-- \/ Yoast SEO plugin. -->","yoast_head_json":{"title":"\"60 Anos Depois\" &#8902; Blog da Condessa","robots":{"index":"index","follow":"follow","max-snippet":"max-snippet:-1","max-image-preview":"max-image-preview:large","max-video-preview":"max-video-preview:-1"},"canonical":"https:\/\/blogdacondessa.com.br\/blog\/cultura\/60-anos-depois\/","og_locale":"pt_BR","og_type":"article","og_title":"\"60 Anos Depois\" &#8902; Blog da Condessa","og_description":"Espet\u00e1culo que conta a hist\u00f3ria da ditadura militar em MT ser\u00e1 exibido. A estreia acontece no dia 04 de maio, no Cine Teatro Cuiab\u00e1. Com texto original do historiador Jo\u00e3o Carlos Vicente Ferreira e adapta\u00e7\u00e3o do grupo Cena Onze, a pe\u00e7a &#8220;60 Anos Depois&#8221; traz os fatos que marcaram a hist\u00f3ria da ditadura em Mato [&hellip;]","og_url":"https:\/\/blogdacondessa.com.br\/blog\/cultura\/60-anos-depois\/","og_site_name":"Blog da Condessa","article_published_time":"2024-04-27T09:00:20+00:00","og_image":[{"width":759,"height":440,"url":"https:\/\/blogdacondessa.com.br\/blog\/wp-content\/uploads\/2024\/04\/DITADURA.jpg","type":"image\/jpeg"}],"author":"Blog da Condessa","twitter_card":"summary_large_image","twitter_misc":{"Escrito por":"Blog da Condessa","Est. tempo de leitura":"3 minutos"},"schema":{"@context":"https:\/\/schema.org","@graph":[{"@type":"Article","@id":"https:\/\/blogdacondessa.com.br\/blog\/cultura\/60-anos-depois\/#article","isPartOf":{"@id":"https:\/\/blogdacondessa.com.br\/blog\/cultura\/60-anos-depois\/"},"author":{"name":"Blog da Condessa","@id":"https:\/\/blogdacondessa.com.br\/blog\/#\/schema\/person\/1d667ff8b785195b568677489d266035"},"headline":"&#8220;60 Anos Depois&#8221;","datePublished":"2024-04-27T09:00:20+00:00","mainEntityOfPage":{"@id":"https:\/\/blogdacondessa.com.br\/blog\/cultura\/60-anos-depois\/"},"wordCount":376,"image":{"@id":"https:\/\/blogdacondessa.com.br\/blog\/cultura\/60-anos-depois\/#primaryimage"},"thumbnailUrl":"https:\/\/blogdacondessa.com.br\/blog\/wp-content\/uploads\/2024\/04\/DITADURA.jpg","articleSection":["Cultura"],"inLanguage":"pt-BR"},{"@type":"WebPage","@id":"https:\/\/blogdacondessa.com.br\/blog\/cultura\/60-anos-depois\/","url":"https:\/\/blogdacondessa.com.br\/blog\/cultura\/60-anos-depois\/","name":"\"60 Anos Depois\" &#8902; Blog da Condessa","isPartOf":{"@id":"https:\/\/blogdacondessa.com.br\/blog\/#website"},"primaryImageOfPage":{"@id":"https:\/\/blogdacondessa.com.br\/blog\/cultura\/60-anos-depois\/#primaryimage"},"image":{"@id":"https:\/\/blogdacondessa.com.br\/blog\/cultura\/60-anos-depois\/#primaryimage"},"thumbnailUrl":"https:\/\/blogdacondessa.com.br\/blog\/wp-content\/uploads\/2024\/04\/DITADURA.jpg","datePublished":"2024-04-27T09:00:20+00:00","author":{"@id":"https:\/\/blogdacondessa.com.br\/blog\/#\/schema\/person\/1d667ff8b785195b568677489d266035"},"breadcrumb":{"@id":"https:\/\/blogdacondessa.com.br\/blog\/cultura\/60-anos-depois\/#breadcrumb"},"inLanguage":"pt-BR","potentialAction":[{"@type":"ReadAction","target":["https:\/\/blogdacondessa.com.br\/blog\/cultura\/60-anos-depois\/"]}]},{"@type":"ImageObject","inLanguage":"pt-BR","@id":"https:\/\/blogdacondessa.com.br\/blog\/cultura\/60-anos-depois\/#primaryimage","url":"https:\/\/blogdacondessa.com.br\/blog\/wp-content\/uploads\/2024\/04\/DITADURA.jpg","contentUrl":"https:\/\/blogdacondessa.com.br\/blog\/wp-content\/uploads\/2024\/04\/DITADURA.jpg","width":759,"height":440,"caption":"Foto: Marcondes Ara\u00fajo"},{"@type":"BreadcrumbList","@id":"https:\/\/blogdacondessa.com.br\/blog\/cultura\/60-anos-depois\/#breadcrumb","itemListElement":[{"@type":"ListItem","position":1,"name":"In\u00edcio","item":"https:\/\/blogdacondessa.com.br\/blog\/"},{"@type":"ListItem","position":2,"name":"&#8220;60 Anos Depois&#8221;"}]},{"@type":"WebSite","@id":"https:\/\/blogdacondessa.com.br\/blog\/#website","url":"https:\/\/blogdacondessa.com.br\/blog\/","name":"Blog da Condessa","description":"Com Shirley de Souza O\u2019Campos","potentialAction":[{"@type":"SearchAction","target":{"@type":"EntryPoint","urlTemplate":"https:\/\/blogdacondessa.com.br\/blog\/?s={search_term_string}"},"query-input":{"@type":"PropertyValueSpecification","valueRequired":true,"valueName":"search_term_string"}}],"inLanguage":"pt-BR"},{"@type":"Person","@id":"https:\/\/blogdacondessa.com.br\/blog\/#\/schema\/person\/1d667ff8b785195b568677489d266035","name":"Blog da Condessa","image":{"@type":"ImageObject","inLanguage":"pt-BR","@id":"https:\/\/secure.gravatar.com\/avatar\/377c0eb8b4ad2bfc25461b41564b5971e721ca34a57642868fc7b0c8ac7b52c5?s=96&d=mm&r=g","url":"https:\/\/secure.gravatar.com\/avatar\/377c0eb8b4ad2bfc25461b41564b5971e721ca34a57642868fc7b0c8ac7b52c5?s=96&d=mm&r=g","contentUrl":"https:\/\/secure.gravatar.com\/avatar\/377c0eb8b4ad2bfc25461b41564b5971e721ca34a57642868fc7b0c8ac7b52c5?s=96&d=mm&r=g","caption":"Blog da Condessa"},"url":"https:\/\/blogdacondessa.com.br\/blog\/author\/beatriz\/"}]}},"_links":{"self":[{"href":"https:\/\/blogdacondessa.com.br\/blog\/wp-json\/wp\/v2\/posts\/9520","targetHints":{"allow":["GET"]}}],"collection":[{"href":"https:\/\/blogdacondessa.com.br\/blog\/wp-json\/wp\/v2\/posts"}],"about":[{"href":"https:\/\/blogdacondessa.com.br\/blog\/wp-json\/wp\/v2\/types\/post"}],"author":[{"embeddable":true,"href":"https:\/\/blogdacondessa.com.br\/blog\/wp-json\/wp\/v2\/users\/2"}],"replies":[{"embeddable":true,"href":"https:\/\/blogdacondessa.com.br\/blog\/wp-json\/wp\/v2\/comments?post=9520"}],"version-history":[{"count":0,"href":"https:\/\/blogdacondessa.com.br\/blog\/wp-json\/wp\/v2\/posts\/9520\/revisions"}],"wp:featuredmedia":[{"embeddable":true,"href":"https:\/\/blogdacondessa.com.br\/blog\/wp-json\/wp\/v2\/media\/9521"}],"wp:attachment":[{"href":"https:\/\/blogdacondessa.com.br\/blog\/wp-json\/wp\/v2\/media?parent=9520"}],"wp:term":[{"taxonomy":"category","embeddable":true,"href":"https:\/\/blogdacondessa.com.br\/blog\/wp-json\/wp\/v2\/categories?post=9520"},{"taxonomy":"post_tag","embeddable":true,"href":"https:\/\/blogdacondessa.com.br\/blog\/wp-json\/wp\/v2\/tags?post=9520"}],"curies":[{"name":"wp","href":"https:\/\/api.w.org\/{rel}","templated":true}]}}