{"id":9424,"date":"2024-04-11T05:00:34","date_gmt":"2024-04-11T09:00:34","guid":{"rendered":"https:\/\/blogdacondessa.com.br\/blog\/?p=9424"},"modified":"2024-04-10T17:40:57","modified_gmt":"2024-04-10T21:40:57","slug":"os-amigos-que-se-uniram-para-construir-vila-e-viver-juntos-na-velhice","status":"publish","type":"post","link":"https:\/\/blogdacondessa.com.br\/blog\/cotidiano\/os-amigos-que-se-uniram-para-construir-vila-e-viver-juntos-na-velhice\/","title":{"rendered":"Os amigos que se uniram para construir vila e viver juntos na velhice"},"content":{"rendered":"<p>Um grupo de mais de 25 pessoas, composto em sua maioria por idosos, quer recome\u00e7ar a vida em uma \u00e1rea verde no interior de S\u00e3o Paulo.<br \/>\nUm de seus principais objetivos \u00e9 viver em comunidade para fugir da solid\u00e3o, um dos problema que muitas pessoas enfrentam com o avan\u00e7ar da idade. \u201cCada vez mais que voc\u00ea vai envelhecendo, a tend\u00eancia acaba sendo ficar mais isolado\u201d, diz um dos respons\u00e1veis pela cria\u00e7\u00e3o do projeto, o economista Norival de Oliveira, de 60 anos, \u00e0 BBC News Brasil.<br \/>\n\u201cEsse tipo de comunidade tem justamente o objetivo de trazer mais conviv\u00eancia social e n\u00e3o permitir que os idosos sejam deixados de lado.\u201d<br \/>\nJunto com o companheiro, o arquiteto Ricardo Pessoa, de 62 anos, Norival queria alguma forma de fazer com que o envelhecimento fosse menos solit\u00e1rio. Os dois buscaram alguns conceitos j\u00e1 adotados em outros pa\u00edses e se encantaram por aquilo que \u00e9 conhecido como cohousing. \u00c9 um estilo de vida em comunidade na qual as pessoas t\u00eam suas pr\u00f3prias casas, mas compartilham v\u00e1rios espa\u00e7os coletivos. O conceito surgiu na d\u00e9cada de 1970 na Dinamarca e passou a ser adotado em outras partes do mundo. Essas comunidades costumam ser formadas por grupos que t\u00eam algum tipo de afinidade, como, por exemplo, pessoas que t\u00eam em comum o desejo de viverem juntas na velhice. Em 2019, Norival e Ricardo falaram com amigos sobre a cria\u00e7\u00e3o de uma comunidade com outras pessoas na mesma faixa et\u00e1ria.<br \/>\n\u201cPreparamos um material sobre o tema e chamamos 13 amigos mais pr\u00f3ximos para tentar colocar a ideia em pr\u00e1tica\u201d, diz Norival. No entanto, grande parte n\u00e3o seguiu no projeto, por quest\u00f5es financeiras ou outros motivos pessoais. S\u00f3 outros tr\u00eas, al\u00e9m de Norival e Ricardo, continuaram a apostar na ideia. O casal decidiu buscar mais gente que se encaixasse no perfil que eles tra\u00e7aram para a cohousing, como ter mais de 50 anos e querer viver em comunidade. \u201cAbrimos para o p\u00fablico em geral porque a gente percebeu que, no fundo, n\u00e3o dava para ser s\u00f3 com os amigos que eu j\u00e1 conhecia\u201d, explica Norival.<br \/>\n&#8220;Na verdade, a gente precisa encontrar pessoas que t\u00eam afinidade com esse modo de vida.&#8221; Assim, a comunidade batizada de Bem Viver ganhou novos moradores, que haviam descoberto o projeto por meio de coment\u00e1rios de conhecidos ou pela internet.<br \/>\nAs redes sociais ajudaram a divulgar a iniciativa e atrair mais pessoas interessadas, principalmente no auge da pandemia de covid-19.<br \/>\nNo perfil da Bem Viver no Instagram, Norival come\u00e7ou a postar sobre o projeto. Isso atraiu muitos curiosos e tamb\u00e9m quem estava realmente interessado na proposta. Cada candidato passou por um per\u00edodo de teste em intera\u00e7\u00e3o com os demais moradores para conhecer melhor o projeto. O candidato s\u00f3 poderia decidir se viveria na comunidade caso fosse aprovado pelos demais. Para integrar o projeto, h\u00e1 uma parte fundamental: ter recursos financeiros para ajudar a bancar a ideia.<br \/>\nCada morador arca de partida com uma cota \u00fanica, que corresponde ao pagamento pela sua parte do terreno, e, depois, pagar\u00e1 a constru\u00e7\u00e3o da casa. \u201cAlguns j\u00e1 tinham esse dinheiro guardado e pretendiam usar de alguma forma nessa fase de terceira idade, mas tamb\u00e9m teve gente vendendo casa na praia ou apartamento para participar\u201d, explica Norival. Os idealizadores do projeto calculam que o custo de constru\u00e7\u00e3o de cada casa pode ultrapassar os R$ 500 mil, al\u00e9m do pre\u00e7o do terreno \u2014 um valor que pode tornar a ideia invi\u00e1vel para muitos brasileiros aposentados. Por outro lado, quem consegue fazer isso considera que \u00e9 um investimento para ter uma velhice saud\u00e1vel, diz Norival.<br \/>\n<strong>Um lugar para passar a velhice<\/strong><br \/>\nO grupo buscou por terrenos em cidades do interior do Estado de S\u00e3o Paulo. Eles queriam estar em uma \u00e1rea verde, mas tamb\u00e9m proximos de infraestrutura com com\u00e9rcio, lazer e hospitais. Havia alguns crit\u00e9rios, como n\u00e3o ser muito longe da capital e ser um local com muito contato com a natureza.<br \/>\nNo fim de 2022, eles encontraram o lugar que consideraram ideal: uma \u00e1rea verde, com cerca de 63,5 mil m\u00b2, ainda no per\u00edmetro urbano de Mogi das Cruzes. Com o terreno comprado, come\u00e7aram a buscar um profissional para cuidar do projeto arquitet\u00f4nico. Foi nesse per\u00edodo que o grupo conheceu o arquiteto Roberto Kubota, de 62 anos. Os moradores da Bem Viver o procuraram porque Kubota compartilhava nas redes sociais algumas informa\u00e7\u00f5es sobre cohousing, ainda que n\u00e3o tivesse trabalhado em nenhuma iniciativa assim at\u00e9 ent\u00e3o.<br \/>\n\u201cEu tinha tentado morar em uma cohousing antes da pandemia, que seria em uma praia. Mas veio a pandemia e o projeto n\u00e3o avan\u00e7ou\u201d, conta Kubota. Quando soube da Bem Viver, ele diz que se encantou e, al\u00e9m de ser escolhido para trabalhar como arquiteto, comprou uma das cotas para morar na comunidade. \u201cForam dois desejos de anos atendidos ao mesmo tempo: trabalhar na constru\u00e7\u00e3o dessa forma de moradia e morar perto da natureza e em comunidade\u201d, diz o arquiteto.<br \/>\nEle conta que, desde que era jovem, tinha vontade de viver em comunidade. \u201cQuando me formei, fiz um mochil\u00e3o e fui parar em um kibutz [comuna agr\u00edcola israelense] e vi que morar em comunidade era um neg\u00f3cio que poderia dar certo\u201d, afirma. Ao longo das d\u00e9cadas, ele deixou esse desejo de lado, mas admite que sempre pensou na possibilidade. \u201cCheguei a comprar um terreno para compartilhar no fim de semana com amigos, mas n\u00e3o deu certo porque meus amigos estavam em outro momento da vida\u201d, comenta. Sem filhos e divorciado, Roberto se preocupava com a solid\u00e3o ao envelhecer.<br \/>\n\u201cA gente v\u00ea que a popula\u00e7\u00e3o est\u00e1 envelhecendo, e existe esse medo. A vida em comunidade pode ser ben\u00e9fica para a sa\u00fade e at\u00e9 para ganhar alguns anos de vida&#8221;, diz. &#8220;Quem participa dessas iniciativas est\u00e1 realmente aberto a viver em comunidade. Talvez seja at\u00e9 mesmo uma heran\u00e7a hippie da gera\u00e7\u00e3o anos 1970.\u201d<br \/>\n<strong>O projeto da comunidade<\/strong><br \/>\nUma das regras do projeto \u00e9 que todos poderiam opinar sobre como a comunidade deveria ser. Roberto diz que a participa\u00e7\u00e3o foi intensa: \u201cFoi um processo colaborativo, e a intelig\u00eancia de todos os membros do grupo tamb\u00e9m foi muito importante para definirmos tudo\u201d.<br \/>\nO arquiteto afirma que tudo foi pensado para se viver da forma mais simples poss\u00edvel e com facilidades para os moradores, por serem mais velhos. O terreno escolhido, por exemplo, n\u00e3o tem uma grande inclina\u00e7\u00e3o, o que facilita a acessibilidade. No local, h\u00e1 in\u00fameras \u00e1rvores e um pequeno lago natural. No entorno, h\u00e1 \u00e1reas preservadas, nas quais existem diversos tipos de \u00e1rvores, diferentes animais silvestres, al\u00e9m de lugares para trilhas e alguns s\u00edtios que oferecem turismo rural.<br \/>\nTodas as casas tamb\u00e9m ser\u00e3o t\u00e9rreas e compactas, com espa\u00e7os pensados para o uso de idosos. As casas ficar\u00e3o pr\u00f3ximas, cerca de 15 metros de porta a porta uma da outra, para facilitar a intera\u00e7\u00e3o entre os moradores. Todas as casas seguir\u00e3o um mesmo estilo arquitet\u00f4nico, e h\u00e1 projetos de tr\u00eas tamanhos: 89 m\u00b2, 98 m\u00b2 e 110 m\u00b2. Uma \u00e1rea coletiva, que ficar\u00e1 a 200 metros de dist\u00e2ncia das casas na borda do terreno, ter\u00e1 um refeit\u00f3rio, com varanda e cozinha; uma sala para atividades art\u00edsticas (m\u00fasica e dan\u00e7a principalmente); um ateli\u00ea de artesanato; bar e churrasqueira. A comunidade ter\u00e1 ainda piscina, sala de gin\u00e1stica ou outras atividades f\u00edsicas, lavanderia coletiva, uma pequena pra\u00e7a, hortas e pomares. Cerca de um ter\u00e7o do terreno tem uma \u00e1rea verde permanente. \u201cO princ\u00edpio \u00e9 o respeito \u00e0 natureza. Queremos construir tudo em dire\u00e7\u00e3o \u00e0 sustentabilidade, com melhorias socioambientais para conservar e preservar a natureza\u201d, diz Norival.<br \/>\nA expectativa \u00e9 de que a constru\u00e7\u00e3o comece em meados deste ano. O grupo espera a aprova\u00e7\u00e3o do projeto pela prefeitura. Norival explica que filhos ou netos poder\u00e3o visitar ou viver temporariamente com os moradores. \u201cMas \u00e9 fundamental entender que as \u00e1reas e as atividades s\u00e3o voltadas para as pessoas com 50 anos ou mais\u201d, explica. Entre os moradores, h\u00e1 pessoas com idades que variam de 56 a 79 anos. Muitos j\u00e1 s\u00e3o aposentados. \u201cA m\u00e9dia de idade \u00e9 de 65 anos\u201d, diz Norival.<br \/>\nAtualmente, quase todas as cotas da cohousing j\u00e1 foram vendidas, e o grupo espera vender as que faltam nos pr\u00f3ximos meses. N\u00e3o ser\u00e1 permitido alugar ou usar a casa por temporada. \u201cIsso foi estabelecido no contrato social que fizemos com todos, com documentos legais e apoio de advogados\u201d, diz Norival.<br \/>\nOs membros do grupo tamb\u00e9m j\u00e1 definiram at\u00e9 mesmo algumas regras em rela\u00e7\u00e3o aos herdeiros. \u201cQuem for herdar o patrim\u00f4nio, vai ter que ter perfil para se mudar, sen\u00e3o descaracteriza\u201d, diz Norival. Caso o herdeiro n\u00e3o se enquadre no perfil, a orienta\u00e7\u00e3o ser\u00e1 vender para um novo morador que tenha mais de 50 anos e queira viver em comunidade.<br \/>\nOs benef\u00edcios da companhia durante a velhice<br \/>\nO conceito de moradias como o cohousing \u00e9 defendido por especialistas como uma forma de favorecer a sa\u00fade mental dos idosos. A aposentada Marisa Fumanti, de 66 anos, viu a m\u00e3e sofrer com a solid\u00e3o durante a velhice. \u201cEla se sentia muito sozinha e me cobrava muito por isso. Mas eu trabalhava bastante, ent\u00e3o acabava n\u00e3o conseguindo acompanh\u00e1-la tanto\u201d, diz. Quando viram os filhos saindo de casa, Marisa e o companheiro perceberam que era o momento de realizar o sonho de morar na \u00e1rea rural. O casal comprou uma ch\u00e1cara no interior de S\u00e3o Paulo. No entanto, Marisa diz que as coisas est\u00e3o pesadas para serem divididas s\u00f3 pelo casal. Em 2021, a aposentada foi chamada por Norival, que ela havia conhecido anos antes em um curso, para fazer parte da Bem Viver e logo aceitou. \u201cDesde que tinha 30 anos, sempre quis morar em comunidade, mas nem imaginava que existia algo como uma cohousing\u201d, diz. \u201cTrabalhei na \u00e1rea da educa\u00e7\u00e3o a vida toda e sempre entendi que a capacidade regenerativa do homem est\u00e1 no coletivo, por isso sempre busquei isso.\u201d<\/p>\n<p>Os futuros moradores da Bem Viver moram em diferentes cidades atualmente, enquanto o projeto n\u00e3o fica pronto. Mesmo assim, eles j\u00e1 se consideram grandes amigos e costumam se reunir pessoalmente com frequ\u00eancia para interagir e falar sobre o projeto, conta Marisa<br \/>\n\u201cJ\u00e1 constru\u00edmos uma grande parceria. N\u00f3s n\u00e3o nos conhec\u00edamos e, hoje, somos amigos de inf\u00e2ncia.\u201d O principal fator para que essas comunidades sejam ben\u00e9ficas \u00e9 que elas costumam ajudar a evitar a solid\u00e3o, que atinge muitos idosos enquanto filhos ou netos seguem suas vidas para longe deles.<br \/>\nA solid\u00e3o, segundo os estudos, n\u00e3o prejudica apenas o bem-estar emocional dos idosos, mas tamb\u00e9m tem caracter\u00edsticas de problema de sa\u00fade p\u00fablica, porque aumenta os riscos de doen\u00e7as mentais ou outros problemas de sa\u00fade.<br \/>\nPesquisas recentes apontaram, por exemplo, que a solid\u00e3o pode causar altera\u00e7\u00f5es no c\u00e9rebro que favorecem o surgimento de doen\u00e7as degenerativas, como Parkinson, Alzheimer, e outros tipos de dem\u00eancia.<br \/>\nEstudos anteriores j\u00e1 indicavam maior risco de perda cognitiva leve e desenvolvimento de dem\u00eancia entre idosos solit\u00e1rios. Essa falta de intera\u00e7\u00f5es sociais pode prejudicar a mem\u00f3ria, a capacidade de aten\u00e7\u00e3o prolongada e a flexibilidade cognitiva, al\u00e9m de aumentar o risco de depress\u00e3o, ansiedade e estresse cr\u00f4nico. Os dados mais recentes do Instituto Brasileiro de Geografia e Estat\u00edstica (IBGE) mostram que 10,2% das pessoas com 18 anos ou mais disseram ter recebido o diagn\u00f3stico de depress\u00e3o no pa\u00eds. A faixa et\u00e1ria proporcionalmente mais afetada \u00e9 a dos idosos com 60 a 64 anos, com 13,2%. Os de 65 a 74 anos aparecem com 11,8%. E, por \u00faltimo, os de 75 ou mais, 10,2%. Um estudo publicado no ano passado mostrou que a depress\u00e3o \u00e9 quatro vezes mais comum entre idosos que dizem que se sentem sempre sozinhos.<br \/>\nAqueles que moram sozinhos apresentam \u00edndices mais altos de solid\u00e3o do que os que viviam com uma ou mais pessoas. Para a aposentada Marisa Fumanti, a cohousing vai ser a chance de n\u00e3o passar pela mesma solid\u00e3o enfrentada pela m\u00e3e dela, j\u00e1 falecida. \u201c\u00c9 um novo modelo de vida que atende a muitas necessidades das pessoas mais velhas, minimiza a depress\u00e3o e propicia exerc\u00edcios coletivos\u201d, afirma.<br \/>\n<strong>Outros projetos pelo Brasil<\/strong><br \/>\nEnquanto a popula\u00e7\u00e3o brasileira envelhece \u2014 e a estimativa \u00e9 de que os n\u00fameros de idosos aumentem cada vez mais em todo o mundo \u2014, iniciativas como a Bem Viver chamam a aten\u00e7\u00e3o. Existem outros projetos semelhantes no pa\u00eds. Uma das mais conhecidas \u00e9 a Vila ConViver, que deve reunir principalmente professores aposentados da Universidade Estadual de Campinas (Unicamp).<br \/>\nA ConViver come\u00e7ou a ser discutida em 2017 e devera ter 46 moradores. A \u00e1rea j\u00e1 foi escolhida, mas atualmente aguarda aprova\u00e7\u00e3o do projeto pela prefeitura. &#8220;H\u00e1 outras iniciativas pelo Brasil, como no Rio de Janeiro ou em outras cidades, mas o processo de forma\u00e7\u00e3o \u00e9 bem lento\u201d, explica o arquiteto Roberto Kubota. Roberto ressalta que o movimento de cohousing no pa\u00eds \u00e9 recente, tendo surgido h\u00e1 cerca de seis ou sete anos. Mas ele acredita que a ideia deve ganhar for\u00e7a por causa da mudan\u00e7a no perfil et\u00e1rio da popula\u00e7\u00e3o, da maior preocupa\u00e7\u00e3o com a solid\u00e3o e o isolamento, da maior aten\u00e7\u00e3o \u00e0 sustentabilidade e do desejo por uma vida simples, em contato com a natureza. \u201cSer\u00e1 muito interessante acompanhar a evolu\u00e7\u00e3o do movimento ao longo do tempo&#8221;, comenta. &#8220;Acredito que o Brasil vai gerar um modelo pr\u00f3prio, mesmo usando como base a experi\u00eancia de fora.\u201d (Fonte BBC News Brasil)<\/p>\n","protected":false},"excerpt":{"rendered":"<p>Um grupo de mais de 25 pessoas, composto em sua maioria por idosos, quer recome\u00e7ar a vida em uma \u00e1rea verde no interior de S\u00e3o Paulo. Um de seus principais objetivos \u00e9 viver em comunidade para fugir da solid\u00e3o, um dos problema que muitas pessoas enfrentam com o avan\u00e7ar da idade. \u201cCada vez mais que [&hellip;]<\/p>\n","protected":false},"author":2,"featured_media":9425,"comment_status":"closed","ping_status":"closed","sticky":false,"template":"","format":"standard","meta":{"iawp_total_views":103,"footnotes":""},"categories":[24],"tags":[],"class_list":["post-9424","post","type-post","status-publish","format-standard","has-post-thumbnail","hentry","category-cotidiano"],"yoast_head":"<!-- This site is optimized with the Yoast SEO plugin v27.3 - https:\/\/yoast.com\/product\/yoast-seo-wordpress\/ -->\n<title>Os amigos que se uniram para construir vila e viver juntos na velhice &#8902; Blog da Condessa<\/title>\n<meta name=\"robots\" content=\"index, follow, max-snippet:-1, max-image-preview:large, max-video-preview:-1\" \/>\n<link rel=\"canonical\" href=\"https:\/\/blogdacondessa.com.br\/blog\/cotidiano\/os-amigos-que-se-uniram-para-construir-vila-e-viver-juntos-na-velhice\/\" \/>\n<meta property=\"og:locale\" content=\"pt_BR\" \/>\n<meta property=\"og:type\" content=\"article\" \/>\n<meta property=\"og:title\" content=\"Os amigos que se uniram para construir vila e viver juntos na velhice &#8902; Blog da Condessa\" \/>\n<meta property=\"og:description\" content=\"Um grupo de mais de 25 pessoas, composto em sua maioria por idosos, quer recome\u00e7ar a vida em uma \u00e1rea verde no interior de S\u00e3o Paulo. Um de seus principais objetivos \u00e9 viver em comunidade para fugir da solid\u00e3o, um dos problema que muitas pessoas enfrentam com o avan\u00e7ar da idade. \u201cCada vez mais que [&hellip;]\" \/>\n<meta property=\"og:url\" content=\"https:\/\/blogdacondessa.com.br\/blog\/cotidiano\/os-amigos-que-se-uniram-para-construir-vila-e-viver-juntos-na-velhice\/\" \/>\n<meta property=\"og:site_name\" content=\"Blog da Condessa\" \/>\n<meta property=\"article:published_time\" content=\"2024-04-11T09:00:34+00:00\" \/>\n<meta property=\"og:image\" content=\"https:\/\/blogdacondessa.com.br\/blog\/wp-content\/uploads\/2024\/04\/CASAS-NA-VELHUCE.png\" \/>\n\t<meta property=\"og:image:width\" content=\"800\" \/>\n\t<meta property=\"og:image:height\" content=\"449\" \/>\n\t<meta property=\"og:image:type\" content=\"image\/png\" \/>\n<meta name=\"author\" content=\"Blog da Condessa\" \/>\n<meta name=\"twitter:card\" content=\"summary_large_image\" \/>\n<meta name=\"twitter:label1\" content=\"Escrito por\" \/>\n\t<meta name=\"twitter:data1\" content=\"Blog da Condessa\" \/>\n\t<meta name=\"twitter:label2\" content=\"Est. tempo de leitura\" \/>\n\t<meta name=\"twitter:data2\" content=\"13 minutos\" \/>\n<script type=\"application\/ld+json\" class=\"yoast-schema-graph\">{\"@context\":\"https:\\\/\\\/schema.org\",\"@graph\":[{\"@type\":\"Article\",\"@id\":\"https:\\\/\\\/blogdacondessa.com.br\\\/blog\\\/cotidiano\\\/os-amigos-que-se-uniram-para-construir-vila-e-viver-juntos-na-velhice\\\/#article\",\"isPartOf\":{\"@id\":\"https:\\\/\\\/blogdacondessa.com.br\\\/blog\\\/cotidiano\\\/os-amigos-que-se-uniram-para-construir-vila-e-viver-juntos-na-velhice\\\/\"},\"author\":{\"name\":\"Blog da Condessa\",\"@id\":\"https:\\\/\\\/blogdacondessa.com.br\\\/blog\\\/#\\\/schema\\\/person\\\/1d667ff8b785195b568677489d266035\"},\"headline\":\"Os amigos que se uniram para construir vila e viver juntos na velhice\",\"datePublished\":\"2024-04-11T09:00:34+00:00\",\"mainEntityOfPage\":{\"@id\":\"https:\\\/\\\/blogdacondessa.com.br\\\/blog\\\/cotidiano\\\/os-amigos-que-se-uniram-para-construir-vila-e-viver-juntos-na-velhice\\\/\"},\"wordCount\":2323,\"image\":{\"@id\":\"https:\\\/\\\/blogdacondessa.com.br\\\/blog\\\/cotidiano\\\/os-amigos-que-se-uniram-para-construir-vila-e-viver-juntos-na-velhice\\\/#primaryimage\"},\"thumbnailUrl\":\"https:\\\/\\\/blogdacondessa.com.br\\\/blog\\\/wp-content\\\/uploads\\\/2024\\\/04\\\/CASAS-NA-VELHUCE.png\",\"articleSection\":[\"Cotidiano\"],\"inLanguage\":\"pt-BR\"},{\"@type\":\"WebPage\",\"@id\":\"https:\\\/\\\/blogdacondessa.com.br\\\/blog\\\/cotidiano\\\/os-amigos-que-se-uniram-para-construir-vila-e-viver-juntos-na-velhice\\\/\",\"url\":\"https:\\\/\\\/blogdacondessa.com.br\\\/blog\\\/cotidiano\\\/os-amigos-que-se-uniram-para-construir-vila-e-viver-juntos-na-velhice\\\/\",\"name\":\"Os amigos que se uniram para construir vila e viver juntos na velhice &#8902; Blog da Condessa\",\"isPartOf\":{\"@id\":\"https:\\\/\\\/blogdacondessa.com.br\\\/blog\\\/#website\"},\"primaryImageOfPage\":{\"@id\":\"https:\\\/\\\/blogdacondessa.com.br\\\/blog\\\/cotidiano\\\/os-amigos-que-se-uniram-para-construir-vila-e-viver-juntos-na-velhice\\\/#primaryimage\"},\"image\":{\"@id\":\"https:\\\/\\\/blogdacondessa.com.br\\\/blog\\\/cotidiano\\\/os-amigos-que-se-uniram-para-construir-vila-e-viver-juntos-na-velhice\\\/#primaryimage\"},\"thumbnailUrl\":\"https:\\\/\\\/blogdacondessa.com.br\\\/blog\\\/wp-content\\\/uploads\\\/2024\\\/04\\\/CASAS-NA-VELHUCE.png\",\"datePublished\":\"2024-04-11T09:00:34+00:00\",\"author\":{\"@id\":\"https:\\\/\\\/blogdacondessa.com.br\\\/blog\\\/#\\\/schema\\\/person\\\/1d667ff8b785195b568677489d266035\"},\"breadcrumb\":{\"@id\":\"https:\\\/\\\/blogdacondessa.com.br\\\/blog\\\/cotidiano\\\/os-amigos-que-se-uniram-para-construir-vila-e-viver-juntos-na-velhice\\\/#breadcrumb\"},\"inLanguage\":\"pt-BR\",\"potentialAction\":[{\"@type\":\"ReadAction\",\"target\":[\"https:\\\/\\\/blogdacondessa.com.br\\\/blog\\\/cotidiano\\\/os-amigos-que-se-uniram-para-construir-vila-e-viver-juntos-na-velhice\\\/\"]}]},{\"@type\":\"ImageObject\",\"inLanguage\":\"pt-BR\",\"@id\":\"https:\\\/\\\/blogdacondessa.com.br\\\/blog\\\/cotidiano\\\/os-amigos-que-se-uniram-para-construir-vila-e-viver-juntos-na-velhice\\\/#primaryimage\",\"url\":\"https:\\\/\\\/blogdacondessa.com.br\\\/blog\\\/wp-content\\\/uploads\\\/2024\\\/04\\\/CASAS-NA-VELHUCE.png\",\"contentUrl\":\"https:\\\/\\\/blogdacondessa.com.br\\\/blog\\\/wp-content\\\/uploads\\\/2024\\\/04\\\/CASAS-NA-VELHUCE.png\",\"width\":800,\"height\":449,\"caption\":\"CR\u00c9DITO, Reprodu\u00e7\u00e3o\"},{\"@type\":\"BreadcrumbList\",\"@id\":\"https:\\\/\\\/blogdacondessa.com.br\\\/blog\\\/cotidiano\\\/os-amigos-que-se-uniram-para-construir-vila-e-viver-juntos-na-velhice\\\/#breadcrumb\",\"itemListElement\":[{\"@type\":\"ListItem\",\"position\":1,\"name\":\"In\u00edcio\",\"item\":\"https:\\\/\\\/blogdacondessa.com.br\\\/blog\\\/\"},{\"@type\":\"ListItem\",\"position\":2,\"name\":\"Os amigos que se uniram para construir vila e viver juntos na velhice\"}]},{\"@type\":\"WebSite\",\"@id\":\"https:\\\/\\\/blogdacondessa.com.br\\\/blog\\\/#website\",\"url\":\"https:\\\/\\\/blogdacondessa.com.br\\\/blog\\\/\",\"name\":\"Blog da Condessa\",\"description\":\"Com Shirley de Souza O\u2019Campos\",\"potentialAction\":[{\"@type\":\"SearchAction\",\"target\":{\"@type\":\"EntryPoint\",\"urlTemplate\":\"https:\\\/\\\/blogdacondessa.com.br\\\/blog\\\/?s={search_term_string}\"},\"query-input\":{\"@type\":\"PropertyValueSpecification\",\"valueRequired\":true,\"valueName\":\"search_term_string\"}}],\"inLanguage\":\"pt-BR\"},{\"@type\":\"Person\",\"@id\":\"https:\\\/\\\/blogdacondessa.com.br\\\/blog\\\/#\\\/schema\\\/person\\\/1d667ff8b785195b568677489d266035\",\"name\":\"Blog da Condessa\",\"image\":{\"@type\":\"ImageObject\",\"inLanguage\":\"pt-BR\",\"@id\":\"https:\\\/\\\/secure.gravatar.com\\\/avatar\\\/377c0eb8b4ad2bfc25461b41564b5971e721ca34a57642868fc7b0c8ac7b52c5?s=96&d=mm&r=g\",\"url\":\"https:\\\/\\\/secure.gravatar.com\\\/avatar\\\/377c0eb8b4ad2bfc25461b41564b5971e721ca34a57642868fc7b0c8ac7b52c5?s=96&d=mm&r=g\",\"contentUrl\":\"https:\\\/\\\/secure.gravatar.com\\\/avatar\\\/377c0eb8b4ad2bfc25461b41564b5971e721ca34a57642868fc7b0c8ac7b52c5?s=96&d=mm&r=g\",\"caption\":\"Blog da Condessa\"},\"url\":\"https:\\\/\\\/blogdacondessa.com.br\\\/blog\\\/author\\\/beatriz\\\/\"}]}<\/script>\n<!-- \/ Yoast SEO plugin. -->","yoast_head_json":{"title":"Os amigos que se uniram para construir vila e viver juntos na velhice &#8902; Blog da Condessa","robots":{"index":"index","follow":"follow","max-snippet":"max-snippet:-1","max-image-preview":"max-image-preview:large","max-video-preview":"max-video-preview:-1"},"canonical":"https:\/\/blogdacondessa.com.br\/blog\/cotidiano\/os-amigos-que-se-uniram-para-construir-vila-e-viver-juntos-na-velhice\/","og_locale":"pt_BR","og_type":"article","og_title":"Os amigos que se uniram para construir vila e viver juntos na velhice &#8902; Blog da Condessa","og_description":"Um grupo de mais de 25 pessoas, composto em sua maioria por idosos, quer recome\u00e7ar a vida em uma \u00e1rea verde no interior de S\u00e3o Paulo. Um de seus principais objetivos \u00e9 viver em comunidade para fugir da solid\u00e3o, um dos problema que muitas pessoas enfrentam com o avan\u00e7ar da idade. \u201cCada vez mais que [&hellip;]","og_url":"https:\/\/blogdacondessa.com.br\/blog\/cotidiano\/os-amigos-que-se-uniram-para-construir-vila-e-viver-juntos-na-velhice\/","og_site_name":"Blog da Condessa","article_published_time":"2024-04-11T09:00:34+00:00","og_image":[{"width":800,"height":449,"url":"https:\/\/blogdacondessa.com.br\/blog\/wp-content\/uploads\/2024\/04\/CASAS-NA-VELHUCE.png","type":"image\/png"}],"author":"Blog da Condessa","twitter_card":"summary_large_image","twitter_misc":{"Escrito por":"Blog da Condessa","Est. tempo de leitura":"13 minutos"},"schema":{"@context":"https:\/\/schema.org","@graph":[{"@type":"Article","@id":"https:\/\/blogdacondessa.com.br\/blog\/cotidiano\/os-amigos-que-se-uniram-para-construir-vila-e-viver-juntos-na-velhice\/#article","isPartOf":{"@id":"https:\/\/blogdacondessa.com.br\/blog\/cotidiano\/os-amigos-que-se-uniram-para-construir-vila-e-viver-juntos-na-velhice\/"},"author":{"name":"Blog da Condessa","@id":"https:\/\/blogdacondessa.com.br\/blog\/#\/schema\/person\/1d667ff8b785195b568677489d266035"},"headline":"Os amigos que se uniram para construir vila e viver juntos na velhice","datePublished":"2024-04-11T09:00:34+00:00","mainEntityOfPage":{"@id":"https:\/\/blogdacondessa.com.br\/blog\/cotidiano\/os-amigos-que-se-uniram-para-construir-vila-e-viver-juntos-na-velhice\/"},"wordCount":2323,"image":{"@id":"https:\/\/blogdacondessa.com.br\/blog\/cotidiano\/os-amigos-que-se-uniram-para-construir-vila-e-viver-juntos-na-velhice\/#primaryimage"},"thumbnailUrl":"https:\/\/blogdacondessa.com.br\/blog\/wp-content\/uploads\/2024\/04\/CASAS-NA-VELHUCE.png","articleSection":["Cotidiano"],"inLanguage":"pt-BR"},{"@type":"WebPage","@id":"https:\/\/blogdacondessa.com.br\/blog\/cotidiano\/os-amigos-que-se-uniram-para-construir-vila-e-viver-juntos-na-velhice\/","url":"https:\/\/blogdacondessa.com.br\/blog\/cotidiano\/os-amigos-que-se-uniram-para-construir-vila-e-viver-juntos-na-velhice\/","name":"Os amigos que se uniram para construir vila e viver juntos na velhice &#8902; Blog da Condessa","isPartOf":{"@id":"https:\/\/blogdacondessa.com.br\/blog\/#website"},"primaryImageOfPage":{"@id":"https:\/\/blogdacondessa.com.br\/blog\/cotidiano\/os-amigos-que-se-uniram-para-construir-vila-e-viver-juntos-na-velhice\/#primaryimage"},"image":{"@id":"https:\/\/blogdacondessa.com.br\/blog\/cotidiano\/os-amigos-que-se-uniram-para-construir-vila-e-viver-juntos-na-velhice\/#primaryimage"},"thumbnailUrl":"https:\/\/blogdacondessa.com.br\/blog\/wp-content\/uploads\/2024\/04\/CASAS-NA-VELHUCE.png","datePublished":"2024-04-11T09:00:34+00:00","author":{"@id":"https:\/\/blogdacondessa.com.br\/blog\/#\/schema\/person\/1d667ff8b785195b568677489d266035"},"breadcrumb":{"@id":"https:\/\/blogdacondessa.com.br\/blog\/cotidiano\/os-amigos-que-se-uniram-para-construir-vila-e-viver-juntos-na-velhice\/#breadcrumb"},"inLanguage":"pt-BR","potentialAction":[{"@type":"ReadAction","target":["https:\/\/blogdacondessa.com.br\/blog\/cotidiano\/os-amigos-que-se-uniram-para-construir-vila-e-viver-juntos-na-velhice\/"]}]},{"@type":"ImageObject","inLanguage":"pt-BR","@id":"https:\/\/blogdacondessa.com.br\/blog\/cotidiano\/os-amigos-que-se-uniram-para-construir-vila-e-viver-juntos-na-velhice\/#primaryimage","url":"https:\/\/blogdacondessa.com.br\/blog\/wp-content\/uploads\/2024\/04\/CASAS-NA-VELHUCE.png","contentUrl":"https:\/\/blogdacondessa.com.br\/blog\/wp-content\/uploads\/2024\/04\/CASAS-NA-VELHUCE.png","width":800,"height":449,"caption":"CR\u00c9DITO, Reprodu\u00e7\u00e3o"},{"@type":"BreadcrumbList","@id":"https:\/\/blogdacondessa.com.br\/blog\/cotidiano\/os-amigos-que-se-uniram-para-construir-vila-e-viver-juntos-na-velhice\/#breadcrumb","itemListElement":[{"@type":"ListItem","position":1,"name":"In\u00edcio","item":"https:\/\/blogdacondessa.com.br\/blog\/"},{"@type":"ListItem","position":2,"name":"Os amigos que se uniram para construir vila e viver juntos na velhice"}]},{"@type":"WebSite","@id":"https:\/\/blogdacondessa.com.br\/blog\/#website","url":"https:\/\/blogdacondessa.com.br\/blog\/","name":"Blog da Condessa","description":"Com Shirley de Souza O\u2019Campos","potentialAction":[{"@type":"SearchAction","target":{"@type":"EntryPoint","urlTemplate":"https:\/\/blogdacondessa.com.br\/blog\/?s={search_term_string}"},"query-input":{"@type":"PropertyValueSpecification","valueRequired":true,"valueName":"search_term_string"}}],"inLanguage":"pt-BR"},{"@type":"Person","@id":"https:\/\/blogdacondessa.com.br\/blog\/#\/schema\/person\/1d667ff8b785195b568677489d266035","name":"Blog da Condessa","image":{"@type":"ImageObject","inLanguage":"pt-BR","@id":"https:\/\/secure.gravatar.com\/avatar\/377c0eb8b4ad2bfc25461b41564b5971e721ca34a57642868fc7b0c8ac7b52c5?s=96&d=mm&r=g","url":"https:\/\/secure.gravatar.com\/avatar\/377c0eb8b4ad2bfc25461b41564b5971e721ca34a57642868fc7b0c8ac7b52c5?s=96&d=mm&r=g","contentUrl":"https:\/\/secure.gravatar.com\/avatar\/377c0eb8b4ad2bfc25461b41564b5971e721ca34a57642868fc7b0c8ac7b52c5?s=96&d=mm&r=g","caption":"Blog da Condessa"},"url":"https:\/\/blogdacondessa.com.br\/blog\/author\/beatriz\/"}]}},"_links":{"self":[{"href":"https:\/\/blogdacondessa.com.br\/blog\/wp-json\/wp\/v2\/posts\/9424","targetHints":{"allow":["GET"]}}],"collection":[{"href":"https:\/\/blogdacondessa.com.br\/blog\/wp-json\/wp\/v2\/posts"}],"about":[{"href":"https:\/\/blogdacondessa.com.br\/blog\/wp-json\/wp\/v2\/types\/post"}],"author":[{"embeddable":true,"href":"https:\/\/blogdacondessa.com.br\/blog\/wp-json\/wp\/v2\/users\/2"}],"replies":[{"embeddable":true,"href":"https:\/\/blogdacondessa.com.br\/blog\/wp-json\/wp\/v2\/comments?post=9424"}],"version-history":[{"count":0,"href":"https:\/\/blogdacondessa.com.br\/blog\/wp-json\/wp\/v2\/posts\/9424\/revisions"}],"wp:featuredmedia":[{"embeddable":true,"href":"https:\/\/blogdacondessa.com.br\/blog\/wp-json\/wp\/v2\/media\/9425"}],"wp:attachment":[{"href":"https:\/\/blogdacondessa.com.br\/blog\/wp-json\/wp\/v2\/media?parent=9424"}],"wp:term":[{"taxonomy":"category","embeddable":true,"href":"https:\/\/blogdacondessa.com.br\/blog\/wp-json\/wp\/v2\/categories?post=9424"},{"taxonomy":"post_tag","embeddable":true,"href":"https:\/\/blogdacondessa.com.br\/blog\/wp-json\/wp\/v2\/tags?post=9424"}],"curies":[{"name":"wp","href":"https:\/\/api.w.org\/{rel}","templated":true}]}}