{"id":9421,"date":"2024-04-11T05:00:40","date_gmt":"2024-04-11T09:00:40","guid":{"rendered":"https:\/\/blogdacondessa.com.br\/blog\/?p=9421"},"modified":"2024-04-10T17:23:38","modified_gmt":"2024-04-10T21:23:38","slug":"cuiaba-sedia-evento-esportivo-internacional","status":"publish","type":"post","link":"https:\/\/blogdacondessa.com.br\/blog\/esporte\/cuiaba-sedia-evento-esportivo-internacional\/","title":{"rendered":"Cuiab\u00e1 sedia  evento esportivo internacional"},"content":{"rendered":"<p>Mato Grosso receber\u00e1 Campeonato Ibero-Americano de Atletismo que acontece de 10 a 12 de maio e j\u00e1 tem 23 pa\u00edses e 455 atletas inscritos.<br \/>\nMato Grosso receber\u00e1 o Campeonato Ibero-Americano de Atletismo, que acontece pela primeira vez na regi\u00e3o Centro-Oeste gra\u00e7as a negocia\u00e7\u00f5es entre a Confedera\u00e7\u00e3o Brasileira de Atletismo (CBAt) e o Governo de Mato Grosso. O evento esportivo re\u00fane a cada dois anos pa\u00edses ibero-americanos mais Andorra e pa\u00edses africanos e, em 2024, ser\u00e1 realizado de 10 a 12 de maio, na pista do Centro Ol\u00edmpico de Treinamento da Universidade Federal do Mato Grosso (UFMT).<br \/>\n\u201cEstamos criando as condi\u00e7\u00f5es para que tenhamos um excelente evento. S\u00e3o os melhores atletas de v\u00e1rios pa\u00edses que estar\u00e3o aqui em busca de uma vaga ol\u00edmpica, trazendo um holofote gigantesco para o Estado. Sem falar na oportunidade para os esportistas mato-grossenses convocados. Nossa expectativa \u00e9 receber da melhor forma poss\u00edvel os melhores atletas do continente e apresentar esse espet\u00e1culo esportivo para nossa popula\u00e7\u00e3o\u201d, destacou o secret\u00e1rio de Estado de Cultura, Esporte e Lazer, Jefferson Carvalho Neves.<br \/>\nGerenciada pela Associa\u00e7\u00e3o Ibero-Americana de Atletismo (AIA), a competi\u00e7\u00e3o \u00e9 uma oportunidade para atletas obterem \u00edndices para os Jogos Ol\u00edmpicos de Paris 2024 ou pontos no ranking mundial.<br \/>\nO prazo para o fechamento das inscri\u00e7\u00f5es termina em 16 de abril, mas 23 pa\u00edses j\u00e1 confirmaram presen\u00e7a na competi\u00e7\u00e3o. At\u00e9 agora h\u00e1 455 atletas inscritos representando os pa\u00edses de Angola, Argentina, Brasil, Bol\u00edvia, Cabo Verde, Chile, Col\u00f4mbia, Costa Rica, Cuba, El Salvador, Equador, Espanha, Guatemala, M\u00e9xico, Panam\u00e1, Paraguai, Peru, Porto Rico, Portugal, Rep\u00fablica Dominicana, S\u00e3o Tom\u00e9 e Pr\u00edncipe, Uruguai e Venezuela.<br \/>\nA primeira edi\u00e7\u00e3o do Campeonato Ibero-Americano foi realizada em 1983, em Barcelona, na Espanha. Quatro edi\u00e7\u00f5es do evento foram realizadas no Brasil, nas cidades de Manaus (1990), Rio de Janeiro (2000), S\u00e3o Paulo (2014) e novamente Rio de Janeiro (2016), que foi pr\u00e9-ol\u00edmpica como ser\u00e1 agora em Cuiab\u00e1.<br \/>\nTamb\u00e9m com o apoio do Governo do Estado, Cuiab\u00e1 j\u00e1 recebeu o Campeonato Sul-Americano de Atletismo Sub-23, em 2022, e o Trof\u00e9u Brasil de Atletismo, em 2023, que foi considerado sucesso de p\u00fablico, com 250 mil pessoas nas transmiss\u00f5es e 7 mil nas arquibancadas, em quatro dias de disputas.<br \/>\nPara o presidente da CBAt, Wlamir Campos, Mato Grosso \u00e9 um dos Estados onde o atletismo mais cresce no pa\u00eds devido aos investimentos no setor esportivo feitos pela gest\u00e3o estadual.<br \/>\n\u201cMato Grosso tem aqui um exemplo de gest\u00e3o e boa governan\u00e7a. Trazer um campeonato dessa magnitude pra c\u00e1, como o Ibero-Americano, \u00e9 reflexo dos investimentos de um Estado que investe e acredita no esporte\u201d, afirmou o dirigente, durante vistoria \u00e0s instala\u00e7\u00f5es do Ibero, em mar\u00e7o deste ano.<br \/>\nO Campeonato Ibero-Americano de Atletismo 2024 ser\u00e1 transmitido ao vivo pelo Canal Ol\u00edmpico do Brasil e pela TV Atletismo Brasil, por meio dos canais do YouTube do Time Brasil e da Confedera\u00e7\u00e3o Brasileira de Atletismo. O credenciamento para a imprensa ser\u00e1 aberto pela CBAt, de 1 a 8 de maio.<\/p>\n","protected":false},"excerpt":{"rendered":"<p>Mato Grosso receber\u00e1 Campeonato Ibero-Americano de Atletismo que acontece de 10 a 12 de maio e j\u00e1 tem 23 pa\u00edses e 455 atletas inscritos. Mato Grosso receber\u00e1 o Campeonato Ibero-Americano de Atletismo, que acontece pela primeira vez na regi\u00e3o Centro-Oeste gra\u00e7as a negocia\u00e7\u00f5es entre a Confedera\u00e7\u00e3o Brasileira de Atletismo (CBAt) e o Governo de Mato [&hellip;]<\/p>\n","protected":false},"author":2,"featured_media":9422,"comment_status":"closed","ping_status":"closed","sticky":false,"template":"","format":"standard","meta":{"iawp_total_views":0,"footnotes":""},"categories":[19],"tags":[],"class_list":["post-9421","post","type-post","status-publish","format-standard","has-post-thumbnail","hentry","category-esporte"],"yoast_head":"<!-- This site is optimized with the Yoast SEO plugin v27.3 - https:\/\/yoast.com\/product\/yoast-seo-wordpress\/ -->\n<title>Cuiab\u00e1 sedia evento esportivo internacional &#8902; Blog da Condessa<\/title>\n<meta name=\"robots\" content=\"index, follow, max-snippet:-1, max-image-preview:large, max-video-preview:-1\" \/>\n<link rel=\"canonical\" href=\"https:\/\/blogdacondessa.com.br\/blog\/esporte\/cuiaba-sedia-evento-esportivo-internacional\/\" \/>\n<meta property=\"og:locale\" content=\"pt_BR\" \/>\n<meta property=\"og:type\" content=\"article\" \/>\n<meta property=\"og:title\" content=\"Cuiab\u00e1 sedia evento esportivo internacional &#8902; Blog da Condessa\" \/>\n<meta property=\"og:description\" content=\"Mato Grosso receber\u00e1 Campeonato Ibero-Americano de Atletismo que acontece de 10 a 12 de maio e j\u00e1 tem 23 pa\u00edses e 455 atletas inscritos. Mato Grosso receber\u00e1 o Campeonato Ibero-Americano de Atletismo, que acontece pela primeira vez na regi\u00e3o Centro-Oeste gra\u00e7as a negocia\u00e7\u00f5es entre a Confedera\u00e7\u00e3o Brasileira de Atletismo (CBAt) e o Governo de Mato [&hellip;]\" \/>\n<meta property=\"og:url\" content=\"https:\/\/blogdacondessa.com.br\/blog\/esporte\/cuiaba-sedia-evento-esportivo-internacional\/\" \/>\n<meta property=\"og:site_name\" content=\"Blog da Condessa\" \/>\n<meta property=\"article:published_time\" content=\"2024-04-11T09:00:40+00:00\" \/>\n<meta property=\"og:image\" content=\"https:\/\/blogdacondessa.com.br\/blog\/wp-content\/uploads\/2024\/04\/ATLETISMO-scaled.jpg\" \/>\n\t<meta property=\"og:image:width\" content=\"2560\" \/>\n\t<meta property=\"og:image:height\" content=\"1707\" \/>\n\t<meta property=\"og:image:type\" content=\"image\/jpeg\" \/>\n<meta name=\"author\" content=\"Blog da Condessa\" \/>\n<meta name=\"twitter:card\" content=\"summary_large_image\" \/>\n<meta name=\"twitter:label1\" content=\"Escrito por\" \/>\n\t<meta name=\"twitter:data1\" content=\"Blog da Condessa\" \/>\n\t<meta name=\"twitter:label2\" content=\"Est. tempo de leitura\" \/>\n\t<meta name=\"twitter:data2\" content=\"3 minutos\" \/>\n<script type=\"application\/ld+json\" class=\"yoast-schema-graph\">{\"@context\":\"https:\\\/\\\/schema.org\",\"@graph\":[{\"@type\":\"Article\",\"@id\":\"https:\\\/\\\/blogdacondessa.com.br\\\/blog\\\/esporte\\\/cuiaba-sedia-evento-esportivo-internacional\\\/#article\",\"isPartOf\":{\"@id\":\"https:\\\/\\\/blogdacondessa.com.br\\\/blog\\\/esporte\\\/cuiaba-sedia-evento-esportivo-internacional\\\/\"},\"author\":{\"name\":\"Blog da Condessa\",\"@id\":\"https:\\\/\\\/blogdacondessa.com.br\\\/blog\\\/#\\\/schema\\\/person\\\/1d667ff8b785195b568677489d266035\"},\"headline\":\"Cuiab\u00e1 sedia evento esportivo internacional\",\"datePublished\":\"2024-04-11T09:00:40+00:00\",\"mainEntityOfPage\":{\"@id\":\"https:\\\/\\\/blogdacondessa.com.br\\\/blog\\\/esporte\\\/cuiaba-sedia-evento-esportivo-internacional\\\/\"},\"wordCount\":514,\"image\":{\"@id\":\"https:\\\/\\\/blogdacondessa.com.br\\\/blog\\\/esporte\\\/cuiaba-sedia-evento-esportivo-internacional\\\/#primaryimage\"},\"thumbnailUrl\":\"https:\\\/\\\/blogdacondessa.com.br\\\/blog\\\/wp-content\\\/uploads\\\/2024\\\/04\\\/ATLETISMO-scaled.jpg\",\"articleSection\":[\"Esporte\"],\"inLanguage\":\"pt-BR\"},{\"@type\":\"WebPage\",\"@id\":\"https:\\\/\\\/blogdacondessa.com.br\\\/blog\\\/esporte\\\/cuiaba-sedia-evento-esportivo-internacional\\\/\",\"url\":\"https:\\\/\\\/blogdacondessa.com.br\\\/blog\\\/esporte\\\/cuiaba-sedia-evento-esportivo-internacional\\\/\",\"name\":\"Cuiab\u00e1 sedia evento esportivo internacional &#8902; Blog da Condessa\",\"isPartOf\":{\"@id\":\"https:\\\/\\\/blogdacondessa.com.br\\\/blog\\\/#website\"},\"primaryImageOfPage\":{\"@id\":\"https:\\\/\\\/blogdacondessa.com.br\\\/blog\\\/esporte\\\/cuiaba-sedia-evento-esportivo-internacional\\\/#primaryimage\"},\"image\":{\"@id\":\"https:\\\/\\\/blogdacondessa.com.br\\\/blog\\\/esporte\\\/cuiaba-sedia-evento-esportivo-internacional\\\/#primaryimage\"},\"thumbnailUrl\":\"https:\\\/\\\/blogdacondessa.com.br\\\/blog\\\/wp-content\\\/uploads\\\/2024\\\/04\\\/ATLETISMO-scaled.jpg\",\"datePublished\":\"2024-04-11T09:00:40+00:00\",\"author\":{\"@id\":\"https:\\\/\\\/blogdacondessa.com.br\\\/blog\\\/#\\\/schema\\\/person\\\/1d667ff8b785195b568677489d266035\"},\"breadcrumb\":{\"@id\":\"https:\\\/\\\/blogdacondessa.com.br\\\/blog\\\/esporte\\\/cuiaba-sedia-evento-esportivo-internacional\\\/#breadcrumb\"},\"inLanguage\":\"pt-BR\",\"potentialAction\":[{\"@type\":\"ReadAction\",\"target\":[\"https:\\\/\\\/blogdacondessa.com.br\\\/blog\\\/esporte\\\/cuiaba-sedia-evento-esportivo-internacional\\\/\"]}]},{\"@type\":\"ImageObject\",\"inLanguage\":\"pt-BR\",\"@id\":\"https:\\\/\\\/blogdacondessa.com.br\\\/blog\\\/esporte\\\/cuiaba-sedia-evento-esportivo-internacional\\\/#primaryimage\",\"url\":\"https:\\\/\\\/blogdacondessa.com.br\\\/blog\\\/wp-content\\\/uploads\\\/2024\\\/04\\\/ATLETISMO-scaled.jpg\",\"contentUrl\":\"https:\\\/\\\/blogdacondessa.com.br\\\/blog\\\/wp-content\\\/uploads\\\/2024\\\/04\\\/ATLETISMO-scaled.jpg\",\"width\":2560,\"height\":1707,\"caption\":\"Foto por: Christiano Antonucci\"},{\"@type\":\"BreadcrumbList\",\"@id\":\"https:\\\/\\\/blogdacondessa.com.br\\\/blog\\\/esporte\\\/cuiaba-sedia-evento-esportivo-internacional\\\/#breadcrumb\",\"itemListElement\":[{\"@type\":\"ListItem\",\"position\":1,\"name\":\"In\u00edcio\",\"item\":\"https:\\\/\\\/blogdacondessa.com.br\\\/blog\\\/\"},{\"@type\":\"ListItem\",\"position\":2,\"name\":\"Cuiab\u00e1 sedia evento esportivo internacional\"}]},{\"@type\":\"WebSite\",\"@id\":\"https:\\\/\\\/blogdacondessa.com.br\\\/blog\\\/#website\",\"url\":\"https:\\\/\\\/blogdacondessa.com.br\\\/blog\\\/\",\"name\":\"Blog da Condessa\",\"description\":\"Com Shirley de Souza O\u2019Campos\",\"potentialAction\":[{\"@type\":\"SearchAction\",\"target\":{\"@type\":\"EntryPoint\",\"urlTemplate\":\"https:\\\/\\\/blogdacondessa.com.br\\\/blog\\\/?s={search_term_string}\"},\"query-input\":{\"@type\":\"PropertyValueSpecification\",\"valueRequired\":true,\"valueName\":\"search_term_string\"}}],\"inLanguage\":\"pt-BR\"},{\"@type\":\"Person\",\"@id\":\"https:\\\/\\\/blogdacondessa.com.br\\\/blog\\\/#\\\/schema\\\/person\\\/1d667ff8b785195b568677489d266035\",\"name\":\"Blog da Condessa\",\"image\":{\"@type\":\"ImageObject\",\"inLanguage\":\"pt-BR\",\"@id\":\"https:\\\/\\\/secure.gravatar.com\\\/avatar\\\/377c0eb8b4ad2bfc25461b41564b5971e721ca34a57642868fc7b0c8ac7b52c5?s=96&d=mm&r=g\",\"url\":\"https:\\\/\\\/secure.gravatar.com\\\/avatar\\\/377c0eb8b4ad2bfc25461b41564b5971e721ca34a57642868fc7b0c8ac7b52c5?s=96&d=mm&r=g\",\"contentUrl\":\"https:\\\/\\\/secure.gravatar.com\\\/avatar\\\/377c0eb8b4ad2bfc25461b41564b5971e721ca34a57642868fc7b0c8ac7b52c5?s=96&d=mm&r=g\",\"caption\":\"Blog da Condessa\"},\"url\":\"https:\\\/\\\/blogdacondessa.com.br\\\/blog\\\/author\\\/beatriz\\\/\"}]}<\/script>\n<!-- \/ Yoast SEO plugin. -->","yoast_head_json":{"title":"Cuiab\u00e1 sedia evento esportivo internacional &#8902; Blog da Condessa","robots":{"index":"index","follow":"follow","max-snippet":"max-snippet:-1","max-image-preview":"max-image-preview:large","max-video-preview":"max-video-preview:-1"},"canonical":"https:\/\/blogdacondessa.com.br\/blog\/esporte\/cuiaba-sedia-evento-esportivo-internacional\/","og_locale":"pt_BR","og_type":"article","og_title":"Cuiab\u00e1 sedia evento esportivo internacional &#8902; Blog da Condessa","og_description":"Mato Grosso receber\u00e1 Campeonato Ibero-Americano de Atletismo que acontece de 10 a 12 de maio e j\u00e1 tem 23 pa\u00edses e 455 atletas inscritos. Mato Grosso receber\u00e1 o Campeonato Ibero-Americano de Atletismo, que acontece pela primeira vez na regi\u00e3o Centro-Oeste gra\u00e7as a negocia\u00e7\u00f5es entre a Confedera\u00e7\u00e3o Brasileira de Atletismo (CBAt) e o Governo de Mato [&hellip;]","og_url":"https:\/\/blogdacondessa.com.br\/blog\/esporte\/cuiaba-sedia-evento-esportivo-internacional\/","og_site_name":"Blog da Condessa","article_published_time":"2024-04-11T09:00:40+00:00","og_image":[{"width":2560,"height":1707,"url":"https:\/\/blogdacondessa.com.br\/blog\/wp-content\/uploads\/2024\/04\/ATLETISMO-scaled.jpg","type":"image\/jpeg"}],"author":"Blog da Condessa","twitter_card":"summary_large_image","twitter_misc":{"Escrito por":"Blog da Condessa","Est. tempo de leitura":"3 minutos"},"schema":{"@context":"https:\/\/schema.org","@graph":[{"@type":"Article","@id":"https:\/\/blogdacondessa.com.br\/blog\/esporte\/cuiaba-sedia-evento-esportivo-internacional\/#article","isPartOf":{"@id":"https:\/\/blogdacondessa.com.br\/blog\/esporte\/cuiaba-sedia-evento-esportivo-internacional\/"},"author":{"name":"Blog da Condessa","@id":"https:\/\/blogdacondessa.com.br\/blog\/#\/schema\/person\/1d667ff8b785195b568677489d266035"},"headline":"Cuiab\u00e1 sedia evento esportivo internacional","datePublished":"2024-04-11T09:00:40+00:00","mainEntityOfPage":{"@id":"https:\/\/blogdacondessa.com.br\/blog\/esporte\/cuiaba-sedia-evento-esportivo-internacional\/"},"wordCount":514,"image":{"@id":"https:\/\/blogdacondessa.com.br\/blog\/esporte\/cuiaba-sedia-evento-esportivo-internacional\/#primaryimage"},"thumbnailUrl":"https:\/\/blogdacondessa.com.br\/blog\/wp-content\/uploads\/2024\/04\/ATLETISMO-scaled.jpg","articleSection":["Esporte"],"inLanguage":"pt-BR"},{"@type":"WebPage","@id":"https:\/\/blogdacondessa.com.br\/blog\/esporte\/cuiaba-sedia-evento-esportivo-internacional\/","url":"https:\/\/blogdacondessa.com.br\/blog\/esporte\/cuiaba-sedia-evento-esportivo-internacional\/","name":"Cuiab\u00e1 sedia evento esportivo internacional &#8902; Blog da Condessa","isPartOf":{"@id":"https:\/\/blogdacondessa.com.br\/blog\/#website"},"primaryImageOfPage":{"@id":"https:\/\/blogdacondessa.com.br\/blog\/esporte\/cuiaba-sedia-evento-esportivo-internacional\/#primaryimage"},"image":{"@id":"https:\/\/blogdacondessa.com.br\/blog\/esporte\/cuiaba-sedia-evento-esportivo-internacional\/#primaryimage"},"thumbnailUrl":"https:\/\/blogdacondessa.com.br\/blog\/wp-content\/uploads\/2024\/04\/ATLETISMO-scaled.jpg","datePublished":"2024-04-11T09:00:40+00:00","author":{"@id":"https:\/\/blogdacondessa.com.br\/blog\/#\/schema\/person\/1d667ff8b785195b568677489d266035"},"breadcrumb":{"@id":"https:\/\/blogdacondessa.com.br\/blog\/esporte\/cuiaba-sedia-evento-esportivo-internacional\/#breadcrumb"},"inLanguage":"pt-BR","potentialAction":[{"@type":"ReadAction","target":["https:\/\/blogdacondessa.com.br\/blog\/esporte\/cuiaba-sedia-evento-esportivo-internacional\/"]}]},{"@type":"ImageObject","inLanguage":"pt-BR","@id":"https:\/\/blogdacondessa.com.br\/blog\/esporte\/cuiaba-sedia-evento-esportivo-internacional\/#primaryimage","url":"https:\/\/blogdacondessa.com.br\/blog\/wp-content\/uploads\/2024\/04\/ATLETISMO-scaled.jpg","contentUrl":"https:\/\/blogdacondessa.com.br\/blog\/wp-content\/uploads\/2024\/04\/ATLETISMO-scaled.jpg","width":2560,"height":1707,"caption":"Foto por: Christiano Antonucci"},{"@type":"BreadcrumbList","@id":"https:\/\/blogdacondessa.com.br\/blog\/esporte\/cuiaba-sedia-evento-esportivo-internacional\/#breadcrumb","itemListElement":[{"@type":"ListItem","position":1,"name":"In\u00edcio","item":"https:\/\/blogdacondessa.com.br\/blog\/"},{"@type":"ListItem","position":2,"name":"Cuiab\u00e1 sedia evento esportivo internacional"}]},{"@type":"WebSite","@id":"https:\/\/blogdacondessa.com.br\/blog\/#website","url":"https:\/\/blogdacondessa.com.br\/blog\/","name":"Blog da Condessa","description":"Com Shirley de Souza O\u2019Campos","potentialAction":[{"@type":"SearchAction","target":{"@type":"EntryPoint","urlTemplate":"https:\/\/blogdacondessa.com.br\/blog\/?s={search_term_string}"},"query-input":{"@type":"PropertyValueSpecification","valueRequired":true,"valueName":"search_term_string"}}],"inLanguage":"pt-BR"},{"@type":"Person","@id":"https:\/\/blogdacondessa.com.br\/blog\/#\/schema\/person\/1d667ff8b785195b568677489d266035","name":"Blog da Condessa","image":{"@type":"ImageObject","inLanguage":"pt-BR","@id":"https:\/\/secure.gravatar.com\/avatar\/377c0eb8b4ad2bfc25461b41564b5971e721ca34a57642868fc7b0c8ac7b52c5?s=96&d=mm&r=g","url":"https:\/\/secure.gravatar.com\/avatar\/377c0eb8b4ad2bfc25461b41564b5971e721ca34a57642868fc7b0c8ac7b52c5?s=96&d=mm&r=g","contentUrl":"https:\/\/secure.gravatar.com\/avatar\/377c0eb8b4ad2bfc25461b41564b5971e721ca34a57642868fc7b0c8ac7b52c5?s=96&d=mm&r=g","caption":"Blog da Condessa"},"url":"https:\/\/blogdacondessa.com.br\/blog\/author\/beatriz\/"}]}},"_links":{"self":[{"href":"https:\/\/blogdacondessa.com.br\/blog\/wp-json\/wp\/v2\/posts\/9421","targetHints":{"allow":["GET"]}}],"collection":[{"href":"https:\/\/blogdacondessa.com.br\/blog\/wp-json\/wp\/v2\/posts"}],"about":[{"href":"https:\/\/blogdacondessa.com.br\/blog\/wp-json\/wp\/v2\/types\/post"}],"author":[{"embeddable":true,"href":"https:\/\/blogdacondessa.com.br\/blog\/wp-json\/wp\/v2\/users\/2"}],"replies":[{"embeddable":true,"href":"https:\/\/blogdacondessa.com.br\/blog\/wp-json\/wp\/v2\/comments?post=9421"}],"version-history":[{"count":0,"href":"https:\/\/blogdacondessa.com.br\/blog\/wp-json\/wp\/v2\/posts\/9421\/revisions"}],"wp:featuredmedia":[{"embeddable":true,"href":"https:\/\/blogdacondessa.com.br\/blog\/wp-json\/wp\/v2\/media\/9422"}],"wp:attachment":[{"href":"https:\/\/blogdacondessa.com.br\/blog\/wp-json\/wp\/v2\/media?parent=9421"}],"wp:term":[{"taxonomy":"category","embeddable":true,"href":"https:\/\/blogdacondessa.com.br\/blog\/wp-json\/wp\/v2\/categories?post=9421"},{"taxonomy":"post_tag","embeddable":true,"href":"https:\/\/blogdacondessa.com.br\/blog\/wp-json\/wp\/v2\/tags?post=9421"}],"curies":[{"name":"wp","href":"https:\/\/api.w.org\/{rel}","templated":true}]}}