{"id":9260,"date":"2024-03-15T05:00:35","date_gmt":"2024-03-15T09:00:35","guid":{"rendered":"https:\/\/blogdacondessa.com.br\/blog\/?p=9260"},"modified":"2024-03-14T16:30:09","modified_gmt":"2024-03-14T20:30:09","slug":"28-dos-alimentos-industrializados-tem-sodio-em-excesso","status":"publish","type":"post","link":"https:\/\/blogdacondessa.com.br\/blog\/cidades-2\/28-dos-alimentos-industrializados-tem-sodio-em-excesso\/","title":{"rendered":"28% dos alimentos industrializados t\u00eam s\u00f3dio em excesso"},"content":{"rendered":"<p>Entre as categorias consideradas cr\u00edticas est\u00e3o mu\u00e7arela e requeij\u00e3o.<br \/>\nRelat\u00f3rio divulgado pela Ag\u00eancia Nacional de Vigil\u00e2ncia Sanit\u00e1ria (Anvisa) aponta que 28% dos produtos industrializados monitorados por autoridades brasileiras em 2020 e 2021 n\u00e3o atingiram as metas estabelecidas para redu\u00e7\u00e3o de s\u00f3dio. De acordo com a Anvisa, as categorias classificadas como cr\u00edticas s\u00e3o biscoito salgado, bolos prontos sem recheio, hamb\u00fargueres, misturas para bolo aerado, mortadela conservada em refrigera\u00e7\u00e3o, p\u00e3es de forma, queijo mu\u00e7arela e requeij\u00e3o.<br \/>\nO relat\u00f3rio cita, entretanto, \u201calentador progresso\u201d observado em algumas categorias, como o caso de biscoitos doces tipo maria e maisena, indicando \u201cuma tend\u00eancia positiva\u201d. \u201cAo ponderarmos sobre a oscila\u00e7\u00e3o nas amostras de batatas fritas e palhas industrializadas e a conformidade consistente dos cereais matinais, torna-se evidente que diferentes categorias demandam abordagens espec\u00edficas\u201d, pontuou a Anvisa.<br \/>\nJ\u00e1 a an\u00e1lise das categorias caldos em p\u00f3 e em cubo, temperos em pasta, temperos para arroz e demais temperos, segundo o relat\u00f3rio, aponta dificuldades e avan\u00e7os no monitoramento do teor de s\u00f3dio em alimentos industrializados, com algumas categorias mantendo a conformidade e outras exigindo esfor\u00e7os adicionais.<br \/>\n\u201cNo cen\u00e1rio mais amplo, identificamos tanto progressos quanto desafios persistentes na redu\u00e7\u00e3o do teor de s\u00f3dio em alimentos industrializados. A an\u00e1lise abrangente do panorama brasileiro revela que o pa\u00eds enfrenta obst\u00e1culos significativos para atingir as metas regionais estabelecidas na diminui\u00e7\u00e3o do consumo de s\u00f3dio, apresentando a menor ades\u00e3o em compara\u00e7\u00e3o com outros pa\u00edses da Am\u00e9rica Latina e do Caribe.\u201d<br \/>\n\u201cIsso sublinha a urg\u00eancia de reavaliar e aprimorar as estrat\u00e9gias atualmente em vigor. A colabora\u00e7\u00e3o cont\u00ednua entre \u00f3rg\u00e3os reguladores, a ind\u00fastria aliment\u00edcia e a sociedade civil permanece fundamental para atingir as metas preestabelecidas e incentivar h\u00e1bitos alimentares mais saud\u00e1veis\u201d, destacou a ag\u00eancia.<br \/>\nO monitoramento se pautou na determina\u00e7\u00e3o do teor de s\u00f3dio de amostras de produtos industrializados coletados em estabelecimentos comerciais e agrupadas conforme categorias pactuadas em acordos estabelecidos entre o Minist\u00e9rio da Sa\u00fade e o setor regulado.<br \/>\nA coleta e an\u00e1lise das amostras ocorreram de janeiro de 2020 a dezembro de 2021. Nesse processo, um fiscal da vigil\u00e2ncia sanit\u00e1ria estadual foi respons\u00e1vel pela coleta em locais estrat\u00e9gicos, como mercados e estabelecimentos de venda de alimentos industrializados, seguindo um plano amostral nacional.<br \/>\nAs amostras foram enviadas aos laborat\u00f3rios centrais de Sa\u00fade P\u00fablica (Lacen) e ao Instituto Nacional de Controle de Qualidade em Sa\u00fade (INCQS), onde foram realizadas an\u00e1lises de s\u00f3dio conforme metodologias oficiais, al\u00e9m da verifica\u00e7\u00e3o da rotulagem.<br \/>\nA\u00e7\u00facar<br \/>\nA Anvisa divulgou ainda uma an\u00e1lise detalhada do monitoramento do teor de a\u00e7\u00facares em alimentos industrializados no ano de 2021. Entre as 11 categorias avaliadas, constatou-se que 81,8% exibiram um teor m\u00e9dio de a\u00e7\u00facares dentro dos limites definidos. As duas categorias que n\u00e3o atingiram as metas estabelecidas foram biscoitos doces sem recheio e biscoitos tipo wafers.<br \/>\nDe acordo com o relat\u00f3rio, categorias como refrigerantes, n\u00e9ctares e refrescos est\u00e3o em conformidade com os padr\u00f5es estabelecidos, sugerindo uma tend\u00eancia positiva no setor. Al\u00e9m disso, as categorias biscoitos maria e maisena e biscoitos recheados apresentaram 100% de conformidade com os limites estabelecidos para o teor de a\u00e7\u00facares, destacando \u201cuma ader\u00eancia satisfat\u00f3ria por parte dos fabricantes\u201d.<br \/>\n\u201cNo entanto, \u00e9 crucial destacar que o segmento de biscoitos da ind\u00fastria aliment\u00edcia ainda carece de melhorias significativas, uma vez que biscoitos sem recheio e do tipo wafer excederam os limites estabelecidos para teor de a\u00e7\u00facares, indicando um menor n\u00edvel de ades\u00e3o \u00e0s diretrizes regulat\u00f3rias em compara\u00e7\u00e3o com outras categorias analisadas.\u201d<br \/>\n\u201c\u00c9 fundamental refor\u00e7ar a import\u00e2ncia de pol\u00edticas p\u00fablicas eficazes voltadas para a redu\u00e7\u00e3o do consumo de a\u00e7\u00facares e a promo\u00e7\u00e3o de uma alimenta\u00e7\u00e3o saud\u00e1vel. A implementa\u00e7\u00e3o de estrat\u00e9gias educativas e de conscientiza\u00e7\u00e3o, aliada \u00e0 regulamenta\u00e7\u00e3o e fiscaliza\u00e7\u00e3o, desempenha um papel crucial na prote\u00e7\u00e3o da sa\u00fade da popula\u00e7\u00e3o e na preven\u00e7\u00e3o de doen\u00e7as cr\u00f4nicas n\u00e3o transmiss\u00edveis\u201d, concluiu a Anvisa.<br \/>\nO monitoramento baseou-se na quantifica\u00e7\u00e3o dos n\u00edveis de a\u00e7\u00facares presentes em amostras de alimentos coletados em estabelecimentos comerciais e categorizados conforme acordo volunt\u00e1rio estabelecido entre o Minist\u00e9rio da Sa\u00fade e o setor regulado. Os resultados das an\u00e1lises foram documentados no Sistema de Gerenciamento de Amostras Laboratoriais.<br \/>\nA condu\u00e7\u00e3o desse processo foi realizada de forma colaborativa pela Anvisa e vigil\u00e2ncias sanit\u00e1rias estaduais, municipais e do Distrito Federal. No per\u00edodo compreendido entre janeiro e dezembro de 2021, foram conduzidas atividades de coleta e an\u00e1lise de amostras alimentares em conformidade com um plano amostral nacional preestabelecido. As amostras obtidas foram posteriormente encaminhadas aos laborat\u00f3rios oficiais de sa\u00fade p\u00fablica. (Fonte: Ag\u00eancia Brasil)<\/p>\n","protected":false},"excerpt":{"rendered":"<p>Entre as categorias consideradas cr\u00edticas est\u00e3o mu\u00e7arela e requeij\u00e3o. Relat\u00f3rio divulgado pela Ag\u00eancia Nacional de Vigil\u00e2ncia Sanit\u00e1ria (Anvisa) aponta que 28% dos produtos industrializados monitorados por autoridades brasileiras em 2020 e 2021 n\u00e3o atingiram as metas estabelecidas para redu\u00e7\u00e3o de s\u00f3dio. De acordo com a Anvisa, as categorias classificadas como cr\u00edticas s\u00e3o biscoito salgado, bolos [&hellip;]<\/p>\n","protected":false},"author":2,"featured_media":9261,"comment_status":"closed","ping_status":"closed","sticky":false,"template":"","format":"standard","meta":{"iawp_total_views":3,"footnotes":""},"categories":[15],"tags":[],"class_list":["post-9260","post","type-post","status-publish","format-standard","has-post-thumbnail","hentry","category-cidades-2"],"yoast_head":"<!-- This site is optimized with the Yoast SEO plugin v27.3 - https:\/\/yoast.com\/product\/yoast-seo-wordpress\/ -->\n<title>28% dos alimentos industrializados t\u00eam s\u00f3dio em excesso &#8902; Blog da Condessa<\/title>\n<meta name=\"robots\" content=\"index, follow, max-snippet:-1, max-image-preview:large, max-video-preview:-1\" \/>\n<link rel=\"canonical\" href=\"https:\/\/blogdacondessa.com.br\/blog\/cidades-2\/28-dos-alimentos-industrializados-tem-sodio-em-excesso\/\" \/>\n<meta property=\"og:locale\" content=\"pt_BR\" \/>\n<meta property=\"og:type\" content=\"article\" \/>\n<meta property=\"og:title\" content=\"28% dos alimentos industrializados t\u00eam s\u00f3dio em excesso &#8902; Blog da Condessa\" \/>\n<meta property=\"og:description\" content=\"Entre as categorias consideradas cr\u00edticas est\u00e3o mu\u00e7arela e requeij\u00e3o. Relat\u00f3rio divulgado pela Ag\u00eancia Nacional de Vigil\u00e2ncia Sanit\u00e1ria (Anvisa) aponta que 28% dos produtos industrializados monitorados por autoridades brasileiras em 2020 e 2021 n\u00e3o atingiram as metas estabelecidas para redu\u00e7\u00e3o de s\u00f3dio. De acordo com a Anvisa, as categorias classificadas como cr\u00edticas s\u00e3o biscoito salgado, bolos [&hellip;]\" \/>\n<meta property=\"og:url\" content=\"https:\/\/blogdacondessa.com.br\/blog\/cidades-2\/28-dos-alimentos-industrializados-tem-sodio-em-excesso\/\" \/>\n<meta property=\"og:site_name\" content=\"Blog da Condessa\" \/>\n<meta property=\"article:published_time\" content=\"2024-03-15T09:00:35+00:00\" \/>\n<meta property=\"og:image\" content=\"https:\/\/blogdacondessa.com.br\/blog\/wp-content\/uploads\/2024\/03\/sodio.webp\" \/>\n\t<meta property=\"og:image:width\" content=\"1170\" \/>\n\t<meta property=\"og:image:height\" content=\"700\" \/>\n\t<meta property=\"og:image:type\" content=\"image\/webp\" \/>\n<meta name=\"author\" content=\"Blog da Condessa\" \/>\n<meta name=\"twitter:card\" content=\"summary_large_image\" \/>\n<meta name=\"twitter:label1\" content=\"Escrito por\" \/>\n\t<meta name=\"twitter:data1\" content=\"Blog da Condessa\" \/>\n\t<meta name=\"twitter:label2\" content=\"Est. tempo de leitura\" \/>\n\t<meta name=\"twitter:data2\" content=\"5 minutos\" \/>\n<script type=\"application\/ld+json\" class=\"yoast-schema-graph\">{\"@context\":\"https:\\\/\\\/schema.org\",\"@graph\":[{\"@type\":\"Article\",\"@id\":\"https:\\\/\\\/blogdacondessa.com.br\\\/blog\\\/cidades-2\\\/28-dos-alimentos-industrializados-tem-sodio-em-excesso\\\/#article\",\"isPartOf\":{\"@id\":\"https:\\\/\\\/blogdacondessa.com.br\\\/blog\\\/cidades-2\\\/28-dos-alimentos-industrializados-tem-sodio-em-excesso\\\/\"},\"author\":{\"name\":\"Blog da Condessa\",\"@id\":\"https:\\\/\\\/blogdacondessa.com.br\\\/blog\\\/#\\\/schema\\\/person\\\/1d667ff8b785195b568677489d266035\"},\"headline\":\"28% dos alimentos industrializados t\u00eam s\u00f3dio em excesso\",\"datePublished\":\"2024-03-15T09:00:35+00:00\",\"mainEntityOfPage\":{\"@id\":\"https:\\\/\\\/blogdacondessa.com.br\\\/blog\\\/cidades-2\\\/28-dos-alimentos-industrializados-tem-sodio-em-excesso\\\/\"},\"wordCount\":845,\"image\":{\"@id\":\"https:\\\/\\\/blogdacondessa.com.br\\\/blog\\\/cidades-2\\\/28-dos-alimentos-industrializados-tem-sodio-em-excesso\\\/#primaryimage\"},\"thumbnailUrl\":\"https:\\\/\\\/blogdacondessa.com.br\\\/blog\\\/wp-content\\\/uploads\\\/2024\\\/03\\\/sodio.webp\",\"articleSection\":[\"Nacional\"],\"inLanguage\":\"pt-BR\"},{\"@type\":\"WebPage\",\"@id\":\"https:\\\/\\\/blogdacondessa.com.br\\\/blog\\\/cidades-2\\\/28-dos-alimentos-industrializados-tem-sodio-em-excesso\\\/\",\"url\":\"https:\\\/\\\/blogdacondessa.com.br\\\/blog\\\/cidades-2\\\/28-dos-alimentos-industrializados-tem-sodio-em-excesso\\\/\",\"name\":\"28% dos alimentos industrializados t\u00eam s\u00f3dio em excesso &#8902; Blog da Condessa\",\"isPartOf\":{\"@id\":\"https:\\\/\\\/blogdacondessa.com.br\\\/blog\\\/#website\"},\"primaryImageOfPage\":{\"@id\":\"https:\\\/\\\/blogdacondessa.com.br\\\/blog\\\/cidades-2\\\/28-dos-alimentos-industrializados-tem-sodio-em-excesso\\\/#primaryimage\"},\"image\":{\"@id\":\"https:\\\/\\\/blogdacondessa.com.br\\\/blog\\\/cidades-2\\\/28-dos-alimentos-industrializados-tem-sodio-em-excesso\\\/#primaryimage\"},\"thumbnailUrl\":\"https:\\\/\\\/blogdacondessa.com.br\\\/blog\\\/wp-content\\\/uploads\\\/2024\\\/03\\\/sodio.webp\",\"datePublished\":\"2024-03-15T09:00:35+00:00\",\"author\":{\"@id\":\"https:\\\/\\\/blogdacondessa.com.br\\\/blog\\\/#\\\/schema\\\/person\\\/1d667ff8b785195b568677489d266035\"},\"breadcrumb\":{\"@id\":\"https:\\\/\\\/blogdacondessa.com.br\\\/blog\\\/cidades-2\\\/28-dos-alimentos-industrializados-tem-sodio-em-excesso\\\/#breadcrumb\"},\"inLanguage\":\"pt-BR\",\"potentialAction\":[{\"@type\":\"ReadAction\",\"target\":[\"https:\\\/\\\/blogdacondessa.com.br\\\/blog\\\/cidades-2\\\/28-dos-alimentos-industrializados-tem-sodio-em-excesso\\\/\"]}]},{\"@type\":\"ImageObject\",\"inLanguage\":\"pt-BR\",\"@id\":\"https:\\\/\\\/blogdacondessa.com.br\\\/blog\\\/cidades-2\\\/28-dos-alimentos-industrializados-tem-sodio-em-excesso\\\/#primaryimage\",\"url\":\"https:\\\/\\\/blogdacondessa.com.br\\\/blog\\\/wp-content\\\/uploads\\\/2024\\\/03\\\/sodio.webp\",\"contentUrl\":\"https:\\\/\\\/blogdacondessa.com.br\\\/blog\\\/wp-content\\\/uploads\\\/2024\\\/03\\\/sodio.webp\",\"width\":1170,\"height\":700,\"caption\":\"Foto: T\u00e2nia R\u00eago\\\/Ag\u00eancia Brasil\"},{\"@type\":\"BreadcrumbList\",\"@id\":\"https:\\\/\\\/blogdacondessa.com.br\\\/blog\\\/cidades-2\\\/28-dos-alimentos-industrializados-tem-sodio-em-excesso\\\/#breadcrumb\",\"itemListElement\":[{\"@type\":\"ListItem\",\"position\":1,\"name\":\"In\u00edcio\",\"item\":\"https:\\\/\\\/blogdacondessa.com.br\\\/blog\\\/\"},{\"@type\":\"ListItem\",\"position\":2,\"name\":\"28% dos alimentos industrializados t\u00eam s\u00f3dio em excesso\"}]},{\"@type\":\"WebSite\",\"@id\":\"https:\\\/\\\/blogdacondessa.com.br\\\/blog\\\/#website\",\"url\":\"https:\\\/\\\/blogdacondessa.com.br\\\/blog\\\/\",\"name\":\"Blog da Condessa\",\"description\":\"Com Shirley de Souza O\u2019Campos\",\"potentialAction\":[{\"@type\":\"SearchAction\",\"target\":{\"@type\":\"EntryPoint\",\"urlTemplate\":\"https:\\\/\\\/blogdacondessa.com.br\\\/blog\\\/?s={search_term_string}\"},\"query-input\":{\"@type\":\"PropertyValueSpecification\",\"valueRequired\":true,\"valueName\":\"search_term_string\"}}],\"inLanguage\":\"pt-BR\"},{\"@type\":\"Person\",\"@id\":\"https:\\\/\\\/blogdacondessa.com.br\\\/blog\\\/#\\\/schema\\\/person\\\/1d667ff8b785195b568677489d266035\",\"name\":\"Blog da Condessa\",\"image\":{\"@type\":\"ImageObject\",\"inLanguage\":\"pt-BR\",\"@id\":\"https:\\\/\\\/secure.gravatar.com\\\/avatar\\\/377c0eb8b4ad2bfc25461b41564b5971e721ca34a57642868fc7b0c8ac7b52c5?s=96&d=mm&r=g\",\"url\":\"https:\\\/\\\/secure.gravatar.com\\\/avatar\\\/377c0eb8b4ad2bfc25461b41564b5971e721ca34a57642868fc7b0c8ac7b52c5?s=96&d=mm&r=g\",\"contentUrl\":\"https:\\\/\\\/secure.gravatar.com\\\/avatar\\\/377c0eb8b4ad2bfc25461b41564b5971e721ca34a57642868fc7b0c8ac7b52c5?s=96&d=mm&r=g\",\"caption\":\"Blog da Condessa\"},\"url\":\"https:\\\/\\\/blogdacondessa.com.br\\\/blog\\\/author\\\/beatriz\\\/\"}]}<\/script>\n<!-- \/ Yoast SEO plugin. -->","yoast_head_json":{"title":"28% dos alimentos industrializados t\u00eam s\u00f3dio em excesso &#8902; Blog da Condessa","robots":{"index":"index","follow":"follow","max-snippet":"max-snippet:-1","max-image-preview":"max-image-preview:large","max-video-preview":"max-video-preview:-1"},"canonical":"https:\/\/blogdacondessa.com.br\/blog\/cidades-2\/28-dos-alimentos-industrializados-tem-sodio-em-excesso\/","og_locale":"pt_BR","og_type":"article","og_title":"28% dos alimentos industrializados t\u00eam s\u00f3dio em excesso &#8902; Blog da Condessa","og_description":"Entre as categorias consideradas cr\u00edticas est\u00e3o mu\u00e7arela e requeij\u00e3o. Relat\u00f3rio divulgado pela Ag\u00eancia Nacional de Vigil\u00e2ncia Sanit\u00e1ria (Anvisa) aponta que 28% dos produtos industrializados monitorados por autoridades brasileiras em 2020 e 2021 n\u00e3o atingiram as metas estabelecidas para redu\u00e7\u00e3o de s\u00f3dio. De acordo com a Anvisa, as categorias classificadas como cr\u00edticas s\u00e3o biscoito salgado, bolos [&hellip;]","og_url":"https:\/\/blogdacondessa.com.br\/blog\/cidades-2\/28-dos-alimentos-industrializados-tem-sodio-em-excesso\/","og_site_name":"Blog da Condessa","article_published_time":"2024-03-15T09:00:35+00:00","og_image":[{"width":1170,"height":700,"url":"https:\/\/blogdacondessa.com.br\/blog\/wp-content\/uploads\/2024\/03\/sodio.webp","type":"image\/webp"}],"author":"Blog da Condessa","twitter_card":"summary_large_image","twitter_misc":{"Escrito por":"Blog da Condessa","Est. tempo de leitura":"5 minutos"},"schema":{"@context":"https:\/\/schema.org","@graph":[{"@type":"Article","@id":"https:\/\/blogdacondessa.com.br\/blog\/cidades-2\/28-dos-alimentos-industrializados-tem-sodio-em-excesso\/#article","isPartOf":{"@id":"https:\/\/blogdacondessa.com.br\/blog\/cidades-2\/28-dos-alimentos-industrializados-tem-sodio-em-excesso\/"},"author":{"name":"Blog da Condessa","@id":"https:\/\/blogdacondessa.com.br\/blog\/#\/schema\/person\/1d667ff8b785195b568677489d266035"},"headline":"28% dos alimentos industrializados t\u00eam s\u00f3dio em excesso","datePublished":"2024-03-15T09:00:35+00:00","mainEntityOfPage":{"@id":"https:\/\/blogdacondessa.com.br\/blog\/cidades-2\/28-dos-alimentos-industrializados-tem-sodio-em-excesso\/"},"wordCount":845,"image":{"@id":"https:\/\/blogdacondessa.com.br\/blog\/cidades-2\/28-dos-alimentos-industrializados-tem-sodio-em-excesso\/#primaryimage"},"thumbnailUrl":"https:\/\/blogdacondessa.com.br\/blog\/wp-content\/uploads\/2024\/03\/sodio.webp","articleSection":["Nacional"],"inLanguage":"pt-BR"},{"@type":"WebPage","@id":"https:\/\/blogdacondessa.com.br\/blog\/cidades-2\/28-dos-alimentos-industrializados-tem-sodio-em-excesso\/","url":"https:\/\/blogdacondessa.com.br\/blog\/cidades-2\/28-dos-alimentos-industrializados-tem-sodio-em-excesso\/","name":"28% dos alimentos industrializados t\u00eam s\u00f3dio em excesso &#8902; Blog da Condessa","isPartOf":{"@id":"https:\/\/blogdacondessa.com.br\/blog\/#website"},"primaryImageOfPage":{"@id":"https:\/\/blogdacondessa.com.br\/blog\/cidades-2\/28-dos-alimentos-industrializados-tem-sodio-em-excesso\/#primaryimage"},"image":{"@id":"https:\/\/blogdacondessa.com.br\/blog\/cidades-2\/28-dos-alimentos-industrializados-tem-sodio-em-excesso\/#primaryimage"},"thumbnailUrl":"https:\/\/blogdacondessa.com.br\/blog\/wp-content\/uploads\/2024\/03\/sodio.webp","datePublished":"2024-03-15T09:00:35+00:00","author":{"@id":"https:\/\/blogdacondessa.com.br\/blog\/#\/schema\/person\/1d667ff8b785195b568677489d266035"},"breadcrumb":{"@id":"https:\/\/blogdacondessa.com.br\/blog\/cidades-2\/28-dos-alimentos-industrializados-tem-sodio-em-excesso\/#breadcrumb"},"inLanguage":"pt-BR","potentialAction":[{"@type":"ReadAction","target":["https:\/\/blogdacondessa.com.br\/blog\/cidades-2\/28-dos-alimentos-industrializados-tem-sodio-em-excesso\/"]}]},{"@type":"ImageObject","inLanguage":"pt-BR","@id":"https:\/\/blogdacondessa.com.br\/blog\/cidades-2\/28-dos-alimentos-industrializados-tem-sodio-em-excesso\/#primaryimage","url":"https:\/\/blogdacondessa.com.br\/blog\/wp-content\/uploads\/2024\/03\/sodio.webp","contentUrl":"https:\/\/blogdacondessa.com.br\/blog\/wp-content\/uploads\/2024\/03\/sodio.webp","width":1170,"height":700,"caption":"Foto: T\u00e2nia R\u00eago\/Ag\u00eancia Brasil"},{"@type":"BreadcrumbList","@id":"https:\/\/blogdacondessa.com.br\/blog\/cidades-2\/28-dos-alimentos-industrializados-tem-sodio-em-excesso\/#breadcrumb","itemListElement":[{"@type":"ListItem","position":1,"name":"In\u00edcio","item":"https:\/\/blogdacondessa.com.br\/blog\/"},{"@type":"ListItem","position":2,"name":"28% dos alimentos industrializados t\u00eam s\u00f3dio em excesso"}]},{"@type":"WebSite","@id":"https:\/\/blogdacondessa.com.br\/blog\/#website","url":"https:\/\/blogdacondessa.com.br\/blog\/","name":"Blog da Condessa","description":"Com Shirley de Souza O\u2019Campos","potentialAction":[{"@type":"SearchAction","target":{"@type":"EntryPoint","urlTemplate":"https:\/\/blogdacondessa.com.br\/blog\/?s={search_term_string}"},"query-input":{"@type":"PropertyValueSpecification","valueRequired":true,"valueName":"search_term_string"}}],"inLanguage":"pt-BR"},{"@type":"Person","@id":"https:\/\/blogdacondessa.com.br\/blog\/#\/schema\/person\/1d667ff8b785195b568677489d266035","name":"Blog da Condessa","image":{"@type":"ImageObject","inLanguage":"pt-BR","@id":"https:\/\/secure.gravatar.com\/avatar\/377c0eb8b4ad2bfc25461b41564b5971e721ca34a57642868fc7b0c8ac7b52c5?s=96&d=mm&r=g","url":"https:\/\/secure.gravatar.com\/avatar\/377c0eb8b4ad2bfc25461b41564b5971e721ca34a57642868fc7b0c8ac7b52c5?s=96&d=mm&r=g","contentUrl":"https:\/\/secure.gravatar.com\/avatar\/377c0eb8b4ad2bfc25461b41564b5971e721ca34a57642868fc7b0c8ac7b52c5?s=96&d=mm&r=g","caption":"Blog da Condessa"},"url":"https:\/\/blogdacondessa.com.br\/blog\/author\/beatriz\/"}]}},"_links":{"self":[{"href":"https:\/\/blogdacondessa.com.br\/blog\/wp-json\/wp\/v2\/posts\/9260","targetHints":{"allow":["GET"]}}],"collection":[{"href":"https:\/\/blogdacondessa.com.br\/blog\/wp-json\/wp\/v2\/posts"}],"about":[{"href":"https:\/\/blogdacondessa.com.br\/blog\/wp-json\/wp\/v2\/types\/post"}],"author":[{"embeddable":true,"href":"https:\/\/blogdacondessa.com.br\/blog\/wp-json\/wp\/v2\/users\/2"}],"replies":[{"embeddable":true,"href":"https:\/\/blogdacondessa.com.br\/blog\/wp-json\/wp\/v2\/comments?post=9260"}],"version-history":[{"count":0,"href":"https:\/\/blogdacondessa.com.br\/blog\/wp-json\/wp\/v2\/posts\/9260\/revisions"}],"wp:featuredmedia":[{"embeddable":true,"href":"https:\/\/blogdacondessa.com.br\/blog\/wp-json\/wp\/v2\/media\/9261"}],"wp:attachment":[{"href":"https:\/\/blogdacondessa.com.br\/blog\/wp-json\/wp\/v2\/media?parent=9260"}],"wp:term":[{"taxonomy":"category","embeddable":true,"href":"https:\/\/blogdacondessa.com.br\/blog\/wp-json\/wp\/v2\/categories?post=9260"},{"taxonomy":"post_tag","embeddable":true,"href":"https:\/\/blogdacondessa.com.br\/blog\/wp-json\/wp\/v2\/tags?post=9260"}],"curies":[{"name":"wp","href":"https:\/\/api.w.org\/{rel}","templated":true}]}}