{"id":9257,"date":"2024-03-15T05:00:18","date_gmt":"2024-03-15T09:00:18","guid":{"rendered":"https:\/\/blogdacondessa.com.br\/blog\/?p=9257"},"modified":"2024-03-14T15:48:38","modified_gmt":"2024-03-14T19:48:38","slug":"o-voo-de-tilinha","status":"publish","type":"post","link":"https:\/\/blogdacondessa.com.br\/blog\/cultura\/o-voo-de-tilinha\/","title":{"rendered":"&#8220;O voo de Tilinha&#8221;"},"content":{"rendered":"<p>Lan\u00e7amento da nova obra infantil de Cristina Campos. A nova obra da escritora cuiabana Cristina Campos, &#8220;O voo de Tilinha&#8221;, j\u00e1 tem lan\u00e7amento marcado: o livro ser\u00e1 apresentado ao p\u00fablico infantil neste s\u00e1bado, dia 16 de mar\u00e7o, das 9h \u00e0s 12h, no Museu de Arte Sacra de Mato Grosso (MAS-MT).<br \/>\nLan\u00e7ado pelo selo TantaTinta, do Grupo Carlini &amp; Caniato Editorial, &#8220;O voo de Tilinha\u201d conta a hist\u00f3ria de Tilinha, uma menina curiosa e aventureira que, mesmo com seus h\u00e1bitos alimentares peculiares, embarca em uma viagem inesquec\u00edvel. &#8220;Quando eu era crian\u00e7a, minha m\u00e3e sempre me contava hist\u00f3rias, muitas inventadas por ela. Sempre que me recusava a comer, ela contava a hist\u00f3ria de Tilinha, uma menina que n\u00e3o gostava de comida e foi ficando muito magra, a ponto de n\u00e3o se manter no ch\u00e3o quando ventava\u201d, disse a autora.<br \/>\nCampos conta que o objetivo da obra \u00e9 registrar na escrita um texto para ser lido em voz alta, ou seja, que valoriza a oralidade. &#8220;E estimular as crian\u00e7as a experimentarem novos sabores e texturas de alimentos saud\u00e1veis de modo l\u00fadico e sem dar li\u00e7\u00f5es de moral. O esp\u00edrito da coisa reside em rir da e com a personagem\u201d, contou.<br \/>\nA obra foi viabilizada atrav\u00e9s dos recursos do Edital Estev\u00e3o de Mendon\u00e7a de Literatura Mato-Grossense e Secretaria de Estado de Cultura, Esporte e Lazer de Mato Grosso.<br \/>\nSobre a autora e ilustrador<br \/>\nCristina Campos \u00e9 escritora e pesquisadora com seis livros publicados, entre eles &#8220;Confer\u00eancia no Cerrado&#8221; e &#8220;Papo cabe\u00e7a de crian\u00e7a travessa\u201d. J\u00e1 o ilustrador, Ric Milk, \u00e9 designer gr\u00e1fico, ilustrador, animador 2D e autor de quadrinhos, com trabalhos premiados e publicados em revistas internacionais.<br \/>\nOnde adquirir<br \/>\n&#8220;O voo de Tilinha\u201d j\u00e1 est\u00e1 dispon\u00edvel no site da editora, com entrega para o Brasil inteiro. Para adquirir um exemplar, basta acessar: https:\/\/tantatinta.com.br\/livro\/o-voo-de-tilinha\/<br \/>\nServi\u00e7o<br \/>\nLan\u00e7amento do livro &#8220;O voo de Tilinha\u201d<br \/>\nData: 16 de mar\u00e7o<br \/>\nHora: das 9 \u00e0s 12 horas<br \/>\nLocal: Museu de Arte Sacra de Mato Grosso (MAS-MT)<\/p>\n","protected":false},"excerpt":{"rendered":"<p>Lan\u00e7amento da nova obra infantil de Cristina Campos. A nova obra da escritora cuiabana Cristina Campos, &#8220;O voo de Tilinha&#8221;, j\u00e1 tem lan\u00e7amento marcado: o livro ser\u00e1 apresentado ao p\u00fablico infantil neste s\u00e1bado, dia 16 de mar\u00e7o, das 9h \u00e0s 12h, no Museu de Arte Sacra de Mato Grosso (MAS-MT). Lan\u00e7ado pelo selo TantaTinta, do [&hellip;]<\/p>\n","protected":false},"author":2,"featured_media":9258,"comment_status":"closed","ping_status":"closed","sticky":false,"template":"","format":"standard","meta":{"iawp_total_views":9,"footnotes":""},"categories":[18],"tags":[],"class_list":["post-9257","post","type-post","status-publish","format-standard","has-post-thumbnail","hentry","category-cultura"],"yoast_head":"<!-- This site is optimized with the Yoast SEO plugin v27.3 - https:\/\/yoast.com\/product\/yoast-seo-wordpress\/ -->\n<title>&quot;O voo de Tilinha&quot; &#8902; Blog da Condessa<\/title>\n<meta name=\"robots\" content=\"index, follow, max-snippet:-1, max-image-preview:large, max-video-preview:-1\" \/>\n<link rel=\"canonical\" href=\"https:\/\/blogdacondessa.com.br\/blog\/cultura\/o-voo-de-tilinha\/\" \/>\n<meta property=\"og:locale\" content=\"pt_BR\" \/>\n<meta property=\"og:type\" content=\"article\" \/>\n<meta property=\"og:title\" content=\"&quot;O voo de Tilinha&quot; &#8902; Blog da Condessa\" \/>\n<meta property=\"og:description\" content=\"Lan\u00e7amento da nova obra infantil de Cristina Campos. A nova obra da escritora cuiabana Cristina Campos, &#8220;O voo de Tilinha&#8221;, j\u00e1 tem lan\u00e7amento marcado: o livro ser\u00e1 apresentado ao p\u00fablico infantil neste s\u00e1bado, dia 16 de mar\u00e7o, das 9h \u00e0s 12h, no Museu de Arte Sacra de Mato Grosso (MAS-MT). Lan\u00e7ado pelo selo TantaTinta, do [&hellip;]\" \/>\n<meta property=\"og:url\" content=\"https:\/\/blogdacondessa.com.br\/blog\/cultura\/o-voo-de-tilinha\/\" \/>\n<meta property=\"og:site_name\" content=\"Blog da Condessa\" \/>\n<meta property=\"article:published_time\" content=\"2024-03-15T09:00:18+00:00\" \/>\n<meta property=\"og:image\" content=\"https:\/\/blogdacondessa.com.br\/blog\/wp-content\/uploads\/2024\/03\/cristina-campos-scaled.jpg\" \/>\n\t<meta property=\"og:image:width\" content=\"1810\" \/>\n\t<meta property=\"og:image:height\" content=\"2560\" \/>\n\t<meta property=\"og:image:type\" content=\"image\/jpeg\" \/>\n<meta name=\"author\" content=\"Blog da Condessa\" \/>\n<meta name=\"twitter:card\" content=\"summary_large_image\" \/>\n<meta name=\"twitter:label1\" content=\"Escrito por\" \/>\n\t<meta name=\"twitter:data1\" content=\"Blog da Condessa\" \/>\n\t<meta name=\"twitter:label2\" content=\"Est. tempo de leitura\" \/>\n\t<meta name=\"twitter:data2\" content=\"2 minutos\" \/>\n<script type=\"application\/ld+json\" class=\"yoast-schema-graph\">{\"@context\":\"https:\\\/\\\/schema.org\",\"@graph\":[{\"@type\":\"Article\",\"@id\":\"https:\\\/\\\/blogdacondessa.com.br\\\/blog\\\/cultura\\\/o-voo-de-tilinha\\\/#article\",\"isPartOf\":{\"@id\":\"https:\\\/\\\/blogdacondessa.com.br\\\/blog\\\/cultura\\\/o-voo-de-tilinha\\\/\"},\"author\":{\"name\":\"Blog da Condessa\",\"@id\":\"https:\\\/\\\/blogdacondessa.com.br\\\/blog\\\/#\\\/schema\\\/person\\\/1d667ff8b785195b568677489d266035\"},\"headline\":\"&#8220;O voo de Tilinha&#8221;\",\"datePublished\":\"2024-03-15T09:00:18+00:00\",\"mainEntityOfPage\":{\"@id\":\"https:\\\/\\\/blogdacondessa.com.br\\\/blog\\\/cultura\\\/o-voo-de-tilinha\\\/\"},\"wordCount\":360,\"image\":{\"@id\":\"https:\\\/\\\/blogdacondessa.com.br\\\/blog\\\/cultura\\\/o-voo-de-tilinha\\\/#primaryimage\"},\"thumbnailUrl\":\"https:\\\/\\\/blogdacondessa.com.br\\\/blog\\\/wp-content\\\/uploads\\\/2024\\\/03\\\/cristina-campos-scaled.jpg\",\"articleSection\":[\"Cultura\"],\"inLanguage\":\"pt-BR\"},{\"@type\":\"WebPage\",\"@id\":\"https:\\\/\\\/blogdacondessa.com.br\\\/blog\\\/cultura\\\/o-voo-de-tilinha\\\/\",\"url\":\"https:\\\/\\\/blogdacondessa.com.br\\\/blog\\\/cultura\\\/o-voo-de-tilinha\\\/\",\"name\":\"\\\"O voo de Tilinha\\\" &#8902; Blog da Condessa\",\"isPartOf\":{\"@id\":\"https:\\\/\\\/blogdacondessa.com.br\\\/blog\\\/#website\"},\"primaryImageOfPage\":{\"@id\":\"https:\\\/\\\/blogdacondessa.com.br\\\/blog\\\/cultura\\\/o-voo-de-tilinha\\\/#primaryimage\"},\"image\":{\"@id\":\"https:\\\/\\\/blogdacondessa.com.br\\\/blog\\\/cultura\\\/o-voo-de-tilinha\\\/#primaryimage\"},\"thumbnailUrl\":\"https:\\\/\\\/blogdacondessa.com.br\\\/blog\\\/wp-content\\\/uploads\\\/2024\\\/03\\\/cristina-campos-scaled.jpg\",\"datePublished\":\"2024-03-15T09:00:18+00:00\",\"author\":{\"@id\":\"https:\\\/\\\/blogdacondessa.com.br\\\/blog\\\/#\\\/schema\\\/person\\\/1d667ff8b785195b568677489d266035\"},\"breadcrumb\":{\"@id\":\"https:\\\/\\\/blogdacondessa.com.br\\\/blog\\\/cultura\\\/o-voo-de-tilinha\\\/#breadcrumb\"},\"inLanguage\":\"pt-BR\",\"potentialAction\":[{\"@type\":\"ReadAction\",\"target\":[\"https:\\\/\\\/blogdacondessa.com.br\\\/blog\\\/cultura\\\/o-voo-de-tilinha\\\/\"]}]},{\"@type\":\"ImageObject\",\"inLanguage\":\"pt-BR\",\"@id\":\"https:\\\/\\\/blogdacondessa.com.br\\\/blog\\\/cultura\\\/o-voo-de-tilinha\\\/#primaryimage\",\"url\":\"https:\\\/\\\/blogdacondessa.com.br\\\/blog\\\/wp-content\\\/uploads\\\/2024\\\/03\\\/cristina-campos-scaled.jpg\",\"contentUrl\":\"https:\\\/\\\/blogdacondessa.com.br\\\/blog\\\/wp-content\\\/uploads\\\/2024\\\/03\\\/cristina-campos-scaled.jpg\",\"width\":1810,\"height\":2560},{\"@type\":\"BreadcrumbList\",\"@id\":\"https:\\\/\\\/blogdacondessa.com.br\\\/blog\\\/cultura\\\/o-voo-de-tilinha\\\/#breadcrumb\",\"itemListElement\":[{\"@type\":\"ListItem\",\"position\":1,\"name\":\"In\u00edcio\",\"item\":\"https:\\\/\\\/blogdacondessa.com.br\\\/blog\\\/\"},{\"@type\":\"ListItem\",\"position\":2,\"name\":\"&#8220;O voo de Tilinha&#8221;\"}]},{\"@type\":\"WebSite\",\"@id\":\"https:\\\/\\\/blogdacondessa.com.br\\\/blog\\\/#website\",\"url\":\"https:\\\/\\\/blogdacondessa.com.br\\\/blog\\\/\",\"name\":\"Blog da Condessa\",\"description\":\"Com Shirley de Souza O\u2019Campos\",\"potentialAction\":[{\"@type\":\"SearchAction\",\"target\":{\"@type\":\"EntryPoint\",\"urlTemplate\":\"https:\\\/\\\/blogdacondessa.com.br\\\/blog\\\/?s={search_term_string}\"},\"query-input\":{\"@type\":\"PropertyValueSpecification\",\"valueRequired\":true,\"valueName\":\"search_term_string\"}}],\"inLanguage\":\"pt-BR\"},{\"@type\":\"Person\",\"@id\":\"https:\\\/\\\/blogdacondessa.com.br\\\/blog\\\/#\\\/schema\\\/person\\\/1d667ff8b785195b568677489d266035\",\"name\":\"Blog da Condessa\",\"image\":{\"@type\":\"ImageObject\",\"inLanguage\":\"pt-BR\",\"@id\":\"https:\\\/\\\/secure.gravatar.com\\\/avatar\\\/377c0eb8b4ad2bfc25461b41564b5971e721ca34a57642868fc7b0c8ac7b52c5?s=96&d=mm&r=g\",\"url\":\"https:\\\/\\\/secure.gravatar.com\\\/avatar\\\/377c0eb8b4ad2bfc25461b41564b5971e721ca34a57642868fc7b0c8ac7b52c5?s=96&d=mm&r=g\",\"contentUrl\":\"https:\\\/\\\/secure.gravatar.com\\\/avatar\\\/377c0eb8b4ad2bfc25461b41564b5971e721ca34a57642868fc7b0c8ac7b52c5?s=96&d=mm&r=g\",\"caption\":\"Blog da Condessa\"},\"url\":\"https:\\\/\\\/blogdacondessa.com.br\\\/blog\\\/author\\\/beatriz\\\/\"}]}<\/script>\n<!-- \/ Yoast SEO plugin. -->","yoast_head_json":{"title":"\"O voo de Tilinha\" &#8902; Blog da Condessa","robots":{"index":"index","follow":"follow","max-snippet":"max-snippet:-1","max-image-preview":"max-image-preview:large","max-video-preview":"max-video-preview:-1"},"canonical":"https:\/\/blogdacondessa.com.br\/blog\/cultura\/o-voo-de-tilinha\/","og_locale":"pt_BR","og_type":"article","og_title":"\"O voo de Tilinha\" &#8902; Blog da Condessa","og_description":"Lan\u00e7amento da nova obra infantil de Cristina Campos. A nova obra da escritora cuiabana Cristina Campos, &#8220;O voo de Tilinha&#8221;, j\u00e1 tem lan\u00e7amento marcado: o livro ser\u00e1 apresentado ao p\u00fablico infantil neste s\u00e1bado, dia 16 de mar\u00e7o, das 9h \u00e0s 12h, no Museu de Arte Sacra de Mato Grosso (MAS-MT). Lan\u00e7ado pelo selo TantaTinta, do [&hellip;]","og_url":"https:\/\/blogdacondessa.com.br\/blog\/cultura\/o-voo-de-tilinha\/","og_site_name":"Blog da Condessa","article_published_time":"2024-03-15T09:00:18+00:00","og_image":[{"width":1810,"height":2560,"url":"https:\/\/blogdacondessa.com.br\/blog\/wp-content\/uploads\/2024\/03\/cristina-campos-scaled.jpg","type":"image\/jpeg"}],"author":"Blog da Condessa","twitter_card":"summary_large_image","twitter_misc":{"Escrito por":"Blog da Condessa","Est. tempo de leitura":"2 minutos"},"schema":{"@context":"https:\/\/schema.org","@graph":[{"@type":"Article","@id":"https:\/\/blogdacondessa.com.br\/blog\/cultura\/o-voo-de-tilinha\/#article","isPartOf":{"@id":"https:\/\/blogdacondessa.com.br\/blog\/cultura\/o-voo-de-tilinha\/"},"author":{"name":"Blog da Condessa","@id":"https:\/\/blogdacondessa.com.br\/blog\/#\/schema\/person\/1d667ff8b785195b568677489d266035"},"headline":"&#8220;O voo de Tilinha&#8221;","datePublished":"2024-03-15T09:00:18+00:00","mainEntityOfPage":{"@id":"https:\/\/blogdacondessa.com.br\/blog\/cultura\/o-voo-de-tilinha\/"},"wordCount":360,"image":{"@id":"https:\/\/blogdacondessa.com.br\/blog\/cultura\/o-voo-de-tilinha\/#primaryimage"},"thumbnailUrl":"https:\/\/blogdacondessa.com.br\/blog\/wp-content\/uploads\/2024\/03\/cristina-campos-scaled.jpg","articleSection":["Cultura"],"inLanguage":"pt-BR"},{"@type":"WebPage","@id":"https:\/\/blogdacondessa.com.br\/blog\/cultura\/o-voo-de-tilinha\/","url":"https:\/\/blogdacondessa.com.br\/blog\/cultura\/o-voo-de-tilinha\/","name":"\"O voo de Tilinha\" &#8902; Blog da Condessa","isPartOf":{"@id":"https:\/\/blogdacondessa.com.br\/blog\/#website"},"primaryImageOfPage":{"@id":"https:\/\/blogdacondessa.com.br\/blog\/cultura\/o-voo-de-tilinha\/#primaryimage"},"image":{"@id":"https:\/\/blogdacondessa.com.br\/blog\/cultura\/o-voo-de-tilinha\/#primaryimage"},"thumbnailUrl":"https:\/\/blogdacondessa.com.br\/blog\/wp-content\/uploads\/2024\/03\/cristina-campos-scaled.jpg","datePublished":"2024-03-15T09:00:18+00:00","author":{"@id":"https:\/\/blogdacondessa.com.br\/blog\/#\/schema\/person\/1d667ff8b785195b568677489d266035"},"breadcrumb":{"@id":"https:\/\/blogdacondessa.com.br\/blog\/cultura\/o-voo-de-tilinha\/#breadcrumb"},"inLanguage":"pt-BR","potentialAction":[{"@type":"ReadAction","target":["https:\/\/blogdacondessa.com.br\/blog\/cultura\/o-voo-de-tilinha\/"]}]},{"@type":"ImageObject","inLanguage":"pt-BR","@id":"https:\/\/blogdacondessa.com.br\/blog\/cultura\/o-voo-de-tilinha\/#primaryimage","url":"https:\/\/blogdacondessa.com.br\/blog\/wp-content\/uploads\/2024\/03\/cristina-campos-scaled.jpg","contentUrl":"https:\/\/blogdacondessa.com.br\/blog\/wp-content\/uploads\/2024\/03\/cristina-campos-scaled.jpg","width":1810,"height":2560},{"@type":"BreadcrumbList","@id":"https:\/\/blogdacondessa.com.br\/blog\/cultura\/o-voo-de-tilinha\/#breadcrumb","itemListElement":[{"@type":"ListItem","position":1,"name":"In\u00edcio","item":"https:\/\/blogdacondessa.com.br\/blog\/"},{"@type":"ListItem","position":2,"name":"&#8220;O voo de Tilinha&#8221;"}]},{"@type":"WebSite","@id":"https:\/\/blogdacondessa.com.br\/blog\/#website","url":"https:\/\/blogdacondessa.com.br\/blog\/","name":"Blog da Condessa","description":"Com Shirley de Souza O\u2019Campos","potentialAction":[{"@type":"SearchAction","target":{"@type":"EntryPoint","urlTemplate":"https:\/\/blogdacondessa.com.br\/blog\/?s={search_term_string}"},"query-input":{"@type":"PropertyValueSpecification","valueRequired":true,"valueName":"search_term_string"}}],"inLanguage":"pt-BR"},{"@type":"Person","@id":"https:\/\/blogdacondessa.com.br\/blog\/#\/schema\/person\/1d667ff8b785195b568677489d266035","name":"Blog da Condessa","image":{"@type":"ImageObject","inLanguage":"pt-BR","@id":"https:\/\/secure.gravatar.com\/avatar\/377c0eb8b4ad2bfc25461b41564b5971e721ca34a57642868fc7b0c8ac7b52c5?s=96&d=mm&r=g","url":"https:\/\/secure.gravatar.com\/avatar\/377c0eb8b4ad2bfc25461b41564b5971e721ca34a57642868fc7b0c8ac7b52c5?s=96&d=mm&r=g","contentUrl":"https:\/\/secure.gravatar.com\/avatar\/377c0eb8b4ad2bfc25461b41564b5971e721ca34a57642868fc7b0c8ac7b52c5?s=96&d=mm&r=g","caption":"Blog da Condessa"},"url":"https:\/\/blogdacondessa.com.br\/blog\/author\/beatriz\/"}]}},"_links":{"self":[{"href":"https:\/\/blogdacondessa.com.br\/blog\/wp-json\/wp\/v2\/posts\/9257","targetHints":{"allow":["GET"]}}],"collection":[{"href":"https:\/\/blogdacondessa.com.br\/blog\/wp-json\/wp\/v2\/posts"}],"about":[{"href":"https:\/\/blogdacondessa.com.br\/blog\/wp-json\/wp\/v2\/types\/post"}],"author":[{"embeddable":true,"href":"https:\/\/blogdacondessa.com.br\/blog\/wp-json\/wp\/v2\/users\/2"}],"replies":[{"embeddable":true,"href":"https:\/\/blogdacondessa.com.br\/blog\/wp-json\/wp\/v2\/comments?post=9257"}],"version-history":[{"count":0,"href":"https:\/\/blogdacondessa.com.br\/blog\/wp-json\/wp\/v2\/posts\/9257\/revisions"}],"wp:featuredmedia":[{"embeddable":true,"href":"https:\/\/blogdacondessa.com.br\/blog\/wp-json\/wp\/v2\/media\/9258"}],"wp:attachment":[{"href":"https:\/\/blogdacondessa.com.br\/blog\/wp-json\/wp\/v2\/media?parent=9257"}],"wp:term":[{"taxonomy":"category","embeddable":true,"href":"https:\/\/blogdacondessa.com.br\/blog\/wp-json\/wp\/v2\/categories?post=9257"},{"taxonomy":"post_tag","embeddable":true,"href":"https:\/\/blogdacondessa.com.br\/blog\/wp-json\/wp\/v2\/tags?post=9257"}],"curies":[{"name":"wp","href":"https:\/\/api.w.org\/{rel}","templated":true}]}}