{"id":9116,"date":"2024-02-21T05:00:30","date_gmt":"2024-02-21T09:00:30","guid":{"rendered":"https:\/\/blogdacondessa.com.br\/blog\/?p=9116"},"modified":"2024-02-20T22:10:03","modified_gmt":"2024-02-21T02:10:03","slug":"caminhos-de-santana","status":"publish","type":"post","link":"https:\/\/blogdacondessa.com.br\/blog\/blog-2\/caminhos-de-santana\/","title":{"rendered":"\u201cCaminhos de Santana\u201d"},"content":{"rendered":"<p>T\u00e9cnicos da Empaer e Seaf fazem trilha religiosa do s\u00e9culo 18 para identificar potencial de turismo rural. Objetivo \u00e9 auxiliar produtores familiares a gerarem renda com o Caminho de Santana<br \/>\nEquipes da Empresa Mato-grossense de Pesquisa, Assist\u00eancia e Extens\u00e3o Rural (Empaer) e da Secretaria de Estado de Agricultura Familiar (Seaf) fizeram uma visita t\u00e9cnica \u00e0 trilha ecotur\u00edstica, hist\u00f3rica, cultural e religiosa \u201cCaminhos de Santana\u201d, em Cuiab\u00e1 e Chapada dos Guimar\u00e3es, na \u00faltima sexta-feira (16.02) a fim de identificar propriedades da agricultura familiar com potencial de inclus\u00e3o na trilha tur\u00edstica, em busca de desenvolver o turismo rural.<br \/>\nPara o diretor de Assist\u00eancia T\u00e9cnica e Extens\u00e3o Rural (Ater) da Empaer, Glieber Henriques Beliene, a trilha oferece uma experi\u00eancia \u00fanica de imers\u00e3o na natureza, exerc\u00edcio f\u00edsico e contato com a cultura local. Al\u00e9m disso, oportuniza a pr\u00e1tica de ecoturismo respons\u00e1vel e fortalece o turismo sustent\u00e1vel em \u00e1reas rurais.<br \/>\n\u201cO papel da Empaer no projeto \u00e9 identificar as potencialidades das propriedades que est\u00e3o no caminho do roteiro, consolid\u00e1-las como produtos e auxiliar os produtores a gerarem renda no seu empreendimento\u201d, destacou.<br \/>\nOs agricultores familiares e moradores nas comunidades tradicionais poder\u00e3o oferecer aos visitantes caf\u00e9 da manh\u00e3, refei\u00e7\u00f5es e realizar exposi\u00e7\u00e3o e venda de produtos transformados, de origem animal (queijo, requeij\u00e3o, manteiga, doces de leite, embutidos, etc.) e de origem vegetal (doces, conservas, p\u00e3es), artesanato e manifesta\u00e7\u00f5es culturais, al\u00e9m de artesanato que alguns j\u00e1 produzem, como \u00e9 o caso do Romoaldo Paes da Silva, que vive na propriedade rural com a esposa, Iraci Guimar\u00e3es da Silva.<br \/>\nEle produz pe\u00e7as em madeira e, com o roteiro consolidado, a visita de turistas ser\u00e1 mais frequente, o que deve contribuir com as vendas das artes. \u201cQuando recebemos pessoas aqui, vendo pelo menos uma pe\u00e7a em casa visita. Esse dinheiro j\u00e1 ajuda na renda que hoje vem da aposentadoria\u201d, afirmou.<br \/>\nO casal produz mandioca para subsist\u00eancia e tem o sonho de ver os filhos voltarem a viver na comunidade. \u201cEsse projeto ir\u00e1 trazer novas oportunidades e com trabalho e renda meus filhos que sa\u00edram para trabalhar podem voltar. Esse \u00e9 meu maior sonho\u201d, contou Iraci.<br \/>\nA ideia do Instituto INCA (Inclus\u00e3o, Cidadania e A\u00e7\u00e3o) \u00e9 retomar o antigo roteiro do \u201cCaminho de Santana\u201d, localizado entre as unidades de conserva\u00e7\u00e3o ambiental das Cabeceiras do Rio Cuiab\u00e1 e Parque Nacional de Chapada dos Guimar\u00e3es.<br \/>\nPara a visita t\u00e9cnica, o grupo partiu da Comunidade Rio dos M\u00e9dicos, em Cuiab\u00e1, e seguiu at\u00e9 o munic\u00edpio de Chapada dos Guimar\u00e3es, num percurso de 6 km. S\u00e3o 4 horas de caminhada com dificuldade moderada a partir da Trilha Top de Fita at\u00e9 a Pousada do Parque.<br \/>\nNa recep\u00e7\u00e3o, a presidente da Associa\u00e7\u00e3o dos Moradores da Comunidade Rio dos M\u00e9dicos, Ant\u00f4nia Gomes, contou que o objetivo \u00e9 montar uma horta comunit\u00e1ria e que para isso contar\u00e1 com o apoio da Empaer. \u201cMuitos moradores est\u00e3o de acordo e ser\u00e1 mais uma atividade desenvolvida no coletivo\u201d, frisou.<br \/>\nDe acordo com o t\u00e9cnico da Empaer e especialista no segmento, Geraldo Donizete Lucio, o turismo rural \u00e9 uma modalidade de turismo que tem como objetivo oferecer experi\u00eancias aut\u00eanticas e imersivas em ambientes rurais. \u201c\u00c9 uma oportunidade para os turistas conhecerem a cultura local, a gastronomia t\u00edpica e a vida no campo\u201d.<br \/>\nAs atividades que podem ser oferecidas incluem passeios a cavalo, visitas a fazendas e s\u00edtios, degusta\u00e7\u00f5es de produtos locais e trilhas ecol\u00f3gicas. \u201cAs trilhas s\u00e3o uma das principais atra\u00e7\u00f5es do turismo rural, pois permitem aos visitantes entrar em contato direto com a natureza e conhecer as belezas naturais da regi\u00e3o\u201d, pontuou o t\u00e9cnico.<br \/>\nPara o engenheiro sanitarista da Seaf, Aurilineu Tizot, o projeto ajuda a criar formas de otimizar a atra\u00e7\u00e3o de investimentos p\u00fablicos e privados em infraestrutura para a revitaliza\u00e7\u00e3o econ\u00f4mica e social das comunidades que fazem parte do roteiro.<br \/>\n\u201cNosso trabalho \u00e9 observar e oportunizar para os que trabalham com o segmento mais oportunidades de desenvolver regi\u00f5es inteiras, aumentar o senso de pertencimento a valoriza\u00e7\u00e3o cultural e, al\u00e9m do mais, poderemos brindar os turistas com melhores experi\u00eancias de lazer\u201d, afirmou.<br \/>\nTamb\u00e9m participaram da visita t\u00e9cnica a assessora da Seaf Aline Emanuelle Rosendo, al\u00e9m de representantes da Secretaria de Estado de Meio Ambiente (Sema), da Secretaria de Estado de Cultura, Esporte e Lazer (Secel) e moradores locais. Parte da equipe aproveitou a oportunidade para identificar os pontos de parada no percurso da trilha. Estrat\u00e9gia ajuda os participantes a recuperarem o folego, beber \u00e1gua, comer uma fruta, entre outros.<br \/>\nNo per\u00edodo da tarde, o grupo ainda conheceu a produ\u00e7\u00e3o de cana de a\u00e7\u00facar que resulta no melado e na cacha\u00e7a do produtor Marcos Sguarezi. Na oportunidade, ele explicou sobre a hist\u00f3ria da propriedade e os desafios do mercado.<br \/>\n<strong>Projeto Caminhos de Santana<\/strong><br \/>\nA finalidade do projeto \u201cCaminhos de Santana\u201d \u00e9 resgatar a viagem de Nossa Senhora de Santana do Sacramento, padroeira de Chapada dos Guimar\u00e3es, realizada em 1779, do Porto Geral de Cuiab\u00e1 at\u00e9 a Igreja de Santana na cidade de Chapada. Al\u00e9m da cultura e hist\u00f3ria, a ideia \u00e9 preservar a beleza ambiental e promover o turismo e a economia criativa.<br \/>\nPara que isso aconte\u00e7a, est\u00e1 sendo realizado o estudo de viabilidade t\u00e9cnica, econ\u00f4mica, ambiental e social, em um circuito de caminhada de longa dist\u00e2ncia na natureza, com destaque na pr\u00e1tica de esportes n\u00e3o competitivo, lazer, cultura e de peregrina\u00e7\u00e3o, com intera\u00e7\u00e3o entre as comunidades locais envolvidas e comercializa\u00e7\u00e3o direta do agricultor familiar.<br \/>\nAinda, colocar\u00e1 \u00e0 disposi\u00e7\u00e3o de fi\u00e9is refazer a trilha percorrida no s\u00e9culo 18, em pleno Mato Grosso, no centro geod\u00e9sico da Am\u00e9rica do Sul, com a imagem de Santana na igreja chapadense. Semelhante ao Caminho de Santiago de Compostela, uma rota milenar de peregrina\u00e7\u00e3o, localizada na Europa. Seria uma trilha cultural e religiosa, com sustentabilidade.<br \/>\nO projeto Caminhos de Santana foi idealizado pela Associa\u00e7\u00e3o da Regi\u00e3o Tur\u00edstica de Cuiab\u00e1 e V\u00e1rzea Grande (Astur-MT) e conta com a realiza\u00e7\u00e3o do Instituto INCA-Inclus\u00e3o, Cidadania e A\u00e7\u00e3o, por meio de emenda parlamentar impositiva, via Secel. Tamb\u00e9m parcerias da Federa\u00e7\u00e3o do Com\u00e9rcio de Bens, Servi\u00e7os e Turismo do Estado de Mato Grosso (Fecom\u00e9rcio-MT), Empaer, Comunidade Rio dos M\u00e9dicos, Icthus Solu\u00e7\u00f5es em Turismo Ltda.<\/p>\n<p>&nbsp;<\/p>\n","protected":false},"excerpt":{"rendered":"<p>T\u00e9cnicos da Empaer e Seaf fazem trilha religiosa do s\u00e9culo 18 para identificar potencial de turismo rural. Objetivo \u00e9 auxiliar produtores familiares a gerarem renda com o Caminho de Santana Equipes da Empresa Mato-grossense de Pesquisa, Assist\u00eancia e Extens\u00e3o Rural (Empaer) e da Secretaria de Estado de Agricultura Familiar (Seaf) fizeram uma visita t\u00e9cnica \u00e0 [&hellip;]<\/p>\n","protected":false},"author":2,"featured_media":9117,"comment_status":"closed","ping_status":"closed","sticky":false,"template":"","format":"standard","meta":{"iawp_total_views":5,"footnotes":""},"categories":[14],"tags":[],"class_list":["post-9116","post","type-post","status-publish","format-standard","has-post-thumbnail","hentry","category-blog-2"],"yoast_head":"<!-- This site is optimized with the Yoast SEO plugin v27.3 - https:\/\/yoast.com\/product\/yoast-seo-wordpress\/ -->\n<title>\u201cCaminhos de Santana\u201d &#8902; Blog da Condessa<\/title>\n<meta name=\"robots\" content=\"index, follow, max-snippet:-1, max-image-preview:large, max-video-preview:-1\" \/>\n<link rel=\"canonical\" href=\"https:\/\/blogdacondessa.com.br\/blog\/blog-2\/caminhos-de-santana\/\" \/>\n<meta property=\"og:locale\" content=\"pt_BR\" \/>\n<meta property=\"og:type\" content=\"article\" \/>\n<meta property=\"og:title\" content=\"\u201cCaminhos de Santana\u201d &#8902; Blog da Condessa\" \/>\n<meta property=\"og:description\" content=\"T\u00e9cnicos da Empaer e Seaf fazem trilha religiosa do s\u00e9culo 18 para identificar potencial de turismo rural. Objetivo \u00e9 auxiliar produtores familiares a gerarem renda com o Caminho de Santana Equipes da Empresa Mato-grossense de Pesquisa, Assist\u00eancia e Extens\u00e3o Rural (Empaer) e da Secretaria de Estado de Agricultura Familiar (Seaf) fizeram uma visita t\u00e9cnica \u00e0 [&hellip;]\" \/>\n<meta property=\"og:url\" content=\"https:\/\/blogdacondessa.com.br\/blog\/blog-2\/caminhos-de-santana\/\" \/>\n<meta property=\"og:site_name\" content=\"Blog da Condessa\" \/>\n<meta property=\"article:published_time\" content=\"2024-02-21T09:00:30+00:00\" \/>\n<meta property=\"og:image\" content=\"https:\/\/blogdacondessa.com.br\/blog\/wp-content\/uploads\/2024\/02\/caminhos-de-santana-2.jpeg\" \/>\n\t<meta property=\"og:image:width\" content=\"1600\" \/>\n\t<meta property=\"og:image:height\" content=\"900\" \/>\n\t<meta property=\"og:image:type\" content=\"image\/jpeg\" \/>\n<meta name=\"author\" content=\"Blog da Condessa\" \/>\n<meta name=\"twitter:card\" content=\"summary_large_image\" \/>\n<meta name=\"twitter:label1\" content=\"Escrito por\" \/>\n\t<meta name=\"twitter:data1\" content=\"Blog da Condessa\" \/>\n\t<meta name=\"twitter:label2\" content=\"Est. tempo de leitura\" \/>\n\t<meta name=\"twitter:data2\" content=\"6 minutos\" \/>\n<script type=\"application\/ld+json\" class=\"yoast-schema-graph\">{\"@context\":\"https:\\\/\\\/schema.org\",\"@graph\":[{\"@type\":\"Article\",\"@id\":\"https:\\\/\\\/blogdacondessa.com.br\\\/blog\\\/blog-2\\\/caminhos-de-santana\\\/#article\",\"isPartOf\":{\"@id\":\"https:\\\/\\\/blogdacondessa.com.br\\\/blog\\\/blog-2\\\/caminhos-de-santana\\\/\"},\"author\":{\"name\":\"Blog da Condessa\",\"@id\":\"https:\\\/\\\/blogdacondessa.com.br\\\/blog\\\/#\\\/schema\\\/person\\\/1d667ff8b785195b568677489d266035\"},\"headline\":\"\u201cCaminhos de Santana\u201d\",\"datePublished\":\"2024-02-21T09:00:30+00:00\",\"mainEntityOfPage\":{\"@id\":\"https:\\\/\\\/blogdacondessa.com.br\\\/blog\\\/blog-2\\\/caminhos-de-santana\\\/\"},\"wordCount\":1099,\"image\":{\"@id\":\"https:\\\/\\\/blogdacondessa.com.br\\\/blog\\\/blog-2\\\/caminhos-de-santana\\\/#primaryimage\"},\"thumbnailUrl\":\"https:\\\/\\\/blogdacondessa.com.br\\\/blog\\\/wp-content\\\/uploads\\\/2024\\\/02\\\/caminhos-de-santana-2.jpeg\",\"articleSection\":[\"Turismo\"],\"inLanguage\":\"pt-BR\"},{\"@type\":\"WebPage\",\"@id\":\"https:\\\/\\\/blogdacondessa.com.br\\\/blog\\\/blog-2\\\/caminhos-de-santana\\\/\",\"url\":\"https:\\\/\\\/blogdacondessa.com.br\\\/blog\\\/blog-2\\\/caminhos-de-santana\\\/\",\"name\":\"\u201cCaminhos de Santana\u201d &#8902; Blog da Condessa\",\"isPartOf\":{\"@id\":\"https:\\\/\\\/blogdacondessa.com.br\\\/blog\\\/#website\"},\"primaryImageOfPage\":{\"@id\":\"https:\\\/\\\/blogdacondessa.com.br\\\/blog\\\/blog-2\\\/caminhos-de-santana\\\/#primaryimage\"},\"image\":{\"@id\":\"https:\\\/\\\/blogdacondessa.com.br\\\/blog\\\/blog-2\\\/caminhos-de-santana\\\/#primaryimage\"},\"thumbnailUrl\":\"https:\\\/\\\/blogdacondessa.com.br\\\/blog\\\/wp-content\\\/uploads\\\/2024\\\/02\\\/caminhos-de-santana-2.jpeg\",\"datePublished\":\"2024-02-21T09:00:30+00:00\",\"author\":{\"@id\":\"https:\\\/\\\/blogdacondessa.com.br\\\/blog\\\/#\\\/schema\\\/person\\\/1d667ff8b785195b568677489d266035\"},\"breadcrumb\":{\"@id\":\"https:\\\/\\\/blogdacondessa.com.br\\\/blog\\\/blog-2\\\/caminhos-de-santana\\\/#breadcrumb\"},\"inLanguage\":\"pt-BR\",\"potentialAction\":[{\"@type\":\"ReadAction\",\"target\":[\"https:\\\/\\\/blogdacondessa.com.br\\\/blog\\\/blog-2\\\/caminhos-de-santana\\\/\"]}]},{\"@type\":\"ImageObject\",\"inLanguage\":\"pt-BR\",\"@id\":\"https:\\\/\\\/blogdacondessa.com.br\\\/blog\\\/blog-2\\\/caminhos-de-santana\\\/#primaryimage\",\"url\":\"https:\\\/\\\/blogdacondessa.com.br\\\/blog\\\/wp-content\\\/uploads\\\/2024\\\/02\\\/caminhos-de-santana-2.jpeg\",\"contentUrl\":\"https:\\\/\\\/blogdacondessa.com.br\\\/blog\\\/wp-content\\\/uploads\\\/2024\\\/02\\\/caminhos-de-santana-2.jpeg\",\"width\":1600,\"height\":900,\"caption\":\"Foto: Marcelo Okamura\"},{\"@type\":\"BreadcrumbList\",\"@id\":\"https:\\\/\\\/blogdacondessa.com.br\\\/blog\\\/blog-2\\\/caminhos-de-santana\\\/#breadcrumb\",\"itemListElement\":[{\"@type\":\"ListItem\",\"position\":1,\"name\":\"In\u00edcio\",\"item\":\"https:\\\/\\\/blogdacondessa.com.br\\\/blog\\\/\"},{\"@type\":\"ListItem\",\"position\":2,\"name\":\"\u201cCaminhos de Santana\u201d\"}]},{\"@type\":\"WebSite\",\"@id\":\"https:\\\/\\\/blogdacondessa.com.br\\\/blog\\\/#website\",\"url\":\"https:\\\/\\\/blogdacondessa.com.br\\\/blog\\\/\",\"name\":\"Blog da Condessa\",\"description\":\"Com Shirley de Souza O\u2019Campos\",\"potentialAction\":[{\"@type\":\"SearchAction\",\"target\":{\"@type\":\"EntryPoint\",\"urlTemplate\":\"https:\\\/\\\/blogdacondessa.com.br\\\/blog\\\/?s={search_term_string}\"},\"query-input\":{\"@type\":\"PropertyValueSpecification\",\"valueRequired\":true,\"valueName\":\"search_term_string\"}}],\"inLanguage\":\"pt-BR\"},{\"@type\":\"Person\",\"@id\":\"https:\\\/\\\/blogdacondessa.com.br\\\/blog\\\/#\\\/schema\\\/person\\\/1d667ff8b785195b568677489d266035\",\"name\":\"Blog da Condessa\",\"image\":{\"@type\":\"ImageObject\",\"inLanguage\":\"pt-BR\",\"@id\":\"https:\\\/\\\/secure.gravatar.com\\\/avatar\\\/377c0eb8b4ad2bfc25461b41564b5971e721ca34a57642868fc7b0c8ac7b52c5?s=96&d=mm&r=g\",\"url\":\"https:\\\/\\\/secure.gravatar.com\\\/avatar\\\/377c0eb8b4ad2bfc25461b41564b5971e721ca34a57642868fc7b0c8ac7b52c5?s=96&d=mm&r=g\",\"contentUrl\":\"https:\\\/\\\/secure.gravatar.com\\\/avatar\\\/377c0eb8b4ad2bfc25461b41564b5971e721ca34a57642868fc7b0c8ac7b52c5?s=96&d=mm&r=g\",\"caption\":\"Blog da Condessa\"},\"url\":\"https:\\\/\\\/blogdacondessa.com.br\\\/blog\\\/author\\\/beatriz\\\/\"}]}<\/script>\n<!-- \/ Yoast SEO plugin. -->","yoast_head_json":{"title":"\u201cCaminhos de Santana\u201d &#8902; Blog da Condessa","robots":{"index":"index","follow":"follow","max-snippet":"max-snippet:-1","max-image-preview":"max-image-preview:large","max-video-preview":"max-video-preview:-1"},"canonical":"https:\/\/blogdacondessa.com.br\/blog\/blog-2\/caminhos-de-santana\/","og_locale":"pt_BR","og_type":"article","og_title":"\u201cCaminhos de Santana\u201d &#8902; Blog da Condessa","og_description":"T\u00e9cnicos da Empaer e Seaf fazem trilha religiosa do s\u00e9culo 18 para identificar potencial de turismo rural. Objetivo \u00e9 auxiliar produtores familiares a gerarem renda com o Caminho de Santana Equipes da Empresa Mato-grossense de Pesquisa, Assist\u00eancia e Extens\u00e3o Rural (Empaer) e da Secretaria de Estado de Agricultura Familiar (Seaf) fizeram uma visita t\u00e9cnica \u00e0 [&hellip;]","og_url":"https:\/\/blogdacondessa.com.br\/blog\/blog-2\/caminhos-de-santana\/","og_site_name":"Blog da Condessa","article_published_time":"2024-02-21T09:00:30+00:00","og_image":[{"width":1600,"height":900,"url":"https:\/\/blogdacondessa.com.br\/blog\/wp-content\/uploads\/2024\/02\/caminhos-de-santana-2.jpeg","type":"image\/jpeg"}],"author":"Blog da Condessa","twitter_card":"summary_large_image","twitter_misc":{"Escrito por":"Blog da Condessa","Est. tempo de leitura":"6 minutos"},"schema":{"@context":"https:\/\/schema.org","@graph":[{"@type":"Article","@id":"https:\/\/blogdacondessa.com.br\/blog\/blog-2\/caminhos-de-santana\/#article","isPartOf":{"@id":"https:\/\/blogdacondessa.com.br\/blog\/blog-2\/caminhos-de-santana\/"},"author":{"name":"Blog da Condessa","@id":"https:\/\/blogdacondessa.com.br\/blog\/#\/schema\/person\/1d667ff8b785195b568677489d266035"},"headline":"\u201cCaminhos de Santana\u201d","datePublished":"2024-02-21T09:00:30+00:00","mainEntityOfPage":{"@id":"https:\/\/blogdacondessa.com.br\/blog\/blog-2\/caminhos-de-santana\/"},"wordCount":1099,"image":{"@id":"https:\/\/blogdacondessa.com.br\/blog\/blog-2\/caminhos-de-santana\/#primaryimage"},"thumbnailUrl":"https:\/\/blogdacondessa.com.br\/blog\/wp-content\/uploads\/2024\/02\/caminhos-de-santana-2.jpeg","articleSection":["Turismo"],"inLanguage":"pt-BR"},{"@type":"WebPage","@id":"https:\/\/blogdacondessa.com.br\/blog\/blog-2\/caminhos-de-santana\/","url":"https:\/\/blogdacondessa.com.br\/blog\/blog-2\/caminhos-de-santana\/","name":"\u201cCaminhos de Santana\u201d &#8902; Blog da Condessa","isPartOf":{"@id":"https:\/\/blogdacondessa.com.br\/blog\/#website"},"primaryImageOfPage":{"@id":"https:\/\/blogdacondessa.com.br\/blog\/blog-2\/caminhos-de-santana\/#primaryimage"},"image":{"@id":"https:\/\/blogdacondessa.com.br\/blog\/blog-2\/caminhos-de-santana\/#primaryimage"},"thumbnailUrl":"https:\/\/blogdacondessa.com.br\/blog\/wp-content\/uploads\/2024\/02\/caminhos-de-santana-2.jpeg","datePublished":"2024-02-21T09:00:30+00:00","author":{"@id":"https:\/\/blogdacondessa.com.br\/blog\/#\/schema\/person\/1d667ff8b785195b568677489d266035"},"breadcrumb":{"@id":"https:\/\/blogdacondessa.com.br\/blog\/blog-2\/caminhos-de-santana\/#breadcrumb"},"inLanguage":"pt-BR","potentialAction":[{"@type":"ReadAction","target":["https:\/\/blogdacondessa.com.br\/blog\/blog-2\/caminhos-de-santana\/"]}]},{"@type":"ImageObject","inLanguage":"pt-BR","@id":"https:\/\/blogdacondessa.com.br\/blog\/blog-2\/caminhos-de-santana\/#primaryimage","url":"https:\/\/blogdacondessa.com.br\/blog\/wp-content\/uploads\/2024\/02\/caminhos-de-santana-2.jpeg","contentUrl":"https:\/\/blogdacondessa.com.br\/blog\/wp-content\/uploads\/2024\/02\/caminhos-de-santana-2.jpeg","width":1600,"height":900,"caption":"Foto: Marcelo Okamura"},{"@type":"BreadcrumbList","@id":"https:\/\/blogdacondessa.com.br\/blog\/blog-2\/caminhos-de-santana\/#breadcrumb","itemListElement":[{"@type":"ListItem","position":1,"name":"In\u00edcio","item":"https:\/\/blogdacondessa.com.br\/blog\/"},{"@type":"ListItem","position":2,"name":"\u201cCaminhos de Santana\u201d"}]},{"@type":"WebSite","@id":"https:\/\/blogdacondessa.com.br\/blog\/#website","url":"https:\/\/blogdacondessa.com.br\/blog\/","name":"Blog da Condessa","description":"Com Shirley de Souza O\u2019Campos","potentialAction":[{"@type":"SearchAction","target":{"@type":"EntryPoint","urlTemplate":"https:\/\/blogdacondessa.com.br\/blog\/?s={search_term_string}"},"query-input":{"@type":"PropertyValueSpecification","valueRequired":true,"valueName":"search_term_string"}}],"inLanguage":"pt-BR"},{"@type":"Person","@id":"https:\/\/blogdacondessa.com.br\/blog\/#\/schema\/person\/1d667ff8b785195b568677489d266035","name":"Blog da Condessa","image":{"@type":"ImageObject","inLanguage":"pt-BR","@id":"https:\/\/secure.gravatar.com\/avatar\/377c0eb8b4ad2bfc25461b41564b5971e721ca34a57642868fc7b0c8ac7b52c5?s=96&d=mm&r=g","url":"https:\/\/secure.gravatar.com\/avatar\/377c0eb8b4ad2bfc25461b41564b5971e721ca34a57642868fc7b0c8ac7b52c5?s=96&d=mm&r=g","contentUrl":"https:\/\/secure.gravatar.com\/avatar\/377c0eb8b4ad2bfc25461b41564b5971e721ca34a57642868fc7b0c8ac7b52c5?s=96&d=mm&r=g","caption":"Blog da Condessa"},"url":"https:\/\/blogdacondessa.com.br\/blog\/author\/beatriz\/"}]}},"_links":{"self":[{"href":"https:\/\/blogdacondessa.com.br\/blog\/wp-json\/wp\/v2\/posts\/9116","targetHints":{"allow":["GET"]}}],"collection":[{"href":"https:\/\/blogdacondessa.com.br\/blog\/wp-json\/wp\/v2\/posts"}],"about":[{"href":"https:\/\/blogdacondessa.com.br\/blog\/wp-json\/wp\/v2\/types\/post"}],"author":[{"embeddable":true,"href":"https:\/\/blogdacondessa.com.br\/blog\/wp-json\/wp\/v2\/users\/2"}],"replies":[{"embeddable":true,"href":"https:\/\/blogdacondessa.com.br\/blog\/wp-json\/wp\/v2\/comments?post=9116"}],"version-history":[{"count":0,"href":"https:\/\/blogdacondessa.com.br\/blog\/wp-json\/wp\/v2\/posts\/9116\/revisions"}],"wp:featuredmedia":[{"embeddable":true,"href":"https:\/\/blogdacondessa.com.br\/blog\/wp-json\/wp\/v2\/media\/9117"}],"wp:attachment":[{"href":"https:\/\/blogdacondessa.com.br\/blog\/wp-json\/wp\/v2\/media?parent=9116"}],"wp:term":[{"taxonomy":"category","embeddable":true,"href":"https:\/\/blogdacondessa.com.br\/blog\/wp-json\/wp\/v2\/categories?post=9116"},{"taxonomy":"post_tag","embeddable":true,"href":"https:\/\/blogdacondessa.com.br\/blog\/wp-json\/wp\/v2\/tags?post=9116"}],"curies":[{"name":"wp","href":"https:\/\/api.w.org\/{rel}","templated":true}]}}