{"id":9112,"date":"2024-02-21T05:00:34","date_gmt":"2024-02-21T09:00:34","guid":{"rendered":"https:\/\/blogdacondessa.com.br\/blog\/?p=9112"},"modified":"2024-02-20T12:42:27","modified_gmt":"2024-02-20T16:42:27","slug":"tce-mt-realiza-1o-encontro-de-saude-e-controle-externo","status":"publish","type":"post","link":"https:\/\/blogdacondessa.com.br\/blog\/institucional\/tce-mt-realiza-1o-encontro-de-saude-e-controle-externo\/","title":{"rendered":"TCE-MT realiza 1\u00ba Encontro de Sa\u00fade e Controle Externo"},"content":{"rendered":"<p>O Tribunal de Contas de Mato Grosso (TCE-MT) realiza, nos dias 4 e 5 de mar\u00e7o, o 1\u00ba Encontro de Sa\u00fade e Controle Externo. Coordenado pela Comiss\u00e3o Permanente de Sa\u00fade, Previd\u00eancia e Assist\u00eancia Social, com apoio do Instituto Rui Barbosa (IRB), o evento reunir\u00e1 especialistas com atua\u00e7\u00e3o local e nacional no audit\u00f3rio \u201cLenine de Campos P\u00f3voas\u201d, da Escola Superior de Contas do TCE-MT.<br \/>\nO conselheiro-presidente, S\u00e9rgio Ricardo, salientou que \u00e9 fundamental reconhecer a import\u00e2ncia do Tribunal de Contas em promover encontros sobre sa\u00fade p\u00fablica e, num contexto no qual a efici\u00eancia dos recursos p\u00fablicos e a qualidade dos servi\u00e7os s\u00e3o aspectos primordiais, o papel do TCE se torna ainda mais crucial.<br \/>\n\u201cAo promover esse debate sobre sa\u00fade p\u00fablica, o TCE-MT n\u00e3o apenas cumpre seu papel de fiscalizador dos recursos p\u00fablicos, mas tamb\u00e9m atua como agente de promo\u00e7\u00e3o da transpar\u00eancia, da accountability e da efetividade das pol\u00edticas de sa\u00fade. Dessa forma, contribui de maneira significativa para o fortalecimento do sistema de sa\u00fade e para a melhoria da qualidade de vida da popula\u00e7\u00e3o\u201d, declarou o presidente.<br \/>\nPresidente da Comiss\u00e3o de S\u00e1ude do TCE-MT, o conselheiro Guilherme Antonio Maluf ressaltou que este \u00e9 um trabalho pioneiro no Sistema de Controle Externo. &#8220;Ser\u00e3o dois dias de intensos debates e trocas de experi\u00eancias entre representantes das mais diversas esferas da administra\u00e7\u00e3o p\u00fablica e da sociedade civil. Tamb\u00e9m ser\u00e1 lan\u00e7ada uma cartilha atualizada sobre Gest\u00e3o de Medicamentos. Ser\u00e1 uma oportunidade para identificar desafios, compartilhar boas pr\u00e1ticas e propor solu\u00e7\u00f5es inovadoras para os problemas enfrentados no \u00e2mbito da sa\u00fade p\u00fablica.&#8221;<br \/>\nPara mais informa\u00e7\u00f5es, basta entrar em contato por meio dos telefones (65) 3613-2980\/2989 ou pelo e-mail copsas@tce.mt.gov.br.<\/p>\n","protected":false},"excerpt":{"rendered":"<p>O Tribunal de Contas de Mato Grosso (TCE-MT) realiza, nos dias 4 e 5 de mar\u00e7o, o 1\u00ba Encontro de Sa\u00fade e Controle Externo. Coordenado pela Comiss\u00e3o Permanente de Sa\u00fade, Previd\u00eancia e Assist\u00eancia Social, com apoio do Instituto Rui Barbosa (IRB), o evento reunir\u00e1 especialistas com atua\u00e7\u00e3o local e nacional no audit\u00f3rio \u201cLenine de Campos [&hellip;]<\/p>\n","protected":false},"author":2,"featured_media":9113,"comment_status":"closed","ping_status":"closed","sticky":false,"template":"","format":"standard","meta":{"iawp_total_views":0,"footnotes":""},"categories":[13],"tags":[],"class_list":["post-9112","post","type-post","status-publish","format-standard","has-post-thumbnail","hentry","category-institucional"],"yoast_head":"<!-- This site is optimized with the Yoast SEO plugin v27.3 - https:\/\/yoast.com\/product\/yoast-seo-wordpress\/ -->\n<title>TCE-MT realiza 1\u00ba Encontro de Sa\u00fade e Controle Externo &#8902; Blog da Condessa<\/title>\n<meta name=\"robots\" content=\"index, follow, max-snippet:-1, max-image-preview:large, max-video-preview:-1\" \/>\n<link rel=\"canonical\" href=\"https:\/\/blogdacondessa.com.br\/blog\/institucional\/tce-mt-realiza-1o-encontro-de-saude-e-controle-externo\/\" \/>\n<meta property=\"og:locale\" content=\"pt_BR\" \/>\n<meta property=\"og:type\" content=\"article\" \/>\n<meta property=\"og:title\" content=\"TCE-MT realiza 1\u00ba Encontro de Sa\u00fade e Controle Externo &#8902; Blog da Condessa\" \/>\n<meta property=\"og:description\" content=\"O Tribunal de Contas de Mato Grosso (TCE-MT) realiza, nos dias 4 e 5 de mar\u00e7o, o 1\u00ba Encontro de Sa\u00fade e Controle Externo. Coordenado pela Comiss\u00e3o Permanente de Sa\u00fade, Previd\u00eancia e Assist\u00eancia Social, com apoio do Instituto Rui Barbosa (IRB), o evento reunir\u00e1 especialistas com atua\u00e7\u00e3o local e nacional no audit\u00f3rio \u201cLenine de Campos [&hellip;]\" \/>\n<meta property=\"og:url\" content=\"https:\/\/blogdacondessa.com.br\/blog\/institucional\/tce-mt-realiza-1o-encontro-de-saude-e-controle-externo\/\" \/>\n<meta property=\"og:site_name\" content=\"Blog da Condessa\" \/>\n<meta property=\"article:published_time\" content=\"2024-02-21T09:00:34+00:00\" \/>\n<meta property=\"og:image\" content=\"https:\/\/blogdacondessa.com.br\/blog\/wp-content\/uploads\/2024\/02\/tce-mt.jpg\" \/>\n\t<meta property=\"og:image:width\" content=\"600\" \/>\n\t<meta property=\"og:image:height\" content=\"400\" \/>\n\t<meta property=\"og:image:type\" content=\"image\/jpeg\" \/>\n<meta name=\"author\" content=\"Blog da Condessa\" \/>\n<meta name=\"twitter:card\" content=\"summary_large_image\" \/>\n<meta name=\"twitter:label1\" content=\"Escrito por\" \/>\n\t<meta name=\"twitter:data1\" content=\"Blog da Condessa\" \/>\n\t<meta name=\"twitter:label2\" content=\"Est. tempo de leitura\" \/>\n\t<meta name=\"twitter:data2\" content=\"2 minutos\" \/>\n<script type=\"application\/ld+json\" class=\"yoast-schema-graph\">{\"@context\":\"https:\\\/\\\/schema.org\",\"@graph\":[{\"@type\":\"Article\",\"@id\":\"https:\\\/\\\/blogdacondessa.com.br\\\/blog\\\/institucional\\\/tce-mt-realiza-1o-encontro-de-saude-e-controle-externo\\\/#article\",\"isPartOf\":{\"@id\":\"https:\\\/\\\/blogdacondessa.com.br\\\/blog\\\/institucional\\\/tce-mt-realiza-1o-encontro-de-saude-e-controle-externo\\\/\"},\"author\":{\"name\":\"Blog da Condessa\",\"@id\":\"https:\\\/\\\/blogdacondessa.com.br\\\/blog\\\/#\\\/schema\\\/person\\\/1d667ff8b785195b568677489d266035\"},\"headline\":\"TCE-MT realiza 1\u00ba Encontro de Sa\u00fade e Controle Externo\",\"datePublished\":\"2024-02-21T09:00:34+00:00\",\"mainEntityOfPage\":{\"@id\":\"https:\\\/\\\/blogdacondessa.com.br\\\/blog\\\/institucional\\\/tce-mt-realiza-1o-encontro-de-saude-e-controle-externo\\\/\"},\"wordCount\":319,\"image\":{\"@id\":\"https:\\\/\\\/blogdacondessa.com.br\\\/blog\\\/institucional\\\/tce-mt-realiza-1o-encontro-de-saude-e-controle-externo\\\/#primaryimage\"},\"thumbnailUrl\":\"https:\\\/\\\/blogdacondessa.com.br\\\/blog\\\/wp-content\\\/uploads\\\/2024\\\/02\\\/tce-mt.jpg\",\"articleSection\":[\"Institucional\"],\"inLanguage\":\"pt-BR\"},{\"@type\":\"WebPage\",\"@id\":\"https:\\\/\\\/blogdacondessa.com.br\\\/blog\\\/institucional\\\/tce-mt-realiza-1o-encontro-de-saude-e-controle-externo\\\/\",\"url\":\"https:\\\/\\\/blogdacondessa.com.br\\\/blog\\\/institucional\\\/tce-mt-realiza-1o-encontro-de-saude-e-controle-externo\\\/\",\"name\":\"TCE-MT realiza 1\u00ba Encontro de Sa\u00fade e Controle Externo &#8902; Blog da Condessa\",\"isPartOf\":{\"@id\":\"https:\\\/\\\/blogdacondessa.com.br\\\/blog\\\/#website\"},\"primaryImageOfPage\":{\"@id\":\"https:\\\/\\\/blogdacondessa.com.br\\\/blog\\\/institucional\\\/tce-mt-realiza-1o-encontro-de-saude-e-controle-externo\\\/#primaryimage\"},\"image\":{\"@id\":\"https:\\\/\\\/blogdacondessa.com.br\\\/blog\\\/institucional\\\/tce-mt-realiza-1o-encontro-de-saude-e-controle-externo\\\/#primaryimage\"},\"thumbnailUrl\":\"https:\\\/\\\/blogdacondessa.com.br\\\/blog\\\/wp-content\\\/uploads\\\/2024\\\/02\\\/tce-mt.jpg\",\"datePublished\":\"2024-02-21T09:00:34+00:00\",\"author\":{\"@id\":\"https:\\\/\\\/blogdacondessa.com.br\\\/blog\\\/#\\\/schema\\\/person\\\/1d667ff8b785195b568677489d266035\"},\"breadcrumb\":{\"@id\":\"https:\\\/\\\/blogdacondessa.com.br\\\/blog\\\/institucional\\\/tce-mt-realiza-1o-encontro-de-saude-e-controle-externo\\\/#breadcrumb\"},\"inLanguage\":\"pt-BR\",\"potentialAction\":[{\"@type\":\"ReadAction\",\"target\":[\"https:\\\/\\\/blogdacondessa.com.br\\\/blog\\\/institucional\\\/tce-mt-realiza-1o-encontro-de-saude-e-controle-externo\\\/\"]}]},{\"@type\":\"ImageObject\",\"inLanguage\":\"pt-BR\",\"@id\":\"https:\\\/\\\/blogdacondessa.com.br\\\/blog\\\/institucional\\\/tce-mt-realiza-1o-encontro-de-saude-e-controle-externo\\\/#primaryimage\",\"url\":\"https:\\\/\\\/blogdacondessa.com.br\\\/blog\\\/wp-content\\\/uploads\\\/2024\\\/02\\\/tce-mt.jpg\",\"contentUrl\":\"https:\\\/\\\/blogdacondessa.com.br\\\/blog\\\/wp-content\\\/uploads\\\/2024\\\/02\\\/tce-mt.jpg\",\"width\":600,\"height\":400},{\"@type\":\"BreadcrumbList\",\"@id\":\"https:\\\/\\\/blogdacondessa.com.br\\\/blog\\\/institucional\\\/tce-mt-realiza-1o-encontro-de-saude-e-controle-externo\\\/#breadcrumb\",\"itemListElement\":[{\"@type\":\"ListItem\",\"position\":1,\"name\":\"In\u00edcio\",\"item\":\"https:\\\/\\\/blogdacondessa.com.br\\\/blog\\\/\"},{\"@type\":\"ListItem\",\"position\":2,\"name\":\"TCE-MT realiza 1\u00ba Encontro de Sa\u00fade e Controle Externo\"}]},{\"@type\":\"WebSite\",\"@id\":\"https:\\\/\\\/blogdacondessa.com.br\\\/blog\\\/#website\",\"url\":\"https:\\\/\\\/blogdacondessa.com.br\\\/blog\\\/\",\"name\":\"Blog da Condessa\",\"description\":\"Com Shirley de Souza O\u2019Campos\",\"potentialAction\":[{\"@type\":\"SearchAction\",\"target\":{\"@type\":\"EntryPoint\",\"urlTemplate\":\"https:\\\/\\\/blogdacondessa.com.br\\\/blog\\\/?s={search_term_string}\"},\"query-input\":{\"@type\":\"PropertyValueSpecification\",\"valueRequired\":true,\"valueName\":\"search_term_string\"}}],\"inLanguage\":\"pt-BR\"},{\"@type\":\"Person\",\"@id\":\"https:\\\/\\\/blogdacondessa.com.br\\\/blog\\\/#\\\/schema\\\/person\\\/1d667ff8b785195b568677489d266035\",\"name\":\"Blog da Condessa\",\"image\":{\"@type\":\"ImageObject\",\"inLanguage\":\"pt-BR\",\"@id\":\"https:\\\/\\\/secure.gravatar.com\\\/avatar\\\/377c0eb8b4ad2bfc25461b41564b5971e721ca34a57642868fc7b0c8ac7b52c5?s=96&d=mm&r=g\",\"url\":\"https:\\\/\\\/secure.gravatar.com\\\/avatar\\\/377c0eb8b4ad2bfc25461b41564b5971e721ca34a57642868fc7b0c8ac7b52c5?s=96&d=mm&r=g\",\"contentUrl\":\"https:\\\/\\\/secure.gravatar.com\\\/avatar\\\/377c0eb8b4ad2bfc25461b41564b5971e721ca34a57642868fc7b0c8ac7b52c5?s=96&d=mm&r=g\",\"caption\":\"Blog da Condessa\"},\"url\":\"https:\\\/\\\/blogdacondessa.com.br\\\/blog\\\/author\\\/beatriz\\\/\"}]}<\/script>\n<!-- \/ Yoast SEO plugin. -->","yoast_head_json":{"title":"TCE-MT realiza 1\u00ba Encontro de Sa\u00fade e Controle Externo &#8902; Blog da Condessa","robots":{"index":"index","follow":"follow","max-snippet":"max-snippet:-1","max-image-preview":"max-image-preview:large","max-video-preview":"max-video-preview:-1"},"canonical":"https:\/\/blogdacondessa.com.br\/blog\/institucional\/tce-mt-realiza-1o-encontro-de-saude-e-controle-externo\/","og_locale":"pt_BR","og_type":"article","og_title":"TCE-MT realiza 1\u00ba Encontro de Sa\u00fade e Controle Externo &#8902; Blog da Condessa","og_description":"O Tribunal de Contas de Mato Grosso (TCE-MT) realiza, nos dias 4 e 5 de mar\u00e7o, o 1\u00ba Encontro de Sa\u00fade e Controle Externo. Coordenado pela Comiss\u00e3o Permanente de Sa\u00fade, Previd\u00eancia e Assist\u00eancia Social, com apoio do Instituto Rui Barbosa (IRB), o evento reunir\u00e1 especialistas com atua\u00e7\u00e3o local e nacional no audit\u00f3rio \u201cLenine de Campos [&hellip;]","og_url":"https:\/\/blogdacondessa.com.br\/blog\/institucional\/tce-mt-realiza-1o-encontro-de-saude-e-controle-externo\/","og_site_name":"Blog da Condessa","article_published_time":"2024-02-21T09:00:34+00:00","og_image":[{"width":600,"height":400,"url":"https:\/\/blogdacondessa.com.br\/blog\/wp-content\/uploads\/2024\/02\/tce-mt.jpg","type":"image\/jpeg"}],"author":"Blog da Condessa","twitter_card":"summary_large_image","twitter_misc":{"Escrito por":"Blog da Condessa","Est. tempo de leitura":"2 minutos"},"schema":{"@context":"https:\/\/schema.org","@graph":[{"@type":"Article","@id":"https:\/\/blogdacondessa.com.br\/blog\/institucional\/tce-mt-realiza-1o-encontro-de-saude-e-controle-externo\/#article","isPartOf":{"@id":"https:\/\/blogdacondessa.com.br\/blog\/institucional\/tce-mt-realiza-1o-encontro-de-saude-e-controle-externo\/"},"author":{"name":"Blog da Condessa","@id":"https:\/\/blogdacondessa.com.br\/blog\/#\/schema\/person\/1d667ff8b785195b568677489d266035"},"headline":"TCE-MT realiza 1\u00ba Encontro de Sa\u00fade e Controle Externo","datePublished":"2024-02-21T09:00:34+00:00","mainEntityOfPage":{"@id":"https:\/\/blogdacondessa.com.br\/blog\/institucional\/tce-mt-realiza-1o-encontro-de-saude-e-controle-externo\/"},"wordCount":319,"image":{"@id":"https:\/\/blogdacondessa.com.br\/blog\/institucional\/tce-mt-realiza-1o-encontro-de-saude-e-controle-externo\/#primaryimage"},"thumbnailUrl":"https:\/\/blogdacondessa.com.br\/blog\/wp-content\/uploads\/2024\/02\/tce-mt.jpg","articleSection":["Institucional"],"inLanguage":"pt-BR"},{"@type":"WebPage","@id":"https:\/\/blogdacondessa.com.br\/blog\/institucional\/tce-mt-realiza-1o-encontro-de-saude-e-controle-externo\/","url":"https:\/\/blogdacondessa.com.br\/blog\/institucional\/tce-mt-realiza-1o-encontro-de-saude-e-controle-externo\/","name":"TCE-MT realiza 1\u00ba Encontro de Sa\u00fade e Controle Externo &#8902; Blog da Condessa","isPartOf":{"@id":"https:\/\/blogdacondessa.com.br\/blog\/#website"},"primaryImageOfPage":{"@id":"https:\/\/blogdacondessa.com.br\/blog\/institucional\/tce-mt-realiza-1o-encontro-de-saude-e-controle-externo\/#primaryimage"},"image":{"@id":"https:\/\/blogdacondessa.com.br\/blog\/institucional\/tce-mt-realiza-1o-encontro-de-saude-e-controle-externo\/#primaryimage"},"thumbnailUrl":"https:\/\/blogdacondessa.com.br\/blog\/wp-content\/uploads\/2024\/02\/tce-mt.jpg","datePublished":"2024-02-21T09:00:34+00:00","author":{"@id":"https:\/\/blogdacondessa.com.br\/blog\/#\/schema\/person\/1d667ff8b785195b568677489d266035"},"breadcrumb":{"@id":"https:\/\/blogdacondessa.com.br\/blog\/institucional\/tce-mt-realiza-1o-encontro-de-saude-e-controle-externo\/#breadcrumb"},"inLanguage":"pt-BR","potentialAction":[{"@type":"ReadAction","target":["https:\/\/blogdacondessa.com.br\/blog\/institucional\/tce-mt-realiza-1o-encontro-de-saude-e-controle-externo\/"]}]},{"@type":"ImageObject","inLanguage":"pt-BR","@id":"https:\/\/blogdacondessa.com.br\/blog\/institucional\/tce-mt-realiza-1o-encontro-de-saude-e-controle-externo\/#primaryimage","url":"https:\/\/blogdacondessa.com.br\/blog\/wp-content\/uploads\/2024\/02\/tce-mt.jpg","contentUrl":"https:\/\/blogdacondessa.com.br\/blog\/wp-content\/uploads\/2024\/02\/tce-mt.jpg","width":600,"height":400},{"@type":"BreadcrumbList","@id":"https:\/\/blogdacondessa.com.br\/blog\/institucional\/tce-mt-realiza-1o-encontro-de-saude-e-controle-externo\/#breadcrumb","itemListElement":[{"@type":"ListItem","position":1,"name":"In\u00edcio","item":"https:\/\/blogdacondessa.com.br\/blog\/"},{"@type":"ListItem","position":2,"name":"TCE-MT realiza 1\u00ba Encontro de Sa\u00fade e Controle Externo"}]},{"@type":"WebSite","@id":"https:\/\/blogdacondessa.com.br\/blog\/#website","url":"https:\/\/blogdacondessa.com.br\/blog\/","name":"Blog da Condessa","description":"Com Shirley de Souza O\u2019Campos","potentialAction":[{"@type":"SearchAction","target":{"@type":"EntryPoint","urlTemplate":"https:\/\/blogdacondessa.com.br\/blog\/?s={search_term_string}"},"query-input":{"@type":"PropertyValueSpecification","valueRequired":true,"valueName":"search_term_string"}}],"inLanguage":"pt-BR"},{"@type":"Person","@id":"https:\/\/blogdacondessa.com.br\/blog\/#\/schema\/person\/1d667ff8b785195b568677489d266035","name":"Blog da Condessa","image":{"@type":"ImageObject","inLanguage":"pt-BR","@id":"https:\/\/secure.gravatar.com\/avatar\/377c0eb8b4ad2bfc25461b41564b5971e721ca34a57642868fc7b0c8ac7b52c5?s=96&d=mm&r=g","url":"https:\/\/secure.gravatar.com\/avatar\/377c0eb8b4ad2bfc25461b41564b5971e721ca34a57642868fc7b0c8ac7b52c5?s=96&d=mm&r=g","contentUrl":"https:\/\/secure.gravatar.com\/avatar\/377c0eb8b4ad2bfc25461b41564b5971e721ca34a57642868fc7b0c8ac7b52c5?s=96&d=mm&r=g","caption":"Blog da Condessa"},"url":"https:\/\/blogdacondessa.com.br\/blog\/author\/beatriz\/"}]}},"_links":{"self":[{"href":"https:\/\/blogdacondessa.com.br\/blog\/wp-json\/wp\/v2\/posts\/9112","targetHints":{"allow":["GET"]}}],"collection":[{"href":"https:\/\/blogdacondessa.com.br\/blog\/wp-json\/wp\/v2\/posts"}],"about":[{"href":"https:\/\/blogdacondessa.com.br\/blog\/wp-json\/wp\/v2\/types\/post"}],"author":[{"embeddable":true,"href":"https:\/\/blogdacondessa.com.br\/blog\/wp-json\/wp\/v2\/users\/2"}],"replies":[{"embeddable":true,"href":"https:\/\/blogdacondessa.com.br\/blog\/wp-json\/wp\/v2\/comments?post=9112"}],"version-history":[{"count":0,"href":"https:\/\/blogdacondessa.com.br\/blog\/wp-json\/wp\/v2\/posts\/9112\/revisions"}],"wp:featuredmedia":[{"embeddable":true,"href":"https:\/\/blogdacondessa.com.br\/blog\/wp-json\/wp\/v2\/media\/9113"}],"wp:attachment":[{"href":"https:\/\/blogdacondessa.com.br\/blog\/wp-json\/wp\/v2\/media?parent=9112"}],"wp:term":[{"taxonomy":"category","embeddable":true,"href":"https:\/\/blogdacondessa.com.br\/blog\/wp-json\/wp\/v2\/categories?post=9112"},{"taxonomy":"post_tag","embeddable":true,"href":"https:\/\/blogdacondessa.com.br\/blog\/wp-json\/wp\/v2\/tags?post=9112"}],"curies":[{"name":"wp","href":"https:\/\/api.w.org\/{rel}","templated":true}]}}