{"id":9043,"date":"2024-02-07T05:00:55","date_gmt":"2024-02-07T09:00:55","guid":{"rendered":"http:\/\/blogdacondessa.com.br\/?p=9043"},"modified":"2024-02-06T16:54:24","modified_gmt":"2024-02-06T20:54:24","slug":"lei-vai-coibir-invasao-a-propriedades-privadas","status":"publish","type":"post","link":"https:\/\/blogdacondessa.com.br\/blog\/politica\/lei-vai-coibir-invasao-a-propriedades-privadas\/","title":{"rendered":"Lei vai coibir invas\u00e3o \u00e0 propriedades privadas"},"content":{"rendered":"<p>O governador Mauro Mendes sancionou a lei que estabelece puni\u00e7\u00f5es a invasores de propriedades privadas rurais e urbanas, em Mato Grosso. A Lei n\u00ba 12.430 de 2024 foi publicada no Di\u00e1rio Oficial do Estado, na ter\u00e7a-feira (06.02).<br \/>\nConforme a lei, os ocupantes comprovadamente ilegais e invasores de propriedades privadas ser\u00e3o impedidos de receber aux\u00edlio e benef\u00edcios de programas sociais do Governo do Estado, de tomarem posse em cargo p\u00fablico de confian\u00e7a e de contratarem com o Poder P\u00fablico Estadual.<br \/>\n\u201cEssa lei vem ao encontro de todas as medidas que o Estado j\u00e1 vem tomando desde janeiro do ano passado, quando foi o primeiro estado do pa\u00eds a declarar toler\u00e2ncia zero contra as invas\u00f5es de terra\u201d, afirmou o governador.<br \/>\nAs san\u00e7\u00f5es estabelecidas t\u00eam como base as normas de direito agr\u00e1rio no pa\u00eds, estabelecidas a Lei Federal n\u00b0 4.947, de 6 de abril de 1966, que estabelece normas de direito agr\u00e1rio no pa\u00eds, e ser\u00e3o v\u00e1lidas at\u00e9 o cumprimento integral da pena aplicada ao indiv\u00edduo, respeitados o direito ao contradit\u00f3rio e \u00e0 ampla defesa.<br \/>\nA lei \u00e9 de autoria do deputado Claudio Ferreira.<\/p>\n","protected":false},"excerpt":{"rendered":"<p>O governador Mauro Mendes sancionou a lei que estabelece puni\u00e7\u00f5es a invasores de propriedades privadas rurais e urbanas, em Mato Grosso. A Lei n\u00ba 12.430 de 2024 foi publicada no Di\u00e1rio Oficial do Estado, na ter\u00e7a-feira (06.02). Conforme a lei, os ocupantes comprovadamente ilegais e invasores de propriedades privadas ser\u00e3o impedidos de receber aux\u00edlio e [&hellip;]<\/p>\n","protected":false},"author":2,"featured_media":9044,"comment_status":"closed","ping_status":"closed","sticky":false,"template":"","format":"standard","meta":{"iawp_total_views":0,"footnotes":""},"categories":[10],"tags":[],"class_list":["post-9043","post","type-post","status-publish","format-standard","has-post-thumbnail","hentry","category-politica"],"yoast_head":"<!-- This site is optimized with the Yoast SEO plugin v27.3 - https:\/\/yoast.com\/product\/yoast-seo-wordpress\/ -->\n<title>Lei vai coibir invas\u00e3o \u00e0 propriedades privadas &#8902; Blog da Condessa<\/title>\n<meta name=\"robots\" content=\"index, follow, max-snippet:-1, max-image-preview:large, max-video-preview:-1\" \/>\n<link rel=\"canonical\" href=\"https:\/\/blogdacondessa.com.br\/blog\/politica\/lei-vai-coibir-invasao-a-propriedades-privadas\/\" \/>\n<meta property=\"og:locale\" content=\"pt_BR\" \/>\n<meta property=\"og:type\" content=\"article\" \/>\n<meta property=\"og:title\" content=\"Lei vai coibir invas\u00e3o \u00e0 propriedades privadas &#8902; Blog da Condessa\" \/>\n<meta property=\"og:description\" content=\"O governador Mauro Mendes sancionou a lei que estabelece puni\u00e7\u00f5es a invasores de propriedades privadas rurais e urbanas, em Mato Grosso. A Lei n\u00ba 12.430 de 2024 foi publicada no Di\u00e1rio Oficial do Estado, na ter\u00e7a-feira (06.02). Conforme a lei, os ocupantes comprovadamente ilegais e invasores de propriedades privadas ser\u00e3o impedidos de receber aux\u00edlio e [&hellip;]\" \/>\n<meta property=\"og:url\" content=\"https:\/\/blogdacondessa.com.br\/blog\/politica\/lei-vai-coibir-invasao-a-propriedades-privadas\/\" \/>\n<meta property=\"og:site_name\" content=\"Blog da Condessa\" \/>\n<meta property=\"article:published_time\" content=\"2024-02-07T09:00:55+00:00\" \/>\n<meta property=\"og:image\" content=\"https:\/\/blogdacondessa.com.br\/blog\/wp-content\/uploads\/2024\/02\/TERRAS.jpg\" \/>\n\t<meta property=\"og:image:width\" content=\"1024\" \/>\n\t<meta property=\"og:image:height\" content=\"576\" \/>\n\t<meta property=\"og:image:type\" content=\"image\/jpeg\" \/>\n<meta name=\"author\" content=\"Blog da Condessa\" \/>\n<meta name=\"twitter:card\" content=\"summary_large_image\" \/>\n<meta name=\"twitter:label1\" content=\"Escrito por\" \/>\n\t<meta name=\"twitter:data1\" content=\"Blog da Condessa\" \/>\n\t<meta name=\"twitter:label2\" content=\"Est. tempo de leitura\" \/>\n\t<meta name=\"twitter:data2\" content=\"2 minutos\" \/>\n<script type=\"application\/ld+json\" class=\"yoast-schema-graph\">{\"@context\":\"https:\\\/\\\/schema.org\",\"@graph\":[{\"@type\":\"Article\",\"@id\":\"https:\\\/\\\/blogdacondessa.com.br\\\/blog\\\/politica\\\/lei-vai-coibir-invasao-a-propriedades-privadas\\\/#article\",\"isPartOf\":{\"@id\":\"https:\\\/\\\/blogdacondessa.com.br\\\/blog\\\/politica\\\/lei-vai-coibir-invasao-a-propriedades-privadas\\\/\"},\"author\":{\"name\":\"Blog da Condessa\",\"@id\":\"https:\\\/\\\/blogdacondessa.com.br\\\/blog\\\/#\\\/schema\\\/person\\\/1d667ff8b785195b568677489d266035\"},\"headline\":\"Lei vai coibir invas\u00e3o \u00e0 propriedades privadas\",\"datePublished\":\"2024-02-07T09:00:55+00:00\",\"mainEntityOfPage\":{\"@id\":\"https:\\\/\\\/blogdacondessa.com.br\\\/blog\\\/politica\\\/lei-vai-coibir-invasao-a-propriedades-privadas\\\/\"},\"wordCount\":202,\"image\":{\"@id\":\"https:\\\/\\\/blogdacondessa.com.br\\\/blog\\\/politica\\\/lei-vai-coibir-invasao-a-propriedades-privadas\\\/#primaryimage\"},\"thumbnailUrl\":\"https:\\\/\\\/blogdacondessa.com.br\\\/blog\\\/wp-content\\\/uploads\\\/2024\\\/02\\\/TERRAS.jpg\",\"articleSection\":[\"Pol\u00edtica\"],\"inLanguage\":\"pt-BR\"},{\"@type\":\"WebPage\",\"@id\":\"https:\\\/\\\/blogdacondessa.com.br\\\/blog\\\/politica\\\/lei-vai-coibir-invasao-a-propriedades-privadas\\\/\",\"url\":\"https:\\\/\\\/blogdacondessa.com.br\\\/blog\\\/politica\\\/lei-vai-coibir-invasao-a-propriedades-privadas\\\/\",\"name\":\"Lei vai coibir invas\u00e3o \u00e0 propriedades privadas &#8902; Blog da Condessa\",\"isPartOf\":{\"@id\":\"https:\\\/\\\/blogdacondessa.com.br\\\/blog\\\/#website\"},\"primaryImageOfPage\":{\"@id\":\"https:\\\/\\\/blogdacondessa.com.br\\\/blog\\\/politica\\\/lei-vai-coibir-invasao-a-propriedades-privadas\\\/#primaryimage\"},\"image\":{\"@id\":\"https:\\\/\\\/blogdacondessa.com.br\\\/blog\\\/politica\\\/lei-vai-coibir-invasao-a-propriedades-privadas\\\/#primaryimage\"},\"thumbnailUrl\":\"https:\\\/\\\/blogdacondessa.com.br\\\/blog\\\/wp-content\\\/uploads\\\/2024\\\/02\\\/TERRAS.jpg\",\"datePublished\":\"2024-02-07T09:00:55+00:00\",\"author\":{\"@id\":\"https:\\\/\\\/blogdacondessa.com.br\\\/blog\\\/#\\\/schema\\\/person\\\/1d667ff8b785195b568677489d266035\"},\"breadcrumb\":{\"@id\":\"https:\\\/\\\/blogdacondessa.com.br\\\/blog\\\/politica\\\/lei-vai-coibir-invasao-a-propriedades-privadas\\\/#breadcrumb\"},\"inLanguage\":\"pt-BR\",\"potentialAction\":[{\"@type\":\"ReadAction\",\"target\":[\"https:\\\/\\\/blogdacondessa.com.br\\\/blog\\\/politica\\\/lei-vai-coibir-invasao-a-propriedades-privadas\\\/\"]}]},{\"@type\":\"ImageObject\",\"inLanguage\":\"pt-BR\",\"@id\":\"https:\\\/\\\/blogdacondessa.com.br\\\/blog\\\/politica\\\/lei-vai-coibir-invasao-a-propriedades-privadas\\\/#primaryimage\",\"url\":\"https:\\\/\\\/blogdacondessa.com.br\\\/blog\\\/wp-content\\\/uploads\\\/2024\\\/02\\\/TERRAS.jpg\",\"contentUrl\":\"https:\\\/\\\/blogdacondessa.com.br\\\/blog\\\/wp-content\\\/uploads\\\/2024\\\/02\\\/TERRAS.jpg\",\"width\":1024,\"height\":576,\"caption\":\"Cr\u00e9dito - PM-MT\"},{\"@type\":\"BreadcrumbList\",\"@id\":\"https:\\\/\\\/blogdacondessa.com.br\\\/blog\\\/politica\\\/lei-vai-coibir-invasao-a-propriedades-privadas\\\/#breadcrumb\",\"itemListElement\":[{\"@type\":\"ListItem\",\"position\":1,\"name\":\"In\u00edcio\",\"item\":\"https:\\\/\\\/blogdacondessa.com.br\\\/blog\\\/\"},{\"@type\":\"ListItem\",\"position\":2,\"name\":\"Lei vai coibir invas\u00e3o \u00e0 propriedades privadas\"}]},{\"@type\":\"WebSite\",\"@id\":\"https:\\\/\\\/blogdacondessa.com.br\\\/blog\\\/#website\",\"url\":\"https:\\\/\\\/blogdacondessa.com.br\\\/blog\\\/\",\"name\":\"Blog da Condessa\",\"description\":\"Com Shirley de Souza O\u2019Campos\",\"potentialAction\":[{\"@type\":\"SearchAction\",\"target\":{\"@type\":\"EntryPoint\",\"urlTemplate\":\"https:\\\/\\\/blogdacondessa.com.br\\\/blog\\\/?s={search_term_string}\"},\"query-input\":{\"@type\":\"PropertyValueSpecification\",\"valueRequired\":true,\"valueName\":\"search_term_string\"}}],\"inLanguage\":\"pt-BR\"},{\"@type\":\"Person\",\"@id\":\"https:\\\/\\\/blogdacondessa.com.br\\\/blog\\\/#\\\/schema\\\/person\\\/1d667ff8b785195b568677489d266035\",\"name\":\"Blog da Condessa\",\"image\":{\"@type\":\"ImageObject\",\"inLanguage\":\"pt-BR\",\"@id\":\"https:\\\/\\\/secure.gravatar.com\\\/avatar\\\/377c0eb8b4ad2bfc25461b41564b5971e721ca34a57642868fc7b0c8ac7b52c5?s=96&d=mm&r=g\",\"url\":\"https:\\\/\\\/secure.gravatar.com\\\/avatar\\\/377c0eb8b4ad2bfc25461b41564b5971e721ca34a57642868fc7b0c8ac7b52c5?s=96&d=mm&r=g\",\"contentUrl\":\"https:\\\/\\\/secure.gravatar.com\\\/avatar\\\/377c0eb8b4ad2bfc25461b41564b5971e721ca34a57642868fc7b0c8ac7b52c5?s=96&d=mm&r=g\",\"caption\":\"Blog da Condessa\"},\"url\":\"https:\\\/\\\/blogdacondessa.com.br\\\/blog\\\/author\\\/beatriz\\\/\"}]}<\/script>\n<!-- \/ Yoast SEO plugin. -->","yoast_head_json":{"title":"Lei vai coibir invas\u00e3o \u00e0 propriedades privadas &#8902; Blog da Condessa","robots":{"index":"index","follow":"follow","max-snippet":"max-snippet:-1","max-image-preview":"max-image-preview:large","max-video-preview":"max-video-preview:-1"},"canonical":"https:\/\/blogdacondessa.com.br\/blog\/politica\/lei-vai-coibir-invasao-a-propriedades-privadas\/","og_locale":"pt_BR","og_type":"article","og_title":"Lei vai coibir invas\u00e3o \u00e0 propriedades privadas &#8902; Blog da Condessa","og_description":"O governador Mauro Mendes sancionou a lei que estabelece puni\u00e7\u00f5es a invasores de propriedades privadas rurais e urbanas, em Mato Grosso. A Lei n\u00ba 12.430 de 2024 foi publicada no Di\u00e1rio Oficial do Estado, na ter\u00e7a-feira (06.02). Conforme a lei, os ocupantes comprovadamente ilegais e invasores de propriedades privadas ser\u00e3o impedidos de receber aux\u00edlio e [&hellip;]","og_url":"https:\/\/blogdacondessa.com.br\/blog\/politica\/lei-vai-coibir-invasao-a-propriedades-privadas\/","og_site_name":"Blog da Condessa","article_published_time":"2024-02-07T09:00:55+00:00","og_image":[{"width":1024,"height":576,"url":"https:\/\/blogdacondessa.com.br\/blog\/wp-content\/uploads\/2024\/02\/TERRAS.jpg","type":"image\/jpeg"}],"author":"Blog da Condessa","twitter_card":"summary_large_image","twitter_misc":{"Escrito por":"Blog da Condessa","Est. tempo de leitura":"2 minutos"},"schema":{"@context":"https:\/\/schema.org","@graph":[{"@type":"Article","@id":"https:\/\/blogdacondessa.com.br\/blog\/politica\/lei-vai-coibir-invasao-a-propriedades-privadas\/#article","isPartOf":{"@id":"https:\/\/blogdacondessa.com.br\/blog\/politica\/lei-vai-coibir-invasao-a-propriedades-privadas\/"},"author":{"name":"Blog da Condessa","@id":"https:\/\/blogdacondessa.com.br\/blog\/#\/schema\/person\/1d667ff8b785195b568677489d266035"},"headline":"Lei vai coibir invas\u00e3o \u00e0 propriedades privadas","datePublished":"2024-02-07T09:00:55+00:00","mainEntityOfPage":{"@id":"https:\/\/blogdacondessa.com.br\/blog\/politica\/lei-vai-coibir-invasao-a-propriedades-privadas\/"},"wordCount":202,"image":{"@id":"https:\/\/blogdacondessa.com.br\/blog\/politica\/lei-vai-coibir-invasao-a-propriedades-privadas\/#primaryimage"},"thumbnailUrl":"https:\/\/blogdacondessa.com.br\/blog\/wp-content\/uploads\/2024\/02\/TERRAS.jpg","articleSection":["Pol\u00edtica"],"inLanguage":"pt-BR"},{"@type":"WebPage","@id":"https:\/\/blogdacondessa.com.br\/blog\/politica\/lei-vai-coibir-invasao-a-propriedades-privadas\/","url":"https:\/\/blogdacondessa.com.br\/blog\/politica\/lei-vai-coibir-invasao-a-propriedades-privadas\/","name":"Lei vai coibir invas\u00e3o \u00e0 propriedades privadas &#8902; Blog da Condessa","isPartOf":{"@id":"https:\/\/blogdacondessa.com.br\/blog\/#website"},"primaryImageOfPage":{"@id":"https:\/\/blogdacondessa.com.br\/blog\/politica\/lei-vai-coibir-invasao-a-propriedades-privadas\/#primaryimage"},"image":{"@id":"https:\/\/blogdacondessa.com.br\/blog\/politica\/lei-vai-coibir-invasao-a-propriedades-privadas\/#primaryimage"},"thumbnailUrl":"https:\/\/blogdacondessa.com.br\/blog\/wp-content\/uploads\/2024\/02\/TERRAS.jpg","datePublished":"2024-02-07T09:00:55+00:00","author":{"@id":"https:\/\/blogdacondessa.com.br\/blog\/#\/schema\/person\/1d667ff8b785195b568677489d266035"},"breadcrumb":{"@id":"https:\/\/blogdacondessa.com.br\/blog\/politica\/lei-vai-coibir-invasao-a-propriedades-privadas\/#breadcrumb"},"inLanguage":"pt-BR","potentialAction":[{"@type":"ReadAction","target":["https:\/\/blogdacondessa.com.br\/blog\/politica\/lei-vai-coibir-invasao-a-propriedades-privadas\/"]}]},{"@type":"ImageObject","inLanguage":"pt-BR","@id":"https:\/\/blogdacondessa.com.br\/blog\/politica\/lei-vai-coibir-invasao-a-propriedades-privadas\/#primaryimage","url":"https:\/\/blogdacondessa.com.br\/blog\/wp-content\/uploads\/2024\/02\/TERRAS.jpg","contentUrl":"https:\/\/blogdacondessa.com.br\/blog\/wp-content\/uploads\/2024\/02\/TERRAS.jpg","width":1024,"height":576,"caption":"Cr\u00e9dito - PM-MT"},{"@type":"BreadcrumbList","@id":"https:\/\/blogdacondessa.com.br\/blog\/politica\/lei-vai-coibir-invasao-a-propriedades-privadas\/#breadcrumb","itemListElement":[{"@type":"ListItem","position":1,"name":"In\u00edcio","item":"https:\/\/blogdacondessa.com.br\/blog\/"},{"@type":"ListItem","position":2,"name":"Lei vai coibir invas\u00e3o \u00e0 propriedades privadas"}]},{"@type":"WebSite","@id":"https:\/\/blogdacondessa.com.br\/blog\/#website","url":"https:\/\/blogdacondessa.com.br\/blog\/","name":"Blog da Condessa","description":"Com Shirley de Souza O\u2019Campos","potentialAction":[{"@type":"SearchAction","target":{"@type":"EntryPoint","urlTemplate":"https:\/\/blogdacondessa.com.br\/blog\/?s={search_term_string}"},"query-input":{"@type":"PropertyValueSpecification","valueRequired":true,"valueName":"search_term_string"}}],"inLanguage":"pt-BR"},{"@type":"Person","@id":"https:\/\/blogdacondessa.com.br\/blog\/#\/schema\/person\/1d667ff8b785195b568677489d266035","name":"Blog da Condessa","image":{"@type":"ImageObject","inLanguage":"pt-BR","@id":"https:\/\/secure.gravatar.com\/avatar\/377c0eb8b4ad2bfc25461b41564b5971e721ca34a57642868fc7b0c8ac7b52c5?s=96&d=mm&r=g","url":"https:\/\/secure.gravatar.com\/avatar\/377c0eb8b4ad2bfc25461b41564b5971e721ca34a57642868fc7b0c8ac7b52c5?s=96&d=mm&r=g","contentUrl":"https:\/\/secure.gravatar.com\/avatar\/377c0eb8b4ad2bfc25461b41564b5971e721ca34a57642868fc7b0c8ac7b52c5?s=96&d=mm&r=g","caption":"Blog da Condessa"},"url":"https:\/\/blogdacondessa.com.br\/blog\/author\/beatriz\/"}]}},"_links":{"self":[{"href":"https:\/\/blogdacondessa.com.br\/blog\/wp-json\/wp\/v2\/posts\/9043","targetHints":{"allow":["GET"]}}],"collection":[{"href":"https:\/\/blogdacondessa.com.br\/blog\/wp-json\/wp\/v2\/posts"}],"about":[{"href":"https:\/\/blogdacondessa.com.br\/blog\/wp-json\/wp\/v2\/types\/post"}],"author":[{"embeddable":true,"href":"https:\/\/blogdacondessa.com.br\/blog\/wp-json\/wp\/v2\/users\/2"}],"replies":[{"embeddable":true,"href":"https:\/\/blogdacondessa.com.br\/blog\/wp-json\/wp\/v2\/comments?post=9043"}],"version-history":[{"count":0,"href":"https:\/\/blogdacondessa.com.br\/blog\/wp-json\/wp\/v2\/posts\/9043\/revisions"}],"wp:featuredmedia":[{"embeddable":true,"href":"https:\/\/blogdacondessa.com.br\/blog\/wp-json\/wp\/v2\/media\/9044"}],"wp:attachment":[{"href":"https:\/\/blogdacondessa.com.br\/blog\/wp-json\/wp\/v2\/media?parent=9043"}],"wp:term":[{"taxonomy":"category","embeddable":true,"href":"https:\/\/blogdacondessa.com.br\/blog\/wp-json\/wp\/v2\/categories?post=9043"},{"taxonomy":"post_tag","embeddable":true,"href":"https:\/\/blogdacondessa.com.br\/blog\/wp-json\/wp\/v2\/tags?post=9043"}],"curies":[{"name":"wp","href":"https:\/\/api.w.org\/{rel}","templated":true}]}}