{"id":8951,"date":"2024-01-21T05:00:42","date_gmt":"2024-01-21T09:00:42","guid":{"rendered":"http:\/\/blogdacondessa.com.br\/?p=8951"},"modified":"2024-01-20T17:33:11","modified_gmt":"2024-01-20T21:33:11","slug":"nao-tive-saida-coloquei-minha-mae-em-uma-instituicao-o-tabu-sobre-idosos-em-asilos","status":"publish","type":"post","link":"https:\/\/blogdacondessa.com.br\/blog\/cidades-2\/nao-tive-saida-coloquei-minha-mae-em-uma-instituicao-o-tabu-sobre-idosos-em-asilos\/","title":{"rendered":"&#8220;N\u00e3o tive sa\u00edda, coloquei minha m\u00e3e em uma institui\u00e7\u00e3o&#8217;: o tabu sobre idosos em &#8216;asilos&#8217;"},"content":{"rendered":"<p>Na inf\u00e2ncia, Ana Clara Lisboa ouvia a m\u00e3e falar sobre a import\u00e2ncia de ser uma mulher independente. \u201cEla sempre disse que a nossa maior riqueza \u00e9 ser livre\u201d, conta Ana. Foi essa liberdade que ela viu a aposentada Enila Guimar\u00e3es perder pouco a pouco nos \u00faltimos anos.<br \/>\nPrimeiro, Enila teve ataques de p\u00e2nico. Depois, crises de ansiedade recorrentes e logo surgiram problemas de locomo\u00e7\u00e3o. &#8220;Ela sa\u00eda para a rua, ca\u00eda e n\u00e3o conseguia levantar sozinha pela falta de equil\u00edbrio\u201d, diz Ana \u00e0 BBC News Brasil.<br \/>\nEnila foi diagnosticada com uma doen\u00e7a degenerativa que a deixaria com dem\u00eancia e cada vez mais dependente de cuidados. Coube a Ana ser a principal cuidadora da m\u00e3e, o que \u00e9 uma realidade dos lares brasileiros. As pesquisas feitas por estudiosos costumam apontar que a imensa maioria dos cuidados com idosos s\u00e3o feitos por mulheres.<br \/>\nUm levantamento divulgado no ano passado pela Funda\u00e7\u00e3o Seade, um sistema de an\u00e1lise de dados, apontou que cerca de 90% dos cuidadores de pessoas com dem\u00eancia em S\u00e3o Paulo s\u00e3o mulheres. Enquanto a sa\u00fade da m\u00e3e deteriorava, Ana entrava em depress\u00e3o. Por\u00e9m, ela precisava continuar dando apoio a Enila.<br \/>\nEm certo momento, a jovem decidiu que a \u00fanica alternativa seria levar a m\u00e3e para uma institui\u00e7\u00e3o de longa perman\u00eancia para idosos (ILPI), lugares popularmente conhecidos como &#8220;asilos&#8221; ou &#8220;casas de repouso&#8221;.<br \/>\nA pr\u00f3pria Ana tinha preconceito com o assunto e chegou a se questionar se deixar a m\u00e3e em uma institui\u00e7\u00e3o n\u00e3o seria uma forma de abandono.<br \/>\n\u201cPara mim, era inaceit\u00e1vel. Precisei de muita terapia para entender que eu estava fazendo mais mal do que bem para ela&#8221;, diz. Os especialistas frisam que, apesar de ser um lugar que acolhe idosos sem amparo familiar, as institui\u00e7\u00f5es deste tipo tamb\u00e9m s\u00e3o locais para receber aqueles que t\u00eam a fam\u00edlia por perto \u2014 e os parentes podem continuar visitando e acompanhando.<br \/>\nA geriatra Karla Giacomin, que lidera a Frente Nacional de Fortalecimento \u00e0 ILPI, conta que o preconceito sobre o tema ainda \u00e9 grande.<br \/>\n\u201c\u00c9 fundamental entender que al\u00e9m daqueles que n\u00e3o t\u00eam familiares pr\u00f3ximos ou romperam rela\u00e7\u00f5es com os parentes, h\u00e1 situa\u00e7\u00f5es em que a pr\u00f3pria fam\u00edlia, por mais que queira, n\u00e3o consegue mais cuidar daquela pessoa&#8221;, afirma Giacomin, que \u00e9 consultora da Organiza\u00e7\u00e3o Mundial de Sa\u00fade (OMS) para cuidados de longa dura\u00e7\u00e3o.<br \/>\n&#8220;O cuidado faz parte da dimens\u00e3o humana, \u00e9 um direito, e esse \u00e9 o papel dessas institui\u00e7\u00f5es.\u201d Poucas destas institui\u00e7\u00f5es s\u00e3o p\u00fablicas no Brasil, segundo os pesquisadores sobre o tema.<br \/>\nA imensa maioria s\u00e3o particulares, com valores mensais que v\u00e3o de R$ 5 mil a at\u00e9 mais de R$ 20 mil \u2013 aquelas que s\u00e3o muito baratas, segundo especialistas, podem ser prec\u00e1rias. Um dos problemas em rela\u00e7\u00e3o ao tema \u00e9 a falta de dados oficiais no pa\u00eds.<br \/>\nA Ag\u00eancia Nacional de Vigil\u00e2ncia Sanit\u00e1ria (Anvisa), respons\u00e1vel por receber levantamentos de inspe\u00e7\u00f5es nesses lugares, enfrenta dificuldades para tra\u00e7ar um panorama nacional. J\u00e1 o Minist\u00e9rio dos Direitos Humanos e da Cidadania (MDHC) disse \u00e0 BBC News Brasil que est\u00e1 atento \u00e0 quest\u00e3o e que avalia medidas para auxiliar pessoas idosas.<br \/>\nMas n\u00e3o tem, ao menos por ora, previs\u00e3o de expans\u00e3o das institui\u00e7\u00f5es p\u00fablicas para acolher essa parcela da popula\u00e7\u00e3o.<br \/>\n<strong>Os problemas de sa\u00fade<\/strong><br \/>\nO caso de Enila \u00e9 o retrato de um pa\u00eds que est\u00e1 envelhecendo e ainda busca formas de lidar melhor com seus idosos. A aposentada era descrita como uma mulher independente. Por volta dos 25 anos, casou pela primeira vez e teve o primeiro filho, Mateus. Depois, Enila se separou. Ela se casou novamente aos 35 anos e teve a segunda filha, Ana, aos 41. O primeiro filho se mudou com o pai para o interior de S\u00e3o Paulo. J\u00e1 Ana foi criada com Enila em Paracatu, no interior de Minas Gerais \u2013 o pai dela morreu quando a jovem ainda era crian\u00e7a.<br \/>\n\u201cDesde pequena, eu lembro que era sempre eu e a minha m\u00e3e sempre\u201d, diz Ana, hoje com 24 anos. Ao longo da vida, Enila foi servidora p\u00fablica em Minas Gerais. Ela trabalhou como professora e depois no setor administrativo da Educa\u00e7\u00e3o. Sua filha conta que ela tinha muitas amigas, uma vida social ativa e muitos planos para o futuro.<br \/>\nA aposentadoria era aguardada por Enila como uma fase de novas conquistas e de viagens. \u201cEla sempre quis fazer tudo sozinha, sem depender de ningu\u00e9m\u201d, diz Ana. Mas, a partir dos 60 anos, a aposentada passou a enfrentar problemas de sa\u00fade e come\u00e7ou a cair sozinha com frequ\u00eancia. Durante o isolamento na pandemia de covid-19, Ana notou que a sa\u00fade da m\u00e3e piorou cada vez mais.<br \/>\n\u201cEla n\u00e3o queria sair da cama, n\u00e3o estava se alimentando direito e n\u00e3o tinha for\u00e7as para levantar sozinha. Ela tinha crises de ansiedade e p\u00e2nico\u201d, conta. Ana compartilhou com o irm\u00e3o a situa\u00e7\u00e3o de sua m\u00e3e, e eles decidiram buscar ajuda especializada. As duas foram morar com ele, que vive na regi\u00e3o de Campinas, no interior de S\u00e3o Paulo.<br \/>\n<strong>Uma decis\u00e3o dif\u00edcil<\/strong><br \/>\nAp\u00f3s diversos exames, Enila recebeu o diagn\u00f3stico: paralisia supranuclear progressiva. Essa \u00e9 uma doen\u00e7a degenerativa rara do sistema nervoso central que prejudica progressivamente os movimentos oculares volunt\u00e1rios e causa rigidez muscular, al\u00e9m de dem\u00eancia e dificuldades para se movimentar. N\u00e3o existe cura, os efeitos s\u00e3o progressivos, e os tratamentos buscam dar uma melhor qualidade de vida ao paciente. A condi\u00e7\u00e3o de Enila piorou rapidamente. &#8220;Minha m\u00e3e come\u00e7ou a usar andador porque as quedas se tornaram ainda mais frequentes\u201d, diz Ana.<br \/>\n\u201cComo ela sempre foi muito independente, era muito dif\u00edcil para ela aceitar que precisava de algu\u00e9m para coisas b\u00e1sicas, como pegar um copo de \u00e1gua na cozinha ou usar o banheiro.\u201d A necessidade de ajuda em atividades b\u00e1sicas do cotidiano, como tomar banho ou at\u00e9 mesmo trocar de roupa, faz parte da vida de cerca de 23% de idosos brasileiros, segundo o Estudo Longitudinal da Sa\u00fade dos Idosos Brasileiros (ELSI-Brasil) de 2018, um dos levantamentos mais recentes e completos sobre o tema. Para ajudar a m\u00e3e, os filhos de Enila contrataram uma cuidadora, mas ela pediu demiss\u00e3o meses depois, ap\u00f3s ser aprovada em um concurso p\u00fablico.<br \/>\n\u201cA gente n\u00e3o conseguiu achar nenhuma outra de confian\u00e7a\u201d, diz Ana.<br \/>\nNesse per\u00edodo, a filha se tornou a principal cuidadora de Enila. \u201cEu tinha apoio de uma mo\u00e7a que limpava a casa, mas ela n\u00e3o era uma cuidadora\u201d, conta Ana. \u201cEra muito dif\u00edcil para mim, porque, quando eu chegava em casa, depois do trabalho e da faculdade, minha m\u00e3e estava mal e me xingava porque eu n\u00e3o tinha passado o dia com ela. Eu s\u00f3 passava o dia com ela nos fins de semana. Comecei a ficar mal com tudo isso.\u201d Uma das situa\u00e7\u00f5es mais preocupantes para os filhos de Enila era quando ela tentava se locomover sozinha, se machucava e tinha de ser levada \u00e0s pressas ao hospital. Foi o irm\u00e3o de Ana quem falou pela primeira vez sobre levar a m\u00e3e para uma institui\u00e7\u00e3o para idosos.<br \/>\n\u201cA gente n\u00e3o tinha mais sa\u00edda, porque minha m\u00e3e precisava cada vez mais de cuidados o tempo todo e n\u00e3o aceitava esses cuidados de ningu\u00e9m que n\u00e3o fosse eu\u201d, diz Ana.<br \/>\n<strong>O preconceito com &#8216;asilos&#8217;<\/strong><br \/>\nAna resistiu a princ\u00edpio \u00e0 possibilidade de deixar a m\u00e3e em uma institui\u00e7\u00e3o, porque pensava que isso poderia ser ruim para a matriarca e ser encarado como um abandono.<br \/>\n&#8220;Mas por mais que eu quisesse muito, n\u00e3o conseguiria dar os cuidados necess\u00e1rios para ela ficar bem.\u201d Quando decidiu colocar a m\u00e3e em uma institui\u00e7\u00e3o, Ana enfrentou as cr\u00edticas de amigas de Enila.<br \/>\n\u201cElas n\u00e3o aceitaram e ficaram me mandando v\u00eddeos sobre abandono de idosos, falaram que isso era um absurdo\u201d, conta. \u201cCresci com essas amigas da minha m\u00e3e em casa, sempre as respeitei muito. Por isso, quando me mandaram essas coisas, s\u00f3 fiquei quieta.\u201d<br \/>\nO preconceito e a vis\u00e3o negativa sobre esse tipo de institui\u00e7\u00e3o s\u00e3o bastante comuns, dizem especialistas em sa\u00fade de idosos.<br \/>\nMas esses profissionais frisam que esses lugares representam formas de um idoso receber aten\u00e7\u00e3o adequada e de maneira profissional.<br \/>\nFalar sobre esses &#8220;asilos&#8221; ainda \u00e9 um tabu. Nas redes sociais existem in\u00fameros relatos de brigas familiares em que um parente quer colocar um idoso que precisa de cuidados em uma dessas institui\u00e7\u00f5es, enquanto outros discordam por achar que \u00e9 uma forma de abandono.<br \/>\nA geriatra Celene Pinheiro, presidente da Associa\u00e7\u00e3o Brasileira de Alzheimer e Outras Dem\u00eancias, regional de S\u00e3o Paulo (ABRAz-SP), diz que o preconceito com esse tipo de institui\u00e7\u00e3o persiste, embora possam ser fundamentais para muitas fam\u00edlias. \u201cMuitas pessoas t\u00eam uma vis\u00e3o antiga, como se fosse um local apenas para pessoas com vulnerabilidade que foram abandonadas. Mas essa n\u00e3o \u00e9 a realidade\u201d, afirma a m\u00e9dica.<br \/>\n\u201cMuitos n\u00e3o imaginam, mas as rela\u00e7\u00f5es entre os familiares, muitas vezes, se transformam positivamente, porque o familiar n\u00e3o vai mais ficar sobrecarregado com os cuidados com o idoso.\u201d<br \/>\nUm quarto dos familiares (25,8%) que precisam se tornar cuidadores deixam de trabalhar ou estudar para se dedicar em tempo integral ao idoso, segundo o estudo da ELSI-Brasil.<br \/>\nOs especialistas pontuam que as institui\u00e7\u00f5es para idosos t\u00eam sido cada vez mais necess\u00e1rias por conta das mudan\u00e7as nas caracter\u00edsticas das fam\u00edlias.<br \/>\nEntre as principais, est\u00e3o a inser\u00e7\u00e3o da mulher no mercado de trabalho; o envelhecimento da popula\u00e7\u00e3o; a queda da natalidade no pa\u00eds nos \u00faltimos anos e a consequente redu\u00e7\u00e3o do tamanho das fam\u00edlias.<br \/>\n\u201cAl\u00e9m disso, muitas vezes, cada filho vive em cidades ou at\u00e9 pa\u00edses diferentes&#8221;, diz Pinheiro.<br \/>\nMas apenas cerca de um quarto dos idosos que demandam maior aten\u00e7\u00e3o vivem em institui\u00e7\u00f5es, de acordo com levantamentos feitos por pesquisadores sobre o tema, aponta Naira Dutra Lemos, presidente do Departamento de Gerontologia da Sociedade Brasileira de Geriatria e Gerontologia (SBGG). \u201cMuita gente acha que o idoso vai perder la\u00e7o com a fam\u00edlia, o que n\u00e3o \u00e9 verdade\u201d, acrescenta Lemos.<br \/>\n&#8220;Pode acontecer de colocarem o idoso em uma institui\u00e7\u00e3o e n\u00e3o ter mais contato, claro, mas n\u00e3o \u00e9 s\u00f3 isso que ocorre.&#8221;<br \/>\n<strong>Falta de informa\u00e7\u00f5es<\/strong><br \/>\nSem dados oficiais sobre as institui\u00e7\u00f5es para idosos ou quantas pessoas vivem nelas, os pesquisadores brasileiros costumam fazer levantamentos por conta pr\u00f3pria. A reportagem procurou o Instituto Brasileiro de Geografia e Estat\u00edstica (IBGE), que disse que n\u00e3o possui essas informa\u00e7\u00f5es.<br \/>\nNo governo federal, o \u00fanico dado que consta \u00e9 originado de munic\u00edpios que encaminham voluntariamente \u00e0 Anvisa informa\u00e7\u00f5es sobre cadastros e inspe\u00e7\u00f5es nessas institui\u00e7\u00f5es. Mas s\u00e3o poucas as defesas civis municipais que passam esses n\u00fameros \u00e0 ag\u00eancia. Em raz\u00e3o disso, a Anvisa reconhece que n\u00e3o h\u00e1 um dado oficial sobre o total de institui\u00e7\u00f5es desse tipo no pa\u00eds. Em nota \u00e0 reportagem, a Anvisa aponta que os munic\u00edpios n\u00e3o s\u00e3o obrigados a enviar os n\u00fameros desse tipo de inspe\u00e7\u00e3o. A ag\u00eancia n\u00e3o descarta, por\u00e9m, exigir o repasse destas informa\u00e7\u00f5es no futuro, para dimensionar a situa\u00e7\u00e3o das institui\u00e7\u00f5es para idosos no Brasil.<br \/>\nAo todo, desde o in\u00edcio de 2023 at\u00e9 o come\u00e7o deste ano, foram encaminhadas 321 avalia\u00e7\u00f5es \u00e0 Anvisa, enviadas somente por 11 Estados \u2013 os demais n\u00e3o encaminharam essas informa\u00e7\u00f5es, segundo a ag\u00eancia. Minas Gerais foi o Estado que mais forneceu dados \u00e0 ag\u00eancia, com 234 relatos. J\u00e1 o Rio Grande do Sul enviou 52.<br \/>\nOs outros Estados que enviaram informa\u00e7\u00f5es foram a Para\u00edba (11 inspe\u00e7\u00f5es), S\u00e3o Paulo (6), Paran\u00e1 (5), Rio Grande do Norte (4), Par\u00e1 (4), Bahia (2), Goi\u00e1s (1), Mato Grosso do Sul (1) e Roraima (1).<br \/>\nPor meio dos levantamentos de estudiosos sobre o tema, \u00e9 poss\u00edvel notar o abismo entre a quantidade de inspe\u00e7\u00f5es encaminhadas \u00e0 Anvisa e a estimativa sobre a quantidade de institui\u00e7\u00f5es para idosos no pa\u00eds.<br \/>\nOs estudos de pesquisadores indicam que h\u00e1 pouco mais de 7 mil no Brasil, sendo que 74,6% s\u00e3o particulares, 25,4% s\u00e3o filantr\u00f3picas (sem fins lucrativos) e 6% s\u00e3o p\u00fablicas. Al\u00e9m disso, h\u00e1 uma grande disparidade regional, apontam os especialistas.<br \/>\n\u201cPouco mais da metade dos munic\u00edpios t\u00eam ILPIs, 55,62%, e quase metade n\u00e3o t\u00eam\u201d, diz Giacomin. &#8220;Alguns Estados t\u00eam mais, como S\u00e3o Paulo, Minas Gerais, Rio de Janeiro e Rio Grande do Sul. J\u00e1 outros, como Roraima, Amap\u00e1 e Acre, t\u00eam muito menos.&#8221; Nos \u00faltimos anos, os pesquisadores observaram um aumento das institui\u00e7\u00f5es privadas pelo pa\u00eds, enquanto as filantr\u00f3picas diminu\u00edram. \u201cEssas particulares n\u00e3o s\u00e3o s\u00f3 aquelas que t\u00eam alto luxo, porque, em um ter\u00e7o dessas privadas, s\u00e3o fam\u00edlias pobres que v\u00e3o l\u00e1 e pagam, mas funcionam de forma prec\u00e1ria\u201d, diz Giacomin.<br \/>\n<strong>E o poder p\u00fablico?<\/strong><br \/>\nA falta de pol\u00edticas p\u00fablicas relacionadas \u00e0s institui\u00e7\u00f5es para idosos contrasta com o envelhecimento do pa\u00eds. O n\u00famero de pessoas com mais 60 anos cresceu 56%, de 20,5 milh\u00f5es no Censo de 2010 para 32,1 milh\u00f5es no Censo de 2022. Esse grupo passou de 10,8% da popula\u00e7\u00e3o para 15,8% no mesmo per\u00edodo. A estimativa no pa\u00eds e no mundo \u00e9 que esse n\u00famero aumente ainda mais nas pr\u00f3ximas d\u00e9cadas.<br \/>\n\u201cOs estudos sobre envelhecimento falam em um aumento de at\u00e9 400% na demanda de cuidados de longa perman\u00eancia para pessoas idosas em pa\u00edses em desenvolvimento, como o Brasil, nos pr\u00f3ximos anos\u201d, diz Giacomin.<\/p>\n<p>&#8220;Ou seja, o governo precisa enxergar que h\u00e1 uma necessidade gigantesca que precisa ser vista e estudada para elencar as principais solu\u00e7\u00f5es, porque \u00e9 uma situa\u00e7\u00e3o extremamente complexa.&#8221;<br \/>\nPara a geriatra, o poder p\u00fablico deveria abrir mais institui\u00e7\u00f5es para idosos ou fazer conv\u00eanios com unidades particulares existentes.<br \/>\n&#8220;Al\u00e9m disso, precisa dar um suporte melhor para quem cuida de seus idosos em casa\u201d, acrescenta.<br \/>\nManter um idoso em uma institui\u00e7\u00e3o particular pode ser algo fora da realidade financeira da imensa maioria das fam\u00edlias brasileiras.<br \/>\n\u201cAquelas com os pre\u00e7os mais baratos, na maioria das vezes, n\u00e3o d\u00e3o a assist\u00eancia adequada\u201d, diz Naira Lemos, da SBGG.<br \/>\nNas poucas institui\u00e7\u00f5es p\u00fablicas que existem, as vagas s\u00e3o alocadas de acordo com crit\u00e9rios como vulnerabilidade econ\u00f4mica, den\u00fancias de maus tratos e aus\u00eancia de familiares pr\u00f3ximos.<br \/>\nEnquanto isso, dizem os especialistas, aqueles idosos que precisam de cuidados institucionais e s\u00e3o vulner\u00e1veis socialmente, mas t\u00eam familiares pr\u00f3ximos que se esfor\u00e7am para dar um suporte, n\u00e3o conseguem vagas nessas institui\u00e7\u00f5es p\u00fablicas e continuam dependendo integralmente dos cuidados dos parentes.<br \/>\nMesmo sem pol\u00edticas p\u00fablicas concretas para aumentar o n\u00famero dessas institui\u00e7\u00f5es p\u00fablicas, o governo federal afirma que o envelhecimento da popula\u00e7\u00e3o \u00e9 cada vez mais alvo de iniciativas do poder p\u00fablico.<br \/>\nO secret\u00e1rio Nacional dos Direitos da Pessoa Idosa do MDHC, Alexandre da Silva, diz \u00e0 BBC News Brasil que o governo federal busca aprimorar cada vez mais as discuss\u00f5es sobre essas institui\u00e7\u00f5es.<br \/>\n\u201cO ideal \u00e9 que o idoso escolha o lugar para onde ir, mas, dada a nossa desigualdade econ\u00f4mica, (o n\u00famero de institui\u00e7\u00f5es para idosos) \u00e9 pequeno, para um grupo muito pequeno. Uma ILPI que garanta qualidade sai por R$ 10 mil (mensais) ou mais\u201d, declara.<br \/>\nEle diz que o governo quer aprimorar cada vez mais as discuss\u00f5es sobre as institui\u00e7\u00f5es para idosos.<br \/>\nPor\u00e9m, Silva afirma que a falta de dados \u00e9 um problema que ainda precisa ser solucionado para debater pol\u00edticas p\u00fablicas sobre o tema.<br \/>\nO secret\u00e1rio defende ainda que as fam\u00edlias sejam capacitadas para cuidar de seus idosos.<br \/>\n\u201cQueremos qualificar as fam\u00edlias para esse cuidado, sem naturalizar os cuidados das mulheres. Quanto mais evitarmos a institucionaliza\u00e7\u00e3o das pessoas idosas, melhor para essas pessoas&#8221;, afirma Silva.<br \/>\n\u201cNem sempre \u00e9 poss\u00edvel, mas o familiar que quiser e puder ficar com idoso, cabe ao munic\u00edpio, Estado e governo federal criar meios. Mas, se n\u00e3o tiver outra op\u00e7\u00e3o, a\u00ed poderia buscar a ILPI.\u201d<br \/>\n<strong>A vida na institui\u00e7\u00e3o<\/strong><br \/>\nAna n\u00e3o viu outra alternativa no caso de sua m\u00e3e com o avan\u00e7o da doen\u00e7a de Enila.<br \/>\nEm agosto de 2021, ela contou para a aposentada que a levaria para uma institui\u00e7\u00e3o.<br \/>\n\u201cEla chorou, mas conversei didaticamente, expliquei que a gente n\u00e3o conseguia mais cuidar dela em casa\u201d, conta.<br \/>\nA conversa foi dif\u00edcil, admite Ana, mas Enila concordou.<br \/>\nOs especialistas dizem que esse di\u00e1logo com o idoso \u00e9 importante para que a pessoa entenda a import\u00e2ncia de ser levado para uma institui\u00e7\u00e3o.<br \/>\nEles pontuam ainda que o per\u00edodo de adapta\u00e7\u00e3o pode ser dif\u00edcil e, em alguns casos, pode ser necess\u00e1rio mudar para outro local.<br \/>\nAna visitou cinco institui\u00e7\u00f5es em Campinas at\u00e9 encontrar uma que considerou adequada.<br \/>\n\u201cEm alguns desses lugares, eu entrava e sentia uma energia pesada, e os lugares eram muito simples, e n\u00e3o sentia que daria o conforto que minha m\u00e3e precisava&#8221;, conta.<br \/>\n&#8220;Eu prezava muito pelo conforto dela, queria coloc\u00e1-la em um lugar legal e agrad\u00e1vel.\u201d<br \/>\nAna definiu alguns crit\u00e9rios: um local limpo, com profissionais qualificados e que pudesse receber visitas com frequ\u00eancia.<br \/>\n\u201cMeu irm\u00e3o recebeu uma indica\u00e7\u00e3o e fui conhecer, fiz entrevista com a respons\u00e1vel, vi um jardim que brilhou os meus olhos, porque a minha m\u00e3e sempre gostou da natureza. Escolhemos esse.\u201d<br \/>\nEm meados do ano passado, Enila pediu para mudar de institui\u00e7\u00e3o.<br \/>\n\u201cNingu\u00e9m tinha feito nada para ela, mas ela n\u00e3o queria mais ficar l\u00e1\u201d, explica Ana.<br \/>\nDesde junho de 2023, Enila vive em uma nova institui\u00e7\u00e3o. \u201cEla faz fisioterapias em grupo, pintura, charadinhas e tem v\u00e1rias a\u00e7\u00f5es bem legais\u201d, diz Ana.<br \/>\n\u201cN\u00e3o estar em casa \u00e9 algo que ainda mexe muito com ela &#8211; e com a gente tamb\u00e9m. Mas sinto que hoje ela entende que precisa estar l\u00e1 para ser cuidada e para as pessoas a ajudarem.\u201d<br \/>\nA aposentada tem hoje 65 anos, j\u00e1 n\u00e3o fala mais e precisa de cadeira de rodas para se locomover.<br \/>\nAna sente saudade, mas diz que est\u00e1 mais tranquila sobre a decis\u00e3o de deixar Enila em uma institui\u00e7\u00e3o.<br \/>\nEla continua visitando a m\u00e3e e a leva para passear sempre que poss\u00edvel.<br \/>\nMeses atr\u00e1s, uma das melhores amigas de Enila visitou a aposentada na institui\u00e7\u00e3o.<br \/>\nFoi um momento marcante, porque essa amiga havia criticado Ana no passado por ter deixado a m\u00e3e em uma institui\u00e7\u00e3o.<br \/>\n\u201cEla chorou e me pediu desculpas. Disse que estava errada, porque viu que eu continuo dando carinho e amor para a minha m\u00e3e.\u201d<br \/>\nRecentemente, Ana retomou um sonho que havia deixado de lado por conta da aten\u00e7\u00e3o que precisava dedicar \u00e0 m\u00e3e: est\u00e1 planejando um interc\u00e2mbio para trabalhar como bab\u00e1 nos Estados Unidos.<br \/>\n\u201cN\u00e3o me formei em uma faculdade porque desisti da que eu havia come\u00e7ado e vejo que preciso come\u00e7ar a construir a minha vida&#8221;, diz.<br \/>\n&#8220;Tenho que ter uma vida independente dela, porque sen\u00e3o, quando ela n\u00e3o estiver mais aqui, n\u00e3o sei o que pode acontecer comigo.\u201d<br \/>\nA jovem est\u00e1 confiante que a institui\u00e7\u00e3o e o seu irm\u00e3o dar\u00e3o os cuidados necess\u00e1rios no per\u00edodo em que ela estiver fora do pa\u00eds.<br \/>\n\u201cEla n\u00e3o vai ficar desamparada. O interc\u00e2mbio \u00e9 por mim e tamb\u00e9m por ela, que me criou para ser uma pessoa livre.\u201d (Fonte: BBC News)<\/p>\n","protected":false},"excerpt":{"rendered":"<p>Na inf\u00e2ncia, Ana Clara Lisboa ouvia a m\u00e3e falar sobre a import\u00e2ncia de ser uma mulher independente. \u201cEla sempre disse que a nossa maior riqueza \u00e9 ser livre\u201d, conta Ana. Foi essa liberdade que ela viu a aposentada Enila Guimar\u00e3es perder pouco a pouco nos \u00faltimos anos. Primeiro, Enila teve ataques de p\u00e2nico. Depois, crises [&hellip;]<\/p>\n","protected":false},"author":2,"featured_media":8952,"comment_status":"closed","ping_status":"closed","sticky":false,"template":"","format":"standard","meta":{"iawp_total_views":6,"footnotes":""},"categories":[15],"tags":[],"class_list":["post-8951","post","type-post","status-publish","format-standard","has-post-thumbnail","hentry","category-cidades-2"],"yoast_head":"<!-- This site is optimized with the Yoast SEO plugin v27.3 - https:\/\/yoast.com\/product\/yoast-seo-wordpress\/ -->\n<title>&quot;N\u00e3o tive sa\u00edda, coloquei minha m\u00e3e em uma institui\u00e7\u00e3o&#039;: o tabu sobre idosos em &#039;asilos&#039; &#8902; Blog da Condessa<\/title>\n<meta name=\"robots\" content=\"index, follow, max-snippet:-1, max-image-preview:large, max-video-preview:-1\" \/>\n<link rel=\"canonical\" href=\"https:\/\/blogdacondessa.com.br\/blog\/cidades-2\/nao-tive-saida-coloquei-minha-mae-em-uma-instituicao-o-tabu-sobre-idosos-em-asilos\/\" \/>\n<meta property=\"og:locale\" content=\"pt_BR\" \/>\n<meta property=\"og:type\" content=\"article\" \/>\n<meta property=\"og:title\" content=\"&quot;N\u00e3o tive sa\u00edda, coloquei minha m\u00e3e em uma institui\u00e7\u00e3o&#039;: o tabu sobre idosos em &#039;asilos&#039; &#8902; Blog da Condessa\" \/>\n<meta property=\"og:description\" content=\"Na inf\u00e2ncia, Ana Clara Lisboa ouvia a m\u00e3e falar sobre a import\u00e2ncia de ser uma mulher independente. \u201cEla sempre disse que a nossa maior riqueza \u00e9 ser livre\u201d, conta Ana. Foi essa liberdade que ela viu a aposentada Enila Guimar\u00e3es perder pouco a pouco nos \u00faltimos anos. Primeiro, Enila teve ataques de p\u00e2nico. Depois, crises [&hellip;]\" \/>\n<meta property=\"og:url\" content=\"https:\/\/blogdacondessa.com.br\/blog\/cidades-2\/nao-tive-saida-coloquei-minha-mae-em-uma-instituicao-o-tabu-sobre-idosos-em-asilos\/\" \/>\n<meta property=\"og:site_name\" content=\"Blog da Condessa\" \/>\n<meta property=\"article:published_time\" content=\"2024-01-21T09:00:42+00:00\" \/>\n<meta property=\"og:image\" content=\"https:\/\/blogdacondessa.com.br\/blog\/wp-content\/uploads\/2024\/01\/ASILOS.jpg\" \/>\n\t<meta property=\"og:image:width\" content=\"800\" \/>\n\t<meta property=\"og:image:height\" content=\"450\" \/>\n\t<meta property=\"og:image:type\" content=\"image\/jpeg\" \/>\n<meta name=\"author\" content=\"Blog da Condessa\" \/>\n<meta name=\"twitter:card\" content=\"summary_large_image\" \/>\n<meta name=\"twitter:label1\" content=\"Escrito por\" \/>\n\t<meta name=\"twitter:data1\" content=\"Blog da Condessa\" \/>\n\t<meta name=\"twitter:label2\" content=\"Est. tempo de leitura\" \/>\n\t<meta name=\"twitter:data2\" content=\"18 minutos\" \/>\n<script type=\"application\/ld+json\" class=\"yoast-schema-graph\">{\"@context\":\"https:\\\/\\\/schema.org\",\"@graph\":[{\"@type\":\"Article\",\"@id\":\"https:\\\/\\\/blogdacondessa.com.br\\\/blog\\\/cidades-2\\\/nao-tive-saida-coloquei-minha-mae-em-uma-instituicao-o-tabu-sobre-idosos-em-asilos\\\/#article\",\"isPartOf\":{\"@id\":\"https:\\\/\\\/blogdacondessa.com.br\\\/blog\\\/cidades-2\\\/nao-tive-saida-coloquei-minha-mae-em-uma-instituicao-o-tabu-sobre-idosos-em-asilos\\\/\"},\"author\":{\"name\":\"Blog da Condessa\",\"@id\":\"https:\\\/\\\/blogdacondessa.com.br\\\/blog\\\/#\\\/schema\\\/person\\\/1d667ff8b785195b568677489d266035\"},\"headline\":\"&#8220;N\u00e3o tive sa\u00edda, coloquei minha m\u00e3e em uma institui\u00e7\u00e3o&#8217;: o tabu sobre idosos em &#8216;asilos&#8217;\",\"datePublished\":\"2024-01-21T09:00:42+00:00\",\"mainEntityOfPage\":{\"@id\":\"https:\\\/\\\/blogdacondessa.com.br\\\/blog\\\/cidades-2\\\/nao-tive-saida-coloquei-minha-mae-em-uma-instituicao-o-tabu-sobre-idosos-em-asilos\\\/\"},\"wordCount\":3389,\"image\":{\"@id\":\"https:\\\/\\\/blogdacondessa.com.br\\\/blog\\\/cidades-2\\\/nao-tive-saida-coloquei-minha-mae-em-uma-instituicao-o-tabu-sobre-idosos-em-asilos\\\/#primaryimage\"},\"thumbnailUrl\":\"https:\\\/\\\/blogdacondessa.com.br\\\/blog\\\/wp-content\\\/uploads\\\/2024\\\/01\\\/ASILOS.jpg\",\"articleSection\":[\"Nacional\"],\"inLanguage\":\"pt-BR\"},{\"@type\":\"WebPage\",\"@id\":\"https:\\\/\\\/blogdacondessa.com.br\\\/blog\\\/cidades-2\\\/nao-tive-saida-coloquei-minha-mae-em-uma-instituicao-o-tabu-sobre-idosos-em-asilos\\\/\",\"url\":\"https:\\\/\\\/blogdacondessa.com.br\\\/blog\\\/cidades-2\\\/nao-tive-saida-coloquei-minha-mae-em-uma-instituicao-o-tabu-sobre-idosos-em-asilos\\\/\",\"name\":\"\\\"N\u00e3o tive sa\u00edda, coloquei minha m\u00e3e em uma institui\u00e7\u00e3o': o tabu sobre idosos em 'asilos' &#8902; Blog da Condessa\",\"isPartOf\":{\"@id\":\"https:\\\/\\\/blogdacondessa.com.br\\\/blog\\\/#website\"},\"primaryImageOfPage\":{\"@id\":\"https:\\\/\\\/blogdacondessa.com.br\\\/blog\\\/cidades-2\\\/nao-tive-saida-coloquei-minha-mae-em-uma-instituicao-o-tabu-sobre-idosos-em-asilos\\\/#primaryimage\"},\"image\":{\"@id\":\"https:\\\/\\\/blogdacondessa.com.br\\\/blog\\\/cidades-2\\\/nao-tive-saida-coloquei-minha-mae-em-uma-instituicao-o-tabu-sobre-idosos-em-asilos\\\/#primaryimage\"},\"thumbnailUrl\":\"https:\\\/\\\/blogdacondessa.com.br\\\/blog\\\/wp-content\\\/uploads\\\/2024\\\/01\\\/ASILOS.jpg\",\"datePublished\":\"2024-01-21T09:00:42+00:00\",\"author\":{\"@id\":\"https:\\\/\\\/blogdacondessa.com.br\\\/blog\\\/#\\\/schema\\\/person\\\/1d667ff8b785195b568677489d266035\"},\"breadcrumb\":{\"@id\":\"https:\\\/\\\/blogdacondessa.com.br\\\/blog\\\/cidades-2\\\/nao-tive-saida-coloquei-minha-mae-em-uma-instituicao-o-tabu-sobre-idosos-em-asilos\\\/#breadcrumb\"},\"inLanguage\":\"pt-BR\",\"potentialAction\":[{\"@type\":\"ReadAction\",\"target\":[\"https:\\\/\\\/blogdacondessa.com.br\\\/blog\\\/cidades-2\\\/nao-tive-saida-coloquei-minha-mae-em-uma-instituicao-o-tabu-sobre-idosos-em-asilos\\\/\"]}]},{\"@type\":\"ImageObject\",\"inLanguage\":\"pt-BR\",\"@id\":\"https:\\\/\\\/blogdacondessa.com.br\\\/blog\\\/cidades-2\\\/nao-tive-saida-coloquei-minha-mae-em-uma-instituicao-o-tabu-sobre-idosos-em-asilos\\\/#primaryimage\",\"url\":\"https:\\\/\\\/blogdacondessa.com.br\\\/blog\\\/wp-content\\\/uploads\\\/2024\\\/01\\\/ASILOS.jpg\",\"contentUrl\":\"https:\\\/\\\/blogdacondessa.com.br\\\/blog\\\/wp-content\\\/uploads\\\/2024\\\/01\\\/ASILOS.jpg\",\"width\":800,\"height\":450,\"caption\":\"Foto: Getty Images\"},{\"@type\":\"BreadcrumbList\",\"@id\":\"https:\\\/\\\/blogdacondessa.com.br\\\/blog\\\/cidades-2\\\/nao-tive-saida-coloquei-minha-mae-em-uma-instituicao-o-tabu-sobre-idosos-em-asilos\\\/#breadcrumb\",\"itemListElement\":[{\"@type\":\"ListItem\",\"position\":1,\"name\":\"In\u00edcio\",\"item\":\"https:\\\/\\\/blogdacondessa.com.br\\\/blog\\\/\"},{\"@type\":\"ListItem\",\"position\":2,\"name\":\"&#8220;N\u00e3o tive sa\u00edda, coloquei minha m\u00e3e em uma institui\u00e7\u00e3o&#8217;: o tabu sobre idosos em &#8216;asilos&#8217;\"}]},{\"@type\":\"WebSite\",\"@id\":\"https:\\\/\\\/blogdacondessa.com.br\\\/blog\\\/#website\",\"url\":\"https:\\\/\\\/blogdacondessa.com.br\\\/blog\\\/\",\"name\":\"Blog da Condessa\",\"description\":\"Com Shirley de Souza O\u2019Campos\",\"potentialAction\":[{\"@type\":\"SearchAction\",\"target\":{\"@type\":\"EntryPoint\",\"urlTemplate\":\"https:\\\/\\\/blogdacondessa.com.br\\\/blog\\\/?s={search_term_string}\"},\"query-input\":{\"@type\":\"PropertyValueSpecification\",\"valueRequired\":true,\"valueName\":\"search_term_string\"}}],\"inLanguage\":\"pt-BR\"},{\"@type\":\"Person\",\"@id\":\"https:\\\/\\\/blogdacondessa.com.br\\\/blog\\\/#\\\/schema\\\/person\\\/1d667ff8b785195b568677489d266035\",\"name\":\"Blog da Condessa\",\"image\":{\"@type\":\"ImageObject\",\"inLanguage\":\"pt-BR\",\"@id\":\"https:\\\/\\\/secure.gravatar.com\\\/avatar\\\/377c0eb8b4ad2bfc25461b41564b5971e721ca34a57642868fc7b0c8ac7b52c5?s=96&d=mm&r=g\",\"url\":\"https:\\\/\\\/secure.gravatar.com\\\/avatar\\\/377c0eb8b4ad2bfc25461b41564b5971e721ca34a57642868fc7b0c8ac7b52c5?s=96&d=mm&r=g\",\"contentUrl\":\"https:\\\/\\\/secure.gravatar.com\\\/avatar\\\/377c0eb8b4ad2bfc25461b41564b5971e721ca34a57642868fc7b0c8ac7b52c5?s=96&d=mm&r=g\",\"caption\":\"Blog da Condessa\"},\"url\":\"https:\\\/\\\/blogdacondessa.com.br\\\/blog\\\/author\\\/beatriz\\\/\"}]}<\/script>\n<!-- \/ Yoast SEO plugin. -->","yoast_head_json":{"title":"\"N\u00e3o tive sa\u00edda, coloquei minha m\u00e3e em uma institui\u00e7\u00e3o': o tabu sobre idosos em 'asilos' &#8902; Blog da Condessa","robots":{"index":"index","follow":"follow","max-snippet":"max-snippet:-1","max-image-preview":"max-image-preview:large","max-video-preview":"max-video-preview:-1"},"canonical":"https:\/\/blogdacondessa.com.br\/blog\/cidades-2\/nao-tive-saida-coloquei-minha-mae-em-uma-instituicao-o-tabu-sobre-idosos-em-asilos\/","og_locale":"pt_BR","og_type":"article","og_title":"\"N\u00e3o tive sa\u00edda, coloquei minha m\u00e3e em uma institui\u00e7\u00e3o': o tabu sobre idosos em 'asilos' &#8902; Blog da Condessa","og_description":"Na inf\u00e2ncia, Ana Clara Lisboa ouvia a m\u00e3e falar sobre a import\u00e2ncia de ser uma mulher independente. \u201cEla sempre disse que a nossa maior riqueza \u00e9 ser livre\u201d, conta Ana. Foi essa liberdade que ela viu a aposentada Enila Guimar\u00e3es perder pouco a pouco nos \u00faltimos anos. Primeiro, Enila teve ataques de p\u00e2nico. Depois, crises [&hellip;]","og_url":"https:\/\/blogdacondessa.com.br\/blog\/cidades-2\/nao-tive-saida-coloquei-minha-mae-em-uma-instituicao-o-tabu-sobre-idosos-em-asilos\/","og_site_name":"Blog da Condessa","article_published_time":"2024-01-21T09:00:42+00:00","og_image":[{"width":800,"height":450,"url":"https:\/\/blogdacondessa.com.br\/blog\/wp-content\/uploads\/2024\/01\/ASILOS.jpg","type":"image\/jpeg"}],"author":"Blog da Condessa","twitter_card":"summary_large_image","twitter_misc":{"Escrito por":"Blog da Condessa","Est. tempo de leitura":"18 minutos"},"schema":{"@context":"https:\/\/schema.org","@graph":[{"@type":"Article","@id":"https:\/\/blogdacondessa.com.br\/blog\/cidades-2\/nao-tive-saida-coloquei-minha-mae-em-uma-instituicao-o-tabu-sobre-idosos-em-asilos\/#article","isPartOf":{"@id":"https:\/\/blogdacondessa.com.br\/blog\/cidades-2\/nao-tive-saida-coloquei-minha-mae-em-uma-instituicao-o-tabu-sobre-idosos-em-asilos\/"},"author":{"name":"Blog da Condessa","@id":"https:\/\/blogdacondessa.com.br\/blog\/#\/schema\/person\/1d667ff8b785195b568677489d266035"},"headline":"&#8220;N\u00e3o tive sa\u00edda, coloquei minha m\u00e3e em uma institui\u00e7\u00e3o&#8217;: o tabu sobre idosos em &#8216;asilos&#8217;","datePublished":"2024-01-21T09:00:42+00:00","mainEntityOfPage":{"@id":"https:\/\/blogdacondessa.com.br\/blog\/cidades-2\/nao-tive-saida-coloquei-minha-mae-em-uma-instituicao-o-tabu-sobre-idosos-em-asilos\/"},"wordCount":3389,"image":{"@id":"https:\/\/blogdacondessa.com.br\/blog\/cidades-2\/nao-tive-saida-coloquei-minha-mae-em-uma-instituicao-o-tabu-sobre-idosos-em-asilos\/#primaryimage"},"thumbnailUrl":"https:\/\/blogdacondessa.com.br\/blog\/wp-content\/uploads\/2024\/01\/ASILOS.jpg","articleSection":["Nacional"],"inLanguage":"pt-BR"},{"@type":"WebPage","@id":"https:\/\/blogdacondessa.com.br\/blog\/cidades-2\/nao-tive-saida-coloquei-minha-mae-em-uma-instituicao-o-tabu-sobre-idosos-em-asilos\/","url":"https:\/\/blogdacondessa.com.br\/blog\/cidades-2\/nao-tive-saida-coloquei-minha-mae-em-uma-instituicao-o-tabu-sobre-idosos-em-asilos\/","name":"\"N\u00e3o tive sa\u00edda, coloquei minha m\u00e3e em uma institui\u00e7\u00e3o': o tabu sobre idosos em 'asilos' &#8902; Blog da Condessa","isPartOf":{"@id":"https:\/\/blogdacondessa.com.br\/blog\/#website"},"primaryImageOfPage":{"@id":"https:\/\/blogdacondessa.com.br\/blog\/cidades-2\/nao-tive-saida-coloquei-minha-mae-em-uma-instituicao-o-tabu-sobre-idosos-em-asilos\/#primaryimage"},"image":{"@id":"https:\/\/blogdacondessa.com.br\/blog\/cidades-2\/nao-tive-saida-coloquei-minha-mae-em-uma-instituicao-o-tabu-sobre-idosos-em-asilos\/#primaryimage"},"thumbnailUrl":"https:\/\/blogdacondessa.com.br\/blog\/wp-content\/uploads\/2024\/01\/ASILOS.jpg","datePublished":"2024-01-21T09:00:42+00:00","author":{"@id":"https:\/\/blogdacondessa.com.br\/blog\/#\/schema\/person\/1d667ff8b785195b568677489d266035"},"breadcrumb":{"@id":"https:\/\/blogdacondessa.com.br\/blog\/cidades-2\/nao-tive-saida-coloquei-minha-mae-em-uma-instituicao-o-tabu-sobre-idosos-em-asilos\/#breadcrumb"},"inLanguage":"pt-BR","potentialAction":[{"@type":"ReadAction","target":["https:\/\/blogdacondessa.com.br\/blog\/cidades-2\/nao-tive-saida-coloquei-minha-mae-em-uma-instituicao-o-tabu-sobre-idosos-em-asilos\/"]}]},{"@type":"ImageObject","inLanguage":"pt-BR","@id":"https:\/\/blogdacondessa.com.br\/blog\/cidades-2\/nao-tive-saida-coloquei-minha-mae-em-uma-instituicao-o-tabu-sobre-idosos-em-asilos\/#primaryimage","url":"https:\/\/blogdacondessa.com.br\/blog\/wp-content\/uploads\/2024\/01\/ASILOS.jpg","contentUrl":"https:\/\/blogdacondessa.com.br\/blog\/wp-content\/uploads\/2024\/01\/ASILOS.jpg","width":800,"height":450,"caption":"Foto: Getty Images"},{"@type":"BreadcrumbList","@id":"https:\/\/blogdacondessa.com.br\/blog\/cidades-2\/nao-tive-saida-coloquei-minha-mae-em-uma-instituicao-o-tabu-sobre-idosos-em-asilos\/#breadcrumb","itemListElement":[{"@type":"ListItem","position":1,"name":"In\u00edcio","item":"https:\/\/blogdacondessa.com.br\/blog\/"},{"@type":"ListItem","position":2,"name":"&#8220;N\u00e3o tive sa\u00edda, coloquei minha m\u00e3e em uma institui\u00e7\u00e3o&#8217;: o tabu sobre idosos em &#8216;asilos&#8217;"}]},{"@type":"WebSite","@id":"https:\/\/blogdacondessa.com.br\/blog\/#website","url":"https:\/\/blogdacondessa.com.br\/blog\/","name":"Blog da Condessa","description":"Com Shirley de Souza O\u2019Campos","potentialAction":[{"@type":"SearchAction","target":{"@type":"EntryPoint","urlTemplate":"https:\/\/blogdacondessa.com.br\/blog\/?s={search_term_string}"},"query-input":{"@type":"PropertyValueSpecification","valueRequired":true,"valueName":"search_term_string"}}],"inLanguage":"pt-BR"},{"@type":"Person","@id":"https:\/\/blogdacondessa.com.br\/blog\/#\/schema\/person\/1d667ff8b785195b568677489d266035","name":"Blog da Condessa","image":{"@type":"ImageObject","inLanguage":"pt-BR","@id":"https:\/\/secure.gravatar.com\/avatar\/377c0eb8b4ad2bfc25461b41564b5971e721ca34a57642868fc7b0c8ac7b52c5?s=96&d=mm&r=g","url":"https:\/\/secure.gravatar.com\/avatar\/377c0eb8b4ad2bfc25461b41564b5971e721ca34a57642868fc7b0c8ac7b52c5?s=96&d=mm&r=g","contentUrl":"https:\/\/secure.gravatar.com\/avatar\/377c0eb8b4ad2bfc25461b41564b5971e721ca34a57642868fc7b0c8ac7b52c5?s=96&d=mm&r=g","caption":"Blog da Condessa"},"url":"https:\/\/blogdacondessa.com.br\/blog\/author\/beatriz\/"}]}},"_links":{"self":[{"href":"https:\/\/blogdacondessa.com.br\/blog\/wp-json\/wp\/v2\/posts\/8951","targetHints":{"allow":["GET"]}}],"collection":[{"href":"https:\/\/blogdacondessa.com.br\/blog\/wp-json\/wp\/v2\/posts"}],"about":[{"href":"https:\/\/blogdacondessa.com.br\/blog\/wp-json\/wp\/v2\/types\/post"}],"author":[{"embeddable":true,"href":"https:\/\/blogdacondessa.com.br\/blog\/wp-json\/wp\/v2\/users\/2"}],"replies":[{"embeddable":true,"href":"https:\/\/blogdacondessa.com.br\/blog\/wp-json\/wp\/v2\/comments?post=8951"}],"version-history":[{"count":0,"href":"https:\/\/blogdacondessa.com.br\/blog\/wp-json\/wp\/v2\/posts\/8951\/revisions"}],"wp:featuredmedia":[{"embeddable":true,"href":"https:\/\/blogdacondessa.com.br\/blog\/wp-json\/wp\/v2\/media\/8952"}],"wp:attachment":[{"href":"https:\/\/blogdacondessa.com.br\/blog\/wp-json\/wp\/v2\/media?parent=8951"}],"wp:term":[{"taxonomy":"category","embeddable":true,"href":"https:\/\/blogdacondessa.com.br\/blog\/wp-json\/wp\/v2\/categories?post=8951"},{"taxonomy":"post_tag","embeddable":true,"href":"https:\/\/blogdacondessa.com.br\/blog\/wp-json\/wp\/v2\/tags?post=8951"}],"curies":[{"name":"wp","href":"https:\/\/api.w.org\/{rel}","templated":true}]}}