{"id":8948,"date":"2024-01-21T05:00:39","date_gmt":"2024-01-21T09:00:39","guid":{"rendered":"http:\/\/blogdacondessa.com.br\/?p=8948"},"modified":"2024-01-20T17:12:27","modified_gmt":"2024-01-20T21:12:27","slug":"a-historia-da-festa-que-comecou-ha-77-anos","status":"publish","type":"post","link":"https:\/\/blogdacondessa.com.br\/blog\/cidades\/a-historia-da-festa-que-comecou-ha-77-anos\/","title":{"rendered":"A hist\u00f3ria da festa que come\u00e7ou h\u00e1 77 anos"},"content":{"rendered":"<p>Tradicional Festa de S\u00e3o Sebasti\u00e3o ter\u00e1 card\u00e1pio gratuito. Ser\u00e3o 4 dias de programa\u00e7\u00e3o, com direito a ch\u00e1 com bolo, almo\u00e7o, jantar, apresenta\u00e7\u00e3o de cururueiros, siriri, lambad\u00e3o, rasqueado e pagode.<br \/>\nFim de semana tem 77 anos de tradi\u00e7\u00e3o e muita f\u00e9, no bairro Parque Ohara, em Cuiab\u00e1, com a grandiosa Festa de S\u00e3o Sebasti\u00e3o e Nossa Senhora Aparecida, nos dias 19, 20, 21 e 22 de janeiro, em Cuiab\u00e1! Come\u00e7ou na sexta-feira, com um grande encontro de cururueiros de Santo Ant\u00f4nio do Leverger, V\u00e1rzea Grande e de Cuiab\u00e1, o tradicional jantar, servido gratuitamente, e segue com o Levantamento de Mastro, prociss\u00e3o e Reza Cantada at\u00e9 o amanhecer.<br \/>\nDona Matilde e o esposo Daniel Silva, do grupo Flor do Campo, convidam a popula\u00e7\u00e3o cuiabana para o evento, que ter\u00e1 o card\u00e1pio servido gratuito todos os dias, al\u00e9m de muito Lambad\u00e3o, Rasqueado, Siriri e Pagode, ao vivo.<\/p>\n<p>A Associa\u00e7\u00e3o Flor do Campo \u00e9 um grupo familiar, comandado por dona Matilde, composto por 12 pares para o Siriri, cinco tocadores e cinco mulheres no backing vocal, que h\u00e1 41 anos dan\u00e7am, cantam e tocam, fazendo a batida da saia, o gingado do corpo e o pisado tradicional apote\u00f3tico!<br \/>\n\u201cA raiz n\u00e3o pode ser deixada de lado para se fazer o bom Siriri!\u201d Esse \u00e9 o lema do Flor do Campo, cuja identidade \u00e9 a dan\u00e7a, com f\u00e9 e devo\u00e7\u00e3o, principalmente a S\u00e3o Sebasti\u00e3o, que \u00e9 o grande motivo da festa.<br \/>\nA hist\u00f3ria da festa<br \/>\n\u201cMeu sogro que come\u00e7ou essa festa. Ele teve a doen\u00e7a chamada \u2018fogo selvagem\u2019 e foi para Campo Grande (MS) enrolado em folhas de bananeira, muito mal. Um dia ele se sentou embaixo de uma \u00e1rvore, atr\u00e1s do hospital, e disse: &#8211; Oh, meu S\u00e3o Sebasti\u00e3o, se v\u00f3s me curar eu vou trocar de santo e fazer uma festa todo ano \u00e0 S\u00e3o Sebasti\u00e3o. N\u00e3o foi nem 15 dias e ele se curou. Ficou com o corpo limpo e nem parecia que ele tinha tido a doen\u00e7a\u201d, conta dona Matilde.<br \/>\nE assim come\u00e7ou a festa, h\u00e1 77 anos, no bairro S\u00e3o Francisco, no \u201cQuebra Pote\u201d, onde foi realizada por muitos anos. J\u00e1 no leito de morte de Narciso Sampaio reuniu os filhos e pediu que todos dessem continuidade, pois era o santo padroeiro da fam\u00edlia deles.<br \/>\nQuem deu continuidade ap\u00f3s a morte do sogro foi o pai de Matilde, o senhor Leocardio da Silva, por 20 anos. \u201cA\u00ed meu pai faleceu e ficou eu e o meu marido fazendo essa festa\u201d. Isso j\u00e1 tem uns 21 anos no comando do casal Silva.<br \/>\nFizeram por cinco anos fora do quintal, at\u00e9 decidirem fazer no pr\u00f3prio espa\u00e7o, em casa, onde tamb\u00e9m \u00e9 sede do Flor do Campo, com a cozinha no fundo dela.<br \/>\nS\u00e3o Sebasti\u00e3o \u00e9 o padroeiro do grupo Flor do Campo e Nossa Senhora Aparecida, do Flor do Jardim, que \u00e9 o grupo de Siriri infantil da fam\u00edlia. Por isso, o nome dos dois na festa.<br \/>\nA 77\u00aa edi\u00e7\u00e3o da Festa de S\u00e3o Sebasti\u00e3o e Nossa Senhora Aparecida faz parte do projeto Tradi\u00e7\u00e3o e F\u00e9, com realiza\u00e7\u00e3o do Instituto INCA-Inclus\u00e3o, Cidadania e A\u00e7\u00e3o, patroc\u00ednio da Secretaria de Estado de Cultura, Esporte e Lazer (Secel-MT), por meio de emenda parlamentar impositiva do deputado Wilson Santos, e apoio da Assembleia Legislativa de Mato Grosso.<br \/>\nO grupo Flor do Campo<br \/>\nA associa\u00e7\u00e3o Cultural Flor do Campo, \u00e9 uma entidade civil, com natureza associativa sem fins lucrativos que atua no segmento da cultura popular, h\u00e1 41 anos, tornando-se um dos Grupos mais tradicionais de Cuiab\u00e1.<br \/>\nFundado por dona Matilde, leg\u00edtima cuiabana, de 68 anos (05 de mar\u00e7o de 1955), que aprendeu a dan\u00e7ar o Siriri desde crian\u00e7a. O Flor do Campo nasceu em um dos lugares mais tradicionais de Cuiab\u00e1: a Ponte do Coxip\u00f3 que foi palco nascedouro, cujos pais, irm\u00e3 e os amigos Luiz Marques, dona Domingas, Ant\u00f4nia e seu Candi, mestres da cultura popular incentivaram a cria\u00e7\u00e3o do grupo, na d\u00e9cada de 80.<\/p>\n<p>Por sugest\u00e3o de seu Luiz Marques e por morarem mais afastados da cidade, o grupo recebeu o nome de Flor do Campo, que foi acatado por dona Matilde e sua gente, em 1982, e fundado oficialmente em 08 de mar\u00e7o 1886.<br \/>\nSua lideran\u00e7a feminina, negra e ancestral, mant\u00e9m o grupo vivo e lutando pela tradi\u00e7\u00e3o raiz, com a dan\u00e7a, a confec\u00e7\u00e3o do tran\u00e7ado afro, passada por gera\u00e7\u00f5es, e agora o samba pela filha Dany Silva, com o grupo de Pagode Silva.<br \/>\n&#8220;O Siriri mexe com a gente, \u00e9 no batuque do tambor que d\u00e1 movimento, isso \u00e9 ancestral, por isso precisamos manter, porque \u00e9 t\u00e3o dif\u00edcil continuar a lutar pela tradi\u00e7\u00e3o&#8221;, ressalta Matilde.<br \/>\nAp\u00f3s o quintal de dona Matilde ter sido inventariado como um dos 10 quintais que salvaguardam a cultura popular cuiabana, no projeto Quintais da Cultura Popular Cuiabana (feito durante a pandemia), tamb\u00e9m foi sinalizado pelo Instituto INCA como uma comunidade quilombola urbana, em Cuiab\u00e1, por meio das a\u00e7\u00f5es do projeto Ponto de Cultura INCA. Eles tiveram mentoria para que o grupo chegasse a esse entendimento, com a ideia de fortalecer o grupo e mudar a realidade de sua situa\u00e7\u00e3o social, em Educa\u00e7\u00e3o e Renda, e fazer avan\u00e7ar em seus sonhos, al\u00e9m da cultura popular regional que j\u00e1 conhecem e sabem fazer.<br \/>\nPara isso contou com consultorias em Comunica\u00e7\u00e3o nas Redes Sociais, Jur\u00eddica, Educa\u00e7\u00e3o financeira e de autossustentabilidade e salvaguardar desses grupos, com modelos de neg\u00f3cios vi\u00e1veis aos gestores dos quintais, por meio da metodologia Canvas, com um profissional da Bahia, o arquiteto e urbanista baiano, \u00c9raldi Peterson, que atua em comunidades que deram resultado, em seu Estado.<br \/>\nO Grupo j\u00e1 se apresentou em diversas cidades de Mato Grosso e outros Estados do Brasil: nos munic\u00edpios de Cuiab\u00e1, T\u00e1purah, Jaciara, Nobres, Ros\u00e1rio Oeste, Juara, Primavera do Leste, Nova Mutum, Juscimeira, Barra do Gar\u00e7as Barra do Bugres; e fora: Ol\u00edmpia (SP), Terezina (PI), Bras\u00edlia (DF), Londrina (PR) e, recentemente, em Salvador (BA).<br \/>\n<strong>PROGRAMA\u00c7\u00c3O<\/strong><br \/>\nNa sexta-feira (19), a programa\u00e7\u00e3o come\u00e7ou \u00e0s 20h, com o Cururu, em um grande encontro de cururueiros vindo de Santo Ant\u00f4nio do Leverger, V\u00e1rzea Grande e de Cuiab\u00e1, e segue com o tradicional jantar, servido gratuitamente. Ap\u00f3s, continua com o Levantamento de Mastro, que ter\u00e1 uma pequena prociss\u00e3o que sai do Altar da Festa, com os cururueiros cantando e fazendo trovas e versos ritmados, at\u00e9 o final da Travessa Tapirap\u00e9s, esquina com a Rua dos Pardais, no Parque Ohara, na regi\u00e3o do Coxip\u00f3, em Cuiab\u00e1. Ent\u00e3o, retornam ao Altar, onde acontece a Reza Cantada e os cururueiros seguem at\u00e9 o amanhecer, revezando entre eles, de 25 a 30.<br \/>\nNo s\u00e1bado (20), a Missa come\u00e7a \u00e0s 8h, e segue com o Ch\u00e1 Com Bolo, \u00e0s 9h30, tamb\u00e9m servido gratuitamente. E \u00e0 noite acontece o grande Bail\u00e3o, com as bandas Os Federais, Real Som, Embalo Sim e Mega Som, a partir das 22h.<br \/>\nNo Domingo (21), \u00e0s 10h, ter\u00e1 apresenta\u00e7\u00e3o de Siriri, almo\u00e7o gratuito, \u00e0s 11h, seguido com o Pagode Silva, a partir do meio-dia, e \u00e0s 14h j\u00e1 come\u00e7a o Bail\u00e3o.<br \/>\nSegunda-feira (22), bem cedo, ter\u00e1 a descida do Mastro, e meio-dia a tradicional Feijoada do Grupo Flor do Campo, servido gratuitamente. E continua com o Grupo Pagode Silva e Lambad\u00e3o.<br \/>\n<strong>Servi\u00e7o<\/strong><br \/>\nA festa ser\u00e1 realizada no Quintal Flor do Campo, localizado na avenida Tapirap\u00e9s, quadra 05, casa 04, esquina com a rua dos Pardais, no bairro Parque Ohara, na regi\u00e3o do Coxip\u00f3, em Cuiab\u00e1.<\/p>\n","protected":false},"excerpt":{"rendered":"<p>Tradicional Festa de S\u00e3o Sebasti\u00e3o ter\u00e1 card\u00e1pio gratuito. Ser\u00e3o 4 dias de programa\u00e7\u00e3o, com direito a ch\u00e1 com bolo, almo\u00e7o, jantar, apresenta\u00e7\u00e3o de cururueiros, siriri, lambad\u00e3o, rasqueado e pagode. Fim de semana tem 77 anos de tradi\u00e7\u00e3o e muita f\u00e9, no bairro Parque Ohara, em Cuiab\u00e1, com a grandiosa Festa de S\u00e3o Sebasti\u00e3o e Nossa [&hellip;]<\/p>\n","protected":false},"author":2,"featured_media":8949,"comment_status":"closed","ping_status":"closed","sticky":false,"template":"","format":"standard","meta":{"iawp_total_views":17,"footnotes":""},"categories":[12],"tags":[],"class_list":["post-8948","post","type-post","status-publish","format-standard","has-post-thumbnail","hentry","category-cidades"],"yoast_head":"<!-- This site is optimized with the Yoast SEO plugin v27.3 - https:\/\/yoast.com\/product\/yoast-seo-wordpress\/ -->\n<title>A hist\u00f3ria da festa que come\u00e7ou h\u00e1 77 anos &#8902; Blog da Condessa<\/title>\n<meta name=\"robots\" content=\"index, follow, max-snippet:-1, max-image-preview:large, max-video-preview:-1\" \/>\n<link rel=\"canonical\" href=\"https:\/\/blogdacondessa.com.br\/blog\/cidades\/a-historia-da-festa-que-comecou-ha-77-anos\/\" \/>\n<meta property=\"og:locale\" content=\"pt_BR\" \/>\n<meta property=\"og:type\" content=\"article\" \/>\n<meta property=\"og:title\" content=\"A hist\u00f3ria da festa que come\u00e7ou h\u00e1 77 anos &#8902; Blog da Condessa\" \/>\n<meta property=\"og:description\" content=\"Tradicional Festa de S\u00e3o Sebasti\u00e3o ter\u00e1 card\u00e1pio gratuito. Ser\u00e3o 4 dias de programa\u00e7\u00e3o, com direito a ch\u00e1 com bolo, almo\u00e7o, jantar, apresenta\u00e7\u00e3o de cururueiros, siriri, lambad\u00e3o, rasqueado e pagode. Fim de semana tem 77 anos de tradi\u00e7\u00e3o e muita f\u00e9, no bairro Parque Ohara, em Cuiab\u00e1, com a grandiosa Festa de S\u00e3o Sebasti\u00e3o e Nossa [&hellip;]\" \/>\n<meta property=\"og:url\" content=\"https:\/\/blogdacondessa.com.br\/blog\/cidades\/a-historia-da-festa-que-comecou-ha-77-anos\/\" \/>\n<meta property=\"og:site_name\" content=\"Blog da Condessa\" \/>\n<meta property=\"article:published_time\" content=\"2024-01-21T09:00:39+00:00\" \/>\n<meta property=\"og:image\" content=\"https:\/\/blogdacondessa.com.br\/blog\/wp-content\/uploads\/2024\/01\/sao-sebatiao.jpg\" \/>\n\t<meta property=\"og:image:width\" content=\"759\" \/>\n\t<meta property=\"og:image:height\" content=\"440\" \/>\n\t<meta property=\"og:image:type\" content=\"image\/jpeg\" \/>\n<meta name=\"author\" content=\"Blog da Condessa\" \/>\n<meta name=\"twitter:card\" content=\"summary_large_image\" \/>\n<meta name=\"twitter:label1\" content=\"Escrito por\" \/>\n\t<meta name=\"twitter:data1\" content=\"Blog da Condessa\" \/>\n\t<meta name=\"twitter:label2\" content=\"Est. tempo de leitura\" \/>\n\t<meta name=\"twitter:data2\" content=\"7 minutos\" \/>\n<script type=\"application\/ld+json\" class=\"yoast-schema-graph\">{\"@context\":\"https:\\\/\\\/schema.org\",\"@graph\":[{\"@type\":\"Article\",\"@id\":\"https:\\\/\\\/blogdacondessa.com.br\\\/blog\\\/cidades\\\/a-historia-da-festa-que-comecou-ha-77-anos\\\/#article\",\"isPartOf\":{\"@id\":\"https:\\\/\\\/blogdacondessa.com.br\\\/blog\\\/cidades\\\/a-historia-da-festa-que-comecou-ha-77-anos\\\/\"},\"author\":{\"name\":\"Blog da Condessa\",\"@id\":\"https:\\\/\\\/blogdacondessa.com.br\\\/blog\\\/#\\\/schema\\\/person\\\/1d667ff8b785195b568677489d266035\"},\"headline\":\"A hist\u00f3ria da festa que come\u00e7ou h\u00e1 77 anos\",\"datePublished\":\"2024-01-21T09:00:39+00:00\",\"mainEntityOfPage\":{\"@id\":\"https:\\\/\\\/blogdacondessa.com.br\\\/blog\\\/cidades\\\/a-historia-da-festa-que-comecou-ha-77-anos\\\/\"},\"wordCount\":1301,\"image\":{\"@id\":\"https:\\\/\\\/blogdacondessa.com.br\\\/blog\\\/cidades\\\/a-historia-da-festa-que-comecou-ha-77-anos\\\/#primaryimage\"},\"thumbnailUrl\":\"https:\\\/\\\/blogdacondessa.com.br\\\/blog\\\/wp-content\\\/uploads\\\/2024\\\/01\\\/sao-sebatiao.jpg\",\"articleSection\":[\"Cidades\"],\"inLanguage\":\"pt-BR\"},{\"@type\":\"WebPage\",\"@id\":\"https:\\\/\\\/blogdacondessa.com.br\\\/blog\\\/cidades\\\/a-historia-da-festa-que-comecou-ha-77-anos\\\/\",\"url\":\"https:\\\/\\\/blogdacondessa.com.br\\\/blog\\\/cidades\\\/a-historia-da-festa-que-comecou-ha-77-anos\\\/\",\"name\":\"A hist\u00f3ria da festa que come\u00e7ou h\u00e1 77 anos &#8902; Blog da Condessa\",\"isPartOf\":{\"@id\":\"https:\\\/\\\/blogdacondessa.com.br\\\/blog\\\/#website\"},\"primaryImageOfPage\":{\"@id\":\"https:\\\/\\\/blogdacondessa.com.br\\\/blog\\\/cidades\\\/a-historia-da-festa-que-comecou-ha-77-anos\\\/#primaryimage\"},\"image\":{\"@id\":\"https:\\\/\\\/blogdacondessa.com.br\\\/blog\\\/cidades\\\/a-historia-da-festa-que-comecou-ha-77-anos\\\/#primaryimage\"},\"thumbnailUrl\":\"https:\\\/\\\/blogdacondessa.com.br\\\/blog\\\/wp-content\\\/uploads\\\/2024\\\/01\\\/sao-sebatiao.jpg\",\"datePublished\":\"2024-01-21T09:00:39+00:00\",\"author\":{\"@id\":\"https:\\\/\\\/blogdacondessa.com.br\\\/blog\\\/#\\\/schema\\\/person\\\/1d667ff8b785195b568677489d266035\"},\"breadcrumb\":{\"@id\":\"https:\\\/\\\/blogdacondessa.com.br\\\/blog\\\/cidades\\\/a-historia-da-festa-que-comecou-ha-77-anos\\\/#breadcrumb\"},\"inLanguage\":\"pt-BR\",\"potentialAction\":[{\"@type\":\"ReadAction\",\"target\":[\"https:\\\/\\\/blogdacondessa.com.br\\\/blog\\\/cidades\\\/a-historia-da-festa-que-comecou-ha-77-anos\\\/\"]}]},{\"@type\":\"ImageObject\",\"inLanguage\":\"pt-BR\",\"@id\":\"https:\\\/\\\/blogdacondessa.com.br\\\/blog\\\/cidades\\\/a-historia-da-festa-que-comecou-ha-77-anos\\\/#primaryimage\",\"url\":\"https:\\\/\\\/blogdacondessa.com.br\\\/blog\\\/wp-content\\\/uploads\\\/2024\\\/01\\\/sao-sebatiao.jpg\",\"contentUrl\":\"https:\\\/\\\/blogdacondessa.com.br\\\/blog\\\/wp-content\\\/uploads\\\/2024\\\/01\\\/sao-sebatiao.jpg\",\"width\":759,\"height\":440,\"caption\":\"Foto: Assessoria\"},{\"@type\":\"BreadcrumbList\",\"@id\":\"https:\\\/\\\/blogdacondessa.com.br\\\/blog\\\/cidades\\\/a-historia-da-festa-que-comecou-ha-77-anos\\\/#breadcrumb\",\"itemListElement\":[{\"@type\":\"ListItem\",\"position\":1,\"name\":\"In\u00edcio\",\"item\":\"https:\\\/\\\/blogdacondessa.com.br\\\/blog\\\/\"},{\"@type\":\"ListItem\",\"position\":2,\"name\":\"A hist\u00f3ria da festa que come\u00e7ou h\u00e1 77 anos\"}]},{\"@type\":\"WebSite\",\"@id\":\"https:\\\/\\\/blogdacondessa.com.br\\\/blog\\\/#website\",\"url\":\"https:\\\/\\\/blogdacondessa.com.br\\\/blog\\\/\",\"name\":\"Blog da Condessa\",\"description\":\"Com Shirley de Souza O\u2019Campos\",\"potentialAction\":[{\"@type\":\"SearchAction\",\"target\":{\"@type\":\"EntryPoint\",\"urlTemplate\":\"https:\\\/\\\/blogdacondessa.com.br\\\/blog\\\/?s={search_term_string}\"},\"query-input\":{\"@type\":\"PropertyValueSpecification\",\"valueRequired\":true,\"valueName\":\"search_term_string\"}}],\"inLanguage\":\"pt-BR\"},{\"@type\":\"Person\",\"@id\":\"https:\\\/\\\/blogdacondessa.com.br\\\/blog\\\/#\\\/schema\\\/person\\\/1d667ff8b785195b568677489d266035\",\"name\":\"Blog da Condessa\",\"image\":{\"@type\":\"ImageObject\",\"inLanguage\":\"pt-BR\",\"@id\":\"https:\\\/\\\/secure.gravatar.com\\\/avatar\\\/377c0eb8b4ad2bfc25461b41564b5971e721ca34a57642868fc7b0c8ac7b52c5?s=96&d=mm&r=g\",\"url\":\"https:\\\/\\\/secure.gravatar.com\\\/avatar\\\/377c0eb8b4ad2bfc25461b41564b5971e721ca34a57642868fc7b0c8ac7b52c5?s=96&d=mm&r=g\",\"contentUrl\":\"https:\\\/\\\/secure.gravatar.com\\\/avatar\\\/377c0eb8b4ad2bfc25461b41564b5971e721ca34a57642868fc7b0c8ac7b52c5?s=96&d=mm&r=g\",\"caption\":\"Blog da Condessa\"},\"url\":\"https:\\\/\\\/blogdacondessa.com.br\\\/blog\\\/author\\\/beatriz\\\/\"}]}<\/script>\n<!-- \/ Yoast SEO plugin. -->","yoast_head_json":{"title":"A hist\u00f3ria da festa que come\u00e7ou h\u00e1 77 anos &#8902; Blog da Condessa","robots":{"index":"index","follow":"follow","max-snippet":"max-snippet:-1","max-image-preview":"max-image-preview:large","max-video-preview":"max-video-preview:-1"},"canonical":"https:\/\/blogdacondessa.com.br\/blog\/cidades\/a-historia-da-festa-que-comecou-ha-77-anos\/","og_locale":"pt_BR","og_type":"article","og_title":"A hist\u00f3ria da festa que come\u00e7ou h\u00e1 77 anos &#8902; Blog da Condessa","og_description":"Tradicional Festa de S\u00e3o Sebasti\u00e3o ter\u00e1 card\u00e1pio gratuito. Ser\u00e3o 4 dias de programa\u00e7\u00e3o, com direito a ch\u00e1 com bolo, almo\u00e7o, jantar, apresenta\u00e7\u00e3o de cururueiros, siriri, lambad\u00e3o, rasqueado e pagode. Fim de semana tem 77 anos de tradi\u00e7\u00e3o e muita f\u00e9, no bairro Parque Ohara, em Cuiab\u00e1, com a grandiosa Festa de S\u00e3o Sebasti\u00e3o e Nossa [&hellip;]","og_url":"https:\/\/blogdacondessa.com.br\/blog\/cidades\/a-historia-da-festa-que-comecou-ha-77-anos\/","og_site_name":"Blog da Condessa","article_published_time":"2024-01-21T09:00:39+00:00","og_image":[{"width":759,"height":440,"url":"https:\/\/blogdacondessa.com.br\/blog\/wp-content\/uploads\/2024\/01\/sao-sebatiao.jpg","type":"image\/jpeg"}],"author":"Blog da Condessa","twitter_card":"summary_large_image","twitter_misc":{"Escrito por":"Blog da Condessa","Est. tempo de leitura":"7 minutos"},"schema":{"@context":"https:\/\/schema.org","@graph":[{"@type":"Article","@id":"https:\/\/blogdacondessa.com.br\/blog\/cidades\/a-historia-da-festa-que-comecou-ha-77-anos\/#article","isPartOf":{"@id":"https:\/\/blogdacondessa.com.br\/blog\/cidades\/a-historia-da-festa-que-comecou-ha-77-anos\/"},"author":{"name":"Blog da Condessa","@id":"https:\/\/blogdacondessa.com.br\/blog\/#\/schema\/person\/1d667ff8b785195b568677489d266035"},"headline":"A hist\u00f3ria da festa que come\u00e7ou h\u00e1 77 anos","datePublished":"2024-01-21T09:00:39+00:00","mainEntityOfPage":{"@id":"https:\/\/blogdacondessa.com.br\/blog\/cidades\/a-historia-da-festa-que-comecou-ha-77-anos\/"},"wordCount":1301,"image":{"@id":"https:\/\/blogdacondessa.com.br\/blog\/cidades\/a-historia-da-festa-que-comecou-ha-77-anos\/#primaryimage"},"thumbnailUrl":"https:\/\/blogdacondessa.com.br\/blog\/wp-content\/uploads\/2024\/01\/sao-sebatiao.jpg","articleSection":["Cidades"],"inLanguage":"pt-BR"},{"@type":"WebPage","@id":"https:\/\/blogdacondessa.com.br\/blog\/cidades\/a-historia-da-festa-que-comecou-ha-77-anos\/","url":"https:\/\/blogdacondessa.com.br\/blog\/cidades\/a-historia-da-festa-que-comecou-ha-77-anos\/","name":"A hist\u00f3ria da festa que come\u00e7ou h\u00e1 77 anos &#8902; Blog da Condessa","isPartOf":{"@id":"https:\/\/blogdacondessa.com.br\/blog\/#website"},"primaryImageOfPage":{"@id":"https:\/\/blogdacondessa.com.br\/blog\/cidades\/a-historia-da-festa-que-comecou-ha-77-anos\/#primaryimage"},"image":{"@id":"https:\/\/blogdacondessa.com.br\/blog\/cidades\/a-historia-da-festa-que-comecou-ha-77-anos\/#primaryimage"},"thumbnailUrl":"https:\/\/blogdacondessa.com.br\/blog\/wp-content\/uploads\/2024\/01\/sao-sebatiao.jpg","datePublished":"2024-01-21T09:00:39+00:00","author":{"@id":"https:\/\/blogdacondessa.com.br\/blog\/#\/schema\/person\/1d667ff8b785195b568677489d266035"},"breadcrumb":{"@id":"https:\/\/blogdacondessa.com.br\/blog\/cidades\/a-historia-da-festa-que-comecou-ha-77-anos\/#breadcrumb"},"inLanguage":"pt-BR","potentialAction":[{"@type":"ReadAction","target":["https:\/\/blogdacondessa.com.br\/blog\/cidades\/a-historia-da-festa-que-comecou-ha-77-anos\/"]}]},{"@type":"ImageObject","inLanguage":"pt-BR","@id":"https:\/\/blogdacondessa.com.br\/blog\/cidades\/a-historia-da-festa-que-comecou-ha-77-anos\/#primaryimage","url":"https:\/\/blogdacondessa.com.br\/blog\/wp-content\/uploads\/2024\/01\/sao-sebatiao.jpg","contentUrl":"https:\/\/blogdacondessa.com.br\/blog\/wp-content\/uploads\/2024\/01\/sao-sebatiao.jpg","width":759,"height":440,"caption":"Foto: Assessoria"},{"@type":"BreadcrumbList","@id":"https:\/\/blogdacondessa.com.br\/blog\/cidades\/a-historia-da-festa-que-comecou-ha-77-anos\/#breadcrumb","itemListElement":[{"@type":"ListItem","position":1,"name":"In\u00edcio","item":"https:\/\/blogdacondessa.com.br\/blog\/"},{"@type":"ListItem","position":2,"name":"A hist\u00f3ria da festa que come\u00e7ou h\u00e1 77 anos"}]},{"@type":"WebSite","@id":"https:\/\/blogdacondessa.com.br\/blog\/#website","url":"https:\/\/blogdacondessa.com.br\/blog\/","name":"Blog da Condessa","description":"Com Shirley de Souza O\u2019Campos","potentialAction":[{"@type":"SearchAction","target":{"@type":"EntryPoint","urlTemplate":"https:\/\/blogdacondessa.com.br\/blog\/?s={search_term_string}"},"query-input":{"@type":"PropertyValueSpecification","valueRequired":true,"valueName":"search_term_string"}}],"inLanguage":"pt-BR"},{"@type":"Person","@id":"https:\/\/blogdacondessa.com.br\/blog\/#\/schema\/person\/1d667ff8b785195b568677489d266035","name":"Blog da Condessa","image":{"@type":"ImageObject","inLanguage":"pt-BR","@id":"https:\/\/secure.gravatar.com\/avatar\/377c0eb8b4ad2bfc25461b41564b5971e721ca34a57642868fc7b0c8ac7b52c5?s=96&d=mm&r=g","url":"https:\/\/secure.gravatar.com\/avatar\/377c0eb8b4ad2bfc25461b41564b5971e721ca34a57642868fc7b0c8ac7b52c5?s=96&d=mm&r=g","contentUrl":"https:\/\/secure.gravatar.com\/avatar\/377c0eb8b4ad2bfc25461b41564b5971e721ca34a57642868fc7b0c8ac7b52c5?s=96&d=mm&r=g","caption":"Blog da Condessa"},"url":"https:\/\/blogdacondessa.com.br\/blog\/author\/beatriz\/"}]}},"_links":{"self":[{"href":"https:\/\/blogdacondessa.com.br\/blog\/wp-json\/wp\/v2\/posts\/8948","targetHints":{"allow":["GET"]}}],"collection":[{"href":"https:\/\/blogdacondessa.com.br\/blog\/wp-json\/wp\/v2\/posts"}],"about":[{"href":"https:\/\/blogdacondessa.com.br\/blog\/wp-json\/wp\/v2\/types\/post"}],"author":[{"embeddable":true,"href":"https:\/\/blogdacondessa.com.br\/blog\/wp-json\/wp\/v2\/users\/2"}],"replies":[{"embeddable":true,"href":"https:\/\/blogdacondessa.com.br\/blog\/wp-json\/wp\/v2\/comments?post=8948"}],"version-history":[{"count":0,"href":"https:\/\/blogdacondessa.com.br\/blog\/wp-json\/wp\/v2\/posts\/8948\/revisions"}],"wp:featuredmedia":[{"embeddable":true,"href":"https:\/\/blogdacondessa.com.br\/blog\/wp-json\/wp\/v2\/media\/8949"}],"wp:attachment":[{"href":"https:\/\/blogdacondessa.com.br\/blog\/wp-json\/wp\/v2\/media?parent=8948"}],"wp:term":[{"taxonomy":"category","embeddable":true,"href":"https:\/\/blogdacondessa.com.br\/blog\/wp-json\/wp\/v2\/categories?post=8948"},{"taxonomy":"post_tag","embeddable":true,"href":"https:\/\/blogdacondessa.com.br\/blog\/wp-json\/wp\/v2\/tags?post=8948"}],"curies":[{"name":"wp","href":"https:\/\/api.w.org\/{rel}","templated":true}]}}