{"id":8927,"date":"2024-01-17T05:00:36","date_gmt":"2024-01-17T09:00:36","guid":{"rendered":"http:\/\/blogdacondessa.com.br\/?p=8927"},"modified":"2024-01-15T17:25:52","modified_gmt":"2024-01-15T21:25:52","slug":"cantora-cuiabana-fara-show-com-musicas-autorais-ineditas","status":"publish","type":"post","link":"https:\/\/blogdacondessa.com.br\/blog\/geral\/cantora-cuiabana-fara-show-com-musicas-autorais-ineditas\/","title":{"rendered":"Cantora cuiabana far\u00e1 show com m\u00fasicas autorais in\u00e9ditas"},"content":{"rendered":"<p>O evento tamb\u00e9m ter\u00e1 participa\u00e7\u00f5es de Mariana Badan, Paula Shaira e Izafeh.<br \/>\nCantora e compositora cuiabana, Aranyn realiza show na terra na pr\u00f3xima sexta-feira (19), no est\u00fadio SUMAC Records, como uma premiere de m\u00fasicas que ir\u00e3o compor seu pr\u00f3ximo lan\u00e7amento, um EP em fase produ\u00e7\u00e3o. O evento conta com apresenta\u00e7\u00f5es de artistas convidadas a partir de 20h. Os ingressos est\u00e3o \u00e0 venda no link: http:\/\/bit.ly\/3ROoQmg.<br \/>\n&#8220;Esse show \u00e9 um momento que planejei com muito carinho e que faz parte da constru\u00e7\u00e3o do meu caminho no autoral E realiz\u00e1-lo na Sumac \u00e9 me conectar com um time que t\u00e1 de olho no novo, investindo e movimentando o cen\u00e1rio autoral em Cuiab\u00e1, apresentando possibilidades de experimentar rol\u00eas inovadores. Proposta que se encaixa perfeitamente com o que quero apresentar&#8221;, afirma Aranyn.<br \/>\nO show de Aranyn \u00e9 viabilizado pela Secretaria de Estado de Cultura, Esporte e Lazer (Secel-MT), por meio do Edital Viver Cultura, com o apoio da IMEDI-MT que, por sua vez, possibilitou a vinda da banda que acompanha a artista em S\u00e3o Paulo em primeira apresenta\u00e7\u00e3o em Cuiab\u00e1.<br \/>\nO evento ter\u00e1 participa\u00e7\u00f5es de Mariana Badan, Paula Chiara e Izafeh. Segundo Aranyn, convidadas representativas do talento e da for\u00e7a feminina na m\u00fasica cuiabana.<br \/>\n&#8220;Quando a equipe me perguntou que mensagem eu gostaria de passar com as minhas m\u00fasicas e meu show, uma das primeiras coisas que disse foi sobre o poder e a solidariedade entre as mulheres. \u00c9 sobre a nossa for\u00e7a pra correr atr\u00e1s de tudo aquilo que queremos e a import\u00e2ncia de nos apoiarmos umas \u00e0s outras&#8221;, destaca Aranyn.<br \/>\n<strong>Mix de autorais e releituras: do pop \u00e0 MPB<\/strong><br \/>\nNo show, Aranyn apresenta um repert\u00f3rio que, al\u00e9m das can\u00e7\u00f5es autorais, conta com releituras que passeiam entre a MPB e o pop, com um pitada de m\u00fasica eletr\u00f4nica. Um movimento da artista de apresentar tamb\u00e9m as suas refer\u00eancias e inspira\u00e7\u00f5es, como faz em Aranyn Sessions, projeto audiovisual que est\u00e1 em sua segunda temporada no Youtube.<br \/>\n&#8220;Nos \u00faltimos meses lancei vers\u00f5es de hits que me inspiram para preparar o p\u00fablico sobre o que esperar das minhas m\u00fasicas. Mas existe esse fator surpresa que \u00e9 a composi\u00e7\u00e3o final de um mix de covers com can\u00e7\u00f5es autorais&#8221;, explica Aranyn.<br \/>\n&#8220;Sexta-feira&#8221; e &#8220;Cores&#8221; s\u00e3o suas produ\u00e7\u00f5es j\u00e1 lan\u00e7adas e que ir\u00e3o compor o show e o EP. A primeira est\u00e1 dispon\u00edvel nas principais plataformas digitais e, ambas, em vers\u00f5es no formato session. E enquanto as in\u00e9ditas ainda n\u00e3o est\u00e3o lan\u00e7adas, Aranyn liberou uma playlist no Spotify com m\u00fasicas que ir\u00e1 interpretar: &#8220;pra galera j\u00e1 ir ensaiada&#8221;, convoca a artista.<br \/>\n<strong>Aranyn<\/strong><br \/>\nMultifacetada, Aranyn Campos \u00e9 cantora, compositora e atriz natural de Cuiab\u00e1 (MT). Aos 18 anos, decidiu sair de casa para buscar as oportunidades que, \u00e0 \u00e9poca, lhe faltaram em Mato Grosso para se profissionalizar. Em S\u00e3o Paulo (SP), ela estudou Teatro, Canto, Atua\u00e7\u00e3o para TV e Cinema e Teatro Musical.<br \/>\nSeu trabalho de estreia na m\u00fasica, o single \u2018Sexta-feira\u2019 est\u00e1 dispon\u00edvel nas principais plataformas digitais (Spotify, Deezer, Apple Music e Tidal) e tem videoclipe no Youtube. Na produ\u00e7\u00e3o audiovisual lan\u00e7ada em 2021, Aranyn atuou como co-diretora, roteirista e atriz principal.<br \/>\nNo projeto Aranyn Sessions, a artista apresenta releituras de can\u00e7\u00f5es e compositores que a inspiram. Na primeira temporada, realizada em 2020, interpretou can\u00e7\u00f5es de Djavan e Dua Lipa, al\u00e9m de um cl\u00e1ssico do blues feminino. Na segunda temporada, estreou com hit pop de Miley Cyrus e apresentou releituras de Marina Sena e Luedji Luna, revela\u00e7\u00f5es da m\u00fasica brasileira, al\u00e9m de sua mais nova autoral &#8216;Cores&#8217;.<br \/>\nAranyn tamb\u00e9m \u00e9 idealizadora e autora do v\u00eddeo-poesia \u2018SOLAR\u2019, contemplado em edital da Lei Aldir Blanc 2020. Como atriz, integrou o elenco das s\u00e9ries \u20183%\u2019 e \u2018De volta aos 15\u2019, da Netflix, e \u2018Aruanas\u2019, da Globoplay, al\u00e9m de diversas campanhas publicit\u00e1rias para grandes marcas.<br \/>\n<strong>Servi\u00e7o<\/strong><br \/>\nO que: Aranyn &#8211; Show de lan\u00e7amento<br \/>\nQuando: 19\/01, sexta-feira<br \/>\nOnde: SUMAC Records &#8211; R. Tri\u00e2ngulo e Fraternidade, n 33, Ara\u00e9s, Cuiab\u00e1\/MT.<br \/>\nQuanto: R$ 10,00 (lote promocional)<br \/>\nIngressos: dispon\u00edveis no site da SUMAC, pelo link http:\/\/bit.ly\/3ROoQmg<\/p>\n","protected":false},"excerpt":{"rendered":"<p>O evento tamb\u00e9m ter\u00e1 participa\u00e7\u00f5es de Mariana Badan, Paula Shaira e Izafeh. Cantora e compositora cuiabana, Aranyn realiza show na terra na pr\u00f3xima sexta-feira (19), no est\u00fadio SUMAC Records, como uma premiere de m\u00fasicas que ir\u00e3o compor seu pr\u00f3ximo lan\u00e7amento, um EP em fase produ\u00e7\u00e3o. O evento conta com apresenta\u00e7\u00f5es de artistas convidadas a partir [&hellip;]<\/p>\n","protected":false},"author":2,"featured_media":8928,"comment_status":"closed","ping_status":"closed","sticky":false,"template":"","format":"standard","meta":{"iawp_total_views":1,"footnotes":""},"categories":[16],"tags":[],"class_list":["post-8927","post","type-post","status-publish","format-standard","has-post-thumbnail","hentry","category-geral"],"yoast_head":"<!-- This site is optimized with the Yoast SEO plugin v27.3 - https:\/\/yoast.com\/product\/yoast-seo-wordpress\/ -->\n<title>Cantora cuiabana far\u00e1 show com m\u00fasicas autorais in\u00e9ditas &#8902; Blog da Condessa<\/title>\n<meta name=\"robots\" content=\"index, follow, max-snippet:-1, max-image-preview:large, max-video-preview:-1\" \/>\n<link rel=\"canonical\" href=\"https:\/\/blogdacondessa.com.br\/blog\/geral\/cantora-cuiabana-fara-show-com-musicas-autorais-ineditas\/\" \/>\n<meta property=\"og:locale\" content=\"pt_BR\" \/>\n<meta property=\"og:type\" content=\"article\" \/>\n<meta property=\"og:title\" content=\"Cantora cuiabana far\u00e1 show com m\u00fasicas autorais in\u00e9ditas &#8902; Blog da Condessa\" \/>\n<meta property=\"og:description\" content=\"O evento tamb\u00e9m ter\u00e1 participa\u00e7\u00f5es de Mariana Badan, Paula Shaira e Izafeh. Cantora e compositora cuiabana, Aranyn realiza show na terra na pr\u00f3xima sexta-feira (19), no est\u00fadio SUMAC Records, como uma premiere de m\u00fasicas que ir\u00e3o compor seu pr\u00f3ximo lan\u00e7amento, um EP em fase produ\u00e7\u00e3o. O evento conta com apresenta\u00e7\u00f5es de artistas convidadas a partir [&hellip;]\" \/>\n<meta property=\"og:url\" content=\"https:\/\/blogdacondessa.com.br\/blog\/geral\/cantora-cuiabana-fara-show-com-musicas-autorais-ineditas\/\" \/>\n<meta property=\"og:site_name\" content=\"Blog da Condessa\" \/>\n<meta property=\"article:published_time\" content=\"2024-01-17T09:00:36+00:00\" \/>\n<meta property=\"og:image\" content=\"https:\/\/blogdacondessa.com.br\/blog\/wp-content\/uploads\/2024\/01\/compositora-cuiabana.jpeg\" \/>\n\t<meta property=\"og:image:width\" content=\"913\" \/>\n\t<meta property=\"og:image:height\" content=\"649\" \/>\n\t<meta property=\"og:image:type\" content=\"image\/jpeg\" \/>\n<meta name=\"author\" content=\"Blog da Condessa\" \/>\n<meta name=\"twitter:card\" content=\"summary_large_image\" \/>\n<meta name=\"twitter:label1\" content=\"Escrito por\" \/>\n\t<meta name=\"twitter:data1\" content=\"Blog da Condessa\" \/>\n\t<meta name=\"twitter:label2\" content=\"Est. tempo de leitura\" \/>\n\t<meta name=\"twitter:data2\" content=\"4 minutos\" \/>\n<script type=\"application\/ld+json\" class=\"yoast-schema-graph\">{\"@context\":\"https:\\\/\\\/schema.org\",\"@graph\":[{\"@type\":\"Article\",\"@id\":\"https:\\\/\\\/blogdacondessa.com.br\\\/blog\\\/geral\\\/cantora-cuiabana-fara-show-com-musicas-autorais-ineditas\\\/#article\",\"isPartOf\":{\"@id\":\"https:\\\/\\\/blogdacondessa.com.br\\\/blog\\\/geral\\\/cantora-cuiabana-fara-show-com-musicas-autorais-ineditas\\\/\"},\"author\":{\"name\":\"Blog da Condessa\",\"@id\":\"https:\\\/\\\/blogdacondessa.com.br\\\/blog\\\/#\\\/schema\\\/person\\\/1d667ff8b785195b568677489d266035\"},\"headline\":\"Cantora cuiabana far\u00e1 show com m\u00fasicas autorais in\u00e9ditas\",\"datePublished\":\"2024-01-17T09:00:36+00:00\",\"mainEntityOfPage\":{\"@id\":\"https:\\\/\\\/blogdacondessa.com.br\\\/blog\\\/geral\\\/cantora-cuiabana-fara-show-com-musicas-autorais-ineditas\\\/\"},\"wordCount\":727,\"image\":{\"@id\":\"https:\\\/\\\/blogdacondessa.com.br\\\/blog\\\/geral\\\/cantora-cuiabana-fara-show-com-musicas-autorais-ineditas\\\/#primaryimage\"},\"thumbnailUrl\":\"https:\\\/\\\/blogdacondessa.com.br\\\/blog\\\/wp-content\\\/uploads\\\/2024\\\/01\\\/compositora-cuiabana.jpeg\",\"articleSection\":[\"Variedades\"],\"inLanguage\":\"pt-BR\"},{\"@type\":\"WebPage\",\"@id\":\"https:\\\/\\\/blogdacondessa.com.br\\\/blog\\\/geral\\\/cantora-cuiabana-fara-show-com-musicas-autorais-ineditas\\\/\",\"url\":\"https:\\\/\\\/blogdacondessa.com.br\\\/blog\\\/geral\\\/cantora-cuiabana-fara-show-com-musicas-autorais-ineditas\\\/\",\"name\":\"Cantora cuiabana far\u00e1 show com m\u00fasicas autorais in\u00e9ditas &#8902; Blog da Condessa\",\"isPartOf\":{\"@id\":\"https:\\\/\\\/blogdacondessa.com.br\\\/blog\\\/#website\"},\"primaryImageOfPage\":{\"@id\":\"https:\\\/\\\/blogdacondessa.com.br\\\/blog\\\/geral\\\/cantora-cuiabana-fara-show-com-musicas-autorais-ineditas\\\/#primaryimage\"},\"image\":{\"@id\":\"https:\\\/\\\/blogdacondessa.com.br\\\/blog\\\/geral\\\/cantora-cuiabana-fara-show-com-musicas-autorais-ineditas\\\/#primaryimage\"},\"thumbnailUrl\":\"https:\\\/\\\/blogdacondessa.com.br\\\/blog\\\/wp-content\\\/uploads\\\/2024\\\/01\\\/compositora-cuiabana.jpeg\",\"datePublished\":\"2024-01-17T09:00:36+00:00\",\"author\":{\"@id\":\"https:\\\/\\\/blogdacondessa.com.br\\\/blog\\\/#\\\/schema\\\/person\\\/1d667ff8b785195b568677489d266035\"},\"breadcrumb\":{\"@id\":\"https:\\\/\\\/blogdacondessa.com.br\\\/blog\\\/geral\\\/cantora-cuiabana-fara-show-com-musicas-autorais-ineditas\\\/#breadcrumb\"},\"inLanguage\":\"pt-BR\",\"potentialAction\":[{\"@type\":\"ReadAction\",\"target\":[\"https:\\\/\\\/blogdacondessa.com.br\\\/blog\\\/geral\\\/cantora-cuiabana-fara-show-com-musicas-autorais-ineditas\\\/\"]}]},{\"@type\":\"ImageObject\",\"inLanguage\":\"pt-BR\",\"@id\":\"https:\\\/\\\/blogdacondessa.com.br\\\/blog\\\/geral\\\/cantora-cuiabana-fara-show-com-musicas-autorais-ineditas\\\/#primaryimage\",\"url\":\"https:\\\/\\\/blogdacondessa.com.br\\\/blog\\\/wp-content\\\/uploads\\\/2024\\\/01\\\/compositora-cuiabana.jpeg\",\"contentUrl\":\"https:\\\/\\\/blogdacondessa.com.br\\\/blog\\\/wp-content\\\/uploads\\\/2024\\\/01\\\/compositora-cuiabana.jpeg\",\"width\":913,\"height\":649,\"caption\":\"Foto: Assessoria\"},{\"@type\":\"BreadcrumbList\",\"@id\":\"https:\\\/\\\/blogdacondessa.com.br\\\/blog\\\/geral\\\/cantora-cuiabana-fara-show-com-musicas-autorais-ineditas\\\/#breadcrumb\",\"itemListElement\":[{\"@type\":\"ListItem\",\"position\":1,\"name\":\"In\u00edcio\",\"item\":\"https:\\\/\\\/blogdacondessa.com.br\\\/blog\\\/\"},{\"@type\":\"ListItem\",\"position\":2,\"name\":\"Cantora cuiabana far\u00e1 show com m\u00fasicas autorais in\u00e9ditas\"}]},{\"@type\":\"WebSite\",\"@id\":\"https:\\\/\\\/blogdacondessa.com.br\\\/blog\\\/#website\",\"url\":\"https:\\\/\\\/blogdacondessa.com.br\\\/blog\\\/\",\"name\":\"Blog da Condessa\",\"description\":\"Com Shirley de Souza O\u2019Campos\",\"potentialAction\":[{\"@type\":\"SearchAction\",\"target\":{\"@type\":\"EntryPoint\",\"urlTemplate\":\"https:\\\/\\\/blogdacondessa.com.br\\\/blog\\\/?s={search_term_string}\"},\"query-input\":{\"@type\":\"PropertyValueSpecification\",\"valueRequired\":true,\"valueName\":\"search_term_string\"}}],\"inLanguage\":\"pt-BR\"},{\"@type\":\"Person\",\"@id\":\"https:\\\/\\\/blogdacondessa.com.br\\\/blog\\\/#\\\/schema\\\/person\\\/1d667ff8b785195b568677489d266035\",\"name\":\"Blog da Condessa\",\"image\":{\"@type\":\"ImageObject\",\"inLanguage\":\"pt-BR\",\"@id\":\"https:\\\/\\\/secure.gravatar.com\\\/avatar\\\/377c0eb8b4ad2bfc25461b41564b5971e721ca34a57642868fc7b0c8ac7b52c5?s=96&d=mm&r=g\",\"url\":\"https:\\\/\\\/secure.gravatar.com\\\/avatar\\\/377c0eb8b4ad2bfc25461b41564b5971e721ca34a57642868fc7b0c8ac7b52c5?s=96&d=mm&r=g\",\"contentUrl\":\"https:\\\/\\\/secure.gravatar.com\\\/avatar\\\/377c0eb8b4ad2bfc25461b41564b5971e721ca34a57642868fc7b0c8ac7b52c5?s=96&d=mm&r=g\",\"caption\":\"Blog da Condessa\"},\"url\":\"https:\\\/\\\/blogdacondessa.com.br\\\/blog\\\/author\\\/beatriz\\\/\"}]}<\/script>\n<!-- \/ Yoast SEO plugin. -->","yoast_head_json":{"title":"Cantora cuiabana far\u00e1 show com m\u00fasicas autorais in\u00e9ditas &#8902; Blog da Condessa","robots":{"index":"index","follow":"follow","max-snippet":"max-snippet:-1","max-image-preview":"max-image-preview:large","max-video-preview":"max-video-preview:-1"},"canonical":"https:\/\/blogdacondessa.com.br\/blog\/geral\/cantora-cuiabana-fara-show-com-musicas-autorais-ineditas\/","og_locale":"pt_BR","og_type":"article","og_title":"Cantora cuiabana far\u00e1 show com m\u00fasicas autorais in\u00e9ditas &#8902; Blog da Condessa","og_description":"O evento tamb\u00e9m ter\u00e1 participa\u00e7\u00f5es de Mariana Badan, Paula Shaira e Izafeh. Cantora e compositora cuiabana, Aranyn realiza show na terra na pr\u00f3xima sexta-feira (19), no est\u00fadio SUMAC Records, como uma premiere de m\u00fasicas que ir\u00e3o compor seu pr\u00f3ximo lan\u00e7amento, um EP em fase produ\u00e7\u00e3o. O evento conta com apresenta\u00e7\u00f5es de artistas convidadas a partir [&hellip;]","og_url":"https:\/\/blogdacondessa.com.br\/blog\/geral\/cantora-cuiabana-fara-show-com-musicas-autorais-ineditas\/","og_site_name":"Blog da Condessa","article_published_time":"2024-01-17T09:00:36+00:00","og_image":[{"width":913,"height":649,"url":"https:\/\/blogdacondessa.com.br\/blog\/wp-content\/uploads\/2024\/01\/compositora-cuiabana.jpeg","type":"image\/jpeg"}],"author":"Blog da Condessa","twitter_card":"summary_large_image","twitter_misc":{"Escrito por":"Blog da Condessa","Est. tempo de leitura":"4 minutos"},"schema":{"@context":"https:\/\/schema.org","@graph":[{"@type":"Article","@id":"https:\/\/blogdacondessa.com.br\/blog\/geral\/cantora-cuiabana-fara-show-com-musicas-autorais-ineditas\/#article","isPartOf":{"@id":"https:\/\/blogdacondessa.com.br\/blog\/geral\/cantora-cuiabana-fara-show-com-musicas-autorais-ineditas\/"},"author":{"name":"Blog da Condessa","@id":"https:\/\/blogdacondessa.com.br\/blog\/#\/schema\/person\/1d667ff8b785195b568677489d266035"},"headline":"Cantora cuiabana far\u00e1 show com m\u00fasicas autorais in\u00e9ditas","datePublished":"2024-01-17T09:00:36+00:00","mainEntityOfPage":{"@id":"https:\/\/blogdacondessa.com.br\/blog\/geral\/cantora-cuiabana-fara-show-com-musicas-autorais-ineditas\/"},"wordCount":727,"image":{"@id":"https:\/\/blogdacondessa.com.br\/blog\/geral\/cantora-cuiabana-fara-show-com-musicas-autorais-ineditas\/#primaryimage"},"thumbnailUrl":"https:\/\/blogdacondessa.com.br\/blog\/wp-content\/uploads\/2024\/01\/compositora-cuiabana.jpeg","articleSection":["Variedades"],"inLanguage":"pt-BR"},{"@type":"WebPage","@id":"https:\/\/blogdacondessa.com.br\/blog\/geral\/cantora-cuiabana-fara-show-com-musicas-autorais-ineditas\/","url":"https:\/\/blogdacondessa.com.br\/blog\/geral\/cantora-cuiabana-fara-show-com-musicas-autorais-ineditas\/","name":"Cantora cuiabana far\u00e1 show com m\u00fasicas autorais in\u00e9ditas &#8902; Blog da Condessa","isPartOf":{"@id":"https:\/\/blogdacondessa.com.br\/blog\/#website"},"primaryImageOfPage":{"@id":"https:\/\/blogdacondessa.com.br\/blog\/geral\/cantora-cuiabana-fara-show-com-musicas-autorais-ineditas\/#primaryimage"},"image":{"@id":"https:\/\/blogdacondessa.com.br\/blog\/geral\/cantora-cuiabana-fara-show-com-musicas-autorais-ineditas\/#primaryimage"},"thumbnailUrl":"https:\/\/blogdacondessa.com.br\/blog\/wp-content\/uploads\/2024\/01\/compositora-cuiabana.jpeg","datePublished":"2024-01-17T09:00:36+00:00","author":{"@id":"https:\/\/blogdacondessa.com.br\/blog\/#\/schema\/person\/1d667ff8b785195b568677489d266035"},"breadcrumb":{"@id":"https:\/\/blogdacondessa.com.br\/blog\/geral\/cantora-cuiabana-fara-show-com-musicas-autorais-ineditas\/#breadcrumb"},"inLanguage":"pt-BR","potentialAction":[{"@type":"ReadAction","target":["https:\/\/blogdacondessa.com.br\/blog\/geral\/cantora-cuiabana-fara-show-com-musicas-autorais-ineditas\/"]}]},{"@type":"ImageObject","inLanguage":"pt-BR","@id":"https:\/\/blogdacondessa.com.br\/blog\/geral\/cantora-cuiabana-fara-show-com-musicas-autorais-ineditas\/#primaryimage","url":"https:\/\/blogdacondessa.com.br\/blog\/wp-content\/uploads\/2024\/01\/compositora-cuiabana.jpeg","contentUrl":"https:\/\/blogdacondessa.com.br\/blog\/wp-content\/uploads\/2024\/01\/compositora-cuiabana.jpeg","width":913,"height":649,"caption":"Foto: Assessoria"},{"@type":"BreadcrumbList","@id":"https:\/\/blogdacondessa.com.br\/blog\/geral\/cantora-cuiabana-fara-show-com-musicas-autorais-ineditas\/#breadcrumb","itemListElement":[{"@type":"ListItem","position":1,"name":"In\u00edcio","item":"https:\/\/blogdacondessa.com.br\/blog\/"},{"@type":"ListItem","position":2,"name":"Cantora cuiabana far\u00e1 show com m\u00fasicas autorais in\u00e9ditas"}]},{"@type":"WebSite","@id":"https:\/\/blogdacondessa.com.br\/blog\/#website","url":"https:\/\/blogdacondessa.com.br\/blog\/","name":"Blog da Condessa","description":"Com Shirley de Souza O\u2019Campos","potentialAction":[{"@type":"SearchAction","target":{"@type":"EntryPoint","urlTemplate":"https:\/\/blogdacondessa.com.br\/blog\/?s={search_term_string}"},"query-input":{"@type":"PropertyValueSpecification","valueRequired":true,"valueName":"search_term_string"}}],"inLanguage":"pt-BR"},{"@type":"Person","@id":"https:\/\/blogdacondessa.com.br\/blog\/#\/schema\/person\/1d667ff8b785195b568677489d266035","name":"Blog da Condessa","image":{"@type":"ImageObject","inLanguage":"pt-BR","@id":"https:\/\/secure.gravatar.com\/avatar\/377c0eb8b4ad2bfc25461b41564b5971e721ca34a57642868fc7b0c8ac7b52c5?s=96&d=mm&r=g","url":"https:\/\/secure.gravatar.com\/avatar\/377c0eb8b4ad2bfc25461b41564b5971e721ca34a57642868fc7b0c8ac7b52c5?s=96&d=mm&r=g","contentUrl":"https:\/\/secure.gravatar.com\/avatar\/377c0eb8b4ad2bfc25461b41564b5971e721ca34a57642868fc7b0c8ac7b52c5?s=96&d=mm&r=g","caption":"Blog da Condessa"},"url":"https:\/\/blogdacondessa.com.br\/blog\/author\/beatriz\/"}]}},"_links":{"self":[{"href":"https:\/\/blogdacondessa.com.br\/blog\/wp-json\/wp\/v2\/posts\/8927","targetHints":{"allow":["GET"]}}],"collection":[{"href":"https:\/\/blogdacondessa.com.br\/blog\/wp-json\/wp\/v2\/posts"}],"about":[{"href":"https:\/\/blogdacondessa.com.br\/blog\/wp-json\/wp\/v2\/types\/post"}],"author":[{"embeddable":true,"href":"https:\/\/blogdacondessa.com.br\/blog\/wp-json\/wp\/v2\/users\/2"}],"replies":[{"embeddable":true,"href":"https:\/\/blogdacondessa.com.br\/blog\/wp-json\/wp\/v2\/comments?post=8927"}],"version-history":[{"count":0,"href":"https:\/\/blogdacondessa.com.br\/blog\/wp-json\/wp\/v2\/posts\/8927\/revisions"}],"wp:featuredmedia":[{"embeddable":true,"href":"https:\/\/blogdacondessa.com.br\/blog\/wp-json\/wp\/v2\/media\/8928"}],"wp:attachment":[{"href":"https:\/\/blogdacondessa.com.br\/blog\/wp-json\/wp\/v2\/media?parent=8927"}],"wp:term":[{"taxonomy":"category","embeddable":true,"href":"https:\/\/blogdacondessa.com.br\/blog\/wp-json\/wp\/v2\/categories?post=8927"},{"taxonomy":"post_tag","embeddable":true,"href":"https:\/\/blogdacondessa.com.br\/blog\/wp-json\/wp\/v2\/tags?post=8927"}],"curies":[{"name":"wp","href":"https:\/\/api.w.org\/{rel}","templated":true}]}}