{"id":8909,"date":"2024-01-14T05:00:56","date_gmt":"2024-01-14T09:00:56","guid":{"rendered":"http:\/\/blogdacondessa.com.br\/?p=8909"},"modified":"2024-01-13T11:50:22","modified_gmt":"2024-01-13T15:50:22","slug":"museu-residencia-dos-governadores-retrata-historia-da-politica-e-arquitetura-de-mt","status":"publish","type":"post","link":"https:\/\/blogdacondessa.com.br\/blog\/institucional\/museu-residencia-dos-governadores-retrata-historia-da-politica-e-arquitetura-de-mt\/","title":{"rendered":"Museu Resid\u00eancia dos Governadores retrata hist\u00f3ria da pol\u00edtica e arquitetura de MT"},"content":{"rendered":"<p>A casa serviu de moradia a chefes do poder executivo estadual, nas d\u00e9cadas de 40 a 80.<br \/>\nO Museu Resid\u00eancia dos Governadores, localizado na regi\u00e3o central de Cuiab\u00e1, retrata e preserva a hist\u00f3ria da casa que serviu de moradia aos chefes do Poder Executivo Estadual nas d\u00e9cadas de 40 a 80. O equipamento cultural da Secretaria de Estado de Cultura, Esporte e Lazer (Secel-MT) exp\u00f5e itens do antigo mobili\u00e1rio de forma permanente e did\u00e1tica. A visita\u00e7\u00e3o \u00e9 gratuita.<br \/>\nO acervo \u00e9 composto por pe\u00e7as de mobili\u00e1rio, lou\u00e7as, pratarias e objetos decorativos que oportuniza uma viagem pela hist\u00f3ria da pol\u00edtica mato-grossense. A maioria dos itens foi adquirida ainda na d\u00e9cada de 1940 por Maria Ponce de Arruda Muller, esposa do interventor J\u00falio Muller, que governou o Estado de 1937 a 1945.<br \/>\nO espa\u00e7o conta, tamb\u00e9m, com mobili\u00e1rios e objetos de decora\u00e7\u00e3o do antigo Pal\u00e1cio Alencastro, que abrigava a sede do governo estadual, e mantinha o acesso do chefe do executivo \u00e0 Resid\u00eancia por meio de uma passarela.<br \/>\nA edifica\u00e7\u00e3o por si s\u00f3 possui um valor hist\u00f3rico e arquitet\u00f4nico. Constru\u00edda em 1939, foi a primeira casa na cidade a possuir piscina e fog\u00e3o a g\u00e1s. Essas e outras caracter\u00edsticas representaram uma grande inova\u00e7\u00e3o para o padr\u00e3o da \u00e9poca.<br \/>\nDe acordo com o superintendente de Preserva\u00e7\u00e3o do Patrim\u00f4nio Hist\u00f3rico e Museol\u00f3gico da Secel, arquiteto Robinson de Carvalho Ara\u00fajo, o im\u00f3vel tamb\u00e9m trouxe uma nova configura\u00e7\u00e3o no ordenamento dos lotes na cidade.<br \/>\n\u201cAtendendo a pedido de Maria Muller, a casa foi constru\u00edda com recuo para o jardim ficar na frente e n\u00e3o nos fundos. Antes da d\u00e9cada de 40, as casas em Cuiab\u00e1 eram constru\u00eddas encostadas uma na outra, \u00e0 \u00e9poca o recuo nem era obrigat\u00f3rio. Outra inova\u00e7\u00e3o foi a tecnologia usada em sua constru\u00e7\u00e3o, com lajes de concreto&#8221;, conta.<br \/>\nO superintendente da Secel destaca, ainda, que a visita\u00e7\u00e3o ao Museu Resid\u00eancia possibilita que a popula\u00e7\u00e3o conhe\u00e7a uma parte da hist\u00f3ria de Mato Grosso.<br \/>\n\u201cO visitante vai visualizar como era uma moradia dos governantes na \u00e9poca, como era a configura\u00e7\u00e3o dos ambientes, como a ocupa\u00e7\u00e3o do im\u00f3vel se relacionava ao poder executivo do Estado. Para nossa realidade atual, o im\u00f3vel tem um padr\u00e3o consideravelmente simples mas naquele per\u00edodo representava muito luxo\u201d, conclui Robinson Ara\u00fajo.<br \/>\nA visita\u00e7\u00e3o \u00e9 gratuita, podendo ser feita de segunda a sexta-feira, das 8h \u00e0s 12h, e das 14h \u00e0s 17h30. O agendamento pr\u00e9vio \u00e9 necess\u00e1rio somente para grupos, j\u00e1 que o espa\u00e7o comporta cerca de 15 pessoas por vez. Para agendar a visita de escolas e outros grupos, o contato \u00e9 o telefone (65) 3321-6589.<br \/>\n<strong>Edifica\u00e7\u00e3o hist\u00f3rica<\/strong><br \/>\nA Resid\u00eancia dos Governadores foi inaugurada em 1940, no Governo do Interventor J\u00falio Muller, e tombada como Patrim\u00f4nio Hist\u00f3rico e Art\u00edstico Estadual em 1983.<br \/>\nDurante 45 anos, a resid\u00eancia abrigou 14 governadores de Mato Grosso e seus familiares, sendo desativada como resid\u00eancia oficial em 1986. Al\u00e9m disso, serviu de hospedagem para o ex-presidente Get\u00falio Vargas, em 1941, quando ele fez sua primeira visita a Mato Grosso.<br \/>\nElaborado pelo arquiteto Humberto Kaulino, o projeto segue o estilo neocolonial de matriz hispano-americana, baseada na arquitetura das miss\u00f5es franciscanas da Calif\u00f3rnia, nos Estados Unidos, no per\u00edodo em que a regi\u00e3o era col\u00f4nia do imp\u00e9rio espanhol. Tamb\u00e9m chamado de Miss\u00f5es, o estilo era usado no Rio de Janeiro na d\u00e9cada de 30.<br \/>\nNo ano de 1987, a Resid\u00eancia abrigou a Secretaria de Estado de Cultura, e em seguida, at\u00e9 2003, o Conselho Estadual de Cultura de Mato Grosso. Em 2004, foi a sede da Ag\u00eancia de Fomento do Estado de Mato Grosso (MT Fomento). E de 2014 a 2017, no espa\u00e7o foi instalado o Museu de Arte de Mato Grosso.<br \/>\nCom finalidade museol\u00f3gica, a Resid\u00eancia dos Governadores foi reaberta em novembro de 2018.<br \/>\n<strong>Servi\u00e7o<\/strong><br \/>\nVisita\u00e7\u00e3o ao Museu Resid\u00eancia dos Governadores<br \/>\nEntrada gratuita<br \/>\nDe segunda a sexta-feira<br \/>\nDas 8h \u00e0s 12h, e das 14h \u00e0s 17h30<br \/>\nAgendamento de grupos: pelo telefone 65 3321-6589.<\/p>\n","protected":false},"excerpt":{"rendered":"<p>A casa serviu de moradia a chefes do poder executivo estadual, nas d\u00e9cadas de 40 a 80. O Museu Resid\u00eancia dos Governadores, localizado na regi\u00e3o central de Cuiab\u00e1, retrata e preserva a hist\u00f3ria da casa que serviu de moradia aos chefes do Poder Executivo Estadual nas d\u00e9cadas de 40 a 80. O equipamento cultural da [&hellip;]<\/p>\n","protected":false},"author":2,"featured_media":8910,"comment_status":"closed","ping_status":"closed","sticky":false,"template":"","format":"standard","meta":{"iawp_total_views":2,"footnotes":""},"categories":[13],"tags":[],"class_list":["post-8909","post","type-post","status-publish","format-standard","has-post-thumbnail","hentry","category-institucional"],"yoast_head":"<!-- This site is optimized with the Yoast SEO plugin v27.3 - https:\/\/yoast.com\/product\/yoast-seo-wordpress\/ -->\n<title>Museu Resid\u00eancia dos Governadores retrata hist\u00f3ria da pol\u00edtica e arquitetura de MT &#8902; Blog da Condessa<\/title>\n<meta name=\"robots\" content=\"index, follow, max-snippet:-1, max-image-preview:large, max-video-preview:-1\" \/>\n<link rel=\"canonical\" href=\"https:\/\/blogdacondessa.com.br\/blog\/institucional\/museu-residencia-dos-governadores-retrata-historia-da-politica-e-arquitetura-de-mt\/\" \/>\n<meta property=\"og:locale\" content=\"pt_BR\" \/>\n<meta property=\"og:type\" content=\"article\" \/>\n<meta property=\"og:title\" content=\"Museu Resid\u00eancia dos Governadores retrata hist\u00f3ria da pol\u00edtica e arquitetura de MT &#8902; Blog da Condessa\" \/>\n<meta property=\"og:description\" content=\"A casa serviu de moradia a chefes do poder executivo estadual, nas d\u00e9cadas de 40 a 80. O Museu Resid\u00eancia dos Governadores, localizado na regi\u00e3o central de Cuiab\u00e1, retrata e preserva a hist\u00f3ria da casa que serviu de moradia aos chefes do Poder Executivo Estadual nas d\u00e9cadas de 40 a 80. O equipamento cultural da [&hellip;]\" \/>\n<meta property=\"og:url\" content=\"https:\/\/blogdacondessa.com.br\/blog\/institucional\/museu-residencia-dos-governadores-retrata-historia-da-politica-e-arquitetura-de-mt\/\" \/>\n<meta property=\"og:site_name\" content=\"Blog da Condessa\" \/>\n<meta property=\"article:published_time\" content=\"2024-01-14T09:00:56+00:00\" \/>\n<meta property=\"og:image\" content=\"https:\/\/blogdacondessa.com.br\/blog\/wp-content\/uploads\/2024\/01\/residenciaa-governadores.jpg\" \/>\n\t<meta property=\"og:image:width\" content=\"920\" \/>\n\t<meta property=\"og:image:height\" content=\"518\" \/>\n\t<meta property=\"og:image:type\" content=\"image\/jpeg\" \/>\n<meta name=\"author\" content=\"Blog da Condessa\" \/>\n<meta name=\"twitter:card\" content=\"summary_large_image\" \/>\n<meta name=\"twitter:label1\" content=\"Escrito por\" \/>\n\t<meta name=\"twitter:data1\" content=\"Blog da Condessa\" \/>\n\t<meta name=\"twitter:label2\" content=\"Est. tempo de leitura\" \/>\n\t<meta name=\"twitter:data2\" content=\"4 minutos\" \/>\n<script type=\"application\/ld+json\" class=\"yoast-schema-graph\">{\"@context\":\"https:\\\/\\\/schema.org\",\"@graph\":[{\"@type\":\"Article\",\"@id\":\"https:\\\/\\\/blogdacondessa.com.br\\\/blog\\\/institucional\\\/museu-residencia-dos-governadores-retrata-historia-da-politica-e-arquitetura-de-mt\\\/#article\",\"isPartOf\":{\"@id\":\"https:\\\/\\\/blogdacondessa.com.br\\\/blog\\\/institucional\\\/museu-residencia-dos-governadores-retrata-historia-da-politica-e-arquitetura-de-mt\\\/\"},\"author\":{\"name\":\"Blog da Condessa\",\"@id\":\"https:\\\/\\\/blogdacondessa.com.br\\\/blog\\\/#\\\/schema\\\/person\\\/1d667ff8b785195b568677489d266035\"},\"headline\":\"Museu Resid\u00eancia dos Governadores retrata hist\u00f3ria da pol\u00edtica e arquitetura de MT\",\"datePublished\":\"2024-01-14T09:00:56+00:00\",\"mainEntityOfPage\":{\"@id\":\"https:\\\/\\\/blogdacondessa.com.br\\\/blog\\\/institucional\\\/museu-residencia-dos-governadores-retrata-historia-da-politica-e-arquitetura-de-mt\\\/\"},\"wordCount\":718,\"image\":{\"@id\":\"https:\\\/\\\/blogdacondessa.com.br\\\/blog\\\/institucional\\\/museu-residencia-dos-governadores-retrata-historia-da-politica-e-arquitetura-de-mt\\\/#primaryimage\"},\"thumbnailUrl\":\"https:\\\/\\\/blogdacondessa.com.br\\\/blog\\\/wp-content\\\/uploads\\\/2024\\\/01\\\/residenciaa-governadores.jpg\",\"articleSection\":[\"Institucional\"],\"inLanguage\":\"pt-BR\"},{\"@type\":\"WebPage\",\"@id\":\"https:\\\/\\\/blogdacondessa.com.br\\\/blog\\\/institucional\\\/museu-residencia-dos-governadores-retrata-historia-da-politica-e-arquitetura-de-mt\\\/\",\"url\":\"https:\\\/\\\/blogdacondessa.com.br\\\/blog\\\/institucional\\\/museu-residencia-dos-governadores-retrata-historia-da-politica-e-arquitetura-de-mt\\\/\",\"name\":\"Museu Resid\u00eancia dos Governadores retrata hist\u00f3ria da pol\u00edtica e arquitetura de MT &#8902; Blog da Condessa\",\"isPartOf\":{\"@id\":\"https:\\\/\\\/blogdacondessa.com.br\\\/blog\\\/#website\"},\"primaryImageOfPage\":{\"@id\":\"https:\\\/\\\/blogdacondessa.com.br\\\/blog\\\/institucional\\\/museu-residencia-dos-governadores-retrata-historia-da-politica-e-arquitetura-de-mt\\\/#primaryimage\"},\"image\":{\"@id\":\"https:\\\/\\\/blogdacondessa.com.br\\\/blog\\\/institucional\\\/museu-residencia-dos-governadores-retrata-historia-da-politica-e-arquitetura-de-mt\\\/#primaryimage\"},\"thumbnailUrl\":\"https:\\\/\\\/blogdacondessa.com.br\\\/blog\\\/wp-content\\\/uploads\\\/2024\\\/01\\\/residenciaa-governadores.jpg\",\"datePublished\":\"2024-01-14T09:00:56+00:00\",\"author\":{\"@id\":\"https:\\\/\\\/blogdacondessa.com.br\\\/blog\\\/#\\\/schema\\\/person\\\/1d667ff8b785195b568677489d266035\"},\"breadcrumb\":{\"@id\":\"https:\\\/\\\/blogdacondessa.com.br\\\/blog\\\/institucional\\\/museu-residencia-dos-governadores-retrata-historia-da-politica-e-arquitetura-de-mt\\\/#breadcrumb\"},\"inLanguage\":\"pt-BR\",\"potentialAction\":[{\"@type\":\"ReadAction\",\"target\":[\"https:\\\/\\\/blogdacondessa.com.br\\\/blog\\\/institucional\\\/museu-residencia-dos-governadores-retrata-historia-da-politica-e-arquitetura-de-mt\\\/\"]}]},{\"@type\":\"ImageObject\",\"inLanguage\":\"pt-BR\",\"@id\":\"https:\\\/\\\/blogdacondessa.com.br\\\/blog\\\/institucional\\\/museu-residencia-dos-governadores-retrata-historia-da-politica-e-arquitetura-de-mt\\\/#primaryimage\",\"url\":\"https:\\\/\\\/blogdacondessa.com.br\\\/blog\\\/wp-content\\\/uploads\\\/2024\\\/01\\\/residenciaa-governadores.jpg\",\"contentUrl\":\"https:\\\/\\\/blogdacondessa.com.br\\\/blog\\\/wp-content\\\/uploads\\\/2024\\\/01\\\/residenciaa-governadores.jpg\",\"width\":920,\"height\":518,\"caption\":\"Foto: Cida Rodrigues\"},{\"@type\":\"BreadcrumbList\",\"@id\":\"https:\\\/\\\/blogdacondessa.com.br\\\/blog\\\/institucional\\\/museu-residencia-dos-governadores-retrata-historia-da-politica-e-arquitetura-de-mt\\\/#breadcrumb\",\"itemListElement\":[{\"@type\":\"ListItem\",\"position\":1,\"name\":\"In\u00edcio\",\"item\":\"https:\\\/\\\/blogdacondessa.com.br\\\/blog\\\/\"},{\"@type\":\"ListItem\",\"position\":2,\"name\":\"Museu Resid\u00eancia dos Governadores retrata hist\u00f3ria da pol\u00edtica e arquitetura de MT\"}]},{\"@type\":\"WebSite\",\"@id\":\"https:\\\/\\\/blogdacondessa.com.br\\\/blog\\\/#website\",\"url\":\"https:\\\/\\\/blogdacondessa.com.br\\\/blog\\\/\",\"name\":\"Blog da Condessa\",\"description\":\"Com Shirley de Souza O\u2019Campos\",\"potentialAction\":[{\"@type\":\"SearchAction\",\"target\":{\"@type\":\"EntryPoint\",\"urlTemplate\":\"https:\\\/\\\/blogdacondessa.com.br\\\/blog\\\/?s={search_term_string}\"},\"query-input\":{\"@type\":\"PropertyValueSpecification\",\"valueRequired\":true,\"valueName\":\"search_term_string\"}}],\"inLanguage\":\"pt-BR\"},{\"@type\":\"Person\",\"@id\":\"https:\\\/\\\/blogdacondessa.com.br\\\/blog\\\/#\\\/schema\\\/person\\\/1d667ff8b785195b568677489d266035\",\"name\":\"Blog da Condessa\",\"image\":{\"@type\":\"ImageObject\",\"inLanguage\":\"pt-BR\",\"@id\":\"https:\\\/\\\/secure.gravatar.com\\\/avatar\\\/377c0eb8b4ad2bfc25461b41564b5971e721ca34a57642868fc7b0c8ac7b52c5?s=96&d=mm&r=g\",\"url\":\"https:\\\/\\\/secure.gravatar.com\\\/avatar\\\/377c0eb8b4ad2bfc25461b41564b5971e721ca34a57642868fc7b0c8ac7b52c5?s=96&d=mm&r=g\",\"contentUrl\":\"https:\\\/\\\/secure.gravatar.com\\\/avatar\\\/377c0eb8b4ad2bfc25461b41564b5971e721ca34a57642868fc7b0c8ac7b52c5?s=96&d=mm&r=g\",\"caption\":\"Blog da Condessa\"},\"url\":\"https:\\\/\\\/blogdacondessa.com.br\\\/blog\\\/author\\\/beatriz\\\/\"}]}<\/script>\n<!-- \/ Yoast SEO plugin. -->","yoast_head_json":{"title":"Museu Resid\u00eancia dos Governadores retrata hist\u00f3ria da pol\u00edtica e arquitetura de MT &#8902; Blog da Condessa","robots":{"index":"index","follow":"follow","max-snippet":"max-snippet:-1","max-image-preview":"max-image-preview:large","max-video-preview":"max-video-preview:-1"},"canonical":"https:\/\/blogdacondessa.com.br\/blog\/institucional\/museu-residencia-dos-governadores-retrata-historia-da-politica-e-arquitetura-de-mt\/","og_locale":"pt_BR","og_type":"article","og_title":"Museu Resid\u00eancia dos Governadores retrata hist\u00f3ria da pol\u00edtica e arquitetura de MT &#8902; Blog da Condessa","og_description":"A casa serviu de moradia a chefes do poder executivo estadual, nas d\u00e9cadas de 40 a 80. O Museu Resid\u00eancia dos Governadores, localizado na regi\u00e3o central de Cuiab\u00e1, retrata e preserva a hist\u00f3ria da casa que serviu de moradia aos chefes do Poder Executivo Estadual nas d\u00e9cadas de 40 a 80. O equipamento cultural da [&hellip;]","og_url":"https:\/\/blogdacondessa.com.br\/blog\/institucional\/museu-residencia-dos-governadores-retrata-historia-da-politica-e-arquitetura-de-mt\/","og_site_name":"Blog da Condessa","article_published_time":"2024-01-14T09:00:56+00:00","og_image":[{"width":920,"height":518,"url":"https:\/\/blogdacondessa.com.br\/blog\/wp-content\/uploads\/2024\/01\/residenciaa-governadores.jpg","type":"image\/jpeg"}],"author":"Blog da Condessa","twitter_card":"summary_large_image","twitter_misc":{"Escrito por":"Blog da Condessa","Est. tempo de leitura":"4 minutos"},"schema":{"@context":"https:\/\/schema.org","@graph":[{"@type":"Article","@id":"https:\/\/blogdacondessa.com.br\/blog\/institucional\/museu-residencia-dos-governadores-retrata-historia-da-politica-e-arquitetura-de-mt\/#article","isPartOf":{"@id":"https:\/\/blogdacondessa.com.br\/blog\/institucional\/museu-residencia-dos-governadores-retrata-historia-da-politica-e-arquitetura-de-mt\/"},"author":{"name":"Blog da Condessa","@id":"https:\/\/blogdacondessa.com.br\/blog\/#\/schema\/person\/1d667ff8b785195b568677489d266035"},"headline":"Museu Resid\u00eancia dos Governadores retrata hist\u00f3ria da pol\u00edtica e arquitetura de MT","datePublished":"2024-01-14T09:00:56+00:00","mainEntityOfPage":{"@id":"https:\/\/blogdacondessa.com.br\/blog\/institucional\/museu-residencia-dos-governadores-retrata-historia-da-politica-e-arquitetura-de-mt\/"},"wordCount":718,"image":{"@id":"https:\/\/blogdacondessa.com.br\/blog\/institucional\/museu-residencia-dos-governadores-retrata-historia-da-politica-e-arquitetura-de-mt\/#primaryimage"},"thumbnailUrl":"https:\/\/blogdacondessa.com.br\/blog\/wp-content\/uploads\/2024\/01\/residenciaa-governadores.jpg","articleSection":["Institucional"],"inLanguage":"pt-BR"},{"@type":"WebPage","@id":"https:\/\/blogdacondessa.com.br\/blog\/institucional\/museu-residencia-dos-governadores-retrata-historia-da-politica-e-arquitetura-de-mt\/","url":"https:\/\/blogdacondessa.com.br\/blog\/institucional\/museu-residencia-dos-governadores-retrata-historia-da-politica-e-arquitetura-de-mt\/","name":"Museu Resid\u00eancia dos Governadores retrata hist\u00f3ria da pol\u00edtica e arquitetura de MT &#8902; Blog da Condessa","isPartOf":{"@id":"https:\/\/blogdacondessa.com.br\/blog\/#website"},"primaryImageOfPage":{"@id":"https:\/\/blogdacondessa.com.br\/blog\/institucional\/museu-residencia-dos-governadores-retrata-historia-da-politica-e-arquitetura-de-mt\/#primaryimage"},"image":{"@id":"https:\/\/blogdacondessa.com.br\/blog\/institucional\/museu-residencia-dos-governadores-retrata-historia-da-politica-e-arquitetura-de-mt\/#primaryimage"},"thumbnailUrl":"https:\/\/blogdacondessa.com.br\/blog\/wp-content\/uploads\/2024\/01\/residenciaa-governadores.jpg","datePublished":"2024-01-14T09:00:56+00:00","author":{"@id":"https:\/\/blogdacondessa.com.br\/blog\/#\/schema\/person\/1d667ff8b785195b568677489d266035"},"breadcrumb":{"@id":"https:\/\/blogdacondessa.com.br\/blog\/institucional\/museu-residencia-dos-governadores-retrata-historia-da-politica-e-arquitetura-de-mt\/#breadcrumb"},"inLanguage":"pt-BR","potentialAction":[{"@type":"ReadAction","target":["https:\/\/blogdacondessa.com.br\/blog\/institucional\/museu-residencia-dos-governadores-retrata-historia-da-politica-e-arquitetura-de-mt\/"]}]},{"@type":"ImageObject","inLanguage":"pt-BR","@id":"https:\/\/blogdacondessa.com.br\/blog\/institucional\/museu-residencia-dos-governadores-retrata-historia-da-politica-e-arquitetura-de-mt\/#primaryimage","url":"https:\/\/blogdacondessa.com.br\/blog\/wp-content\/uploads\/2024\/01\/residenciaa-governadores.jpg","contentUrl":"https:\/\/blogdacondessa.com.br\/blog\/wp-content\/uploads\/2024\/01\/residenciaa-governadores.jpg","width":920,"height":518,"caption":"Foto: Cida Rodrigues"},{"@type":"BreadcrumbList","@id":"https:\/\/blogdacondessa.com.br\/blog\/institucional\/museu-residencia-dos-governadores-retrata-historia-da-politica-e-arquitetura-de-mt\/#breadcrumb","itemListElement":[{"@type":"ListItem","position":1,"name":"In\u00edcio","item":"https:\/\/blogdacondessa.com.br\/blog\/"},{"@type":"ListItem","position":2,"name":"Museu Resid\u00eancia dos Governadores retrata hist\u00f3ria da pol\u00edtica e arquitetura de MT"}]},{"@type":"WebSite","@id":"https:\/\/blogdacondessa.com.br\/blog\/#website","url":"https:\/\/blogdacondessa.com.br\/blog\/","name":"Blog da Condessa","description":"Com Shirley de Souza O\u2019Campos","potentialAction":[{"@type":"SearchAction","target":{"@type":"EntryPoint","urlTemplate":"https:\/\/blogdacondessa.com.br\/blog\/?s={search_term_string}"},"query-input":{"@type":"PropertyValueSpecification","valueRequired":true,"valueName":"search_term_string"}}],"inLanguage":"pt-BR"},{"@type":"Person","@id":"https:\/\/blogdacondessa.com.br\/blog\/#\/schema\/person\/1d667ff8b785195b568677489d266035","name":"Blog da Condessa","image":{"@type":"ImageObject","inLanguage":"pt-BR","@id":"https:\/\/secure.gravatar.com\/avatar\/377c0eb8b4ad2bfc25461b41564b5971e721ca34a57642868fc7b0c8ac7b52c5?s=96&d=mm&r=g","url":"https:\/\/secure.gravatar.com\/avatar\/377c0eb8b4ad2bfc25461b41564b5971e721ca34a57642868fc7b0c8ac7b52c5?s=96&d=mm&r=g","contentUrl":"https:\/\/secure.gravatar.com\/avatar\/377c0eb8b4ad2bfc25461b41564b5971e721ca34a57642868fc7b0c8ac7b52c5?s=96&d=mm&r=g","caption":"Blog da Condessa"},"url":"https:\/\/blogdacondessa.com.br\/blog\/author\/beatriz\/"}]}},"_links":{"self":[{"href":"https:\/\/blogdacondessa.com.br\/blog\/wp-json\/wp\/v2\/posts\/8909","targetHints":{"allow":["GET"]}}],"collection":[{"href":"https:\/\/blogdacondessa.com.br\/blog\/wp-json\/wp\/v2\/posts"}],"about":[{"href":"https:\/\/blogdacondessa.com.br\/blog\/wp-json\/wp\/v2\/types\/post"}],"author":[{"embeddable":true,"href":"https:\/\/blogdacondessa.com.br\/blog\/wp-json\/wp\/v2\/users\/2"}],"replies":[{"embeddable":true,"href":"https:\/\/blogdacondessa.com.br\/blog\/wp-json\/wp\/v2\/comments?post=8909"}],"version-history":[{"count":0,"href":"https:\/\/blogdacondessa.com.br\/blog\/wp-json\/wp\/v2\/posts\/8909\/revisions"}],"wp:featuredmedia":[{"embeddable":true,"href":"https:\/\/blogdacondessa.com.br\/blog\/wp-json\/wp\/v2\/media\/8910"}],"wp:attachment":[{"href":"https:\/\/blogdacondessa.com.br\/blog\/wp-json\/wp\/v2\/media?parent=8909"}],"wp:term":[{"taxonomy":"category","embeddable":true,"href":"https:\/\/blogdacondessa.com.br\/blog\/wp-json\/wp\/v2\/categories?post=8909"},{"taxonomy":"post_tag","embeddable":true,"href":"https:\/\/blogdacondessa.com.br\/blog\/wp-json\/wp\/v2\/tags?post=8909"}],"curies":[{"name":"wp","href":"https:\/\/api.w.org\/{rel}","templated":true}]}}