{"id":8903,"date":"2024-01-12T05:00:51","date_gmt":"2024-01-12T09:00:51","guid":{"rendered":"http:\/\/blogdacondessa.com.br\/?p=8903"},"modified":"2024-01-10T18:04:02","modified_gmt":"2024-01-10T22:04:02","slug":"enem-dos-concursos-governo-quer-servico-publico-com-a-cara-do-brasil","status":"publish","type":"post","link":"https:\/\/blogdacondessa.com.br\/blog\/cidades-2\/enem-dos-concursos-governo-quer-servico-publico-com-a-cara-do-brasil\/","title":{"rendered":"Enem dos Concursos: governo quer servi\u00e7o p\u00fablico com a cara do Brasil"},"content":{"rendered":"<p>Provas ser\u00e3o descentralizadas e ocorrem em 220 cidades.<\/p>\n<p>A ministra da Gest\u00e3o e Inova\u00e7\u00e3o, Esther Dweck, disse em entrevista coletiva na quarta-feira (10) que a descentraliza\u00e7\u00e3o do Concurso P\u00fablico Nacional Unificado tem como objetivo trazer mais diversidade ao servi\u00e7o p\u00fablico, ao atingir candidatos sem condi\u00e7\u00e3o de viajar para Bras\u00edlia para fazerem as provas.<\/p>\n<p>\u201cQueremos o servi\u00e7o p\u00fablico com a cara do Brasil. J\u00e1 temos uma diversidade regional em Bras\u00edlia, mas pode ser ampliada. Muitas vezes as pessoas precisam se deslocar para Bras\u00edlia ou na melhor das hip\u00f3teses ir para as capitais.\u201d<\/p>\n<p>Apelidada de Enem dos Concursos, a sele\u00e7\u00e3o ter\u00e1 provas simult\u00e2neas em 220 cidades de todo o pa\u00eds no dia 5 de maio. Pela manh\u00e3, ocorrer\u00e1 a prova objetiva (de marca\u00e7\u00e3o de respostas) de conhecimento geral e a prova dissertativa (escrita), com conhecimentos espec\u00edficos. \u00c0 tarde, ocorrer\u00e1 a prova objetiva de conhecimentos espec\u00edficos.<\/p>\n<p>A previs\u00e3o \u00e9 de que o edital do certame seja publicado na tarde desta quarta-feira (10). Ao todo, ser\u00e3o 6.640 vagas divididas em 21 \u00f3rg\u00e3os federais. As inscri\u00e7\u00f5es come\u00e7am em 19 de janeiro e v\u00e3o at\u00e9 6 de fevereiro.<\/p>\n<p>Embora a banca respons\u00e1vel pelo concurso seja a Funda\u00e7\u00e3o Cesgranrio, as inscri\u00e7\u00f5es ocorrer\u00e3o no Portal Gov.br. Para se inscrever, ser\u00e1 necess\u00e1rio ter conta no portal de qualquer n\u00edvel (ouro, prata ou bronze). A taxa de inscri\u00e7\u00e3o custar\u00e1 R$ 60 para n\u00edvel m\u00e9dio e R$ 90 para n\u00edvel superior.<\/p>\n<p>A taxa de inscri\u00e7\u00e3o dar\u00e1 direito aos candidatos de disputar v\u00e1rias vagas em diferentes \u00f3rg\u00e3os federais, desde que dentro do mesmo bloco tem\u00e1tico. Poder\u00e3o pedir isen\u00e7\u00e3o da taxa inscritos no Cadastro \u00danico para Programas Sociais do Governo Federal (Cad\u00danico), doadores de medula \u00f3ssea e bolsista ou ex-bolsista do Programa Universidade para Todos (Prouni) ou Fundo de Financiamento Estudantil (Fies).<\/p>\n<p>Segundo o Minist\u00e9rio da Gest\u00e3o e Inova\u00e7\u00e3o em Servi\u00e7os P\u00fablicos, o concurso dever\u00e1 atrair de 2 milh\u00f5es a 3 milh\u00f5es de candidatos. Das 6.640 vagas previstas, 5.948 s\u00e3o para n\u00edvel superior (gradua\u00e7\u00e3o) e 692 s\u00e3o de n\u00edvel m\u00e9dio. Os sal\u00e1rios variam de R$ 3,7 mil a R$ 23 mil. A divulga\u00e7\u00e3o final dos resultados ocorrer\u00e1 em 30 de julho, com o in\u00edcio da convoca\u00e7\u00e3o para a posse e para os cursos de forma\u00e7\u00e3o em 5 de agosto.<\/p>\n<p><strong><em><u>Confira abaixo mais informa\u00e7\u00f5es sobre o concurso:<\/u><\/em><\/strong><\/p>\n<p>Vagas<\/p>\n<ul>\n<li>N\u00edvel superior (gradua\u00e7\u00e3o): 5.948<br \/>\n\u2022\u00a0\u00a0\u00a0\u00a0 N\u00edvel m\u00e9dio: 692<br \/>\n\u2022\u00a0\u00a0\u00a0\u00a0 Total: 6.640<\/li>\n<\/ul>\n<p>Blocos tem\u00e1ticos<\/p>\n<ul>\n<li>Bloco 1: Infraestrutura, Exatas e Engenharia (727 vagas);<br \/>\n\u2022\u00a0\u00a0\u00a0\u00a0 Bloco 2: Tecnologia, Dados e Informa\u00e7\u00f5es (597 vagas);<br \/>\n\u2022\u00a0\u00a0\u00a0\u00a0 Bloco 3: Ambiental, Agr\u00e1rio e Biol\u00f3gicas (530 vagas);<br \/>\n\u2022\u00a0\u00a0\u00a0\u00a0 Bloco 4: Trabalho e Sa\u00fade do Servidor (971 vagas);<br \/>\n\u2022\u00a0\u00a0\u00a0\u00a0 Bloco 5: Educa\u00e7\u00e3o, Sa\u00fade, Desenvolvimento Social e Direitos Humanos (1.016 vagas);<br \/>\n\u2022\u00a0\u00a0\u00a0\u00a0 Bloco 6: Setores Econ\u00f4micos e Regula\u00e7\u00e3o (359 vagas);<br \/>\n\u2022\u00a0\u00a0\u00a0\u00a0 Bloco 7: Gest\u00e3o Governamental e Administra\u00e7\u00e3o P\u00fablica (1.748 vagas);<br \/>\n\u2022\u00a0\u00a0\u00a0\u00a0 Bloco 8: N\u00edvel intermedi\u00e1rio (692 vagas).<\/li>\n<\/ul>\n<p>Reserva de vagas<\/p>\n<ul>\n<li>20% para pessoas negras;<br \/>\n\u2022\u00a0\u00a0\u00a0\u00a0 5% para pessoas com defici\u00eancia;<br \/>\n\u2022\u00a0\u00a0\u00a0\u00a0 30% para ind\u00edgenas nos cargos para a Funai.<\/li>\n<\/ul>\n<p>Cronograma<\/p>\n<ul>\n<li>Inscri\u00e7\u00f5es: 19\/01 a 09\/02\/2024<br \/>\n\u2022\u00a0\u00a0\u00a0\u00a0 Divulga\u00e7\u00e3o dos dados finais de inscri\u00e7\u00f5es: 29\/02\/2024<br \/>\n\u2022\u00a0\u00a0\u00a0\u00a0 Divulga\u00e7\u00e3o dos cart\u00f5es de confirma\u00e7\u00e3o: 29\/04\/2024<br \/>\n\u2022\u00a0\u00a0\u00a0\u00a0 Aplica\u00e7\u00e3o das provas: 05\/05\/2024<br \/>\n\u2022\u00a0\u00a0\u00a0\u00a0 Divulga\u00e7\u00e3o dos resultados das provas objetivas e preliminares das provas discursivas e reda\u00e7\u00e3o: 03\/06\/2024<br \/>\n\u2022\u00a0\u00a0\u00a0\u00a0 Divulga\u00e7\u00e3o final dos resultados: 30\/07\/2024<br \/>\n\u2022\u00a0\u00a0\u00a0\u00a0 In\u00edcio da convoca\u00e7\u00e3o para posse e cursos de forma\u00e7\u00e3o: 05\/08\/2024<\/li>\n<\/ul>\n<p>Inscri\u00e7\u00f5es<\/p>\n<ul>\n<li>Realizadas na plataforma \u00fanica, no Portal Gov.br, com contas ouro, prata ou bronze;<br \/>\n\u2022\u00a0\u00a0\u00a0\u00a0 Taxa: R$ 60 (n\u00edvel m\u00e9dio) e R$ 90 (n\u00edvel superior);<br \/>\n\u2022\u00a0\u00a0\u00a0\u00a0 Isen\u00e7\u00e3o:<br \/>\n\u2013\u00a0\u00a0\u00a0 Inscritos no Cad\u00danico;<br \/>\n\u2013\u00a0\u00a0\u00a0 Doador de medula \u00f3ssea;<br \/>\n\u2013\u00a0\u00a0\u00a0 Bolsista ou ex-bolsista do ProUni;<br \/>\n\u2013\u00a0\u00a0\u00a0 Bolsista ou ex-bolsista do Fies.<br \/>\n\u2022\u00a0\u00a0\u00a0\u00a0 S\u00f3 ser\u00e1 permitida uma inscri\u00e7\u00e3o por CPF.<\/li>\n<\/ul>\n<p>Escolha das vagas<\/p>\n<p>O candidato poder\u00e1 concorrer a todos os cargos dentro do mesmo bloco tem\u00e1tico, com as seguintes etapas de escolha:<br \/>\n\u2022\u00a0\u00a0\u00a0\u00a0 Etapa 1: escolher o bloco tem\u00e1tico;<br \/>\n\u2022\u00a0\u00a0\u00a0\u00a0 Etapa 2: escolher os cargos dentro do mesmo bloco tem\u00e1tico;<br \/>\n\u2022\u00a0\u00a0\u00a0\u00a0 Etapa 3: ordenar prefer\u00eancia entre os cargos;<br \/>\n\u2022\u00a0\u00a0\u00a0\u00a0 Etapa 4: ordenar prefer\u00eancia entre as especialidades;<br \/>\n\u2022\u00a0\u00a0\u00a0\u00a0 \u00c9 poss\u00edvel expressar prefer\u00eancia entre todos os cargos e especialidades ou apenas em alguns deles.<\/p>\n<p>Banca examinadora<\/p>\n<ul>\n<li>Funda\u00e7\u00e3o Cesgranrio<\/li>\n<\/ul>\n<p><strong>Provas<\/strong><\/p>\n<p>N\u00edvel superior<br \/>\n\u2022\u00a0\u00a0\u00a0\u00a0 Pela manh\u00e3 (2h30 de dura\u00e7\u00e3o): provas objetivas de conhecimentos gerais (20 quest\u00f5es) + prova discursiva de conhecimento espec\u00edfico do bloco;<br \/>\n\u2022\u00a0\u00a0\u00a0\u00a0 Pela tarde (2h30 de dura\u00e7\u00e3o): provas objetivas de conhecimentos espec\u00edficos (50 quest\u00f5es).<\/p>\n<p>N\u00edvel m\u00e9dio<br \/>\n\u2022\u00a0\u00a0\u00a0\u00a0 Pela manh\u00e3 (2h30 de dura\u00e7\u00e3o): provas objetivas (20 quest\u00f5es) + reda\u00e7\u00e3o;<br \/>\n\u2022\u00a0\u00a0\u00a0\u00a0 Pela tarde (2h30 de dura\u00e7\u00e3o): provas objetivas (40 quest\u00f5es). (Fonte: Ag\u00eancia Brasil)<\/p>\n<p>&nbsp;<\/p>\n","protected":false},"excerpt":{"rendered":"<p>Provas ser\u00e3o descentralizadas e ocorrem em 220 cidades. A ministra da Gest\u00e3o e Inova\u00e7\u00e3o, Esther Dweck, disse em entrevista coletiva na quarta-feira (10) que a descentraliza\u00e7\u00e3o do Concurso P\u00fablico Nacional Unificado tem como objetivo trazer mais diversidade ao servi\u00e7o p\u00fablico, ao atingir candidatos sem condi\u00e7\u00e3o de viajar para Bras\u00edlia para fazerem as provas. \u201cQueremos o [&hellip;]<\/p>\n","protected":false},"author":2,"featured_media":8904,"comment_status":"closed","ping_status":"closed","sticky":false,"template":"","format":"standard","meta":{"iawp_total_views":1,"footnotes":""},"categories":[15],"tags":[],"class_list":["post-8903","post","type-post","status-publish","format-standard","has-post-thumbnail","hentry","category-cidades-2"],"yoast_head":"<!-- This site is optimized with the Yoast SEO plugin v27.3 - https:\/\/yoast.com\/product\/yoast-seo-wordpress\/ -->\n<title>Enem dos Concursos: governo quer servi\u00e7o p\u00fablico com a cara do Brasil &#8902; Blog da Condessa<\/title>\n<meta name=\"robots\" content=\"index, follow, max-snippet:-1, max-image-preview:large, max-video-preview:-1\" \/>\n<link rel=\"canonical\" href=\"https:\/\/blogdacondessa.com.br\/blog\/cidades-2\/enem-dos-concursos-governo-quer-servico-publico-com-a-cara-do-brasil\/\" \/>\n<meta property=\"og:locale\" content=\"pt_BR\" \/>\n<meta property=\"og:type\" content=\"article\" \/>\n<meta property=\"og:title\" content=\"Enem dos Concursos: governo quer servi\u00e7o p\u00fablico com a cara do Brasil &#8902; Blog da Condessa\" \/>\n<meta property=\"og:description\" content=\"Provas ser\u00e3o descentralizadas e ocorrem em 220 cidades. A ministra da Gest\u00e3o e Inova\u00e7\u00e3o, Esther Dweck, disse em entrevista coletiva na quarta-feira (10) que a descentraliza\u00e7\u00e3o do Concurso P\u00fablico Nacional Unificado tem como objetivo trazer mais diversidade ao servi\u00e7o p\u00fablico, ao atingir candidatos sem condi\u00e7\u00e3o de viajar para Bras\u00edlia para fazerem as provas. \u201cQueremos o [&hellip;]\" \/>\n<meta property=\"og:url\" content=\"https:\/\/blogdacondessa.com.br\/blog\/cidades-2\/enem-dos-concursos-governo-quer-servico-publico-com-a-cara-do-brasil\/\" \/>\n<meta property=\"og:site_name\" content=\"Blog da Condessa\" \/>\n<meta property=\"article:published_time\" content=\"2024-01-12T09:00:51+00:00\" \/>\n<meta property=\"og:image\" content=\"https:\/\/blogdacondessa.com.br\/blog\/wp-content\/uploads\/2024\/01\/concurso-publico.webp\" \/>\n\t<meta property=\"og:image:width\" content=\"1170\" \/>\n\t<meta property=\"og:image:height\" content=\"700\" \/>\n\t<meta property=\"og:image:type\" content=\"image\/webp\" \/>\n<meta name=\"author\" content=\"Blog da Condessa\" \/>\n<meta name=\"twitter:card\" content=\"summary_large_image\" \/>\n<meta name=\"twitter:label1\" content=\"Escrito por\" \/>\n\t<meta name=\"twitter:data1\" content=\"Blog da Condessa\" \/>\n\t<meta name=\"twitter:label2\" content=\"Est. tempo de leitura\" \/>\n\t<meta name=\"twitter:data2\" content=\"5 minutos\" \/>\n<script type=\"application\/ld+json\" class=\"yoast-schema-graph\">{\"@context\":\"https:\\\/\\\/schema.org\",\"@graph\":[{\"@type\":\"Article\",\"@id\":\"https:\\\/\\\/blogdacondessa.com.br\\\/blog\\\/cidades-2\\\/enem-dos-concursos-governo-quer-servico-publico-com-a-cara-do-brasil\\\/#article\",\"isPartOf\":{\"@id\":\"https:\\\/\\\/blogdacondessa.com.br\\\/blog\\\/cidades-2\\\/enem-dos-concursos-governo-quer-servico-publico-com-a-cara-do-brasil\\\/\"},\"author\":{\"name\":\"Blog da Condessa\",\"@id\":\"https:\\\/\\\/blogdacondessa.com.br\\\/blog\\\/#\\\/schema\\\/person\\\/1d667ff8b785195b568677489d266035\"},\"headline\":\"Enem dos Concursos: governo quer servi\u00e7o p\u00fablico com a cara do Brasil\",\"datePublished\":\"2024-01-12T09:00:51+00:00\",\"mainEntityOfPage\":{\"@id\":\"https:\\\/\\\/blogdacondessa.com.br\\\/blog\\\/cidades-2\\\/enem-dos-concursos-governo-quer-servico-publico-com-a-cara-do-brasil\\\/\"},\"wordCount\":780,\"image\":{\"@id\":\"https:\\\/\\\/blogdacondessa.com.br\\\/blog\\\/cidades-2\\\/enem-dos-concursos-governo-quer-servico-publico-com-a-cara-do-brasil\\\/#primaryimage\"},\"thumbnailUrl\":\"https:\\\/\\\/blogdacondessa.com.br\\\/blog\\\/wp-content\\\/uploads\\\/2024\\\/01\\\/concurso-publico.webp\",\"articleSection\":[\"Nacional\"],\"inLanguage\":\"pt-BR\"},{\"@type\":\"WebPage\",\"@id\":\"https:\\\/\\\/blogdacondessa.com.br\\\/blog\\\/cidades-2\\\/enem-dos-concursos-governo-quer-servico-publico-com-a-cara-do-brasil\\\/\",\"url\":\"https:\\\/\\\/blogdacondessa.com.br\\\/blog\\\/cidades-2\\\/enem-dos-concursos-governo-quer-servico-publico-com-a-cara-do-brasil\\\/\",\"name\":\"Enem dos Concursos: governo quer servi\u00e7o p\u00fablico com a cara do Brasil &#8902; Blog da Condessa\",\"isPartOf\":{\"@id\":\"https:\\\/\\\/blogdacondessa.com.br\\\/blog\\\/#website\"},\"primaryImageOfPage\":{\"@id\":\"https:\\\/\\\/blogdacondessa.com.br\\\/blog\\\/cidades-2\\\/enem-dos-concursos-governo-quer-servico-publico-com-a-cara-do-brasil\\\/#primaryimage\"},\"image\":{\"@id\":\"https:\\\/\\\/blogdacondessa.com.br\\\/blog\\\/cidades-2\\\/enem-dos-concursos-governo-quer-servico-publico-com-a-cara-do-brasil\\\/#primaryimage\"},\"thumbnailUrl\":\"https:\\\/\\\/blogdacondessa.com.br\\\/blog\\\/wp-content\\\/uploads\\\/2024\\\/01\\\/concurso-publico.webp\",\"datePublished\":\"2024-01-12T09:00:51+00:00\",\"author\":{\"@id\":\"https:\\\/\\\/blogdacondessa.com.br\\\/blog\\\/#\\\/schema\\\/person\\\/1d667ff8b785195b568677489d266035\"},\"breadcrumb\":{\"@id\":\"https:\\\/\\\/blogdacondessa.com.br\\\/blog\\\/cidades-2\\\/enem-dos-concursos-governo-quer-servico-publico-com-a-cara-do-brasil\\\/#breadcrumb\"},\"inLanguage\":\"pt-BR\",\"potentialAction\":[{\"@type\":\"ReadAction\",\"target\":[\"https:\\\/\\\/blogdacondessa.com.br\\\/blog\\\/cidades-2\\\/enem-dos-concursos-governo-quer-servico-publico-com-a-cara-do-brasil\\\/\"]}]},{\"@type\":\"ImageObject\",\"inLanguage\":\"pt-BR\",\"@id\":\"https:\\\/\\\/blogdacondessa.com.br\\\/blog\\\/cidades-2\\\/enem-dos-concursos-governo-quer-servico-publico-com-a-cara-do-brasil\\\/#primaryimage\",\"url\":\"https:\\\/\\\/blogdacondessa.com.br\\\/blog\\\/wp-content\\\/uploads\\\/2024\\\/01\\\/concurso-publico.webp\",\"contentUrl\":\"https:\\\/\\\/blogdacondessa.com.br\\\/blog\\\/wp-content\\\/uploads\\\/2024\\\/01\\\/concurso-publico.webp\",\"width\":1170,\"height\":700,\"caption\":\"Foto:Wilson Dias\\\/ Ag\u00eancia Brasil\"},{\"@type\":\"BreadcrumbList\",\"@id\":\"https:\\\/\\\/blogdacondessa.com.br\\\/blog\\\/cidades-2\\\/enem-dos-concursos-governo-quer-servico-publico-com-a-cara-do-brasil\\\/#breadcrumb\",\"itemListElement\":[{\"@type\":\"ListItem\",\"position\":1,\"name\":\"In\u00edcio\",\"item\":\"https:\\\/\\\/blogdacondessa.com.br\\\/blog\\\/\"},{\"@type\":\"ListItem\",\"position\":2,\"name\":\"Enem dos Concursos: governo quer servi\u00e7o p\u00fablico com a cara do Brasil\"}]},{\"@type\":\"WebSite\",\"@id\":\"https:\\\/\\\/blogdacondessa.com.br\\\/blog\\\/#website\",\"url\":\"https:\\\/\\\/blogdacondessa.com.br\\\/blog\\\/\",\"name\":\"Blog da Condessa\",\"description\":\"Com Shirley de Souza O\u2019Campos\",\"potentialAction\":[{\"@type\":\"SearchAction\",\"target\":{\"@type\":\"EntryPoint\",\"urlTemplate\":\"https:\\\/\\\/blogdacondessa.com.br\\\/blog\\\/?s={search_term_string}\"},\"query-input\":{\"@type\":\"PropertyValueSpecification\",\"valueRequired\":true,\"valueName\":\"search_term_string\"}}],\"inLanguage\":\"pt-BR\"},{\"@type\":\"Person\",\"@id\":\"https:\\\/\\\/blogdacondessa.com.br\\\/blog\\\/#\\\/schema\\\/person\\\/1d667ff8b785195b568677489d266035\",\"name\":\"Blog da Condessa\",\"image\":{\"@type\":\"ImageObject\",\"inLanguage\":\"pt-BR\",\"@id\":\"https:\\\/\\\/secure.gravatar.com\\\/avatar\\\/377c0eb8b4ad2bfc25461b41564b5971e721ca34a57642868fc7b0c8ac7b52c5?s=96&d=mm&r=g\",\"url\":\"https:\\\/\\\/secure.gravatar.com\\\/avatar\\\/377c0eb8b4ad2bfc25461b41564b5971e721ca34a57642868fc7b0c8ac7b52c5?s=96&d=mm&r=g\",\"contentUrl\":\"https:\\\/\\\/secure.gravatar.com\\\/avatar\\\/377c0eb8b4ad2bfc25461b41564b5971e721ca34a57642868fc7b0c8ac7b52c5?s=96&d=mm&r=g\",\"caption\":\"Blog da Condessa\"},\"url\":\"https:\\\/\\\/blogdacondessa.com.br\\\/blog\\\/author\\\/beatriz\\\/\"}]}<\/script>\n<!-- \/ Yoast SEO plugin. -->","yoast_head_json":{"title":"Enem dos Concursos: governo quer servi\u00e7o p\u00fablico com a cara do Brasil &#8902; Blog da Condessa","robots":{"index":"index","follow":"follow","max-snippet":"max-snippet:-1","max-image-preview":"max-image-preview:large","max-video-preview":"max-video-preview:-1"},"canonical":"https:\/\/blogdacondessa.com.br\/blog\/cidades-2\/enem-dos-concursos-governo-quer-servico-publico-com-a-cara-do-brasil\/","og_locale":"pt_BR","og_type":"article","og_title":"Enem dos Concursos: governo quer servi\u00e7o p\u00fablico com a cara do Brasil &#8902; Blog da Condessa","og_description":"Provas ser\u00e3o descentralizadas e ocorrem em 220 cidades. A ministra da Gest\u00e3o e Inova\u00e7\u00e3o, Esther Dweck, disse em entrevista coletiva na quarta-feira (10) que a descentraliza\u00e7\u00e3o do Concurso P\u00fablico Nacional Unificado tem como objetivo trazer mais diversidade ao servi\u00e7o p\u00fablico, ao atingir candidatos sem condi\u00e7\u00e3o de viajar para Bras\u00edlia para fazerem as provas. \u201cQueremos o [&hellip;]","og_url":"https:\/\/blogdacondessa.com.br\/blog\/cidades-2\/enem-dos-concursos-governo-quer-servico-publico-com-a-cara-do-brasil\/","og_site_name":"Blog da Condessa","article_published_time":"2024-01-12T09:00:51+00:00","og_image":[{"width":1170,"height":700,"url":"https:\/\/blogdacondessa.com.br\/blog\/wp-content\/uploads\/2024\/01\/concurso-publico.webp","type":"image\/webp"}],"author":"Blog da Condessa","twitter_card":"summary_large_image","twitter_misc":{"Escrito por":"Blog da Condessa","Est. tempo de leitura":"5 minutos"},"schema":{"@context":"https:\/\/schema.org","@graph":[{"@type":"Article","@id":"https:\/\/blogdacondessa.com.br\/blog\/cidades-2\/enem-dos-concursos-governo-quer-servico-publico-com-a-cara-do-brasil\/#article","isPartOf":{"@id":"https:\/\/blogdacondessa.com.br\/blog\/cidades-2\/enem-dos-concursos-governo-quer-servico-publico-com-a-cara-do-brasil\/"},"author":{"name":"Blog da Condessa","@id":"https:\/\/blogdacondessa.com.br\/blog\/#\/schema\/person\/1d667ff8b785195b568677489d266035"},"headline":"Enem dos Concursos: governo quer servi\u00e7o p\u00fablico com a cara do Brasil","datePublished":"2024-01-12T09:00:51+00:00","mainEntityOfPage":{"@id":"https:\/\/blogdacondessa.com.br\/blog\/cidades-2\/enem-dos-concursos-governo-quer-servico-publico-com-a-cara-do-brasil\/"},"wordCount":780,"image":{"@id":"https:\/\/blogdacondessa.com.br\/blog\/cidades-2\/enem-dos-concursos-governo-quer-servico-publico-com-a-cara-do-brasil\/#primaryimage"},"thumbnailUrl":"https:\/\/blogdacondessa.com.br\/blog\/wp-content\/uploads\/2024\/01\/concurso-publico.webp","articleSection":["Nacional"],"inLanguage":"pt-BR"},{"@type":"WebPage","@id":"https:\/\/blogdacondessa.com.br\/blog\/cidades-2\/enem-dos-concursos-governo-quer-servico-publico-com-a-cara-do-brasil\/","url":"https:\/\/blogdacondessa.com.br\/blog\/cidades-2\/enem-dos-concursos-governo-quer-servico-publico-com-a-cara-do-brasil\/","name":"Enem dos Concursos: governo quer servi\u00e7o p\u00fablico com a cara do Brasil &#8902; Blog da Condessa","isPartOf":{"@id":"https:\/\/blogdacondessa.com.br\/blog\/#website"},"primaryImageOfPage":{"@id":"https:\/\/blogdacondessa.com.br\/blog\/cidades-2\/enem-dos-concursos-governo-quer-servico-publico-com-a-cara-do-brasil\/#primaryimage"},"image":{"@id":"https:\/\/blogdacondessa.com.br\/blog\/cidades-2\/enem-dos-concursos-governo-quer-servico-publico-com-a-cara-do-brasil\/#primaryimage"},"thumbnailUrl":"https:\/\/blogdacondessa.com.br\/blog\/wp-content\/uploads\/2024\/01\/concurso-publico.webp","datePublished":"2024-01-12T09:00:51+00:00","author":{"@id":"https:\/\/blogdacondessa.com.br\/blog\/#\/schema\/person\/1d667ff8b785195b568677489d266035"},"breadcrumb":{"@id":"https:\/\/blogdacondessa.com.br\/blog\/cidades-2\/enem-dos-concursos-governo-quer-servico-publico-com-a-cara-do-brasil\/#breadcrumb"},"inLanguage":"pt-BR","potentialAction":[{"@type":"ReadAction","target":["https:\/\/blogdacondessa.com.br\/blog\/cidades-2\/enem-dos-concursos-governo-quer-servico-publico-com-a-cara-do-brasil\/"]}]},{"@type":"ImageObject","inLanguage":"pt-BR","@id":"https:\/\/blogdacondessa.com.br\/blog\/cidades-2\/enem-dos-concursos-governo-quer-servico-publico-com-a-cara-do-brasil\/#primaryimage","url":"https:\/\/blogdacondessa.com.br\/blog\/wp-content\/uploads\/2024\/01\/concurso-publico.webp","contentUrl":"https:\/\/blogdacondessa.com.br\/blog\/wp-content\/uploads\/2024\/01\/concurso-publico.webp","width":1170,"height":700,"caption":"Foto:Wilson Dias\/ Ag\u00eancia Brasil"},{"@type":"BreadcrumbList","@id":"https:\/\/blogdacondessa.com.br\/blog\/cidades-2\/enem-dos-concursos-governo-quer-servico-publico-com-a-cara-do-brasil\/#breadcrumb","itemListElement":[{"@type":"ListItem","position":1,"name":"In\u00edcio","item":"https:\/\/blogdacondessa.com.br\/blog\/"},{"@type":"ListItem","position":2,"name":"Enem dos Concursos: governo quer servi\u00e7o p\u00fablico com a cara do Brasil"}]},{"@type":"WebSite","@id":"https:\/\/blogdacondessa.com.br\/blog\/#website","url":"https:\/\/blogdacondessa.com.br\/blog\/","name":"Blog da Condessa","description":"Com Shirley de Souza O\u2019Campos","potentialAction":[{"@type":"SearchAction","target":{"@type":"EntryPoint","urlTemplate":"https:\/\/blogdacondessa.com.br\/blog\/?s={search_term_string}"},"query-input":{"@type":"PropertyValueSpecification","valueRequired":true,"valueName":"search_term_string"}}],"inLanguage":"pt-BR"},{"@type":"Person","@id":"https:\/\/blogdacondessa.com.br\/blog\/#\/schema\/person\/1d667ff8b785195b568677489d266035","name":"Blog da Condessa","image":{"@type":"ImageObject","inLanguage":"pt-BR","@id":"https:\/\/secure.gravatar.com\/avatar\/377c0eb8b4ad2bfc25461b41564b5971e721ca34a57642868fc7b0c8ac7b52c5?s=96&d=mm&r=g","url":"https:\/\/secure.gravatar.com\/avatar\/377c0eb8b4ad2bfc25461b41564b5971e721ca34a57642868fc7b0c8ac7b52c5?s=96&d=mm&r=g","contentUrl":"https:\/\/secure.gravatar.com\/avatar\/377c0eb8b4ad2bfc25461b41564b5971e721ca34a57642868fc7b0c8ac7b52c5?s=96&d=mm&r=g","caption":"Blog da Condessa"},"url":"https:\/\/blogdacondessa.com.br\/blog\/author\/beatriz\/"}]}},"_links":{"self":[{"href":"https:\/\/blogdacondessa.com.br\/blog\/wp-json\/wp\/v2\/posts\/8903","targetHints":{"allow":["GET"]}}],"collection":[{"href":"https:\/\/blogdacondessa.com.br\/blog\/wp-json\/wp\/v2\/posts"}],"about":[{"href":"https:\/\/blogdacondessa.com.br\/blog\/wp-json\/wp\/v2\/types\/post"}],"author":[{"embeddable":true,"href":"https:\/\/blogdacondessa.com.br\/blog\/wp-json\/wp\/v2\/users\/2"}],"replies":[{"embeddable":true,"href":"https:\/\/blogdacondessa.com.br\/blog\/wp-json\/wp\/v2\/comments?post=8903"}],"version-history":[{"count":0,"href":"https:\/\/blogdacondessa.com.br\/blog\/wp-json\/wp\/v2\/posts\/8903\/revisions"}],"wp:featuredmedia":[{"embeddable":true,"href":"https:\/\/blogdacondessa.com.br\/blog\/wp-json\/wp\/v2\/media\/8904"}],"wp:attachment":[{"href":"https:\/\/blogdacondessa.com.br\/blog\/wp-json\/wp\/v2\/media?parent=8903"}],"wp:term":[{"taxonomy":"category","embeddable":true,"href":"https:\/\/blogdacondessa.com.br\/blog\/wp-json\/wp\/v2\/categories?post=8903"},{"taxonomy":"post_tag","embeddable":true,"href":"https:\/\/blogdacondessa.com.br\/blog\/wp-json\/wp\/v2\/tags?post=8903"}],"curies":[{"name":"wp","href":"https:\/\/api.w.org\/{rel}","templated":true}]}}