{"id":8862,"date":"2024-01-05T05:00:35","date_gmt":"2024-01-05T09:00:35","guid":{"rendered":"http:\/\/blogdacondessa.com.br\/?p=8862"},"modified":"2024-01-04T13:00:05","modified_gmt":"2024-01-04T17:00:05","slug":"o-assunto-e-janeiro-branco","status":"publish","type":"post","link":"https:\/\/blogdacondessa.com.br\/blog\/artigos\/o-assunto-e-janeiro-branco\/","title":{"rendered":"O assunto \u00e9 Janeiro Branco"},"content":{"rendered":"<p>Resolvi falar sobre esse assunto, porque j\u00e1 enfrentei uma depress\u00e3o e passei por altos e baixos. Como estamos iniciando um novo ano e temos o \u2018Janeiro Branco\u2019, quero deixar uma mensagem para todos, mas especialmente para quem est\u00e1 passando por alguma dificuldade que pode ser sintomas de ansiedade, depress\u00e3o. Tudo come\u00e7a no fator emocional.<\/p>\n<p>Ah! Vale lembrar que n\u00e3o sou especialista no assunto, estou aqui apenas para dar um empurr\u00e3ozinho e motivar as pessoas a buscarem ajuda. A quebra do estigma em torno da busca por ajuda \u00e9 essencial para construir uma sociedade que valoriza a sa\u00fade mental tanto quanto a f\u00edsica.<\/p>\n<p>O Janeiro Branco surge como um lembrete valioso sobre a import\u00e2ncia da sa\u00fade mental, incentivando pr\u00e1ticas que promovam o bem-estar emocional ao longo do ano. Cuidados di\u00e1rios desempenham um papel crucial na preven\u00e7\u00e3o de problemas como depress\u00e3o e ansiedade. A incorpora\u00e7\u00e3o regular de exerc\u00edcios f\u00edsicos, a prioriza\u00e7\u00e3o de um sono adequado e a ado\u00e7\u00e3o de uma alimenta\u00e7\u00e3o saud\u00e1vel s\u00e3o alicerces fundamentais para uma mente equilibrada.<\/p>\n<p>Conforme especialistas, al\u00e9m desses cuidados f\u00edsicos, t\u00e9cnicas de autocontrole como a medita\u00e7\u00e3o e reservar um tempo para reflex\u00e3o s\u00e3o aliados poderosos na promo\u00e7\u00e3o da sa\u00fade mental. A pr\u00e1tica constante dessas t\u00e9cnicas pode contribuir significativamente para a redu\u00e7\u00e3o do estresse e o fortalecimento da resili\u00eancia emocional.<\/p>\n<p>Contudo, reconhecer quando \u00e9 necess\u00e1rio buscar apoio profissional \u00e9 crucial. Psicoterapeutas e profissionais de sa\u00fade mental est\u00e3o dispon\u00edveis para oferecer orienta\u00e7\u00e3o e suporte personalizado. O recurso de apoio tamb\u00e9m est\u00e1 dispon\u00edvel na sa\u00fade p\u00fablica. Nos munic\u00edpios, a parceria com o Sistema \u00danico de Sa\u00fade (SUS) possibilita os atendimentos atrav\u00e9s dos Centros de Aten\u00e7\u00e3o Psicossocial\u00a0\u00a0(Caps).<\/p>\n<p>Manter conex\u00f5es sociais tamb\u00e9m desempenha um papel vital. A solid\u00e3o pode contribuir para problemas de sa\u00fade mental, enquanto relacionamentos significativos podem fornecer um importante suporte emocional. Invista tempo em cultivar e nutrir essas conex\u00f5es, pois s\u00e3o alicerces valiosos para uma vida emocionalmente equilibrada.<\/p>\n<p>Para quem convive com familiares, colegas de trabalho e amigos que passam por alguma situa\u00e7\u00e3o relacionada a conflitos mentais, \u00e9 preciso aten\u00e7\u00e3o e cuidado. Ent\u00e3o, ouvir atentamente, demonstrar empatia e encorajar a busca por ajuda profissional s\u00e3o maneiras eficazes de auxiliar pessoas com conflitos mentais.<\/p>\n<p>Resumindo, o Janeiro Branco nos convida a refletir sobre nossos h\u00e1bitos di\u00e1rios, promovendo uma cultura de autocuidado e sensibiliza\u00e7\u00e3o. Ao adotar pr\u00e1ticas que beneficiam a sa\u00fade mental e ao buscar apoio quando necess\u00e1rio, podemos construir uma base s\u00f3lida para enfrentar os desafios emocionais e viver uma vida mais plena.<\/p>\n<p>Em janeiro, colorimos\u00a0\u00a0nossas vidas com tons de esperan\u00e7a e reflex\u00e3o. Assim como o branco simboliza novos come\u00e7os, que este m\u00eas seja a tela em branco onde voc\u00ea escrever\u00e1 os cap\u00edtulos mais inspiradores da sua jornada. Vamos cultivar a sa\u00fade mental, regar nossos sonhos e florescer no jardim da positividade. Que esse m\u00eas seja o ponto de partida para uma vida plena e equilibrada.<\/p>\n<p><strong><em>*Virginia Mendes \u00e9 economista e primeira-dama de MT.<\/em><\/strong><\/p>\n","protected":false},"excerpt":{"rendered":"<p>Resolvi falar sobre esse assunto, porque j\u00e1 enfrentei uma depress\u00e3o e passei por altos e baixos. Como estamos iniciando um novo ano e temos o \u2018Janeiro Branco\u2019, quero deixar uma mensagem para todos, mas especialmente para quem est\u00e1 passando por alguma dificuldade que pode ser sintomas de ansiedade, depress\u00e3o. Tudo come\u00e7a no fator emocional. Ah! [&hellip;]<\/p>\n","protected":false},"author":2,"featured_media":8863,"comment_status":"closed","ping_status":"closed","sticky":false,"template":"","format":"standard","meta":{"iawp_total_views":0,"footnotes":""},"categories":[33],"tags":[],"class_list":["post-8862","post","type-post","status-publish","format-standard","has-post-thumbnail","hentry","category-artigos"],"yoast_head":"<!-- This site is optimized with the Yoast SEO plugin v27.3 - https:\/\/yoast.com\/product\/yoast-seo-wordpress\/ -->\n<title>O assunto \u00e9 Janeiro Branco &#8902; Blog da Condessa<\/title>\n<meta name=\"robots\" content=\"index, follow, max-snippet:-1, max-image-preview:large, max-video-preview:-1\" \/>\n<link rel=\"canonical\" href=\"https:\/\/blogdacondessa.com.br\/blog\/artigos\/o-assunto-e-janeiro-branco\/\" \/>\n<meta property=\"og:locale\" content=\"pt_BR\" \/>\n<meta property=\"og:type\" content=\"article\" \/>\n<meta property=\"og:title\" content=\"O assunto \u00e9 Janeiro Branco &#8902; Blog da Condessa\" \/>\n<meta property=\"og:description\" content=\"Resolvi falar sobre esse assunto, porque j\u00e1 enfrentei uma depress\u00e3o e passei por altos e baixos. Como estamos iniciando um novo ano e temos o \u2018Janeiro Branco\u2019, quero deixar uma mensagem para todos, mas especialmente para quem est\u00e1 passando por alguma dificuldade que pode ser sintomas de ansiedade, depress\u00e3o. Tudo come\u00e7a no fator emocional. Ah! [&hellip;]\" \/>\n<meta property=\"og:url\" content=\"https:\/\/blogdacondessa.com.br\/blog\/artigos\/o-assunto-e-janeiro-branco\/\" \/>\n<meta property=\"og:site_name\" content=\"Blog da Condessa\" \/>\n<meta property=\"article:published_time\" content=\"2024-01-05T09:00:35+00:00\" \/>\n<meta property=\"og:image\" content=\"https:\/\/blogdacondessa.com.br\/blog\/wp-content\/uploads\/2024\/01\/virginia.jpg\" \/>\n\t<meta property=\"og:image:width\" content=\"1024\" \/>\n\t<meta property=\"og:image:height\" content=\"683\" \/>\n\t<meta property=\"og:image:type\" content=\"image\/jpeg\" \/>\n<meta name=\"author\" content=\"Blog da Condessa\" \/>\n<meta name=\"twitter:card\" content=\"summary_large_image\" \/>\n<meta name=\"twitter:label1\" content=\"Escrito por\" \/>\n\t<meta name=\"twitter:data1\" content=\"Blog da Condessa\" \/>\n\t<meta name=\"twitter:label2\" content=\"Est. tempo de leitura\" \/>\n\t<meta name=\"twitter:data2\" content=\"3 minutos\" \/>\n<script type=\"application\/ld+json\" class=\"yoast-schema-graph\">{\"@context\":\"https:\\\/\\\/schema.org\",\"@graph\":[{\"@type\":\"Article\",\"@id\":\"https:\\\/\\\/blogdacondessa.com.br\\\/blog\\\/artigos\\\/o-assunto-e-janeiro-branco\\\/#article\",\"isPartOf\":{\"@id\":\"https:\\\/\\\/blogdacondessa.com.br\\\/blog\\\/artigos\\\/o-assunto-e-janeiro-branco\\\/\"},\"author\":{\"name\":\"Blog da Condessa\",\"@id\":\"https:\\\/\\\/blogdacondessa.com.br\\\/blog\\\/#\\\/schema\\\/person\\\/1d667ff8b785195b568677489d266035\"},\"headline\":\"O assunto \u00e9 Janeiro Branco\",\"datePublished\":\"2024-01-05T09:00:35+00:00\",\"mainEntityOfPage\":{\"@id\":\"https:\\\/\\\/blogdacondessa.com.br\\\/blog\\\/artigos\\\/o-assunto-e-janeiro-branco\\\/\"},\"wordCount\":545,\"image\":{\"@id\":\"https:\\\/\\\/blogdacondessa.com.br\\\/blog\\\/artigos\\\/o-assunto-e-janeiro-branco\\\/#primaryimage\"},\"thumbnailUrl\":\"https:\\\/\\\/blogdacondessa.com.br\\\/blog\\\/wp-content\\\/uploads\\\/2024\\\/01\\\/virginia.jpg\",\"articleSection\":[\"Artigos\"],\"inLanguage\":\"pt-BR\"},{\"@type\":\"WebPage\",\"@id\":\"https:\\\/\\\/blogdacondessa.com.br\\\/blog\\\/artigos\\\/o-assunto-e-janeiro-branco\\\/\",\"url\":\"https:\\\/\\\/blogdacondessa.com.br\\\/blog\\\/artigos\\\/o-assunto-e-janeiro-branco\\\/\",\"name\":\"O assunto \u00e9 Janeiro Branco &#8902; Blog da Condessa\",\"isPartOf\":{\"@id\":\"https:\\\/\\\/blogdacondessa.com.br\\\/blog\\\/#website\"},\"primaryImageOfPage\":{\"@id\":\"https:\\\/\\\/blogdacondessa.com.br\\\/blog\\\/artigos\\\/o-assunto-e-janeiro-branco\\\/#primaryimage\"},\"image\":{\"@id\":\"https:\\\/\\\/blogdacondessa.com.br\\\/blog\\\/artigos\\\/o-assunto-e-janeiro-branco\\\/#primaryimage\"},\"thumbnailUrl\":\"https:\\\/\\\/blogdacondessa.com.br\\\/blog\\\/wp-content\\\/uploads\\\/2024\\\/01\\\/virginia.jpg\",\"datePublished\":\"2024-01-05T09:00:35+00:00\",\"author\":{\"@id\":\"https:\\\/\\\/blogdacondessa.com.br\\\/blog\\\/#\\\/schema\\\/person\\\/1d667ff8b785195b568677489d266035\"},\"breadcrumb\":{\"@id\":\"https:\\\/\\\/blogdacondessa.com.br\\\/blog\\\/artigos\\\/o-assunto-e-janeiro-branco\\\/#breadcrumb\"},\"inLanguage\":\"pt-BR\",\"potentialAction\":[{\"@type\":\"ReadAction\",\"target\":[\"https:\\\/\\\/blogdacondessa.com.br\\\/blog\\\/artigos\\\/o-assunto-e-janeiro-branco\\\/\"]}]},{\"@type\":\"ImageObject\",\"inLanguage\":\"pt-BR\",\"@id\":\"https:\\\/\\\/blogdacondessa.com.br\\\/blog\\\/artigos\\\/o-assunto-e-janeiro-branco\\\/#primaryimage\",\"url\":\"https:\\\/\\\/blogdacondessa.com.br\\\/blog\\\/wp-content\\\/uploads\\\/2024\\\/01\\\/virginia.jpg\",\"contentUrl\":\"https:\\\/\\\/blogdacondessa.com.br\\\/blog\\\/wp-content\\\/uploads\\\/2024\\\/01\\\/virginia.jpg\",\"width\":1024,\"height\":683,\"caption\":\"Cr\u00e9dito - Jana Pess\u00f4a\"},{\"@type\":\"BreadcrumbList\",\"@id\":\"https:\\\/\\\/blogdacondessa.com.br\\\/blog\\\/artigos\\\/o-assunto-e-janeiro-branco\\\/#breadcrumb\",\"itemListElement\":[{\"@type\":\"ListItem\",\"position\":1,\"name\":\"In\u00edcio\",\"item\":\"https:\\\/\\\/blogdacondessa.com.br\\\/blog\\\/\"},{\"@type\":\"ListItem\",\"position\":2,\"name\":\"O assunto \u00e9 Janeiro Branco\"}]},{\"@type\":\"WebSite\",\"@id\":\"https:\\\/\\\/blogdacondessa.com.br\\\/blog\\\/#website\",\"url\":\"https:\\\/\\\/blogdacondessa.com.br\\\/blog\\\/\",\"name\":\"Blog da Condessa\",\"description\":\"Com Shirley de Souza O\u2019Campos\",\"potentialAction\":[{\"@type\":\"SearchAction\",\"target\":{\"@type\":\"EntryPoint\",\"urlTemplate\":\"https:\\\/\\\/blogdacondessa.com.br\\\/blog\\\/?s={search_term_string}\"},\"query-input\":{\"@type\":\"PropertyValueSpecification\",\"valueRequired\":true,\"valueName\":\"search_term_string\"}}],\"inLanguage\":\"pt-BR\"},{\"@type\":\"Person\",\"@id\":\"https:\\\/\\\/blogdacondessa.com.br\\\/blog\\\/#\\\/schema\\\/person\\\/1d667ff8b785195b568677489d266035\",\"name\":\"Blog da Condessa\",\"image\":{\"@type\":\"ImageObject\",\"inLanguage\":\"pt-BR\",\"@id\":\"https:\\\/\\\/secure.gravatar.com\\\/avatar\\\/377c0eb8b4ad2bfc25461b41564b5971e721ca34a57642868fc7b0c8ac7b52c5?s=96&d=mm&r=g\",\"url\":\"https:\\\/\\\/secure.gravatar.com\\\/avatar\\\/377c0eb8b4ad2bfc25461b41564b5971e721ca34a57642868fc7b0c8ac7b52c5?s=96&d=mm&r=g\",\"contentUrl\":\"https:\\\/\\\/secure.gravatar.com\\\/avatar\\\/377c0eb8b4ad2bfc25461b41564b5971e721ca34a57642868fc7b0c8ac7b52c5?s=96&d=mm&r=g\",\"caption\":\"Blog da Condessa\"},\"url\":\"https:\\\/\\\/blogdacondessa.com.br\\\/blog\\\/author\\\/beatriz\\\/\"}]}<\/script>\n<!-- \/ Yoast SEO plugin. -->","yoast_head_json":{"title":"O assunto \u00e9 Janeiro Branco &#8902; Blog da Condessa","robots":{"index":"index","follow":"follow","max-snippet":"max-snippet:-1","max-image-preview":"max-image-preview:large","max-video-preview":"max-video-preview:-1"},"canonical":"https:\/\/blogdacondessa.com.br\/blog\/artigos\/o-assunto-e-janeiro-branco\/","og_locale":"pt_BR","og_type":"article","og_title":"O assunto \u00e9 Janeiro Branco &#8902; Blog da Condessa","og_description":"Resolvi falar sobre esse assunto, porque j\u00e1 enfrentei uma depress\u00e3o e passei por altos e baixos. Como estamos iniciando um novo ano e temos o \u2018Janeiro Branco\u2019, quero deixar uma mensagem para todos, mas especialmente para quem est\u00e1 passando por alguma dificuldade que pode ser sintomas de ansiedade, depress\u00e3o. Tudo come\u00e7a no fator emocional. Ah! [&hellip;]","og_url":"https:\/\/blogdacondessa.com.br\/blog\/artigos\/o-assunto-e-janeiro-branco\/","og_site_name":"Blog da Condessa","article_published_time":"2024-01-05T09:00:35+00:00","og_image":[{"width":1024,"height":683,"url":"https:\/\/blogdacondessa.com.br\/blog\/wp-content\/uploads\/2024\/01\/virginia.jpg","type":"image\/jpeg"}],"author":"Blog da Condessa","twitter_card":"summary_large_image","twitter_misc":{"Escrito por":"Blog da Condessa","Est. tempo de leitura":"3 minutos"},"schema":{"@context":"https:\/\/schema.org","@graph":[{"@type":"Article","@id":"https:\/\/blogdacondessa.com.br\/blog\/artigos\/o-assunto-e-janeiro-branco\/#article","isPartOf":{"@id":"https:\/\/blogdacondessa.com.br\/blog\/artigos\/o-assunto-e-janeiro-branco\/"},"author":{"name":"Blog da Condessa","@id":"https:\/\/blogdacondessa.com.br\/blog\/#\/schema\/person\/1d667ff8b785195b568677489d266035"},"headline":"O assunto \u00e9 Janeiro Branco","datePublished":"2024-01-05T09:00:35+00:00","mainEntityOfPage":{"@id":"https:\/\/blogdacondessa.com.br\/blog\/artigos\/o-assunto-e-janeiro-branco\/"},"wordCount":545,"image":{"@id":"https:\/\/blogdacondessa.com.br\/blog\/artigos\/o-assunto-e-janeiro-branco\/#primaryimage"},"thumbnailUrl":"https:\/\/blogdacondessa.com.br\/blog\/wp-content\/uploads\/2024\/01\/virginia.jpg","articleSection":["Artigos"],"inLanguage":"pt-BR"},{"@type":"WebPage","@id":"https:\/\/blogdacondessa.com.br\/blog\/artigos\/o-assunto-e-janeiro-branco\/","url":"https:\/\/blogdacondessa.com.br\/blog\/artigos\/o-assunto-e-janeiro-branco\/","name":"O assunto \u00e9 Janeiro Branco &#8902; Blog da Condessa","isPartOf":{"@id":"https:\/\/blogdacondessa.com.br\/blog\/#website"},"primaryImageOfPage":{"@id":"https:\/\/blogdacondessa.com.br\/blog\/artigos\/o-assunto-e-janeiro-branco\/#primaryimage"},"image":{"@id":"https:\/\/blogdacondessa.com.br\/blog\/artigos\/o-assunto-e-janeiro-branco\/#primaryimage"},"thumbnailUrl":"https:\/\/blogdacondessa.com.br\/blog\/wp-content\/uploads\/2024\/01\/virginia.jpg","datePublished":"2024-01-05T09:00:35+00:00","author":{"@id":"https:\/\/blogdacondessa.com.br\/blog\/#\/schema\/person\/1d667ff8b785195b568677489d266035"},"breadcrumb":{"@id":"https:\/\/blogdacondessa.com.br\/blog\/artigos\/o-assunto-e-janeiro-branco\/#breadcrumb"},"inLanguage":"pt-BR","potentialAction":[{"@type":"ReadAction","target":["https:\/\/blogdacondessa.com.br\/blog\/artigos\/o-assunto-e-janeiro-branco\/"]}]},{"@type":"ImageObject","inLanguage":"pt-BR","@id":"https:\/\/blogdacondessa.com.br\/blog\/artigos\/o-assunto-e-janeiro-branco\/#primaryimage","url":"https:\/\/blogdacondessa.com.br\/blog\/wp-content\/uploads\/2024\/01\/virginia.jpg","contentUrl":"https:\/\/blogdacondessa.com.br\/blog\/wp-content\/uploads\/2024\/01\/virginia.jpg","width":1024,"height":683,"caption":"Cr\u00e9dito - Jana Pess\u00f4a"},{"@type":"BreadcrumbList","@id":"https:\/\/blogdacondessa.com.br\/blog\/artigos\/o-assunto-e-janeiro-branco\/#breadcrumb","itemListElement":[{"@type":"ListItem","position":1,"name":"In\u00edcio","item":"https:\/\/blogdacondessa.com.br\/blog\/"},{"@type":"ListItem","position":2,"name":"O assunto \u00e9 Janeiro Branco"}]},{"@type":"WebSite","@id":"https:\/\/blogdacondessa.com.br\/blog\/#website","url":"https:\/\/blogdacondessa.com.br\/blog\/","name":"Blog da Condessa","description":"Com Shirley de Souza O\u2019Campos","potentialAction":[{"@type":"SearchAction","target":{"@type":"EntryPoint","urlTemplate":"https:\/\/blogdacondessa.com.br\/blog\/?s={search_term_string}"},"query-input":{"@type":"PropertyValueSpecification","valueRequired":true,"valueName":"search_term_string"}}],"inLanguage":"pt-BR"},{"@type":"Person","@id":"https:\/\/blogdacondessa.com.br\/blog\/#\/schema\/person\/1d667ff8b785195b568677489d266035","name":"Blog da Condessa","image":{"@type":"ImageObject","inLanguage":"pt-BR","@id":"https:\/\/secure.gravatar.com\/avatar\/377c0eb8b4ad2bfc25461b41564b5971e721ca34a57642868fc7b0c8ac7b52c5?s=96&d=mm&r=g","url":"https:\/\/secure.gravatar.com\/avatar\/377c0eb8b4ad2bfc25461b41564b5971e721ca34a57642868fc7b0c8ac7b52c5?s=96&d=mm&r=g","contentUrl":"https:\/\/secure.gravatar.com\/avatar\/377c0eb8b4ad2bfc25461b41564b5971e721ca34a57642868fc7b0c8ac7b52c5?s=96&d=mm&r=g","caption":"Blog da Condessa"},"url":"https:\/\/blogdacondessa.com.br\/blog\/author\/beatriz\/"}]}},"_links":{"self":[{"href":"https:\/\/blogdacondessa.com.br\/blog\/wp-json\/wp\/v2\/posts\/8862","targetHints":{"allow":["GET"]}}],"collection":[{"href":"https:\/\/blogdacondessa.com.br\/blog\/wp-json\/wp\/v2\/posts"}],"about":[{"href":"https:\/\/blogdacondessa.com.br\/blog\/wp-json\/wp\/v2\/types\/post"}],"author":[{"embeddable":true,"href":"https:\/\/blogdacondessa.com.br\/blog\/wp-json\/wp\/v2\/users\/2"}],"replies":[{"embeddable":true,"href":"https:\/\/blogdacondessa.com.br\/blog\/wp-json\/wp\/v2\/comments?post=8862"}],"version-history":[{"count":0,"href":"https:\/\/blogdacondessa.com.br\/blog\/wp-json\/wp\/v2\/posts\/8862\/revisions"}],"wp:featuredmedia":[{"embeddable":true,"href":"https:\/\/blogdacondessa.com.br\/blog\/wp-json\/wp\/v2\/media\/8863"}],"wp:attachment":[{"href":"https:\/\/blogdacondessa.com.br\/blog\/wp-json\/wp\/v2\/media?parent=8862"}],"wp:term":[{"taxonomy":"category","embeddable":true,"href":"https:\/\/blogdacondessa.com.br\/blog\/wp-json\/wp\/v2\/categories?post=8862"},{"taxonomy":"post_tag","embeddable":true,"href":"https:\/\/blogdacondessa.com.br\/blog\/wp-json\/wp\/v2\/tags?post=8862"}],"curies":[{"name":"wp","href":"https:\/\/api.w.org\/{rel}","templated":true}]}}