{"id":8841,"date":"2024-01-01T05:00:15","date_gmt":"2024-01-01T09:00:15","guid":{"rendered":"http:\/\/blogdacondessa.com.br\/?p=8841"},"modified":"2023-12-31T15:29:26","modified_gmt":"2023-12-31T19:29:26","slug":"programa-ser-familia-inclusivo-emitiu-49-mil-carteiras-de-identificacao-dos-autistas-em-mt","status":"publish","type":"post","link":"https:\/\/blogdacondessa.com.br\/blog\/cotidiano\/programa-ser-familia-inclusivo-emitiu-49-mil-carteiras-de-identificacao-dos-autistas-em-mt\/","title":{"rendered":"Programa SER Fam\u00edlia Inclusivo emitiu 4,9 mil Carteiras de Identifica\u00e7\u00e3o dos Autistas em MT"},"content":{"rendered":"<p>Idealizado pela primeira-dama do Estado, Virginia Mendes, o documento promove inclus\u00e3o e garantia de direitos \u00e0s pessoas com espectro autista.<\/p>\n<p>\u201cA vida do meu filho mudou para melhor ap\u00f3s a carteira do autista\u201d, declarou Laiza Salustiano, m\u00e3e do pequeno Luiz Gustavo, de nove anos, benefici\u00e1rio da Carteira de Identifica\u00e7\u00e3o do Autista (CIA), moradores do munic\u00edpio de Dom Aquino (170 km de Cuiab\u00e1). Luiz Gustavo \u00e9 um dos 4.939 autistas que possuem a CIA em Mato Grosso.<br \/>\nEla relembra como o filho era visto pelas pessoas, antes da identifica\u00e7\u00e3o.<br \/>\n\u201cDepois que eu fiz a carteira de autista do Luiz Gustavo, tudo mudou. Muitas vezes eu sa\u00eda com ele e vinham as crises, seja pelo barulho ou por ter muita gente ao redor. E o que acontecia? O pessoal achava que era birra,mas, com a identifica\u00e7\u00e3o da carteira, a correntinha com os s\u00edmbolos, mostrando que \u00e9 uma crian\u00e7a no espectro autista, j\u00e1 olham de outra forma. Sabem que aquilo n\u00e3o \u00e9 uma birra, mas simplesmente a condi\u00e7\u00e3o dele\u201d, lembrou Laiza emocionada.<\/p>\n<p>O Governo de Mato Grosso tem atuado na\u00a0prote\u00e7\u00e3o dos direitos da pessoa com Transtorno do Espectro Autista (TEA), com o apoio e supervis\u00e3o da primeira-dama Virginia Mendes. Entre as a\u00e7\u00f5es voltadas para a causa est\u00e1\u00a0a emiss\u00e3o da Carteira de Identifica\u00e7\u00e3o do Autista (CIA), que garante os direitos dos consumidores autistas. J\u00e1 foram entregues, desde janeiro de 2020, quando o documento passou a ser emitido, 4.939 carteiras.<\/p>\n<p>H\u00e1 tr\u00eas anos, a Secretaria de Estado de Assist\u00eancia Social e Cidadania (Setasc) emite a CIA, e, para facilitar ainda mais, a solicita\u00e7\u00e3o pode ser feita pelo aplicativo MT Cidad\u00e3o.<\/p>\n<p>A CIA que possui a sua distribui\u00e7\u00e3o gratuita faz parte do programa SER\u00a0Fam\u00edlia (Lei 12.013\/2023), o \u201cSER\u00a0Fam\u00edlia Inclusivo\u201d, tamb\u00e9m uma das bandeiras da primeira-dama do Estado.<\/p>\n<p>\u201cA carteirinha \u00e9 um instrumento que os possibilitam ter os seus direitos garantidos. A inclus\u00e3o \u00e9 uma das minhas prioridades, por isso, temos que ter um olhar especial para as pessoas com defici\u00eancia e, acima de tudo, devemos respeit\u00e1-las. Depois que a lei foi criada, observamos que cada vez mais a acessibilidade est\u00e1 chegando aos que mais precisam. Fico muito feliz em ver que o trabalho tem ajudado muitas pessoas. A elabora\u00e7\u00e3o desse projeto \u00e9 um sonho e agrade\u00e7o a todos os envolvidos por torn\u00e1-lo realidade\u201d, disse Virginia Mendes.<\/p>\n<p>Al\u00e9m da carteirinha, h\u00e1 o projeto \u201cAutismo na Escola\u201d, que promove estudos voltados \u00e0 promo\u00e7\u00e3o de pol\u00edticas p\u00fablicas espec\u00edficas para autistas nas escolas da rede estadual de ensino.<\/p>\n<p>Laiza ainda ressaltou a import\u00e2ncia da CIA para acessar diversos servi\u00e7os.<\/p>\n<p>\u201cQuando ele precisa ir ao hospital, o atendimento dele \u00e9 mais r\u00e1pido. Mudou a vida dele com a prioridade. Sou muito grata ao Governo do Estado por proporcionar n\u00e3o s\u00f3 ao meu filho, mas para muitos mato-grossenses que necessitam da acessibilidade\u201d, destacou.<\/p>\n<p><strong>Camarote na Arena Pantanal<br \/>\n<\/strong><br \/>\nPor meio do Programa SER Fam\u00edlia Inclusivo, o Governo de Mato Grosso, em parceria com o Cuiab\u00e1 Esporte Clube e a senadora Margareth Buzetti, proporcionou visitas no camarote do clube para pessoas com Transtorno do Espectro Autista, durante os jogos do Campeonato Brasileiro 2023. Ao total, em 18 jogos do Dourado na Arena Pantanal, 144 pessoas foram sorteadas.<\/p>\n<p>A a\u00e7\u00e3o ainda teve o apoio da Secretaria de Estado de Seguran\u00e7a P\u00fablica (Sesp), por interm\u00e9dio da Rede Cidad\u00e3.<\/p>\n<p>A sele\u00e7\u00e3o dos oitos torcedores e acompanhantes, para cada jogo, foi realizada por meio de sorteios a partir dos benefici\u00e1rios da CIA de todo o Estado de Mato Grosso.<\/p>\n<p>A parceria tamb\u00e9m rendeu um camarote para assistir a partida da Sele\u00e7\u00e3o Brasileira de Futebol Masculino conta a Venezuela, pela terceira rodada das Eliminat\u00f3rias Sul-Americanas da Copa do Mundo 2026, com o sorteio de seis autistas. A iniciativa contou com a parceria da Secretaria de Estado de Cultura, Esporte e Lazer (Secel) e a Confedera\u00e7\u00e3o Brasileira de Futebol CBF).<\/p>\n<p>Al\u00e9m disso, houve a oportunidade para que os seis autistas pudessem acompanhar o treino do Cuiab\u00e1 Esporte Clube, no Centro de Treinamento Oficial.<\/p>\n<p>Para a secret\u00e1ria da Setasc, Grasi Bugalho, o ano foi de muita alegria em poder proporcionar aos autistas e seus respons\u00e1veis momentos t\u00e3o especiais.<\/p>\n<p>\u201cFoi muito gratificante poder dar \u00e0s pessoas autistas este espa\u00e7o dentro da Arena Pantanal, para assistir aos jogos do Cuiab\u00e1. Para n\u00f3s \u00e9 uma experi\u00eancia \u00fanica, uma forma de divulgar a Carteira do Autista, a import\u00e2ncia de se ter a carteira, para que os autistas possam acessar in\u00fameros servi\u00e7os. Essa sinergia do Cuiab\u00e1 oferecendo esse espa\u00e7o e a gente podendo levar esse trabalho para os autistas \u00e9 muito importante. Essa iniciativa da nossa primeira-dama Virginia Mendes, junto com a senadora Margareth Buzetti, traz um olhar sens\u00edvel para a inclus\u00e3o dos autistas\u201d, afirmou a secret\u00e1ria Grasi.<br \/>\nEla ainda ressaltou que, al\u00e9m dos jogos do Cuiab\u00e1 Esporte Clube, a partida da Sele\u00e7\u00e3o Brasileira e o treino no CT do Dourado foram experi\u00eancias excepcionais e que ficar\u00e3o marcadas nas mem\u00f3rias de todos.<\/p>\n<p>&#8220;Com certeza, ser\u00e3o dias que ficar\u00e3o guardados nas mem\u00f3rias como a realiza\u00e7\u00e3o de um sonho ao assistir o jogo da Sele\u00e7\u00e3o Brasileira, principalmente num ambiente adequado e preparado para que todos fiquem confort\u00e1veis e seguros para, realmente, curtir o momento e tamb\u00e9m o treino do Dourado. S\u00f3 temos a agradecer a confian\u00e7a depositada no Governo do Estado E a todos que se inscreveram para participar dos sorteios para o camarote do autista, n\u00e3o s\u00f3 para o jogo da Sele\u00e7\u00e3o, mas para todos os jogos do Cuiab\u00e1&#8221;, concluiu secret\u00e1ria.<\/p>\n<p>Em refer\u00eancia aos sorteios para o camarote na Arena Pantanal, Laiza relembra que o Luiz foi sorteado duas vezes, sendo uma delas para assistir ao jogo da Sele\u00e7\u00e3o Brasileira de Futebol.<\/p>\n<p>\u201cO Luiz foi por duas vezes ao camarote e fiz quest\u00e3o de sair de Dom Aquino e lev\u00e1-lo ao est\u00e1dio, porque eu sei a dificuldade que \u00e9 para n\u00f3s, m\u00e3es e pais, proporcionar isso aos nossos filhos por conta das limita\u00e7\u00f5es. Mas foram experi\u00eancias fant\u00e1sticas, pois era um lugar muito receptivo, caloroso e aconchegante. Muito bem organizado, com todos sos cuidados para o bem-estar deles. O Luiz j\u00e1 me disse que est\u00e1 com saudades e deseja que o projeto continue no ano que vem\u201d, finalizou Laiza.<\/p>\n<p><strong>Carteira de identifica\u00e7\u00e3o do autista<br \/>\n<\/strong><br \/>\nO documento, que \u00e9 uma das bandeiras da primeira-dama VirgInia Mendes, \u00e9 emitido de forma gratuita pela Secretaria de Assist\u00eancia Social e Cidadania (Setasc) e cont\u00e9m informa\u00e7\u00f5es espec\u00edficas e qualificadas da pessoa com o transtorno, o contato de emerg\u00eancia e, caso tenha, informa\u00e7\u00f5es de seu representante legal\/cuidador.<\/p>\n<p>O cadastro da CIA, desde setembro de 2022, \u00e9 realizado pelo aplicativo MT Cidad\u00e3o, na modalidade digital e ou f\u00edsica (impressa). O prazo para a emiss\u00e3o da carteira digital \u00e9 de cinco dias, a contar do envio da documenta\u00e7\u00e3o via aplicativo, an\u00e1lise e aprova\u00e7\u00e3o pela equipe da Setasc. J\u00e1 para a emiss\u00e3o da carteira f\u00edsica, o prazo ser\u00e1 de 30 dias.<\/p>\n<p>Para mais informa\u00e7\u00f5es (65) 98421-4080\/(65) 3613-5711 ou o site da Setasc.<\/p>\n<p>&nbsp;<\/p>\n","protected":false},"excerpt":{"rendered":"<p>Idealizado pela primeira-dama do Estado, Virginia Mendes, o documento promove inclus\u00e3o e garantia de direitos \u00e0s pessoas com espectro autista. \u201cA vida do meu filho mudou para melhor ap\u00f3s a carteira do autista\u201d, declarou Laiza Salustiano, m\u00e3e do pequeno Luiz Gustavo, de nove anos, benefici\u00e1rio da Carteira de Identifica\u00e7\u00e3o do Autista (CIA), moradores do munic\u00edpio [&hellip;]<\/p>\n","protected":false},"author":2,"featured_media":8842,"comment_status":"closed","ping_status":"closed","sticky":false,"template":"","format":"standard","meta":{"iawp_total_views":1,"footnotes":""},"categories":[24],"tags":[],"class_list":["post-8841","post","type-post","status-publish","format-standard","has-post-thumbnail","hentry","category-cotidiano"],"yoast_head":"<!-- This site is optimized with the Yoast SEO plugin v27.3 - https:\/\/yoast.com\/product\/yoast-seo-wordpress\/ -->\n<title>Programa SER Fam\u00edlia Inclusivo emitiu 4,9 mil Carteiras de Identifica\u00e7\u00e3o dos Autistas em MT &#8902; Blog da Condessa<\/title>\n<meta name=\"robots\" content=\"index, follow, max-snippet:-1, max-image-preview:large, max-video-preview:-1\" \/>\n<link rel=\"canonical\" href=\"https:\/\/blogdacondessa.com.br\/blog\/cotidiano\/programa-ser-familia-inclusivo-emitiu-49-mil-carteiras-de-identificacao-dos-autistas-em-mt\/\" \/>\n<meta property=\"og:locale\" content=\"pt_BR\" \/>\n<meta property=\"og:type\" content=\"article\" \/>\n<meta property=\"og:title\" content=\"Programa SER Fam\u00edlia Inclusivo emitiu 4,9 mil Carteiras de Identifica\u00e7\u00e3o dos Autistas em MT &#8902; Blog da Condessa\" \/>\n<meta property=\"og:description\" content=\"Idealizado pela primeira-dama do Estado, Virginia Mendes, o documento promove inclus\u00e3o e garantia de direitos \u00e0s pessoas com espectro autista. \u201cA vida do meu filho mudou para melhor ap\u00f3s a carteira do autista\u201d, declarou Laiza Salustiano, m\u00e3e do pequeno Luiz Gustavo, de nove anos, benefici\u00e1rio da Carteira de Identifica\u00e7\u00e3o do Autista (CIA), moradores do munic\u00edpio [&hellip;]\" \/>\n<meta property=\"og:url\" content=\"https:\/\/blogdacondessa.com.br\/blog\/cotidiano\/programa-ser-familia-inclusivo-emitiu-49-mil-carteiras-de-identificacao-dos-autistas-em-mt\/\" \/>\n<meta property=\"og:site_name\" content=\"Blog da Condessa\" \/>\n<meta property=\"article:published_time\" content=\"2024-01-01T09:00:15+00:00\" \/>\n<meta property=\"og:image\" content=\"https:\/\/blogdacondessa.com.br\/blog\/wp-content\/uploads\/2023\/12\/AUTISTAS.jpg\" \/>\n\t<meta property=\"og:image:width\" content=\"1024\" \/>\n\t<meta property=\"og:image:height\" content=\"682\" \/>\n\t<meta property=\"og:image:type\" content=\"image\/jpeg\" \/>\n<meta name=\"author\" content=\"Blog da Condessa\" \/>\n<meta name=\"twitter:card\" content=\"summary_large_image\" \/>\n<meta name=\"twitter:label1\" content=\"Escrito por\" \/>\n\t<meta name=\"twitter:data1\" content=\"Blog da Condessa\" \/>\n\t<meta name=\"twitter:label2\" content=\"Est. tempo de leitura\" \/>\n\t<meta name=\"twitter:data2\" content=\"7 minutos\" \/>\n<script type=\"application\/ld+json\" class=\"yoast-schema-graph\">{\"@context\":\"https:\\\/\\\/schema.org\",\"@graph\":[{\"@type\":\"Article\",\"@id\":\"https:\\\/\\\/blogdacondessa.com.br\\\/blog\\\/cotidiano\\\/programa-ser-familia-inclusivo-emitiu-49-mil-carteiras-de-identificacao-dos-autistas-em-mt\\\/#article\",\"isPartOf\":{\"@id\":\"https:\\\/\\\/blogdacondessa.com.br\\\/blog\\\/cotidiano\\\/programa-ser-familia-inclusivo-emitiu-49-mil-carteiras-de-identificacao-dos-autistas-em-mt\\\/\"},\"author\":{\"name\":\"Blog da Condessa\",\"@id\":\"https:\\\/\\\/blogdacondessa.com.br\\\/blog\\\/#\\\/schema\\\/person\\\/1d667ff8b785195b568677489d266035\"},\"headline\":\"Programa SER Fam\u00edlia Inclusivo emitiu 4,9 mil Carteiras de Identifica\u00e7\u00e3o dos Autistas em MT\",\"datePublished\":\"2024-01-01T09:00:15+00:00\",\"mainEntityOfPage\":{\"@id\":\"https:\\\/\\\/blogdacondessa.com.br\\\/blog\\\/cotidiano\\\/programa-ser-familia-inclusivo-emitiu-49-mil-carteiras-de-identificacao-dos-autistas-em-mt\\\/\"},\"wordCount\":1238,\"image\":{\"@id\":\"https:\\\/\\\/blogdacondessa.com.br\\\/blog\\\/cotidiano\\\/programa-ser-familia-inclusivo-emitiu-49-mil-carteiras-de-identificacao-dos-autistas-em-mt\\\/#primaryimage\"},\"thumbnailUrl\":\"https:\\\/\\\/blogdacondessa.com.br\\\/blog\\\/wp-content\\\/uploads\\\/2023\\\/12\\\/AUTISTAS.jpg\",\"articleSection\":[\"Cotidiano\"],\"inLanguage\":\"pt-BR\"},{\"@type\":\"WebPage\",\"@id\":\"https:\\\/\\\/blogdacondessa.com.br\\\/blog\\\/cotidiano\\\/programa-ser-familia-inclusivo-emitiu-49-mil-carteiras-de-identificacao-dos-autistas-em-mt\\\/\",\"url\":\"https:\\\/\\\/blogdacondessa.com.br\\\/blog\\\/cotidiano\\\/programa-ser-familia-inclusivo-emitiu-49-mil-carteiras-de-identificacao-dos-autistas-em-mt\\\/\",\"name\":\"Programa SER Fam\u00edlia Inclusivo emitiu 4,9 mil Carteiras de Identifica\u00e7\u00e3o dos Autistas em MT &#8902; Blog da Condessa\",\"isPartOf\":{\"@id\":\"https:\\\/\\\/blogdacondessa.com.br\\\/blog\\\/#website\"},\"primaryImageOfPage\":{\"@id\":\"https:\\\/\\\/blogdacondessa.com.br\\\/blog\\\/cotidiano\\\/programa-ser-familia-inclusivo-emitiu-49-mil-carteiras-de-identificacao-dos-autistas-em-mt\\\/#primaryimage\"},\"image\":{\"@id\":\"https:\\\/\\\/blogdacondessa.com.br\\\/blog\\\/cotidiano\\\/programa-ser-familia-inclusivo-emitiu-49-mil-carteiras-de-identificacao-dos-autistas-em-mt\\\/#primaryimage\"},\"thumbnailUrl\":\"https:\\\/\\\/blogdacondessa.com.br\\\/blog\\\/wp-content\\\/uploads\\\/2023\\\/12\\\/AUTISTAS.jpg\",\"datePublished\":\"2024-01-01T09:00:15+00:00\",\"author\":{\"@id\":\"https:\\\/\\\/blogdacondessa.com.br\\\/blog\\\/#\\\/schema\\\/person\\\/1d667ff8b785195b568677489d266035\"},\"breadcrumb\":{\"@id\":\"https:\\\/\\\/blogdacondessa.com.br\\\/blog\\\/cotidiano\\\/programa-ser-familia-inclusivo-emitiu-49-mil-carteiras-de-identificacao-dos-autistas-em-mt\\\/#breadcrumb\"},\"inLanguage\":\"pt-BR\",\"potentialAction\":[{\"@type\":\"ReadAction\",\"target\":[\"https:\\\/\\\/blogdacondessa.com.br\\\/blog\\\/cotidiano\\\/programa-ser-familia-inclusivo-emitiu-49-mil-carteiras-de-identificacao-dos-autistas-em-mt\\\/\"]}]},{\"@type\":\"ImageObject\",\"inLanguage\":\"pt-BR\",\"@id\":\"https:\\\/\\\/blogdacondessa.com.br\\\/blog\\\/cotidiano\\\/programa-ser-familia-inclusivo-emitiu-49-mil-carteiras-de-identificacao-dos-autistas-em-mt\\\/#primaryimage\",\"url\":\"https:\\\/\\\/blogdacondessa.com.br\\\/blog\\\/wp-content\\\/uploads\\\/2023\\\/12\\\/AUTISTAS.jpg\",\"contentUrl\":\"https:\\\/\\\/blogdacondessa.com.br\\\/blog\\\/wp-content\\\/uploads\\\/2023\\\/12\\\/AUTISTAS.jpg\",\"width\":1024,\"height\":682,\"caption\":\"Foto: Jana Pess\u00f4a\\\/UNAF\"},{\"@type\":\"BreadcrumbList\",\"@id\":\"https:\\\/\\\/blogdacondessa.com.br\\\/blog\\\/cotidiano\\\/programa-ser-familia-inclusivo-emitiu-49-mil-carteiras-de-identificacao-dos-autistas-em-mt\\\/#breadcrumb\",\"itemListElement\":[{\"@type\":\"ListItem\",\"position\":1,\"name\":\"In\u00edcio\",\"item\":\"https:\\\/\\\/blogdacondessa.com.br\\\/blog\\\/\"},{\"@type\":\"ListItem\",\"position\":2,\"name\":\"Programa SER Fam\u00edlia Inclusivo emitiu 4,9 mil Carteiras de Identifica\u00e7\u00e3o dos Autistas em MT\"}]},{\"@type\":\"WebSite\",\"@id\":\"https:\\\/\\\/blogdacondessa.com.br\\\/blog\\\/#website\",\"url\":\"https:\\\/\\\/blogdacondessa.com.br\\\/blog\\\/\",\"name\":\"Blog da Condessa\",\"description\":\"Com Shirley de Souza O\u2019Campos\",\"potentialAction\":[{\"@type\":\"SearchAction\",\"target\":{\"@type\":\"EntryPoint\",\"urlTemplate\":\"https:\\\/\\\/blogdacondessa.com.br\\\/blog\\\/?s={search_term_string}\"},\"query-input\":{\"@type\":\"PropertyValueSpecification\",\"valueRequired\":true,\"valueName\":\"search_term_string\"}}],\"inLanguage\":\"pt-BR\"},{\"@type\":\"Person\",\"@id\":\"https:\\\/\\\/blogdacondessa.com.br\\\/blog\\\/#\\\/schema\\\/person\\\/1d667ff8b785195b568677489d266035\",\"name\":\"Blog da Condessa\",\"image\":{\"@type\":\"ImageObject\",\"inLanguage\":\"pt-BR\",\"@id\":\"https:\\\/\\\/secure.gravatar.com\\\/avatar\\\/377c0eb8b4ad2bfc25461b41564b5971e721ca34a57642868fc7b0c8ac7b52c5?s=96&d=mm&r=g\",\"url\":\"https:\\\/\\\/secure.gravatar.com\\\/avatar\\\/377c0eb8b4ad2bfc25461b41564b5971e721ca34a57642868fc7b0c8ac7b52c5?s=96&d=mm&r=g\",\"contentUrl\":\"https:\\\/\\\/secure.gravatar.com\\\/avatar\\\/377c0eb8b4ad2bfc25461b41564b5971e721ca34a57642868fc7b0c8ac7b52c5?s=96&d=mm&r=g\",\"caption\":\"Blog da Condessa\"},\"url\":\"https:\\\/\\\/blogdacondessa.com.br\\\/blog\\\/author\\\/beatriz\\\/\"}]}<\/script>\n<!-- \/ Yoast SEO plugin. -->","yoast_head_json":{"title":"Programa SER Fam\u00edlia Inclusivo emitiu 4,9 mil Carteiras de Identifica\u00e7\u00e3o dos Autistas em MT &#8902; Blog da Condessa","robots":{"index":"index","follow":"follow","max-snippet":"max-snippet:-1","max-image-preview":"max-image-preview:large","max-video-preview":"max-video-preview:-1"},"canonical":"https:\/\/blogdacondessa.com.br\/blog\/cotidiano\/programa-ser-familia-inclusivo-emitiu-49-mil-carteiras-de-identificacao-dos-autistas-em-mt\/","og_locale":"pt_BR","og_type":"article","og_title":"Programa SER Fam\u00edlia Inclusivo emitiu 4,9 mil Carteiras de Identifica\u00e7\u00e3o dos Autistas em MT &#8902; Blog da Condessa","og_description":"Idealizado pela primeira-dama do Estado, Virginia Mendes, o documento promove inclus\u00e3o e garantia de direitos \u00e0s pessoas com espectro autista. \u201cA vida do meu filho mudou para melhor ap\u00f3s a carteira do autista\u201d, declarou Laiza Salustiano, m\u00e3e do pequeno Luiz Gustavo, de nove anos, benefici\u00e1rio da Carteira de Identifica\u00e7\u00e3o do Autista (CIA), moradores do munic\u00edpio [&hellip;]","og_url":"https:\/\/blogdacondessa.com.br\/blog\/cotidiano\/programa-ser-familia-inclusivo-emitiu-49-mil-carteiras-de-identificacao-dos-autistas-em-mt\/","og_site_name":"Blog da Condessa","article_published_time":"2024-01-01T09:00:15+00:00","og_image":[{"width":1024,"height":682,"url":"https:\/\/blogdacondessa.com.br\/blog\/wp-content\/uploads\/2023\/12\/AUTISTAS.jpg","type":"image\/jpeg"}],"author":"Blog da Condessa","twitter_card":"summary_large_image","twitter_misc":{"Escrito por":"Blog da Condessa","Est. tempo de leitura":"7 minutos"},"schema":{"@context":"https:\/\/schema.org","@graph":[{"@type":"Article","@id":"https:\/\/blogdacondessa.com.br\/blog\/cotidiano\/programa-ser-familia-inclusivo-emitiu-49-mil-carteiras-de-identificacao-dos-autistas-em-mt\/#article","isPartOf":{"@id":"https:\/\/blogdacondessa.com.br\/blog\/cotidiano\/programa-ser-familia-inclusivo-emitiu-49-mil-carteiras-de-identificacao-dos-autistas-em-mt\/"},"author":{"name":"Blog da Condessa","@id":"https:\/\/blogdacondessa.com.br\/blog\/#\/schema\/person\/1d667ff8b785195b568677489d266035"},"headline":"Programa SER Fam\u00edlia Inclusivo emitiu 4,9 mil Carteiras de Identifica\u00e7\u00e3o dos Autistas em MT","datePublished":"2024-01-01T09:00:15+00:00","mainEntityOfPage":{"@id":"https:\/\/blogdacondessa.com.br\/blog\/cotidiano\/programa-ser-familia-inclusivo-emitiu-49-mil-carteiras-de-identificacao-dos-autistas-em-mt\/"},"wordCount":1238,"image":{"@id":"https:\/\/blogdacondessa.com.br\/blog\/cotidiano\/programa-ser-familia-inclusivo-emitiu-49-mil-carteiras-de-identificacao-dos-autistas-em-mt\/#primaryimage"},"thumbnailUrl":"https:\/\/blogdacondessa.com.br\/blog\/wp-content\/uploads\/2023\/12\/AUTISTAS.jpg","articleSection":["Cotidiano"],"inLanguage":"pt-BR"},{"@type":"WebPage","@id":"https:\/\/blogdacondessa.com.br\/blog\/cotidiano\/programa-ser-familia-inclusivo-emitiu-49-mil-carteiras-de-identificacao-dos-autistas-em-mt\/","url":"https:\/\/blogdacondessa.com.br\/blog\/cotidiano\/programa-ser-familia-inclusivo-emitiu-49-mil-carteiras-de-identificacao-dos-autistas-em-mt\/","name":"Programa SER Fam\u00edlia Inclusivo emitiu 4,9 mil Carteiras de Identifica\u00e7\u00e3o dos Autistas em MT &#8902; Blog da Condessa","isPartOf":{"@id":"https:\/\/blogdacondessa.com.br\/blog\/#website"},"primaryImageOfPage":{"@id":"https:\/\/blogdacondessa.com.br\/blog\/cotidiano\/programa-ser-familia-inclusivo-emitiu-49-mil-carteiras-de-identificacao-dos-autistas-em-mt\/#primaryimage"},"image":{"@id":"https:\/\/blogdacondessa.com.br\/blog\/cotidiano\/programa-ser-familia-inclusivo-emitiu-49-mil-carteiras-de-identificacao-dos-autistas-em-mt\/#primaryimage"},"thumbnailUrl":"https:\/\/blogdacondessa.com.br\/blog\/wp-content\/uploads\/2023\/12\/AUTISTAS.jpg","datePublished":"2024-01-01T09:00:15+00:00","author":{"@id":"https:\/\/blogdacondessa.com.br\/blog\/#\/schema\/person\/1d667ff8b785195b568677489d266035"},"breadcrumb":{"@id":"https:\/\/blogdacondessa.com.br\/blog\/cotidiano\/programa-ser-familia-inclusivo-emitiu-49-mil-carteiras-de-identificacao-dos-autistas-em-mt\/#breadcrumb"},"inLanguage":"pt-BR","potentialAction":[{"@type":"ReadAction","target":["https:\/\/blogdacondessa.com.br\/blog\/cotidiano\/programa-ser-familia-inclusivo-emitiu-49-mil-carteiras-de-identificacao-dos-autistas-em-mt\/"]}]},{"@type":"ImageObject","inLanguage":"pt-BR","@id":"https:\/\/blogdacondessa.com.br\/blog\/cotidiano\/programa-ser-familia-inclusivo-emitiu-49-mil-carteiras-de-identificacao-dos-autistas-em-mt\/#primaryimage","url":"https:\/\/blogdacondessa.com.br\/blog\/wp-content\/uploads\/2023\/12\/AUTISTAS.jpg","contentUrl":"https:\/\/blogdacondessa.com.br\/blog\/wp-content\/uploads\/2023\/12\/AUTISTAS.jpg","width":1024,"height":682,"caption":"Foto: Jana Pess\u00f4a\/UNAF"},{"@type":"BreadcrumbList","@id":"https:\/\/blogdacondessa.com.br\/blog\/cotidiano\/programa-ser-familia-inclusivo-emitiu-49-mil-carteiras-de-identificacao-dos-autistas-em-mt\/#breadcrumb","itemListElement":[{"@type":"ListItem","position":1,"name":"In\u00edcio","item":"https:\/\/blogdacondessa.com.br\/blog\/"},{"@type":"ListItem","position":2,"name":"Programa SER Fam\u00edlia Inclusivo emitiu 4,9 mil Carteiras de Identifica\u00e7\u00e3o dos Autistas em MT"}]},{"@type":"WebSite","@id":"https:\/\/blogdacondessa.com.br\/blog\/#website","url":"https:\/\/blogdacondessa.com.br\/blog\/","name":"Blog da Condessa","description":"Com Shirley de Souza O\u2019Campos","potentialAction":[{"@type":"SearchAction","target":{"@type":"EntryPoint","urlTemplate":"https:\/\/blogdacondessa.com.br\/blog\/?s={search_term_string}"},"query-input":{"@type":"PropertyValueSpecification","valueRequired":true,"valueName":"search_term_string"}}],"inLanguage":"pt-BR"},{"@type":"Person","@id":"https:\/\/blogdacondessa.com.br\/blog\/#\/schema\/person\/1d667ff8b785195b568677489d266035","name":"Blog da Condessa","image":{"@type":"ImageObject","inLanguage":"pt-BR","@id":"https:\/\/secure.gravatar.com\/avatar\/377c0eb8b4ad2bfc25461b41564b5971e721ca34a57642868fc7b0c8ac7b52c5?s=96&d=mm&r=g","url":"https:\/\/secure.gravatar.com\/avatar\/377c0eb8b4ad2bfc25461b41564b5971e721ca34a57642868fc7b0c8ac7b52c5?s=96&d=mm&r=g","contentUrl":"https:\/\/secure.gravatar.com\/avatar\/377c0eb8b4ad2bfc25461b41564b5971e721ca34a57642868fc7b0c8ac7b52c5?s=96&d=mm&r=g","caption":"Blog da Condessa"},"url":"https:\/\/blogdacondessa.com.br\/blog\/author\/beatriz\/"}]}},"_links":{"self":[{"href":"https:\/\/blogdacondessa.com.br\/blog\/wp-json\/wp\/v2\/posts\/8841","targetHints":{"allow":["GET"]}}],"collection":[{"href":"https:\/\/blogdacondessa.com.br\/blog\/wp-json\/wp\/v2\/posts"}],"about":[{"href":"https:\/\/blogdacondessa.com.br\/blog\/wp-json\/wp\/v2\/types\/post"}],"author":[{"embeddable":true,"href":"https:\/\/blogdacondessa.com.br\/blog\/wp-json\/wp\/v2\/users\/2"}],"replies":[{"embeddable":true,"href":"https:\/\/blogdacondessa.com.br\/blog\/wp-json\/wp\/v2\/comments?post=8841"}],"version-history":[{"count":0,"href":"https:\/\/blogdacondessa.com.br\/blog\/wp-json\/wp\/v2\/posts\/8841\/revisions"}],"wp:featuredmedia":[{"embeddable":true,"href":"https:\/\/blogdacondessa.com.br\/blog\/wp-json\/wp\/v2\/media\/8842"}],"wp:attachment":[{"href":"https:\/\/blogdacondessa.com.br\/blog\/wp-json\/wp\/v2\/media?parent=8841"}],"wp:term":[{"taxonomy":"category","embeddable":true,"href":"https:\/\/blogdacondessa.com.br\/blog\/wp-json\/wp\/v2\/categories?post=8841"},{"taxonomy":"post_tag","embeddable":true,"href":"https:\/\/blogdacondessa.com.br\/blog\/wp-json\/wp\/v2\/tags?post=8841"}],"curies":[{"name":"wp","href":"https:\/\/api.w.org\/{rel}","templated":true}]}}