{"id":8826,"date":"2023-12-30T05:00:57","date_gmt":"2023-12-30T09:00:57","guid":{"rendered":"http:\/\/blogdacondessa.com.br\/?p=8826"},"modified":"2023-12-29T16:05:40","modified_gmt":"2023-12-29T20:05:40","slug":"saude-mental-na-gravidez-e-puerperio","status":"publish","type":"post","link":"https:\/\/blogdacondessa.com.br\/blog\/saude\/saude-mental-na-gravidez-e-puerperio\/","title":{"rendered":"Sa\u00fade mental na gravidez e puerp\u00e9rio"},"content":{"rendered":"<p>\u00c9 preciso criar espa\u00e7os seguros e acolhedores para tratar esse assunto, inclusive nas empresas, onde a maternidade ainda \u00e9 estigmatizada. Uma em cada cinco mulheres v\u00e3o apresentar doen\u00e7a mental na gravidez ou em at\u00e9 um ano ap\u00f3s o nascimento da crian\u00e7a, segundo dados da Organiza\u00e7\u00e3o Mundial da Sa\u00fade.<\/p>\n<p>A gravidez \u00e9 um per\u00edodo recheado de sentimentos positivos, como a alegria do resultado positivo no teste, mas que tamb\u00e9m v\u00eam acompanhados de mudan\u00e7as na vida da nova m\u00e3e e geram preocupa\u00e7\u00f5es e expectativas com nova fase. Todas as vari\u00e1veis e oscila\u00e7\u00f5es emocionais deste per\u00edodo trazem uma sobrecarga que pode impactar sobre a sa\u00fade mental da mulher, um grande desafio para sa\u00fade p\u00fablica no mundo, mas ainda pouco discutido e tratado, tanto na aten\u00e7\u00e3o pr\u00e9-natal como no p\u00f3s-parto.<\/p>\n<p>\u201cA romantiza\u00e7\u00e3o da maternidade ao longo da hist\u00f3ria traz para esse per\u00edodo um grande desafio \u00e0s mulheres, que muitas vezes acabam se sentindo sozinhas frentes as emo\u00e7\u00f5es contradit\u00f3rias do per\u00edodo. Isso somado ao fato de que a sa\u00fade mental dessa mulher ainda \u00e9 negligenciada durante o pr\u00e9-natal, tornam a gestante mais suscet\u00edvel ao desenvolvimento de doen\u00e7as mentais\u201d, explica a psic\u00f3loga da Amparo Sa\u00fade, Sabrina Abreu.<\/p>\n<p>\u201cHoje sabemos que o per\u00edodo da gesta\u00e7\u00e3o e p\u00f3s parto s\u00e3o momentos cr\u00edticos para sa\u00fade das mulheres e dos seus beb\u00eas, fundamentais para o estabelecimento de padr\u00f5es parentais, para a forma\u00e7\u00e3o de v\u00ednculo e para o desenvolvimento infantil, e por isso precisa ser tratado com aten\u00e7\u00e3o tamb\u00e9m do ponto de vista mental\u201d, completa a psic\u00f3loga.<\/p>\n<p>\u201cEntre o terceiro e o d\u00e9cimo quinto dia p\u00f3s parto, a mulher apresenta sintomas muito semelhantes a depress\u00e3o, mas que na maioria das vezes s\u00e3o passageiros. \u00c9 a persist\u00eancia desses sintomas e a sua intensidade que podem sinalizar um acometimento ps\u00edquico\u201d, explica a psic\u00f3loga.<\/p>\n<p>A profissional explica que \u00e9 fundamental romper paradigmas e abrir espa\u00e7o para que a mulher possa se expressar, \u201cprecisamos romper com o mito da mulher hero\u00edna, que permeia uma maternidade idealizada socialmente, para enxergar as mulheres reais, humanas e poss\u00edveis que vivenciam, cada uma a seu modo, a maternidade\u201d, conclui Sabrina.<\/p>\n<p>Pensando na necessidade de trazer \u00e0 tona a quest\u00e3o e criar um espa\u00e7o de acolhimento, escuta e apoio as suas colaboradoras, o Sabin Diagn\u00f3stico e Sa\u00fade incluiu h\u00e1 3 anos o tema em seu Programa Gesta\u00e7\u00e3o, que acompanha suas colaboradoras da descoberta da gravidez ao retorno as atividades de trabalho. Numa empresa onde 77% dos mais de 7000 colaboradores s\u00e3o mulheres, o programa, criado em 2014 conta com encontros mensais entre as gestantes de norte a sul do Brasil.<\/p>\n<p>\u201cOs temas s\u00e3o selecionados a partir da troca com as participantes. Em 2020, com a pandemia, a sa\u00fade mental ganhou espa\u00e7o e permanece at\u00e9 hoje no escopo do projeto, explica a gerente de pessoas do Sabin, Mariana Bittar. \u201cA gente percebe a import\u00e2ncia do tema pela participa\u00e7\u00e3o durante o encontro e pelas conversas que realizamos no privado com algumas delas. S\u00e3o momentos de troca, apoio, de olhar para si, perceber que n\u00e3o est\u00e1 s\u00f3 em suas ang\u00fastias e medos, aprender com a experi\u00eancia de uma outra colega, poder contribuir com algu\u00e9m que est\u00e1 mais fragilizado, tudo isso gera uma rede de apoio incr\u00edvel que promove entre outras coisas o fortalecimento dessas mulheres no espa\u00e7o de trabalho\u201d, destaca.<\/p>\n<p>Priscila Pereira Mendon\u00e7a, esteve no encontro realizado recentemente sobre o tema e pode expor suas ansiedades em rela\u00e7\u00e3o ao desmame que precisa realizar para a volta ao trabalho. Imediatamente, a sua fala foi acolhida pelas colegas e pela psic\u00f3loga convidada que conduzia o encontro. \u201cSa\u00ed mais aliviada e fortalecida, pude ouvir hist\u00f3rias de outras colegas e percebi que o que sinto n\u00e3o \u00e9 incomum e que \u00e9 parte do processo de adapta\u00e7\u00e3o a essa nova etapa. Bom demais poder falar como me sinto com outras colegas de trabalho e saber que n\u00e3o sou a \u00fanica\u201d, desabafa ela.<\/p>\n<p>Os encontros do Programa Gesta\u00e7\u00e3o acontecem na \u00faltima quinta-feira de cada m\u00eas e cada encontro tem um eixo tem\u00e1tico espec\u00edfico dentro do universo da gesta\u00e7\u00e3o e puerp\u00e9rio.<\/p>\n<p>&nbsp;<\/p>\n","protected":false},"excerpt":{"rendered":"<p>\u00c9 preciso criar espa\u00e7os seguros e acolhedores para tratar esse assunto, inclusive nas empresas, onde a maternidade ainda \u00e9 estigmatizada. Uma em cada cinco mulheres v\u00e3o apresentar doen\u00e7a mental na gravidez ou em at\u00e9 um ano ap\u00f3s o nascimento da crian\u00e7a, segundo dados da Organiza\u00e7\u00e3o Mundial da Sa\u00fade. A gravidez \u00e9 um per\u00edodo recheado de [&hellip;]<\/p>\n","protected":false},"author":2,"featured_media":8827,"comment_status":"closed","ping_status":"closed","sticky":false,"template":"","format":"standard","meta":{"iawp_total_views":0,"footnotes":""},"categories":[5],"tags":[],"class_list":["post-8826","post","type-post","status-publish","format-standard","has-post-thumbnail","hentry","category-saude"],"yoast_head":"<!-- This site is optimized with the Yoast SEO plugin v27.3 - https:\/\/yoast.com\/product\/yoast-seo-wordpress\/ -->\n<title>Sa\u00fade mental na gravidez e puerp\u00e9rio &#8902; Blog da Condessa<\/title>\n<meta name=\"robots\" content=\"index, follow, max-snippet:-1, max-image-preview:large, max-video-preview:-1\" \/>\n<link rel=\"canonical\" href=\"https:\/\/blogdacondessa.com.br\/blog\/saude\/saude-mental-na-gravidez-e-puerperio\/\" \/>\n<meta property=\"og:locale\" content=\"pt_BR\" \/>\n<meta property=\"og:type\" content=\"article\" \/>\n<meta property=\"og:title\" content=\"Sa\u00fade mental na gravidez e puerp\u00e9rio &#8902; Blog da Condessa\" \/>\n<meta property=\"og:description\" content=\"\u00c9 preciso criar espa\u00e7os seguros e acolhedores para tratar esse assunto, inclusive nas empresas, onde a maternidade ainda \u00e9 estigmatizada. Uma em cada cinco mulheres v\u00e3o apresentar doen\u00e7a mental na gravidez ou em at\u00e9 um ano ap\u00f3s o nascimento da crian\u00e7a, segundo dados da Organiza\u00e7\u00e3o Mundial da Sa\u00fade. A gravidez \u00e9 um per\u00edodo recheado de [&hellip;]\" \/>\n<meta property=\"og:url\" content=\"https:\/\/blogdacondessa.com.br\/blog\/saude\/saude-mental-na-gravidez-e-puerperio\/\" \/>\n<meta property=\"og:site_name\" content=\"Blog da Condessa\" \/>\n<meta property=\"article:published_time\" content=\"2023-12-30T09:00:57+00:00\" \/>\n<meta property=\"og:image\" content=\"https:\/\/blogdacondessa.com.br\/blog\/wp-content\/uploads\/2023\/12\/gravidez.jpg\" \/>\n\t<meta property=\"og:image:width\" content=\"1600\" \/>\n\t<meta property=\"og:image:height\" content=\"1066\" \/>\n\t<meta property=\"og:image:type\" content=\"image\/jpeg\" \/>\n<meta name=\"author\" content=\"Blog da Condessa\" \/>\n<meta name=\"twitter:card\" content=\"summary_large_image\" \/>\n<meta name=\"twitter:label1\" content=\"Escrito por\" \/>\n\t<meta name=\"twitter:data1\" content=\"Blog da Condessa\" \/>\n\t<meta name=\"twitter:label2\" content=\"Est. tempo de leitura\" \/>\n\t<meta name=\"twitter:data2\" content=\"4 minutos\" \/>\n<script type=\"application\/ld+json\" class=\"yoast-schema-graph\">{\"@context\":\"https:\\\/\\\/schema.org\",\"@graph\":[{\"@type\":\"Article\",\"@id\":\"https:\\\/\\\/blogdacondessa.com.br\\\/blog\\\/saude\\\/saude-mental-na-gravidez-e-puerperio\\\/#article\",\"isPartOf\":{\"@id\":\"https:\\\/\\\/blogdacondessa.com.br\\\/blog\\\/saude\\\/saude-mental-na-gravidez-e-puerperio\\\/\"},\"author\":{\"name\":\"Blog da Condessa\",\"@id\":\"https:\\\/\\\/blogdacondessa.com.br\\\/blog\\\/#\\\/schema\\\/person\\\/1d667ff8b785195b568677489d266035\"},\"headline\":\"Sa\u00fade mental na gravidez e puerp\u00e9rio\",\"datePublished\":\"2023-12-30T09:00:57+00:00\",\"mainEntityOfPage\":{\"@id\":\"https:\\\/\\\/blogdacondessa.com.br\\\/blog\\\/saude\\\/saude-mental-na-gravidez-e-puerperio\\\/\"},\"wordCount\":744,\"image\":{\"@id\":\"https:\\\/\\\/blogdacondessa.com.br\\\/blog\\\/saude\\\/saude-mental-na-gravidez-e-puerperio\\\/#primaryimage\"},\"thumbnailUrl\":\"https:\\\/\\\/blogdacondessa.com.br\\\/blog\\\/wp-content\\\/uploads\\\/2023\\\/12\\\/gravidez.jpg\",\"articleSection\":[\"Sa\u00fade\"],\"inLanguage\":\"pt-BR\"},{\"@type\":\"WebPage\",\"@id\":\"https:\\\/\\\/blogdacondessa.com.br\\\/blog\\\/saude\\\/saude-mental-na-gravidez-e-puerperio\\\/\",\"url\":\"https:\\\/\\\/blogdacondessa.com.br\\\/blog\\\/saude\\\/saude-mental-na-gravidez-e-puerperio\\\/\",\"name\":\"Sa\u00fade mental na gravidez e puerp\u00e9rio &#8902; Blog da Condessa\",\"isPartOf\":{\"@id\":\"https:\\\/\\\/blogdacondessa.com.br\\\/blog\\\/#website\"},\"primaryImageOfPage\":{\"@id\":\"https:\\\/\\\/blogdacondessa.com.br\\\/blog\\\/saude\\\/saude-mental-na-gravidez-e-puerperio\\\/#primaryimage\"},\"image\":{\"@id\":\"https:\\\/\\\/blogdacondessa.com.br\\\/blog\\\/saude\\\/saude-mental-na-gravidez-e-puerperio\\\/#primaryimage\"},\"thumbnailUrl\":\"https:\\\/\\\/blogdacondessa.com.br\\\/blog\\\/wp-content\\\/uploads\\\/2023\\\/12\\\/gravidez.jpg\",\"datePublished\":\"2023-12-30T09:00:57+00:00\",\"author\":{\"@id\":\"https:\\\/\\\/blogdacondessa.com.br\\\/blog\\\/#\\\/schema\\\/person\\\/1d667ff8b785195b568677489d266035\"},\"breadcrumb\":{\"@id\":\"https:\\\/\\\/blogdacondessa.com.br\\\/blog\\\/saude\\\/saude-mental-na-gravidez-e-puerperio\\\/#breadcrumb\"},\"inLanguage\":\"pt-BR\",\"potentialAction\":[{\"@type\":\"ReadAction\",\"target\":[\"https:\\\/\\\/blogdacondessa.com.br\\\/blog\\\/saude\\\/saude-mental-na-gravidez-e-puerperio\\\/\"]}]},{\"@type\":\"ImageObject\",\"inLanguage\":\"pt-BR\",\"@id\":\"https:\\\/\\\/blogdacondessa.com.br\\\/blog\\\/saude\\\/saude-mental-na-gravidez-e-puerperio\\\/#primaryimage\",\"url\":\"https:\\\/\\\/blogdacondessa.com.br\\\/blog\\\/wp-content\\\/uploads\\\/2023\\\/12\\\/gravidez.jpg\",\"contentUrl\":\"https:\\\/\\\/blogdacondessa.com.br\\\/blog\\\/wp-content\\\/uploads\\\/2023\\\/12\\\/gravidez.jpg\",\"width\":1600,\"height\":1066},{\"@type\":\"BreadcrumbList\",\"@id\":\"https:\\\/\\\/blogdacondessa.com.br\\\/blog\\\/saude\\\/saude-mental-na-gravidez-e-puerperio\\\/#breadcrumb\",\"itemListElement\":[{\"@type\":\"ListItem\",\"position\":1,\"name\":\"In\u00edcio\",\"item\":\"https:\\\/\\\/blogdacondessa.com.br\\\/blog\\\/\"},{\"@type\":\"ListItem\",\"position\":2,\"name\":\"Sa\u00fade mental na gravidez e puerp\u00e9rio\"}]},{\"@type\":\"WebSite\",\"@id\":\"https:\\\/\\\/blogdacondessa.com.br\\\/blog\\\/#website\",\"url\":\"https:\\\/\\\/blogdacondessa.com.br\\\/blog\\\/\",\"name\":\"Blog da Condessa\",\"description\":\"Com Shirley de Souza O\u2019Campos\",\"potentialAction\":[{\"@type\":\"SearchAction\",\"target\":{\"@type\":\"EntryPoint\",\"urlTemplate\":\"https:\\\/\\\/blogdacondessa.com.br\\\/blog\\\/?s={search_term_string}\"},\"query-input\":{\"@type\":\"PropertyValueSpecification\",\"valueRequired\":true,\"valueName\":\"search_term_string\"}}],\"inLanguage\":\"pt-BR\"},{\"@type\":\"Person\",\"@id\":\"https:\\\/\\\/blogdacondessa.com.br\\\/blog\\\/#\\\/schema\\\/person\\\/1d667ff8b785195b568677489d266035\",\"name\":\"Blog da Condessa\",\"image\":{\"@type\":\"ImageObject\",\"inLanguage\":\"pt-BR\",\"@id\":\"https:\\\/\\\/secure.gravatar.com\\\/avatar\\\/377c0eb8b4ad2bfc25461b41564b5971e721ca34a57642868fc7b0c8ac7b52c5?s=96&d=mm&r=g\",\"url\":\"https:\\\/\\\/secure.gravatar.com\\\/avatar\\\/377c0eb8b4ad2bfc25461b41564b5971e721ca34a57642868fc7b0c8ac7b52c5?s=96&d=mm&r=g\",\"contentUrl\":\"https:\\\/\\\/secure.gravatar.com\\\/avatar\\\/377c0eb8b4ad2bfc25461b41564b5971e721ca34a57642868fc7b0c8ac7b52c5?s=96&d=mm&r=g\",\"caption\":\"Blog da Condessa\"},\"url\":\"https:\\\/\\\/blogdacondessa.com.br\\\/blog\\\/author\\\/beatriz\\\/\"}]}<\/script>\n<!-- \/ Yoast SEO plugin. -->","yoast_head_json":{"title":"Sa\u00fade mental na gravidez e puerp\u00e9rio &#8902; Blog da Condessa","robots":{"index":"index","follow":"follow","max-snippet":"max-snippet:-1","max-image-preview":"max-image-preview:large","max-video-preview":"max-video-preview:-1"},"canonical":"https:\/\/blogdacondessa.com.br\/blog\/saude\/saude-mental-na-gravidez-e-puerperio\/","og_locale":"pt_BR","og_type":"article","og_title":"Sa\u00fade mental na gravidez e puerp\u00e9rio &#8902; Blog da Condessa","og_description":"\u00c9 preciso criar espa\u00e7os seguros e acolhedores para tratar esse assunto, inclusive nas empresas, onde a maternidade ainda \u00e9 estigmatizada. Uma em cada cinco mulheres v\u00e3o apresentar doen\u00e7a mental na gravidez ou em at\u00e9 um ano ap\u00f3s o nascimento da crian\u00e7a, segundo dados da Organiza\u00e7\u00e3o Mundial da Sa\u00fade. A gravidez \u00e9 um per\u00edodo recheado de [&hellip;]","og_url":"https:\/\/blogdacondessa.com.br\/blog\/saude\/saude-mental-na-gravidez-e-puerperio\/","og_site_name":"Blog da Condessa","article_published_time":"2023-12-30T09:00:57+00:00","og_image":[{"width":1600,"height":1066,"url":"https:\/\/blogdacondessa.com.br\/blog\/wp-content\/uploads\/2023\/12\/gravidez.jpg","type":"image\/jpeg"}],"author":"Blog da Condessa","twitter_card":"summary_large_image","twitter_misc":{"Escrito por":"Blog da Condessa","Est. tempo de leitura":"4 minutos"},"schema":{"@context":"https:\/\/schema.org","@graph":[{"@type":"Article","@id":"https:\/\/blogdacondessa.com.br\/blog\/saude\/saude-mental-na-gravidez-e-puerperio\/#article","isPartOf":{"@id":"https:\/\/blogdacondessa.com.br\/blog\/saude\/saude-mental-na-gravidez-e-puerperio\/"},"author":{"name":"Blog da Condessa","@id":"https:\/\/blogdacondessa.com.br\/blog\/#\/schema\/person\/1d667ff8b785195b568677489d266035"},"headline":"Sa\u00fade mental na gravidez e puerp\u00e9rio","datePublished":"2023-12-30T09:00:57+00:00","mainEntityOfPage":{"@id":"https:\/\/blogdacondessa.com.br\/blog\/saude\/saude-mental-na-gravidez-e-puerperio\/"},"wordCount":744,"image":{"@id":"https:\/\/blogdacondessa.com.br\/blog\/saude\/saude-mental-na-gravidez-e-puerperio\/#primaryimage"},"thumbnailUrl":"https:\/\/blogdacondessa.com.br\/blog\/wp-content\/uploads\/2023\/12\/gravidez.jpg","articleSection":["Sa\u00fade"],"inLanguage":"pt-BR"},{"@type":"WebPage","@id":"https:\/\/blogdacondessa.com.br\/blog\/saude\/saude-mental-na-gravidez-e-puerperio\/","url":"https:\/\/blogdacondessa.com.br\/blog\/saude\/saude-mental-na-gravidez-e-puerperio\/","name":"Sa\u00fade mental na gravidez e puerp\u00e9rio &#8902; Blog da Condessa","isPartOf":{"@id":"https:\/\/blogdacondessa.com.br\/blog\/#website"},"primaryImageOfPage":{"@id":"https:\/\/blogdacondessa.com.br\/blog\/saude\/saude-mental-na-gravidez-e-puerperio\/#primaryimage"},"image":{"@id":"https:\/\/blogdacondessa.com.br\/blog\/saude\/saude-mental-na-gravidez-e-puerperio\/#primaryimage"},"thumbnailUrl":"https:\/\/blogdacondessa.com.br\/blog\/wp-content\/uploads\/2023\/12\/gravidez.jpg","datePublished":"2023-12-30T09:00:57+00:00","author":{"@id":"https:\/\/blogdacondessa.com.br\/blog\/#\/schema\/person\/1d667ff8b785195b568677489d266035"},"breadcrumb":{"@id":"https:\/\/blogdacondessa.com.br\/blog\/saude\/saude-mental-na-gravidez-e-puerperio\/#breadcrumb"},"inLanguage":"pt-BR","potentialAction":[{"@type":"ReadAction","target":["https:\/\/blogdacondessa.com.br\/blog\/saude\/saude-mental-na-gravidez-e-puerperio\/"]}]},{"@type":"ImageObject","inLanguage":"pt-BR","@id":"https:\/\/blogdacondessa.com.br\/blog\/saude\/saude-mental-na-gravidez-e-puerperio\/#primaryimage","url":"https:\/\/blogdacondessa.com.br\/blog\/wp-content\/uploads\/2023\/12\/gravidez.jpg","contentUrl":"https:\/\/blogdacondessa.com.br\/blog\/wp-content\/uploads\/2023\/12\/gravidez.jpg","width":1600,"height":1066},{"@type":"BreadcrumbList","@id":"https:\/\/blogdacondessa.com.br\/blog\/saude\/saude-mental-na-gravidez-e-puerperio\/#breadcrumb","itemListElement":[{"@type":"ListItem","position":1,"name":"In\u00edcio","item":"https:\/\/blogdacondessa.com.br\/blog\/"},{"@type":"ListItem","position":2,"name":"Sa\u00fade mental na gravidez e puerp\u00e9rio"}]},{"@type":"WebSite","@id":"https:\/\/blogdacondessa.com.br\/blog\/#website","url":"https:\/\/blogdacondessa.com.br\/blog\/","name":"Blog da Condessa","description":"Com Shirley de Souza O\u2019Campos","potentialAction":[{"@type":"SearchAction","target":{"@type":"EntryPoint","urlTemplate":"https:\/\/blogdacondessa.com.br\/blog\/?s={search_term_string}"},"query-input":{"@type":"PropertyValueSpecification","valueRequired":true,"valueName":"search_term_string"}}],"inLanguage":"pt-BR"},{"@type":"Person","@id":"https:\/\/blogdacondessa.com.br\/blog\/#\/schema\/person\/1d667ff8b785195b568677489d266035","name":"Blog da Condessa","image":{"@type":"ImageObject","inLanguage":"pt-BR","@id":"https:\/\/secure.gravatar.com\/avatar\/377c0eb8b4ad2bfc25461b41564b5971e721ca34a57642868fc7b0c8ac7b52c5?s=96&d=mm&r=g","url":"https:\/\/secure.gravatar.com\/avatar\/377c0eb8b4ad2bfc25461b41564b5971e721ca34a57642868fc7b0c8ac7b52c5?s=96&d=mm&r=g","contentUrl":"https:\/\/secure.gravatar.com\/avatar\/377c0eb8b4ad2bfc25461b41564b5971e721ca34a57642868fc7b0c8ac7b52c5?s=96&d=mm&r=g","caption":"Blog da Condessa"},"url":"https:\/\/blogdacondessa.com.br\/blog\/author\/beatriz\/"}]}},"_links":{"self":[{"href":"https:\/\/blogdacondessa.com.br\/blog\/wp-json\/wp\/v2\/posts\/8826","targetHints":{"allow":["GET"]}}],"collection":[{"href":"https:\/\/blogdacondessa.com.br\/blog\/wp-json\/wp\/v2\/posts"}],"about":[{"href":"https:\/\/blogdacondessa.com.br\/blog\/wp-json\/wp\/v2\/types\/post"}],"author":[{"embeddable":true,"href":"https:\/\/blogdacondessa.com.br\/blog\/wp-json\/wp\/v2\/users\/2"}],"replies":[{"embeddable":true,"href":"https:\/\/blogdacondessa.com.br\/blog\/wp-json\/wp\/v2\/comments?post=8826"}],"version-history":[{"count":0,"href":"https:\/\/blogdacondessa.com.br\/blog\/wp-json\/wp\/v2\/posts\/8826\/revisions"}],"wp:featuredmedia":[{"embeddable":true,"href":"https:\/\/blogdacondessa.com.br\/blog\/wp-json\/wp\/v2\/media\/8827"}],"wp:attachment":[{"href":"https:\/\/blogdacondessa.com.br\/blog\/wp-json\/wp\/v2\/media?parent=8826"}],"wp:term":[{"taxonomy":"category","embeddable":true,"href":"https:\/\/blogdacondessa.com.br\/blog\/wp-json\/wp\/v2\/categories?post=8826"},{"taxonomy":"post_tag","embeddable":true,"href":"https:\/\/blogdacondessa.com.br\/blog\/wp-json\/wp\/v2\/tags?post=8826"}],"curies":[{"name":"wp","href":"https:\/\/api.w.org\/{rel}","templated":true}]}}