{"id":8811,"date":"2023-12-28T05:00:59","date_gmt":"2023-12-28T09:00:59","guid":{"rendered":"http:\/\/blogdacondessa.com.br\/?p=8811"},"modified":"2023-12-27T17:00:32","modified_gmt":"2023-12-27T21:00:32","slug":"prazo-para-tirar-a-1a-cnh-e-prorrogado-para-processos-iniciados-entre-2019-e-2023","status":"publish","type":"post","link":"https:\/\/blogdacondessa.com.br\/blog\/cotidiano\/prazo-para-tirar-a-1a-cnh-e-prorrogado-para-processos-iniciados-entre-2019-e-2023\/","title":{"rendered":"Prazo para tirar a 1\u00aa CNH \u00e9 prorrogado para processos iniciados entre 2019 e 2023"},"content":{"rendered":"<p>O Conselho Nacional de Tr\u00e2nsito (Contran) prorrogou at\u00e9 31 de dezembro de 2024 o prazo para a conclus\u00e3o dos processos de obten\u00e7\u00e3o da primeira Carteira Nacional de Habilita\u00e7\u00e3o (CNH) iniciados entre 2019 e 2023. O novo prazo foi publicado no Di\u00e1rio Oficial da Uni\u00e3o nesta quarta-feira (27.12).<\/p>\n<p>Os processos de primeira habilita\u00e7\u00e3o que ser\u00e3o iniciados em 2024, contudo, ter\u00e3o o prazo para conclus\u00e3o de 12 meses, sem a possibilidade de reativa\u00e7\u00e3o ou prorroga\u00e7\u00e3o, conforme portaria n\u00ba 357 de 2023 da Secretaria Nacional de Tr\u00e2nsito (Senatran).<\/p>\n<p>Em 2023, o Detran-MT ofertou vagas para realiza\u00e7\u00e3o de provas pr\u00e1ticas de dire\u00e7\u00e3o em todos os munic\u00edpios de atendimento por bancas fixas ou volantes, superando o quantitativo em compara\u00e7\u00e3o aos anos anteriores. Foram mais de 185 mil vagas ofertadas em todo o Estado.<\/p>\n<p>Mesmo com a prorroga\u00e7\u00e3o do prazo, o Detran alerta aos candidatos para que procurem sua autoescola e finalizem seus processos no decorrer do ano. \u201cDevido a prorroga\u00e7\u00e3o do prazo, poder\u00e1 haver maior procura por exames nos meses finais de 2024\u201d, refor\u00e7ou o presidente do Detran-MT, Gustavo Vasconcelos.<\/p>\n","protected":false},"excerpt":{"rendered":"<p>O Conselho Nacional de Tr\u00e2nsito (Contran) prorrogou at\u00e9 31 de dezembro de 2024 o prazo para a conclus\u00e3o dos processos de obten\u00e7\u00e3o da primeira Carteira Nacional de Habilita\u00e7\u00e3o (CNH) iniciados entre 2019 e 2023. O novo prazo foi publicado no Di\u00e1rio Oficial da Uni\u00e3o nesta quarta-feira (27.12). Os processos de primeira habilita\u00e7\u00e3o que ser\u00e3o iniciados [&hellip;]<\/p>\n","protected":false},"author":2,"featured_media":8812,"comment_status":"closed","ping_status":"closed","sticky":false,"template":"","format":"standard","meta":{"iawp_total_views":0,"footnotes":""},"categories":[24],"tags":[],"class_list":["post-8811","post","type-post","status-publish","format-standard","has-post-thumbnail","hentry","category-cotidiano"],"yoast_head":"<!-- This site is optimized with the Yoast SEO plugin v27.3 - https:\/\/yoast.com\/product\/yoast-seo-wordpress\/ -->\n<title>Prazo para tirar a 1\u00aa CNH \u00e9 prorrogado para processos iniciados entre 2019 e 2023 &#8902; Blog da Condessa<\/title>\n<meta name=\"robots\" content=\"index, follow, max-snippet:-1, max-image-preview:large, max-video-preview:-1\" \/>\n<link rel=\"canonical\" href=\"https:\/\/blogdacondessa.com.br\/blog\/cotidiano\/prazo-para-tirar-a-1a-cnh-e-prorrogado-para-processos-iniciados-entre-2019-e-2023\/\" \/>\n<meta property=\"og:locale\" content=\"pt_BR\" \/>\n<meta property=\"og:type\" content=\"article\" \/>\n<meta property=\"og:title\" content=\"Prazo para tirar a 1\u00aa CNH \u00e9 prorrogado para processos iniciados entre 2019 e 2023 &#8902; Blog da Condessa\" \/>\n<meta property=\"og:description\" content=\"O Conselho Nacional de Tr\u00e2nsito (Contran) prorrogou at\u00e9 31 de dezembro de 2024 o prazo para a conclus\u00e3o dos processos de obten\u00e7\u00e3o da primeira Carteira Nacional de Habilita\u00e7\u00e3o (CNH) iniciados entre 2019 e 2023. O novo prazo foi publicado no Di\u00e1rio Oficial da Uni\u00e3o nesta quarta-feira (27.12). Os processos de primeira habilita\u00e7\u00e3o que ser\u00e3o iniciados [&hellip;]\" \/>\n<meta property=\"og:url\" content=\"https:\/\/blogdacondessa.com.br\/blog\/cotidiano\/prazo-para-tirar-a-1a-cnh-e-prorrogado-para-processos-iniciados-entre-2019-e-2023\/\" \/>\n<meta property=\"og:site_name\" content=\"Blog da Condessa\" \/>\n<meta property=\"article:published_time\" content=\"2023-12-28T09:00:59+00:00\" \/>\n<meta property=\"og:image\" content=\"https:\/\/blogdacondessa.com.br\/blog\/wp-content\/uploads\/2023\/12\/DETRAN.jpeg\" \/>\n\t<meta property=\"og:image:width\" content=\"1089\" \/>\n\t<meta property=\"og:image:height\" content=\"816\" \/>\n\t<meta property=\"og:image:type\" content=\"image\/jpeg\" \/>\n<meta name=\"author\" content=\"Blog da Condessa\" \/>\n<meta name=\"twitter:card\" content=\"summary_large_image\" \/>\n<meta name=\"twitter:label1\" content=\"Escrito por\" \/>\n\t<meta name=\"twitter:data1\" content=\"Blog da Condessa\" \/>\n\t<meta name=\"twitter:label2\" content=\"Est. tempo de leitura\" \/>\n\t<meta name=\"twitter:data2\" content=\"2 minutos\" \/>\n<script type=\"application\/ld+json\" class=\"yoast-schema-graph\">{\"@context\":\"https:\\\/\\\/schema.org\",\"@graph\":[{\"@type\":\"Article\",\"@id\":\"https:\\\/\\\/blogdacondessa.com.br\\\/blog\\\/cotidiano\\\/prazo-para-tirar-a-1a-cnh-e-prorrogado-para-processos-iniciados-entre-2019-e-2023\\\/#article\",\"isPartOf\":{\"@id\":\"https:\\\/\\\/blogdacondessa.com.br\\\/blog\\\/cotidiano\\\/prazo-para-tirar-a-1a-cnh-e-prorrogado-para-processos-iniciados-entre-2019-e-2023\\\/\"},\"author\":{\"name\":\"Blog da Condessa\",\"@id\":\"https:\\\/\\\/blogdacondessa.com.br\\\/blog\\\/#\\\/schema\\\/person\\\/1d667ff8b785195b568677489d266035\"},\"headline\":\"Prazo para tirar a 1\u00aa CNH \u00e9 prorrogado para processos iniciados entre 2019 e 2023\",\"datePublished\":\"2023-12-28T09:00:59+00:00\",\"mainEntityOfPage\":{\"@id\":\"https:\\\/\\\/blogdacondessa.com.br\\\/blog\\\/cotidiano\\\/prazo-para-tirar-a-1a-cnh-e-prorrogado-para-processos-iniciados-entre-2019-e-2023\\\/\"},\"wordCount\":195,\"image\":{\"@id\":\"https:\\\/\\\/blogdacondessa.com.br\\\/blog\\\/cotidiano\\\/prazo-para-tirar-a-1a-cnh-e-prorrogado-para-processos-iniciados-entre-2019-e-2023\\\/#primaryimage\"},\"thumbnailUrl\":\"https:\\\/\\\/blogdacondessa.com.br\\\/blog\\\/wp-content\\\/uploads\\\/2023\\\/12\\\/DETRAN.jpeg\",\"articleSection\":[\"Cotidiano\"],\"inLanguage\":\"pt-BR\"},{\"@type\":\"WebPage\",\"@id\":\"https:\\\/\\\/blogdacondessa.com.br\\\/blog\\\/cotidiano\\\/prazo-para-tirar-a-1a-cnh-e-prorrogado-para-processos-iniciados-entre-2019-e-2023\\\/\",\"url\":\"https:\\\/\\\/blogdacondessa.com.br\\\/blog\\\/cotidiano\\\/prazo-para-tirar-a-1a-cnh-e-prorrogado-para-processos-iniciados-entre-2019-e-2023\\\/\",\"name\":\"Prazo para tirar a 1\u00aa CNH \u00e9 prorrogado para processos iniciados entre 2019 e 2023 &#8902; Blog da Condessa\",\"isPartOf\":{\"@id\":\"https:\\\/\\\/blogdacondessa.com.br\\\/blog\\\/#website\"},\"primaryImageOfPage\":{\"@id\":\"https:\\\/\\\/blogdacondessa.com.br\\\/blog\\\/cotidiano\\\/prazo-para-tirar-a-1a-cnh-e-prorrogado-para-processos-iniciados-entre-2019-e-2023\\\/#primaryimage\"},\"image\":{\"@id\":\"https:\\\/\\\/blogdacondessa.com.br\\\/blog\\\/cotidiano\\\/prazo-para-tirar-a-1a-cnh-e-prorrogado-para-processos-iniciados-entre-2019-e-2023\\\/#primaryimage\"},\"thumbnailUrl\":\"https:\\\/\\\/blogdacondessa.com.br\\\/blog\\\/wp-content\\\/uploads\\\/2023\\\/12\\\/DETRAN.jpeg\",\"datePublished\":\"2023-12-28T09:00:59+00:00\",\"author\":{\"@id\":\"https:\\\/\\\/blogdacondessa.com.br\\\/blog\\\/#\\\/schema\\\/person\\\/1d667ff8b785195b568677489d266035\"},\"breadcrumb\":{\"@id\":\"https:\\\/\\\/blogdacondessa.com.br\\\/blog\\\/cotidiano\\\/prazo-para-tirar-a-1a-cnh-e-prorrogado-para-processos-iniciados-entre-2019-e-2023\\\/#breadcrumb\"},\"inLanguage\":\"pt-BR\",\"potentialAction\":[{\"@type\":\"ReadAction\",\"target\":[\"https:\\\/\\\/blogdacondessa.com.br\\\/blog\\\/cotidiano\\\/prazo-para-tirar-a-1a-cnh-e-prorrogado-para-processos-iniciados-entre-2019-e-2023\\\/\"]}]},{\"@type\":\"ImageObject\",\"inLanguage\":\"pt-BR\",\"@id\":\"https:\\\/\\\/blogdacondessa.com.br\\\/blog\\\/cotidiano\\\/prazo-para-tirar-a-1a-cnh-e-prorrogado-para-processos-iniciados-entre-2019-e-2023\\\/#primaryimage\",\"url\":\"https:\\\/\\\/blogdacondessa.com.br\\\/blog\\\/wp-content\\\/uploads\\\/2023\\\/12\\\/DETRAN.jpeg\",\"contentUrl\":\"https:\\\/\\\/blogdacondessa.com.br\\\/blog\\\/wp-content\\\/uploads\\\/2023\\\/12\\\/DETRAN.jpeg\",\"width\":1089,\"height\":816,\"caption\":\"Foto por: Detran-MT\"},{\"@type\":\"BreadcrumbList\",\"@id\":\"https:\\\/\\\/blogdacondessa.com.br\\\/blog\\\/cotidiano\\\/prazo-para-tirar-a-1a-cnh-e-prorrogado-para-processos-iniciados-entre-2019-e-2023\\\/#breadcrumb\",\"itemListElement\":[{\"@type\":\"ListItem\",\"position\":1,\"name\":\"In\u00edcio\",\"item\":\"https:\\\/\\\/blogdacondessa.com.br\\\/blog\\\/\"},{\"@type\":\"ListItem\",\"position\":2,\"name\":\"Prazo para tirar a 1\u00aa CNH \u00e9 prorrogado para processos iniciados entre 2019 e 2023\"}]},{\"@type\":\"WebSite\",\"@id\":\"https:\\\/\\\/blogdacondessa.com.br\\\/blog\\\/#website\",\"url\":\"https:\\\/\\\/blogdacondessa.com.br\\\/blog\\\/\",\"name\":\"Blog da Condessa\",\"description\":\"Com Shirley de Souza O\u2019Campos\",\"potentialAction\":[{\"@type\":\"SearchAction\",\"target\":{\"@type\":\"EntryPoint\",\"urlTemplate\":\"https:\\\/\\\/blogdacondessa.com.br\\\/blog\\\/?s={search_term_string}\"},\"query-input\":{\"@type\":\"PropertyValueSpecification\",\"valueRequired\":true,\"valueName\":\"search_term_string\"}}],\"inLanguage\":\"pt-BR\"},{\"@type\":\"Person\",\"@id\":\"https:\\\/\\\/blogdacondessa.com.br\\\/blog\\\/#\\\/schema\\\/person\\\/1d667ff8b785195b568677489d266035\",\"name\":\"Blog da Condessa\",\"image\":{\"@type\":\"ImageObject\",\"inLanguage\":\"pt-BR\",\"@id\":\"https:\\\/\\\/secure.gravatar.com\\\/avatar\\\/377c0eb8b4ad2bfc25461b41564b5971e721ca34a57642868fc7b0c8ac7b52c5?s=96&d=mm&r=g\",\"url\":\"https:\\\/\\\/secure.gravatar.com\\\/avatar\\\/377c0eb8b4ad2bfc25461b41564b5971e721ca34a57642868fc7b0c8ac7b52c5?s=96&d=mm&r=g\",\"contentUrl\":\"https:\\\/\\\/secure.gravatar.com\\\/avatar\\\/377c0eb8b4ad2bfc25461b41564b5971e721ca34a57642868fc7b0c8ac7b52c5?s=96&d=mm&r=g\",\"caption\":\"Blog da Condessa\"},\"url\":\"https:\\\/\\\/blogdacondessa.com.br\\\/blog\\\/author\\\/beatriz\\\/\"}]}<\/script>\n<!-- \/ Yoast SEO plugin. -->","yoast_head_json":{"title":"Prazo para tirar a 1\u00aa CNH \u00e9 prorrogado para processos iniciados entre 2019 e 2023 &#8902; Blog da Condessa","robots":{"index":"index","follow":"follow","max-snippet":"max-snippet:-1","max-image-preview":"max-image-preview:large","max-video-preview":"max-video-preview:-1"},"canonical":"https:\/\/blogdacondessa.com.br\/blog\/cotidiano\/prazo-para-tirar-a-1a-cnh-e-prorrogado-para-processos-iniciados-entre-2019-e-2023\/","og_locale":"pt_BR","og_type":"article","og_title":"Prazo para tirar a 1\u00aa CNH \u00e9 prorrogado para processos iniciados entre 2019 e 2023 &#8902; Blog da Condessa","og_description":"O Conselho Nacional de Tr\u00e2nsito (Contran) prorrogou at\u00e9 31 de dezembro de 2024 o prazo para a conclus\u00e3o dos processos de obten\u00e7\u00e3o da primeira Carteira Nacional de Habilita\u00e7\u00e3o (CNH) iniciados entre 2019 e 2023. O novo prazo foi publicado no Di\u00e1rio Oficial da Uni\u00e3o nesta quarta-feira (27.12). Os processos de primeira habilita\u00e7\u00e3o que ser\u00e3o iniciados [&hellip;]","og_url":"https:\/\/blogdacondessa.com.br\/blog\/cotidiano\/prazo-para-tirar-a-1a-cnh-e-prorrogado-para-processos-iniciados-entre-2019-e-2023\/","og_site_name":"Blog da Condessa","article_published_time":"2023-12-28T09:00:59+00:00","og_image":[{"width":1089,"height":816,"url":"https:\/\/blogdacondessa.com.br\/blog\/wp-content\/uploads\/2023\/12\/DETRAN.jpeg","type":"image\/jpeg"}],"author":"Blog da Condessa","twitter_card":"summary_large_image","twitter_misc":{"Escrito por":"Blog da Condessa","Est. tempo de leitura":"2 minutos"},"schema":{"@context":"https:\/\/schema.org","@graph":[{"@type":"Article","@id":"https:\/\/blogdacondessa.com.br\/blog\/cotidiano\/prazo-para-tirar-a-1a-cnh-e-prorrogado-para-processos-iniciados-entre-2019-e-2023\/#article","isPartOf":{"@id":"https:\/\/blogdacondessa.com.br\/blog\/cotidiano\/prazo-para-tirar-a-1a-cnh-e-prorrogado-para-processos-iniciados-entre-2019-e-2023\/"},"author":{"name":"Blog da Condessa","@id":"https:\/\/blogdacondessa.com.br\/blog\/#\/schema\/person\/1d667ff8b785195b568677489d266035"},"headline":"Prazo para tirar a 1\u00aa CNH \u00e9 prorrogado para processos iniciados entre 2019 e 2023","datePublished":"2023-12-28T09:00:59+00:00","mainEntityOfPage":{"@id":"https:\/\/blogdacondessa.com.br\/blog\/cotidiano\/prazo-para-tirar-a-1a-cnh-e-prorrogado-para-processos-iniciados-entre-2019-e-2023\/"},"wordCount":195,"image":{"@id":"https:\/\/blogdacondessa.com.br\/blog\/cotidiano\/prazo-para-tirar-a-1a-cnh-e-prorrogado-para-processos-iniciados-entre-2019-e-2023\/#primaryimage"},"thumbnailUrl":"https:\/\/blogdacondessa.com.br\/blog\/wp-content\/uploads\/2023\/12\/DETRAN.jpeg","articleSection":["Cotidiano"],"inLanguage":"pt-BR"},{"@type":"WebPage","@id":"https:\/\/blogdacondessa.com.br\/blog\/cotidiano\/prazo-para-tirar-a-1a-cnh-e-prorrogado-para-processos-iniciados-entre-2019-e-2023\/","url":"https:\/\/blogdacondessa.com.br\/blog\/cotidiano\/prazo-para-tirar-a-1a-cnh-e-prorrogado-para-processos-iniciados-entre-2019-e-2023\/","name":"Prazo para tirar a 1\u00aa CNH \u00e9 prorrogado para processos iniciados entre 2019 e 2023 &#8902; Blog da Condessa","isPartOf":{"@id":"https:\/\/blogdacondessa.com.br\/blog\/#website"},"primaryImageOfPage":{"@id":"https:\/\/blogdacondessa.com.br\/blog\/cotidiano\/prazo-para-tirar-a-1a-cnh-e-prorrogado-para-processos-iniciados-entre-2019-e-2023\/#primaryimage"},"image":{"@id":"https:\/\/blogdacondessa.com.br\/blog\/cotidiano\/prazo-para-tirar-a-1a-cnh-e-prorrogado-para-processos-iniciados-entre-2019-e-2023\/#primaryimage"},"thumbnailUrl":"https:\/\/blogdacondessa.com.br\/blog\/wp-content\/uploads\/2023\/12\/DETRAN.jpeg","datePublished":"2023-12-28T09:00:59+00:00","author":{"@id":"https:\/\/blogdacondessa.com.br\/blog\/#\/schema\/person\/1d667ff8b785195b568677489d266035"},"breadcrumb":{"@id":"https:\/\/blogdacondessa.com.br\/blog\/cotidiano\/prazo-para-tirar-a-1a-cnh-e-prorrogado-para-processos-iniciados-entre-2019-e-2023\/#breadcrumb"},"inLanguage":"pt-BR","potentialAction":[{"@type":"ReadAction","target":["https:\/\/blogdacondessa.com.br\/blog\/cotidiano\/prazo-para-tirar-a-1a-cnh-e-prorrogado-para-processos-iniciados-entre-2019-e-2023\/"]}]},{"@type":"ImageObject","inLanguage":"pt-BR","@id":"https:\/\/blogdacondessa.com.br\/blog\/cotidiano\/prazo-para-tirar-a-1a-cnh-e-prorrogado-para-processos-iniciados-entre-2019-e-2023\/#primaryimage","url":"https:\/\/blogdacondessa.com.br\/blog\/wp-content\/uploads\/2023\/12\/DETRAN.jpeg","contentUrl":"https:\/\/blogdacondessa.com.br\/blog\/wp-content\/uploads\/2023\/12\/DETRAN.jpeg","width":1089,"height":816,"caption":"Foto por: Detran-MT"},{"@type":"BreadcrumbList","@id":"https:\/\/blogdacondessa.com.br\/blog\/cotidiano\/prazo-para-tirar-a-1a-cnh-e-prorrogado-para-processos-iniciados-entre-2019-e-2023\/#breadcrumb","itemListElement":[{"@type":"ListItem","position":1,"name":"In\u00edcio","item":"https:\/\/blogdacondessa.com.br\/blog\/"},{"@type":"ListItem","position":2,"name":"Prazo para tirar a 1\u00aa CNH \u00e9 prorrogado para processos iniciados entre 2019 e 2023"}]},{"@type":"WebSite","@id":"https:\/\/blogdacondessa.com.br\/blog\/#website","url":"https:\/\/blogdacondessa.com.br\/blog\/","name":"Blog da Condessa","description":"Com Shirley de Souza O\u2019Campos","potentialAction":[{"@type":"SearchAction","target":{"@type":"EntryPoint","urlTemplate":"https:\/\/blogdacondessa.com.br\/blog\/?s={search_term_string}"},"query-input":{"@type":"PropertyValueSpecification","valueRequired":true,"valueName":"search_term_string"}}],"inLanguage":"pt-BR"},{"@type":"Person","@id":"https:\/\/blogdacondessa.com.br\/blog\/#\/schema\/person\/1d667ff8b785195b568677489d266035","name":"Blog da Condessa","image":{"@type":"ImageObject","inLanguage":"pt-BR","@id":"https:\/\/secure.gravatar.com\/avatar\/377c0eb8b4ad2bfc25461b41564b5971e721ca34a57642868fc7b0c8ac7b52c5?s=96&d=mm&r=g","url":"https:\/\/secure.gravatar.com\/avatar\/377c0eb8b4ad2bfc25461b41564b5971e721ca34a57642868fc7b0c8ac7b52c5?s=96&d=mm&r=g","contentUrl":"https:\/\/secure.gravatar.com\/avatar\/377c0eb8b4ad2bfc25461b41564b5971e721ca34a57642868fc7b0c8ac7b52c5?s=96&d=mm&r=g","caption":"Blog da Condessa"},"url":"https:\/\/blogdacondessa.com.br\/blog\/author\/beatriz\/"}]}},"_links":{"self":[{"href":"https:\/\/blogdacondessa.com.br\/blog\/wp-json\/wp\/v2\/posts\/8811","targetHints":{"allow":["GET"]}}],"collection":[{"href":"https:\/\/blogdacondessa.com.br\/blog\/wp-json\/wp\/v2\/posts"}],"about":[{"href":"https:\/\/blogdacondessa.com.br\/blog\/wp-json\/wp\/v2\/types\/post"}],"author":[{"embeddable":true,"href":"https:\/\/blogdacondessa.com.br\/blog\/wp-json\/wp\/v2\/users\/2"}],"replies":[{"embeddable":true,"href":"https:\/\/blogdacondessa.com.br\/blog\/wp-json\/wp\/v2\/comments?post=8811"}],"version-history":[{"count":0,"href":"https:\/\/blogdacondessa.com.br\/blog\/wp-json\/wp\/v2\/posts\/8811\/revisions"}],"wp:featuredmedia":[{"embeddable":true,"href":"https:\/\/blogdacondessa.com.br\/blog\/wp-json\/wp\/v2\/media\/8812"}],"wp:attachment":[{"href":"https:\/\/blogdacondessa.com.br\/blog\/wp-json\/wp\/v2\/media?parent=8811"}],"wp:term":[{"taxonomy":"category","embeddable":true,"href":"https:\/\/blogdacondessa.com.br\/blog\/wp-json\/wp\/v2\/categories?post=8811"},{"taxonomy":"post_tag","embeddable":true,"href":"https:\/\/blogdacondessa.com.br\/blog\/wp-json\/wp\/v2\/tags?post=8811"}],"curies":[{"name":"wp","href":"https:\/\/api.w.org\/{rel}","templated":true}]}}