{"id":8769,"date":"2023-12-20T05:00:41","date_gmt":"2023-12-20T09:00:41","guid":{"rendered":"http:\/\/blogdacondessa.com.br\/?p=8769"},"modified":"2023-12-19T17:09:50","modified_gmt":"2023-12-19T21:09:50","slug":"governo-de-mt-reabre-casa-tur-no-centro-historico-de-cuiaba-para-fortalecer-o-turismo","status":"publish","type":"post","link":"https:\/\/blogdacondessa.com.br\/blog\/blog-2\/governo-de-mt-reabre-casa-tur-no-centro-historico-de-cuiaba-para-fortalecer-o-turismo\/","title":{"rendered":"Governo de MT reabre Casa Tur no Centro Hist\u00f3rico de Cuiab\u00e1 para fortalecer o turismo"},"content":{"rendered":"<p>Espa\u00e7o funcionar\u00e1 como Centro de Atendimento ao Turista (CAT) e ter\u00e1 exposi\u00e7\u00e3o e comercializa\u00e7\u00e3o de artesanato mato-grossense.<\/p>\n<p>O pr\u00e9dio da Secretaria Adjunta de Turismo, no Centro Hist\u00f3rico de Cuiab\u00e1, abrigar\u00e1 a Casa Tur, onde funcionar\u00e1 o Centro de Atendimento ao Turista (CAT), espa\u00e7o para exposi\u00e7\u00e3o e comercializa\u00e7\u00e3o de artesanato mato-grossense e atendimento do Cadastur para a regulariza\u00e7\u00e3o dos prestadores de servi\u00e7os no Minist\u00e9rio do Turismo. A reabertura ser\u00e1 nesta quarta-feira (20.12), \u00e0s 18h.<\/p>\n<p>A secretaria ligada \u00e0 Secretaria de Estado de Desenvolvimento Econ\u00f4mico (Sedec) funciona num sobrado erguido em 1777 e tombado como Patrim\u00f4nio Hist\u00f3rico Federal. A arquitetura do pr\u00e9dio localizado na Rua Volunt\u00e1rios da P\u00e1tria, n\u00ba 118, esquina com a Rua Ricardo Franco,\u00a0\u00e9 um testemunho vivo da hist\u00f3ria cuiabana.<\/p>\n<p>Al\u00e9m disso, haver\u00e1 a Varanda do Turista para receber e orientar visitantes com informa\u00e7\u00f5es sobre os produtos tur\u00edsticos do nosso Estado, organizados por polos como Cerrado, Pantanal, Araguaia e Amaz\u00f4nia.<\/p>\n<p>De acordo com o secret\u00e1rio adjunto de Turismo, Felipe Wellaton, a proposta \u00e9 tornar o pr\u00e9dio mais do que um \u00f3rg\u00e3o p\u00fablico em funcionamento em hor\u00e1rio comercial, das 8h \u00e0s 18h, de segunda-feira a sexta-feira, e funcionar como ponto central para o trade tur\u00edstico e investidores, oferecendo at\u00e9 mesmo suporte de informa\u00e7\u00f5es para atra\u00e7\u00e3o de investimentos privados por meio do Observat\u00f3rio do Turismo.<\/p>\n<p>\u201cQueremos deixar o turismo de portas abertas para receber aqueles que querem conhecer as belezas e os atrativos tur\u00edsticos do estado de Mato Grosso. A Casa Tur ser\u00e1 um ponto de atendimento, n\u00e3o s\u00f3 para o turista, mas tamb\u00e9m para os mato-grossenses. \u00c9 muito importante ocuparmos o Centro Hist\u00f3rico de Cuiab\u00e1 e este casar\u00e3o hist\u00f3rico, com mais de 200 anos, preserva essa hist\u00f3ria e toda essa trajet\u00f3ria cultural, que deve ser conhecida n\u00e3o s\u00f3 para quem visita, mas tamb\u00e9m como para quem mora aqui\u201d, explicou.<\/p>\n<p>No dia da abertura est\u00e3o previstas exposi\u00e7\u00f5es, m\u00fasica, comidas t\u00edpicas, produtos da agricultura familiar e do turismo rural para a venda e a celebra\u00e7\u00e3o da reabertura do espa\u00e7o ao p\u00fablico.<\/p>\n","protected":false},"excerpt":{"rendered":"<p>Espa\u00e7o funcionar\u00e1 como Centro de Atendimento ao Turista (CAT) e ter\u00e1 exposi\u00e7\u00e3o e comercializa\u00e7\u00e3o de artesanato mato-grossense. O pr\u00e9dio da Secretaria Adjunta de Turismo, no Centro Hist\u00f3rico de Cuiab\u00e1, abrigar\u00e1 a Casa Tur, onde funcionar\u00e1 o Centro de Atendimento ao Turista (CAT), espa\u00e7o para exposi\u00e7\u00e3o e comercializa\u00e7\u00e3o de artesanato mato-grossense e atendimento do Cadastur para [&hellip;]<\/p>\n","protected":false},"author":2,"featured_media":8770,"comment_status":"closed","ping_status":"closed","sticky":false,"template":"","format":"standard","meta":{"iawp_total_views":1,"footnotes":""},"categories":[14],"tags":[],"class_list":["post-8769","post","type-post","status-publish","format-standard","has-post-thumbnail","hentry","category-blog-2"],"yoast_head":"<!-- This site is optimized with the Yoast SEO plugin v27.3 - https:\/\/yoast.com\/product\/yoast-seo-wordpress\/ -->\n<title>Governo de MT reabre Casa Tur no Centro Hist\u00f3rico de Cuiab\u00e1 para fortalecer o turismo &#8902; Blog da Condessa<\/title>\n<meta name=\"robots\" content=\"index, follow, max-snippet:-1, max-image-preview:large, max-video-preview:-1\" \/>\n<link rel=\"canonical\" href=\"https:\/\/blogdacondessa.com.br\/blog\/blog-2\/governo-de-mt-reabre-casa-tur-no-centro-historico-de-cuiaba-para-fortalecer-o-turismo\/\" \/>\n<meta property=\"og:locale\" content=\"pt_BR\" \/>\n<meta property=\"og:type\" content=\"article\" \/>\n<meta property=\"og:title\" content=\"Governo de MT reabre Casa Tur no Centro Hist\u00f3rico de Cuiab\u00e1 para fortalecer o turismo &#8902; Blog da Condessa\" \/>\n<meta property=\"og:description\" content=\"Espa\u00e7o funcionar\u00e1 como Centro de Atendimento ao Turista (CAT) e ter\u00e1 exposi\u00e7\u00e3o e comercializa\u00e7\u00e3o de artesanato mato-grossense. O pr\u00e9dio da Secretaria Adjunta de Turismo, no Centro Hist\u00f3rico de Cuiab\u00e1, abrigar\u00e1 a Casa Tur, onde funcionar\u00e1 o Centro de Atendimento ao Turista (CAT), espa\u00e7o para exposi\u00e7\u00e3o e comercializa\u00e7\u00e3o de artesanato mato-grossense e atendimento do Cadastur para [&hellip;]\" \/>\n<meta property=\"og:url\" content=\"https:\/\/blogdacondessa.com.br\/blog\/blog-2\/governo-de-mt-reabre-casa-tur-no-centro-historico-de-cuiaba-para-fortalecer-o-turismo\/\" \/>\n<meta property=\"og:site_name\" content=\"Blog da Condessa\" \/>\n<meta property=\"article:published_time\" content=\"2023-12-20T09:00:41+00:00\" \/>\n<meta property=\"og:image\" content=\"https:\/\/blogdacondessa.com.br\/blog\/wp-content\/uploads\/2023\/12\/CASA-TUR-scaled.jpg\" \/>\n\t<meta property=\"og:image:width\" content=\"2560\" \/>\n\t<meta property=\"og:image:height\" content=\"1440\" \/>\n\t<meta property=\"og:image:type\" content=\"image\/jpeg\" \/>\n<meta name=\"author\" content=\"Blog da Condessa\" \/>\n<meta name=\"twitter:card\" content=\"summary_large_image\" \/>\n<meta name=\"twitter:label1\" content=\"Escrito por\" \/>\n\t<meta name=\"twitter:data1\" content=\"Blog da Condessa\" \/>\n\t<meta name=\"twitter:label2\" content=\"Est. tempo de leitura\" \/>\n\t<meta name=\"twitter:data2\" content=\"3 minutos\" \/>\n<script type=\"application\/ld+json\" class=\"yoast-schema-graph\">{\"@context\":\"https:\\\/\\\/schema.org\",\"@graph\":[{\"@type\":\"Article\",\"@id\":\"https:\\\/\\\/blogdacondessa.com.br\\\/blog\\\/blog-2\\\/governo-de-mt-reabre-casa-tur-no-centro-historico-de-cuiaba-para-fortalecer-o-turismo\\\/#article\",\"isPartOf\":{\"@id\":\"https:\\\/\\\/blogdacondessa.com.br\\\/blog\\\/blog-2\\\/governo-de-mt-reabre-casa-tur-no-centro-historico-de-cuiaba-para-fortalecer-o-turismo\\\/\"},\"author\":{\"name\":\"Blog da Condessa\",\"@id\":\"https:\\\/\\\/blogdacondessa.com.br\\\/blog\\\/#\\\/schema\\\/person\\\/1d667ff8b785195b568677489d266035\"},\"headline\":\"Governo de MT reabre Casa Tur no Centro Hist\u00f3rico de Cuiab\u00e1 para fortalecer o turismo\",\"datePublished\":\"2023-12-20T09:00:41+00:00\",\"mainEntityOfPage\":{\"@id\":\"https:\\\/\\\/blogdacondessa.com.br\\\/blog\\\/blog-2\\\/governo-de-mt-reabre-casa-tur-no-centro-historico-de-cuiaba-para-fortalecer-o-turismo\\\/\"},\"wordCount\":385,\"image\":{\"@id\":\"https:\\\/\\\/blogdacondessa.com.br\\\/blog\\\/blog-2\\\/governo-de-mt-reabre-casa-tur-no-centro-historico-de-cuiaba-para-fortalecer-o-turismo\\\/#primaryimage\"},\"thumbnailUrl\":\"https:\\\/\\\/blogdacondessa.com.br\\\/blog\\\/wp-content\\\/uploads\\\/2023\\\/12\\\/CASA-TUR-scaled.jpg\",\"articleSection\":[\"Turismo\"],\"inLanguage\":\"pt-BR\"},{\"@type\":\"WebPage\",\"@id\":\"https:\\\/\\\/blogdacondessa.com.br\\\/blog\\\/blog-2\\\/governo-de-mt-reabre-casa-tur-no-centro-historico-de-cuiaba-para-fortalecer-o-turismo\\\/\",\"url\":\"https:\\\/\\\/blogdacondessa.com.br\\\/blog\\\/blog-2\\\/governo-de-mt-reabre-casa-tur-no-centro-historico-de-cuiaba-para-fortalecer-o-turismo\\\/\",\"name\":\"Governo de MT reabre Casa Tur no Centro Hist\u00f3rico de Cuiab\u00e1 para fortalecer o turismo &#8902; Blog da Condessa\",\"isPartOf\":{\"@id\":\"https:\\\/\\\/blogdacondessa.com.br\\\/blog\\\/#website\"},\"primaryImageOfPage\":{\"@id\":\"https:\\\/\\\/blogdacondessa.com.br\\\/blog\\\/blog-2\\\/governo-de-mt-reabre-casa-tur-no-centro-historico-de-cuiaba-para-fortalecer-o-turismo\\\/#primaryimage\"},\"image\":{\"@id\":\"https:\\\/\\\/blogdacondessa.com.br\\\/blog\\\/blog-2\\\/governo-de-mt-reabre-casa-tur-no-centro-historico-de-cuiaba-para-fortalecer-o-turismo\\\/#primaryimage\"},\"thumbnailUrl\":\"https:\\\/\\\/blogdacondessa.com.br\\\/blog\\\/wp-content\\\/uploads\\\/2023\\\/12\\\/CASA-TUR-scaled.jpg\",\"datePublished\":\"2023-12-20T09:00:41+00:00\",\"author\":{\"@id\":\"https:\\\/\\\/blogdacondessa.com.br\\\/blog\\\/#\\\/schema\\\/person\\\/1d667ff8b785195b568677489d266035\"},\"breadcrumb\":{\"@id\":\"https:\\\/\\\/blogdacondessa.com.br\\\/blog\\\/blog-2\\\/governo-de-mt-reabre-casa-tur-no-centro-historico-de-cuiaba-para-fortalecer-o-turismo\\\/#breadcrumb\"},\"inLanguage\":\"pt-BR\",\"potentialAction\":[{\"@type\":\"ReadAction\",\"target\":[\"https:\\\/\\\/blogdacondessa.com.br\\\/blog\\\/blog-2\\\/governo-de-mt-reabre-casa-tur-no-centro-historico-de-cuiaba-para-fortalecer-o-turismo\\\/\"]}]},{\"@type\":\"ImageObject\",\"inLanguage\":\"pt-BR\",\"@id\":\"https:\\\/\\\/blogdacondessa.com.br\\\/blog\\\/blog-2\\\/governo-de-mt-reabre-casa-tur-no-centro-historico-de-cuiaba-para-fortalecer-o-turismo\\\/#primaryimage\",\"url\":\"https:\\\/\\\/blogdacondessa.com.br\\\/blog\\\/wp-content\\\/uploads\\\/2023\\\/12\\\/CASA-TUR-scaled.jpg\",\"contentUrl\":\"https:\\\/\\\/blogdacondessa.com.br\\\/blog\\\/wp-content\\\/uploads\\\/2023\\\/12\\\/CASA-TUR-scaled.jpg\",\"width\":2560,\"height\":1440,\"caption\":\"Foto por: Taiguara Luciano\\\/Sedec\"},{\"@type\":\"BreadcrumbList\",\"@id\":\"https:\\\/\\\/blogdacondessa.com.br\\\/blog\\\/blog-2\\\/governo-de-mt-reabre-casa-tur-no-centro-historico-de-cuiaba-para-fortalecer-o-turismo\\\/#breadcrumb\",\"itemListElement\":[{\"@type\":\"ListItem\",\"position\":1,\"name\":\"In\u00edcio\",\"item\":\"https:\\\/\\\/blogdacondessa.com.br\\\/blog\\\/\"},{\"@type\":\"ListItem\",\"position\":2,\"name\":\"Governo de MT reabre Casa Tur no Centro Hist\u00f3rico de Cuiab\u00e1 para fortalecer o turismo\"}]},{\"@type\":\"WebSite\",\"@id\":\"https:\\\/\\\/blogdacondessa.com.br\\\/blog\\\/#website\",\"url\":\"https:\\\/\\\/blogdacondessa.com.br\\\/blog\\\/\",\"name\":\"Blog da Condessa\",\"description\":\"Com Shirley de Souza O\u2019Campos\",\"potentialAction\":[{\"@type\":\"SearchAction\",\"target\":{\"@type\":\"EntryPoint\",\"urlTemplate\":\"https:\\\/\\\/blogdacondessa.com.br\\\/blog\\\/?s={search_term_string}\"},\"query-input\":{\"@type\":\"PropertyValueSpecification\",\"valueRequired\":true,\"valueName\":\"search_term_string\"}}],\"inLanguage\":\"pt-BR\"},{\"@type\":\"Person\",\"@id\":\"https:\\\/\\\/blogdacondessa.com.br\\\/blog\\\/#\\\/schema\\\/person\\\/1d667ff8b785195b568677489d266035\",\"name\":\"Blog da Condessa\",\"image\":{\"@type\":\"ImageObject\",\"inLanguage\":\"pt-BR\",\"@id\":\"https:\\\/\\\/secure.gravatar.com\\\/avatar\\\/377c0eb8b4ad2bfc25461b41564b5971e721ca34a57642868fc7b0c8ac7b52c5?s=96&d=mm&r=g\",\"url\":\"https:\\\/\\\/secure.gravatar.com\\\/avatar\\\/377c0eb8b4ad2bfc25461b41564b5971e721ca34a57642868fc7b0c8ac7b52c5?s=96&d=mm&r=g\",\"contentUrl\":\"https:\\\/\\\/secure.gravatar.com\\\/avatar\\\/377c0eb8b4ad2bfc25461b41564b5971e721ca34a57642868fc7b0c8ac7b52c5?s=96&d=mm&r=g\",\"caption\":\"Blog da Condessa\"},\"url\":\"https:\\\/\\\/blogdacondessa.com.br\\\/blog\\\/author\\\/beatriz\\\/\"}]}<\/script>\n<!-- \/ Yoast SEO plugin. -->","yoast_head_json":{"title":"Governo de MT reabre Casa Tur no Centro Hist\u00f3rico de Cuiab\u00e1 para fortalecer o turismo &#8902; Blog da Condessa","robots":{"index":"index","follow":"follow","max-snippet":"max-snippet:-1","max-image-preview":"max-image-preview:large","max-video-preview":"max-video-preview:-1"},"canonical":"https:\/\/blogdacondessa.com.br\/blog\/blog-2\/governo-de-mt-reabre-casa-tur-no-centro-historico-de-cuiaba-para-fortalecer-o-turismo\/","og_locale":"pt_BR","og_type":"article","og_title":"Governo de MT reabre Casa Tur no Centro Hist\u00f3rico de Cuiab\u00e1 para fortalecer o turismo &#8902; Blog da Condessa","og_description":"Espa\u00e7o funcionar\u00e1 como Centro de Atendimento ao Turista (CAT) e ter\u00e1 exposi\u00e7\u00e3o e comercializa\u00e7\u00e3o de artesanato mato-grossense. O pr\u00e9dio da Secretaria Adjunta de Turismo, no Centro Hist\u00f3rico de Cuiab\u00e1, abrigar\u00e1 a Casa Tur, onde funcionar\u00e1 o Centro de Atendimento ao Turista (CAT), espa\u00e7o para exposi\u00e7\u00e3o e comercializa\u00e7\u00e3o de artesanato mato-grossense e atendimento do Cadastur para [&hellip;]","og_url":"https:\/\/blogdacondessa.com.br\/blog\/blog-2\/governo-de-mt-reabre-casa-tur-no-centro-historico-de-cuiaba-para-fortalecer-o-turismo\/","og_site_name":"Blog da Condessa","article_published_time":"2023-12-20T09:00:41+00:00","og_image":[{"width":2560,"height":1440,"url":"https:\/\/blogdacondessa.com.br\/blog\/wp-content\/uploads\/2023\/12\/CASA-TUR-scaled.jpg","type":"image\/jpeg"}],"author":"Blog da Condessa","twitter_card":"summary_large_image","twitter_misc":{"Escrito por":"Blog da Condessa","Est. tempo de leitura":"3 minutos"},"schema":{"@context":"https:\/\/schema.org","@graph":[{"@type":"Article","@id":"https:\/\/blogdacondessa.com.br\/blog\/blog-2\/governo-de-mt-reabre-casa-tur-no-centro-historico-de-cuiaba-para-fortalecer-o-turismo\/#article","isPartOf":{"@id":"https:\/\/blogdacondessa.com.br\/blog\/blog-2\/governo-de-mt-reabre-casa-tur-no-centro-historico-de-cuiaba-para-fortalecer-o-turismo\/"},"author":{"name":"Blog da Condessa","@id":"https:\/\/blogdacondessa.com.br\/blog\/#\/schema\/person\/1d667ff8b785195b568677489d266035"},"headline":"Governo de MT reabre Casa Tur no Centro Hist\u00f3rico de Cuiab\u00e1 para fortalecer o turismo","datePublished":"2023-12-20T09:00:41+00:00","mainEntityOfPage":{"@id":"https:\/\/blogdacondessa.com.br\/blog\/blog-2\/governo-de-mt-reabre-casa-tur-no-centro-historico-de-cuiaba-para-fortalecer-o-turismo\/"},"wordCount":385,"image":{"@id":"https:\/\/blogdacondessa.com.br\/blog\/blog-2\/governo-de-mt-reabre-casa-tur-no-centro-historico-de-cuiaba-para-fortalecer-o-turismo\/#primaryimage"},"thumbnailUrl":"https:\/\/blogdacondessa.com.br\/blog\/wp-content\/uploads\/2023\/12\/CASA-TUR-scaled.jpg","articleSection":["Turismo"],"inLanguage":"pt-BR"},{"@type":"WebPage","@id":"https:\/\/blogdacondessa.com.br\/blog\/blog-2\/governo-de-mt-reabre-casa-tur-no-centro-historico-de-cuiaba-para-fortalecer-o-turismo\/","url":"https:\/\/blogdacondessa.com.br\/blog\/blog-2\/governo-de-mt-reabre-casa-tur-no-centro-historico-de-cuiaba-para-fortalecer-o-turismo\/","name":"Governo de MT reabre Casa Tur no Centro Hist\u00f3rico de Cuiab\u00e1 para fortalecer o turismo &#8902; Blog da Condessa","isPartOf":{"@id":"https:\/\/blogdacondessa.com.br\/blog\/#website"},"primaryImageOfPage":{"@id":"https:\/\/blogdacondessa.com.br\/blog\/blog-2\/governo-de-mt-reabre-casa-tur-no-centro-historico-de-cuiaba-para-fortalecer-o-turismo\/#primaryimage"},"image":{"@id":"https:\/\/blogdacondessa.com.br\/blog\/blog-2\/governo-de-mt-reabre-casa-tur-no-centro-historico-de-cuiaba-para-fortalecer-o-turismo\/#primaryimage"},"thumbnailUrl":"https:\/\/blogdacondessa.com.br\/blog\/wp-content\/uploads\/2023\/12\/CASA-TUR-scaled.jpg","datePublished":"2023-12-20T09:00:41+00:00","author":{"@id":"https:\/\/blogdacondessa.com.br\/blog\/#\/schema\/person\/1d667ff8b785195b568677489d266035"},"breadcrumb":{"@id":"https:\/\/blogdacondessa.com.br\/blog\/blog-2\/governo-de-mt-reabre-casa-tur-no-centro-historico-de-cuiaba-para-fortalecer-o-turismo\/#breadcrumb"},"inLanguage":"pt-BR","potentialAction":[{"@type":"ReadAction","target":["https:\/\/blogdacondessa.com.br\/blog\/blog-2\/governo-de-mt-reabre-casa-tur-no-centro-historico-de-cuiaba-para-fortalecer-o-turismo\/"]}]},{"@type":"ImageObject","inLanguage":"pt-BR","@id":"https:\/\/blogdacondessa.com.br\/blog\/blog-2\/governo-de-mt-reabre-casa-tur-no-centro-historico-de-cuiaba-para-fortalecer-o-turismo\/#primaryimage","url":"https:\/\/blogdacondessa.com.br\/blog\/wp-content\/uploads\/2023\/12\/CASA-TUR-scaled.jpg","contentUrl":"https:\/\/blogdacondessa.com.br\/blog\/wp-content\/uploads\/2023\/12\/CASA-TUR-scaled.jpg","width":2560,"height":1440,"caption":"Foto por: Taiguara Luciano\/Sedec"},{"@type":"BreadcrumbList","@id":"https:\/\/blogdacondessa.com.br\/blog\/blog-2\/governo-de-mt-reabre-casa-tur-no-centro-historico-de-cuiaba-para-fortalecer-o-turismo\/#breadcrumb","itemListElement":[{"@type":"ListItem","position":1,"name":"In\u00edcio","item":"https:\/\/blogdacondessa.com.br\/blog\/"},{"@type":"ListItem","position":2,"name":"Governo de MT reabre Casa Tur no Centro Hist\u00f3rico de Cuiab\u00e1 para fortalecer o turismo"}]},{"@type":"WebSite","@id":"https:\/\/blogdacondessa.com.br\/blog\/#website","url":"https:\/\/blogdacondessa.com.br\/blog\/","name":"Blog da Condessa","description":"Com Shirley de Souza O\u2019Campos","potentialAction":[{"@type":"SearchAction","target":{"@type":"EntryPoint","urlTemplate":"https:\/\/blogdacondessa.com.br\/blog\/?s={search_term_string}"},"query-input":{"@type":"PropertyValueSpecification","valueRequired":true,"valueName":"search_term_string"}}],"inLanguage":"pt-BR"},{"@type":"Person","@id":"https:\/\/blogdacondessa.com.br\/blog\/#\/schema\/person\/1d667ff8b785195b568677489d266035","name":"Blog da Condessa","image":{"@type":"ImageObject","inLanguage":"pt-BR","@id":"https:\/\/secure.gravatar.com\/avatar\/377c0eb8b4ad2bfc25461b41564b5971e721ca34a57642868fc7b0c8ac7b52c5?s=96&d=mm&r=g","url":"https:\/\/secure.gravatar.com\/avatar\/377c0eb8b4ad2bfc25461b41564b5971e721ca34a57642868fc7b0c8ac7b52c5?s=96&d=mm&r=g","contentUrl":"https:\/\/secure.gravatar.com\/avatar\/377c0eb8b4ad2bfc25461b41564b5971e721ca34a57642868fc7b0c8ac7b52c5?s=96&d=mm&r=g","caption":"Blog da Condessa"},"url":"https:\/\/blogdacondessa.com.br\/blog\/author\/beatriz\/"}]}},"_links":{"self":[{"href":"https:\/\/blogdacondessa.com.br\/blog\/wp-json\/wp\/v2\/posts\/8769","targetHints":{"allow":["GET"]}}],"collection":[{"href":"https:\/\/blogdacondessa.com.br\/blog\/wp-json\/wp\/v2\/posts"}],"about":[{"href":"https:\/\/blogdacondessa.com.br\/blog\/wp-json\/wp\/v2\/types\/post"}],"author":[{"embeddable":true,"href":"https:\/\/blogdacondessa.com.br\/blog\/wp-json\/wp\/v2\/users\/2"}],"replies":[{"embeddable":true,"href":"https:\/\/blogdacondessa.com.br\/blog\/wp-json\/wp\/v2\/comments?post=8769"}],"version-history":[{"count":0,"href":"https:\/\/blogdacondessa.com.br\/blog\/wp-json\/wp\/v2\/posts\/8769\/revisions"}],"wp:featuredmedia":[{"embeddable":true,"href":"https:\/\/blogdacondessa.com.br\/blog\/wp-json\/wp\/v2\/media\/8770"}],"wp:attachment":[{"href":"https:\/\/blogdacondessa.com.br\/blog\/wp-json\/wp\/v2\/media?parent=8769"}],"wp:term":[{"taxonomy":"category","embeddable":true,"href":"https:\/\/blogdacondessa.com.br\/blog\/wp-json\/wp\/v2\/categories?post=8769"},{"taxonomy":"post_tag","embeddable":true,"href":"https:\/\/blogdacondessa.com.br\/blog\/wp-json\/wp\/v2\/tags?post=8769"}],"curies":[{"name":"wp","href":"https:\/\/api.w.org\/{rel}","templated":true}]}}