{"id":8730,"date":"2023-12-14T05:00:07","date_gmt":"2023-12-14T09:00:07","guid":{"rendered":"http:\/\/blogdacondessa.com.br\/?p=8730"},"modified":"2023-12-13T18:42:48","modified_gmt":"2023-12-13T22:42:48","slug":"mais-de-450-mil-consumidores-concorrem-a-premios-do-nota-mt","status":"publish","type":"post","link":"https:\/\/blogdacondessa.com.br\/blog\/economia\/mais-de-450-mil-consumidores-concorrem-a-premios-do-nota-mt\/","title":{"rendered":"Mais de 450 mil consumidores concorrem a pr\u00eamios do Nota MT"},"content":{"rendered":"<p>A Secretaria de Fazenda de Mato Grosso (Sefaz MT) realiza, nesta quinta-feira (14.12), o \u00faltimo sorteio do programa Nota MT deste ano &#8211; o Mensal Novembro 2023. Concorrem \u00e0s premia\u00e7\u00f5es 453.805 consumidores cadastrados no programa e que pediram CPF na nota durante o m\u00eas de novembro. Ser\u00e3o 1.010 pr\u00eamios sorteados que, juntos, somam R$ 900 mil.<\/p>\n<p>Al\u00e9m dos dois pr\u00eamios principais de R$ 100 mil, o Nota MT sorteia tr\u00eas pr\u00eamios de R$ 50 mil,\u00a0cinco pr\u00eamios de R$ 10 mil e\u00a0mil pr\u00eamios de R$ 500.<\/p>\n<p>O sorteio ser\u00e1 realizado na sede da Sefaz MT, a partir das 9 horas. A lista dos ganhadores ser\u00e1 divulgada ao vivo pelas redes sociais da secretaria e do Governo de Mato Grosso. O resultado tamb\u00e9m fica dispon\u00edvel no site e aplicativo do Nota MT.<\/p>\n<p>Foram gerados para este sorteio um total de 3.125.602 bilhetes, a partir de compras realizadas no per\u00edodo de 1\u00ba a 30 de novembro. Os documentos fiscais que geram bilhetes para os sorteios s\u00e3o a nota fiscal eletr\u00f4nica (NF-e), a nota fiscal de consumidor eletr\u00f4nica (NFC-e) e o bilhete de passagem eletr\u00f4nico (BP-e), emitido no transporte intermunicipal e interestadual de passageiros.<\/p>\n<p>O volume de bilhetes gerados representa um aumento de 38,84% em rela\u00e7\u00e3o ao mesmo per\u00edodo de 2022. Dentre os tipos de documentos fiscais, o BP-e se destaca com um crescimento de 55%, frente aos 11.262 gerados em novembro do ano passado. O incremento se justifica pelo per\u00edodo de final de ano e maior procura por viagens.<\/p>\n<p>Os bilhetes eletr\u00f4nicos que concorrem ao sorteio podem ser consultados no site ou app do Nota MT. Para isso \u00e9 necess\u00e1rio estar logado \u00e0 conta e selecionar a op\u00e7\u00e3o \u2018Sorteios \u2013 Meus Bilhetes\u2019 no menu, depois a op\u00e7\u00e3o \u2018Mensal Novembro 2023\u2019. \u00c9 poss\u00edvel ainda, verificar os bilhetes gerados para pr\u00f3ximo sorteio, ou de anteriores no mesmo menu.<\/p>\n<p><strong>Como participar<br \/>\n<\/strong><br \/>\nPara concorrer aos pr\u00eamios mensais do Nota MT \u00e9 preciso ser cadastrado no programa que pode ser feito por meio do site ou do aplicativo e atender as condi\u00e7\u00f5es necess\u00e1rias para receber o pr\u00eamio, como ser inscrito no Cadastro de Pessoas F\u00edsicas da Receita Federal e possuir conta banc\u00e1ria ou poupan\u00e7a de titularidade pr\u00f3pria.<\/p>\n<p>Ap\u00f3s inscri\u00e7\u00e3o \u00e9 necess\u00e1rio solicitar que seja inserido o CPF na nota fiscal em compras feitas nos estabelecimentos comerciais de Mato Grosso. S\u00e3o v\u00e1lidos a NF-e, NFC-e e o bilhete de passagem eletr\u00f4nico (BP-e).<\/p>\n<p>Atualmente j\u00e1 s\u00e3o 601.494 usu\u00e1rios cadastrados no programa que j\u00e1 distribuiu R$ 28.935 milh\u00f5es.<\/p>\n<p>O usu\u00e1rio pode consultar todas as informa\u00e7\u00f5es relativas ao Nota MT, como sorteios, premiados e os benef\u00edcios do programa pelo site www.nota.mt.gov.br ou aplicativo.<\/p>\n<p>&nbsp;<\/p>\n","protected":false},"excerpt":{"rendered":"<p>A Secretaria de Fazenda de Mato Grosso (Sefaz MT) realiza, nesta quinta-feira (14.12), o \u00faltimo sorteio do programa Nota MT deste ano &#8211; o Mensal Novembro 2023. Concorrem \u00e0s premia\u00e7\u00f5es 453.805 consumidores cadastrados no programa e que pediram CPF na nota durante o m\u00eas de novembro. Ser\u00e3o 1.010 pr\u00eamios sorteados que, juntos, somam R$ 900 [&hellip;]<\/p>\n","protected":false},"author":2,"featured_media":8731,"comment_status":"closed","ping_status":"closed","sticky":false,"template":"","format":"standard","meta":{"iawp_total_views":0,"footnotes":""},"categories":[9],"tags":[],"class_list":["post-8730","post","type-post","status-publish","format-standard","has-post-thumbnail","hentry","category-economia"],"yoast_head":"<!-- This site is optimized with the Yoast SEO plugin v27.3 - https:\/\/yoast.com\/product\/yoast-seo-wordpress\/ -->\n<title>Mais de 450 mil consumidores concorrem a pr\u00eamios do Nota MT &#8902; Blog da Condessa<\/title>\n<meta name=\"robots\" content=\"index, follow, max-snippet:-1, max-image-preview:large, max-video-preview:-1\" \/>\n<link rel=\"canonical\" href=\"https:\/\/blogdacondessa.com.br\/blog\/economia\/mais-de-450-mil-consumidores-concorrem-a-premios-do-nota-mt\/\" \/>\n<meta property=\"og:locale\" content=\"pt_BR\" \/>\n<meta property=\"og:type\" content=\"article\" \/>\n<meta property=\"og:title\" content=\"Mais de 450 mil consumidores concorrem a pr\u00eamios do Nota MT &#8902; Blog da Condessa\" \/>\n<meta property=\"og:description\" content=\"A Secretaria de Fazenda de Mato Grosso (Sefaz MT) realiza, nesta quinta-feira (14.12), o \u00faltimo sorteio do programa Nota MT deste ano &#8211; o Mensal Novembro 2023. Concorrem \u00e0s premia\u00e7\u00f5es 453.805 consumidores cadastrados no programa e que pediram CPF na nota durante o m\u00eas de novembro. Ser\u00e3o 1.010 pr\u00eamios sorteados que, juntos, somam R$ 900 [&hellip;]\" \/>\n<meta property=\"og:url\" content=\"https:\/\/blogdacondessa.com.br\/blog\/economia\/mais-de-450-mil-consumidores-concorrem-a-premios-do-nota-mt\/\" \/>\n<meta property=\"og:site_name\" content=\"Blog da Condessa\" \/>\n<meta property=\"article:published_time\" content=\"2023-12-14T09:00:07+00:00\" \/>\n<meta property=\"og:image\" content=\"https:\/\/blogdacondessa.com.br\/blog\/wp-content\/uploads\/2023\/12\/nota-MT-scaled.jpg\" \/>\n\t<meta property=\"og:image:width\" content=\"2560\" \/>\n\t<meta property=\"og:image:height\" content=\"1711\" \/>\n\t<meta property=\"og:image:type\" content=\"image\/jpeg\" \/>\n<meta name=\"author\" content=\"Blog da Condessa\" \/>\n<meta name=\"twitter:card\" content=\"summary_large_image\" \/>\n<meta name=\"twitter:label1\" content=\"Escrito por\" \/>\n\t<meta name=\"twitter:data1\" content=\"Blog da Condessa\" \/>\n\t<meta name=\"twitter:label2\" content=\"Est. tempo de leitura\" \/>\n\t<meta name=\"twitter:data2\" content=\"3 minutos\" \/>\n<script type=\"application\/ld+json\" class=\"yoast-schema-graph\">{\"@context\":\"https:\\\/\\\/schema.org\",\"@graph\":[{\"@type\":\"Article\",\"@id\":\"https:\\\/\\\/blogdacondessa.com.br\\\/blog\\\/economia\\\/mais-de-450-mil-consumidores-concorrem-a-premios-do-nota-mt\\\/#article\",\"isPartOf\":{\"@id\":\"https:\\\/\\\/blogdacondessa.com.br\\\/blog\\\/economia\\\/mais-de-450-mil-consumidores-concorrem-a-premios-do-nota-mt\\\/\"},\"author\":{\"name\":\"Blog da Condessa\",\"@id\":\"https:\\\/\\\/blogdacondessa.com.br\\\/blog\\\/#\\\/schema\\\/person\\\/1d667ff8b785195b568677489d266035\"},\"headline\":\"Mais de 450 mil consumidores concorrem a pr\u00eamios do Nota MT\",\"datePublished\":\"2023-12-14T09:00:07+00:00\",\"mainEntityOfPage\":{\"@id\":\"https:\\\/\\\/blogdacondessa.com.br\\\/blog\\\/economia\\\/mais-de-450-mil-consumidores-concorrem-a-premios-do-nota-mt\\\/\"},\"wordCount\":469,\"image\":{\"@id\":\"https:\\\/\\\/blogdacondessa.com.br\\\/blog\\\/economia\\\/mais-de-450-mil-consumidores-concorrem-a-premios-do-nota-mt\\\/#primaryimage\"},\"thumbnailUrl\":\"https:\\\/\\\/blogdacondessa.com.br\\\/blog\\\/wp-content\\\/uploads\\\/2023\\\/12\\\/nota-MT-scaled.jpg\",\"articleSection\":[\"Economia\"],\"inLanguage\":\"pt-BR\"},{\"@type\":\"WebPage\",\"@id\":\"https:\\\/\\\/blogdacondessa.com.br\\\/blog\\\/economia\\\/mais-de-450-mil-consumidores-concorrem-a-premios-do-nota-mt\\\/\",\"url\":\"https:\\\/\\\/blogdacondessa.com.br\\\/blog\\\/economia\\\/mais-de-450-mil-consumidores-concorrem-a-premios-do-nota-mt\\\/\",\"name\":\"Mais de 450 mil consumidores concorrem a pr\u00eamios do Nota MT &#8902; Blog da Condessa\",\"isPartOf\":{\"@id\":\"https:\\\/\\\/blogdacondessa.com.br\\\/blog\\\/#website\"},\"primaryImageOfPage\":{\"@id\":\"https:\\\/\\\/blogdacondessa.com.br\\\/blog\\\/economia\\\/mais-de-450-mil-consumidores-concorrem-a-premios-do-nota-mt\\\/#primaryimage\"},\"image\":{\"@id\":\"https:\\\/\\\/blogdacondessa.com.br\\\/blog\\\/economia\\\/mais-de-450-mil-consumidores-concorrem-a-premios-do-nota-mt\\\/#primaryimage\"},\"thumbnailUrl\":\"https:\\\/\\\/blogdacondessa.com.br\\\/blog\\\/wp-content\\\/uploads\\\/2023\\\/12\\\/nota-MT-scaled.jpg\",\"datePublished\":\"2023-12-14T09:00:07+00:00\",\"author\":{\"@id\":\"https:\\\/\\\/blogdacondessa.com.br\\\/blog\\\/#\\\/schema\\\/person\\\/1d667ff8b785195b568677489d266035\"},\"breadcrumb\":{\"@id\":\"https:\\\/\\\/blogdacondessa.com.br\\\/blog\\\/economia\\\/mais-de-450-mil-consumidores-concorrem-a-premios-do-nota-mt\\\/#breadcrumb\"},\"inLanguage\":\"pt-BR\",\"potentialAction\":[{\"@type\":\"ReadAction\",\"target\":[\"https:\\\/\\\/blogdacondessa.com.br\\\/blog\\\/economia\\\/mais-de-450-mil-consumidores-concorrem-a-premios-do-nota-mt\\\/\"]}]},{\"@type\":\"ImageObject\",\"inLanguage\":\"pt-BR\",\"@id\":\"https:\\\/\\\/blogdacondessa.com.br\\\/blog\\\/economia\\\/mais-de-450-mil-consumidores-concorrem-a-premios-do-nota-mt\\\/#primaryimage\",\"url\":\"https:\\\/\\\/blogdacondessa.com.br\\\/blog\\\/wp-content\\\/uploads\\\/2023\\\/12\\\/nota-MT-scaled.jpg\",\"contentUrl\":\"https:\\\/\\\/blogdacondessa.com.br\\\/blog\\\/wp-content\\\/uploads\\\/2023\\\/12\\\/nota-MT-scaled.jpg\",\"width\":2560,\"height\":1711,\"caption\":\"Foto por: Secom-MT\"},{\"@type\":\"BreadcrumbList\",\"@id\":\"https:\\\/\\\/blogdacondessa.com.br\\\/blog\\\/economia\\\/mais-de-450-mil-consumidores-concorrem-a-premios-do-nota-mt\\\/#breadcrumb\",\"itemListElement\":[{\"@type\":\"ListItem\",\"position\":1,\"name\":\"In\u00edcio\",\"item\":\"https:\\\/\\\/blogdacondessa.com.br\\\/blog\\\/\"},{\"@type\":\"ListItem\",\"position\":2,\"name\":\"Mais de 450 mil consumidores concorrem a pr\u00eamios do Nota MT\"}]},{\"@type\":\"WebSite\",\"@id\":\"https:\\\/\\\/blogdacondessa.com.br\\\/blog\\\/#website\",\"url\":\"https:\\\/\\\/blogdacondessa.com.br\\\/blog\\\/\",\"name\":\"Blog da Condessa\",\"description\":\"Com Shirley de Souza O\u2019Campos\",\"potentialAction\":[{\"@type\":\"SearchAction\",\"target\":{\"@type\":\"EntryPoint\",\"urlTemplate\":\"https:\\\/\\\/blogdacondessa.com.br\\\/blog\\\/?s={search_term_string}\"},\"query-input\":{\"@type\":\"PropertyValueSpecification\",\"valueRequired\":true,\"valueName\":\"search_term_string\"}}],\"inLanguage\":\"pt-BR\"},{\"@type\":\"Person\",\"@id\":\"https:\\\/\\\/blogdacondessa.com.br\\\/blog\\\/#\\\/schema\\\/person\\\/1d667ff8b785195b568677489d266035\",\"name\":\"Blog da Condessa\",\"image\":{\"@type\":\"ImageObject\",\"inLanguage\":\"pt-BR\",\"@id\":\"https:\\\/\\\/secure.gravatar.com\\\/avatar\\\/377c0eb8b4ad2bfc25461b41564b5971e721ca34a57642868fc7b0c8ac7b52c5?s=96&d=mm&r=g\",\"url\":\"https:\\\/\\\/secure.gravatar.com\\\/avatar\\\/377c0eb8b4ad2bfc25461b41564b5971e721ca34a57642868fc7b0c8ac7b52c5?s=96&d=mm&r=g\",\"contentUrl\":\"https:\\\/\\\/secure.gravatar.com\\\/avatar\\\/377c0eb8b4ad2bfc25461b41564b5971e721ca34a57642868fc7b0c8ac7b52c5?s=96&d=mm&r=g\",\"caption\":\"Blog da Condessa\"},\"url\":\"https:\\\/\\\/blogdacondessa.com.br\\\/blog\\\/author\\\/beatriz\\\/\"}]}<\/script>\n<!-- \/ Yoast SEO plugin. -->","yoast_head_json":{"title":"Mais de 450 mil consumidores concorrem a pr\u00eamios do Nota MT &#8902; Blog da Condessa","robots":{"index":"index","follow":"follow","max-snippet":"max-snippet:-1","max-image-preview":"max-image-preview:large","max-video-preview":"max-video-preview:-1"},"canonical":"https:\/\/blogdacondessa.com.br\/blog\/economia\/mais-de-450-mil-consumidores-concorrem-a-premios-do-nota-mt\/","og_locale":"pt_BR","og_type":"article","og_title":"Mais de 450 mil consumidores concorrem a pr\u00eamios do Nota MT &#8902; Blog da Condessa","og_description":"A Secretaria de Fazenda de Mato Grosso (Sefaz MT) realiza, nesta quinta-feira (14.12), o \u00faltimo sorteio do programa Nota MT deste ano &#8211; o Mensal Novembro 2023. Concorrem \u00e0s premia\u00e7\u00f5es 453.805 consumidores cadastrados no programa e que pediram CPF na nota durante o m\u00eas de novembro. Ser\u00e3o 1.010 pr\u00eamios sorteados que, juntos, somam R$ 900 [&hellip;]","og_url":"https:\/\/blogdacondessa.com.br\/blog\/economia\/mais-de-450-mil-consumidores-concorrem-a-premios-do-nota-mt\/","og_site_name":"Blog da Condessa","article_published_time":"2023-12-14T09:00:07+00:00","og_image":[{"width":2560,"height":1711,"url":"https:\/\/blogdacondessa.com.br\/blog\/wp-content\/uploads\/2023\/12\/nota-MT-scaled.jpg","type":"image\/jpeg"}],"author":"Blog da Condessa","twitter_card":"summary_large_image","twitter_misc":{"Escrito por":"Blog da Condessa","Est. tempo de leitura":"3 minutos"},"schema":{"@context":"https:\/\/schema.org","@graph":[{"@type":"Article","@id":"https:\/\/blogdacondessa.com.br\/blog\/economia\/mais-de-450-mil-consumidores-concorrem-a-premios-do-nota-mt\/#article","isPartOf":{"@id":"https:\/\/blogdacondessa.com.br\/blog\/economia\/mais-de-450-mil-consumidores-concorrem-a-premios-do-nota-mt\/"},"author":{"name":"Blog da Condessa","@id":"https:\/\/blogdacondessa.com.br\/blog\/#\/schema\/person\/1d667ff8b785195b568677489d266035"},"headline":"Mais de 450 mil consumidores concorrem a pr\u00eamios do Nota MT","datePublished":"2023-12-14T09:00:07+00:00","mainEntityOfPage":{"@id":"https:\/\/blogdacondessa.com.br\/blog\/economia\/mais-de-450-mil-consumidores-concorrem-a-premios-do-nota-mt\/"},"wordCount":469,"image":{"@id":"https:\/\/blogdacondessa.com.br\/blog\/economia\/mais-de-450-mil-consumidores-concorrem-a-premios-do-nota-mt\/#primaryimage"},"thumbnailUrl":"https:\/\/blogdacondessa.com.br\/blog\/wp-content\/uploads\/2023\/12\/nota-MT-scaled.jpg","articleSection":["Economia"],"inLanguage":"pt-BR"},{"@type":"WebPage","@id":"https:\/\/blogdacondessa.com.br\/blog\/economia\/mais-de-450-mil-consumidores-concorrem-a-premios-do-nota-mt\/","url":"https:\/\/blogdacondessa.com.br\/blog\/economia\/mais-de-450-mil-consumidores-concorrem-a-premios-do-nota-mt\/","name":"Mais de 450 mil consumidores concorrem a pr\u00eamios do Nota MT &#8902; Blog da Condessa","isPartOf":{"@id":"https:\/\/blogdacondessa.com.br\/blog\/#website"},"primaryImageOfPage":{"@id":"https:\/\/blogdacondessa.com.br\/blog\/economia\/mais-de-450-mil-consumidores-concorrem-a-premios-do-nota-mt\/#primaryimage"},"image":{"@id":"https:\/\/blogdacondessa.com.br\/blog\/economia\/mais-de-450-mil-consumidores-concorrem-a-premios-do-nota-mt\/#primaryimage"},"thumbnailUrl":"https:\/\/blogdacondessa.com.br\/blog\/wp-content\/uploads\/2023\/12\/nota-MT-scaled.jpg","datePublished":"2023-12-14T09:00:07+00:00","author":{"@id":"https:\/\/blogdacondessa.com.br\/blog\/#\/schema\/person\/1d667ff8b785195b568677489d266035"},"breadcrumb":{"@id":"https:\/\/blogdacondessa.com.br\/blog\/economia\/mais-de-450-mil-consumidores-concorrem-a-premios-do-nota-mt\/#breadcrumb"},"inLanguage":"pt-BR","potentialAction":[{"@type":"ReadAction","target":["https:\/\/blogdacondessa.com.br\/blog\/economia\/mais-de-450-mil-consumidores-concorrem-a-premios-do-nota-mt\/"]}]},{"@type":"ImageObject","inLanguage":"pt-BR","@id":"https:\/\/blogdacondessa.com.br\/blog\/economia\/mais-de-450-mil-consumidores-concorrem-a-premios-do-nota-mt\/#primaryimage","url":"https:\/\/blogdacondessa.com.br\/blog\/wp-content\/uploads\/2023\/12\/nota-MT-scaled.jpg","contentUrl":"https:\/\/blogdacondessa.com.br\/blog\/wp-content\/uploads\/2023\/12\/nota-MT-scaled.jpg","width":2560,"height":1711,"caption":"Foto por: Secom-MT"},{"@type":"BreadcrumbList","@id":"https:\/\/blogdacondessa.com.br\/blog\/economia\/mais-de-450-mil-consumidores-concorrem-a-premios-do-nota-mt\/#breadcrumb","itemListElement":[{"@type":"ListItem","position":1,"name":"In\u00edcio","item":"https:\/\/blogdacondessa.com.br\/blog\/"},{"@type":"ListItem","position":2,"name":"Mais de 450 mil consumidores concorrem a pr\u00eamios do Nota MT"}]},{"@type":"WebSite","@id":"https:\/\/blogdacondessa.com.br\/blog\/#website","url":"https:\/\/blogdacondessa.com.br\/blog\/","name":"Blog da Condessa","description":"Com Shirley de Souza O\u2019Campos","potentialAction":[{"@type":"SearchAction","target":{"@type":"EntryPoint","urlTemplate":"https:\/\/blogdacondessa.com.br\/blog\/?s={search_term_string}"},"query-input":{"@type":"PropertyValueSpecification","valueRequired":true,"valueName":"search_term_string"}}],"inLanguage":"pt-BR"},{"@type":"Person","@id":"https:\/\/blogdacondessa.com.br\/blog\/#\/schema\/person\/1d667ff8b785195b568677489d266035","name":"Blog da Condessa","image":{"@type":"ImageObject","inLanguage":"pt-BR","@id":"https:\/\/secure.gravatar.com\/avatar\/377c0eb8b4ad2bfc25461b41564b5971e721ca34a57642868fc7b0c8ac7b52c5?s=96&d=mm&r=g","url":"https:\/\/secure.gravatar.com\/avatar\/377c0eb8b4ad2bfc25461b41564b5971e721ca34a57642868fc7b0c8ac7b52c5?s=96&d=mm&r=g","contentUrl":"https:\/\/secure.gravatar.com\/avatar\/377c0eb8b4ad2bfc25461b41564b5971e721ca34a57642868fc7b0c8ac7b52c5?s=96&d=mm&r=g","caption":"Blog da Condessa"},"url":"https:\/\/blogdacondessa.com.br\/blog\/author\/beatriz\/"}]}},"_links":{"self":[{"href":"https:\/\/blogdacondessa.com.br\/blog\/wp-json\/wp\/v2\/posts\/8730","targetHints":{"allow":["GET"]}}],"collection":[{"href":"https:\/\/blogdacondessa.com.br\/blog\/wp-json\/wp\/v2\/posts"}],"about":[{"href":"https:\/\/blogdacondessa.com.br\/blog\/wp-json\/wp\/v2\/types\/post"}],"author":[{"embeddable":true,"href":"https:\/\/blogdacondessa.com.br\/blog\/wp-json\/wp\/v2\/users\/2"}],"replies":[{"embeddable":true,"href":"https:\/\/blogdacondessa.com.br\/blog\/wp-json\/wp\/v2\/comments?post=8730"}],"version-history":[{"count":0,"href":"https:\/\/blogdacondessa.com.br\/blog\/wp-json\/wp\/v2\/posts\/8730\/revisions"}],"wp:featuredmedia":[{"embeddable":true,"href":"https:\/\/blogdacondessa.com.br\/blog\/wp-json\/wp\/v2\/media\/8731"}],"wp:attachment":[{"href":"https:\/\/blogdacondessa.com.br\/blog\/wp-json\/wp\/v2\/media?parent=8730"}],"wp:term":[{"taxonomy":"category","embeddable":true,"href":"https:\/\/blogdacondessa.com.br\/blog\/wp-json\/wp\/v2\/categories?post=8730"},{"taxonomy":"post_tag","embeddable":true,"href":"https:\/\/blogdacondessa.com.br\/blog\/wp-json\/wp\/v2\/tags?post=8730"}],"curies":[{"name":"wp","href":"https:\/\/api.w.org\/{rel}","templated":true}]}}