{"id":8726,"date":"2023-12-14T05:00:07","date_gmt":"2023-12-14T09:00:07","guid":{"rendered":"http:\/\/blogdacondessa.com.br\/?p=8726"},"modified":"2023-12-13T18:03:25","modified_gmt":"2023-12-13T22:03:25","slug":"qualidade-de-vida-e-saude-de-idosos-do-abrigo-bom-jesus-vira-projeto-de-pesquisa","status":"publish","type":"post","link":"https:\/\/blogdacondessa.com.br\/blog\/cotidiano\/qualidade-de-vida-e-saude-de-idosos-do-abrigo-bom-jesus-vira-projeto-de-pesquisa\/","title":{"rendered":"Qualidade de vida e sa\u00fade de idosos do Abrigo Bom Jesus vira projeto de pesquisa"},"content":{"rendered":"<p>Estudo ir\u00e1 proporcionar in\u00fameras contribui\u00e7\u00f5es.<\/p>\n<p>A qualidade de vida e a sa\u00fade dos oitenta idosos acolhidos no Abrigo do Bom Jesus, em Cuiab\u00e1 ser\u00e1 objeto de pesquisa do curso de Enfermagem da Universidade Federal de Mato Grosso (FAEN\/UFMT), Campus Cuiab\u00e1. Projeto tem dura\u00e7\u00e3o de quatro anos e a coleta de dados foi iniciada em 2023, por meio de entrevistas com os profissionais da enfermagem e cuidadores do Abrigo que, hoje, somam mais de 30 profissionais.<\/p>\n<p>Segundo a coordenadora da pesquisa, professora e doutora Carla Rafaela Teixeira Cunha, o Abrigo do Bom Jesus ser\u00e1 um excelente campo de investiga\u00e7\u00e3o. \u201cA proposta \u00e9 conhecer e analisar as condi\u00e7\u00f5es de vida e sa\u00fade dos idosos com decl\u00ednio cognitivo que vivem na institui\u00e7\u00e3o, estendendo a pesquisa para investigar o contexto de trabalho dos seus cuidadores\u201d, adiantou ela.<\/p>\n<p>A inser\u00e7\u00e3o em campo de pesquisa foi oportunizada por meio das necessidades do pr\u00f3prio local, a maior Institui\u00e7\u00e3o de Longa Perman\u00eancia para Pessoa Idosa (ILPI ), em Mato Grosso. Gra\u00e7as ao\u00a0 conv\u00eanio firmado em 2022 entre a Funda\u00e7\u00e3o Abrigo do Bom Jesus e a Reitoria da UFMT, que foi ampliado recentemente pelo reitor Professor Evandro Aparecido Soares da Silva, estendendo para outras \u00e1reas al\u00e9m da sa\u00fade, a exemplo dos cursos de Direito e Administra\u00e7\u00e3o de Empresas.<\/p>\n<p>Para os gestores da Funda\u00e7\u00e3o Abrigo do Bom Jesus, s\u00e3o in\u00fameras as contribui\u00e7\u00f5es que a pesquisa ir\u00e1 proporcionar. \u201cPor meio da investiga\u00e7\u00e3o que estar\u00e1 focada nos nossos mais de 80 idosos acolhidos, ser\u00e1 poss\u00edvel identificar as necessidades e tra\u00e7ar planos de trabalho mais efetivos. Os dados coletados ser\u00e3o de extrema relev\u00e2ncia para a gest\u00e3o e tomada de decis\u00e3o por trazerem dados e m\u00e9tricas que ir\u00e3o auxiliar n\u00e3o somente ao Abrigo do Bom Jesus, como tamb\u00e9m os organismos que trabalham a causa do idoso, como \u00e9 o caso dos Conselhos de Defesa da Pessoa Idosa, nos \u00e2mbitos estadual e municipal\u201d, assegurou a presidente e conselheira do Abrigo, a jornalista M\u00e1rcia Ferreira.<\/p>\n<p><strong>Popula\u00e7\u00e3o Idosa<\/strong><\/p>\n<p>A cada ano, 650 mil novos idosos s\u00e3o incorporados \u00e0 popula\u00e7\u00e3o brasileira. A popula\u00e7\u00e3o envelhece de forma r\u00e1pida e intensa. E segundo expressou a presidente do Abrigo do Bom Jesus, o sistema de sa\u00fade do Brasil tradicionalmente est\u00e1 organizado para atender \u00e0 sa\u00fade materno-infantil, e n\u00e3o tem considerado o envelhecimento como uma de suas prioridades. \u201cDurante muitas d\u00e9cadas, o Abrigo n\u00e3o dispunha de um profissional m\u00e9dico em seu quadro de profissionais. Hoje, gra\u00e7as \u00e0 equipe interventora da sa\u00fade em Cuiab\u00e1, al\u00e9m do m\u00e9dico foram disponibilizadas enfermeiras e t\u00e9cnicas de enfermagem\u201d, finaliza a jornalista M\u00e1rcia Ferreira lembrando tamb\u00e9m que a sa\u00fade do idoso \u00e9 a intera\u00e7\u00e3o entre a sa\u00fade f\u00edsica, a sua sa\u00fade mental, a capacidade funcional e especialmente o acolhimento\u00a0social.<\/p>\n<p><strong>Sobre a funda\u00e7\u00e3o<\/strong><\/p>\n<p>A Funda\u00e7\u00e3o Abrigo Bom Jesus tem como objetivo proporcionar o envelhecimento saud\u00e1vel, garantindo aos idosos a efetiva\u00e7\u00e3o do direito \u00e0 vida, \u00e0 sa\u00fade, \u00e0 educa\u00e7\u00e3o, \u00e0 cultura e ao lazer. Por meio da adequa\u00e7\u00e3o de leitos, realiza\u00e7\u00e3o de oficinas de estimula\u00e7\u00e3o cognitiva e socializa\u00e7\u00e3o, da promo\u00e7\u00e3o da acessibilidade e de cuidados b\u00e1sicos essenciais com a pessoa idosa.<\/p>\n<p>&nbsp;<\/p>\n","protected":false},"excerpt":{"rendered":"<p>Estudo ir\u00e1 proporcionar in\u00fameras contribui\u00e7\u00f5es. A qualidade de vida e a sa\u00fade dos oitenta idosos acolhidos no Abrigo do Bom Jesus, em Cuiab\u00e1 ser\u00e1 objeto de pesquisa do curso de Enfermagem da Universidade Federal de Mato Grosso (FAEN\/UFMT), Campus Cuiab\u00e1. Projeto tem dura\u00e7\u00e3o de quatro anos e a coleta de dados foi iniciada em 2023, [&hellip;]<\/p>\n","protected":false},"author":2,"featured_media":8728,"comment_status":"closed","ping_status":"closed","sticky":false,"template":"","format":"standard","meta":{"iawp_total_views":2,"footnotes":""},"categories":[24],"tags":[],"class_list":["post-8726","post","type-post","status-publish","format-standard","has-post-thumbnail","hentry","category-cotidiano"],"yoast_head":"<!-- This site is optimized with the Yoast SEO plugin v27.3 - https:\/\/yoast.com\/product\/yoast-seo-wordpress\/ -->\n<title>Qualidade de vida e sa\u00fade de idosos do Abrigo Bom Jesus vira projeto de pesquisa &#8902; Blog da Condessa<\/title>\n<meta name=\"robots\" content=\"index, follow, max-snippet:-1, max-image-preview:large, max-video-preview:-1\" \/>\n<link rel=\"canonical\" href=\"https:\/\/blogdacondessa.com.br\/blog\/cotidiano\/qualidade-de-vida-e-saude-de-idosos-do-abrigo-bom-jesus-vira-projeto-de-pesquisa\/\" \/>\n<meta property=\"og:locale\" content=\"pt_BR\" \/>\n<meta property=\"og:type\" content=\"article\" \/>\n<meta property=\"og:title\" content=\"Qualidade de vida e sa\u00fade de idosos do Abrigo Bom Jesus vira projeto de pesquisa &#8902; Blog da Condessa\" \/>\n<meta property=\"og:description\" content=\"Estudo ir\u00e1 proporcionar in\u00fameras contribui\u00e7\u00f5es. A qualidade de vida e a sa\u00fade dos oitenta idosos acolhidos no Abrigo do Bom Jesus, em Cuiab\u00e1 ser\u00e1 objeto de pesquisa do curso de Enfermagem da Universidade Federal de Mato Grosso (FAEN\/UFMT), Campus Cuiab\u00e1. Projeto tem dura\u00e7\u00e3o de quatro anos e a coleta de dados foi iniciada em 2023, [&hellip;]\" \/>\n<meta property=\"og:url\" content=\"https:\/\/blogdacondessa.com.br\/blog\/cotidiano\/qualidade-de-vida-e-saude-de-idosos-do-abrigo-bom-jesus-vira-projeto-de-pesquisa\/\" \/>\n<meta property=\"og:site_name\" content=\"Blog da Condessa\" \/>\n<meta property=\"article:published_time\" content=\"2023-12-14T09:00:07+00:00\" \/>\n<meta property=\"og:image\" content=\"https:\/\/blogdacondessa.com.br\/blog\/wp-content\/uploads\/2023\/12\/abrigo-bom-jesus-1.jpg\" \/>\n\t<meta property=\"og:image:width\" content=\"768\" \/>\n\t<meta property=\"og:image:height\" content=\"1024\" \/>\n\t<meta property=\"og:image:type\" content=\"image\/jpeg\" \/>\n<meta name=\"author\" content=\"Blog da Condessa\" \/>\n<meta name=\"twitter:card\" content=\"summary_large_image\" \/>\n<meta name=\"twitter:label1\" content=\"Escrito por\" \/>\n\t<meta name=\"twitter:data1\" content=\"Blog da Condessa\" \/>\n\t<meta name=\"twitter:label2\" content=\"Est. tempo de leitura\" \/>\n\t<meta name=\"twitter:data2\" content=\"3 minutos\" \/>\n<script type=\"application\/ld+json\" class=\"yoast-schema-graph\">{\"@context\":\"https:\\\/\\\/schema.org\",\"@graph\":[{\"@type\":\"Article\",\"@id\":\"https:\\\/\\\/blogdacondessa.com.br\\\/blog\\\/cotidiano\\\/qualidade-de-vida-e-saude-de-idosos-do-abrigo-bom-jesus-vira-projeto-de-pesquisa\\\/#article\",\"isPartOf\":{\"@id\":\"https:\\\/\\\/blogdacondessa.com.br\\\/blog\\\/cotidiano\\\/qualidade-de-vida-e-saude-de-idosos-do-abrigo-bom-jesus-vira-projeto-de-pesquisa\\\/\"},\"author\":{\"name\":\"Blog da Condessa\",\"@id\":\"https:\\\/\\\/blogdacondessa.com.br\\\/blog\\\/#\\\/schema\\\/person\\\/1d667ff8b785195b568677489d266035\"},\"headline\":\"Qualidade de vida e sa\u00fade de idosos do Abrigo Bom Jesus vira projeto de pesquisa\",\"datePublished\":\"2023-12-14T09:00:07+00:00\",\"mainEntityOfPage\":{\"@id\":\"https:\\\/\\\/blogdacondessa.com.br\\\/blog\\\/cotidiano\\\/qualidade-de-vida-e-saude-de-idosos-do-abrigo-bom-jesus-vira-projeto-de-pesquisa\\\/\"},\"wordCount\":574,\"image\":{\"@id\":\"https:\\\/\\\/blogdacondessa.com.br\\\/blog\\\/cotidiano\\\/qualidade-de-vida-e-saude-de-idosos-do-abrigo-bom-jesus-vira-projeto-de-pesquisa\\\/#primaryimage\"},\"thumbnailUrl\":\"https:\\\/\\\/blogdacondessa.com.br\\\/blog\\\/wp-content\\\/uploads\\\/2023\\\/12\\\/abrigo-bom-jesus-1.jpg\",\"articleSection\":[\"Cotidiano\"],\"inLanguage\":\"pt-BR\"},{\"@type\":\"WebPage\",\"@id\":\"https:\\\/\\\/blogdacondessa.com.br\\\/blog\\\/cotidiano\\\/qualidade-de-vida-e-saude-de-idosos-do-abrigo-bom-jesus-vira-projeto-de-pesquisa\\\/\",\"url\":\"https:\\\/\\\/blogdacondessa.com.br\\\/blog\\\/cotidiano\\\/qualidade-de-vida-e-saude-de-idosos-do-abrigo-bom-jesus-vira-projeto-de-pesquisa\\\/\",\"name\":\"Qualidade de vida e sa\u00fade de idosos do Abrigo Bom Jesus vira projeto de pesquisa &#8902; Blog da Condessa\",\"isPartOf\":{\"@id\":\"https:\\\/\\\/blogdacondessa.com.br\\\/blog\\\/#website\"},\"primaryImageOfPage\":{\"@id\":\"https:\\\/\\\/blogdacondessa.com.br\\\/blog\\\/cotidiano\\\/qualidade-de-vida-e-saude-de-idosos-do-abrigo-bom-jesus-vira-projeto-de-pesquisa\\\/#primaryimage\"},\"image\":{\"@id\":\"https:\\\/\\\/blogdacondessa.com.br\\\/blog\\\/cotidiano\\\/qualidade-de-vida-e-saude-de-idosos-do-abrigo-bom-jesus-vira-projeto-de-pesquisa\\\/#primaryimage\"},\"thumbnailUrl\":\"https:\\\/\\\/blogdacondessa.com.br\\\/blog\\\/wp-content\\\/uploads\\\/2023\\\/12\\\/abrigo-bom-jesus-1.jpg\",\"datePublished\":\"2023-12-14T09:00:07+00:00\",\"author\":{\"@id\":\"https:\\\/\\\/blogdacondessa.com.br\\\/blog\\\/#\\\/schema\\\/person\\\/1d667ff8b785195b568677489d266035\"},\"breadcrumb\":{\"@id\":\"https:\\\/\\\/blogdacondessa.com.br\\\/blog\\\/cotidiano\\\/qualidade-de-vida-e-saude-de-idosos-do-abrigo-bom-jesus-vira-projeto-de-pesquisa\\\/#breadcrumb\"},\"inLanguage\":\"pt-BR\",\"potentialAction\":[{\"@type\":\"ReadAction\",\"target\":[\"https:\\\/\\\/blogdacondessa.com.br\\\/blog\\\/cotidiano\\\/qualidade-de-vida-e-saude-de-idosos-do-abrigo-bom-jesus-vira-projeto-de-pesquisa\\\/\"]}]},{\"@type\":\"ImageObject\",\"inLanguage\":\"pt-BR\",\"@id\":\"https:\\\/\\\/blogdacondessa.com.br\\\/blog\\\/cotidiano\\\/qualidade-de-vida-e-saude-de-idosos-do-abrigo-bom-jesus-vira-projeto-de-pesquisa\\\/#primaryimage\",\"url\":\"https:\\\/\\\/blogdacondessa.com.br\\\/blog\\\/wp-content\\\/uploads\\\/2023\\\/12\\\/abrigo-bom-jesus-1.jpg\",\"contentUrl\":\"https:\\\/\\\/blogdacondessa.com.br\\\/blog\\\/wp-content\\\/uploads\\\/2023\\\/12\\\/abrigo-bom-jesus-1.jpg\",\"width\":768,\"height\":1024},{\"@type\":\"BreadcrumbList\",\"@id\":\"https:\\\/\\\/blogdacondessa.com.br\\\/blog\\\/cotidiano\\\/qualidade-de-vida-e-saude-de-idosos-do-abrigo-bom-jesus-vira-projeto-de-pesquisa\\\/#breadcrumb\",\"itemListElement\":[{\"@type\":\"ListItem\",\"position\":1,\"name\":\"In\u00edcio\",\"item\":\"https:\\\/\\\/blogdacondessa.com.br\\\/blog\\\/\"},{\"@type\":\"ListItem\",\"position\":2,\"name\":\"Qualidade de vida e sa\u00fade de idosos do Abrigo Bom Jesus vira projeto de pesquisa\"}]},{\"@type\":\"WebSite\",\"@id\":\"https:\\\/\\\/blogdacondessa.com.br\\\/blog\\\/#website\",\"url\":\"https:\\\/\\\/blogdacondessa.com.br\\\/blog\\\/\",\"name\":\"Blog da Condessa\",\"description\":\"Com Shirley de Souza O\u2019Campos\",\"potentialAction\":[{\"@type\":\"SearchAction\",\"target\":{\"@type\":\"EntryPoint\",\"urlTemplate\":\"https:\\\/\\\/blogdacondessa.com.br\\\/blog\\\/?s={search_term_string}\"},\"query-input\":{\"@type\":\"PropertyValueSpecification\",\"valueRequired\":true,\"valueName\":\"search_term_string\"}}],\"inLanguage\":\"pt-BR\"},{\"@type\":\"Person\",\"@id\":\"https:\\\/\\\/blogdacondessa.com.br\\\/blog\\\/#\\\/schema\\\/person\\\/1d667ff8b785195b568677489d266035\",\"name\":\"Blog da Condessa\",\"image\":{\"@type\":\"ImageObject\",\"inLanguage\":\"pt-BR\",\"@id\":\"https:\\\/\\\/secure.gravatar.com\\\/avatar\\\/377c0eb8b4ad2bfc25461b41564b5971e721ca34a57642868fc7b0c8ac7b52c5?s=96&d=mm&r=g\",\"url\":\"https:\\\/\\\/secure.gravatar.com\\\/avatar\\\/377c0eb8b4ad2bfc25461b41564b5971e721ca34a57642868fc7b0c8ac7b52c5?s=96&d=mm&r=g\",\"contentUrl\":\"https:\\\/\\\/secure.gravatar.com\\\/avatar\\\/377c0eb8b4ad2bfc25461b41564b5971e721ca34a57642868fc7b0c8ac7b52c5?s=96&d=mm&r=g\",\"caption\":\"Blog da Condessa\"},\"url\":\"https:\\\/\\\/blogdacondessa.com.br\\\/blog\\\/author\\\/beatriz\\\/\"}]}<\/script>\n<!-- \/ Yoast SEO plugin. -->","yoast_head_json":{"title":"Qualidade de vida e sa\u00fade de idosos do Abrigo Bom Jesus vira projeto de pesquisa &#8902; Blog da Condessa","robots":{"index":"index","follow":"follow","max-snippet":"max-snippet:-1","max-image-preview":"max-image-preview:large","max-video-preview":"max-video-preview:-1"},"canonical":"https:\/\/blogdacondessa.com.br\/blog\/cotidiano\/qualidade-de-vida-e-saude-de-idosos-do-abrigo-bom-jesus-vira-projeto-de-pesquisa\/","og_locale":"pt_BR","og_type":"article","og_title":"Qualidade de vida e sa\u00fade de idosos do Abrigo Bom Jesus vira projeto de pesquisa &#8902; Blog da Condessa","og_description":"Estudo ir\u00e1 proporcionar in\u00fameras contribui\u00e7\u00f5es. A qualidade de vida e a sa\u00fade dos oitenta idosos acolhidos no Abrigo do Bom Jesus, em Cuiab\u00e1 ser\u00e1 objeto de pesquisa do curso de Enfermagem da Universidade Federal de Mato Grosso (FAEN\/UFMT), Campus Cuiab\u00e1. Projeto tem dura\u00e7\u00e3o de quatro anos e a coleta de dados foi iniciada em 2023, [&hellip;]","og_url":"https:\/\/blogdacondessa.com.br\/blog\/cotidiano\/qualidade-de-vida-e-saude-de-idosos-do-abrigo-bom-jesus-vira-projeto-de-pesquisa\/","og_site_name":"Blog da Condessa","article_published_time":"2023-12-14T09:00:07+00:00","og_image":[{"width":768,"height":1024,"url":"https:\/\/blogdacondessa.com.br\/blog\/wp-content\/uploads\/2023\/12\/abrigo-bom-jesus-1.jpg","type":"image\/jpeg"}],"author":"Blog da Condessa","twitter_card":"summary_large_image","twitter_misc":{"Escrito por":"Blog da Condessa","Est. tempo de leitura":"3 minutos"},"schema":{"@context":"https:\/\/schema.org","@graph":[{"@type":"Article","@id":"https:\/\/blogdacondessa.com.br\/blog\/cotidiano\/qualidade-de-vida-e-saude-de-idosos-do-abrigo-bom-jesus-vira-projeto-de-pesquisa\/#article","isPartOf":{"@id":"https:\/\/blogdacondessa.com.br\/blog\/cotidiano\/qualidade-de-vida-e-saude-de-idosos-do-abrigo-bom-jesus-vira-projeto-de-pesquisa\/"},"author":{"name":"Blog da Condessa","@id":"https:\/\/blogdacondessa.com.br\/blog\/#\/schema\/person\/1d667ff8b785195b568677489d266035"},"headline":"Qualidade de vida e sa\u00fade de idosos do Abrigo Bom Jesus vira projeto de pesquisa","datePublished":"2023-12-14T09:00:07+00:00","mainEntityOfPage":{"@id":"https:\/\/blogdacondessa.com.br\/blog\/cotidiano\/qualidade-de-vida-e-saude-de-idosos-do-abrigo-bom-jesus-vira-projeto-de-pesquisa\/"},"wordCount":574,"image":{"@id":"https:\/\/blogdacondessa.com.br\/blog\/cotidiano\/qualidade-de-vida-e-saude-de-idosos-do-abrigo-bom-jesus-vira-projeto-de-pesquisa\/#primaryimage"},"thumbnailUrl":"https:\/\/blogdacondessa.com.br\/blog\/wp-content\/uploads\/2023\/12\/abrigo-bom-jesus-1.jpg","articleSection":["Cotidiano"],"inLanguage":"pt-BR"},{"@type":"WebPage","@id":"https:\/\/blogdacondessa.com.br\/blog\/cotidiano\/qualidade-de-vida-e-saude-de-idosos-do-abrigo-bom-jesus-vira-projeto-de-pesquisa\/","url":"https:\/\/blogdacondessa.com.br\/blog\/cotidiano\/qualidade-de-vida-e-saude-de-idosos-do-abrigo-bom-jesus-vira-projeto-de-pesquisa\/","name":"Qualidade de vida e sa\u00fade de idosos do Abrigo Bom Jesus vira projeto de pesquisa &#8902; Blog da Condessa","isPartOf":{"@id":"https:\/\/blogdacondessa.com.br\/blog\/#website"},"primaryImageOfPage":{"@id":"https:\/\/blogdacondessa.com.br\/blog\/cotidiano\/qualidade-de-vida-e-saude-de-idosos-do-abrigo-bom-jesus-vira-projeto-de-pesquisa\/#primaryimage"},"image":{"@id":"https:\/\/blogdacondessa.com.br\/blog\/cotidiano\/qualidade-de-vida-e-saude-de-idosos-do-abrigo-bom-jesus-vira-projeto-de-pesquisa\/#primaryimage"},"thumbnailUrl":"https:\/\/blogdacondessa.com.br\/blog\/wp-content\/uploads\/2023\/12\/abrigo-bom-jesus-1.jpg","datePublished":"2023-12-14T09:00:07+00:00","author":{"@id":"https:\/\/blogdacondessa.com.br\/blog\/#\/schema\/person\/1d667ff8b785195b568677489d266035"},"breadcrumb":{"@id":"https:\/\/blogdacondessa.com.br\/blog\/cotidiano\/qualidade-de-vida-e-saude-de-idosos-do-abrigo-bom-jesus-vira-projeto-de-pesquisa\/#breadcrumb"},"inLanguage":"pt-BR","potentialAction":[{"@type":"ReadAction","target":["https:\/\/blogdacondessa.com.br\/blog\/cotidiano\/qualidade-de-vida-e-saude-de-idosos-do-abrigo-bom-jesus-vira-projeto-de-pesquisa\/"]}]},{"@type":"ImageObject","inLanguage":"pt-BR","@id":"https:\/\/blogdacondessa.com.br\/blog\/cotidiano\/qualidade-de-vida-e-saude-de-idosos-do-abrigo-bom-jesus-vira-projeto-de-pesquisa\/#primaryimage","url":"https:\/\/blogdacondessa.com.br\/blog\/wp-content\/uploads\/2023\/12\/abrigo-bom-jesus-1.jpg","contentUrl":"https:\/\/blogdacondessa.com.br\/blog\/wp-content\/uploads\/2023\/12\/abrigo-bom-jesus-1.jpg","width":768,"height":1024},{"@type":"BreadcrumbList","@id":"https:\/\/blogdacondessa.com.br\/blog\/cotidiano\/qualidade-de-vida-e-saude-de-idosos-do-abrigo-bom-jesus-vira-projeto-de-pesquisa\/#breadcrumb","itemListElement":[{"@type":"ListItem","position":1,"name":"In\u00edcio","item":"https:\/\/blogdacondessa.com.br\/blog\/"},{"@type":"ListItem","position":2,"name":"Qualidade de vida e sa\u00fade de idosos do Abrigo Bom Jesus vira projeto de pesquisa"}]},{"@type":"WebSite","@id":"https:\/\/blogdacondessa.com.br\/blog\/#website","url":"https:\/\/blogdacondessa.com.br\/blog\/","name":"Blog da Condessa","description":"Com Shirley de Souza O\u2019Campos","potentialAction":[{"@type":"SearchAction","target":{"@type":"EntryPoint","urlTemplate":"https:\/\/blogdacondessa.com.br\/blog\/?s={search_term_string}"},"query-input":{"@type":"PropertyValueSpecification","valueRequired":true,"valueName":"search_term_string"}}],"inLanguage":"pt-BR"},{"@type":"Person","@id":"https:\/\/blogdacondessa.com.br\/blog\/#\/schema\/person\/1d667ff8b785195b568677489d266035","name":"Blog da Condessa","image":{"@type":"ImageObject","inLanguage":"pt-BR","@id":"https:\/\/secure.gravatar.com\/avatar\/377c0eb8b4ad2bfc25461b41564b5971e721ca34a57642868fc7b0c8ac7b52c5?s=96&d=mm&r=g","url":"https:\/\/secure.gravatar.com\/avatar\/377c0eb8b4ad2bfc25461b41564b5971e721ca34a57642868fc7b0c8ac7b52c5?s=96&d=mm&r=g","contentUrl":"https:\/\/secure.gravatar.com\/avatar\/377c0eb8b4ad2bfc25461b41564b5971e721ca34a57642868fc7b0c8ac7b52c5?s=96&d=mm&r=g","caption":"Blog da Condessa"},"url":"https:\/\/blogdacondessa.com.br\/blog\/author\/beatriz\/"}]}},"_links":{"self":[{"href":"https:\/\/blogdacondessa.com.br\/blog\/wp-json\/wp\/v2\/posts\/8726","targetHints":{"allow":["GET"]}}],"collection":[{"href":"https:\/\/blogdacondessa.com.br\/blog\/wp-json\/wp\/v2\/posts"}],"about":[{"href":"https:\/\/blogdacondessa.com.br\/blog\/wp-json\/wp\/v2\/types\/post"}],"author":[{"embeddable":true,"href":"https:\/\/blogdacondessa.com.br\/blog\/wp-json\/wp\/v2\/users\/2"}],"replies":[{"embeddable":true,"href":"https:\/\/blogdacondessa.com.br\/blog\/wp-json\/wp\/v2\/comments?post=8726"}],"version-history":[{"count":0,"href":"https:\/\/blogdacondessa.com.br\/blog\/wp-json\/wp\/v2\/posts\/8726\/revisions"}],"wp:featuredmedia":[{"embeddable":true,"href":"https:\/\/blogdacondessa.com.br\/blog\/wp-json\/wp\/v2\/media\/8728"}],"wp:attachment":[{"href":"https:\/\/blogdacondessa.com.br\/blog\/wp-json\/wp\/v2\/media?parent=8726"}],"wp:term":[{"taxonomy":"category","embeddable":true,"href":"https:\/\/blogdacondessa.com.br\/blog\/wp-json\/wp\/v2\/categories?post=8726"},{"taxonomy":"post_tag","embeddable":true,"href":"https:\/\/blogdacondessa.com.br\/blog\/wp-json\/wp\/v2\/tags?post=8726"}],"curies":[{"name":"wp","href":"https:\/\/api.w.org\/{rel}","templated":true}]}}