{"id":8578,"date":"2023-11-23T05:00:29","date_gmt":"2023-11-23T09:00:29","guid":{"rendered":"http:\/\/blogdacondessa.com.br\/?p=8578"},"modified":"2023-11-22T17:18:50","modified_gmt":"2023-11-22T21:18:50","slug":"sergio-ricardo-e-empossado-presidente-do-tce-e-conclama-pacto-pelo-fim-das-desigualdades-em-mt","status":"publish","type":"post","link":"https:\/\/blogdacondessa.com.br\/blog\/institucional\/sergio-ricardo-e-empossado-presidente-do-tce-e-conclama-pacto-pelo-fim-das-desigualdades-em-mt\/","title":{"rendered":"S\u00e9rgio Ricardo \u00e9 empossado presidente do TCE e conclama pacto pelo fim das desigualdades em MT"},"content":{"rendered":"<p>Com a promessa de se manter construtor de solu\u00e7\u00f5es e rela\u00e7\u00f5es e a proposta de um pacto pelo fim das desigualdades em Mato Grosso, o conselheiro S\u00e9rgio Ricardo foi empossado presidente do Tribunal de Contas de Mato Grosso (TCE-MT) do bi\u00eanio 2024\/2025. A 57\u00aa Mesa Diretora do TCE-MT foi empossada em sess\u00e3o especial realizada no audit\u00f3rio da Faculdade de Tecnologia Senai Mato Grosso (Fatec Senai), na manh\u00e3 de ter\u00e7a-feira (21).<\/p>\n<p>\u201cComo presidente serei o mesmo de sempre, tranquilo, paciente e sereno. Gosto de jogar no ataque, avan\u00e7ando e, nesse caso, no sentido de ajudar. Sou um excelente ouvinte, com serenidade e respeito no trato com as pessoas e, assim, reitero meu compromisso de f\u00e9 com todos aqueles que vivem aqui, com meu querido estado de Mato Grosso e a minha querida Cuiab\u00e1, com o exerc\u00edcio do controle externo como eficaz instrumento de fiscaliza\u00e7\u00e3o dos atos e atividades da administra\u00e7\u00e3o p\u00fablica e, o mais importante de tudo, como meio de justi\u00e7a social\u201d, declarou.<\/p>\n<p>S\u00e9rgio Ricardo destacou sua determina\u00e7\u00e3o imut\u00e1vel de ajudar seus semelhantes e, nesse sentido, prop\u00f4s o pacto por Mato Grosso. \u201cQue esta seja uma grande reuni\u00e3o de trabalho e que minha posse seja uma oportunidade de refor\u00e7ar aquilo que todos n\u00f3s j\u00e1 fazemos, que \u00e9 trabalhar por Mato Grosso. A raz\u00e3o \u00e9 simples: este talvez seja um dos maiores encontros da classe pol\u00edtica e dos poderes constitu\u00eddos. Ent\u00e3o, quero aproveitar este momento hist\u00f3rico para propor esse pacto e que cada um fa\u00e7a a sua parte. Inspirados pelo ideal republicano, vamos proclamar uma luta incessante pelo fim das desigualdades regionais.\u201d<\/p>\n<p>O presidente-empossado tamb\u00e9m destacou a evolu\u00e7\u00e3o do Tribunal de Contas e sua import\u00e2ncia para a coletividade mato-grossense. Nesse sentido, refor\u00e7ou que sua gest\u00e3o ser\u00e1 compartilhada. \u201cTodos v\u00e3o ser presidentes junto comigo, como inteligentemente prop\u00f4s Jos\u00e9 Carlos Novelli ao assumir pela terceira vez a Presid\u00eancia. Seremos sete presidentes.\u201d<\/p>\n<p>Assegurou ainda que dar\u00e1 sequ\u00eancia \u00e0s capacita\u00e7\u00f5es dos gestores p\u00fablicos e, nesse sentido, implementar\u00e1 um curso permanente de Gest\u00e3o de Cidades, anunciou a cria\u00e7\u00e3o de uma secretaria exclusiva de inova\u00e7\u00e3o tecnol\u00f3gica para desenvolver mecanismos de controle e refor\u00e7ou seu compromisso e preocupa\u00e7\u00e3o com o Meio Ambiente, que sempre pautaram sua atua\u00e7\u00e3o, propondo o plantio de 5 milh\u00f5es de \u00e1rvores por ano no estado.<\/p>\n<p>\u201cQueremos uma vida melhor para todos os mato-grossenses. Estamos atentos aos protocolos da ONU, e j\u00e1 lan\u00e7amos nossas prioridades para at\u00e9 2050. Cuidar do meio ambiente, da nossa Floresta Amaz\u00f4nica, do nosso Pantanal e do nosso Cerrado. Queremos produ\u00e7\u00e3o e desenvolvimento, que geram bem-estar social, mas com sustentabilidade ambiental\u201d, asseverou.<\/p>\n<p>Na ocasi\u00e3o, tamb\u00e9m falou um pouco de sua trajet\u00f3ria de vida e lembrou que n\u00e3o existe gente sem hist\u00f3ria. \u201cN\u00e3o h\u00e1 presente sem passado e n\u00e3o se constr\u00f3i o futuro sem passado e sem presente. N\u00e3o existe hist\u00f3ria sem trabalho. Eu amo Mato Grosso. Servi Mato Grosso como jornalista, como vereador, como deputado e venho servindo como conselheiro. E quero servir ainda mais como presidente dessa institui\u00e7\u00e3o.\u201d<\/p>\n<p>Ao passar a miss\u00e3o a S\u00e9rgio Ricardo, o conselheiro-presidente Jos\u00e9 Carlos Novelli agradeceu a todos que compartilharam com ele a responsabilidade do exerc\u00edcio da Presid\u00eancia ao longo do \u00faltimo bi\u00eanio, ressaltando os conselheiros, servidores, entidades representativas, chefes dos Poderes e \u00f3rg\u00e3os do estado, gestores p\u00fablicos e suas equipes, dirigentes das associa\u00e7\u00f5es de prefeitos e vereadores e \u00e0 Universidade Federal de Mato Grosso.<\/p>\n<p>\u201cSe a gest\u00e3o foi bem-sucedida, isso se deve ao engajamento de todos. Quero desejar sucesso, ilumina\u00e7\u00e3o e equil\u00edbrio ao presidente empossado para o bi\u00eanio 2024\/2025, conselheiro S\u00e9rgio Ricardo. Tenho expectativa positiva de que vossa excel\u00eancia far\u00e1 uma gest\u00e3o inovadora, competente e capaz de engrandecer ainda mais o Tribunal. A partir de janeiro de 2024, quero continuar colaborando para o fortalecimento do TCE, seja como corregedor, como relator de processos ou como presidente da Comiss\u00e3o Permanente de Infraestrutura, Tecnologia e Desestatiza\u00e7\u00e3o\u201d, disse.<\/p>\n<p>Empossado vice-presidente, o conselheiro Guilherme Antonio Maluf assumiu o compromisso de colaborar com a caminhada que se inicia em 1\u00b0 de janeiro. \u201cTenho certeza de que o conselheiro S\u00e9rgio Ricardo saber\u00e1 desempenhar de forma brilhante esse mandato, pela trajet\u00f3ria que tem, de homem humilde, trabalhador e de compromisso com a sociedade. O TCE est\u00e1 se fortalecendo cada vez mais entregando resultados para o cidad\u00e3o, vamos continuar construindo essa trajet\u00f3ria de transforma\u00e7\u00e3o e integra\u00e7\u00e3o com os demais Poderes e o senhor ser\u00e1 nosso l\u00edder.\u201d<\/p>\n<p><strong>Reconhecimento\u00a0<\/strong><\/p>\n<p>Decano e ouvidor-geral do TCE-MT, o conselheiro Antonio Joaquim fez o discurso de sauda\u00e7\u00e3o aos empossados, destacou os feitos da atual gest\u00e3o e falou sobre os deveres dos homens p\u00fablicos. \u201cTenho convic\u00e7\u00e3o de que todos n\u00f3s, autoridades que representam os Poderes e institui\u00e7\u00f5es, temos o dever de entender que somos mensageiros respons\u00e1veis por levar benef\u00edcios aos cidad\u00e3os. Todos n\u00f3s estamos no mesmo barco, com rumo definido, que \u00e9 levar servi\u00e7os de qualidade \u00e0 sociedade. O TCE deu um salto fant\u00e1stico, passamos anos estimulando o controle social e, agora, Novelli teve a vis\u00e3o de voltar-se para o gestor, oferecer mecanismos para aperfei\u00e7oar a gest\u00e3o, ajudar a executar pol\u00edticas p\u00fablicas, papel que o TCE est\u00e1 executando com excel\u00eancia e tenho convic\u00e7\u00e3o que assim continuar\u00e1.\u201d<\/p>\n<p>Prestigiando a posse, o governador do Estado, Mauro Mendes, fez quest\u00e3o de agradecer ao Tribunal de Contas pelas parcerias e pela forma republicana com que tem ajudado a construir a administra\u00e7\u00e3o p\u00fablica de Mato Grosso. \u201cEsse \u00e9 o foco que devemos ter para que possamos entregar mais para os cidad\u00e3os mato-grossenses. O Tribunal de Contas tem mudado a forma de atua\u00e7\u00e3o, que tem a premissa constitucional de fazer o controle das contas p\u00fablicas, e tem ido ao encontro do objetivo de tornar a administra\u00e7\u00e3o mais eficiente, para que cumpra seu papel nas entregas de qualidade \u00e0 sociedade.\u201d<\/p>\n<p>Representando o Congresso Nacional, o senador por Mato Grosso Wellington Fagundes ressaltou a coes\u00e3o conquistada pelo Tribunal de Contas. \u201cEssa unidade de todos os membros e servidores, que acima de tudo est\u00e3o a servi\u00e7o do cidad\u00e3o, j\u00e1 foi conquistada. Cabe a nova diretoria dar sequ\u00eancia a esse Tribunal forte e que prima pela efici\u00eancia. Tenho certeza de que o TCE avan\u00e7ar\u00e1 ainda mais para al\u00e9m de sua fun\u00e7\u00e3o de julgador, com responsabilidade social e que continuaremos com nossas parcerias exitosas.\u201d<\/p>\n<p>J\u00e1 a presidente do Tribunal de Justi\u00e7a (TJMT), desembargadora Clarice Claudino, fez quest\u00e3o de salientar a marca que ser\u00e1 deixada por Novelli e desejou sucesso ao novo presidente. \u201cDesejo tudo de melhor na colheita dos frutos desse trabalho incans\u00e1vel de Novelli. Dinamismo em pessoa, com vis\u00e3o futurista, humanit\u00e1ria e conciliadora que faz com que tenhamos esperan\u00e7a de que S\u00e9rgio Ricardo possa seguir com esse tr\u00edplice aspecto que tanto marcou nossa caminhada juntos: a concilia\u00e7\u00e3o, a orienta\u00e7\u00e3o e a busca das parcerias, a irmandade com todas as institui\u00e7\u00f5es.\u00a0 Acredito que com isso a gest\u00e3o do novo presidente vai ser o maior sucesso, \u00e9 o que desejamos e queremos deixar registrado nosso apoio incondicional.\u201d<\/p>\n<p>Da mesma forma se manifestou o deputado estadual e conselheiro-aposentado do TCE-MT, J\u00falio Campos, em nome da Assembleia Legislativa (ALMT). \u201cParab\u00e9ns ao conselheiro Novelli e aos servidores que deram for\u00e7a, empenho e trabalho para a mais brilhante administra\u00e7\u00e3o dos 70 anos do Tribunal de Contas. Em nome dos 24 deputados, cumprimento o novo presidente e a equipe que assume e desejo sucesso.\u201d<\/p>\n<p>O procurador-geral de Justi\u00e7a, Deosdete Cruz J\u00fanior, tamb\u00e9m enalteceu a atua\u00e7\u00e3o em conjunto e o prest\u00edgio da Corte de Contas de Mato Grosso, de Novelli e de S\u00e9rgio Ricardo. \u201cEssa posse concorrida reflete esse prest\u00edgio e eu sou testemunha da import\u00e2ncia do TCE para a sociedade. Tenho a honra de estar aqui hoje, nesse momento de transi\u00e7\u00e3o e que marca o in\u00edcio de um novo cap\u00edtulo para essa institui\u00e7\u00e3o essencial para administra\u00e7\u00e3o p\u00fablica.\u201d<\/p>\n<p>As palavras foram endossadas pelo vice-presidente Executivo da Associa\u00e7\u00e3o dos Membros dos Tribunais de Contas do Brasil (Atricon), conselheiro Edilson de Sousa Silva. \u201cHoje \u00e9 um dia de festa por tudo que se realizou na gest\u00e3o de um empreendedor, que \u00e9 Jos\u00e9 Carlos Novelli. Incans\u00e1vel na realiza\u00e7\u00e3o de projetos, que transformaram o TCE em refer\u00eancia nacional, aliado do gestor e do povo. Em nome do Sistema de Controle Externo, eu agrade\u00e7o a esse Tribunal vanguardista. O desafio do conselheiro S\u00e9rgio Ricardo \u00e9 grande, mas tenho certeza de que dar\u00e1 conta. Conte com o nosso apoio, pois se hoje avan\u00e7amos nacionalmente \u00e9 gra\u00e7as ao TCE mato-grossense.\u201d<\/p>\n<p>Procurador-geral do Minist\u00e9rio P\u00fablico de Contas (MPC), Alisson Carvalho de Alencar, se disse feliz e honrado em integrar o Tribunal que considera o melhor e mais eficiente do Brasil. \u201cO TCE evoluiu e resgatou o respeito institucional, com entregas eficientes, sempre buscando aprimorar a vida da nossa sociedade. Parab\u00e9ns, Novelli pela condu\u00e7\u00e3o dessa sele\u00e7\u00e3o de conselheiros e servidores. N\u00e3o tenho d\u00favidas de que estamos na melhor vers\u00e3o dos 70 anos da hist\u00f3ria do TCE e de que estaremos ainda mais altivos e realizadores no final da gest\u00e3o de S\u00e9rgio Ricardo. Conte com o MPC integralmente.\u201d<\/p>\n<p>A sess\u00e3o especial foi aberta com a execu\u00e7\u00e3o do Hino Nacional ao som da viola de cocho, s\u00edmbolo da cultura pantaneira, tocada pelo m\u00fasico Abel Dy Anjos, e da viola caipira, s\u00edmbolo da cultura caipira, tocada pelo m\u00fasico Claudinho. Na solenidade, foram ainda apresentados dois v\u00eddeos, um com os resultados da gest\u00e3o 2022\/2023, sob a Presid\u00eancia de Jos\u00e9 Carlos Novelli, e outro produzido pela Assembleia Legislativa em homenagem ao presidente-empossado, conselheiro S\u00e9rgio Ricardo.<\/p>\n<p>Tamb\u00e9m compuseram o dispositivo de honra os conselheiros Valter Albano, Waldir Teis e Gon\u00e7alo Domingos de Campos Neto, o senador por Mato Grosso Jayme Campos, o deputado federal por Mato Grosso Coronel Assis, o presidente da ALMT, deputado estadual Eduardo Botelho, o presidente da Associa\u00e7\u00e3o Mato-grossense dos Munic\u00edpios (AMM), Neurilan Fraga, o presidente da Uni\u00e3o das C\u00e2maras Municipais de Mato Grosso (Ucmmat), vereador por V\u00e1rzea Grande Bruno Rios, o prefeito de Cuiab\u00e1, Emanuel Pinheiro, o presidente da C\u00e2mara de Cuiab\u00e1, vereador Chico 2000 e os conselheiros-aposentados Ubiratan Spinelli e Jos\u00e9 Ferreira de Freitas.<\/p>\n<p>A 57\u00aa Mesa Diretora do TCE-MT (bi\u00eanio 2024\/2025) \u00e9 composta pelo conselheiro S\u00e9rgio Ricardo, como presidente, e pelos conselheiros Guilherme Antonio Maluf e Jos\u00e9 Carlos Novelli, como vice-presidente e corregedor-geral, respectivamente, e entra em exerc\u00edcio efetivo a partir do dia 1\u00b0 de janeiro de 2024.<\/p>\n<p><strong>Trajet\u00f3ria<\/strong><\/p>\n<p>O conselheiro S\u00e9rgio Ricardo foi vereador por Cuiab\u00e1 de 2000 a 2002, ano em que assumiu a cadeira de deputado estadual pela primeira vez. Na Assembleia Legislativa, atuou por tr\u00eas mandatos (2002\/2006; 2006\/2010; 2010\/2012), tendo ocupado a cadeira de presidente de 2002 a 2009 e de 1\u00b0 secret\u00e1rio de 2009 a 2012. Em 13 de dezembro de 2007 tamb\u00e9m assumiu o cargo de governador do Estado.<\/p>\n<p>Por indica\u00e7\u00e3o do Poder Legislativo, foi empossado conselheiro do Tribunal de Contas de Mato Grosso em 16 de maio de 2012. No bi\u00eanio 2022\/2023, presidiu a Comiss\u00e3o Permanente de Meio Ambiente e Sustentabilidade do TCE-MT, liderando importantes discuss\u00f5es voltadas ao desenvolvimento socioecon\u00f4mico e ambiental do estado.<\/p>\n<p>&nbsp;<\/p>\n","protected":false},"excerpt":{"rendered":"<p>Com a promessa de se manter construtor de solu\u00e7\u00f5es e rela\u00e7\u00f5es e a proposta de um pacto pelo fim das desigualdades em Mato Grosso, o conselheiro S\u00e9rgio Ricardo foi empossado presidente do Tribunal de Contas de Mato Grosso (TCE-MT) do bi\u00eanio 2024\/2025. A 57\u00aa Mesa Diretora do TCE-MT foi empossada em sess\u00e3o especial realizada no [&hellip;]<\/p>\n","protected":false},"author":2,"featured_media":8579,"comment_status":"closed","ping_status":"closed","sticky":false,"template":"","format":"standard","meta":{"iawp_total_views":0,"footnotes":""},"categories":[13],"tags":[],"class_list":["post-8578","post","type-post","status-publish","format-standard","has-post-thumbnail","hentry","category-institucional"],"yoast_head":"<!-- This site is optimized with the Yoast SEO plugin v27.3 - https:\/\/yoast.com\/product\/yoast-seo-wordpress\/ -->\n<title>S\u00e9rgio Ricardo \u00e9 empossado presidente do TCE e conclama pacto pelo fim das desigualdades em MT &#8902; Blog da Condessa<\/title>\n<meta name=\"robots\" content=\"index, follow, max-snippet:-1, max-image-preview:large, max-video-preview:-1\" \/>\n<link rel=\"canonical\" href=\"https:\/\/blogdacondessa.com.br\/blog\/institucional\/sergio-ricardo-e-empossado-presidente-do-tce-e-conclama-pacto-pelo-fim-das-desigualdades-em-mt\/\" \/>\n<meta property=\"og:locale\" content=\"pt_BR\" \/>\n<meta property=\"og:type\" content=\"article\" \/>\n<meta property=\"og:title\" content=\"S\u00e9rgio Ricardo \u00e9 empossado presidente do TCE e conclama pacto pelo fim das desigualdades em MT &#8902; Blog da Condessa\" \/>\n<meta property=\"og:description\" content=\"Com a promessa de se manter construtor de solu\u00e7\u00f5es e rela\u00e7\u00f5es e a proposta de um pacto pelo fim das desigualdades em Mato Grosso, o conselheiro S\u00e9rgio Ricardo foi empossado presidente do Tribunal de Contas de Mato Grosso (TCE-MT) do bi\u00eanio 2024\/2025. A 57\u00aa Mesa Diretora do TCE-MT foi empossada em sess\u00e3o especial realizada no [&hellip;]\" \/>\n<meta property=\"og:url\" content=\"https:\/\/blogdacondessa.com.br\/blog\/institucional\/sergio-ricardo-e-empossado-presidente-do-tce-e-conclama-pacto-pelo-fim-das-desigualdades-em-mt\/\" \/>\n<meta property=\"og:site_name\" content=\"Blog da Condessa\" \/>\n<meta property=\"article:published_time\" content=\"2023-11-23T09:00:29+00:00\" \/>\n<meta property=\"og:image\" content=\"https:\/\/blogdacondessa.com.br\/blog\/wp-content\/uploads\/2023\/11\/sergio-ricardo.jpg\" \/>\n\t<meta property=\"og:image:width\" content=\"365\" \/>\n\t<meta property=\"og:image:height\" content=\"243\" \/>\n\t<meta property=\"og:image:type\" content=\"image\/jpeg\" \/>\n<meta name=\"author\" content=\"Blog da Condessa\" \/>\n<meta name=\"twitter:card\" content=\"summary_large_image\" \/>\n<meta name=\"twitter:label1\" content=\"Escrito por\" \/>\n\t<meta name=\"twitter:data1\" content=\"Blog da Condessa\" \/>\n\t<meta name=\"twitter:label2\" content=\"Est. tempo de leitura\" \/>\n\t<meta name=\"twitter:data2\" content=\"10 minutos\" \/>\n<script type=\"application\/ld+json\" class=\"yoast-schema-graph\">{\"@context\":\"https:\\\/\\\/schema.org\",\"@graph\":[{\"@type\":\"Article\",\"@id\":\"https:\\\/\\\/blogdacondessa.com.br\\\/blog\\\/institucional\\\/sergio-ricardo-e-empossado-presidente-do-tce-e-conclama-pacto-pelo-fim-das-desigualdades-em-mt\\\/#article\",\"isPartOf\":{\"@id\":\"https:\\\/\\\/blogdacondessa.com.br\\\/blog\\\/institucional\\\/sergio-ricardo-e-empossado-presidente-do-tce-e-conclama-pacto-pelo-fim-das-desigualdades-em-mt\\\/\"},\"author\":{\"name\":\"Blog da Condessa\",\"@id\":\"https:\\\/\\\/blogdacondessa.com.br\\\/blog\\\/#\\\/schema\\\/person\\\/1d667ff8b785195b568677489d266035\"},\"headline\":\"S\u00e9rgio Ricardo \u00e9 empossado presidente do TCE e conclama pacto pelo fim das desigualdades em MT\",\"datePublished\":\"2023-11-23T09:00:29+00:00\",\"mainEntityOfPage\":{\"@id\":\"https:\\\/\\\/blogdacondessa.com.br\\\/blog\\\/institucional\\\/sergio-ricardo-e-empossado-presidente-do-tce-e-conclama-pacto-pelo-fim-das-desigualdades-em-mt\\\/\"},\"wordCount\":1955,\"image\":{\"@id\":\"https:\\\/\\\/blogdacondessa.com.br\\\/blog\\\/institucional\\\/sergio-ricardo-e-empossado-presidente-do-tce-e-conclama-pacto-pelo-fim-das-desigualdades-em-mt\\\/#primaryimage\"},\"thumbnailUrl\":\"https:\\\/\\\/blogdacondessa.com.br\\\/blog\\\/wp-content\\\/uploads\\\/2023\\\/11\\\/sergio-ricardo.jpg\",\"articleSection\":[\"Institucional\"],\"inLanguage\":\"pt-BR\"},{\"@type\":\"WebPage\",\"@id\":\"https:\\\/\\\/blogdacondessa.com.br\\\/blog\\\/institucional\\\/sergio-ricardo-e-empossado-presidente-do-tce-e-conclama-pacto-pelo-fim-das-desigualdades-em-mt\\\/\",\"url\":\"https:\\\/\\\/blogdacondessa.com.br\\\/blog\\\/institucional\\\/sergio-ricardo-e-empossado-presidente-do-tce-e-conclama-pacto-pelo-fim-das-desigualdades-em-mt\\\/\",\"name\":\"S\u00e9rgio Ricardo \u00e9 empossado presidente do TCE e conclama pacto pelo fim das desigualdades em MT &#8902; Blog da Condessa\",\"isPartOf\":{\"@id\":\"https:\\\/\\\/blogdacondessa.com.br\\\/blog\\\/#website\"},\"primaryImageOfPage\":{\"@id\":\"https:\\\/\\\/blogdacondessa.com.br\\\/blog\\\/institucional\\\/sergio-ricardo-e-empossado-presidente-do-tce-e-conclama-pacto-pelo-fim-das-desigualdades-em-mt\\\/#primaryimage\"},\"image\":{\"@id\":\"https:\\\/\\\/blogdacondessa.com.br\\\/blog\\\/institucional\\\/sergio-ricardo-e-empossado-presidente-do-tce-e-conclama-pacto-pelo-fim-das-desigualdades-em-mt\\\/#primaryimage\"},\"thumbnailUrl\":\"https:\\\/\\\/blogdacondessa.com.br\\\/blog\\\/wp-content\\\/uploads\\\/2023\\\/11\\\/sergio-ricardo.jpg\",\"datePublished\":\"2023-11-23T09:00:29+00:00\",\"author\":{\"@id\":\"https:\\\/\\\/blogdacondessa.com.br\\\/blog\\\/#\\\/schema\\\/person\\\/1d667ff8b785195b568677489d266035\"},\"breadcrumb\":{\"@id\":\"https:\\\/\\\/blogdacondessa.com.br\\\/blog\\\/institucional\\\/sergio-ricardo-e-empossado-presidente-do-tce-e-conclama-pacto-pelo-fim-das-desigualdades-em-mt\\\/#breadcrumb\"},\"inLanguage\":\"pt-BR\",\"potentialAction\":[{\"@type\":\"ReadAction\",\"target\":[\"https:\\\/\\\/blogdacondessa.com.br\\\/blog\\\/institucional\\\/sergio-ricardo-e-empossado-presidente-do-tce-e-conclama-pacto-pelo-fim-das-desigualdades-em-mt\\\/\"]}]},{\"@type\":\"ImageObject\",\"inLanguage\":\"pt-BR\",\"@id\":\"https:\\\/\\\/blogdacondessa.com.br\\\/blog\\\/institucional\\\/sergio-ricardo-e-empossado-presidente-do-tce-e-conclama-pacto-pelo-fim-das-desigualdades-em-mt\\\/#primaryimage\",\"url\":\"https:\\\/\\\/blogdacondessa.com.br\\\/blog\\\/wp-content\\\/uploads\\\/2023\\\/11\\\/sergio-ricardo.jpg\",\"contentUrl\":\"https:\\\/\\\/blogdacondessa.com.br\\\/blog\\\/wp-content\\\/uploads\\\/2023\\\/11\\\/sergio-ricardo.jpg\",\"width\":365,\"height\":243,\"caption\":\"Foto: Thiago Bergamasco\"},{\"@type\":\"BreadcrumbList\",\"@id\":\"https:\\\/\\\/blogdacondessa.com.br\\\/blog\\\/institucional\\\/sergio-ricardo-e-empossado-presidente-do-tce-e-conclama-pacto-pelo-fim-das-desigualdades-em-mt\\\/#breadcrumb\",\"itemListElement\":[{\"@type\":\"ListItem\",\"position\":1,\"name\":\"In\u00edcio\",\"item\":\"https:\\\/\\\/blogdacondessa.com.br\\\/blog\\\/\"},{\"@type\":\"ListItem\",\"position\":2,\"name\":\"S\u00e9rgio Ricardo \u00e9 empossado presidente do TCE e conclama pacto pelo fim das desigualdades em MT\"}]},{\"@type\":\"WebSite\",\"@id\":\"https:\\\/\\\/blogdacondessa.com.br\\\/blog\\\/#website\",\"url\":\"https:\\\/\\\/blogdacondessa.com.br\\\/blog\\\/\",\"name\":\"Blog da Condessa\",\"description\":\"Com Shirley de Souza O\u2019Campos\",\"potentialAction\":[{\"@type\":\"SearchAction\",\"target\":{\"@type\":\"EntryPoint\",\"urlTemplate\":\"https:\\\/\\\/blogdacondessa.com.br\\\/blog\\\/?s={search_term_string}\"},\"query-input\":{\"@type\":\"PropertyValueSpecification\",\"valueRequired\":true,\"valueName\":\"search_term_string\"}}],\"inLanguage\":\"pt-BR\"},{\"@type\":\"Person\",\"@id\":\"https:\\\/\\\/blogdacondessa.com.br\\\/blog\\\/#\\\/schema\\\/person\\\/1d667ff8b785195b568677489d266035\",\"name\":\"Blog da Condessa\",\"image\":{\"@type\":\"ImageObject\",\"inLanguage\":\"pt-BR\",\"@id\":\"https:\\\/\\\/secure.gravatar.com\\\/avatar\\\/377c0eb8b4ad2bfc25461b41564b5971e721ca34a57642868fc7b0c8ac7b52c5?s=96&d=mm&r=g\",\"url\":\"https:\\\/\\\/secure.gravatar.com\\\/avatar\\\/377c0eb8b4ad2bfc25461b41564b5971e721ca34a57642868fc7b0c8ac7b52c5?s=96&d=mm&r=g\",\"contentUrl\":\"https:\\\/\\\/secure.gravatar.com\\\/avatar\\\/377c0eb8b4ad2bfc25461b41564b5971e721ca34a57642868fc7b0c8ac7b52c5?s=96&d=mm&r=g\",\"caption\":\"Blog da Condessa\"},\"url\":\"https:\\\/\\\/blogdacondessa.com.br\\\/blog\\\/author\\\/beatriz\\\/\"}]}<\/script>\n<!-- \/ Yoast SEO plugin. -->","yoast_head_json":{"title":"S\u00e9rgio Ricardo \u00e9 empossado presidente do TCE e conclama pacto pelo fim das desigualdades em MT &#8902; Blog da Condessa","robots":{"index":"index","follow":"follow","max-snippet":"max-snippet:-1","max-image-preview":"max-image-preview:large","max-video-preview":"max-video-preview:-1"},"canonical":"https:\/\/blogdacondessa.com.br\/blog\/institucional\/sergio-ricardo-e-empossado-presidente-do-tce-e-conclama-pacto-pelo-fim-das-desigualdades-em-mt\/","og_locale":"pt_BR","og_type":"article","og_title":"S\u00e9rgio Ricardo \u00e9 empossado presidente do TCE e conclama pacto pelo fim das desigualdades em MT &#8902; Blog da Condessa","og_description":"Com a promessa de se manter construtor de solu\u00e7\u00f5es e rela\u00e7\u00f5es e a proposta de um pacto pelo fim das desigualdades em Mato Grosso, o conselheiro S\u00e9rgio Ricardo foi empossado presidente do Tribunal de Contas de Mato Grosso (TCE-MT) do bi\u00eanio 2024\/2025. A 57\u00aa Mesa Diretora do TCE-MT foi empossada em sess\u00e3o especial realizada no [&hellip;]","og_url":"https:\/\/blogdacondessa.com.br\/blog\/institucional\/sergio-ricardo-e-empossado-presidente-do-tce-e-conclama-pacto-pelo-fim-das-desigualdades-em-mt\/","og_site_name":"Blog da Condessa","article_published_time":"2023-11-23T09:00:29+00:00","og_image":[{"width":365,"height":243,"url":"https:\/\/blogdacondessa.com.br\/blog\/wp-content\/uploads\/2023\/11\/sergio-ricardo.jpg","type":"image\/jpeg"}],"author":"Blog da Condessa","twitter_card":"summary_large_image","twitter_misc":{"Escrito por":"Blog da Condessa","Est. tempo de leitura":"10 minutos"},"schema":{"@context":"https:\/\/schema.org","@graph":[{"@type":"Article","@id":"https:\/\/blogdacondessa.com.br\/blog\/institucional\/sergio-ricardo-e-empossado-presidente-do-tce-e-conclama-pacto-pelo-fim-das-desigualdades-em-mt\/#article","isPartOf":{"@id":"https:\/\/blogdacondessa.com.br\/blog\/institucional\/sergio-ricardo-e-empossado-presidente-do-tce-e-conclama-pacto-pelo-fim-das-desigualdades-em-mt\/"},"author":{"name":"Blog da Condessa","@id":"https:\/\/blogdacondessa.com.br\/blog\/#\/schema\/person\/1d667ff8b785195b568677489d266035"},"headline":"S\u00e9rgio Ricardo \u00e9 empossado presidente do TCE e conclama pacto pelo fim das desigualdades em MT","datePublished":"2023-11-23T09:00:29+00:00","mainEntityOfPage":{"@id":"https:\/\/blogdacondessa.com.br\/blog\/institucional\/sergio-ricardo-e-empossado-presidente-do-tce-e-conclama-pacto-pelo-fim-das-desigualdades-em-mt\/"},"wordCount":1955,"image":{"@id":"https:\/\/blogdacondessa.com.br\/blog\/institucional\/sergio-ricardo-e-empossado-presidente-do-tce-e-conclama-pacto-pelo-fim-das-desigualdades-em-mt\/#primaryimage"},"thumbnailUrl":"https:\/\/blogdacondessa.com.br\/blog\/wp-content\/uploads\/2023\/11\/sergio-ricardo.jpg","articleSection":["Institucional"],"inLanguage":"pt-BR"},{"@type":"WebPage","@id":"https:\/\/blogdacondessa.com.br\/blog\/institucional\/sergio-ricardo-e-empossado-presidente-do-tce-e-conclama-pacto-pelo-fim-das-desigualdades-em-mt\/","url":"https:\/\/blogdacondessa.com.br\/blog\/institucional\/sergio-ricardo-e-empossado-presidente-do-tce-e-conclama-pacto-pelo-fim-das-desigualdades-em-mt\/","name":"S\u00e9rgio Ricardo \u00e9 empossado presidente do TCE e conclama pacto pelo fim das desigualdades em MT &#8902; Blog da Condessa","isPartOf":{"@id":"https:\/\/blogdacondessa.com.br\/blog\/#website"},"primaryImageOfPage":{"@id":"https:\/\/blogdacondessa.com.br\/blog\/institucional\/sergio-ricardo-e-empossado-presidente-do-tce-e-conclama-pacto-pelo-fim-das-desigualdades-em-mt\/#primaryimage"},"image":{"@id":"https:\/\/blogdacondessa.com.br\/blog\/institucional\/sergio-ricardo-e-empossado-presidente-do-tce-e-conclama-pacto-pelo-fim-das-desigualdades-em-mt\/#primaryimage"},"thumbnailUrl":"https:\/\/blogdacondessa.com.br\/blog\/wp-content\/uploads\/2023\/11\/sergio-ricardo.jpg","datePublished":"2023-11-23T09:00:29+00:00","author":{"@id":"https:\/\/blogdacondessa.com.br\/blog\/#\/schema\/person\/1d667ff8b785195b568677489d266035"},"breadcrumb":{"@id":"https:\/\/blogdacondessa.com.br\/blog\/institucional\/sergio-ricardo-e-empossado-presidente-do-tce-e-conclama-pacto-pelo-fim-das-desigualdades-em-mt\/#breadcrumb"},"inLanguage":"pt-BR","potentialAction":[{"@type":"ReadAction","target":["https:\/\/blogdacondessa.com.br\/blog\/institucional\/sergio-ricardo-e-empossado-presidente-do-tce-e-conclama-pacto-pelo-fim-das-desigualdades-em-mt\/"]}]},{"@type":"ImageObject","inLanguage":"pt-BR","@id":"https:\/\/blogdacondessa.com.br\/blog\/institucional\/sergio-ricardo-e-empossado-presidente-do-tce-e-conclama-pacto-pelo-fim-das-desigualdades-em-mt\/#primaryimage","url":"https:\/\/blogdacondessa.com.br\/blog\/wp-content\/uploads\/2023\/11\/sergio-ricardo.jpg","contentUrl":"https:\/\/blogdacondessa.com.br\/blog\/wp-content\/uploads\/2023\/11\/sergio-ricardo.jpg","width":365,"height":243,"caption":"Foto: Thiago Bergamasco"},{"@type":"BreadcrumbList","@id":"https:\/\/blogdacondessa.com.br\/blog\/institucional\/sergio-ricardo-e-empossado-presidente-do-tce-e-conclama-pacto-pelo-fim-das-desigualdades-em-mt\/#breadcrumb","itemListElement":[{"@type":"ListItem","position":1,"name":"In\u00edcio","item":"https:\/\/blogdacondessa.com.br\/blog\/"},{"@type":"ListItem","position":2,"name":"S\u00e9rgio Ricardo \u00e9 empossado presidente do TCE e conclama pacto pelo fim das desigualdades em MT"}]},{"@type":"WebSite","@id":"https:\/\/blogdacondessa.com.br\/blog\/#website","url":"https:\/\/blogdacondessa.com.br\/blog\/","name":"Blog da Condessa","description":"Com Shirley de Souza O\u2019Campos","potentialAction":[{"@type":"SearchAction","target":{"@type":"EntryPoint","urlTemplate":"https:\/\/blogdacondessa.com.br\/blog\/?s={search_term_string}"},"query-input":{"@type":"PropertyValueSpecification","valueRequired":true,"valueName":"search_term_string"}}],"inLanguage":"pt-BR"},{"@type":"Person","@id":"https:\/\/blogdacondessa.com.br\/blog\/#\/schema\/person\/1d667ff8b785195b568677489d266035","name":"Blog da Condessa","image":{"@type":"ImageObject","inLanguage":"pt-BR","@id":"https:\/\/secure.gravatar.com\/avatar\/377c0eb8b4ad2bfc25461b41564b5971e721ca34a57642868fc7b0c8ac7b52c5?s=96&d=mm&r=g","url":"https:\/\/secure.gravatar.com\/avatar\/377c0eb8b4ad2bfc25461b41564b5971e721ca34a57642868fc7b0c8ac7b52c5?s=96&d=mm&r=g","contentUrl":"https:\/\/secure.gravatar.com\/avatar\/377c0eb8b4ad2bfc25461b41564b5971e721ca34a57642868fc7b0c8ac7b52c5?s=96&d=mm&r=g","caption":"Blog da Condessa"},"url":"https:\/\/blogdacondessa.com.br\/blog\/author\/beatriz\/"}]}},"_links":{"self":[{"href":"https:\/\/blogdacondessa.com.br\/blog\/wp-json\/wp\/v2\/posts\/8578","targetHints":{"allow":["GET"]}}],"collection":[{"href":"https:\/\/blogdacondessa.com.br\/blog\/wp-json\/wp\/v2\/posts"}],"about":[{"href":"https:\/\/blogdacondessa.com.br\/blog\/wp-json\/wp\/v2\/types\/post"}],"author":[{"embeddable":true,"href":"https:\/\/blogdacondessa.com.br\/blog\/wp-json\/wp\/v2\/users\/2"}],"replies":[{"embeddable":true,"href":"https:\/\/blogdacondessa.com.br\/blog\/wp-json\/wp\/v2\/comments?post=8578"}],"version-history":[{"count":0,"href":"https:\/\/blogdacondessa.com.br\/blog\/wp-json\/wp\/v2\/posts\/8578\/revisions"}],"wp:featuredmedia":[{"embeddable":true,"href":"https:\/\/blogdacondessa.com.br\/blog\/wp-json\/wp\/v2\/media\/8579"}],"wp:attachment":[{"href":"https:\/\/blogdacondessa.com.br\/blog\/wp-json\/wp\/v2\/media?parent=8578"}],"wp:term":[{"taxonomy":"category","embeddable":true,"href":"https:\/\/blogdacondessa.com.br\/blog\/wp-json\/wp\/v2\/categories?post=8578"},{"taxonomy":"post_tag","embeddable":true,"href":"https:\/\/blogdacondessa.com.br\/blog\/wp-json\/wp\/v2\/tags?post=8578"}],"curies":[{"name":"wp","href":"https:\/\/api.w.org\/{rel}","templated":true}]}}