{"id":8575,"date":"2023-11-23T05:00:46","date_gmt":"2023-11-23T09:00:46","guid":{"rendered":"http:\/\/blogdacondessa.com.br\/?p=8575"},"modified":"2023-11-22T12:39:44","modified_gmt":"2023-11-22T16:39:44","slug":"atletas-de-mt-participam-de-campeonato-mundial-de-jiu-jitsu-esportivo","status":"publish","type":"post","link":"https:\/\/blogdacondessa.com.br\/blog\/esporte\/atletas-de-mt-participam-de-campeonato-mundial-de-jiu-jitsu-esportivo\/","title":{"rendered":"Atletas de MT participam de Campeonato Mundial de Jiu Jitsu Esportivo"},"content":{"rendered":"<p>Cerca de 100 atletas ir\u00e3o representar Mato Grosso no Campeonato Mundial de Jiu Jitsu Esportivo, entre os dias 23 e 26 de novembro, no Parque Ibirapuera, em S\u00e3o Paulo. Composta por esportistas de v\u00e1rias cidades mato-grossenses, a equipe saiu de Cuiab\u00e1 na ter\u00e7a-feira (21.11) em um transporte custeado pela Secretaria de Estado de Cultura, Esporte e Lazer (Secel-MT).<\/p>\n<p>A competi\u00e7\u00e3o abrange as categorias Juvenil, Adulto e Master, neste per\u00edodo. Nos dias 2 e 3 de dezembro, o mundial envolve disputas Kids, com participa\u00e7\u00e3o de mais uma equipe mato-grossense, que conta tamb\u00e9m com o apoio do Governo do Estado para a viagem. As duas competi\u00e7\u00f5es s\u00e3o realizadas pela Confedera\u00e7\u00e3o Brasileira de Jiu Jitsu Esportivo (CBJJE).<\/p>\n<p>\u201cAgrade\u00e7o o apoio do Governo do Estado, o empenho e o compromisso do secret\u00e1rio da Secel, Jefferson Carvalho Neves, e do adjunto, David Moura, para garantir esse transporte. \u00c9 uma ajuda fundamental, principalmente para os atletas com menos condi\u00e7\u00f5es financeiras\u201d, afirmou o presidente da Federa\u00e7\u00e3o de Jiu Jitsu Esportivo de Mato Grosso, Paulo C\u00e9sar Ven\u00e2ncio.<\/p>\n<p>Ainda de acordo com Ven\u00e2ncio, a 4\u00ba Etapa do Campeonato Estadual, realizada no in\u00edcio de novembro em Cuiab\u00e1, serviu como seletiva para o Campeonato Mundial. \u201cEssa seletiva foi muito importante pois atrav\u00e9s dela os primeiros colocados garantiram a vagas para o Mundial e o direito a esses \u00f4nibus exclusivos para a equipe\u201d.<\/p>\n<p>A equipe Mato Grosso \u00e9 composta por atletas de Cuiab\u00e1, V\u00e1rzea Grande, Sinop, Sorriso, Campo Verde, Lucas do Rio Verde, C\u00e1ceres, Alto Gar\u00e7as, Barra do Gar\u00e7as, S\u00e3o Jos\u00e9 do Rio Claro, Jaciara, Juscimeira, Alta Floresta, Rondon\u00f3polis, Primavera do Leste, Tangar\u00e1 da Serra, \u00c1gua Boa, Ju\u00edna, Diamantino, Sapezal, Ouro Branco, Diamantino, Comodoro, S\u00e3o Jos\u00e9 dos Quatro Marcos, Tesouro e Itiquira.<\/p>\n<p>Al\u00e9m de premia\u00e7\u00f5es individuais por atleta, o Campeonato Mundial Jiu Jitsu Esportivo inclui pontua\u00e7\u00e3o por equipe.<\/p>\n<p>&nbsp;<\/p>\n","protected":false},"excerpt":{"rendered":"<p>Cerca de 100 atletas ir\u00e3o representar Mato Grosso no Campeonato Mundial de Jiu Jitsu Esportivo, entre os dias 23 e 26 de novembro, no Parque Ibirapuera, em S\u00e3o Paulo. Composta por esportistas de v\u00e1rias cidades mato-grossenses, a equipe saiu de Cuiab\u00e1 na ter\u00e7a-feira (21.11) em um transporte custeado pela Secretaria de Estado de Cultura, Esporte [&hellip;]<\/p>\n","protected":false},"author":2,"featured_media":8576,"comment_status":"closed","ping_status":"closed","sticky":false,"template":"","format":"standard","meta":{"iawp_total_views":0,"footnotes":""},"categories":[19],"tags":[],"class_list":["post-8575","post","type-post","status-publish","format-standard","has-post-thumbnail","hentry","category-esporte"],"yoast_head":"<!-- This site is optimized with the Yoast SEO plugin v27.3 - https:\/\/yoast.com\/product\/yoast-seo-wordpress\/ -->\n<title>Atletas de MT participam de Campeonato Mundial de Jiu Jitsu Esportivo &#8902; Blog da Condessa<\/title>\n<meta name=\"robots\" content=\"index, follow, max-snippet:-1, max-image-preview:large, max-video-preview:-1\" \/>\n<link rel=\"canonical\" href=\"https:\/\/blogdacondessa.com.br\/blog\/esporte\/atletas-de-mt-participam-de-campeonato-mundial-de-jiu-jitsu-esportivo\/\" \/>\n<meta property=\"og:locale\" content=\"pt_BR\" \/>\n<meta property=\"og:type\" content=\"article\" \/>\n<meta property=\"og:title\" content=\"Atletas de MT participam de Campeonato Mundial de Jiu Jitsu Esportivo &#8902; Blog da Condessa\" \/>\n<meta property=\"og:description\" content=\"Cerca de 100 atletas ir\u00e3o representar Mato Grosso no Campeonato Mundial de Jiu Jitsu Esportivo, entre os dias 23 e 26 de novembro, no Parque Ibirapuera, em S\u00e3o Paulo. Composta por esportistas de v\u00e1rias cidades mato-grossenses, a equipe saiu de Cuiab\u00e1 na ter\u00e7a-feira (21.11) em um transporte custeado pela Secretaria de Estado de Cultura, Esporte [&hellip;]\" \/>\n<meta property=\"og:url\" content=\"https:\/\/blogdacondessa.com.br\/blog\/esporte\/atletas-de-mt-participam-de-campeonato-mundial-de-jiu-jitsu-esportivo\/\" \/>\n<meta property=\"og:site_name\" content=\"Blog da Condessa\" \/>\n<meta property=\"article:published_time\" content=\"2023-11-23T09:00:46+00:00\" \/>\n<meta property=\"og:image\" content=\"https:\/\/blogdacondessa.com.br\/blog\/wp-content\/uploads\/2023\/11\/Jiu-Jitsu-esportivo_saida-juvenil.jpeg\" \/>\n\t<meta property=\"og:image:width\" content=\"1600\" \/>\n\t<meta property=\"og:image:height\" content=\"898\" \/>\n\t<meta property=\"og:image:type\" content=\"image\/jpeg\" \/>\n<meta name=\"author\" content=\"Blog da Condessa\" \/>\n<meta name=\"twitter:card\" content=\"summary_large_image\" \/>\n<meta name=\"twitter:label1\" content=\"Escrito por\" \/>\n\t<meta name=\"twitter:data1\" content=\"Blog da Condessa\" \/>\n\t<meta name=\"twitter:label2\" content=\"Est. tempo de leitura\" \/>\n\t<meta name=\"twitter:data2\" content=\"2 minutos\" \/>\n<script type=\"application\/ld+json\" class=\"yoast-schema-graph\">{\"@context\":\"https:\\\/\\\/schema.org\",\"@graph\":[{\"@type\":\"Article\",\"@id\":\"https:\\\/\\\/blogdacondessa.com.br\\\/blog\\\/esporte\\\/atletas-de-mt-participam-de-campeonato-mundial-de-jiu-jitsu-esportivo\\\/#article\",\"isPartOf\":{\"@id\":\"https:\\\/\\\/blogdacondessa.com.br\\\/blog\\\/esporte\\\/atletas-de-mt-participam-de-campeonato-mundial-de-jiu-jitsu-esportivo\\\/\"},\"author\":{\"name\":\"Blog da Condessa\",\"@id\":\"https:\\\/\\\/blogdacondessa.com.br\\\/blog\\\/#\\\/schema\\\/person\\\/1d667ff8b785195b568677489d266035\"},\"headline\":\"Atletas de MT participam de Campeonato Mundial de Jiu Jitsu Esportivo\",\"datePublished\":\"2023-11-23T09:00:46+00:00\",\"mainEntityOfPage\":{\"@id\":\"https:\\\/\\\/blogdacondessa.com.br\\\/blog\\\/esporte\\\/atletas-de-mt-participam-de-campeonato-mundial-de-jiu-jitsu-esportivo\\\/\"},\"wordCount\":330,\"image\":{\"@id\":\"https:\\\/\\\/blogdacondessa.com.br\\\/blog\\\/esporte\\\/atletas-de-mt-participam-de-campeonato-mundial-de-jiu-jitsu-esportivo\\\/#primaryimage\"},\"thumbnailUrl\":\"https:\\\/\\\/blogdacondessa.com.br\\\/blog\\\/wp-content\\\/uploads\\\/2023\\\/11\\\/Jiu-Jitsu-esportivo_saida-juvenil.jpeg\",\"articleSection\":[\"Esporte\"],\"inLanguage\":\"pt-BR\"},{\"@type\":\"WebPage\",\"@id\":\"https:\\\/\\\/blogdacondessa.com.br\\\/blog\\\/esporte\\\/atletas-de-mt-participam-de-campeonato-mundial-de-jiu-jitsu-esportivo\\\/\",\"url\":\"https:\\\/\\\/blogdacondessa.com.br\\\/blog\\\/esporte\\\/atletas-de-mt-participam-de-campeonato-mundial-de-jiu-jitsu-esportivo\\\/\",\"name\":\"Atletas de MT participam de Campeonato Mundial de Jiu Jitsu Esportivo &#8902; Blog da Condessa\",\"isPartOf\":{\"@id\":\"https:\\\/\\\/blogdacondessa.com.br\\\/blog\\\/#website\"},\"primaryImageOfPage\":{\"@id\":\"https:\\\/\\\/blogdacondessa.com.br\\\/blog\\\/esporte\\\/atletas-de-mt-participam-de-campeonato-mundial-de-jiu-jitsu-esportivo\\\/#primaryimage\"},\"image\":{\"@id\":\"https:\\\/\\\/blogdacondessa.com.br\\\/blog\\\/esporte\\\/atletas-de-mt-participam-de-campeonato-mundial-de-jiu-jitsu-esportivo\\\/#primaryimage\"},\"thumbnailUrl\":\"https:\\\/\\\/blogdacondessa.com.br\\\/blog\\\/wp-content\\\/uploads\\\/2023\\\/11\\\/Jiu-Jitsu-esportivo_saida-juvenil.jpeg\",\"datePublished\":\"2023-11-23T09:00:46+00:00\",\"author\":{\"@id\":\"https:\\\/\\\/blogdacondessa.com.br\\\/blog\\\/#\\\/schema\\\/person\\\/1d667ff8b785195b568677489d266035\"},\"breadcrumb\":{\"@id\":\"https:\\\/\\\/blogdacondessa.com.br\\\/blog\\\/esporte\\\/atletas-de-mt-participam-de-campeonato-mundial-de-jiu-jitsu-esportivo\\\/#breadcrumb\"},\"inLanguage\":\"pt-BR\",\"potentialAction\":[{\"@type\":\"ReadAction\",\"target\":[\"https:\\\/\\\/blogdacondessa.com.br\\\/blog\\\/esporte\\\/atletas-de-mt-participam-de-campeonato-mundial-de-jiu-jitsu-esportivo\\\/\"]}]},{\"@type\":\"ImageObject\",\"inLanguage\":\"pt-BR\",\"@id\":\"https:\\\/\\\/blogdacondessa.com.br\\\/blog\\\/esporte\\\/atletas-de-mt-participam-de-campeonato-mundial-de-jiu-jitsu-esportivo\\\/#primaryimage\",\"url\":\"https:\\\/\\\/blogdacondessa.com.br\\\/blog\\\/wp-content\\\/uploads\\\/2023\\\/11\\\/Jiu-Jitsu-esportivo_saida-juvenil.jpeg\",\"contentUrl\":\"https:\\\/\\\/blogdacondessa.com.br\\\/blog\\\/wp-content\\\/uploads\\\/2023\\\/11\\\/Jiu-Jitsu-esportivo_saida-juvenil.jpeg\",\"width\":1600,\"height\":898,\"caption\":\"Foto por: Divulga\u00e7\u00e3o\"},{\"@type\":\"BreadcrumbList\",\"@id\":\"https:\\\/\\\/blogdacondessa.com.br\\\/blog\\\/esporte\\\/atletas-de-mt-participam-de-campeonato-mundial-de-jiu-jitsu-esportivo\\\/#breadcrumb\",\"itemListElement\":[{\"@type\":\"ListItem\",\"position\":1,\"name\":\"In\u00edcio\",\"item\":\"https:\\\/\\\/blogdacondessa.com.br\\\/blog\\\/\"},{\"@type\":\"ListItem\",\"position\":2,\"name\":\"Atletas de MT participam de Campeonato Mundial de Jiu Jitsu Esportivo\"}]},{\"@type\":\"WebSite\",\"@id\":\"https:\\\/\\\/blogdacondessa.com.br\\\/blog\\\/#website\",\"url\":\"https:\\\/\\\/blogdacondessa.com.br\\\/blog\\\/\",\"name\":\"Blog da Condessa\",\"description\":\"Com Shirley de Souza O\u2019Campos\",\"potentialAction\":[{\"@type\":\"SearchAction\",\"target\":{\"@type\":\"EntryPoint\",\"urlTemplate\":\"https:\\\/\\\/blogdacondessa.com.br\\\/blog\\\/?s={search_term_string}\"},\"query-input\":{\"@type\":\"PropertyValueSpecification\",\"valueRequired\":true,\"valueName\":\"search_term_string\"}}],\"inLanguage\":\"pt-BR\"},{\"@type\":\"Person\",\"@id\":\"https:\\\/\\\/blogdacondessa.com.br\\\/blog\\\/#\\\/schema\\\/person\\\/1d667ff8b785195b568677489d266035\",\"name\":\"Blog da Condessa\",\"image\":{\"@type\":\"ImageObject\",\"inLanguage\":\"pt-BR\",\"@id\":\"https:\\\/\\\/secure.gravatar.com\\\/avatar\\\/377c0eb8b4ad2bfc25461b41564b5971e721ca34a57642868fc7b0c8ac7b52c5?s=96&d=mm&r=g\",\"url\":\"https:\\\/\\\/secure.gravatar.com\\\/avatar\\\/377c0eb8b4ad2bfc25461b41564b5971e721ca34a57642868fc7b0c8ac7b52c5?s=96&d=mm&r=g\",\"contentUrl\":\"https:\\\/\\\/secure.gravatar.com\\\/avatar\\\/377c0eb8b4ad2bfc25461b41564b5971e721ca34a57642868fc7b0c8ac7b52c5?s=96&d=mm&r=g\",\"caption\":\"Blog da Condessa\"},\"url\":\"https:\\\/\\\/blogdacondessa.com.br\\\/blog\\\/author\\\/beatriz\\\/\"}]}<\/script>\n<!-- \/ Yoast SEO plugin. -->","yoast_head_json":{"title":"Atletas de MT participam de Campeonato Mundial de Jiu Jitsu Esportivo &#8902; Blog da Condessa","robots":{"index":"index","follow":"follow","max-snippet":"max-snippet:-1","max-image-preview":"max-image-preview:large","max-video-preview":"max-video-preview:-1"},"canonical":"https:\/\/blogdacondessa.com.br\/blog\/esporte\/atletas-de-mt-participam-de-campeonato-mundial-de-jiu-jitsu-esportivo\/","og_locale":"pt_BR","og_type":"article","og_title":"Atletas de MT participam de Campeonato Mundial de Jiu Jitsu Esportivo &#8902; Blog da Condessa","og_description":"Cerca de 100 atletas ir\u00e3o representar Mato Grosso no Campeonato Mundial de Jiu Jitsu Esportivo, entre os dias 23 e 26 de novembro, no Parque Ibirapuera, em S\u00e3o Paulo. Composta por esportistas de v\u00e1rias cidades mato-grossenses, a equipe saiu de Cuiab\u00e1 na ter\u00e7a-feira (21.11) em um transporte custeado pela Secretaria de Estado de Cultura, Esporte [&hellip;]","og_url":"https:\/\/blogdacondessa.com.br\/blog\/esporte\/atletas-de-mt-participam-de-campeonato-mundial-de-jiu-jitsu-esportivo\/","og_site_name":"Blog da Condessa","article_published_time":"2023-11-23T09:00:46+00:00","og_image":[{"width":1600,"height":898,"url":"https:\/\/blogdacondessa.com.br\/blog\/wp-content\/uploads\/2023\/11\/Jiu-Jitsu-esportivo_saida-juvenil.jpeg","type":"image\/jpeg"}],"author":"Blog da Condessa","twitter_card":"summary_large_image","twitter_misc":{"Escrito por":"Blog da Condessa","Est. tempo de leitura":"2 minutos"},"schema":{"@context":"https:\/\/schema.org","@graph":[{"@type":"Article","@id":"https:\/\/blogdacondessa.com.br\/blog\/esporte\/atletas-de-mt-participam-de-campeonato-mundial-de-jiu-jitsu-esportivo\/#article","isPartOf":{"@id":"https:\/\/blogdacondessa.com.br\/blog\/esporte\/atletas-de-mt-participam-de-campeonato-mundial-de-jiu-jitsu-esportivo\/"},"author":{"name":"Blog da Condessa","@id":"https:\/\/blogdacondessa.com.br\/blog\/#\/schema\/person\/1d667ff8b785195b568677489d266035"},"headline":"Atletas de MT participam de Campeonato Mundial de Jiu Jitsu Esportivo","datePublished":"2023-11-23T09:00:46+00:00","mainEntityOfPage":{"@id":"https:\/\/blogdacondessa.com.br\/blog\/esporte\/atletas-de-mt-participam-de-campeonato-mundial-de-jiu-jitsu-esportivo\/"},"wordCount":330,"image":{"@id":"https:\/\/blogdacondessa.com.br\/blog\/esporte\/atletas-de-mt-participam-de-campeonato-mundial-de-jiu-jitsu-esportivo\/#primaryimage"},"thumbnailUrl":"https:\/\/blogdacondessa.com.br\/blog\/wp-content\/uploads\/2023\/11\/Jiu-Jitsu-esportivo_saida-juvenil.jpeg","articleSection":["Esporte"],"inLanguage":"pt-BR"},{"@type":"WebPage","@id":"https:\/\/blogdacondessa.com.br\/blog\/esporte\/atletas-de-mt-participam-de-campeonato-mundial-de-jiu-jitsu-esportivo\/","url":"https:\/\/blogdacondessa.com.br\/blog\/esporte\/atletas-de-mt-participam-de-campeonato-mundial-de-jiu-jitsu-esportivo\/","name":"Atletas de MT participam de Campeonato Mundial de Jiu Jitsu Esportivo &#8902; Blog da Condessa","isPartOf":{"@id":"https:\/\/blogdacondessa.com.br\/blog\/#website"},"primaryImageOfPage":{"@id":"https:\/\/blogdacondessa.com.br\/blog\/esporte\/atletas-de-mt-participam-de-campeonato-mundial-de-jiu-jitsu-esportivo\/#primaryimage"},"image":{"@id":"https:\/\/blogdacondessa.com.br\/blog\/esporte\/atletas-de-mt-participam-de-campeonato-mundial-de-jiu-jitsu-esportivo\/#primaryimage"},"thumbnailUrl":"https:\/\/blogdacondessa.com.br\/blog\/wp-content\/uploads\/2023\/11\/Jiu-Jitsu-esportivo_saida-juvenil.jpeg","datePublished":"2023-11-23T09:00:46+00:00","author":{"@id":"https:\/\/blogdacondessa.com.br\/blog\/#\/schema\/person\/1d667ff8b785195b568677489d266035"},"breadcrumb":{"@id":"https:\/\/blogdacondessa.com.br\/blog\/esporte\/atletas-de-mt-participam-de-campeonato-mundial-de-jiu-jitsu-esportivo\/#breadcrumb"},"inLanguage":"pt-BR","potentialAction":[{"@type":"ReadAction","target":["https:\/\/blogdacondessa.com.br\/blog\/esporte\/atletas-de-mt-participam-de-campeonato-mundial-de-jiu-jitsu-esportivo\/"]}]},{"@type":"ImageObject","inLanguage":"pt-BR","@id":"https:\/\/blogdacondessa.com.br\/blog\/esporte\/atletas-de-mt-participam-de-campeonato-mundial-de-jiu-jitsu-esportivo\/#primaryimage","url":"https:\/\/blogdacondessa.com.br\/blog\/wp-content\/uploads\/2023\/11\/Jiu-Jitsu-esportivo_saida-juvenil.jpeg","contentUrl":"https:\/\/blogdacondessa.com.br\/blog\/wp-content\/uploads\/2023\/11\/Jiu-Jitsu-esportivo_saida-juvenil.jpeg","width":1600,"height":898,"caption":"Foto por: Divulga\u00e7\u00e3o"},{"@type":"BreadcrumbList","@id":"https:\/\/blogdacondessa.com.br\/blog\/esporte\/atletas-de-mt-participam-de-campeonato-mundial-de-jiu-jitsu-esportivo\/#breadcrumb","itemListElement":[{"@type":"ListItem","position":1,"name":"In\u00edcio","item":"https:\/\/blogdacondessa.com.br\/blog\/"},{"@type":"ListItem","position":2,"name":"Atletas de MT participam de Campeonato Mundial de Jiu Jitsu Esportivo"}]},{"@type":"WebSite","@id":"https:\/\/blogdacondessa.com.br\/blog\/#website","url":"https:\/\/blogdacondessa.com.br\/blog\/","name":"Blog da Condessa","description":"Com Shirley de Souza O\u2019Campos","potentialAction":[{"@type":"SearchAction","target":{"@type":"EntryPoint","urlTemplate":"https:\/\/blogdacondessa.com.br\/blog\/?s={search_term_string}"},"query-input":{"@type":"PropertyValueSpecification","valueRequired":true,"valueName":"search_term_string"}}],"inLanguage":"pt-BR"},{"@type":"Person","@id":"https:\/\/blogdacondessa.com.br\/blog\/#\/schema\/person\/1d667ff8b785195b568677489d266035","name":"Blog da Condessa","image":{"@type":"ImageObject","inLanguage":"pt-BR","@id":"https:\/\/secure.gravatar.com\/avatar\/377c0eb8b4ad2bfc25461b41564b5971e721ca34a57642868fc7b0c8ac7b52c5?s=96&d=mm&r=g","url":"https:\/\/secure.gravatar.com\/avatar\/377c0eb8b4ad2bfc25461b41564b5971e721ca34a57642868fc7b0c8ac7b52c5?s=96&d=mm&r=g","contentUrl":"https:\/\/secure.gravatar.com\/avatar\/377c0eb8b4ad2bfc25461b41564b5971e721ca34a57642868fc7b0c8ac7b52c5?s=96&d=mm&r=g","caption":"Blog da Condessa"},"url":"https:\/\/blogdacondessa.com.br\/blog\/author\/beatriz\/"}]}},"_links":{"self":[{"href":"https:\/\/blogdacondessa.com.br\/blog\/wp-json\/wp\/v2\/posts\/8575","targetHints":{"allow":["GET"]}}],"collection":[{"href":"https:\/\/blogdacondessa.com.br\/blog\/wp-json\/wp\/v2\/posts"}],"about":[{"href":"https:\/\/blogdacondessa.com.br\/blog\/wp-json\/wp\/v2\/types\/post"}],"author":[{"embeddable":true,"href":"https:\/\/blogdacondessa.com.br\/blog\/wp-json\/wp\/v2\/users\/2"}],"replies":[{"embeddable":true,"href":"https:\/\/blogdacondessa.com.br\/blog\/wp-json\/wp\/v2\/comments?post=8575"}],"version-history":[{"count":0,"href":"https:\/\/blogdacondessa.com.br\/blog\/wp-json\/wp\/v2\/posts\/8575\/revisions"}],"wp:featuredmedia":[{"embeddable":true,"href":"https:\/\/blogdacondessa.com.br\/blog\/wp-json\/wp\/v2\/media\/8576"}],"wp:attachment":[{"href":"https:\/\/blogdacondessa.com.br\/blog\/wp-json\/wp\/v2\/media?parent=8575"}],"wp:term":[{"taxonomy":"category","embeddable":true,"href":"https:\/\/blogdacondessa.com.br\/blog\/wp-json\/wp\/v2\/categories?post=8575"},{"taxonomy":"post_tag","embeddable":true,"href":"https:\/\/blogdacondessa.com.br\/blog\/wp-json\/wp\/v2\/tags?post=8575"}],"curies":[{"name":"wp","href":"https:\/\/api.w.org\/{rel}","templated":true}]}}