{"id":8572,"date":"2023-11-23T05:00:35","date_gmt":"2023-11-23T09:00:35","guid":{"rendered":"http:\/\/blogdacondessa.com.br\/?p=8572"},"modified":"2023-11-22T12:22:33","modified_gmt":"2023-11-22T16:22:33","slug":"infectologista-alerta-para-a-importancia-da-vacinacao-para-evitar-quadros-mais-graves-de-pneumonia","status":"publish","type":"post","link":"https:\/\/blogdacondessa.com.br\/blog\/saude\/infectologista-alerta-para-a-importancia-da-vacinacao-para-evitar-quadros-mais-graves-de-pneumonia\/","title":{"rendered":"Infectologista alerta para a import\u00e2ncia da vacina\u00e7\u00e3o para evitar quadros mais graves de pneumonia"},"content":{"rendered":"<p>A doen\u00e7a \u00e9 uma das principais causas de morte de crian\u00e7as com at\u00e9 5 anos no mundo.<\/p>\n<p>Doen\u00e7a inflamat\u00f3ria aguda que atinge os pulm\u00f5es, a pneumonia \u00e9 uma das principais causadoras de mortalidade em crian\u00e7as no mundo. Dados do Fundo das Na\u00e7\u00f5es Unidas para a Inf\u00e2ncia (Unicef) apontam que mais de 6,3 milh\u00f5es de pessoas com at\u00e9 5 anos de idade podem morrer de pneumonia at\u00e9 2030.\u00a0 A doen\u00e7a, que acomete principalmente crian\u00e7as e idosos, pode ser evitada por meio de vacinas seguras e eficazes dispon\u00edveis para a popula\u00e7\u00e3o.<\/p>\n<p>O infectologista e consultor t\u00e9cnico do Sabin Diagn\u00f3stico e Sa\u00fade, Claudilson Bastos, salienta a seguran\u00e7a e efic\u00e1cia dos imunizantes dispon\u00edveis nas redes p\u00fablica e privada. \u201cAlgumas pneumonias virais e bacterianas podem ser evitadas ou minimizadas com as vacinas, uma vez que a imuniza\u00e7\u00e3o estimula o sistema imunol\u00f3gico a produzir prote\u00e7\u00e3o de longa dura\u00e7\u00e3o e, com mem\u00f3ria imunol\u00f3gica, diminui o risco de as pessoas vacinadas contra\u00edrem as diferentes formas das doen\u00e7as pelos sorotipos presentes nas vacinas\u201d, pontua.<\/p>\n<p>Para pneumonias causadas por bact\u00e9rias, por exemplo, h\u00e1 as vacinas pneumo 10, 13, 15 e 23. Na rede privada, h\u00e1 dois imunizantes dispon\u00edveis para a popula\u00e7\u00e3o em geral que protegem contra mais sorotipos (a Pneumo 13 e a 15), que s\u00e3o indicados para \u00a0prevenir que esses agentes infecciosos contaminem o sangue e outras partes do corpo, pneumonia e otite m\u00e9dia em lactentes, crian\u00e7as e adolescentes at\u00e9 17 anos e 11 meses. Para adultos, com 18 anos ou mais, elas previnem doen\u00e7a pneumoc\u00f3cica causada pelo Streptococcus pneumoniae dos sorotipos 1, 3, 4, 5, 6A, 6B, 7F, 9V, 14, 18C, 19A, 19F e 23F. No caso da 15, a vacina oferece prote\u00e7\u00e3o tamb\u00e9m contra os sorotipos 22F e 33F.<\/p>\n<p>O infectologista ainda esclarece que as vacinas para o v\u00edrus Influenza e a Covid-19 evitam riscos de gravidade, principalmente em crian\u00e7as, idosos e imunocomprometidos. Na Bahia, o cen\u00e1rio atual para o coronav\u00edrus SARS-CoV-2 acendeu um alerta importante. Isso porque, no per\u00edodo de 29 de outubro a 4 de novembro, os casos de infec\u00e7\u00e3o cresceram mais de 130%, com um total de 654 testes positivos, no comparativo com a semana de 22 a 28 de outubro. \u201cDiante deste cen\u00e1rio, a imuniza\u00e7\u00e3o contra esta doen\u00e7a tamb\u00e9m se torna indispens\u00e1vel, principalmente para evitar sintomas mais graves, como pneumonia e insufici\u00eancia respirat\u00f3ria aguda\u201d, esclarece o infectologista.<\/p>\n<p><strong>Sintomas e tratamento da pneumonia\u00a0\u00a0<\/strong><\/p>\n<p>Claudilson Bastos informa que a pneumonia pode ser adquirida pelo ar, principalmente em aglomera\u00e7\u00f5es e ambientes fechados, saliva, secre\u00e7\u00f5es, transfus\u00e3o de sangue ou devido a mudan\u00e7as dr\u00e1sticas de temperatura, o que compromete o funcionamento dos pelos do nariz respons\u00e1veis pela filtragem do ar aspirado. A doen\u00e7a pode apresentar diversos sintomas, como tosse seca, com expectora\u00e7\u00e3o ou n\u00e3o, febre, dor tor\u00e1cica ao respirar, al\u00e9m de cefaleia (dor de cabe\u00e7a), dores no corpo, indisposi\u00e7\u00e3o e falta de apetite.<\/p>\n<p>\u201cUma pneumonia pode evoluir, por exemplo, para uma insufici\u00eancia respirat\u00f3ria aguda, abscesso ou empiema pulmonar (presen\u00e7a de pus franco no espa\u00e7o pleural). E se n\u00e3o tratada de forma adequada, pode levar a \u00f3bito, a depender do agente etiol\u00f3gico: viral, bacteriano, fungo ou protozo\u00e1rio\u201d, explica ele, acrescentando que \u201ca maioria das pneumonias pode ser tratada com antimicrobianos, como antibi\u00f3ticos e antivirais, se prescritos em tempo h\u00e1bil\u201d.<\/p>\n<table>\n<tbody>\n<tr>\n<td width=\"44\">&nbsp;<\/td>\n<td width=\"922\">&nbsp;<\/td>\n<\/tr>\n<\/tbody>\n<\/table>\n<p>&nbsp;<\/p>\n","protected":false},"excerpt":{"rendered":"<p>A doen\u00e7a \u00e9 uma das principais causas de morte de crian\u00e7as com at\u00e9 5 anos no mundo. Doen\u00e7a inflamat\u00f3ria aguda que atinge os pulm\u00f5es, a pneumonia \u00e9 uma das principais causadoras de mortalidade em crian\u00e7as no mundo. Dados do Fundo das Na\u00e7\u00f5es Unidas para a Inf\u00e2ncia (Unicef) apontam que mais de 6,3 milh\u00f5es de pessoas [&hellip;]<\/p>\n","protected":false},"author":2,"featured_media":8573,"comment_status":"closed","ping_status":"closed","sticky":false,"template":"","format":"standard","meta":{"iawp_total_views":0,"footnotes":""},"categories":[5],"tags":[],"class_list":["post-8572","post","type-post","status-publish","format-standard","has-post-thumbnail","hentry","category-saude"],"yoast_head":"<!-- This site is optimized with the Yoast SEO plugin v27.3 - https:\/\/yoast.com\/product\/yoast-seo-wordpress\/ -->\n<title>Infectologista alerta para a import\u00e2ncia da vacina\u00e7\u00e3o para evitar quadros mais graves de pneumonia &#8902; Blog da Condessa<\/title>\n<meta name=\"robots\" content=\"index, follow, max-snippet:-1, max-image-preview:large, max-video-preview:-1\" \/>\n<link rel=\"canonical\" href=\"https:\/\/blogdacondessa.com.br\/blog\/saude\/infectologista-alerta-para-a-importancia-da-vacinacao-para-evitar-quadros-mais-graves-de-pneumonia\/\" \/>\n<meta property=\"og:locale\" content=\"pt_BR\" \/>\n<meta property=\"og:type\" content=\"article\" \/>\n<meta property=\"og:title\" content=\"Infectologista alerta para a import\u00e2ncia da vacina\u00e7\u00e3o para evitar quadros mais graves de pneumonia &#8902; Blog da Condessa\" \/>\n<meta property=\"og:description\" content=\"A doen\u00e7a \u00e9 uma das principais causas de morte de crian\u00e7as com at\u00e9 5 anos no mundo. Doen\u00e7a inflamat\u00f3ria aguda que atinge os pulm\u00f5es, a pneumonia \u00e9 uma das principais causadoras de mortalidade em crian\u00e7as no mundo. Dados do Fundo das Na\u00e7\u00f5es Unidas para a Inf\u00e2ncia (Unicef) apontam que mais de 6,3 milh\u00f5es de pessoas [&hellip;]\" \/>\n<meta property=\"og:url\" content=\"https:\/\/blogdacondessa.com.br\/blog\/saude\/infectologista-alerta-para-a-importancia-da-vacinacao-para-evitar-quadros-mais-graves-de-pneumonia\/\" \/>\n<meta property=\"og:site_name\" content=\"Blog da Condessa\" \/>\n<meta property=\"article:published_time\" content=\"2023-11-23T09:00:35+00:00\" \/>\n<meta property=\"og:image\" content=\"https:\/\/blogdacondessa.com.br\/blog\/wp-content\/uploads\/2023\/11\/pneumonia.jpg\" \/>\n\t<meta property=\"og:image:width\" content=\"662\" \/>\n\t<meta property=\"og:image:height\" content=\"497\" \/>\n\t<meta property=\"og:image:type\" content=\"image\/jpeg\" \/>\n<meta name=\"author\" content=\"Blog da Condessa\" \/>\n<meta name=\"twitter:card\" content=\"summary_large_image\" \/>\n<meta name=\"twitter:label1\" content=\"Escrito por\" \/>\n\t<meta name=\"twitter:data1\" content=\"Blog da Condessa\" \/>\n\t<meta name=\"twitter:label2\" content=\"Est. tempo de leitura\" \/>\n\t<meta name=\"twitter:data2\" content=\"3 minutos\" \/>\n<script type=\"application\/ld+json\" class=\"yoast-schema-graph\">{\"@context\":\"https:\\\/\\\/schema.org\",\"@graph\":[{\"@type\":\"Article\",\"@id\":\"https:\\\/\\\/blogdacondessa.com.br\\\/blog\\\/saude\\\/infectologista-alerta-para-a-importancia-da-vacinacao-para-evitar-quadros-mais-graves-de-pneumonia\\\/#article\",\"isPartOf\":{\"@id\":\"https:\\\/\\\/blogdacondessa.com.br\\\/blog\\\/saude\\\/infectologista-alerta-para-a-importancia-da-vacinacao-para-evitar-quadros-mais-graves-de-pneumonia\\\/\"},\"author\":{\"name\":\"Blog da Condessa\",\"@id\":\"https:\\\/\\\/blogdacondessa.com.br\\\/blog\\\/#\\\/schema\\\/person\\\/1d667ff8b785195b568677489d266035\"},\"headline\":\"Infectologista alerta para a import\u00e2ncia da vacina\u00e7\u00e3o para evitar quadros mais graves de pneumonia\",\"datePublished\":\"2023-11-23T09:00:35+00:00\",\"mainEntityOfPage\":{\"@id\":\"https:\\\/\\\/blogdacondessa.com.br\\\/blog\\\/saude\\\/infectologista-alerta-para-a-importancia-da-vacinacao-para-evitar-quadros-mais-graves-de-pneumonia\\\/\"},\"wordCount\":595,\"image\":{\"@id\":\"https:\\\/\\\/blogdacondessa.com.br\\\/blog\\\/saude\\\/infectologista-alerta-para-a-importancia-da-vacinacao-para-evitar-quadros-mais-graves-de-pneumonia\\\/#primaryimage\"},\"thumbnailUrl\":\"https:\\\/\\\/blogdacondessa.com.br\\\/blog\\\/wp-content\\\/uploads\\\/2023\\\/11\\\/pneumonia.jpg\",\"articleSection\":[\"Sa\u00fade\"],\"inLanguage\":\"pt-BR\"},{\"@type\":\"WebPage\",\"@id\":\"https:\\\/\\\/blogdacondessa.com.br\\\/blog\\\/saude\\\/infectologista-alerta-para-a-importancia-da-vacinacao-para-evitar-quadros-mais-graves-de-pneumonia\\\/\",\"url\":\"https:\\\/\\\/blogdacondessa.com.br\\\/blog\\\/saude\\\/infectologista-alerta-para-a-importancia-da-vacinacao-para-evitar-quadros-mais-graves-de-pneumonia\\\/\",\"name\":\"Infectologista alerta para a import\u00e2ncia da vacina\u00e7\u00e3o para evitar quadros mais graves de pneumonia &#8902; Blog da Condessa\",\"isPartOf\":{\"@id\":\"https:\\\/\\\/blogdacondessa.com.br\\\/blog\\\/#website\"},\"primaryImageOfPage\":{\"@id\":\"https:\\\/\\\/blogdacondessa.com.br\\\/blog\\\/saude\\\/infectologista-alerta-para-a-importancia-da-vacinacao-para-evitar-quadros-mais-graves-de-pneumonia\\\/#primaryimage\"},\"image\":{\"@id\":\"https:\\\/\\\/blogdacondessa.com.br\\\/blog\\\/saude\\\/infectologista-alerta-para-a-importancia-da-vacinacao-para-evitar-quadros-mais-graves-de-pneumonia\\\/#primaryimage\"},\"thumbnailUrl\":\"https:\\\/\\\/blogdacondessa.com.br\\\/blog\\\/wp-content\\\/uploads\\\/2023\\\/11\\\/pneumonia.jpg\",\"datePublished\":\"2023-11-23T09:00:35+00:00\",\"author\":{\"@id\":\"https:\\\/\\\/blogdacondessa.com.br\\\/blog\\\/#\\\/schema\\\/person\\\/1d667ff8b785195b568677489d266035\"},\"breadcrumb\":{\"@id\":\"https:\\\/\\\/blogdacondessa.com.br\\\/blog\\\/saude\\\/infectologista-alerta-para-a-importancia-da-vacinacao-para-evitar-quadros-mais-graves-de-pneumonia\\\/#breadcrumb\"},\"inLanguage\":\"pt-BR\",\"potentialAction\":[{\"@type\":\"ReadAction\",\"target\":[\"https:\\\/\\\/blogdacondessa.com.br\\\/blog\\\/saude\\\/infectologista-alerta-para-a-importancia-da-vacinacao-para-evitar-quadros-mais-graves-de-pneumonia\\\/\"]}]},{\"@type\":\"ImageObject\",\"inLanguage\":\"pt-BR\",\"@id\":\"https:\\\/\\\/blogdacondessa.com.br\\\/blog\\\/saude\\\/infectologista-alerta-para-a-importancia-da-vacinacao-para-evitar-quadros-mais-graves-de-pneumonia\\\/#primaryimage\",\"url\":\"https:\\\/\\\/blogdacondessa.com.br\\\/blog\\\/wp-content\\\/uploads\\\/2023\\\/11\\\/pneumonia.jpg\",\"contentUrl\":\"https:\\\/\\\/blogdacondessa.com.br\\\/blog\\\/wp-content\\\/uploads\\\/2023\\\/11\\\/pneumonia.jpg\",\"width\":662,\"height\":497},{\"@type\":\"BreadcrumbList\",\"@id\":\"https:\\\/\\\/blogdacondessa.com.br\\\/blog\\\/saude\\\/infectologista-alerta-para-a-importancia-da-vacinacao-para-evitar-quadros-mais-graves-de-pneumonia\\\/#breadcrumb\",\"itemListElement\":[{\"@type\":\"ListItem\",\"position\":1,\"name\":\"In\u00edcio\",\"item\":\"https:\\\/\\\/blogdacondessa.com.br\\\/blog\\\/\"},{\"@type\":\"ListItem\",\"position\":2,\"name\":\"Infectologista alerta para a import\u00e2ncia da vacina\u00e7\u00e3o para evitar quadros mais graves de pneumonia\"}]},{\"@type\":\"WebSite\",\"@id\":\"https:\\\/\\\/blogdacondessa.com.br\\\/blog\\\/#website\",\"url\":\"https:\\\/\\\/blogdacondessa.com.br\\\/blog\\\/\",\"name\":\"Blog da Condessa\",\"description\":\"Com Shirley de Souza O\u2019Campos\",\"potentialAction\":[{\"@type\":\"SearchAction\",\"target\":{\"@type\":\"EntryPoint\",\"urlTemplate\":\"https:\\\/\\\/blogdacondessa.com.br\\\/blog\\\/?s={search_term_string}\"},\"query-input\":{\"@type\":\"PropertyValueSpecification\",\"valueRequired\":true,\"valueName\":\"search_term_string\"}}],\"inLanguage\":\"pt-BR\"},{\"@type\":\"Person\",\"@id\":\"https:\\\/\\\/blogdacondessa.com.br\\\/blog\\\/#\\\/schema\\\/person\\\/1d667ff8b785195b568677489d266035\",\"name\":\"Blog da Condessa\",\"image\":{\"@type\":\"ImageObject\",\"inLanguage\":\"pt-BR\",\"@id\":\"https:\\\/\\\/secure.gravatar.com\\\/avatar\\\/377c0eb8b4ad2bfc25461b41564b5971e721ca34a57642868fc7b0c8ac7b52c5?s=96&d=mm&r=g\",\"url\":\"https:\\\/\\\/secure.gravatar.com\\\/avatar\\\/377c0eb8b4ad2bfc25461b41564b5971e721ca34a57642868fc7b0c8ac7b52c5?s=96&d=mm&r=g\",\"contentUrl\":\"https:\\\/\\\/secure.gravatar.com\\\/avatar\\\/377c0eb8b4ad2bfc25461b41564b5971e721ca34a57642868fc7b0c8ac7b52c5?s=96&d=mm&r=g\",\"caption\":\"Blog da Condessa\"},\"url\":\"https:\\\/\\\/blogdacondessa.com.br\\\/blog\\\/author\\\/beatriz\\\/\"}]}<\/script>\n<!-- \/ Yoast SEO plugin. -->","yoast_head_json":{"title":"Infectologista alerta para a import\u00e2ncia da vacina\u00e7\u00e3o para evitar quadros mais graves de pneumonia &#8902; Blog da Condessa","robots":{"index":"index","follow":"follow","max-snippet":"max-snippet:-1","max-image-preview":"max-image-preview:large","max-video-preview":"max-video-preview:-1"},"canonical":"https:\/\/blogdacondessa.com.br\/blog\/saude\/infectologista-alerta-para-a-importancia-da-vacinacao-para-evitar-quadros-mais-graves-de-pneumonia\/","og_locale":"pt_BR","og_type":"article","og_title":"Infectologista alerta para a import\u00e2ncia da vacina\u00e7\u00e3o para evitar quadros mais graves de pneumonia &#8902; Blog da Condessa","og_description":"A doen\u00e7a \u00e9 uma das principais causas de morte de crian\u00e7as com at\u00e9 5 anos no mundo. Doen\u00e7a inflamat\u00f3ria aguda que atinge os pulm\u00f5es, a pneumonia \u00e9 uma das principais causadoras de mortalidade em crian\u00e7as no mundo. Dados do Fundo das Na\u00e7\u00f5es Unidas para a Inf\u00e2ncia (Unicef) apontam que mais de 6,3 milh\u00f5es de pessoas [&hellip;]","og_url":"https:\/\/blogdacondessa.com.br\/blog\/saude\/infectologista-alerta-para-a-importancia-da-vacinacao-para-evitar-quadros-mais-graves-de-pneumonia\/","og_site_name":"Blog da Condessa","article_published_time":"2023-11-23T09:00:35+00:00","og_image":[{"width":662,"height":497,"url":"https:\/\/blogdacondessa.com.br\/blog\/wp-content\/uploads\/2023\/11\/pneumonia.jpg","type":"image\/jpeg"}],"author":"Blog da Condessa","twitter_card":"summary_large_image","twitter_misc":{"Escrito por":"Blog da Condessa","Est. tempo de leitura":"3 minutos"},"schema":{"@context":"https:\/\/schema.org","@graph":[{"@type":"Article","@id":"https:\/\/blogdacondessa.com.br\/blog\/saude\/infectologista-alerta-para-a-importancia-da-vacinacao-para-evitar-quadros-mais-graves-de-pneumonia\/#article","isPartOf":{"@id":"https:\/\/blogdacondessa.com.br\/blog\/saude\/infectologista-alerta-para-a-importancia-da-vacinacao-para-evitar-quadros-mais-graves-de-pneumonia\/"},"author":{"name":"Blog da Condessa","@id":"https:\/\/blogdacondessa.com.br\/blog\/#\/schema\/person\/1d667ff8b785195b568677489d266035"},"headline":"Infectologista alerta para a import\u00e2ncia da vacina\u00e7\u00e3o para evitar quadros mais graves de pneumonia","datePublished":"2023-11-23T09:00:35+00:00","mainEntityOfPage":{"@id":"https:\/\/blogdacondessa.com.br\/blog\/saude\/infectologista-alerta-para-a-importancia-da-vacinacao-para-evitar-quadros-mais-graves-de-pneumonia\/"},"wordCount":595,"image":{"@id":"https:\/\/blogdacondessa.com.br\/blog\/saude\/infectologista-alerta-para-a-importancia-da-vacinacao-para-evitar-quadros-mais-graves-de-pneumonia\/#primaryimage"},"thumbnailUrl":"https:\/\/blogdacondessa.com.br\/blog\/wp-content\/uploads\/2023\/11\/pneumonia.jpg","articleSection":["Sa\u00fade"],"inLanguage":"pt-BR"},{"@type":"WebPage","@id":"https:\/\/blogdacondessa.com.br\/blog\/saude\/infectologista-alerta-para-a-importancia-da-vacinacao-para-evitar-quadros-mais-graves-de-pneumonia\/","url":"https:\/\/blogdacondessa.com.br\/blog\/saude\/infectologista-alerta-para-a-importancia-da-vacinacao-para-evitar-quadros-mais-graves-de-pneumonia\/","name":"Infectologista alerta para a import\u00e2ncia da vacina\u00e7\u00e3o para evitar quadros mais graves de pneumonia &#8902; Blog da Condessa","isPartOf":{"@id":"https:\/\/blogdacondessa.com.br\/blog\/#website"},"primaryImageOfPage":{"@id":"https:\/\/blogdacondessa.com.br\/blog\/saude\/infectologista-alerta-para-a-importancia-da-vacinacao-para-evitar-quadros-mais-graves-de-pneumonia\/#primaryimage"},"image":{"@id":"https:\/\/blogdacondessa.com.br\/blog\/saude\/infectologista-alerta-para-a-importancia-da-vacinacao-para-evitar-quadros-mais-graves-de-pneumonia\/#primaryimage"},"thumbnailUrl":"https:\/\/blogdacondessa.com.br\/blog\/wp-content\/uploads\/2023\/11\/pneumonia.jpg","datePublished":"2023-11-23T09:00:35+00:00","author":{"@id":"https:\/\/blogdacondessa.com.br\/blog\/#\/schema\/person\/1d667ff8b785195b568677489d266035"},"breadcrumb":{"@id":"https:\/\/blogdacondessa.com.br\/blog\/saude\/infectologista-alerta-para-a-importancia-da-vacinacao-para-evitar-quadros-mais-graves-de-pneumonia\/#breadcrumb"},"inLanguage":"pt-BR","potentialAction":[{"@type":"ReadAction","target":["https:\/\/blogdacondessa.com.br\/blog\/saude\/infectologista-alerta-para-a-importancia-da-vacinacao-para-evitar-quadros-mais-graves-de-pneumonia\/"]}]},{"@type":"ImageObject","inLanguage":"pt-BR","@id":"https:\/\/blogdacondessa.com.br\/blog\/saude\/infectologista-alerta-para-a-importancia-da-vacinacao-para-evitar-quadros-mais-graves-de-pneumonia\/#primaryimage","url":"https:\/\/blogdacondessa.com.br\/blog\/wp-content\/uploads\/2023\/11\/pneumonia.jpg","contentUrl":"https:\/\/blogdacondessa.com.br\/blog\/wp-content\/uploads\/2023\/11\/pneumonia.jpg","width":662,"height":497},{"@type":"BreadcrumbList","@id":"https:\/\/blogdacondessa.com.br\/blog\/saude\/infectologista-alerta-para-a-importancia-da-vacinacao-para-evitar-quadros-mais-graves-de-pneumonia\/#breadcrumb","itemListElement":[{"@type":"ListItem","position":1,"name":"In\u00edcio","item":"https:\/\/blogdacondessa.com.br\/blog\/"},{"@type":"ListItem","position":2,"name":"Infectologista alerta para a import\u00e2ncia da vacina\u00e7\u00e3o para evitar quadros mais graves de pneumonia"}]},{"@type":"WebSite","@id":"https:\/\/blogdacondessa.com.br\/blog\/#website","url":"https:\/\/blogdacondessa.com.br\/blog\/","name":"Blog da Condessa","description":"Com Shirley de Souza O\u2019Campos","potentialAction":[{"@type":"SearchAction","target":{"@type":"EntryPoint","urlTemplate":"https:\/\/blogdacondessa.com.br\/blog\/?s={search_term_string}"},"query-input":{"@type":"PropertyValueSpecification","valueRequired":true,"valueName":"search_term_string"}}],"inLanguage":"pt-BR"},{"@type":"Person","@id":"https:\/\/blogdacondessa.com.br\/blog\/#\/schema\/person\/1d667ff8b785195b568677489d266035","name":"Blog da Condessa","image":{"@type":"ImageObject","inLanguage":"pt-BR","@id":"https:\/\/secure.gravatar.com\/avatar\/377c0eb8b4ad2bfc25461b41564b5971e721ca34a57642868fc7b0c8ac7b52c5?s=96&d=mm&r=g","url":"https:\/\/secure.gravatar.com\/avatar\/377c0eb8b4ad2bfc25461b41564b5971e721ca34a57642868fc7b0c8ac7b52c5?s=96&d=mm&r=g","contentUrl":"https:\/\/secure.gravatar.com\/avatar\/377c0eb8b4ad2bfc25461b41564b5971e721ca34a57642868fc7b0c8ac7b52c5?s=96&d=mm&r=g","caption":"Blog da Condessa"},"url":"https:\/\/blogdacondessa.com.br\/blog\/author\/beatriz\/"}]}},"_links":{"self":[{"href":"https:\/\/blogdacondessa.com.br\/blog\/wp-json\/wp\/v2\/posts\/8572","targetHints":{"allow":["GET"]}}],"collection":[{"href":"https:\/\/blogdacondessa.com.br\/blog\/wp-json\/wp\/v2\/posts"}],"about":[{"href":"https:\/\/blogdacondessa.com.br\/blog\/wp-json\/wp\/v2\/types\/post"}],"author":[{"embeddable":true,"href":"https:\/\/blogdacondessa.com.br\/blog\/wp-json\/wp\/v2\/users\/2"}],"replies":[{"embeddable":true,"href":"https:\/\/blogdacondessa.com.br\/blog\/wp-json\/wp\/v2\/comments?post=8572"}],"version-history":[{"count":0,"href":"https:\/\/blogdacondessa.com.br\/blog\/wp-json\/wp\/v2\/posts\/8572\/revisions"}],"wp:featuredmedia":[{"embeddable":true,"href":"https:\/\/blogdacondessa.com.br\/blog\/wp-json\/wp\/v2\/media\/8573"}],"wp:attachment":[{"href":"https:\/\/blogdacondessa.com.br\/blog\/wp-json\/wp\/v2\/media?parent=8572"}],"wp:term":[{"taxonomy":"category","embeddable":true,"href":"https:\/\/blogdacondessa.com.br\/blog\/wp-json\/wp\/v2\/categories?post=8572"},{"taxonomy":"post_tag","embeddable":true,"href":"https:\/\/blogdacondessa.com.br\/blog\/wp-json\/wp\/v2\/tags?post=8572"}],"curies":[{"name":"wp","href":"https:\/\/api.w.org\/{rel}","templated":true}]}}