{"id":8504,"date":"2023-11-13T05:00:14","date_gmt":"2023-11-13T09:00:14","guid":{"rendered":"http:\/\/blogdacondessa.com.br\/?p=8504"},"modified":"2023-11-12T18:26:41","modified_gmt":"2023-11-12T22:26:41","slug":"memorial-rosario-congro-expoe-pecas-historicas-e-conta-trajetoria-do-tce-mt","status":"publish","type":"post","link":"https:\/\/blogdacondessa.com.br\/blog\/institucional\/memorial-rosario-congro-expoe-pecas-historicas-e-conta-trajetoria-do-tce-mt\/","title":{"rendered":"Memorial Ros\u00e1rio Congro exp\u00f5e pe\u00e7as hist\u00f3ricas e conta trajet\u00f3ria do TCE-MT"},"content":{"rendered":"<p>Fotografias, m\u00f3veis e um consider\u00e1vel acervo documental ajudam a contar a trajet\u00f3ria de sete d\u00e9cadas do Tribunal de Contas de Mato Grosso (TCE-MT). Os objetos passaram por um processo de curadoria e est\u00e3o expostos no Memorial Ros\u00e1rio Congro, na Escola Superior de Contas Benedicto Sant\u2019Ana da Silva Freire.<\/p>\n<p>Ao investir em valoriza\u00e7\u00e3o e infraestrutura, o presidente da Corte de Contas, conselheiro Jos\u00e9 Carlos Novelli, garantiu a reforma de todo o pr\u00e9dio neste ano, o que resultou na reinaugura\u00e7\u00e3o do espa\u00e7o hist\u00f3rico e na revitaliza\u00e7\u00e3o da Biblioteca Poeta Silva Freire, ambos abertos ao p\u00fablico.<\/p>\n<p>N\u00e3o \u00e0 toa, Novelli foi o primeiro a assinar o livro de visitantes do Memorial,\u00a0<a href=\"https:\/\/www.tce.mt.gov.br\/noticias\/em-comemoracao-aos-70-anos-do-tce-mt-novelli-apresenta-resultados-do-bienio-e-lanca-plano-estrategico-de-longo-prazo\/57686\">no dia 31 de outubro, anivers\u00e1rio de 70 anos do Tribunal.<\/a>\u00a0Na data, logo ap\u00f3s anunciar os resultados alcan\u00e7ados no bi\u00eanio 2022\/2023, ele e os demais conselheiros conheceram o local.<\/p>\n<p>\u201cAqui temos informa\u00e7\u00f5es importantes sobre o TCE e sobre o nosso pr\u00f3prio estado. Esses registros nos lembram a relev\u00e2ncia da nossa institui\u00e7\u00e3o, ao mesmo tempo em que nos incentivam a faz\u00ea-la seguir em frente sendo um farol para o setor p\u00fablico e dando cada dia mais orgulho para o nosso povo\u201d, afirmou.<\/p>\n<p>Batizado em homenagem ao presidente-fundador do TCE-MT, juiz Ros\u00e1rio Congro, o Memorial foi criado por ocasi\u00e3o do Jubileu de Ouro, em 2003, na gest\u00e3o do conselheiro Gon\u00e7alo Pedroso Branco de Barros (2003\/2004), com o objetivo de salvaguardar pe\u00e7as reunidas desde a cria\u00e7\u00e3o do \u00f3rg\u00e3o, em 1953.<\/p>\n<p>Em 2017, a Corte de Contas constituiu Comiss\u00e3o para gerir estes bens hist\u00f3ricos e, em 2023, o grupo foi atualizado, estando agora sob coordena\u00e7\u00e3o da Escola Superior de Contas. O arm\u00e1rio no qual eram guardados os processos no ano da funda\u00e7\u00e3o e o bras\u00e3o de madeira que por anos adornou o Plen\u00e1rio est\u00e3o entre os objetos expostos.<\/p>\n<p>Este acervo foi fundamental para a historiadora, jornalista e escritora Neila Barreto, que em outubro lan\u00e7ou o livro TCE 70. Ao longo de meses de trabalho ela levantou informa\u00e7\u00f5es sobre a cria\u00e7\u00e3o e atribui\u00e7\u00f5es do \u00f3rg\u00e3o, bem como seu posicionamento perante os poderes Executivo, Legislativo e Judici\u00e1rio ao longo das d\u00e9cadas.<\/p>\n<p>\u201cO descobrimento da hist\u00f3ria de Ros\u00e1rio Congro no TCE-MT foi, ao mesmo tempo, bonito e especial, porque, na \u00e9poca, pouqu\u00edssimos servidores sabiam da sua exist\u00eancia. Ao reler as atas, descobriu-se, em tr\u00eas ou quatro linhas, a sua passagem pelo TCE-MT\u201d, conta a autora em trecho da obra.<\/p>\n<p>Advogado, poeta e jornalista, Congro exerceu diversos cargos p\u00fablicos, al\u00e9m de ter sido vereador e deputado estadual antes da nomea\u00e7\u00e3o como \u201cjuiz de contas\u201d. \u201cApesar de ter passado pela institui\u00e7\u00e3o por um curto per\u00edodo, em fun\u00e7\u00e3o da sua idade (quase 70 anos), foi importante tanto para o Tribunal quanto para Mato Grosso\u201d, diz Neila.<\/p>\n<p>&nbsp;<\/p>\n<p>&nbsp;<\/p>\n","protected":false},"excerpt":{"rendered":"<p>Fotografias, m\u00f3veis e um consider\u00e1vel acervo documental ajudam a contar a trajet\u00f3ria de sete d\u00e9cadas do Tribunal de Contas de Mato Grosso (TCE-MT). Os objetos passaram por um processo de curadoria e est\u00e3o expostos no Memorial Ros\u00e1rio Congro, na Escola Superior de Contas Benedicto Sant\u2019Ana da Silva Freire. Ao investir em valoriza\u00e7\u00e3o e infraestrutura, o [&hellip;]<\/p>\n","protected":false},"author":2,"featured_media":8505,"comment_status":"closed","ping_status":"closed","sticky":false,"template":"","format":"standard","meta":{"iawp_total_views":1,"footnotes":""},"categories":[13],"tags":[],"class_list":["post-8504","post","type-post","status-publish","format-standard","has-post-thumbnail","hentry","category-institucional"],"yoast_head":"<!-- This site is optimized with the Yoast SEO plugin v27.3 - https:\/\/yoast.com\/product\/yoast-seo-wordpress\/ -->\n<title>Memorial Ros\u00e1rio Congro exp\u00f5e pe\u00e7as hist\u00f3ricas e conta trajet\u00f3ria do TCE-MT &#8902; Blog da Condessa<\/title>\n<meta name=\"robots\" content=\"index, follow, max-snippet:-1, max-image-preview:large, max-video-preview:-1\" \/>\n<link rel=\"canonical\" href=\"https:\/\/blogdacondessa.com.br\/blog\/institucional\/memorial-rosario-congro-expoe-pecas-historicas-e-conta-trajetoria-do-tce-mt\/\" \/>\n<meta property=\"og:locale\" content=\"pt_BR\" \/>\n<meta property=\"og:type\" content=\"article\" \/>\n<meta property=\"og:title\" content=\"Memorial Ros\u00e1rio Congro exp\u00f5e pe\u00e7as hist\u00f3ricas e conta trajet\u00f3ria do TCE-MT &#8902; Blog da Condessa\" \/>\n<meta property=\"og:description\" content=\"Fotografias, m\u00f3veis e um consider\u00e1vel acervo documental ajudam a contar a trajet\u00f3ria de sete d\u00e9cadas do Tribunal de Contas de Mato Grosso (TCE-MT). Os objetos passaram por um processo de curadoria e est\u00e3o expostos no Memorial Ros\u00e1rio Congro, na Escola Superior de Contas Benedicto Sant\u2019Ana da Silva Freire. Ao investir em valoriza\u00e7\u00e3o e infraestrutura, o [&hellip;]\" \/>\n<meta property=\"og:url\" content=\"https:\/\/blogdacondessa.com.br\/blog\/institucional\/memorial-rosario-congro-expoe-pecas-historicas-e-conta-trajetoria-do-tce-mt\/\" \/>\n<meta property=\"og:site_name\" content=\"Blog da Condessa\" \/>\n<meta property=\"article:published_time\" content=\"2023-11-13T09:00:14+00:00\" \/>\n<meta property=\"og:image\" content=\"https:\/\/blogdacondessa.com.br\/blog\/wp-content\/uploads\/2023\/11\/TCE-MT.jpg\" \/>\n\t<meta property=\"og:image:width\" content=\"2480\" \/>\n\t<meta property=\"og:image:height\" content=\"1653\" \/>\n\t<meta property=\"og:image:type\" content=\"image\/jpeg\" \/>\n<meta name=\"author\" content=\"Blog da Condessa\" \/>\n<meta name=\"twitter:card\" content=\"summary_large_image\" \/>\n<meta name=\"twitter:label1\" content=\"Escrito por\" \/>\n\t<meta name=\"twitter:data1\" content=\"Blog da Condessa\" \/>\n\t<meta name=\"twitter:label2\" content=\"Est. tempo de leitura\" \/>\n\t<meta name=\"twitter:data2\" content=\"3 minutos\" \/>\n<script type=\"application\/ld+json\" class=\"yoast-schema-graph\">{\"@context\":\"https:\\\/\\\/schema.org\",\"@graph\":[{\"@type\":\"Article\",\"@id\":\"https:\\\/\\\/blogdacondessa.com.br\\\/blog\\\/institucional\\\/memorial-rosario-congro-expoe-pecas-historicas-e-conta-trajetoria-do-tce-mt\\\/#article\",\"isPartOf\":{\"@id\":\"https:\\\/\\\/blogdacondessa.com.br\\\/blog\\\/institucional\\\/memorial-rosario-congro-expoe-pecas-historicas-e-conta-trajetoria-do-tce-mt\\\/\"},\"author\":{\"name\":\"Blog da Condessa\",\"@id\":\"https:\\\/\\\/blogdacondessa.com.br\\\/blog\\\/#\\\/schema\\\/person\\\/1d667ff8b785195b568677489d266035\"},\"headline\":\"Memorial Ros\u00e1rio Congro exp\u00f5e pe\u00e7as hist\u00f3ricas e conta trajet\u00f3ria do TCE-MT\",\"datePublished\":\"2023-11-13T09:00:14+00:00\",\"mainEntityOfPage\":{\"@id\":\"https:\\\/\\\/blogdacondessa.com.br\\\/blog\\\/institucional\\\/memorial-rosario-congro-expoe-pecas-historicas-e-conta-trajetoria-do-tce-mt\\\/\"},\"wordCount\":510,\"image\":{\"@id\":\"https:\\\/\\\/blogdacondessa.com.br\\\/blog\\\/institucional\\\/memorial-rosario-congro-expoe-pecas-historicas-e-conta-trajetoria-do-tce-mt\\\/#primaryimage\"},\"thumbnailUrl\":\"https:\\\/\\\/blogdacondessa.com.br\\\/blog\\\/wp-content\\\/uploads\\\/2023\\\/11\\\/TCE-MT.jpg\",\"articleSection\":[\"Institucional\"],\"inLanguage\":\"pt-BR\"},{\"@type\":\"WebPage\",\"@id\":\"https:\\\/\\\/blogdacondessa.com.br\\\/blog\\\/institucional\\\/memorial-rosario-congro-expoe-pecas-historicas-e-conta-trajetoria-do-tce-mt\\\/\",\"url\":\"https:\\\/\\\/blogdacondessa.com.br\\\/blog\\\/institucional\\\/memorial-rosario-congro-expoe-pecas-historicas-e-conta-trajetoria-do-tce-mt\\\/\",\"name\":\"Memorial Ros\u00e1rio Congro exp\u00f5e pe\u00e7as hist\u00f3ricas e conta trajet\u00f3ria do TCE-MT &#8902; Blog da Condessa\",\"isPartOf\":{\"@id\":\"https:\\\/\\\/blogdacondessa.com.br\\\/blog\\\/#website\"},\"primaryImageOfPage\":{\"@id\":\"https:\\\/\\\/blogdacondessa.com.br\\\/blog\\\/institucional\\\/memorial-rosario-congro-expoe-pecas-historicas-e-conta-trajetoria-do-tce-mt\\\/#primaryimage\"},\"image\":{\"@id\":\"https:\\\/\\\/blogdacondessa.com.br\\\/blog\\\/institucional\\\/memorial-rosario-congro-expoe-pecas-historicas-e-conta-trajetoria-do-tce-mt\\\/#primaryimage\"},\"thumbnailUrl\":\"https:\\\/\\\/blogdacondessa.com.br\\\/blog\\\/wp-content\\\/uploads\\\/2023\\\/11\\\/TCE-MT.jpg\",\"datePublished\":\"2023-11-13T09:00:14+00:00\",\"author\":{\"@id\":\"https:\\\/\\\/blogdacondessa.com.br\\\/blog\\\/#\\\/schema\\\/person\\\/1d667ff8b785195b568677489d266035\"},\"breadcrumb\":{\"@id\":\"https:\\\/\\\/blogdacondessa.com.br\\\/blog\\\/institucional\\\/memorial-rosario-congro-expoe-pecas-historicas-e-conta-trajetoria-do-tce-mt\\\/#breadcrumb\"},\"inLanguage\":\"pt-BR\",\"potentialAction\":[{\"@type\":\"ReadAction\",\"target\":[\"https:\\\/\\\/blogdacondessa.com.br\\\/blog\\\/institucional\\\/memorial-rosario-congro-expoe-pecas-historicas-e-conta-trajetoria-do-tce-mt\\\/\"]}]},{\"@type\":\"ImageObject\",\"inLanguage\":\"pt-BR\",\"@id\":\"https:\\\/\\\/blogdacondessa.com.br\\\/blog\\\/institucional\\\/memorial-rosario-congro-expoe-pecas-historicas-e-conta-trajetoria-do-tce-mt\\\/#primaryimage\",\"url\":\"https:\\\/\\\/blogdacondessa.com.br\\\/blog\\\/wp-content\\\/uploads\\\/2023\\\/11\\\/TCE-MT.jpg\",\"contentUrl\":\"https:\\\/\\\/blogdacondessa.com.br\\\/blog\\\/wp-content\\\/uploads\\\/2023\\\/11\\\/TCE-MT.jpg\",\"width\":2480,\"height\":1653,\"caption\":\"Foto: Thiago Bergamasco\\\/TCE-MT\"},{\"@type\":\"BreadcrumbList\",\"@id\":\"https:\\\/\\\/blogdacondessa.com.br\\\/blog\\\/institucional\\\/memorial-rosario-congro-expoe-pecas-historicas-e-conta-trajetoria-do-tce-mt\\\/#breadcrumb\",\"itemListElement\":[{\"@type\":\"ListItem\",\"position\":1,\"name\":\"In\u00edcio\",\"item\":\"https:\\\/\\\/blogdacondessa.com.br\\\/blog\\\/\"},{\"@type\":\"ListItem\",\"position\":2,\"name\":\"Memorial Ros\u00e1rio Congro exp\u00f5e pe\u00e7as hist\u00f3ricas e conta trajet\u00f3ria do TCE-MT\"}]},{\"@type\":\"WebSite\",\"@id\":\"https:\\\/\\\/blogdacondessa.com.br\\\/blog\\\/#website\",\"url\":\"https:\\\/\\\/blogdacondessa.com.br\\\/blog\\\/\",\"name\":\"Blog da Condessa\",\"description\":\"Com Shirley de Souza O\u2019Campos\",\"potentialAction\":[{\"@type\":\"SearchAction\",\"target\":{\"@type\":\"EntryPoint\",\"urlTemplate\":\"https:\\\/\\\/blogdacondessa.com.br\\\/blog\\\/?s={search_term_string}\"},\"query-input\":{\"@type\":\"PropertyValueSpecification\",\"valueRequired\":true,\"valueName\":\"search_term_string\"}}],\"inLanguage\":\"pt-BR\"},{\"@type\":\"Person\",\"@id\":\"https:\\\/\\\/blogdacondessa.com.br\\\/blog\\\/#\\\/schema\\\/person\\\/1d667ff8b785195b568677489d266035\",\"name\":\"Blog da Condessa\",\"image\":{\"@type\":\"ImageObject\",\"inLanguage\":\"pt-BR\",\"@id\":\"https:\\\/\\\/secure.gravatar.com\\\/avatar\\\/377c0eb8b4ad2bfc25461b41564b5971e721ca34a57642868fc7b0c8ac7b52c5?s=96&d=mm&r=g\",\"url\":\"https:\\\/\\\/secure.gravatar.com\\\/avatar\\\/377c0eb8b4ad2bfc25461b41564b5971e721ca34a57642868fc7b0c8ac7b52c5?s=96&d=mm&r=g\",\"contentUrl\":\"https:\\\/\\\/secure.gravatar.com\\\/avatar\\\/377c0eb8b4ad2bfc25461b41564b5971e721ca34a57642868fc7b0c8ac7b52c5?s=96&d=mm&r=g\",\"caption\":\"Blog da Condessa\"},\"url\":\"https:\\\/\\\/blogdacondessa.com.br\\\/blog\\\/author\\\/beatriz\\\/\"}]}<\/script>\n<!-- \/ Yoast SEO plugin. -->","yoast_head_json":{"title":"Memorial Ros\u00e1rio Congro exp\u00f5e pe\u00e7as hist\u00f3ricas e conta trajet\u00f3ria do TCE-MT &#8902; Blog da Condessa","robots":{"index":"index","follow":"follow","max-snippet":"max-snippet:-1","max-image-preview":"max-image-preview:large","max-video-preview":"max-video-preview:-1"},"canonical":"https:\/\/blogdacondessa.com.br\/blog\/institucional\/memorial-rosario-congro-expoe-pecas-historicas-e-conta-trajetoria-do-tce-mt\/","og_locale":"pt_BR","og_type":"article","og_title":"Memorial Ros\u00e1rio Congro exp\u00f5e pe\u00e7as hist\u00f3ricas e conta trajet\u00f3ria do TCE-MT &#8902; Blog da Condessa","og_description":"Fotografias, m\u00f3veis e um consider\u00e1vel acervo documental ajudam a contar a trajet\u00f3ria de sete d\u00e9cadas do Tribunal de Contas de Mato Grosso (TCE-MT). Os objetos passaram por um processo de curadoria e est\u00e3o expostos no Memorial Ros\u00e1rio Congro, na Escola Superior de Contas Benedicto Sant\u2019Ana da Silva Freire. Ao investir em valoriza\u00e7\u00e3o e infraestrutura, o [&hellip;]","og_url":"https:\/\/blogdacondessa.com.br\/blog\/institucional\/memorial-rosario-congro-expoe-pecas-historicas-e-conta-trajetoria-do-tce-mt\/","og_site_name":"Blog da Condessa","article_published_time":"2023-11-13T09:00:14+00:00","og_image":[{"width":2480,"height":1653,"url":"https:\/\/blogdacondessa.com.br\/blog\/wp-content\/uploads\/2023\/11\/TCE-MT.jpg","type":"image\/jpeg"}],"author":"Blog da Condessa","twitter_card":"summary_large_image","twitter_misc":{"Escrito por":"Blog da Condessa","Est. tempo de leitura":"3 minutos"},"schema":{"@context":"https:\/\/schema.org","@graph":[{"@type":"Article","@id":"https:\/\/blogdacondessa.com.br\/blog\/institucional\/memorial-rosario-congro-expoe-pecas-historicas-e-conta-trajetoria-do-tce-mt\/#article","isPartOf":{"@id":"https:\/\/blogdacondessa.com.br\/blog\/institucional\/memorial-rosario-congro-expoe-pecas-historicas-e-conta-trajetoria-do-tce-mt\/"},"author":{"name":"Blog da Condessa","@id":"https:\/\/blogdacondessa.com.br\/blog\/#\/schema\/person\/1d667ff8b785195b568677489d266035"},"headline":"Memorial Ros\u00e1rio Congro exp\u00f5e pe\u00e7as hist\u00f3ricas e conta trajet\u00f3ria do TCE-MT","datePublished":"2023-11-13T09:00:14+00:00","mainEntityOfPage":{"@id":"https:\/\/blogdacondessa.com.br\/blog\/institucional\/memorial-rosario-congro-expoe-pecas-historicas-e-conta-trajetoria-do-tce-mt\/"},"wordCount":510,"image":{"@id":"https:\/\/blogdacondessa.com.br\/blog\/institucional\/memorial-rosario-congro-expoe-pecas-historicas-e-conta-trajetoria-do-tce-mt\/#primaryimage"},"thumbnailUrl":"https:\/\/blogdacondessa.com.br\/blog\/wp-content\/uploads\/2023\/11\/TCE-MT.jpg","articleSection":["Institucional"],"inLanguage":"pt-BR"},{"@type":"WebPage","@id":"https:\/\/blogdacondessa.com.br\/blog\/institucional\/memorial-rosario-congro-expoe-pecas-historicas-e-conta-trajetoria-do-tce-mt\/","url":"https:\/\/blogdacondessa.com.br\/blog\/institucional\/memorial-rosario-congro-expoe-pecas-historicas-e-conta-trajetoria-do-tce-mt\/","name":"Memorial Ros\u00e1rio Congro exp\u00f5e pe\u00e7as hist\u00f3ricas e conta trajet\u00f3ria do TCE-MT &#8902; Blog da Condessa","isPartOf":{"@id":"https:\/\/blogdacondessa.com.br\/blog\/#website"},"primaryImageOfPage":{"@id":"https:\/\/blogdacondessa.com.br\/blog\/institucional\/memorial-rosario-congro-expoe-pecas-historicas-e-conta-trajetoria-do-tce-mt\/#primaryimage"},"image":{"@id":"https:\/\/blogdacondessa.com.br\/blog\/institucional\/memorial-rosario-congro-expoe-pecas-historicas-e-conta-trajetoria-do-tce-mt\/#primaryimage"},"thumbnailUrl":"https:\/\/blogdacondessa.com.br\/blog\/wp-content\/uploads\/2023\/11\/TCE-MT.jpg","datePublished":"2023-11-13T09:00:14+00:00","author":{"@id":"https:\/\/blogdacondessa.com.br\/blog\/#\/schema\/person\/1d667ff8b785195b568677489d266035"},"breadcrumb":{"@id":"https:\/\/blogdacondessa.com.br\/blog\/institucional\/memorial-rosario-congro-expoe-pecas-historicas-e-conta-trajetoria-do-tce-mt\/#breadcrumb"},"inLanguage":"pt-BR","potentialAction":[{"@type":"ReadAction","target":["https:\/\/blogdacondessa.com.br\/blog\/institucional\/memorial-rosario-congro-expoe-pecas-historicas-e-conta-trajetoria-do-tce-mt\/"]}]},{"@type":"ImageObject","inLanguage":"pt-BR","@id":"https:\/\/blogdacondessa.com.br\/blog\/institucional\/memorial-rosario-congro-expoe-pecas-historicas-e-conta-trajetoria-do-tce-mt\/#primaryimage","url":"https:\/\/blogdacondessa.com.br\/blog\/wp-content\/uploads\/2023\/11\/TCE-MT.jpg","contentUrl":"https:\/\/blogdacondessa.com.br\/blog\/wp-content\/uploads\/2023\/11\/TCE-MT.jpg","width":2480,"height":1653,"caption":"Foto: Thiago Bergamasco\/TCE-MT"},{"@type":"BreadcrumbList","@id":"https:\/\/blogdacondessa.com.br\/blog\/institucional\/memorial-rosario-congro-expoe-pecas-historicas-e-conta-trajetoria-do-tce-mt\/#breadcrumb","itemListElement":[{"@type":"ListItem","position":1,"name":"In\u00edcio","item":"https:\/\/blogdacondessa.com.br\/blog\/"},{"@type":"ListItem","position":2,"name":"Memorial Ros\u00e1rio Congro exp\u00f5e pe\u00e7as hist\u00f3ricas e conta trajet\u00f3ria do TCE-MT"}]},{"@type":"WebSite","@id":"https:\/\/blogdacondessa.com.br\/blog\/#website","url":"https:\/\/blogdacondessa.com.br\/blog\/","name":"Blog da Condessa","description":"Com Shirley de Souza O\u2019Campos","potentialAction":[{"@type":"SearchAction","target":{"@type":"EntryPoint","urlTemplate":"https:\/\/blogdacondessa.com.br\/blog\/?s={search_term_string}"},"query-input":{"@type":"PropertyValueSpecification","valueRequired":true,"valueName":"search_term_string"}}],"inLanguage":"pt-BR"},{"@type":"Person","@id":"https:\/\/blogdacondessa.com.br\/blog\/#\/schema\/person\/1d667ff8b785195b568677489d266035","name":"Blog da Condessa","image":{"@type":"ImageObject","inLanguage":"pt-BR","@id":"https:\/\/secure.gravatar.com\/avatar\/377c0eb8b4ad2bfc25461b41564b5971e721ca34a57642868fc7b0c8ac7b52c5?s=96&d=mm&r=g","url":"https:\/\/secure.gravatar.com\/avatar\/377c0eb8b4ad2bfc25461b41564b5971e721ca34a57642868fc7b0c8ac7b52c5?s=96&d=mm&r=g","contentUrl":"https:\/\/secure.gravatar.com\/avatar\/377c0eb8b4ad2bfc25461b41564b5971e721ca34a57642868fc7b0c8ac7b52c5?s=96&d=mm&r=g","caption":"Blog da Condessa"},"url":"https:\/\/blogdacondessa.com.br\/blog\/author\/beatriz\/"}]}},"_links":{"self":[{"href":"https:\/\/blogdacondessa.com.br\/blog\/wp-json\/wp\/v2\/posts\/8504","targetHints":{"allow":["GET"]}}],"collection":[{"href":"https:\/\/blogdacondessa.com.br\/blog\/wp-json\/wp\/v2\/posts"}],"about":[{"href":"https:\/\/blogdacondessa.com.br\/blog\/wp-json\/wp\/v2\/types\/post"}],"author":[{"embeddable":true,"href":"https:\/\/blogdacondessa.com.br\/blog\/wp-json\/wp\/v2\/users\/2"}],"replies":[{"embeddable":true,"href":"https:\/\/blogdacondessa.com.br\/blog\/wp-json\/wp\/v2\/comments?post=8504"}],"version-history":[{"count":0,"href":"https:\/\/blogdacondessa.com.br\/blog\/wp-json\/wp\/v2\/posts\/8504\/revisions"}],"wp:featuredmedia":[{"embeddable":true,"href":"https:\/\/blogdacondessa.com.br\/blog\/wp-json\/wp\/v2\/media\/8505"}],"wp:attachment":[{"href":"https:\/\/blogdacondessa.com.br\/blog\/wp-json\/wp\/v2\/media?parent=8504"}],"wp:term":[{"taxonomy":"category","embeddable":true,"href":"https:\/\/blogdacondessa.com.br\/blog\/wp-json\/wp\/v2\/categories?post=8504"},{"taxonomy":"post_tag","embeddable":true,"href":"https:\/\/blogdacondessa.com.br\/blog\/wp-json\/wp\/v2\/tags?post=8504"}],"curies":[{"name":"wp","href":"https:\/\/api.w.org\/{rel}","templated":true}]}}