{"id":8499,"date":"2023-11-13T05:00:03","date_gmt":"2023-11-13T09:00:03","guid":{"rendered":"http:\/\/blogdacondessa.com.br\/?p=8499"},"modified":"2023-11-11T18:35:53","modified_gmt":"2023-11-11T22:35:53","slug":"cancer-de-prostata-quando-o-homem-realmente-deve-fazer-os-exames-preventivos","status":"publish","type":"post","link":"https:\/\/blogdacondessa.com.br\/blog\/saude\/cancer-de-prostata-quando-o-homem-realmente-deve-fazer-os-exames-preventivos\/","title":{"rendered":"C\u00e2ncer de pr\u00f3stata: quando o homem realmente deve fazer os exames preventivos?"},"content":{"rendered":"<p>A cada hora, oito homens brasileiros recebem o diagn\u00f3stico de\u00a0<a href=\"https:\/\/www.bbc.com\/portuguese\/topics\/c7zp5z8w981t\">c\u00e2ncer<\/a>\u00a0de pr\u00f3stata. Desses, dois ir\u00e3o morrer por causa do problema. Em n\u00fameros absolutos, essa doen\u00e7a provoca 71,7 mil casos e 16,3 mil mortes ao ano no pa\u00eds. Isso faz desse tumor o segundo tipo mais frequente no p\u00fablico masculino, atr\u00e1s apenas do\u00a0<a href=\"https:\/\/www.bbc.com\/portuguese\/brasil-63891835\">c\u00e2ncer de pele<\/a>\u00a0n\u00e3o melanoma. Quando o assunto \u00e9 a preven\u00e7\u00e3o dessa enfermidade, existem duas estrat\u00e9gias principais. A primeira delas foca em controlar\u00a0<a href=\"https:\/\/www.bbc.com\/portuguese\/geral-63323701\">os fatores de risco<\/a>\u00a0que predisp\u00f5em o surgimento do tumor \u2014 como\u00a0<a href=\"https:\/\/www.bbc.com\/portuguese\/topics\/cz74k75297yt\">n\u00e3o fumar<\/a>\u00a0e\u00a0<a href=\"https:\/\/www.bbc.com\/portuguese\/topics\/cjgn7g8493xt\">manter o peso adequado<\/a>\u00a0ao longo da vida por meio de uma dieta adequada e da pr\u00e1tica regular de exerc\u00edcios f\u00edsicos. A segunda envolve a detec\u00e7\u00e3o precoce do c\u00e2ncer nessa gl\u00e2ndula do sistema reprodutivo, respons\u00e1vel pela produ\u00e7\u00e3o do l\u00edquido que comp\u00f5e o s\u00eamen junto com os\u00a0<a href=\"https:\/\/www.bbc.com\/portuguese\/geral-63873579\">espermatozoides<\/a>.<\/p>\n<p>Durante muitos anos, as campanhas que incentivam o rastreamento do\u00a0<a href=\"https:\/\/www.bbc.com\/portuguese\/geral-62774860\">tumor na pr\u00f3stata<\/a>\u00a0\u2014 que se intensificam com a chegada do Novembro Azul, o m\u00eas de conscientiza\u00e7\u00e3o sobre o tema \u2014 traziam uma mensagem relativamente simples: todos os homens com mais de 45 ou 50 anos deveriam procurar o m\u00e9dico e realizar de tempos em tempos os exames PSA e o toque retal.<\/p>\n<p>O PSA, sigla em ingl\u00eas para ant\u00edgeno espec\u00edfico da pr\u00f3stata, \u00e9 uma enzima medida no sangue. Se ela passa de um certo limite estabelecido pelos especialistas, pode indicar algo de errado na gl\u00e2ndula masculina. J\u00e1 o toque retal \u00e9 um exame feito no pr\u00f3prio consult\u00f3rio, em que o profissional da sa\u00fade insere o dedo no \u00e2nus do paciente para tocar a pr\u00f3stata (ela fica pr\u00f3xima do reto) e checar se h\u00e1 alguma forma\u00e7\u00e3o estranha ali. A orienta\u00e7\u00e3o de realizar esses testes, no entanto, passou a ser mais questionada, debatida e relativizada nos \u00faltimos anos no Brasil e no mundo. De um lado, algumas institui\u00e7\u00f5es \u2014 como o Minist\u00e9rio da Sa\u00fade e o Instituto Nacional de C\u00e2ncer (Inca) \u2014 contraindicam a realiza\u00e7\u00e3o do rastreamento do c\u00e2ncer de pr\u00f3stata.<\/p>\n<p>De outro, entidades como a Sociedade Brasileira de Urologia (SBU) defendem a import\u00e2ncia desses exames peri\u00f3dicos para alguns p\u00fablicos.<\/p>\n<p>Quais s\u00e3o os argumentos apresentados nessa discuss\u00e3o? E, mais importante, o que os homens devem fazer em prol da pr\u00f3pria sa\u00fade para flagrar um eventual tumor na pr\u00f3stata logo nos primeiros est\u00e1gios, quando as chances de cura s\u00e3o bem maiores?<\/p>\n<p><strong>O que diz o Inca<\/strong><\/p>\n<p>No final de outubro, o Inca e o Minist\u00e9rio da Sa\u00fade\u00a0<a href=\"https:\/\/www.gov.br\/inca\/pt-br\/assuntos\/noticias\/2023\/ministerio-da-saude-recomenda-o-nao-rastreamento-populacional-do-cancer-de-proposta\">publicaram uma nota t\u00e9cnica<\/a>\u00a0em que justificam por que contra-indicam o rastreamento populacional do c\u00e2ncer de pr\u00f3stata. O argumento principal apresentado no texto \u00e9 o risco de sobretratamento \u2014 ou a aplica\u00e7\u00e3o de recursos terap\u00eauticos sem necessidade e al\u00e9m do desejado, de modo que os preju\u00edzos superam os benef\u00edcios. E aqui cabe uma explica\u00e7\u00e3o: entre 30 e 40% dos tumores que brotam na gl\u00e2ndula masculina t\u00eam um comportamento indolente (ou seja, s\u00e3o pouco agressivos e crescem devagar). Na pr\u00e1tica, isso significa que o indiv\u00edduo futuramente vai morrer com o c\u00e2ncer, mas n\u00e3o em decorr\u00eancia dele. E o problema est\u00e1 justamente a\u00ed. Nesses casos em que a doen\u00e7a \u00e9 praticamente inofensiva, os m\u00e9dicos costumam indicar a realiza\u00e7\u00e3o da chamada vigil\u00e2ncia ativa \u2014 em outras palavras, basta fazer o acompanhamento por meio de exames, sem a necessidade de submeter o paciente a tratamentos ou cirurgias.<\/p>\n<p>Essas interven\u00e7\u00f5es s\u00f3 s\u00e3o adotadas se os testes indicarem alguma altera\u00e7\u00e3o no quadro, como o in\u00edcio de algo mais agressivo e potencialmente fatal. &#8220;Mas nem sempre \u00e9 poss\u00edvel dizer, no momento do diagn\u00f3stico, quais tumores ter\u00e3o comportamentos agressivos e quais ter\u00e3o crescimento lento&#8221;, aponta a nota do Inca\/Minist\u00e9rio da Sa\u00fade. &#8220;O sobretratamento \u00e9 o tratamento de c\u00e2nceres que n\u00e3o evoluiriam a um ponto amea\u00e7ador e pode gerar importante impacto na qualidade de vida dos homens, como as disfun\u00e7\u00f5es sexual e urin\u00e1ria&#8221;, complementa o texto.<\/p>\n<p>Outro perigo apontado pelos representantes dos \u00f3rg\u00e3os vinculados ao Governo Federal est\u00e1 relacionado \u00e0 bi\u00f3psia. Em resumo, aqueles pacientes que apresentam alguma altera\u00e7\u00e3o importante no PSA e\/ou no toque retal precisam ser submetidos a um procedimento que retira um pedacinho do n\u00f3dulo suspeito. Esse material \u00e9 analisado em laborat\u00f3rios de patologia para definir se se trata de um c\u00e2ncer mesmo ou de algo benigno. Na avalia\u00e7\u00e3o do Inca e do Minist\u00e9rio da Sa\u00fade, a necessidade de fazer bi\u00f3psia pode estar relacionada a &#8220;complica\u00e7\u00f5es como dor, sangramento e infec\u00e7\u00f5es, al\u00e9m de ansiedade e estresse no indiv\u00edduo e na fam\u00edlia&#8221;. Em entrevista \u00e0 BBC News Brasil, Renata Maciel, chefe da Divis\u00e3o de Detec\u00e7\u00e3o Precoce e Apoio \u00e0 Organiza\u00e7\u00e3o de Rede &#8211; Coordena\u00e7\u00e3o de Preven\u00e7\u00e3o e Vigil\u00e2ncia do Inca, destaca que o posicionamento rec\u00e9m-divulgado \u00e9 apenas um refor\u00e7o de algo que a institui\u00e7\u00e3o defende desde 2015. &#8220;Temos estudos que avaliaram essa quest\u00e3o e mostraram que o rastreamento do c\u00e2ncer de pr\u00f3stata est\u00e1 relacionado a uma diminui\u00e7\u00e3o da mortalidade. Essa redu\u00e7\u00e3o, por\u00e9m, \u00e9 acompanhada de danos \u00e0 sa\u00fade do homem&#8221;, diz ela.<\/p>\n<p>&#8220;Ent\u00e3o, quando colocamos esses fatores na balan\u00e7a, entendemos que os riscos relacionados ao rastreamento na popula\u00e7\u00e3o assintom\u00e1tica superam os benef\u00edcios&#8221;, pontua a especialista.<\/p>\n<p>Mas, seguindo essa linha de racioc\u00ednio, o que pode ser feito para se proteger ou fazer a detec\u00e7\u00e3o precoce do c\u00e2ncer de pr\u00f3stata? &#8220;O homem tem que prevenir os fatores de risco e adotar h\u00e1bitos saud\u00e1veis, como diminuir o consumo de bebidas alco\u00f3licas, n\u00e3o fumar, praticar atividade f\u00edsica&#8221;, responde Maciel. &#8220;Vale tamb\u00e9m ficar atento aos sinais e sintomas e acessar o servi\u00e7o de sa\u00fade rapidamente. Se h\u00e1 algo de diferente, \u00e9 importante ir at\u00e9 uma unidade de sa\u00fade e conversar com um profissional para fazer o diagn\u00f3stico mais precoce poss\u00edvel deste tumor&#8221;, complementa ela. Entre os sintomas preocupantes citados pela especialista, est\u00e3o altera\u00e7\u00f5es no h\u00e1bito urin\u00e1rio, dificuldade ou dor para fazer xixi, e aparecimento de sangue ou um l\u00edquido rosado na urina. &#8220;N\u00f3s fazemos o acompanhamento das evid\u00eancias, at\u00e9 porque a ci\u00eancia \u00e9 din\u00e2mica. Se sair algum estudo que prove o contr\u00e1rio e mostre o valor do rastreamento, vamos reavaliar nosso posicionamento&#8221;, pontua Maciel.<\/p>\n<p>&#8220;Quando pensamos na sa\u00fade p\u00fablica, n\u00e3o podemos cometer erros. Porque nossas recomenda\u00e7\u00f5es influenciam a vida de milh\u00f5es de pessoas e precisamos sempre ter muito cuidado&#8221;, finaliza ela.<\/p>\n<p><strong>O que diz a SBU<\/strong><\/p>\n<p>Num posicionamento\u00a0<a href=\"https:\/\/portaldaurologia.org.br\/medicos\/noticias\/aconselhamento-para-o-diagnostico-precoce-do-cancer-de-prostata\/\">tamb\u00e9m divulgado no final de outubro<\/a>, a Sociedade Brasileira de Urologia defendeu individualizar a realiza\u00e7\u00e3o de exames peri\u00f3dicos para flagrar o c\u00e2ncer de pr\u00f3stata, &#8220;ap\u00f3s ampla discuss\u00e3o de riscos e potenciais benef\u00edcios, em decis\u00e3o compartilhada com o paciente&#8221;.<\/p>\n<p>&#8220;Os homens, a partir de 50 anos e mesmo sem apresentar sintomas, devem procurar um profissional especializado, para avalia\u00e7\u00e3o individualizada tendo como objetivo o diagn\u00f3stico precoce do c\u00e2ncer de pr\u00f3stata&#8221;, aponta o texto. &#8220;Os homens que integrarem o grupo de risco (ra\u00e7a negra ou com parentes de primeiro grau com c\u00e2ncer de pr\u00f3stata) devem come\u00e7ar seus exames mais precocemente, a partir dos 45 anos. Ap\u00f3s os 75 anos, somente homens com perspectiva de vida maior do que 10 anos poder\u00e3o fazer essa avalia\u00e7\u00e3o.&#8221; O m\u00e9dico Alfredo Canalini, presidente da SBU, lembra que em 2012 o U.S. Preventive Task Force \u2014 um \u00f3rg\u00e3o que ajuda a definir as pol\u00edticas p\u00fablicas de sa\u00fade nos Estados Unidos \u2014\u00a0<a href=\"https:\/\/www.uspreventiveservicestaskforce.org\/uspstf\/recommendation\/prostate-cancer-screening-2012\">fez um posicionamento contr\u00e1rio<\/a>\u00a0ao rastreamento do c\u00e2ncer de pr\u00f3stata. &#8220;Anos depois, isso levou a um aumento dos diagn\u00f3sticos da doen\u00e7a em est\u00e1gio avan\u00e7ado por l\u00e1&#8221;, observa ele.<\/p>\n<p>&#8220;Portanto, voc\u00ea deixar para fazer os exames somente quando alguns sintomas aparecem \u00e9 um equ\u00edvoco enorme. Nesses casos, a possibilidade de voc\u00ea estar diante de um paciente com a doen\u00e7a j\u00e1 alastrada e sem possibilidade de cura supera os 90%&#8221;, calcula Canalini. Ainda de acordo com o presidente da SBU, &#8220;o tempo vai mostrar quem est\u00e1 certo e quem est\u00e1 errado&#8221; nesse debate sobre a realiza\u00e7\u00e3o de exames peri\u00f3dicos para a detec\u00e7\u00e3o precoce do c\u00e2ncer de pr\u00f3stata no Brasil. &#8220;Somos uma entidade cient\u00edfica e nossa obriga\u00e7\u00e3o \u00e9 expor recomenda\u00e7\u00f5es segundo aquilo que acreditamos correto e as evid\u00eancias cient\u00edficas que temos \u00e0 disposi\u00e7\u00e3o&#8221;, diz ele. Para Canalini, o risco de sobretratamento do c\u00e2ncer de pr\u00f3stata \u2014 como Inca\/Minist\u00e9rio da Sa\u00fade chamam a aten\u00e7\u00e3o \u2014 pode ser minimizado com o uso de ferramentas e crit\u00e9rios modernos.<\/p>\n<p>&#8220;Ao longo do tempo, come\u00e7amos a entender quais eram os grupos de pacientes suscet\u00edveis a um c\u00e2ncer mais agressivo ou aqueles com maior probabilidade de uma doen\u00e7a indolente&#8221;, avalia ele.<\/p>\n<p>Para fazer essa avalia\u00e7\u00e3o, os m\u00e9dicos levam em conta a idade do paciente e o hist\u00f3rico familiar. Al\u00e9m disso, exames de imagem como a resson\u00e2ncia magn\u00e9tica permitem avaliar melhor um caso suspeito antes de partir para a bi\u00f3psia. Ainda segundo especialistas ouvidos pela BBC News Brasil, o risco de complica\u00e7\u00f5es relacionadas \u00e0 bi\u00f3psia \u00e9 baixo \u2014 em torno de 1 a 2% \u2014 se o procedimento for feito por profissionais treinados em centros especializados. Por fim, eles argumentam que a an\u00e1lise da bi\u00f3psia permite classificar as c\u00e9lulas cancerosas segundo o grau de agressividade delas.<\/p>\n<p>Para isso, os patologistas usam uma ferramenta chamada Classifica\u00e7\u00e3o de Gleason \u2014 quanto mais elevado o grau, maior o risco de que o tumor seja agressivo ou tenha se espalhado para outros tecidos (num processo conhecido como met\u00e1stase). &#8220;Nos \u00faltimos tempos, tamb\u00e9m aprendemos que nem todo indiv\u00edduo com PSA elevado \u00e9 portador de c\u00e2ncer na pr\u00f3stata, e nem todo mundo com um PSA dentro dos limites est\u00e1 livre do risco de um tumor desses&#8221;, acrescenta Canalini. &#8220;Por isso que aliamos o PSA com o toque retal. Isso nos ajuda a fazer um diagn\u00f3stico mais preciso&#8221;, complementa o urologista. A partir de todas essas pondera\u00e7\u00f5es e cuidados, a SBU defende a realiza\u00e7\u00e3o de exames peri\u00f3dicos para flagrar o c\u00e2ncer de pr\u00f3stata em est\u00e1gio precoce, como mencionado anteriormente. &#8220;Apesar dos avan\u00e7os terap\u00eauticos, cerca de 25% dos pacientes com c\u00e2ncer de pr\u00f3stata ainda morrem devido \u00e0 doen\u00e7a. Atualmente, cerca de 20% ainda s\u00e3o diagnosticados em est\u00e1gios avan\u00e7ados, embora um decl\u00ednio importante tenha ocorrido nas \u00faltimas d\u00e9cadas em decorr\u00eancia, principalmente, de pol\u00edticas para o diagn\u00f3stico precoce da doen\u00e7a e maior conscientiza\u00e7\u00e3o da popula\u00e7\u00e3o masculina&#8221;, afirma a entidade. Em nota, a Sociedade Brasileira de Radioterapia (SBRT) adotou uma posi\u00e7\u00e3o parecida. &#8220;Sabemos que no Brasil, o acesso e compreens\u00e3o da popula\u00e7\u00e3o masculina sobre as quest\u00f5es relativas ao rastreamento \u00e9 limitado. Desta forma, contraindicar tal procedimento restringe o acesso e tem potencial de grande preju\u00edzo sobre a popula\u00e7\u00e3o de risco mais elevado, pois pode levar a uma m\u00e1 compreens\u00e3o sobre o tema&#8221;, diz o texto.<\/p>\n<p>&#8220;A ida ao urologista constitui em muitos casos a \u00fanica oportunidade de o paciente comparecer ao m\u00e9dico de forma preventiva no Brasil. V\u00e1rias oportunidades de rastreio de outras condi\u00e7\u00f5es podem ser perdidas com a contraindica\u00e7\u00e3o ao rastreio do c\u00e2ncer de pr\u00f3stata, al\u00e9m da perda das oportunidades de avalia\u00e7\u00f5es de outras quest\u00f5es urol\u00f3gicas infecciosas e orienta\u00e7\u00f5es urol\u00f3gicas e sa\u00fade sexual aos pacientes&#8221;, conclui a SBRT.<\/p>\n<p><strong>Rastreamento &#8216;inteligente e direcionado&#8217;<\/strong><\/p>\n<p>Na avalia\u00e7\u00e3o do m\u00e9dico Gustavo Guimar\u00e3es, diretor do Instituto de Urologia, Oncologia e Cirurgia Rob\u00f3tica (IUCR), em S\u00e3o Paulo, os estudos mais recentes n\u00e3o deixam d\u00favidas de que o diagn\u00f3stico precoce do c\u00e2ncer de pr\u00f3stata aumenta as chances de sobrevida e cura do paciente. &#8220;Por um lado, um rastreamento populacional irrestrito gera um risco de sobretratamento. Por outro, n\u00e3o fazer nada aumenta o diagn\u00f3stico de casos avan\u00e7ados e a mortalidade por este c\u00e2ncer&#8221;, pondera ele. &#8220;O ideal seria fazer um rastreamento inteligente e direcionado aos grupos de maior risco&#8221;, prop\u00f5e o urologista, que tamb\u00e9m \u00e9 diretor dos Departamentos Cir\u00fargicos Oncol\u00f3gicos da BP &#8211; A Benefic\u00eancia Portuguesa de S\u00e3o Paulo. Essa estrat\u00e9gia &#8220;inteligente e direcionada&#8221; serviria para balancear a necessidade de detectar o tumor na gl\u00e2ndula masculina nos primeiros est\u00e1gios e os recursos p\u00fablicos dispon\u00edveis para manter um programa como esse nos sistemas de sa\u00fade. &#8220;A grande quest\u00e3o \u00e9: dentro de um or\u00e7amento curto, como eu consigo selecionar os homens que mais precisam fazer os exames e baratear os custos desse processo?&#8221;, questiona o oncologista Fernando Maluf, fundador do Instituto Vencer o C\u00e2ncer. &#8220;Um rastreamento populacional num pa\u00eds como o nosso talvez devesse ser feito entre os 50 e os 70 anos&#8221;, opina ele.<\/p>\n<p>Ainda segundo Maluf, o primeiro exame \u00e9 essencial para definir a periodicidade desse check-up. &#8220;Se o valor do primeiro PSA for muito baixo, voc\u00ea n\u00e3o precisa repetir o teste em um ano. Talvez s\u00f3 seja necess\u00e1rio refaz\u00ea-lo daqui a tr\u00eas anos&#8221;, sugere o especialista, que tamb\u00e9m atua na BP e no Hospital Israelita Albert Einstein, na capital paulista. &#8220;Isso diminui os custos e seleciona melhor aqueles pacientes que precisam ser acompanhados de perto&#8221;, conclui ele.<\/p>\n<p>&nbsp;<\/p>\n<p>Guimar\u00e3es lembra que o debate sobre gastos com sa\u00fade deve ser mais amplo. &#8220;Um homem brasileiro de 50 ou 60 anos representa uma for\u00e7a de trabalho essencial para nossa economia&#8221;, destaca. Seguindo essa linha de racioc\u00ednio, o m\u00e9dico pontua que a detec\u00e7\u00e3o de um c\u00e2ncer avan\u00e7ado nesses indiv\u00edduos representa um preju\u00edzo duplo: primeiro, o valor elevado do pr\u00f3prio tratamento contra o tumor; segundo, o afastamento do trabalho para lidar com uma doen\u00e7a que, em muitos casos, poderia ser diagnosticada numa etapa inicial (quando os cuidados terap\u00eauticos costumam ser mais simples e baratos). Por fim, h\u00e1 um aspecto em que todas as partes envolvidas nesse debate parecem concordar: o homem est\u00e1 no centro dos cuidados e, junto do m\u00e9dico, deve ser parte ativa de qualquer estrat\u00e9gia sobre fazer (ou n\u00e3o) os exames peri\u00f3dicos.<\/p>\n<p>&#8220;Isso \u00e9 uma tend\u00eancia na Medicina: individualizar as condutas e tomar decis\u00f5es compartilhadas&#8221;, constata Canalini. &#8220;Por quest\u00f5es culturais, os homens n\u00e3o est\u00e3o acostumados a acessar os servi\u00e7os de sa\u00fade. E precisamos passar o recado de que eles devem ficar atentos e fazer o acompanhamento n\u00e3o s\u00f3 para c\u00e2ncer, mas tamb\u00e9m para uma s\u00e9rie de doen\u00e7as cr\u00f4nicas, como hipertens\u00e3o arterial e diabetes&#8221;, diz Maciel.<\/p>\n<p>&#8220;O paciente precisa estar no centro das decis\u00f5es e entender os pr\u00f3s e contras de qualquer medida. Mas n\u00e3o podemos ignorar que a palavra e a orienta\u00e7\u00e3o do m\u00e9dico s\u00e3o muito importantes nesse processo&#8221;, pondera Maluf. &#8220;Para que toda discuss\u00e3o tenha frutos, ela precisa necessariamente incluir os principais interessados em toda essa hist\u00f3ria: os pr\u00f3prios homens&#8221;, conclui Guimar\u00e3es. (Fonte: BBC News Brasil)<\/p>\n<p>&nbsp;<\/p>\n","protected":false},"excerpt":{"rendered":"<p>A cada hora, oito homens brasileiros recebem o diagn\u00f3stico de\u00a0c\u00e2ncer\u00a0de pr\u00f3stata. Desses, dois ir\u00e3o morrer por causa do problema. Em n\u00fameros absolutos, essa doen\u00e7a provoca 71,7 mil casos e 16,3 mil mortes ao ano no pa\u00eds. Isso faz desse tumor o segundo tipo mais frequente no p\u00fablico masculino, atr\u00e1s apenas do\u00a0c\u00e2ncer de pele\u00a0n\u00e3o melanoma. Quando [&hellip;]<\/p>\n","protected":false},"author":2,"featured_media":8500,"comment_status":"closed","ping_status":"closed","sticky":false,"template":"","format":"standard","meta":{"iawp_total_views":0,"footnotes":""},"categories":[5],"tags":[],"class_list":["post-8499","post","type-post","status-publish","format-standard","has-post-thumbnail","hentry","category-saude"],"yoast_head":"<!-- This site is optimized with the Yoast SEO plugin v27.3 - https:\/\/yoast.com\/product\/yoast-seo-wordpress\/ -->\n<title>C\u00e2ncer de pr\u00f3stata: quando o homem realmente deve fazer os exames preventivos? &#8902; Blog da Condessa<\/title>\n<meta name=\"robots\" content=\"index, follow, max-snippet:-1, max-image-preview:large, max-video-preview:-1\" \/>\n<link rel=\"canonical\" href=\"https:\/\/blogdacondessa.com.br\/blog\/saude\/cancer-de-prostata-quando-o-homem-realmente-deve-fazer-os-exames-preventivos\/\" \/>\n<meta property=\"og:locale\" content=\"pt_BR\" \/>\n<meta property=\"og:type\" content=\"article\" \/>\n<meta property=\"og:title\" content=\"C\u00e2ncer de pr\u00f3stata: quando o homem realmente deve fazer os exames preventivos? &#8902; Blog da Condessa\" \/>\n<meta property=\"og:description\" content=\"A cada hora, oito homens brasileiros recebem o diagn\u00f3stico de\u00a0c\u00e2ncer\u00a0de pr\u00f3stata. Desses, dois ir\u00e3o morrer por causa do problema. Em n\u00fameros absolutos, essa doen\u00e7a provoca 71,7 mil casos e 16,3 mil mortes ao ano no pa\u00eds. Isso faz desse tumor o segundo tipo mais frequente no p\u00fablico masculino, atr\u00e1s apenas do\u00a0c\u00e2ncer de pele\u00a0n\u00e3o melanoma. Quando [&hellip;]\" \/>\n<meta property=\"og:url\" content=\"https:\/\/blogdacondessa.com.br\/blog\/saude\/cancer-de-prostata-quando-o-homem-realmente-deve-fazer-os-exames-preventivos\/\" \/>\n<meta property=\"og:site_name\" content=\"Blog da Condessa\" \/>\n<meta property=\"article:published_time\" content=\"2023-11-13T09:00:03+00:00\" \/>\n<meta property=\"og:image\" content=\"https:\/\/blogdacondessa.com.br\/blog\/wp-content\/uploads\/2023\/11\/prostata.jpg\" \/>\n\t<meta property=\"og:image:width\" content=\"719\" \/>\n\t<meta property=\"og:image:height\" content=\"405\" \/>\n\t<meta property=\"og:image:type\" content=\"image\/jpeg\" \/>\n<meta name=\"author\" content=\"Blog da Condessa\" \/>\n<meta name=\"twitter:card\" content=\"summary_large_image\" \/>\n<meta name=\"twitter:label1\" content=\"Escrito por\" \/>\n\t<meta name=\"twitter:data1\" content=\"Blog da Condessa\" \/>\n\t<meta name=\"twitter:label2\" content=\"Est. tempo de leitura\" \/>\n\t<meta name=\"twitter:data2\" content=\"13 minutos\" \/>\n<script type=\"application\/ld+json\" class=\"yoast-schema-graph\">{\"@context\":\"https:\\\/\\\/schema.org\",\"@graph\":[{\"@type\":\"Article\",\"@id\":\"https:\\\/\\\/blogdacondessa.com.br\\\/blog\\\/saude\\\/cancer-de-prostata-quando-o-homem-realmente-deve-fazer-os-exames-preventivos\\\/#article\",\"isPartOf\":{\"@id\":\"https:\\\/\\\/blogdacondessa.com.br\\\/blog\\\/saude\\\/cancer-de-prostata-quando-o-homem-realmente-deve-fazer-os-exames-preventivos\\\/\"},\"author\":{\"name\":\"Blog da Condessa\",\"@id\":\"https:\\\/\\\/blogdacondessa.com.br\\\/blog\\\/#\\\/schema\\\/person\\\/1d667ff8b785195b568677489d266035\"},\"headline\":\"C\u00e2ncer de pr\u00f3stata: quando o homem realmente deve fazer os exames preventivos?\",\"datePublished\":\"2023-11-13T09:00:03+00:00\",\"mainEntityOfPage\":{\"@id\":\"https:\\\/\\\/blogdacondessa.com.br\\\/blog\\\/saude\\\/cancer-de-prostata-quando-o-homem-realmente-deve-fazer-os-exames-preventivos\\\/\"},\"wordCount\":2621,\"image\":{\"@id\":\"https:\\\/\\\/blogdacondessa.com.br\\\/blog\\\/saude\\\/cancer-de-prostata-quando-o-homem-realmente-deve-fazer-os-exames-preventivos\\\/#primaryimage\"},\"thumbnailUrl\":\"https:\\\/\\\/blogdacondessa.com.br\\\/blog\\\/wp-content\\\/uploads\\\/2023\\\/11\\\/prostata.jpg\",\"articleSection\":[\"Sa\u00fade\"],\"inLanguage\":\"pt-BR\"},{\"@type\":\"WebPage\",\"@id\":\"https:\\\/\\\/blogdacondessa.com.br\\\/blog\\\/saude\\\/cancer-de-prostata-quando-o-homem-realmente-deve-fazer-os-exames-preventivos\\\/\",\"url\":\"https:\\\/\\\/blogdacondessa.com.br\\\/blog\\\/saude\\\/cancer-de-prostata-quando-o-homem-realmente-deve-fazer-os-exames-preventivos\\\/\",\"name\":\"C\u00e2ncer de pr\u00f3stata: quando o homem realmente deve fazer os exames preventivos? &#8902; Blog da Condessa\",\"isPartOf\":{\"@id\":\"https:\\\/\\\/blogdacondessa.com.br\\\/blog\\\/#website\"},\"primaryImageOfPage\":{\"@id\":\"https:\\\/\\\/blogdacondessa.com.br\\\/blog\\\/saude\\\/cancer-de-prostata-quando-o-homem-realmente-deve-fazer-os-exames-preventivos\\\/#primaryimage\"},\"image\":{\"@id\":\"https:\\\/\\\/blogdacondessa.com.br\\\/blog\\\/saude\\\/cancer-de-prostata-quando-o-homem-realmente-deve-fazer-os-exames-preventivos\\\/#primaryimage\"},\"thumbnailUrl\":\"https:\\\/\\\/blogdacondessa.com.br\\\/blog\\\/wp-content\\\/uploads\\\/2023\\\/11\\\/prostata.jpg\",\"datePublished\":\"2023-11-13T09:00:03+00:00\",\"author\":{\"@id\":\"https:\\\/\\\/blogdacondessa.com.br\\\/blog\\\/#\\\/schema\\\/person\\\/1d667ff8b785195b568677489d266035\"},\"breadcrumb\":{\"@id\":\"https:\\\/\\\/blogdacondessa.com.br\\\/blog\\\/saude\\\/cancer-de-prostata-quando-o-homem-realmente-deve-fazer-os-exames-preventivos\\\/#breadcrumb\"},\"inLanguage\":\"pt-BR\",\"potentialAction\":[{\"@type\":\"ReadAction\",\"target\":[\"https:\\\/\\\/blogdacondessa.com.br\\\/blog\\\/saude\\\/cancer-de-prostata-quando-o-homem-realmente-deve-fazer-os-exames-preventivos\\\/\"]}]},{\"@type\":\"ImageObject\",\"inLanguage\":\"pt-BR\",\"@id\":\"https:\\\/\\\/blogdacondessa.com.br\\\/blog\\\/saude\\\/cancer-de-prostata-quando-o-homem-realmente-deve-fazer-os-exames-preventivos\\\/#primaryimage\",\"url\":\"https:\\\/\\\/blogdacondessa.com.br\\\/blog\\\/wp-content\\\/uploads\\\/2023\\\/11\\\/prostata.jpg\",\"contentUrl\":\"https:\\\/\\\/blogdacondessa.com.br\\\/blog\\\/wp-content\\\/uploads\\\/2023\\\/11\\\/prostata.jpg\",\"width\":719,\"height\":405,\"caption\":\"Foto: GETTY IMAGES\"},{\"@type\":\"BreadcrumbList\",\"@id\":\"https:\\\/\\\/blogdacondessa.com.br\\\/blog\\\/saude\\\/cancer-de-prostata-quando-o-homem-realmente-deve-fazer-os-exames-preventivos\\\/#breadcrumb\",\"itemListElement\":[{\"@type\":\"ListItem\",\"position\":1,\"name\":\"In\u00edcio\",\"item\":\"https:\\\/\\\/blogdacondessa.com.br\\\/blog\\\/\"},{\"@type\":\"ListItem\",\"position\":2,\"name\":\"C\u00e2ncer de pr\u00f3stata: quando o homem realmente deve fazer os exames preventivos?\"}]},{\"@type\":\"WebSite\",\"@id\":\"https:\\\/\\\/blogdacondessa.com.br\\\/blog\\\/#website\",\"url\":\"https:\\\/\\\/blogdacondessa.com.br\\\/blog\\\/\",\"name\":\"Blog da Condessa\",\"description\":\"Com Shirley de Souza O\u2019Campos\",\"potentialAction\":[{\"@type\":\"SearchAction\",\"target\":{\"@type\":\"EntryPoint\",\"urlTemplate\":\"https:\\\/\\\/blogdacondessa.com.br\\\/blog\\\/?s={search_term_string}\"},\"query-input\":{\"@type\":\"PropertyValueSpecification\",\"valueRequired\":true,\"valueName\":\"search_term_string\"}}],\"inLanguage\":\"pt-BR\"},{\"@type\":\"Person\",\"@id\":\"https:\\\/\\\/blogdacondessa.com.br\\\/blog\\\/#\\\/schema\\\/person\\\/1d667ff8b785195b568677489d266035\",\"name\":\"Blog da Condessa\",\"image\":{\"@type\":\"ImageObject\",\"inLanguage\":\"pt-BR\",\"@id\":\"https:\\\/\\\/secure.gravatar.com\\\/avatar\\\/377c0eb8b4ad2bfc25461b41564b5971e721ca34a57642868fc7b0c8ac7b52c5?s=96&d=mm&r=g\",\"url\":\"https:\\\/\\\/secure.gravatar.com\\\/avatar\\\/377c0eb8b4ad2bfc25461b41564b5971e721ca34a57642868fc7b0c8ac7b52c5?s=96&d=mm&r=g\",\"contentUrl\":\"https:\\\/\\\/secure.gravatar.com\\\/avatar\\\/377c0eb8b4ad2bfc25461b41564b5971e721ca34a57642868fc7b0c8ac7b52c5?s=96&d=mm&r=g\",\"caption\":\"Blog da Condessa\"},\"url\":\"https:\\\/\\\/blogdacondessa.com.br\\\/blog\\\/author\\\/beatriz\\\/\"}]}<\/script>\n<!-- \/ Yoast SEO plugin. -->","yoast_head_json":{"title":"C\u00e2ncer de pr\u00f3stata: quando o homem realmente deve fazer os exames preventivos? &#8902; Blog da Condessa","robots":{"index":"index","follow":"follow","max-snippet":"max-snippet:-1","max-image-preview":"max-image-preview:large","max-video-preview":"max-video-preview:-1"},"canonical":"https:\/\/blogdacondessa.com.br\/blog\/saude\/cancer-de-prostata-quando-o-homem-realmente-deve-fazer-os-exames-preventivos\/","og_locale":"pt_BR","og_type":"article","og_title":"C\u00e2ncer de pr\u00f3stata: quando o homem realmente deve fazer os exames preventivos? &#8902; Blog da Condessa","og_description":"A cada hora, oito homens brasileiros recebem o diagn\u00f3stico de\u00a0c\u00e2ncer\u00a0de pr\u00f3stata. Desses, dois ir\u00e3o morrer por causa do problema. Em n\u00fameros absolutos, essa doen\u00e7a provoca 71,7 mil casos e 16,3 mil mortes ao ano no pa\u00eds. Isso faz desse tumor o segundo tipo mais frequente no p\u00fablico masculino, atr\u00e1s apenas do\u00a0c\u00e2ncer de pele\u00a0n\u00e3o melanoma. Quando [&hellip;]","og_url":"https:\/\/blogdacondessa.com.br\/blog\/saude\/cancer-de-prostata-quando-o-homem-realmente-deve-fazer-os-exames-preventivos\/","og_site_name":"Blog da Condessa","article_published_time":"2023-11-13T09:00:03+00:00","og_image":[{"width":719,"height":405,"url":"https:\/\/blogdacondessa.com.br\/blog\/wp-content\/uploads\/2023\/11\/prostata.jpg","type":"image\/jpeg"}],"author":"Blog da Condessa","twitter_card":"summary_large_image","twitter_misc":{"Escrito por":"Blog da Condessa","Est. tempo de leitura":"13 minutos"},"schema":{"@context":"https:\/\/schema.org","@graph":[{"@type":"Article","@id":"https:\/\/blogdacondessa.com.br\/blog\/saude\/cancer-de-prostata-quando-o-homem-realmente-deve-fazer-os-exames-preventivos\/#article","isPartOf":{"@id":"https:\/\/blogdacondessa.com.br\/blog\/saude\/cancer-de-prostata-quando-o-homem-realmente-deve-fazer-os-exames-preventivos\/"},"author":{"name":"Blog da Condessa","@id":"https:\/\/blogdacondessa.com.br\/blog\/#\/schema\/person\/1d667ff8b785195b568677489d266035"},"headline":"C\u00e2ncer de pr\u00f3stata: quando o homem realmente deve fazer os exames preventivos?","datePublished":"2023-11-13T09:00:03+00:00","mainEntityOfPage":{"@id":"https:\/\/blogdacondessa.com.br\/blog\/saude\/cancer-de-prostata-quando-o-homem-realmente-deve-fazer-os-exames-preventivos\/"},"wordCount":2621,"image":{"@id":"https:\/\/blogdacondessa.com.br\/blog\/saude\/cancer-de-prostata-quando-o-homem-realmente-deve-fazer-os-exames-preventivos\/#primaryimage"},"thumbnailUrl":"https:\/\/blogdacondessa.com.br\/blog\/wp-content\/uploads\/2023\/11\/prostata.jpg","articleSection":["Sa\u00fade"],"inLanguage":"pt-BR"},{"@type":"WebPage","@id":"https:\/\/blogdacondessa.com.br\/blog\/saude\/cancer-de-prostata-quando-o-homem-realmente-deve-fazer-os-exames-preventivos\/","url":"https:\/\/blogdacondessa.com.br\/blog\/saude\/cancer-de-prostata-quando-o-homem-realmente-deve-fazer-os-exames-preventivos\/","name":"C\u00e2ncer de pr\u00f3stata: quando o homem realmente deve fazer os exames preventivos? &#8902; Blog da Condessa","isPartOf":{"@id":"https:\/\/blogdacondessa.com.br\/blog\/#website"},"primaryImageOfPage":{"@id":"https:\/\/blogdacondessa.com.br\/blog\/saude\/cancer-de-prostata-quando-o-homem-realmente-deve-fazer-os-exames-preventivos\/#primaryimage"},"image":{"@id":"https:\/\/blogdacondessa.com.br\/blog\/saude\/cancer-de-prostata-quando-o-homem-realmente-deve-fazer-os-exames-preventivos\/#primaryimage"},"thumbnailUrl":"https:\/\/blogdacondessa.com.br\/blog\/wp-content\/uploads\/2023\/11\/prostata.jpg","datePublished":"2023-11-13T09:00:03+00:00","author":{"@id":"https:\/\/blogdacondessa.com.br\/blog\/#\/schema\/person\/1d667ff8b785195b568677489d266035"},"breadcrumb":{"@id":"https:\/\/blogdacondessa.com.br\/blog\/saude\/cancer-de-prostata-quando-o-homem-realmente-deve-fazer-os-exames-preventivos\/#breadcrumb"},"inLanguage":"pt-BR","potentialAction":[{"@type":"ReadAction","target":["https:\/\/blogdacondessa.com.br\/blog\/saude\/cancer-de-prostata-quando-o-homem-realmente-deve-fazer-os-exames-preventivos\/"]}]},{"@type":"ImageObject","inLanguage":"pt-BR","@id":"https:\/\/blogdacondessa.com.br\/blog\/saude\/cancer-de-prostata-quando-o-homem-realmente-deve-fazer-os-exames-preventivos\/#primaryimage","url":"https:\/\/blogdacondessa.com.br\/blog\/wp-content\/uploads\/2023\/11\/prostata.jpg","contentUrl":"https:\/\/blogdacondessa.com.br\/blog\/wp-content\/uploads\/2023\/11\/prostata.jpg","width":719,"height":405,"caption":"Foto: GETTY IMAGES"},{"@type":"BreadcrumbList","@id":"https:\/\/blogdacondessa.com.br\/blog\/saude\/cancer-de-prostata-quando-o-homem-realmente-deve-fazer-os-exames-preventivos\/#breadcrumb","itemListElement":[{"@type":"ListItem","position":1,"name":"In\u00edcio","item":"https:\/\/blogdacondessa.com.br\/blog\/"},{"@type":"ListItem","position":2,"name":"C\u00e2ncer de pr\u00f3stata: quando o homem realmente deve fazer os exames preventivos?"}]},{"@type":"WebSite","@id":"https:\/\/blogdacondessa.com.br\/blog\/#website","url":"https:\/\/blogdacondessa.com.br\/blog\/","name":"Blog da Condessa","description":"Com Shirley de Souza O\u2019Campos","potentialAction":[{"@type":"SearchAction","target":{"@type":"EntryPoint","urlTemplate":"https:\/\/blogdacondessa.com.br\/blog\/?s={search_term_string}"},"query-input":{"@type":"PropertyValueSpecification","valueRequired":true,"valueName":"search_term_string"}}],"inLanguage":"pt-BR"},{"@type":"Person","@id":"https:\/\/blogdacondessa.com.br\/blog\/#\/schema\/person\/1d667ff8b785195b568677489d266035","name":"Blog da Condessa","image":{"@type":"ImageObject","inLanguage":"pt-BR","@id":"https:\/\/secure.gravatar.com\/avatar\/377c0eb8b4ad2bfc25461b41564b5971e721ca34a57642868fc7b0c8ac7b52c5?s=96&d=mm&r=g","url":"https:\/\/secure.gravatar.com\/avatar\/377c0eb8b4ad2bfc25461b41564b5971e721ca34a57642868fc7b0c8ac7b52c5?s=96&d=mm&r=g","contentUrl":"https:\/\/secure.gravatar.com\/avatar\/377c0eb8b4ad2bfc25461b41564b5971e721ca34a57642868fc7b0c8ac7b52c5?s=96&d=mm&r=g","caption":"Blog da Condessa"},"url":"https:\/\/blogdacondessa.com.br\/blog\/author\/beatriz\/"}]}},"_links":{"self":[{"href":"https:\/\/blogdacondessa.com.br\/blog\/wp-json\/wp\/v2\/posts\/8499","targetHints":{"allow":["GET"]}}],"collection":[{"href":"https:\/\/blogdacondessa.com.br\/blog\/wp-json\/wp\/v2\/posts"}],"about":[{"href":"https:\/\/blogdacondessa.com.br\/blog\/wp-json\/wp\/v2\/types\/post"}],"author":[{"embeddable":true,"href":"https:\/\/blogdacondessa.com.br\/blog\/wp-json\/wp\/v2\/users\/2"}],"replies":[{"embeddable":true,"href":"https:\/\/blogdacondessa.com.br\/blog\/wp-json\/wp\/v2\/comments?post=8499"}],"version-history":[{"count":0,"href":"https:\/\/blogdacondessa.com.br\/blog\/wp-json\/wp\/v2\/posts\/8499\/revisions"}],"wp:featuredmedia":[{"embeddable":true,"href":"https:\/\/blogdacondessa.com.br\/blog\/wp-json\/wp\/v2\/media\/8500"}],"wp:attachment":[{"href":"https:\/\/blogdacondessa.com.br\/blog\/wp-json\/wp\/v2\/media?parent=8499"}],"wp:term":[{"taxonomy":"category","embeddable":true,"href":"https:\/\/blogdacondessa.com.br\/blog\/wp-json\/wp\/v2\/categories?post=8499"},{"taxonomy":"post_tag","embeddable":true,"href":"https:\/\/blogdacondessa.com.br\/blog\/wp-json\/wp\/v2\/tags?post=8499"}],"curies":[{"name":"wp","href":"https:\/\/api.w.org\/{rel}","templated":true}]}}