{"id":8481,"date":"2023-11-10T05:00:34","date_gmt":"2023-11-10T09:00:34","guid":{"rendered":"http:\/\/blogdacondessa.com.br\/?p=8481"},"modified":"2023-11-09T18:17:16","modified_gmt":"2023-11-09T22:17:16","slug":"ha-15-anos-o-papai-noel-pantaneiro-leva-alegria-e-inclusao-literaria","status":"publish","type":"post","link":"https:\/\/blogdacondessa.com.br\/blog\/cotidiano\/ha-15-anos-o-papai-noel-pantaneiro-leva-alegria-e-inclusao-literaria\/","title":{"rendered":"H\u00e1 15 anos o Papai Noel Pantaneiro leva alegria e inclus\u00e3o liter\u00e1ria"},"content":{"rendered":"<p>Cine Teatro Cuiab\u00e1 e Cena Onze s\u00e3o\u00a0parceiros do Projeto Papai Noel Pantaneiro .A\u00e7\u00e3o \u00e9 desenvolvida pelo historiador Cl\u00f3vis Matos<\/p>\n<p>Anualmente o Papai Noel Pantaneiro, desenvolvido pelo historiador Cl\u00f3vis Matos, desce o Rio Cuiab\u00e1 entregando presentes para moradores de comunidades ribeirinhas e o Cine Teatro Cuiab\u00e1 \u00e9 um dos pontos de coleta de doa\u00e7\u00f5es de roupas, cal\u00e7ados, brinquedos, livros e alimentos n\u00e3o perec\u00edveis, que ser\u00e3o doados a partir do dia 25 de dezembro, no Pantanal mato-grossense.<\/p>\n<p>H\u00e1 15 anos o Papai Noel Pantaneiro se desloca at\u00e9 as regi\u00f5es de Bar\u00e3o de Melga\u00e7o e Santo Ant\u00f4nio de Leverger. \u201cTudo come\u00e7ou nessas regi\u00f5es, mas hoje j\u00e1 atinge outros lugares, mas sempre na zona rural\u201d, explica Matos.<\/p>\n<p>Ele esclarece que as necessidades foram surgindo ao longo dos anos e hoje recebe at\u00e9 mesmo alimentos n\u00e3o perec\u00edveis e kits escolares. \u201cUm desejo muito grande \u00e9 entregar esses kits, realizamos uma doa\u00e7\u00e3o dessas em Cuiab\u00e1 e agora quero levar para as comunidades\u201d, revela. Dentro de cada saquinho de presente, Matos ainda coloca um livro, aliando assim o projeto Inclus\u00e3o Liter\u00e1ria.<\/p>\n<p>De acordo com o diretor art\u00edstico do Cine Teatro, Fl\u00e1vio Ferreira, a parceria com o historiador j\u00e1 vem de algum tempo. &#8220;Para n\u00f3s, do Cine Teatro Cuiab\u00e1 e Cena Onze \u00e9 uma honra ser parceiro desse t\u00e3o importante projeto, que leva, al\u00e9m de presentes inclus\u00e3o desses moradores de regi\u00f5es mais distantes. Estamos bem localizados, o que facilita o acesso a quem deseja doar\u201d, destaca.<\/p>\n<p><strong>Servi\u00e7o<\/strong><\/p>\n<p>O que: Arrecada\u00e7\u00e3o de doa\u00e7\u00f5es para Projeto Papai Noel Pantaneiro<\/p>\n<p>Onde: Cine Teatro Cuiab\u00e1<\/p>\n<p>Mais informa\u00e7\u00f5es:\u00a0(65)\u00a02129-3848<\/p>\n","protected":false},"excerpt":{"rendered":"<p>Cine Teatro Cuiab\u00e1 e Cena Onze s\u00e3o\u00a0parceiros do Projeto Papai Noel Pantaneiro .A\u00e7\u00e3o \u00e9 desenvolvida pelo historiador Cl\u00f3vis Matos Anualmente o Papai Noel Pantaneiro, desenvolvido pelo historiador Cl\u00f3vis Matos, desce o Rio Cuiab\u00e1 entregando presentes para moradores de comunidades ribeirinhas e o Cine Teatro Cuiab\u00e1 \u00e9 um dos pontos de coleta de doa\u00e7\u00f5es de roupas, [&hellip;]<\/p>\n","protected":false},"author":2,"featured_media":8482,"comment_status":"closed","ping_status":"closed","sticky":false,"template":"","format":"standard","meta":{"iawp_total_views":0,"footnotes":""},"categories":[24],"tags":[],"class_list":["post-8481","post","type-post","status-publish","format-standard","has-post-thumbnail","hentry","category-cotidiano"],"yoast_head":"<!-- This site is optimized with the Yoast SEO plugin v27.3 - https:\/\/yoast.com\/product\/yoast-seo-wordpress\/ -->\n<title>H\u00e1 15 anos o Papai Noel Pantaneiro leva alegria e inclus\u00e3o liter\u00e1ria &#8902; Blog da Condessa<\/title>\n<meta name=\"robots\" content=\"index, follow, max-snippet:-1, max-image-preview:large, max-video-preview:-1\" \/>\n<link rel=\"canonical\" href=\"https:\/\/blogdacondessa.com.br\/blog\/cotidiano\/ha-15-anos-o-papai-noel-pantaneiro-leva-alegria-e-inclusao-literaria\/\" \/>\n<meta property=\"og:locale\" content=\"pt_BR\" \/>\n<meta property=\"og:type\" content=\"article\" \/>\n<meta property=\"og:title\" content=\"H\u00e1 15 anos o Papai Noel Pantaneiro leva alegria e inclus\u00e3o liter\u00e1ria &#8902; Blog da Condessa\" \/>\n<meta property=\"og:description\" content=\"Cine Teatro Cuiab\u00e1 e Cena Onze s\u00e3o\u00a0parceiros do Projeto Papai Noel Pantaneiro .A\u00e7\u00e3o \u00e9 desenvolvida pelo historiador Cl\u00f3vis Matos Anualmente o Papai Noel Pantaneiro, desenvolvido pelo historiador Cl\u00f3vis Matos, desce o Rio Cuiab\u00e1 entregando presentes para moradores de comunidades ribeirinhas e o Cine Teatro Cuiab\u00e1 \u00e9 um dos pontos de coleta de doa\u00e7\u00f5es de roupas, [&hellip;]\" \/>\n<meta property=\"og:url\" content=\"https:\/\/blogdacondessa.com.br\/blog\/cotidiano\/ha-15-anos-o-papai-noel-pantaneiro-leva-alegria-e-inclusao-literaria\/\" \/>\n<meta property=\"og:site_name\" content=\"Blog da Condessa\" \/>\n<meta property=\"article:published_time\" content=\"2023-11-10T09:00:34+00:00\" \/>\n<meta property=\"og:image\" content=\"https:\/\/blogdacondessa.com.br\/blog\/wp-content\/uploads\/2023\/11\/papai-noel-pantaneiro.jpg\" \/>\n\t<meta property=\"og:image:width\" content=\"1080\" \/>\n\t<meta property=\"og:image:height\" content=\"810\" \/>\n\t<meta property=\"og:image:type\" content=\"image\/jpeg\" \/>\n<meta name=\"author\" content=\"Blog da Condessa\" \/>\n<meta name=\"twitter:card\" content=\"summary_large_image\" \/>\n<meta name=\"twitter:label1\" content=\"Escrito por\" \/>\n\t<meta name=\"twitter:data1\" content=\"Blog da Condessa\" \/>\n\t<meta name=\"twitter:label2\" content=\"Est. tempo de leitura\" \/>\n\t<meta name=\"twitter:data2\" content=\"2 minutos\" \/>\n<script type=\"application\/ld+json\" class=\"yoast-schema-graph\">{\"@context\":\"https:\\\/\\\/schema.org\",\"@graph\":[{\"@type\":\"Article\",\"@id\":\"https:\\\/\\\/blogdacondessa.com.br\\\/blog\\\/cotidiano\\\/ha-15-anos-o-papai-noel-pantaneiro-leva-alegria-e-inclusao-literaria\\\/#article\",\"isPartOf\":{\"@id\":\"https:\\\/\\\/blogdacondessa.com.br\\\/blog\\\/cotidiano\\\/ha-15-anos-o-papai-noel-pantaneiro-leva-alegria-e-inclusao-literaria\\\/\"},\"author\":{\"name\":\"Blog da Condessa\",\"@id\":\"https:\\\/\\\/blogdacondessa.com.br\\\/blog\\\/#\\\/schema\\\/person\\\/1d667ff8b785195b568677489d266035\"},\"headline\":\"H\u00e1 15 anos o Papai Noel Pantaneiro leva alegria e inclus\u00e3o liter\u00e1ria\",\"datePublished\":\"2023-11-10T09:00:34+00:00\",\"mainEntityOfPage\":{\"@id\":\"https:\\\/\\\/blogdacondessa.com.br\\\/blog\\\/cotidiano\\\/ha-15-anos-o-papai-noel-pantaneiro-leva-alegria-e-inclusao-literaria\\\/\"},\"wordCount\":295,\"image\":{\"@id\":\"https:\\\/\\\/blogdacondessa.com.br\\\/blog\\\/cotidiano\\\/ha-15-anos-o-papai-noel-pantaneiro-leva-alegria-e-inclusao-literaria\\\/#primaryimage\"},\"thumbnailUrl\":\"https:\\\/\\\/blogdacondessa.com.br\\\/blog\\\/wp-content\\\/uploads\\\/2023\\\/11\\\/papai-noel-pantaneiro.jpg\",\"articleSection\":[\"Cotidiano\"],\"inLanguage\":\"pt-BR\"},{\"@type\":\"WebPage\",\"@id\":\"https:\\\/\\\/blogdacondessa.com.br\\\/blog\\\/cotidiano\\\/ha-15-anos-o-papai-noel-pantaneiro-leva-alegria-e-inclusao-literaria\\\/\",\"url\":\"https:\\\/\\\/blogdacondessa.com.br\\\/blog\\\/cotidiano\\\/ha-15-anos-o-papai-noel-pantaneiro-leva-alegria-e-inclusao-literaria\\\/\",\"name\":\"H\u00e1 15 anos o Papai Noel Pantaneiro leva alegria e inclus\u00e3o liter\u00e1ria &#8902; Blog da Condessa\",\"isPartOf\":{\"@id\":\"https:\\\/\\\/blogdacondessa.com.br\\\/blog\\\/#website\"},\"primaryImageOfPage\":{\"@id\":\"https:\\\/\\\/blogdacondessa.com.br\\\/blog\\\/cotidiano\\\/ha-15-anos-o-papai-noel-pantaneiro-leva-alegria-e-inclusao-literaria\\\/#primaryimage\"},\"image\":{\"@id\":\"https:\\\/\\\/blogdacondessa.com.br\\\/blog\\\/cotidiano\\\/ha-15-anos-o-papai-noel-pantaneiro-leva-alegria-e-inclusao-literaria\\\/#primaryimage\"},\"thumbnailUrl\":\"https:\\\/\\\/blogdacondessa.com.br\\\/blog\\\/wp-content\\\/uploads\\\/2023\\\/11\\\/papai-noel-pantaneiro.jpg\",\"datePublished\":\"2023-11-10T09:00:34+00:00\",\"author\":{\"@id\":\"https:\\\/\\\/blogdacondessa.com.br\\\/blog\\\/#\\\/schema\\\/person\\\/1d667ff8b785195b568677489d266035\"},\"breadcrumb\":{\"@id\":\"https:\\\/\\\/blogdacondessa.com.br\\\/blog\\\/cotidiano\\\/ha-15-anos-o-papai-noel-pantaneiro-leva-alegria-e-inclusao-literaria\\\/#breadcrumb\"},\"inLanguage\":\"pt-BR\",\"potentialAction\":[{\"@type\":\"ReadAction\",\"target\":[\"https:\\\/\\\/blogdacondessa.com.br\\\/blog\\\/cotidiano\\\/ha-15-anos-o-papai-noel-pantaneiro-leva-alegria-e-inclusao-literaria\\\/\"]}]},{\"@type\":\"ImageObject\",\"inLanguage\":\"pt-BR\",\"@id\":\"https:\\\/\\\/blogdacondessa.com.br\\\/blog\\\/cotidiano\\\/ha-15-anos-o-papai-noel-pantaneiro-leva-alegria-e-inclusao-literaria\\\/#primaryimage\",\"url\":\"https:\\\/\\\/blogdacondessa.com.br\\\/blog\\\/wp-content\\\/uploads\\\/2023\\\/11\\\/papai-noel-pantaneiro.jpg\",\"contentUrl\":\"https:\\\/\\\/blogdacondessa.com.br\\\/blog\\\/wp-content\\\/uploads\\\/2023\\\/11\\\/papai-noel-pantaneiro.jpg\",\"width\":1080,\"height\":810,\"caption\":\"Foto: Assessoria\"},{\"@type\":\"BreadcrumbList\",\"@id\":\"https:\\\/\\\/blogdacondessa.com.br\\\/blog\\\/cotidiano\\\/ha-15-anos-o-papai-noel-pantaneiro-leva-alegria-e-inclusao-literaria\\\/#breadcrumb\",\"itemListElement\":[{\"@type\":\"ListItem\",\"position\":1,\"name\":\"In\u00edcio\",\"item\":\"https:\\\/\\\/blogdacondessa.com.br\\\/blog\\\/\"},{\"@type\":\"ListItem\",\"position\":2,\"name\":\"H\u00e1 15 anos o Papai Noel Pantaneiro leva alegria e inclus\u00e3o liter\u00e1ria\"}]},{\"@type\":\"WebSite\",\"@id\":\"https:\\\/\\\/blogdacondessa.com.br\\\/blog\\\/#website\",\"url\":\"https:\\\/\\\/blogdacondessa.com.br\\\/blog\\\/\",\"name\":\"Blog da Condessa\",\"description\":\"Com Shirley de Souza O\u2019Campos\",\"potentialAction\":[{\"@type\":\"SearchAction\",\"target\":{\"@type\":\"EntryPoint\",\"urlTemplate\":\"https:\\\/\\\/blogdacondessa.com.br\\\/blog\\\/?s={search_term_string}\"},\"query-input\":{\"@type\":\"PropertyValueSpecification\",\"valueRequired\":true,\"valueName\":\"search_term_string\"}}],\"inLanguage\":\"pt-BR\"},{\"@type\":\"Person\",\"@id\":\"https:\\\/\\\/blogdacondessa.com.br\\\/blog\\\/#\\\/schema\\\/person\\\/1d667ff8b785195b568677489d266035\",\"name\":\"Blog da Condessa\",\"image\":{\"@type\":\"ImageObject\",\"inLanguage\":\"pt-BR\",\"@id\":\"https:\\\/\\\/secure.gravatar.com\\\/avatar\\\/377c0eb8b4ad2bfc25461b41564b5971e721ca34a57642868fc7b0c8ac7b52c5?s=96&d=mm&r=g\",\"url\":\"https:\\\/\\\/secure.gravatar.com\\\/avatar\\\/377c0eb8b4ad2bfc25461b41564b5971e721ca34a57642868fc7b0c8ac7b52c5?s=96&d=mm&r=g\",\"contentUrl\":\"https:\\\/\\\/secure.gravatar.com\\\/avatar\\\/377c0eb8b4ad2bfc25461b41564b5971e721ca34a57642868fc7b0c8ac7b52c5?s=96&d=mm&r=g\",\"caption\":\"Blog da Condessa\"},\"url\":\"https:\\\/\\\/blogdacondessa.com.br\\\/blog\\\/author\\\/beatriz\\\/\"}]}<\/script>\n<!-- \/ Yoast SEO plugin. -->","yoast_head_json":{"title":"H\u00e1 15 anos o Papai Noel Pantaneiro leva alegria e inclus\u00e3o liter\u00e1ria &#8902; Blog da Condessa","robots":{"index":"index","follow":"follow","max-snippet":"max-snippet:-1","max-image-preview":"max-image-preview:large","max-video-preview":"max-video-preview:-1"},"canonical":"https:\/\/blogdacondessa.com.br\/blog\/cotidiano\/ha-15-anos-o-papai-noel-pantaneiro-leva-alegria-e-inclusao-literaria\/","og_locale":"pt_BR","og_type":"article","og_title":"H\u00e1 15 anos o Papai Noel Pantaneiro leva alegria e inclus\u00e3o liter\u00e1ria &#8902; Blog da Condessa","og_description":"Cine Teatro Cuiab\u00e1 e Cena Onze s\u00e3o\u00a0parceiros do Projeto Papai Noel Pantaneiro .A\u00e7\u00e3o \u00e9 desenvolvida pelo historiador Cl\u00f3vis Matos Anualmente o Papai Noel Pantaneiro, desenvolvido pelo historiador Cl\u00f3vis Matos, desce o Rio Cuiab\u00e1 entregando presentes para moradores de comunidades ribeirinhas e o Cine Teatro Cuiab\u00e1 \u00e9 um dos pontos de coleta de doa\u00e7\u00f5es de roupas, [&hellip;]","og_url":"https:\/\/blogdacondessa.com.br\/blog\/cotidiano\/ha-15-anos-o-papai-noel-pantaneiro-leva-alegria-e-inclusao-literaria\/","og_site_name":"Blog da Condessa","article_published_time":"2023-11-10T09:00:34+00:00","og_image":[{"width":1080,"height":810,"url":"https:\/\/blogdacondessa.com.br\/blog\/wp-content\/uploads\/2023\/11\/papai-noel-pantaneiro.jpg","type":"image\/jpeg"}],"author":"Blog da Condessa","twitter_card":"summary_large_image","twitter_misc":{"Escrito por":"Blog da Condessa","Est. tempo de leitura":"2 minutos"},"schema":{"@context":"https:\/\/schema.org","@graph":[{"@type":"Article","@id":"https:\/\/blogdacondessa.com.br\/blog\/cotidiano\/ha-15-anos-o-papai-noel-pantaneiro-leva-alegria-e-inclusao-literaria\/#article","isPartOf":{"@id":"https:\/\/blogdacondessa.com.br\/blog\/cotidiano\/ha-15-anos-o-papai-noel-pantaneiro-leva-alegria-e-inclusao-literaria\/"},"author":{"name":"Blog da Condessa","@id":"https:\/\/blogdacondessa.com.br\/blog\/#\/schema\/person\/1d667ff8b785195b568677489d266035"},"headline":"H\u00e1 15 anos o Papai Noel Pantaneiro leva alegria e inclus\u00e3o liter\u00e1ria","datePublished":"2023-11-10T09:00:34+00:00","mainEntityOfPage":{"@id":"https:\/\/blogdacondessa.com.br\/blog\/cotidiano\/ha-15-anos-o-papai-noel-pantaneiro-leva-alegria-e-inclusao-literaria\/"},"wordCount":295,"image":{"@id":"https:\/\/blogdacondessa.com.br\/blog\/cotidiano\/ha-15-anos-o-papai-noel-pantaneiro-leva-alegria-e-inclusao-literaria\/#primaryimage"},"thumbnailUrl":"https:\/\/blogdacondessa.com.br\/blog\/wp-content\/uploads\/2023\/11\/papai-noel-pantaneiro.jpg","articleSection":["Cotidiano"],"inLanguage":"pt-BR"},{"@type":"WebPage","@id":"https:\/\/blogdacondessa.com.br\/blog\/cotidiano\/ha-15-anos-o-papai-noel-pantaneiro-leva-alegria-e-inclusao-literaria\/","url":"https:\/\/blogdacondessa.com.br\/blog\/cotidiano\/ha-15-anos-o-papai-noel-pantaneiro-leva-alegria-e-inclusao-literaria\/","name":"H\u00e1 15 anos o Papai Noel Pantaneiro leva alegria e inclus\u00e3o liter\u00e1ria &#8902; Blog da Condessa","isPartOf":{"@id":"https:\/\/blogdacondessa.com.br\/blog\/#website"},"primaryImageOfPage":{"@id":"https:\/\/blogdacondessa.com.br\/blog\/cotidiano\/ha-15-anos-o-papai-noel-pantaneiro-leva-alegria-e-inclusao-literaria\/#primaryimage"},"image":{"@id":"https:\/\/blogdacondessa.com.br\/blog\/cotidiano\/ha-15-anos-o-papai-noel-pantaneiro-leva-alegria-e-inclusao-literaria\/#primaryimage"},"thumbnailUrl":"https:\/\/blogdacondessa.com.br\/blog\/wp-content\/uploads\/2023\/11\/papai-noel-pantaneiro.jpg","datePublished":"2023-11-10T09:00:34+00:00","author":{"@id":"https:\/\/blogdacondessa.com.br\/blog\/#\/schema\/person\/1d667ff8b785195b568677489d266035"},"breadcrumb":{"@id":"https:\/\/blogdacondessa.com.br\/blog\/cotidiano\/ha-15-anos-o-papai-noel-pantaneiro-leva-alegria-e-inclusao-literaria\/#breadcrumb"},"inLanguage":"pt-BR","potentialAction":[{"@type":"ReadAction","target":["https:\/\/blogdacondessa.com.br\/blog\/cotidiano\/ha-15-anos-o-papai-noel-pantaneiro-leva-alegria-e-inclusao-literaria\/"]}]},{"@type":"ImageObject","inLanguage":"pt-BR","@id":"https:\/\/blogdacondessa.com.br\/blog\/cotidiano\/ha-15-anos-o-papai-noel-pantaneiro-leva-alegria-e-inclusao-literaria\/#primaryimage","url":"https:\/\/blogdacondessa.com.br\/blog\/wp-content\/uploads\/2023\/11\/papai-noel-pantaneiro.jpg","contentUrl":"https:\/\/blogdacondessa.com.br\/blog\/wp-content\/uploads\/2023\/11\/papai-noel-pantaneiro.jpg","width":1080,"height":810,"caption":"Foto: Assessoria"},{"@type":"BreadcrumbList","@id":"https:\/\/blogdacondessa.com.br\/blog\/cotidiano\/ha-15-anos-o-papai-noel-pantaneiro-leva-alegria-e-inclusao-literaria\/#breadcrumb","itemListElement":[{"@type":"ListItem","position":1,"name":"In\u00edcio","item":"https:\/\/blogdacondessa.com.br\/blog\/"},{"@type":"ListItem","position":2,"name":"H\u00e1 15 anos o Papai Noel Pantaneiro leva alegria e inclus\u00e3o liter\u00e1ria"}]},{"@type":"WebSite","@id":"https:\/\/blogdacondessa.com.br\/blog\/#website","url":"https:\/\/blogdacondessa.com.br\/blog\/","name":"Blog da Condessa","description":"Com Shirley de Souza O\u2019Campos","potentialAction":[{"@type":"SearchAction","target":{"@type":"EntryPoint","urlTemplate":"https:\/\/blogdacondessa.com.br\/blog\/?s={search_term_string}"},"query-input":{"@type":"PropertyValueSpecification","valueRequired":true,"valueName":"search_term_string"}}],"inLanguage":"pt-BR"},{"@type":"Person","@id":"https:\/\/blogdacondessa.com.br\/blog\/#\/schema\/person\/1d667ff8b785195b568677489d266035","name":"Blog da Condessa","image":{"@type":"ImageObject","inLanguage":"pt-BR","@id":"https:\/\/secure.gravatar.com\/avatar\/377c0eb8b4ad2bfc25461b41564b5971e721ca34a57642868fc7b0c8ac7b52c5?s=96&d=mm&r=g","url":"https:\/\/secure.gravatar.com\/avatar\/377c0eb8b4ad2bfc25461b41564b5971e721ca34a57642868fc7b0c8ac7b52c5?s=96&d=mm&r=g","contentUrl":"https:\/\/secure.gravatar.com\/avatar\/377c0eb8b4ad2bfc25461b41564b5971e721ca34a57642868fc7b0c8ac7b52c5?s=96&d=mm&r=g","caption":"Blog da Condessa"},"url":"https:\/\/blogdacondessa.com.br\/blog\/author\/beatriz\/"}]}},"_links":{"self":[{"href":"https:\/\/blogdacondessa.com.br\/blog\/wp-json\/wp\/v2\/posts\/8481","targetHints":{"allow":["GET"]}}],"collection":[{"href":"https:\/\/blogdacondessa.com.br\/blog\/wp-json\/wp\/v2\/posts"}],"about":[{"href":"https:\/\/blogdacondessa.com.br\/blog\/wp-json\/wp\/v2\/types\/post"}],"author":[{"embeddable":true,"href":"https:\/\/blogdacondessa.com.br\/blog\/wp-json\/wp\/v2\/users\/2"}],"replies":[{"embeddable":true,"href":"https:\/\/blogdacondessa.com.br\/blog\/wp-json\/wp\/v2\/comments?post=8481"}],"version-history":[{"count":0,"href":"https:\/\/blogdacondessa.com.br\/blog\/wp-json\/wp\/v2\/posts\/8481\/revisions"}],"wp:featuredmedia":[{"embeddable":true,"href":"https:\/\/blogdacondessa.com.br\/blog\/wp-json\/wp\/v2\/media\/8482"}],"wp:attachment":[{"href":"https:\/\/blogdacondessa.com.br\/blog\/wp-json\/wp\/v2\/media?parent=8481"}],"wp:term":[{"taxonomy":"category","embeddable":true,"href":"https:\/\/blogdacondessa.com.br\/blog\/wp-json\/wp\/v2\/categories?post=8481"},{"taxonomy":"post_tag","embeddable":true,"href":"https:\/\/blogdacondessa.com.br\/blog\/wp-json\/wp\/v2\/tags?post=8481"}],"curies":[{"name":"wp","href":"https:\/\/api.w.org\/{rel}","templated":true}]}}