{"id":8463,"date":"2023-11-07T05:00:38","date_gmt":"2023-11-07T09:00:38","guid":{"rendered":"http:\/\/blogdacondessa.com.br\/?p=8463"},"modified":"2023-11-06T16:19:39","modified_gmt":"2023-11-06T20:19:39","slug":"definida-nova-data-para-o-mt-fashion-chita","status":"publish","type":"post","link":"https:\/\/blogdacondessa.com.br\/blog\/moda\/definida-nova-data-para-o-mt-fashion-chita\/","title":{"rendered":"Definida nova data para o MT Fashion Chita"},"content":{"rendered":"<p>O evento tem como objetivo promover a moda mato-grossense \u00e9 adiado para 28 de novembro. Evento que arrecada fundos para AAPOC e ONG L\u00edrios ter\u00e1 nova data devido a imprevisto log\u00edstico.<\/p>\n<p>O MT Fashion Chita, evento de moda que est\u00e1 arrecadando recursos para duas institui\u00e7\u00f5es de import\u00e2ncia para o estado, foi adiado para o dia 28 de novembro de 2023. A mudan\u00e7a de data foi necess\u00e1ria devido a um imprevisto log\u00edstico.<\/p>\n<p>O evento, que estava originalmente programado para acontecer no dia 7 de novembro, ocorrer\u00e1 no mesmo local e hor\u00e1rio. Ainda est\u00e3o sendo organizados os detalhes da programa\u00e7\u00e3o, mas j\u00e1 \u00e9 poss\u00edvel adiantar que haver\u00e1 workshop com o chapeleiro Denis Linhares e desfiles com 25 looks femininos e 10 masculinos confeccionados pela estilista Kell Nascimento.<\/p>\n<p>A equipe do MT Fashion Chita pede desculpas pelos transtornos causados pela mudan\u00e7a de data e espera que isso n\u00e3o afete a participa\u00e7\u00e3o do p\u00fablico no evento.<\/p>\n<p>O evento tem como objetivo promover a moda mato-grossense e arrecadar fundos para a AAPOC (Associa\u00e7\u00e3o de Apoio aos Pacientes Oncol\u00f3gicos de Cuiab\u00e1) e a ONG L\u00edrios (Apoio a Mulheres V\u00edtimas de Viol\u00eancia Dom\u00e9stica).<\/p>\n<p>A AAPOC atua diretamente com os pacientes oncol\u00f3gicos, atrav\u00e9s de campanhas de conscientiza\u00e7\u00e3o, orienta\u00e7\u00e3o jur\u00eddica, apoio material e acompanhamento do tratamento. J\u00e1 a ONG L\u00edrios \u00e9 uma organiza\u00e7\u00e3o sem fins lucrativos que auxilia mulheres em situa\u00e7\u00e3o de viol\u00eancia. A organiza\u00e7\u00e3o ampara a reconstru\u00e7\u00e3o da autoestima e reestrutura\u00e7\u00e3o da vida de mulheres e crian\u00e7as v\u00edtimas de atos de viol\u00eancia no \u00e2mbito familiar.<\/p>\n<p>\u201cA mudan\u00e7a de data foi necess\u00e1ria para garantir a qualidade do evento e o conforto dos participantes. Estamos trabalhando para que o MT Fashion Chita seja um sucesso e que ajude a arrecadar fundos para essas duas importantes causas\u201d, destaca Edson Guilherme, idealizador do evento.<\/p>\n<p>Os ingressos para o MT Fashion Chita j\u00e1 est\u00e3o \u00e0 venda e podem ser adquiridos na Assembleia Legislativa de Mato Grosso e com a equipe da AAPOC e ONG L\u00edrios.<\/p>\n<p><strong>Sobre a AAPOC<\/strong><\/p>\n<p>A AAPOC \u00e9 uma associa\u00e7\u00e3o sem fins lucrativos que atua em Cuiab\u00e1 desde 2009. A entidade oferece apoio a pacientes oncol\u00f3gicos, atrav\u00e9s de campanhas de conscientiza\u00e7\u00e3o, orienta\u00e7\u00e3o jur\u00eddica, apoio material e acompanhamento do tratamento.<\/p>\n<p><strong>Sobre a ONG L\u00edrios<\/strong><\/p>\n<p>A ONG L\u00edrios \u00e9 uma organiza\u00e7\u00e3o sem fins lucrativos que atua em Cuiab\u00e1 desde 2013. A entidade auxilia mulheres em situa\u00e7\u00e3o de viol\u00eancia, amparando a reconstru\u00e7\u00e3o da autoestima e reestrutura\u00e7\u00e3o da vida de mulheres e crian\u00e7as v\u00edtimas de atos de viol\u00eancia no \u00e2mbito familiar.<\/p>\n","protected":false},"excerpt":{"rendered":"<p>O evento tem como objetivo promover a moda mato-grossense \u00e9 adiado para 28 de novembro. Evento que arrecada fundos para AAPOC e ONG L\u00edrios ter\u00e1 nova data devido a imprevisto log\u00edstico. O MT Fashion Chita, evento de moda que est\u00e1 arrecadando recursos para duas institui\u00e7\u00f5es de import\u00e2ncia para o estado, foi adiado para o dia [&hellip;]<\/p>\n","protected":false},"author":2,"featured_media":8464,"comment_status":"closed","ping_status":"closed","sticky":false,"template":"","format":"standard","meta":{"iawp_total_views":0,"footnotes":""},"categories":[21],"tags":[],"class_list":["post-8463","post","type-post","status-publish","format-standard","has-post-thumbnail","hentry","category-moda"],"yoast_head":"<!-- This site is optimized with the Yoast SEO plugin v27.3 - https:\/\/yoast.com\/product\/yoast-seo-wordpress\/ -->\n<title>Definida nova data para o MT Fashion Chita &#8902; Blog da Condessa<\/title>\n<meta name=\"robots\" content=\"index, follow, max-snippet:-1, max-image-preview:large, max-video-preview:-1\" \/>\n<link rel=\"canonical\" href=\"https:\/\/blogdacondessa.com.br\/blog\/moda\/definida-nova-data-para-o-mt-fashion-chita\/\" \/>\n<meta property=\"og:locale\" content=\"pt_BR\" \/>\n<meta property=\"og:type\" content=\"article\" \/>\n<meta property=\"og:title\" content=\"Definida nova data para o MT Fashion Chita &#8902; Blog da Condessa\" \/>\n<meta property=\"og:description\" content=\"O evento tem como objetivo promover a moda mato-grossense \u00e9 adiado para 28 de novembro. Evento que arrecada fundos para AAPOC e ONG L\u00edrios ter\u00e1 nova data devido a imprevisto log\u00edstico. O MT Fashion Chita, evento de moda que est\u00e1 arrecadando recursos para duas institui\u00e7\u00f5es de import\u00e2ncia para o estado, foi adiado para o dia [&hellip;]\" \/>\n<meta property=\"og:url\" content=\"https:\/\/blogdacondessa.com.br\/blog\/moda\/definida-nova-data-para-o-mt-fashion-chita\/\" \/>\n<meta property=\"og:site_name\" content=\"Blog da Condessa\" \/>\n<meta property=\"article:published_time\" content=\"2023-11-07T09:00:38+00:00\" \/>\n<meta property=\"og:image\" content=\"https:\/\/blogdacondessa.com.br\/blog\/wp-content\/uploads\/2023\/11\/MT-fashion.png\" \/>\n\t<meta property=\"og:image:width\" content=\"1080\" \/>\n\t<meta property=\"og:image:height\" content=\"1350\" \/>\n\t<meta property=\"og:image:type\" content=\"image\/png\" \/>\n<meta name=\"author\" content=\"Blog da Condessa\" \/>\n<meta name=\"twitter:card\" content=\"summary_large_image\" \/>\n<meta name=\"twitter:label1\" content=\"Escrito por\" \/>\n\t<meta name=\"twitter:data1\" content=\"Blog da Condessa\" \/>\n\t<meta name=\"twitter:label2\" content=\"Est. tempo de leitura\" \/>\n\t<meta name=\"twitter:data2\" content=\"3 minutos\" \/>\n<script type=\"application\/ld+json\" class=\"yoast-schema-graph\">{\"@context\":\"https:\\\/\\\/schema.org\",\"@graph\":[{\"@type\":\"Article\",\"@id\":\"https:\\\/\\\/blogdacondessa.com.br\\\/blog\\\/moda\\\/definida-nova-data-para-o-mt-fashion-chita\\\/#article\",\"isPartOf\":{\"@id\":\"https:\\\/\\\/blogdacondessa.com.br\\\/blog\\\/moda\\\/definida-nova-data-para-o-mt-fashion-chita\\\/\"},\"author\":{\"name\":\"Blog da Condessa\",\"@id\":\"https:\\\/\\\/blogdacondessa.com.br\\\/blog\\\/#\\\/schema\\\/person\\\/1d667ff8b785195b568677489d266035\"},\"headline\":\"Definida nova data para o MT Fashion Chita\",\"datePublished\":\"2023-11-07T09:00:38+00:00\",\"mainEntityOfPage\":{\"@id\":\"https:\\\/\\\/blogdacondessa.com.br\\\/blog\\\/moda\\\/definida-nova-data-para-o-mt-fashion-chita\\\/\"},\"wordCount\":457,\"image\":{\"@id\":\"https:\\\/\\\/blogdacondessa.com.br\\\/blog\\\/moda\\\/definida-nova-data-para-o-mt-fashion-chita\\\/#primaryimage\"},\"thumbnailUrl\":\"https:\\\/\\\/blogdacondessa.com.br\\\/blog\\\/wp-content\\\/uploads\\\/2023\\\/11\\\/MT-fashion.png\",\"articleSection\":[\"Moda\"],\"inLanguage\":\"pt-BR\"},{\"@type\":\"WebPage\",\"@id\":\"https:\\\/\\\/blogdacondessa.com.br\\\/blog\\\/moda\\\/definida-nova-data-para-o-mt-fashion-chita\\\/\",\"url\":\"https:\\\/\\\/blogdacondessa.com.br\\\/blog\\\/moda\\\/definida-nova-data-para-o-mt-fashion-chita\\\/\",\"name\":\"Definida nova data para o MT Fashion Chita &#8902; Blog da Condessa\",\"isPartOf\":{\"@id\":\"https:\\\/\\\/blogdacondessa.com.br\\\/blog\\\/#website\"},\"primaryImageOfPage\":{\"@id\":\"https:\\\/\\\/blogdacondessa.com.br\\\/blog\\\/moda\\\/definida-nova-data-para-o-mt-fashion-chita\\\/#primaryimage\"},\"image\":{\"@id\":\"https:\\\/\\\/blogdacondessa.com.br\\\/blog\\\/moda\\\/definida-nova-data-para-o-mt-fashion-chita\\\/#primaryimage\"},\"thumbnailUrl\":\"https:\\\/\\\/blogdacondessa.com.br\\\/blog\\\/wp-content\\\/uploads\\\/2023\\\/11\\\/MT-fashion.png\",\"datePublished\":\"2023-11-07T09:00:38+00:00\",\"author\":{\"@id\":\"https:\\\/\\\/blogdacondessa.com.br\\\/blog\\\/#\\\/schema\\\/person\\\/1d667ff8b785195b568677489d266035\"},\"breadcrumb\":{\"@id\":\"https:\\\/\\\/blogdacondessa.com.br\\\/blog\\\/moda\\\/definida-nova-data-para-o-mt-fashion-chita\\\/#breadcrumb\"},\"inLanguage\":\"pt-BR\",\"potentialAction\":[{\"@type\":\"ReadAction\",\"target\":[\"https:\\\/\\\/blogdacondessa.com.br\\\/blog\\\/moda\\\/definida-nova-data-para-o-mt-fashion-chita\\\/\"]}]},{\"@type\":\"ImageObject\",\"inLanguage\":\"pt-BR\",\"@id\":\"https:\\\/\\\/blogdacondessa.com.br\\\/blog\\\/moda\\\/definida-nova-data-para-o-mt-fashion-chita\\\/#primaryimage\",\"url\":\"https:\\\/\\\/blogdacondessa.com.br\\\/blog\\\/wp-content\\\/uploads\\\/2023\\\/11\\\/MT-fashion.png\",\"contentUrl\":\"https:\\\/\\\/blogdacondessa.com.br\\\/blog\\\/wp-content\\\/uploads\\\/2023\\\/11\\\/MT-fashion.png\",\"width\":1080,\"height\":1350},{\"@type\":\"BreadcrumbList\",\"@id\":\"https:\\\/\\\/blogdacondessa.com.br\\\/blog\\\/moda\\\/definida-nova-data-para-o-mt-fashion-chita\\\/#breadcrumb\",\"itemListElement\":[{\"@type\":\"ListItem\",\"position\":1,\"name\":\"In\u00edcio\",\"item\":\"https:\\\/\\\/blogdacondessa.com.br\\\/blog\\\/\"},{\"@type\":\"ListItem\",\"position\":2,\"name\":\"Definida nova data para o MT Fashion Chita\"}]},{\"@type\":\"WebSite\",\"@id\":\"https:\\\/\\\/blogdacondessa.com.br\\\/blog\\\/#website\",\"url\":\"https:\\\/\\\/blogdacondessa.com.br\\\/blog\\\/\",\"name\":\"Blog da Condessa\",\"description\":\"Com Shirley de Souza O\u2019Campos\",\"potentialAction\":[{\"@type\":\"SearchAction\",\"target\":{\"@type\":\"EntryPoint\",\"urlTemplate\":\"https:\\\/\\\/blogdacondessa.com.br\\\/blog\\\/?s={search_term_string}\"},\"query-input\":{\"@type\":\"PropertyValueSpecification\",\"valueRequired\":true,\"valueName\":\"search_term_string\"}}],\"inLanguage\":\"pt-BR\"},{\"@type\":\"Person\",\"@id\":\"https:\\\/\\\/blogdacondessa.com.br\\\/blog\\\/#\\\/schema\\\/person\\\/1d667ff8b785195b568677489d266035\",\"name\":\"Blog da Condessa\",\"image\":{\"@type\":\"ImageObject\",\"inLanguage\":\"pt-BR\",\"@id\":\"https:\\\/\\\/secure.gravatar.com\\\/avatar\\\/377c0eb8b4ad2bfc25461b41564b5971e721ca34a57642868fc7b0c8ac7b52c5?s=96&d=mm&r=g\",\"url\":\"https:\\\/\\\/secure.gravatar.com\\\/avatar\\\/377c0eb8b4ad2bfc25461b41564b5971e721ca34a57642868fc7b0c8ac7b52c5?s=96&d=mm&r=g\",\"contentUrl\":\"https:\\\/\\\/secure.gravatar.com\\\/avatar\\\/377c0eb8b4ad2bfc25461b41564b5971e721ca34a57642868fc7b0c8ac7b52c5?s=96&d=mm&r=g\",\"caption\":\"Blog da Condessa\"},\"url\":\"https:\\\/\\\/blogdacondessa.com.br\\\/blog\\\/author\\\/beatriz\\\/\"}]}<\/script>\n<!-- \/ Yoast SEO plugin. -->","yoast_head_json":{"title":"Definida nova data para o MT Fashion Chita &#8902; Blog da Condessa","robots":{"index":"index","follow":"follow","max-snippet":"max-snippet:-1","max-image-preview":"max-image-preview:large","max-video-preview":"max-video-preview:-1"},"canonical":"https:\/\/blogdacondessa.com.br\/blog\/moda\/definida-nova-data-para-o-mt-fashion-chita\/","og_locale":"pt_BR","og_type":"article","og_title":"Definida nova data para o MT Fashion Chita &#8902; Blog da Condessa","og_description":"O evento tem como objetivo promover a moda mato-grossense \u00e9 adiado para 28 de novembro. Evento que arrecada fundos para AAPOC e ONG L\u00edrios ter\u00e1 nova data devido a imprevisto log\u00edstico. O MT Fashion Chita, evento de moda que est\u00e1 arrecadando recursos para duas institui\u00e7\u00f5es de import\u00e2ncia para o estado, foi adiado para o dia [&hellip;]","og_url":"https:\/\/blogdacondessa.com.br\/blog\/moda\/definida-nova-data-para-o-mt-fashion-chita\/","og_site_name":"Blog da Condessa","article_published_time":"2023-11-07T09:00:38+00:00","og_image":[{"width":1080,"height":1350,"url":"https:\/\/blogdacondessa.com.br\/blog\/wp-content\/uploads\/2023\/11\/MT-fashion.png","type":"image\/png"}],"author":"Blog da Condessa","twitter_card":"summary_large_image","twitter_misc":{"Escrito por":"Blog da Condessa","Est. tempo de leitura":"3 minutos"},"schema":{"@context":"https:\/\/schema.org","@graph":[{"@type":"Article","@id":"https:\/\/blogdacondessa.com.br\/blog\/moda\/definida-nova-data-para-o-mt-fashion-chita\/#article","isPartOf":{"@id":"https:\/\/blogdacondessa.com.br\/blog\/moda\/definida-nova-data-para-o-mt-fashion-chita\/"},"author":{"name":"Blog da Condessa","@id":"https:\/\/blogdacondessa.com.br\/blog\/#\/schema\/person\/1d667ff8b785195b568677489d266035"},"headline":"Definida nova data para o MT Fashion Chita","datePublished":"2023-11-07T09:00:38+00:00","mainEntityOfPage":{"@id":"https:\/\/blogdacondessa.com.br\/blog\/moda\/definida-nova-data-para-o-mt-fashion-chita\/"},"wordCount":457,"image":{"@id":"https:\/\/blogdacondessa.com.br\/blog\/moda\/definida-nova-data-para-o-mt-fashion-chita\/#primaryimage"},"thumbnailUrl":"https:\/\/blogdacondessa.com.br\/blog\/wp-content\/uploads\/2023\/11\/MT-fashion.png","articleSection":["Moda"],"inLanguage":"pt-BR"},{"@type":"WebPage","@id":"https:\/\/blogdacondessa.com.br\/blog\/moda\/definida-nova-data-para-o-mt-fashion-chita\/","url":"https:\/\/blogdacondessa.com.br\/blog\/moda\/definida-nova-data-para-o-mt-fashion-chita\/","name":"Definida nova data para o MT Fashion Chita &#8902; Blog da Condessa","isPartOf":{"@id":"https:\/\/blogdacondessa.com.br\/blog\/#website"},"primaryImageOfPage":{"@id":"https:\/\/blogdacondessa.com.br\/blog\/moda\/definida-nova-data-para-o-mt-fashion-chita\/#primaryimage"},"image":{"@id":"https:\/\/blogdacondessa.com.br\/blog\/moda\/definida-nova-data-para-o-mt-fashion-chita\/#primaryimage"},"thumbnailUrl":"https:\/\/blogdacondessa.com.br\/blog\/wp-content\/uploads\/2023\/11\/MT-fashion.png","datePublished":"2023-11-07T09:00:38+00:00","author":{"@id":"https:\/\/blogdacondessa.com.br\/blog\/#\/schema\/person\/1d667ff8b785195b568677489d266035"},"breadcrumb":{"@id":"https:\/\/blogdacondessa.com.br\/blog\/moda\/definida-nova-data-para-o-mt-fashion-chita\/#breadcrumb"},"inLanguage":"pt-BR","potentialAction":[{"@type":"ReadAction","target":["https:\/\/blogdacondessa.com.br\/blog\/moda\/definida-nova-data-para-o-mt-fashion-chita\/"]}]},{"@type":"ImageObject","inLanguage":"pt-BR","@id":"https:\/\/blogdacondessa.com.br\/blog\/moda\/definida-nova-data-para-o-mt-fashion-chita\/#primaryimage","url":"https:\/\/blogdacondessa.com.br\/blog\/wp-content\/uploads\/2023\/11\/MT-fashion.png","contentUrl":"https:\/\/blogdacondessa.com.br\/blog\/wp-content\/uploads\/2023\/11\/MT-fashion.png","width":1080,"height":1350},{"@type":"BreadcrumbList","@id":"https:\/\/blogdacondessa.com.br\/blog\/moda\/definida-nova-data-para-o-mt-fashion-chita\/#breadcrumb","itemListElement":[{"@type":"ListItem","position":1,"name":"In\u00edcio","item":"https:\/\/blogdacondessa.com.br\/blog\/"},{"@type":"ListItem","position":2,"name":"Definida nova data para o MT Fashion Chita"}]},{"@type":"WebSite","@id":"https:\/\/blogdacondessa.com.br\/blog\/#website","url":"https:\/\/blogdacondessa.com.br\/blog\/","name":"Blog da Condessa","description":"Com Shirley de Souza O\u2019Campos","potentialAction":[{"@type":"SearchAction","target":{"@type":"EntryPoint","urlTemplate":"https:\/\/blogdacondessa.com.br\/blog\/?s={search_term_string}"},"query-input":{"@type":"PropertyValueSpecification","valueRequired":true,"valueName":"search_term_string"}}],"inLanguage":"pt-BR"},{"@type":"Person","@id":"https:\/\/blogdacondessa.com.br\/blog\/#\/schema\/person\/1d667ff8b785195b568677489d266035","name":"Blog da Condessa","image":{"@type":"ImageObject","inLanguage":"pt-BR","@id":"https:\/\/secure.gravatar.com\/avatar\/377c0eb8b4ad2bfc25461b41564b5971e721ca34a57642868fc7b0c8ac7b52c5?s=96&d=mm&r=g","url":"https:\/\/secure.gravatar.com\/avatar\/377c0eb8b4ad2bfc25461b41564b5971e721ca34a57642868fc7b0c8ac7b52c5?s=96&d=mm&r=g","contentUrl":"https:\/\/secure.gravatar.com\/avatar\/377c0eb8b4ad2bfc25461b41564b5971e721ca34a57642868fc7b0c8ac7b52c5?s=96&d=mm&r=g","caption":"Blog da Condessa"},"url":"https:\/\/blogdacondessa.com.br\/blog\/author\/beatriz\/"}]}},"_links":{"self":[{"href":"https:\/\/blogdacondessa.com.br\/blog\/wp-json\/wp\/v2\/posts\/8463","targetHints":{"allow":["GET"]}}],"collection":[{"href":"https:\/\/blogdacondessa.com.br\/blog\/wp-json\/wp\/v2\/posts"}],"about":[{"href":"https:\/\/blogdacondessa.com.br\/blog\/wp-json\/wp\/v2\/types\/post"}],"author":[{"embeddable":true,"href":"https:\/\/blogdacondessa.com.br\/blog\/wp-json\/wp\/v2\/users\/2"}],"replies":[{"embeddable":true,"href":"https:\/\/blogdacondessa.com.br\/blog\/wp-json\/wp\/v2\/comments?post=8463"}],"version-history":[{"count":0,"href":"https:\/\/blogdacondessa.com.br\/blog\/wp-json\/wp\/v2\/posts\/8463\/revisions"}],"wp:featuredmedia":[{"embeddable":true,"href":"https:\/\/blogdacondessa.com.br\/blog\/wp-json\/wp\/v2\/media\/8464"}],"wp:attachment":[{"href":"https:\/\/blogdacondessa.com.br\/blog\/wp-json\/wp\/v2\/media?parent=8463"}],"wp:term":[{"taxonomy":"category","embeddable":true,"href":"https:\/\/blogdacondessa.com.br\/blog\/wp-json\/wp\/v2\/categories?post=8463"},{"taxonomy":"post_tag","embeddable":true,"href":"https:\/\/blogdacondessa.com.br\/blog\/wp-json\/wp\/v2\/tags?post=8463"}],"curies":[{"name":"wp","href":"https:\/\/api.w.org\/{rel}","templated":true}]}}