{"id":8460,"date":"2023-11-07T05:00:43","date_gmt":"2023-11-07T09:00:43","guid":{"rendered":"http:\/\/blogdacondessa.com.br\/?p=8460"},"modified":"2023-11-06T16:12:16","modified_gmt":"2023-11-06T20:12:16","slug":"centro-e-referencia-no-tratamento-de-feridas-em-mato-grosso","status":"publish","type":"post","link":"https:\/\/blogdacondessa.com.br\/blog\/saude\/centro-e-referencia-no-tratamento-de-feridas-em-mato-grosso\/","title":{"rendered":"Centro \u00e9 refer\u00eancia no tratamento de feridas em Mato Grosso"},"content":{"rendered":"<p>No Pronto Atendimento da Unimed Cuiab\u00e1, um setor inteiro dedicado ao tratamento de les\u00f5es ganha destaque, com equipe especializada e alta tecnologia, situando a maior cooperativa m\u00e9dica de Mato Grosso como refer\u00eancia neste tipo de tratamento. Por m\u00eas, o local recebe mais de 350 pacientes com feridas cr\u00f4nicas, traum\u00e1ticas e agudas \u2013 todas com alto \u00edndice de resolutividade.<\/p>\n<p>\u201cO Centro de Tratamento de Feridas \u00e9 refer\u00eancia no mercado e representa o jeito de cuidar Unimed, com atendimento humanizado e servi\u00e7os exclusivos aos nossos mais de 200 mil clientes\u201d, afirma o presidente da Unimed Cuiab\u00e1, Dr Carlos Bouret. \u201cEm cada paciente, nosso objetivo \u00e9 sempre reduzir o tempo de cura, evitar poss\u00edveis complica\u00e7\u00f5es e obter o melhor resultado funcional e est\u00e9tico\u201d, complementou.<\/p>\n<p><strong>Acolhimento e Humaniza\u00e7\u00e3o\u00a0<\/strong><\/p>\n<p>Criado h\u00e1 11 anos, o espa\u00e7o se diferencia pelo acolhimento. \u201cEntendemos que o paciente e sua fam\u00edlia j\u00e1 chegam aqui emocionalmente abalados. Por isso, n\u00e3o \u00e9 s\u00f3 tratar, \u00e9 ouvir e entender cada caso, para tra\u00e7ar o plano terap\u00eautico ideal, afinal, alguns tratamentos levam meses, para curar feridas \u00e0s vezes abertas h\u00e1 anos\u201d, explica a enfermeira especialista em feridas, Cacia Regina Tavares, que atua ali desde a abertura.<\/p>\n<p>\u201cMuitas vezes a fam\u00edlia se acostuma com aquele quadro e passa a achar normal. Mas n\u00e3o \u00e9\u201d, pondera a especialista. Entre os casos mais marcantes, Cacia recorda de uma jovem chorando de alegria ao ver curada a ferida que sua m\u00e3e tinha no p\u00e9 havia mais de 40 anos. \u201cEla nos agradeceu emocionada, dizendo que nunca tinha visto a m\u00e3e sem uma faixa tapando aquela les\u00e3o. Ent\u00e3o, vemos aqui um antes e depois na vida de muita gente\u201d, comemorou.<\/p>\n<p><strong>Procedimentos de ponta<\/strong><\/p>\n<p>Os casos mais comuns envolvem p\u00e9s diab\u00e9ticos e ulceras venosas, al\u00e9m das feridas vasculares e queimaduras. Para acelerar a cicatriza\u00e7\u00e3o, os curativos utilizam materiais de excel\u00eancia, como algas marinhas e hidrofibras. Dependendo do caso, outro procedimento exitoso \u00e9 o chamado \u201ccurativo \u00e0 v\u00e1cuo\u201d ou \u201cpress\u00e3o negativa\u201d que, aplicado sobre a ferida, promove a suc\u00e7\u00e3o das secre\u00e7\u00f5es at\u00e9 um reservat\u00f3rio junto do paciente, incluindo ostomoziados e oncol\u00f3gicos.<\/p>\n<p>\u201cNenhum outro plano de sa\u00fade oferece todo esse suporte para o tratamento de feridas\u201d, avalia o cirurgi\u00e3o vascular Dr Omar Ahmad Karfan, considerando a equipe, materiais e estrutura. Segundo ele, a proximidade com o paciente traz resultados extremamente positivos e gratificantes. Isso inclui o atendimento em domic\u00edlio (Home Care) para acamados que n\u00e3o podem ir ao Centro de Tratamento \u2013 mais um servi\u00e7o exclusivo aos benefici\u00e1rios Unimed Cuiab\u00e1.<\/p>\n<p><strong>Servi\u00e7o<\/strong><\/p>\n<p>O Centro de Tratamento a Feridas \u00e9 refer\u00eancia no tratamento de feridas em Mato Grosso, atendendo todos os planos Unimed Cuiab\u00e1 e interc\u00e2mbio, sempre mediante encaminhamento m\u00e9dico. Funciona no 2\u00ba andar do P.A. (Pronto Atendimento Unimed Cuiab\u00e1) na rua Bar\u00e3o de Melga\u00e7o, 2057, regi\u00e3o centro-sul da Capital. Agendamentos podem ser realizados de forma presencial ou pelo telefone (65) 3612-8728.<\/p>\n<p>&nbsp;<\/p>\n","protected":false},"excerpt":{"rendered":"<p>No Pronto Atendimento da Unimed Cuiab\u00e1, um setor inteiro dedicado ao tratamento de les\u00f5es ganha destaque, com equipe especializada e alta tecnologia, situando a maior cooperativa m\u00e9dica de Mato Grosso como refer\u00eancia neste tipo de tratamento. Por m\u00eas, o local recebe mais de 350 pacientes com feridas cr\u00f4nicas, traum\u00e1ticas e agudas \u2013 todas com alto [&hellip;]<\/p>\n","protected":false},"author":2,"featured_media":8461,"comment_status":"closed","ping_status":"closed","sticky":false,"template":"","format":"standard","meta":{"iawp_total_views":0,"footnotes":""},"categories":[5],"tags":[],"class_list":["post-8460","post","type-post","status-publish","format-standard","has-post-thumbnail","hentry","category-saude"],"yoast_head":"<!-- This site is optimized with the Yoast SEO plugin v27.3 - https:\/\/yoast.com\/product\/yoast-seo-wordpress\/ -->\n<title>Centro \u00e9 refer\u00eancia no tratamento de feridas em Mato Grosso &#8902; Blog da Condessa<\/title>\n<meta name=\"robots\" content=\"index, follow, max-snippet:-1, max-image-preview:large, max-video-preview:-1\" \/>\n<link rel=\"canonical\" href=\"https:\/\/blogdacondessa.com.br\/blog\/saude\/centro-e-referencia-no-tratamento-de-feridas-em-mato-grosso\/\" \/>\n<meta property=\"og:locale\" content=\"pt_BR\" \/>\n<meta property=\"og:type\" content=\"article\" \/>\n<meta property=\"og:title\" content=\"Centro \u00e9 refer\u00eancia no tratamento de feridas em Mato Grosso &#8902; Blog da Condessa\" \/>\n<meta property=\"og:description\" content=\"No Pronto Atendimento da Unimed Cuiab\u00e1, um setor inteiro dedicado ao tratamento de les\u00f5es ganha destaque, com equipe especializada e alta tecnologia, situando a maior cooperativa m\u00e9dica de Mato Grosso como refer\u00eancia neste tipo de tratamento. Por m\u00eas, o local recebe mais de 350 pacientes com feridas cr\u00f4nicas, traum\u00e1ticas e agudas \u2013 todas com alto [&hellip;]\" \/>\n<meta property=\"og:url\" content=\"https:\/\/blogdacondessa.com.br\/blog\/saude\/centro-e-referencia-no-tratamento-de-feridas-em-mato-grosso\/\" \/>\n<meta property=\"og:site_name\" content=\"Blog da Condessa\" \/>\n<meta property=\"article:published_time\" content=\"2023-11-07T09:00:43+00:00\" \/>\n<meta property=\"og:image\" content=\"https:\/\/blogdacondessa.com.br\/blog\/wp-content\/uploads\/2023\/11\/unimed.jpg\" \/>\n\t<meta property=\"og:image:width\" content=\"1600\" \/>\n\t<meta property=\"og:image:height\" content=\"1066\" \/>\n\t<meta property=\"og:image:type\" content=\"image\/jpeg\" \/>\n<meta name=\"author\" content=\"Blog da Condessa\" \/>\n<meta name=\"twitter:card\" content=\"summary_large_image\" \/>\n<meta name=\"twitter:label1\" content=\"Escrito por\" \/>\n\t<meta name=\"twitter:data1\" content=\"Blog da Condessa\" \/>\n\t<meta name=\"twitter:label2\" content=\"Est. tempo de leitura\" \/>\n\t<meta name=\"twitter:data2\" content=\"3 minutos\" \/>\n<script type=\"application\/ld+json\" class=\"yoast-schema-graph\">{\"@context\":\"https:\\\/\\\/schema.org\",\"@graph\":[{\"@type\":\"Article\",\"@id\":\"https:\\\/\\\/blogdacondessa.com.br\\\/blog\\\/saude\\\/centro-e-referencia-no-tratamento-de-feridas-em-mato-grosso\\\/#article\",\"isPartOf\":{\"@id\":\"https:\\\/\\\/blogdacondessa.com.br\\\/blog\\\/saude\\\/centro-e-referencia-no-tratamento-de-feridas-em-mato-grosso\\\/\"},\"author\":{\"name\":\"Blog da Condessa\",\"@id\":\"https:\\\/\\\/blogdacondessa.com.br\\\/blog\\\/#\\\/schema\\\/person\\\/1d667ff8b785195b568677489d266035\"},\"headline\":\"Centro \u00e9 refer\u00eancia no tratamento de feridas em Mato Grosso\",\"datePublished\":\"2023-11-07T09:00:43+00:00\",\"mainEntityOfPage\":{\"@id\":\"https:\\\/\\\/blogdacondessa.com.br\\\/blog\\\/saude\\\/centro-e-referencia-no-tratamento-de-feridas-em-mato-grosso\\\/\"},\"wordCount\":510,\"image\":{\"@id\":\"https:\\\/\\\/blogdacondessa.com.br\\\/blog\\\/saude\\\/centro-e-referencia-no-tratamento-de-feridas-em-mato-grosso\\\/#primaryimage\"},\"thumbnailUrl\":\"https:\\\/\\\/blogdacondessa.com.br\\\/blog\\\/wp-content\\\/uploads\\\/2023\\\/11\\\/unimed.jpg\",\"articleSection\":[\"Sa\u00fade\"],\"inLanguage\":\"pt-BR\"},{\"@type\":\"WebPage\",\"@id\":\"https:\\\/\\\/blogdacondessa.com.br\\\/blog\\\/saude\\\/centro-e-referencia-no-tratamento-de-feridas-em-mato-grosso\\\/\",\"url\":\"https:\\\/\\\/blogdacondessa.com.br\\\/blog\\\/saude\\\/centro-e-referencia-no-tratamento-de-feridas-em-mato-grosso\\\/\",\"name\":\"Centro \u00e9 refer\u00eancia no tratamento de feridas em Mato Grosso &#8902; Blog da Condessa\",\"isPartOf\":{\"@id\":\"https:\\\/\\\/blogdacondessa.com.br\\\/blog\\\/#website\"},\"primaryImageOfPage\":{\"@id\":\"https:\\\/\\\/blogdacondessa.com.br\\\/blog\\\/saude\\\/centro-e-referencia-no-tratamento-de-feridas-em-mato-grosso\\\/#primaryimage\"},\"image\":{\"@id\":\"https:\\\/\\\/blogdacondessa.com.br\\\/blog\\\/saude\\\/centro-e-referencia-no-tratamento-de-feridas-em-mato-grosso\\\/#primaryimage\"},\"thumbnailUrl\":\"https:\\\/\\\/blogdacondessa.com.br\\\/blog\\\/wp-content\\\/uploads\\\/2023\\\/11\\\/unimed.jpg\",\"datePublished\":\"2023-11-07T09:00:43+00:00\",\"author\":{\"@id\":\"https:\\\/\\\/blogdacondessa.com.br\\\/blog\\\/#\\\/schema\\\/person\\\/1d667ff8b785195b568677489d266035\"},\"breadcrumb\":{\"@id\":\"https:\\\/\\\/blogdacondessa.com.br\\\/blog\\\/saude\\\/centro-e-referencia-no-tratamento-de-feridas-em-mato-grosso\\\/#breadcrumb\"},\"inLanguage\":\"pt-BR\",\"potentialAction\":[{\"@type\":\"ReadAction\",\"target\":[\"https:\\\/\\\/blogdacondessa.com.br\\\/blog\\\/saude\\\/centro-e-referencia-no-tratamento-de-feridas-em-mato-grosso\\\/\"]}]},{\"@type\":\"ImageObject\",\"inLanguage\":\"pt-BR\",\"@id\":\"https:\\\/\\\/blogdacondessa.com.br\\\/blog\\\/saude\\\/centro-e-referencia-no-tratamento-de-feridas-em-mato-grosso\\\/#primaryimage\",\"url\":\"https:\\\/\\\/blogdacondessa.com.br\\\/blog\\\/wp-content\\\/uploads\\\/2023\\\/11\\\/unimed.jpg\",\"contentUrl\":\"https:\\\/\\\/blogdacondessa.com.br\\\/blog\\\/wp-content\\\/uploads\\\/2023\\\/11\\\/unimed.jpg\",\"width\":1600,\"height\":1066},{\"@type\":\"BreadcrumbList\",\"@id\":\"https:\\\/\\\/blogdacondessa.com.br\\\/blog\\\/saude\\\/centro-e-referencia-no-tratamento-de-feridas-em-mato-grosso\\\/#breadcrumb\",\"itemListElement\":[{\"@type\":\"ListItem\",\"position\":1,\"name\":\"In\u00edcio\",\"item\":\"https:\\\/\\\/blogdacondessa.com.br\\\/blog\\\/\"},{\"@type\":\"ListItem\",\"position\":2,\"name\":\"Centro \u00e9 refer\u00eancia no tratamento de feridas em Mato Grosso\"}]},{\"@type\":\"WebSite\",\"@id\":\"https:\\\/\\\/blogdacondessa.com.br\\\/blog\\\/#website\",\"url\":\"https:\\\/\\\/blogdacondessa.com.br\\\/blog\\\/\",\"name\":\"Blog da Condessa\",\"description\":\"Com Shirley de Souza O\u2019Campos\",\"potentialAction\":[{\"@type\":\"SearchAction\",\"target\":{\"@type\":\"EntryPoint\",\"urlTemplate\":\"https:\\\/\\\/blogdacondessa.com.br\\\/blog\\\/?s={search_term_string}\"},\"query-input\":{\"@type\":\"PropertyValueSpecification\",\"valueRequired\":true,\"valueName\":\"search_term_string\"}}],\"inLanguage\":\"pt-BR\"},{\"@type\":\"Person\",\"@id\":\"https:\\\/\\\/blogdacondessa.com.br\\\/blog\\\/#\\\/schema\\\/person\\\/1d667ff8b785195b568677489d266035\",\"name\":\"Blog da Condessa\",\"image\":{\"@type\":\"ImageObject\",\"inLanguage\":\"pt-BR\",\"@id\":\"https:\\\/\\\/secure.gravatar.com\\\/avatar\\\/377c0eb8b4ad2bfc25461b41564b5971e721ca34a57642868fc7b0c8ac7b52c5?s=96&d=mm&r=g\",\"url\":\"https:\\\/\\\/secure.gravatar.com\\\/avatar\\\/377c0eb8b4ad2bfc25461b41564b5971e721ca34a57642868fc7b0c8ac7b52c5?s=96&d=mm&r=g\",\"contentUrl\":\"https:\\\/\\\/secure.gravatar.com\\\/avatar\\\/377c0eb8b4ad2bfc25461b41564b5971e721ca34a57642868fc7b0c8ac7b52c5?s=96&d=mm&r=g\",\"caption\":\"Blog da Condessa\"},\"url\":\"https:\\\/\\\/blogdacondessa.com.br\\\/blog\\\/author\\\/beatriz\\\/\"}]}<\/script>\n<!-- \/ Yoast SEO plugin. -->","yoast_head_json":{"title":"Centro \u00e9 refer\u00eancia no tratamento de feridas em Mato Grosso &#8902; Blog da Condessa","robots":{"index":"index","follow":"follow","max-snippet":"max-snippet:-1","max-image-preview":"max-image-preview:large","max-video-preview":"max-video-preview:-1"},"canonical":"https:\/\/blogdacondessa.com.br\/blog\/saude\/centro-e-referencia-no-tratamento-de-feridas-em-mato-grosso\/","og_locale":"pt_BR","og_type":"article","og_title":"Centro \u00e9 refer\u00eancia no tratamento de feridas em Mato Grosso &#8902; Blog da Condessa","og_description":"No Pronto Atendimento da Unimed Cuiab\u00e1, um setor inteiro dedicado ao tratamento de les\u00f5es ganha destaque, com equipe especializada e alta tecnologia, situando a maior cooperativa m\u00e9dica de Mato Grosso como refer\u00eancia neste tipo de tratamento. Por m\u00eas, o local recebe mais de 350 pacientes com feridas cr\u00f4nicas, traum\u00e1ticas e agudas \u2013 todas com alto [&hellip;]","og_url":"https:\/\/blogdacondessa.com.br\/blog\/saude\/centro-e-referencia-no-tratamento-de-feridas-em-mato-grosso\/","og_site_name":"Blog da Condessa","article_published_time":"2023-11-07T09:00:43+00:00","og_image":[{"width":1600,"height":1066,"url":"https:\/\/blogdacondessa.com.br\/blog\/wp-content\/uploads\/2023\/11\/unimed.jpg","type":"image\/jpeg"}],"author":"Blog da Condessa","twitter_card":"summary_large_image","twitter_misc":{"Escrito por":"Blog da Condessa","Est. tempo de leitura":"3 minutos"},"schema":{"@context":"https:\/\/schema.org","@graph":[{"@type":"Article","@id":"https:\/\/blogdacondessa.com.br\/blog\/saude\/centro-e-referencia-no-tratamento-de-feridas-em-mato-grosso\/#article","isPartOf":{"@id":"https:\/\/blogdacondessa.com.br\/blog\/saude\/centro-e-referencia-no-tratamento-de-feridas-em-mato-grosso\/"},"author":{"name":"Blog da Condessa","@id":"https:\/\/blogdacondessa.com.br\/blog\/#\/schema\/person\/1d667ff8b785195b568677489d266035"},"headline":"Centro \u00e9 refer\u00eancia no tratamento de feridas em Mato Grosso","datePublished":"2023-11-07T09:00:43+00:00","mainEntityOfPage":{"@id":"https:\/\/blogdacondessa.com.br\/blog\/saude\/centro-e-referencia-no-tratamento-de-feridas-em-mato-grosso\/"},"wordCount":510,"image":{"@id":"https:\/\/blogdacondessa.com.br\/blog\/saude\/centro-e-referencia-no-tratamento-de-feridas-em-mato-grosso\/#primaryimage"},"thumbnailUrl":"https:\/\/blogdacondessa.com.br\/blog\/wp-content\/uploads\/2023\/11\/unimed.jpg","articleSection":["Sa\u00fade"],"inLanguage":"pt-BR"},{"@type":"WebPage","@id":"https:\/\/blogdacondessa.com.br\/blog\/saude\/centro-e-referencia-no-tratamento-de-feridas-em-mato-grosso\/","url":"https:\/\/blogdacondessa.com.br\/blog\/saude\/centro-e-referencia-no-tratamento-de-feridas-em-mato-grosso\/","name":"Centro \u00e9 refer\u00eancia no tratamento de feridas em Mato Grosso &#8902; Blog da Condessa","isPartOf":{"@id":"https:\/\/blogdacondessa.com.br\/blog\/#website"},"primaryImageOfPage":{"@id":"https:\/\/blogdacondessa.com.br\/blog\/saude\/centro-e-referencia-no-tratamento-de-feridas-em-mato-grosso\/#primaryimage"},"image":{"@id":"https:\/\/blogdacondessa.com.br\/blog\/saude\/centro-e-referencia-no-tratamento-de-feridas-em-mato-grosso\/#primaryimage"},"thumbnailUrl":"https:\/\/blogdacondessa.com.br\/blog\/wp-content\/uploads\/2023\/11\/unimed.jpg","datePublished":"2023-11-07T09:00:43+00:00","author":{"@id":"https:\/\/blogdacondessa.com.br\/blog\/#\/schema\/person\/1d667ff8b785195b568677489d266035"},"breadcrumb":{"@id":"https:\/\/blogdacondessa.com.br\/blog\/saude\/centro-e-referencia-no-tratamento-de-feridas-em-mato-grosso\/#breadcrumb"},"inLanguage":"pt-BR","potentialAction":[{"@type":"ReadAction","target":["https:\/\/blogdacondessa.com.br\/blog\/saude\/centro-e-referencia-no-tratamento-de-feridas-em-mato-grosso\/"]}]},{"@type":"ImageObject","inLanguage":"pt-BR","@id":"https:\/\/blogdacondessa.com.br\/blog\/saude\/centro-e-referencia-no-tratamento-de-feridas-em-mato-grosso\/#primaryimage","url":"https:\/\/blogdacondessa.com.br\/blog\/wp-content\/uploads\/2023\/11\/unimed.jpg","contentUrl":"https:\/\/blogdacondessa.com.br\/blog\/wp-content\/uploads\/2023\/11\/unimed.jpg","width":1600,"height":1066},{"@type":"BreadcrumbList","@id":"https:\/\/blogdacondessa.com.br\/blog\/saude\/centro-e-referencia-no-tratamento-de-feridas-em-mato-grosso\/#breadcrumb","itemListElement":[{"@type":"ListItem","position":1,"name":"In\u00edcio","item":"https:\/\/blogdacondessa.com.br\/blog\/"},{"@type":"ListItem","position":2,"name":"Centro \u00e9 refer\u00eancia no tratamento de feridas em Mato Grosso"}]},{"@type":"WebSite","@id":"https:\/\/blogdacondessa.com.br\/blog\/#website","url":"https:\/\/blogdacondessa.com.br\/blog\/","name":"Blog da Condessa","description":"Com Shirley de Souza O\u2019Campos","potentialAction":[{"@type":"SearchAction","target":{"@type":"EntryPoint","urlTemplate":"https:\/\/blogdacondessa.com.br\/blog\/?s={search_term_string}"},"query-input":{"@type":"PropertyValueSpecification","valueRequired":true,"valueName":"search_term_string"}}],"inLanguage":"pt-BR"},{"@type":"Person","@id":"https:\/\/blogdacondessa.com.br\/blog\/#\/schema\/person\/1d667ff8b785195b568677489d266035","name":"Blog da Condessa","image":{"@type":"ImageObject","inLanguage":"pt-BR","@id":"https:\/\/secure.gravatar.com\/avatar\/377c0eb8b4ad2bfc25461b41564b5971e721ca34a57642868fc7b0c8ac7b52c5?s=96&d=mm&r=g","url":"https:\/\/secure.gravatar.com\/avatar\/377c0eb8b4ad2bfc25461b41564b5971e721ca34a57642868fc7b0c8ac7b52c5?s=96&d=mm&r=g","contentUrl":"https:\/\/secure.gravatar.com\/avatar\/377c0eb8b4ad2bfc25461b41564b5971e721ca34a57642868fc7b0c8ac7b52c5?s=96&d=mm&r=g","caption":"Blog da Condessa"},"url":"https:\/\/blogdacondessa.com.br\/blog\/author\/beatriz\/"}]}},"_links":{"self":[{"href":"https:\/\/blogdacondessa.com.br\/blog\/wp-json\/wp\/v2\/posts\/8460","targetHints":{"allow":["GET"]}}],"collection":[{"href":"https:\/\/blogdacondessa.com.br\/blog\/wp-json\/wp\/v2\/posts"}],"about":[{"href":"https:\/\/blogdacondessa.com.br\/blog\/wp-json\/wp\/v2\/types\/post"}],"author":[{"embeddable":true,"href":"https:\/\/blogdacondessa.com.br\/blog\/wp-json\/wp\/v2\/users\/2"}],"replies":[{"embeddable":true,"href":"https:\/\/blogdacondessa.com.br\/blog\/wp-json\/wp\/v2\/comments?post=8460"}],"version-history":[{"count":0,"href":"https:\/\/blogdacondessa.com.br\/blog\/wp-json\/wp\/v2\/posts\/8460\/revisions"}],"wp:featuredmedia":[{"embeddable":true,"href":"https:\/\/blogdacondessa.com.br\/blog\/wp-json\/wp\/v2\/media\/8461"}],"wp:attachment":[{"href":"https:\/\/blogdacondessa.com.br\/blog\/wp-json\/wp\/v2\/media?parent=8460"}],"wp:term":[{"taxonomy":"category","embeddable":true,"href":"https:\/\/blogdacondessa.com.br\/blog\/wp-json\/wp\/v2\/categories?post=8460"},{"taxonomy":"post_tag","embeddable":true,"href":"https:\/\/blogdacondessa.com.br\/blog\/wp-json\/wp\/v2\/tags?post=8460"}],"curies":[{"name":"wp","href":"https:\/\/api.w.org\/{rel}","templated":true}]}}