{"id":8400,"date":"2023-10-30T05:00:28","date_gmt":"2023-10-30T09:00:28","guid":{"rendered":"http:\/\/blogdacondessa.com.br\/?p=8400"},"modified":"2023-10-29T17:29:15","modified_gmt":"2023-10-29T21:29:15","slug":"senadores-de-mt-firmam-compromisso-com-aprovacao-da-pec-de-valorizacao-da-magistratura","status":"publish","type":"post","link":"https:\/\/blogdacondessa.com.br\/blog\/juridico\/senadores-de-mt-firmam-compromisso-com-aprovacao-da-pec-de-valorizacao-da-magistratura\/","title":{"rendered":"Senadores de MT firmam compromisso com aprova\u00e7\u00e3o da PEC de valoriza\u00e7\u00e3o da magistratura"},"content":{"rendered":"<table width=\"100%\">\n<tbody>\n<tr>\n<td>A presidente da Associa\u00e7\u00e3o Mato-grossense de Magistrados (AMAM), Maria Rosi, se reuniu, na manh\u00e3 de sexta-feira (27.10), com os tr\u00eas senadores da Rep\u00fablica por Mato Grosso, Margareth Buzetti, Jayme Campos e Mauro Carvalho, para falar sobre a aprova\u00e7\u00e3o das Propostas de Emenda \u00e0 Constitui\u00e7\u00e3o (PEC) n\u00b0 10 e n\u00ba 19, que tratam da Valoriza\u00e7\u00e3o do Tempo de Exerc\u00edcio na Magistratura (VTM).<\/p>\n<p>O encontro ocorreu no Tribunal de Justi\u00e7a de Mato Grosso (TJMT). \u201cFoi uma manh\u00e3 memor\u00e1vel, na qual a magistratura testemunhou um avan\u00e7o crucial pela aprova\u00e7\u00e3o da Valoriza\u00e7\u00e3o do Tempo de Exerc\u00edcio na Magistratura, sob a orienta\u00e7\u00e3o firme e determinada da presidente do Tribunal de Justi\u00e7a de Mato Grosso, desembargadora Clarice Claudino, que abriu as portas do Tribunal para receber destacados senadores da Rep\u00fablica, dentre outros magistrados e autoridades, para endossar a import\u00e2ncia de aprovar as PECs\u201d, ressaltou a presidente da AMAM, Maria Rosi.<\/p>\n<p>Para a AMAM, as mat\u00e9rias n\u00e3o apenas consolidam, mas tamb\u00e9m fortalecem o reconhecimento da import\u00e2ncia da magistratura. A reuni\u00e3o, que ocorreu na sala de reuni\u00f5es da entidade, contou ainda com as presen\u00e7as do procurador-geral do Estado, Deosdete Cruz J\u00fanior e os magistrados Mauro Curvo e Rodrigo Curvo, cujas contribui\u00e7\u00f5es, de acordo com a ju\u00edza Maria Rosi, foram essenciais no processo de condu\u00e7\u00e3o das PECs.<\/p>\n<p>A presidente da AMAM ainda afirmou que, \u201ccomo testemunhas privilegiadas, eles presenciaram o comprometimento inabal\u00e1vel dos senadores com a causa\u201d, frisou Maria Rosi, acrescentando que os parlamentares firmaram o compromisso de votar a favor da valoriza\u00e7\u00e3o da magistratura.<\/p>\n<p>A Proposta de Emenda \u00e0 Constitui\u00e7\u00e3o n\u00b0 10, de 2023, altera a Constitui\u00e7\u00e3o Federal para instituir a parcela mensal de valoriza\u00e7\u00e3o por tempo de exerc\u00edcio dos magistrados e membros do Minist\u00e9rio P\u00fablico. A mat\u00e9ria est\u00e1 em tramita\u00e7\u00e3o no Senado Federal, atualmente na Secretaria de Apoio \u00e0 Comiss\u00e3o de Constitui\u00e7\u00e3o, Justi\u00e7a e Cidadania. J\u00e1 a PEC 19 \u00e9 um complemento \u00e0 PEC 10, tornando a valoriza\u00e7\u00e3o mais ampla, ao contemplar todos os magistrados e promotores.<\/p>\n<p>De acordo com o texto da Proposta de Emenda Constitucional que trata da Valoriza\u00e7\u00e3o por Tempo de Magistratura, o adicional ser\u00e1 calculado na raz\u00e3o de 5% do subs\u00eddio a cada cinco anos de exerc\u00edcio em atividade jur\u00eddica, sendo o m\u00e1ximo de 35%. Esta \u00e9 uma reivindica\u00e7\u00e3o antiga da carreira, com o objetivo de corrigir distor\u00e7\u00f5es salariais entre magistrados que est\u00e3o em final de carreira e os que est\u00e3o no in\u00edcio.<\/td>\n<\/tr>\n<\/tbody>\n<\/table>\n<p>&nbsp;<\/p>\n","protected":false},"excerpt":{"rendered":"<p>A presidente da Associa\u00e7\u00e3o Mato-grossense de Magistrados (AMAM), Maria Rosi, se reuniu, na manh\u00e3 de sexta-feira (27.10), com os tr\u00eas senadores da Rep\u00fablica por Mato Grosso, Margareth Buzetti, Jayme Campos e Mauro Carvalho, para falar sobre a aprova\u00e7\u00e3o das Propostas de Emenda \u00e0 Constitui\u00e7\u00e3o (PEC) n\u00b0 10 e n\u00ba 19, que tratam da Valoriza\u00e7\u00e3o do [&hellip;]<\/p>\n","protected":false},"author":2,"featured_media":8401,"comment_status":"closed","ping_status":"closed","sticky":false,"template":"","format":"standard","meta":{"iawp_total_views":0,"footnotes":""},"categories":[26],"tags":[],"class_list":["post-8400","post","type-post","status-publish","format-standard","has-post-thumbnail","hentry","category-juridico"],"yoast_head":"<!-- This site is optimized with the Yoast SEO plugin v27.3 - https:\/\/yoast.com\/product\/yoast-seo-wordpress\/ -->\n<title>Senadores de MT firmam compromisso com aprova\u00e7\u00e3o da PEC de valoriza\u00e7\u00e3o da magistratura &#8902; Blog da Condessa<\/title>\n<meta name=\"robots\" content=\"index, follow, max-snippet:-1, max-image-preview:large, max-video-preview:-1\" \/>\n<link rel=\"canonical\" href=\"https:\/\/blogdacondessa.com.br\/blog\/juridico\/senadores-de-mt-firmam-compromisso-com-aprovacao-da-pec-de-valorizacao-da-magistratura\/\" \/>\n<meta property=\"og:locale\" content=\"pt_BR\" \/>\n<meta property=\"og:type\" content=\"article\" \/>\n<meta property=\"og:title\" content=\"Senadores de MT firmam compromisso com aprova\u00e7\u00e3o da PEC de valoriza\u00e7\u00e3o da magistratura &#8902; Blog da Condessa\" \/>\n<meta property=\"og:description\" content=\"A presidente da Associa\u00e7\u00e3o Mato-grossense de Magistrados (AMAM), Maria Rosi, se reuniu, na manh\u00e3 de sexta-feira (27.10), com os tr\u00eas senadores da Rep\u00fablica por Mato Grosso, Margareth Buzetti, Jayme Campos e Mauro Carvalho, para falar sobre a aprova\u00e7\u00e3o das Propostas de Emenda \u00e0 Constitui\u00e7\u00e3o (PEC) n\u00b0 10 e n\u00ba 19, que tratam da Valoriza\u00e7\u00e3o do [&hellip;]\" \/>\n<meta property=\"og:url\" content=\"https:\/\/blogdacondessa.com.br\/blog\/juridico\/senadores-de-mt-firmam-compromisso-com-aprovacao-da-pec-de-valorizacao-da-magistratura\/\" \/>\n<meta property=\"og:site_name\" content=\"Blog da Condessa\" \/>\n<meta property=\"article:published_time\" content=\"2023-10-30T09:00:28+00:00\" \/>\n<meta property=\"og:image\" content=\"https:\/\/blogdacondessa.com.br\/blog\/wp-content\/uploads\/2023\/10\/AMAM.jpg\" \/>\n\t<meta property=\"og:image:width\" content=\"1280\" \/>\n\t<meta property=\"og:image:height\" content=\"960\" \/>\n\t<meta property=\"og:image:type\" content=\"image\/jpeg\" \/>\n<meta name=\"author\" content=\"Blog da Condessa\" \/>\n<meta name=\"twitter:card\" content=\"summary_large_image\" \/>\n<meta name=\"twitter:label1\" content=\"Escrito por\" \/>\n\t<meta name=\"twitter:data1\" content=\"Blog da Condessa\" \/>\n\t<meta name=\"twitter:label2\" content=\"Est. tempo de leitura\" \/>\n\t<meta name=\"twitter:data2\" content=\"3 minutos\" \/>\n<script type=\"application\/ld+json\" class=\"yoast-schema-graph\">{\"@context\":\"https:\\\/\\\/schema.org\",\"@graph\":[{\"@type\":\"Article\",\"@id\":\"https:\\\/\\\/blogdacondessa.com.br\\\/blog\\\/juridico\\\/senadores-de-mt-firmam-compromisso-com-aprovacao-da-pec-de-valorizacao-da-magistratura\\\/#article\",\"isPartOf\":{\"@id\":\"https:\\\/\\\/blogdacondessa.com.br\\\/blog\\\/juridico\\\/senadores-de-mt-firmam-compromisso-com-aprovacao-da-pec-de-valorizacao-da-magistratura\\\/\"},\"author\":{\"name\":\"Blog da Condessa\",\"@id\":\"https:\\\/\\\/blogdacondessa.com.br\\\/blog\\\/#\\\/schema\\\/person\\\/1d667ff8b785195b568677489d266035\"},\"headline\":\"Senadores de MT firmam compromisso com aprova\u00e7\u00e3o da PEC de valoriza\u00e7\u00e3o da magistratura\",\"datePublished\":\"2023-10-30T09:00:28+00:00\",\"mainEntityOfPage\":{\"@id\":\"https:\\\/\\\/blogdacondessa.com.br\\\/blog\\\/juridico\\\/senadores-de-mt-firmam-compromisso-com-aprovacao-da-pec-de-valorizacao-da-magistratura\\\/\"},\"wordCount\":444,\"image\":{\"@id\":\"https:\\\/\\\/blogdacondessa.com.br\\\/blog\\\/juridico\\\/senadores-de-mt-firmam-compromisso-com-aprovacao-da-pec-de-valorizacao-da-magistratura\\\/#primaryimage\"},\"thumbnailUrl\":\"https:\\\/\\\/blogdacondessa.com.br\\\/blog\\\/wp-content\\\/uploads\\\/2023\\\/10\\\/AMAM.jpg\",\"articleSection\":[\"Jur\u00eddico\"],\"inLanguage\":\"pt-BR\"},{\"@type\":\"WebPage\",\"@id\":\"https:\\\/\\\/blogdacondessa.com.br\\\/blog\\\/juridico\\\/senadores-de-mt-firmam-compromisso-com-aprovacao-da-pec-de-valorizacao-da-magistratura\\\/\",\"url\":\"https:\\\/\\\/blogdacondessa.com.br\\\/blog\\\/juridico\\\/senadores-de-mt-firmam-compromisso-com-aprovacao-da-pec-de-valorizacao-da-magistratura\\\/\",\"name\":\"Senadores de MT firmam compromisso com aprova\u00e7\u00e3o da PEC de valoriza\u00e7\u00e3o da magistratura &#8902; Blog da Condessa\",\"isPartOf\":{\"@id\":\"https:\\\/\\\/blogdacondessa.com.br\\\/blog\\\/#website\"},\"primaryImageOfPage\":{\"@id\":\"https:\\\/\\\/blogdacondessa.com.br\\\/blog\\\/juridico\\\/senadores-de-mt-firmam-compromisso-com-aprovacao-da-pec-de-valorizacao-da-magistratura\\\/#primaryimage\"},\"image\":{\"@id\":\"https:\\\/\\\/blogdacondessa.com.br\\\/blog\\\/juridico\\\/senadores-de-mt-firmam-compromisso-com-aprovacao-da-pec-de-valorizacao-da-magistratura\\\/#primaryimage\"},\"thumbnailUrl\":\"https:\\\/\\\/blogdacondessa.com.br\\\/blog\\\/wp-content\\\/uploads\\\/2023\\\/10\\\/AMAM.jpg\",\"datePublished\":\"2023-10-30T09:00:28+00:00\",\"author\":{\"@id\":\"https:\\\/\\\/blogdacondessa.com.br\\\/blog\\\/#\\\/schema\\\/person\\\/1d667ff8b785195b568677489d266035\"},\"breadcrumb\":{\"@id\":\"https:\\\/\\\/blogdacondessa.com.br\\\/blog\\\/juridico\\\/senadores-de-mt-firmam-compromisso-com-aprovacao-da-pec-de-valorizacao-da-magistratura\\\/#breadcrumb\"},\"inLanguage\":\"pt-BR\",\"potentialAction\":[{\"@type\":\"ReadAction\",\"target\":[\"https:\\\/\\\/blogdacondessa.com.br\\\/blog\\\/juridico\\\/senadores-de-mt-firmam-compromisso-com-aprovacao-da-pec-de-valorizacao-da-magistratura\\\/\"]}]},{\"@type\":\"ImageObject\",\"inLanguage\":\"pt-BR\",\"@id\":\"https:\\\/\\\/blogdacondessa.com.br\\\/blog\\\/juridico\\\/senadores-de-mt-firmam-compromisso-com-aprovacao-da-pec-de-valorizacao-da-magistratura\\\/#primaryimage\",\"url\":\"https:\\\/\\\/blogdacondessa.com.br\\\/blog\\\/wp-content\\\/uploads\\\/2023\\\/10\\\/AMAM.jpg\",\"contentUrl\":\"https:\\\/\\\/blogdacondessa.com.br\\\/blog\\\/wp-content\\\/uploads\\\/2023\\\/10\\\/AMAM.jpg\",\"width\":1280,\"height\":960},{\"@type\":\"BreadcrumbList\",\"@id\":\"https:\\\/\\\/blogdacondessa.com.br\\\/blog\\\/juridico\\\/senadores-de-mt-firmam-compromisso-com-aprovacao-da-pec-de-valorizacao-da-magistratura\\\/#breadcrumb\",\"itemListElement\":[{\"@type\":\"ListItem\",\"position\":1,\"name\":\"In\u00edcio\",\"item\":\"https:\\\/\\\/blogdacondessa.com.br\\\/blog\\\/\"},{\"@type\":\"ListItem\",\"position\":2,\"name\":\"Senadores de MT firmam compromisso com aprova\u00e7\u00e3o da PEC de valoriza\u00e7\u00e3o da magistratura\"}]},{\"@type\":\"WebSite\",\"@id\":\"https:\\\/\\\/blogdacondessa.com.br\\\/blog\\\/#website\",\"url\":\"https:\\\/\\\/blogdacondessa.com.br\\\/blog\\\/\",\"name\":\"Blog da Condessa\",\"description\":\"Com Shirley de Souza O\u2019Campos\",\"potentialAction\":[{\"@type\":\"SearchAction\",\"target\":{\"@type\":\"EntryPoint\",\"urlTemplate\":\"https:\\\/\\\/blogdacondessa.com.br\\\/blog\\\/?s={search_term_string}\"},\"query-input\":{\"@type\":\"PropertyValueSpecification\",\"valueRequired\":true,\"valueName\":\"search_term_string\"}}],\"inLanguage\":\"pt-BR\"},{\"@type\":\"Person\",\"@id\":\"https:\\\/\\\/blogdacondessa.com.br\\\/blog\\\/#\\\/schema\\\/person\\\/1d667ff8b785195b568677489d266035\",\"name\":\"Blog da Condessa\",\"image\":{\"@type\":\"ImageObject\",\"inLanguage\":\"pt-BR\",\"@id\":\"https:\\\/\\\/secure.gravatar.com\\\/avatar\\\/377c0eb8b4ad2bfc25461b41564b5971e721ca34a57642868fc7b0c8ac7b52c5?s=96&d=mm&r=g\",\"url\":\"https:\\\/\\\/secure.gravatar.com\\\/avatar\\\/377c0eb8b4ad2bfc25461b41564b5971e721ca34a57642868fc7b0c8ac7b52c5?s=96&d=mm&r=g\",\"contentUrl\":\"https:\\\/\\\/secure.gravatar.com\\\/avatar\\\/377c0eb8b4ad2bfc25461b41564b5971e721ca34a57642868fc7b0c8ac7b52c5?s=96&d=mm&r=g\",\"caption\":\"Blog da Condessa\"},\"url\":\"https:\\\/\\\/blogdacondessa.com.br\\\/blog\\\/author\\\/beatriz\\\/\"}]}<\/script>\n<!-- \/ Yoast SEO plugin. -->","yoast_head_json":{"title":"Senadores de MT firmam compromisso com aprova\u00e7\u00e3o da PEC de valoriza\u00e7\u00e3o da magistratura &#8902; Blog da Condessa","robots":{"index":"index","follow":"follow","max-snippet":"max-snippet:-1","max-image-preview":"max-image-preview:large","max-video-preview":"max-video-preview:-1"},"canonical":"https:\/\/blogdacondessa.com.br\/blog\/juridico\/senadores-de-mt-firmam-compromisso-com-aprovacao-da-pec-de-valorizacao-da-magistratura\/","og_locale":"pt_BR","og_type":"article","og_title":"Senadores de MT firmam compromisso com aprova\u00e7\u00e3o da PEC de valoriza\u00e7\u00e3o da magistratura &#8902; Blog da Condessa","og_description":"A presidente da Associa\u00e7\u00e3o Mato-grossense de Magistrados (AMAM), Maria Rosi, se reuniu, na manh\u00e3 de sexta-feira (27.10), com os tr\u00eas senadores da Rep\u00fablica por Mato Grosso, Margareth Buzetti, Jayme Campos e Mauro Carvalho, para falar sobre a aprova\u00e7\u00e3o das Propostas de Emenda \u00e0 Constitui\u00e7\u00e3o (PEC) n\u00b0 10 e n\u00ba 19, que tratam da Valoriza\u00e7\u00e3o do [&hellip;]","og_url":"https:\/\/blogdacondessa.com.br\/blog\/juridico\/senadores-de-mt-firmam-compromisso-com-aprovacao-da-pec-de-valorizacao-da-magistratura\/","og_site_name":"Blog da Condessa","article_published_time":"2023-10-30T09:00:28+00:00","og_image":[{"width":1280,"height":960,"url":"https:\/\/blogdacondessa.com.br\/blog\/wp-content\/uploads\/2023\/10\/AMAM.jpg","type":"image\/jpeg"}],"author":"Blog da Condessa","twitter_card":"summary_large_image","twitter_misc":{"Escrito por":"Blog da Condessa","Est. tempo de leitura":"3 minutos"},"schema":{"@context":"https:\/\/schema.org","@graph":[{"@type":"Article","@id":"https:\/\/blogdacondessa.com.br\/blog\/juridico\/senadores-de-mt-firmam-compromisso-com-aprovacao-da-pec-de-valorizacao-da-magistratura\/#article","isPartOf":{"@id":"https:\/\/blogdacondessa.com.br\/blog\/juridico\/senadores-de-mt-firmam-compromisso-com-aprovacao-da-pec-de-valorizacao-da-magistratura\/"},"author":{"name":"Blog da Condessa","@id":"https:\/\/blogdacondessa.com.br\/blog\/#\/schema\/person\/1d667ff8b785195b568677489d266035"},"headline":"Senadores de MT firmam compromisso com aprova\u00e7\u00e3o da PEC de valoriza\u00e7\u00e3o da magistratura","datePublished":"2023-10-30T09:00:28+00:00","mainEntityOfPage":{"@id":"https:\/\/blogdacondessa.com.br\/blog\/juridico\/senadores-de-mt-firmam-compromisso-com-aprovacao-da-pec-de-valorizacao-da-magistratura\/"},"wordCount":444,"image":{"@id":"https:\/\/blogdacondessa.com.br\/blog\/juridico\/senadores-de-mt-firmam-compromisso-com-aprovacao-da-pec-de-valorizacao-da-magistratura\/#primaryimage"},"thumbnailUrl":"https:\/\/blogdacondessa.com.br\/blog\/wp-content\/uploads\/2023\/10\/AMAM.jpg","articleSection":["Jur\u00eddico"],"inLanguage":"pt-BR"},{"@type":"WebPage","@id":"https:\/\/blogdacondessa.com.br\/blog\/juridico\/senadores-de-mt-firmam-compromisso-com-aprovacao-da-pec-de-valorizacao-da-magistratura\/","url":"https:\/\/blogdacondessa.com.br\/blog\/juridico\/senadores-de-mt-firmam-compromisso-com-aprovacao-da-pec-de-valorizacao-da-magistratura\/","name":"Senadores de MT firmam compromisso com aprova\u00e7\u00e3o da PEC de valoriza\u00e7\u00e3o da magistratura &#8902; Blog da Condessa","isPartOf":{"@id":"https:\/\/blogdacondessa.com.br\/blog\/#website"},"primaryImageOfPage":{"@id":"https:\/\/blogdacondessa.com.br\/blog\/juridico\/senadores-de-mt-firmam-compromisso-com-aprovacao-da-pec-de-valorizacao-da-magistratura\/#primaryimage"},"image":{"@id":"https:\/\/blogdacondessa.com.br\/blog\/juridico\/senadores-de-mt-firmam-compromisso-com-aprovacao-da-pec-de-valorizacao-da-magistratura\/#primaryimage"},"thumbnailUrl":"https:\/\/blogdacondessa.com.br\/blog\/wp-content\/uploads\/2023\/10\/AMAM.jpg","datePublished":"2023-10-30T09:00:28+00:00","author":{"@id":"https:\/\/blogdacondessa.com.br\/blog\/#\/schema\/person\/1d667ff8b785195b568677489d266035"},"breadcrumb":{"@id":"https:\/\/blogdacondessa.com.br\/blog\/juridico\/senadores-de-mt-firmam-compromisso-com-aprovacao-da-pec-de-valorizacao-da-magistratura\/#breadcrumb"},"inLanguage":"pt-BR","potentialAction":[{"@type":"ReadAction","target":["https:\/\/blogdacondessa.com.br\/blog\/juridico\/senadores-de-mt-firmam-compromisso-com-aprovacao-da-pec-de-valorizacao-da-magistratura\/"]}]},{"@type":"ImageObject","inLanguage":"pt-BR","@id":"https:\/\/blogdacondessa.com.br\/blog\/juridico\/senadores-de-mt-firmam-compromisso-com-aprovacao-da-pec-de-valorizacao-da-magistratura\/#primaryimage","url":"https:\/\/blogdacondessa.com.br\/blog\/wp-content\/uploads\/2023\/10\/AMAM.jpg","contentUrl":"https:\/\/blogdacondessa.com.br\/blog\/wp-content\/uploads\/2023\/10\/AMAM.jpg","width":1280,"height":960},{"@type":"BreadcrumbList","@id":"https:\/\/blogdacondessa.com.br\/blog\/juridico\/senadores-de-mt-firmam-compromisso-com-aprovacao-da-pec-de-valorizacao-da-magistratura\/#breadcrumb","itemListElement":[{"@type":"ListItem","position":1,"name":"In\u00edcio","item":"https:\/\/blogdacondessa.com.br\/blog\/"},{"@type":"ListItem","position":2,"name":"Senadores de MT firmam compromisso com aprova\u00e7\u00e3o da PEC de valoriza\u00e7\u00e3o da magistratura"}]},{"@type":"WebSite","@id":"https:\/\/blogdacondessa.com.br\/blog\/#website","url":"https:\/\/blogdacondessa.com.br\/blog\/","name":"Blog da Condessa","description":"Com Shirley de Souza O\u2019Campos","potentialAction":[{"@type":"SearchAction","target":{"@type":"EntryPoint","urlTemplate":"https:\/\/blogdacondessa.com.br\/blog\/?s={search_term_string}"},"query-input":{"@type":"PropertyValueSpecification","valueRequired":true,"valueName":"search_term_string"}}],"inLanguage":"pt-BR"},{"@type":"Person","@id":"https:\/\/blogdacondessa.com.br\/blog\/#\/schema\/person\/1d667ff8b785195b568677489d266035","name":"Blog da Condessa","image":{"@type":"ImageObject","inLanguage":"pt-BR","@id":"https:\/\/secure.gravatar.com\/avatar\/377c0eb8b4ad2bfc25461b41564b5971e721ca34a57642868fc7b0c8ac7b52c5?s=96&d=mm&r=g","url":"https:\/\/secure.gravatar.com\/avatar\/377c0eb8b4ad2bfc25461b41564b5971e721ca34a57642868fc7b0c8ac7b52c5?s=96&d=mm&r=g","contentUrl":"https:\/\/secure.gravatar.com\/avatar\/377c0eb8b4ad2bfc25461b41564b5971e721ca34a57642868fc7b0c8ac7b52c5?s=96&d=mm&r=g","caption":"Blog da Condessa"},"url":"https:\/\/blogdacondessa.com.br\/blog\/author\/beatriz\/"}]}},"_links":{"self":[{"href":"https:\/\/blogdacondessa.com.br\/blog\/wp-json\/wp\/v2\/posts\/8400","targetHints":{"allow":["GET"]}}],"collection":[{"href":"https:\/\/blogdacondessa.com.br\/blog\/wp-json\/wp\/v2\/posts"}],"about":[{"href":"https:\/\/blogdacondessa.com.br\/blog\/wp-json\/wp\/v2\/types\/post"}],"author":[{"embeddable":true,"href":"https:\/\/blogdacondessa.com.br\/blog\/wp-json\/wp\/v2\/users\/2"}],"replies":[{"embeddable":true,"href":"https:\/\/blogdacondessa.com.br\/blog\/wp-json\/wp\/v2\/comments?post=8400"}],"version-history":[{"count":0,"href":"https:\/\/blogdacondessa.com.br\/blog\/wp-json\/wp\/v2\/posts\/8400\/revisions"}],"wp:featuredmedia":[{"embeddable":true,"href":"https:\/\/blogdacondessa.com.br\/blog\/wp-json\/wp\/v2\/media\/8401"}],"wp:attachment":[{"href":"https:\/\/blogdacondessa.com.br\/blog\/wp-json\/wp\/v2\/media?parent=8400"}],"wp:term":[{"taxonomy":"category","embeddable":true,"href":"https:\/\/blogdacondessa.com.br\/blog\/wp-json\/wp\/v2\/categories?post=8400"},{"taxonomy":"post_tag","embeddable":true,"href":"https:\/\/blogdacondessa.com.br\/blog\/wp-json\/wp\/v2\/tags?post=8400"}],"curies":[{"name":"wp","href":"https:\/\/api.w.org\/{rel}","templated":true}]}}