{"id":8379,"date":"2023-10-26T05:00:41","date_gmt":"2023-10-26T09:00:41","guid":{"rendered":"http:\/\/blogdacondessa.com.br\/?p=8379"},"modified":"2023-10-25T17:52:11","modified_gmt":"2023-10-25T21:52:11","slug":"mostra-artefacto-apresenta-tendencias","status":"publish","type":"post","link":"https:\/\/blogdacondessa.com.br\/blog\/cotidiano\/mostra-artefacto-apresenta-tendencias\/","title":{"rendered":"Mostra Artefacto apresenta tend\u00eancias"},"content":{"rendered":"<p>Evento ter\u00e1 11 ambientes assinados por arquitetos de Mato Grosso e de S\u00e3o Paulo.<\/p>\n<p>Cuiab\u00e1, a Capital de Mato Grosso, vai sediar a partir deste m\u00eas de outubro a Mostra Artefacto. O lan\u00e7amento, que ocorre nesta quinta-feira (26), marca as tend\u00eancias e novidades no cen\u00e1rio do design e da arquitetura de 2023 e 2024.<\/p>\n<p>Neste ano, a Mostra Artefacto contar\u00e1 com 11 ambientes, assinados por profissionais e escrit\u00f3rios renomados do pa\u00eds. A coordena\u00e7\u00e3o \u00e9 do especialista, empres\u00e1rio h\u00e1 mais de 26 anos no setor e franqueado da Artefacto em Mato Grosso, Fernando Perez.<\/p>\n<p>Com o conceito \u201cFelicidade\u201d, o objetivo de Perez com a Mostra \u00e9 fazer a conex\u00e3o entre o tema, os ambientes assinados pelos profissionais e a arquitetura brasileira.<\/p>\n<p>\u201cJ\u00e1 trabalho h\u00e1 muitos anos o conceito \u201cvestir casas\u201d, que nada mais \u00e9 que dar significado a um ambiente, seja ele o lar das pessoas ou seus espa\u00e7os de trabalho. Sendo assim, \u00e9 um caminho natural pensar em uma mostra que traz um tema t\u00e3o bonito e, claro, vers\u00e1til e po\u00e9tico como a Felicidade. Tenho certeza que o p\u00fablico vai se encantar\u201d, destaca Fernando Perez.<\/p>\n<p>A Mostra marca tamb\u00e9m a amplia\u00e7\u00e3o da Artefacto Mato Grosso. S\u00f3 neste ano o espa\u00e7o passou de 500 para 1.500 metros quadrados e projeta, para 2024, chegar aos 3 mil metros quadrados, inclusive com heliponto. O investimento, at\u00e9 o momento, \u00e9 de R$ 10 milh\u00f5es.<br \/>\n<strong><br \/>\nAssinaturas<\/strong> \u2013 Os arquitetos e escrit\u00f3rios que assinam a Mostra Artefacto s\u00e3o Andressa Borsato, \u00c9rika Queiroz, Caroline Patricio, Carolina Fagundes, Ana Carolina Gori, Ayres Filho, Leo Shehtman, Ilana Santiago, Eduardo Garcia e Marcelo Pissurno, Luciana Duarte e VF Arquitetura.<br \/>\nPara estes ambientes s\u00e3o previstas mais de 450 pe\u00e7as, entre itens decorativos, m\u00f3veis, tapetes, cortinas e persianas. O investimento, conforme Fernando Perez, \u00e9 superior a R$ 10 milh\u00f5es.<\/p>\n<p>\u201cEstamos muito felizes com estes nomes porque eles tamb\u00e9m representam regi\u00f5es diferentes de Mato Grosso. \u00c9 o caso de Ayres Filho, que \u00e9 de Rondon\u00f3polis, e da VF Arquitetura, de Suzana Vilela e Rosana Fioravan\u00e7o, de Primavera do Leste. Al\u00e9m, claro, do renomado Leo Shehtman, de S\u00e3o Paulo\u201d, afirma Fernando Perez.<\/p>\n<p>Al\u00e9m dos espa\u00e7os assinados pelos arquitetos, a Mostra Artefacto contar\u00e1 com a S\u00e9rgio Gon\u00e7alves Galeria, com obras de arte presentes nos ambientes.<\/p>\n<p>&nbsp;<\/p>\n","protected":false},"excerpt":{"rendered":"<p>Evento ter\u00e1 11 ambientes assinados por arquitetos de Mato Grosso e de S\u00e3o Paulo. Cuiab\u00e1, a Capital de Mato Grosso, vai sediar a partir deste m\u00eas de outubro a Mostra Artefacto. O lan\u00e7amento, que ocorre nesta quinta-feira (26), marca as tend\u00eancias e novidades no cen\u00e1rio do design e da arquitetura de 2023 e 2024. Neste [&hellip;]<\/p>\n","protected":false},"author":2,"featured_media":8380,"comment_status":"closed","ping_status":"closed","sticky":false,"template":"","format":"standard","meta":{"iawp_total_views":0,"footnotes":""},"categories":[24],"tags":[],"class_list":["post-8379","post","type-post","status-publish","format-standard","has-post-thumbnail","hentry","category-cotidiano"],"yoast_head":"<!-- This site is optimized with the Yoast SEO plugin v27.3 - https:\/\/yoast.com\/product\/yoast-seo-wordpress\/ -->\n<title>Mostra Artefacto apresenta tend\u00eancias &#8902; Blog da Condessa<\/title>\n<meta name=\"robots\" content=\"index, follow, max-snippet:-1, max-image-preview:large, max-video-preview:-1\" \/>\n<link rel=\"canonical\" href=\"https:\/\/blogdacondessa.com.br\/blog\/cotidiano\/mostra-artefacto-apresenta-tendencias\/\" \/>\n<meta property=\"og:locale\" content=\"pt_BR\" \/>\n<meta property=\"og:type\" content=\"article\" \/>\n<meta property=\"og:title\" content=\"Mostra Artefacto apresenta tend\u00eancias &#8902; Blog da Condessa\" \/>\n<meta property=\"og:description\" content=\"Evento ter\u00e1 11 ambientes assinados por arquitetos de Mato Grosso e de S\u00e3o Paulo. Cuiab\u00e1, a Capital de Mato Grosso, vai sediar a partir deste m\u00eas de outubro a Mostra Artefacto. O lan\u00e7amento, que ocorre nesta quinta-feira (26), marca as tend\u00eancias e novidades no cen\u00e1rio do design e da arquitetura de 2023 e 2024. Neste [&hellip;]\" \/>\n<meta property=\"og:url\" content=\"https:\/\/blogdacondessa.com.br\/blog\/cotidiano\/mostra-artefacto-apresenta-tendencias\/\" \/>\n<meta property=\"og:site_name\" content=\"Blog da Condessa\" \/>\n<meta property=\"article:published_time\" content=\"2023-10-26T09:00:41+00:00\" \/>\n<meta property=\"og:image\" content=\"https:\/\/blogdacondessa.com.br\/blog\/wp-content\/uploads\/2023\/10\/mostra-artefacto.jpg\" \/>\n\t<meta property=\"og:image:width\" content=\"800\" \/>\n\t<meta property=\"og:image:height\" content=\"400\" \/>\n\t<meta property=\"og:image:type\" content=\"image\/jpeg\" \/>\n<meta name=\"author\" content=\"Blog da Condessa\" \/>\n<meta name=\"twitter:card\" content=\"summary_large_image\" \/>\n<meta name=\"twitter:label1\" content=\"Escrito por\" \/>\n\t<meta name=\"twitter:data1\" content=\"Blog da Condessa\" \/>\n\t<meta name=\"twitter:label2\" content=\"Est. tempo de leitura\" \/>\n\t<meta name=\"twitter:data2\" content=\"3 minutos\" \/>\n<script type=\"application\/ld+json\" class=\"yoast-schema-graph\">{\"@context\":\"https:\\\/\\\/schema.org\",\"@graph\":[{\"@type\":\"Article\",\"@id\":\"https:\\\/\\\/blogdacondessa.com.br\\\/blog\\\/cotidiano\\\/mostra-artefacto-apresenta-tendencias\\\/#article\",\"isPartOf\":{\"@id\":\"https:\\\/\\\/blogdacondessa.com.br\\\/blog\\\/cotidiano\\\/mostra-artefacto-apresenta-tendencias\\\/\"},\"author\":{\"name\":\"Blog da Condessa\",\"@id\":\"https:\\\/\\\/blogdacondessa.com.br\\\/blog\\\/#\\\/schema\\\/person\\\/1d667ff8b785195b568677489d266035\"},\"headline\":\"Mostra Artefacto apresenta tend\u00eancias\",\"datePublished\":\"2023-10-26T09:00:41+00:00\",\"mainEntityOfPage\":{\"@id\":\"https:\\\/\\\/blogdacondessa.com.br\\\/blog\\\/cotidiano\\\/mostra-artefacto-apresenta-tendencias\\\/\"},\"wordCount\":389,\"image\":{\"@id\":\"https:\\\/\\\/blogdacondessa.com.br\\\/blog\\\/cotidiano\\\/mostra-artefacto-apresenta-tendencias\\\/#primaryimage\"},\"thumbnailUrl\":\"https:\\\/\\\/blogdacondessa.com.br\\\/blog\\\/wp-content\\\/uploads\\\/2023\\\/10\\\/mostra-artefacto.jpg\",\"articleSection\":[\"Cotidiano\"],\"inLanguage\":\"pt-BR\"},{\"@type\":\"WebPage\",\"@id\":\"https:\\\/\\\/blogdacondessa.com.br\\\/blog\\\/cotidiano\\\/mostra-artefacto-apresenta-tendencias\\\/\",\"url\":\"https:\\\/\\\/blogdacondessa.com.br\\\/blog\\\/cotidiano\\\/mostra-artefacto-apresenta-tendencias\\\/\",\"name\":\"Mostra Artefacto apresenta tend\u00eancias &#8902; Blog da Condessa\",\"isPartOf\":{\"@id\":\"https:\\\/\\\/blogdacondessa.com.br\\\/blog\\\/#website\"},\"primaryImageOfPage\":{\"@id\":\"https:\\\/\\\/blogdacondessa.com.br\\\/blog\\\/cotidiano\\\/mostra-artefacto-apresenta-tendencias\\\/#primaryimage\"},\"image\":{\"@id\":\"https:\\\/\\\/blogdacondessa.com.br\\\/blog\\\/cotidiano\\\/mostra-artefacto-apresenta-tendencias\\\/#primaryimage\"},\"thumbnailUrl\":\"https:\\\/\\\/blogdacondessa.com.br\\\/blog\\\/wp-content\\\/uploads\\\/2023\\\/10\\\/mostra-artefacto.jpg\",\"datePublished\":\"2023-10-26T09:00:41+00:00\",\"author\":{\"@id\":\"https:\\\/\\\/blogdacondessa.com.br\\\/blog\\\/#\\\/schema\\\/person\\\/1d667ff8b785195b568677489d266035\"},\"breadcrumb\":{\"@id\":\"https:\\\/\\\/blogdacondessa.com.br\\\/blog\\\/cotidiano\\\/mostra-artefacto-apresenta-tendencias\\\/#breadcrumb\"},\"inLanguage\":\"pt-BR\",\"potentialAction\":[{\"@type\":\"ReadAction\",\"target\":[\"https:\\\/\\\/blogdacondessa.com.br\\\/blog\\\/cotidiano\\\/mostra-artefacto-apresenta-tendencias\\\/\"]}]},{\"@type\":\"ImageObject\",\"inLanguage\":\"pt-BR\",\"@id\":\"https:\\\/\\\/blogdacondessa.com.br\\\/blog\\\/cotidiano\\\/mostra-artefacto-apresenta-tendencias\\\/#primaryimage\",\"url\":\"https:\\\/\\\/blogdacondessa.com.br\\\/blog\\\/wp-content\\\/uploads\\\/2023\\\/10\\\/mostra-artefacto.jpg\",\"contentUrl\":\"https:\\\/\\\/blogdacondessa.com.br\\\/blog\\\/wp-content\\\/uploads\\\/2023\\\/10\\\/mostra-artefacto.jpg\",\"width\":800,\"height\":400,\"caption\":\"Foto: Assessoria\"},{\"@type\":\"BreadcrumbList\",\"@id\":\"https:\\\/\\\/blogdacondessa.com.br\\\/blog\\\/cotidiano\\\/mostra-artefacto-apresenta-tendencias\\\/#breadcrumb\",\"itemListElement\":[{\"@type\":\"ListItem\",\"position\":1,\"name\":\"In\u00edcio\",\"item\":\"https:\\\/\\\/blogdacondessa.com.br\\\/blog\\\/\"},{\"@type\":\"ListItem\",\"position\":2,\"name\":\"Mostra Artefacto apresenta tend\u00eancias\"}]},{\"@type\":\"WebSite\",\"@id\":\"https:\\\/\\\/blogdacondessa.com.br\\\/blog\\\/#website\",\"url\":\"https:\\\/\\\/blogdacondessa.com.br\\\/blog\\\/\",\"name\":\"Blog da Condessa\",\"description\":\"Com Shirley de Souza O\u2019Campos\",\"potentialAction\":[{\"@type\":\"SearchAction\",\"target\":{\"@type\":\"EntryPoint\",\"urlTemplate\":\"https:\\\/\\\/blogdacondessa.com.br\\\/blog\\\/?s={search_term_string}\"},\"query-input\":{\"@type\":\"PropertyValueSpecification\",\"valueRequired\":true,\"valueName\":\"search_term_string\"}}],\"inLanguage\":\"pt-BR\"},{\"@type\":\"Person\",\"@id\":\"https:\\\/\\\/blogdacondessa.com.br\\\/blog\\\/#\\\/schema\\\/person\\\/1d667ff8b785195b568677489d266035\",\"name\":\"Blog da Condessa\",\"image\":{\"@type\":\"ImageObject\",\"inLanguage\":\"pt-BR\",\"@id\":\"https:\\\/\\\/secure.gravatar.com\\\/avatar\\\/377c0eb8b4ad2bfc25461b41564b5971e721ca34a57642868fc7b0c8ac7b52c5?s=96&d=mm&r=g\",\"url\":\"https:\\\/\\\/secure.gravatar.com\\\/avatar\\\/377c0eb8b4ad2bfc25461b41564b5971e721ca34a57642868fc7b0c8ac7b52c5?s=96&d=mm&r=g\",\"contentUrl\":\"https:\\\/\\\/secure.gravatar.com\\\/avatar\\\/377c0eb8b4ad2bfc25461b41564b5971e721ca34a57642868fc7b0c8ac7b52c5?s=96&d=mm&r=g\",\"caption\":\"Blog da Condessa\"},\"url\":\"https:\\\/\\\/blogdacondessa.com.br\\\/blog\\\/author\\\/beatriz\\\/\"}]}<\/script>\n<!-- \/ Yoast SEO plugin. -->","yoast_head_json":{"title":"Mostra Artefacto apresenta tend\u00eancias &#8902; Blog da Condessa","robots":{"index":"index","follow":"follow","max-snippet":"max-snippet:-1","max-image-preview":"max-image-preview:large","max-video-preview":"max-video-preview:-1"},"canonical":"https:\/\/blogdacondessa.com.br\/blog\/cotidiano\/mostra-artefacto-apresenta-tendencias\/","og_locale":"pt_BR","og_type":"article","og_title":"Mostra Artefacto apresenta tend\u00eancias &#8902; Blog da Condessa","og_description":"Evento ter\u00e1 11 ambientes assinados por arquitetos de Mato Grosso e de S\u00e3o Paulo. Cuiab\u00e1, a Capital de Mato Grosso, vai sediar a partir deste m\u00eas de outubro a Mostra Artefacto. O lan\u00e7amento, que ocorre nesta quinta-feira (26), marca as tend\u00eancias e novidades no cen\u00e1rio do design e da arquitetura de 2023 e 2024. Neste [&hellip;]","og_url":"https:\/\/blogdacondessa.com.br\/blog\/cotidiano\/mostra-artefacto-apresenta-tendencias\/","og_site_name":"Blog da Condessa","article_published_time":"2023-10-26T09:00:41+00:00","og_image":[{"width":800,"height":400,"url":"https:\/\/blogdacondessa.com.br\/blog\/wp-content\/uploads\/2023\/10\/mostra-artefacto.jpg","type":"image\/jpeg"}],"author":"Blog da Condessa","twitter_card":"summary_large_image","twitter_misc":{"Escrito por":"Blog da Condessa","Est. tempo de leitura":"3 minutos"},"schema":{"@context":"https:\/\/schema.org","@graph":[{"@type":"Article","@id":"https:\/\/blogdacondessa.com.br\/blog\/cotidiano\/mostra-artefacto-apresenta-tendencias\/#article","isPartOf":{"@id":"https:\/\/blogdacondessa.com.br\/blog\/cotidiano\/mostra-artefacto-apresenta-tendencias\/"},"author":{"name":"Blog da Condessa","@id":"https:\/\/blogdacondessa.com.br\/blog\/#\/schema\/person\/1d667ff8b785195b568677489d266035"},"headline":"Mostra Artefacto apresenta tend\u00eancias","datePublished":"2023-10-26T09:00:41+00:00","mainEntityOfPage":{"@id":"https:\/\/blogdacondessa.com.br\/blog\/cotidiano\/mostra-artefacto-apresenta-tendencias\/"},"wordCount":389,"image":{"@id":"https:\/\/blogdacondessa.com.br\/blog\/cotidiano\/mostra-artefacto-apresenta-tendencias\/#primaryimage"},"thumbnailUrl":"https:\/\/blogdacondessa.com.br\/blog\/wp-content\/uploads\/2023\/10\/mostra-artefacto.jpg","articleSection":["Cotidiano"],"inLanguage":"pt-BR"},{"@type":"WebPage","@id":"https:\/\/blogdacondessa.com.br\/blog\/cotidiano\/mostra-artefacto-apresenta-tendencias\/","url":"https:\/\/blogdacondessa.com.br\/blog\/cotidiano\/mostra-artefacto-apresenta-tendencias\/","name":"Mostra Artefacto apresenta tend\u00eancias &#8902; Blog da Condessa","isPartOf":{"@id":"https:\/\/blogdacondessa.com.br\/blog\/#website"},"primaryImageOfPage":{"@id":"https:\/\/blogdacondessa.com.br\/blog\/cotidiano\/mostra-artefacto-apresenta-tendencias\/#primaryimage"},"image":{"@id":"https:\/\/blogdacondessa.com.br\/blog\/cotidiano\/mostra-artefacto-apresenta-tendencias\/#primaryimage"},"thumbnailUrl":"https:\/\/blogdacondessa.com.br\/blog\/wp-content\/uploads\/2023\/10\/mostra-artefacto.jpg","datePublished":"2023-10-26T09:00:41+00:00","author":{"@id":"https:\/\/blogdacondessa.com.br\/blog\/#\/schema\/person\/1d667ff8b785195b568677489d266035"},"breadcrumb":{"@id":"https:\/\/blogdacondessa.com.br\/blog\/cotidiano\/mostra-artefacto-apresenta-tendencias\/#breadcrumb"},"inLanguage":"pt-BR","potentialAction":[{"@type":"ReadAction","target":["https:\/\/blogdacondessa.com.br\/blog\/cotidiano\/mostra-artefacto-apresenta-tendencias\/"]}]},{"@type":"ImageObject","inLanguage":"pt-BR","@id":"https:\/\/blogdacondessa.com.br\/blog\/cotidiano\/mostra-artefacto-apresenta-tendencias\/#primaryimage","url":"https:\/\/blogdacondessa.com.br\/blog\/wp-content\/uploads\/2023\/10\/mostra-artefacto.jpg","contentUrl":"https:\/\/blogdacondessa.com.br\/blog\/wp-content\/uploads\/2023\/10\/mostra-artefacto.jpg","width":800,"height":400,"caption":"Foto: Assessoria"},{"@type":"BreadcrumbList","@id":"https:\/\/blogdacondessa.com.br\/blog\/cotidiano\/mostra-artefacto-apresenta-tendencias\/#breadcrumb","itemListElement":[{"@type":"ListItem","position":1,"name":"In\u00edcio","item":"https:\/\/blogdacondessa.com.br\/blog\/"},{"@type":"ListItem","position":2,"name":"Mostra Artefacto apresenta tend\u00eancias"}]},{"@type":"WebSite","@id":"https:\/\/blogdacondessa.com.br\/blog\/#website","url":"https:\/\/blogdacondessa.com.br\/blog\/","name":"Blog da Condessa","description":"Com Shirley de Souza O\u2019Campos","potentialAction":[{"@type":"SearchAction","target":{"@type":"EntryPoint","urlTemplate":"https:\/\/blogdacondessa.com.br\/blog\/?s={search_term_string}"},"query-input":{"@type":"PropertyValueSpecification","valueRequired":true,"valueName":"search_term_string"}}],"inLanguage":"pt-BR"},{"@type":"Person","@id":"https:\/\/blogdacondessa.com.br\/blog\/#\/schema\/person\/1d667ff8b785195b568677489d266035","name":"Blog da Condessa","image":{"@type":"ImageObject","inLanguage":"pt-BR","@id":"https:\/\/secure.gravatar.com\/avatar\/377c0eb8b4ad2bfc25461b41564b5971e721ca34a57642868fc7b0c8ac7b52c5?s=96&d=mm&r=g","url":"https:\/\/secure.gravatar.com\/avatar\/377c0eb8b4ad2bfc25461b41564b5971e721ca34a57642868fc7b0c8ac7b52c5?s=96&d=mm&r=g","contentUrl":"https:\/\/secure.gravatar.com\/avatar\/377c0eb8b4ad2bfc25461b41564b5971e721ca34a57642868fc7b0c8ac7b52c5?s=96&d=mm&r=g","caption":"Blog da Condessa"},"url":"https:\/\/blogdacondessa.com.br\/blog\/author\/beatriz\/"}]}},"_links":{"self":[{"href":"https:\/\/blogdacondessa.com.br\/blog\/wp-json\/wp\/v2\/posts\/8379","targetHints":{"allow":["GET"]}}],"collection":[{"href":"https:\/\/blogdacondessa.com.br\/blog\/wp-json\/wp\/v2\/posts"}],"about":[{"href":"https:\/\/blogdacondessa.com.br\/blog\/wp-json\/wp\/v2\/types\/post"}],"author":[{"embeddable":true,"href":"https:\/\/blogdacondessa.com.br\/blog\/wp-json\/wp\/v2\/users\/2"}],"replies":[{"embeddable":true,"href":"https:\/\/blogdacondessa.com.br\/blog\/wp-json\/wp\/v2\/comments?post=8379"}],"version-history":[{"count":0,"href":"https:\/\/blogdacondessa.com.br\/blog\/wp-json\/wp\/v2\/posts\/8379\/revisions"}],"wp:featuredmedia":[{"embeddable":true,"href":"https:\/\/blogdacondessa.com.br\/blog\/wp-json\/wp\/v2\/media\/8380"}],"wp:attachment":[{"href":"https:\/\/blogdacondessa.com.br\/blog\/wp-json\/wp\/v2\/media?parent=8379"}],"wp:term":[{"taxonomy":"category","embeddable":true,"href":"https:\/\/blogdacondessa.com.br\/blog\/wp-json\/wp\/v2\/categories?post=8379"},{"taxonomy":"post_tag","embeddable":true,"href":"https:\/\/blogdacondessa.com.br\/blog\/wp-json\/wp\/v2\/tags?post=8379"}],"curies":[{"name":"wp","href":"https:\/\/api.w.org\/{rel}","templated":true}]}}