{"id":8373,"date":"2023-10-26T05:00:30","date_gmt":"2023-10-26T09:00:30","guid":{"rendered":"http:\/\/blogdacondessa.com.br\/?p=8373"},"modified":"2023-10-25T17:10:51","modified_gmt":"2023-10-25T21:10:51","slug":"jayme-pede-avancos-no-projeto-da-farmacia-popular","status":"publish","type":"post","link":"https:\/\/blogdacondessa.com.br\/blog\/politica\/jayme-pede-avancos-no-projeto-da-farmacia-popular\/","title":{"rendered":"Jayme pede avan\u00e7os no projeto da Farm\u00e1cia Popular"},"content":{"rendered":"<p>Ministra Nisia Trindade foi questionada em audi\u00eancia p\u00fabica sobre amplia\u00e7\u00e3o da Farm\u00e1cia Popular e vacina da dengue.<\/p>\n<p>A amplia\u00e7\u00e3o da Farm\u00e1cia Popular, com inclus\u00e3o de mais medicamentos e produtos a serem ofertados \u00e0 popula\u00e7\u00e3o, e a preocupa\u00e7\u00e3o com o avan\u00e7o de doen\u00e7as como dengue, chikungunya e zika foram abordados pelo senador Jayme Campos (Uni\u00e3o-MT) junto \u00e0 ministra da Sa\u00fade, Nisia Trindade, na quarta-feira, 25.\u00a0 Ela participou de audi\u00eancia p\u00fablica conjunto das comiss\u00f5es de Assuntos Sociais e Direitos Humanos do Senado.<\/p>\n<p>Jayme Campos lembrou que, no final de agosto, cerca de 7.600 benefici\u00e1rios do Bolsa Fam\u00edlia em Mato Grosso, foram atendidos pelo programa Farm\u00e1cia Popular. Na ocasi\u00e3o, foram distribu\u00eddos mais de 1,4 milh\u00e3o de medicamentos e fraldas geri\u00e1tricas de forma gratuita. \u201cIsso representa um progresso, mas ainda \u00e9 necess\u00e1rio ampliar o programa\u201d \u2013 disse o senador.<\/p>\n<p>A Farm\u00e1cia Popular, segundo Jayme Campos, precisa chegar, especialmente, nos munic\u00edpios de maior vulnerabilidade social do Estado. Ao mesmo tempo, \u00e9 preciso tamb\u00e9m incluir outros medicamentos e produtos na cesta de distribui\u00e7\u00e3o. Ele ainda lembrou que, al\u00e9m das 11 doen\u00e7as atacadas pelo programa, existem outras enfermidades que devem ser inclu\u00eddas na rede de atendimento.<\/p>\n<p>Em resposta, a ministra da Sa\u00fade reafirmou a disposi\u00e7\u00e3o do governo federal em avan\u00e7ar no projeto da Farm\u00e1cia Popular associando fundamentalmente a gratuidade aos benefici\u00e1rios do Bolsa Fam\u00edlia. Ela disse que a principal preocupa\u00e7\u00e3o do Minist\u00e9rio este ano foi de retomar os atendimentos farmac\u00eauticos, inclusive atendendo apontamentos do TCU. \u201cVamos continuar trabalhando para ampliar o acesso \u00e0quelas pessoas e fam\u00edlias que mais precisam\u201d \u2013 disse a ministra.<\/p>\n<p>De acordo com o Painel de Monitoramento das Arbiviroses, Mato Grosso registrou at\u00e9 o dia 10 de outubro um total de 26.442 casos de dengue e 257 de chikungunya. A zika atingiu 487 pessoas no Estado. Juntas, as tr\u00eas doen\u00e7as causaram 17 mortes.<\/p>\n<p>A pedido do senador Jayme Campos a ministra tamb\u00e9m fez atualiza\u00e7\u00e3o sobre o est\u00e1gio de desenvolvimento de imunizantes contra as arboviroses, doen\u00e7as transmitidas por insetos e aracn\u00eddeos. N\u00edsia Trindade informou que o Minist\u00e9rio j\u00e1 fez a regulariza\u00e7\u00e3o dos inseticidas usados para controle de larvas e vem atuando no refor\u00e7o da vigil\u00e2ncia de doen\u00e7as. \u201cTemos um desafio gigante\u201d \u2013 disse ela, ao destacar quest\u00f5es de mudan\u00e7as de comportamento de vetores no tocante a geografia e sazonalidade.<\/p>\n<p>Para a vacina da dengue, a ministra disse que a vacina da Takeda enfrenta limita\u00e7\u00f5es para atendimento da demanda do SUS, mas que a quest\u00e3o vem sendo enfrentada em busca de uma melhor solu\u00e7\u00e3o. Ela enfatizou que o Instituto Butant\u00e3 tamb\u00e9m trabalha no desenvolvimento de uma vacina para essa doen\u00e7a. J\u00e1 sobre a chicungunya, informou que n\u00e3o h\u00e1 qualquer imunizante aprovado.<\/p>\n","protected":false},"excerpt":{"rendered":"<p>Ministra Nisia Trindade foi questionada em audi\u00eancia p\u00fabica sobre amplia\u00e7\u00e3o da Farm\u00e1cia Popular e vacina da dengue. A amplia\u00e7\u00e3o da Farm\u00e1cia Popular, com inclus\u00e3o de mais medicamentos e produtos a serem ofertados \u00e0 popula\u00e7\u00e3o, e a preocupa\u00e7\u00e3o com o avan\u00e7o de doen\u00e7as como dengue, chikungunya e zika foram abordados pelo senador Jayme Campos (Uni\u00e3o-MT) junto [&hellip;]<\/p>\n","protected":false},"author":2,"featured_media":8374,"comment_status":"closed","ping_status":"closed","sticky":false,"template":"","format":"standard","meta":{"iawp_total_views":0,"footnotes":""},"categories":[10],"tags":[],"class_list":["post-8373","post","type-post","status-publish","format-standard","has-post-thumbnail","hentry","category-politica"],"yoast_head":"<!-- This site is optimized with the Yoast SEO plugin v27.3 - https:\/\/yoast.com\/product\/yoast-seo-wordpress\/ -->\n<title>Jayme pede avan\u00e7os no projeto da Farm\u00e1cia Popular &#8902; Blog da Condessa<\/title>\n<meta name=\"robots\" content=\"index, follow, max-snippet:-1, max-image-preview:large, max-video-preview:-1\" \/>\n<link rel=\"canonical\" href=\"https:\/\/blogdacondessa.com.br\/blog\/politica\/jayme-pede-avancos-no-projeto-da-farmacia-popular\/\" \/>\n<meta property=\"og:locale\" content=\"pt_BR\" \/>\n<meta property=\"og:type\" content=\"article\" \/>\n<meta property=\"og:title\" content=\"Jayme pede avan\u00e7os no projeto da Farm\u00e1cia Popular &#8902; Blog da Condessa\" \/>\n<meta property=\"og:description\" content=\"Ministra Nisia Trindade foi questionada em audi\u00eancia p\u00fabica sobre amplia\u00e7\u00e3o da Farm\u00e1cia Popular e vacina da dengue. A amplia\u00e7\u00e3o da Farm\u00e1cia Popular, com inclus\u00e3o de mais medicamentos e produtos a serem ofertados \u00e0 popula\u00e7\u00e3o, e a preocupa\u00e7\u00e3o com o avan\u00e7o de doen\u00e7as como dengue, chikungunya e zika foram abordados pelo senador Jayme Campos (Uni\u00e3o-MT) junto [&hellip;]\" \/>\n<meta property=\"og:url\" content=\"https:\/\/blogdacondessa.com.br\/blog\/politica\/jayme-pede-avancos-no-projeto-da-farmacia-popular\/\" \/>\n<meta property=\"og:site_name\" content=\"Blog da Condessa\" \/>\n<meta property=\"article:published_time\" content=\"2023-10-26T09:00:30+00:00\" \/>\n<meta property=\"og:image\" content=\"https:\/\/blogdacondessa.com.br\/blog\/wp-content\/uploads\/2023\/10\/senador-jayme.jpg\" \/>\n\t<meta property=\"og:image:width\" content=\"1600\" \/>\n\t<meta property=\"og:image:height\" content=\"1066\" \/>\n\t<meta property=\"og:image:type\" content=\"image\/jpeg\" \/>\n<meta name=\"author\" content=\"Blog da Condessa\" \/>\n<meta name=\"twitter:card\" content=\"summary_large_image\" \/>\n<meta name=\"twitter:label1\" content=\"Escrito por\" \/>\n\t<meta name=\"twitter:data1\" content=\"Blog da Condessa\" \/>\n\t<meta name=\"twitter:label2\" content=\"Est. tempo de leitura\" \/>\n\t<meta name=\"twitter:data2\" content=\"3 minutos\" \/>\n<script type=\"application\/ld+json\" class=\"yoast-schema-graph\">{\"@context\":\"https:\\\/\\\/schema.org\",\"@graph\":[{\"@type\":\"Article\",\"@id\":\"https:\\\/\\\/blogdacondessa.com.br\\\/blog\\\/politica\\\/jayme-pede-avancos-no-projeto-da-farmacia-popular\\\/#article\",\"isPartOf\":{\"@id\":\"https:\\\/\\\/blogdacondessa.com.br\\\/blog\\\/politica\\\/jayme-pede-avancos-no-projeto-da-farmacia-popular\\\/\"},\"author\":{\"name\":\"Blog da Condessa\",\"@id\":\"https:\\\/\\\/blogdacondessa.com.br\\\/blog\\\/#\\\/schema\\\/person\\\/1d667ff8b785195b568677489d266035\"},\"headline\":\"Jayme pede avan\u00e7os no projeto da Farm\u00e1cia Popular\",\"datePublished\":\"2023-10-26T09:00:30+00:00\",\"mainEntityOfPage\":{\"@id\":\"https:\\\/\\\/blogdacondessa.com.br\\\/blog\\\/politica\\\/jayme-pede-avancos-no-projeto-da-farmacia-popular\\\/\"},\"wordCount\":491,\"image\":{\"@id\":\"https:\\\/\\\/blogdacondessa.com.br\\\/blog\\\/politica\\\/jayme-pede-avancos-no-projeto-da-farmacia-popular\\\/#primaryimage\"},\"thumbnailUrl\":\"https:\\\/\\\/blogdacondessa.com.br\\\/blog\\\/wp-content\\\/uploads\\\/2023\\\/10\\\/senador-jayme.jpg\",\"articleSection\":[\"Pol\u00edtica\"],\"inLanguage\":\"pt-BR\"},{\"@type\":\"WebPage\",\"@id\":\"https:\\\/\\\/blogdacondessa.com.br\\\/blog\\\/politica\\\/jayme-pede-avancos-no-projeto-da-farmacia-popular\\\/\",\"url\":\"https:\\\/\\\/blogdacondessa.com.br\\\/blog\\\/politica\\\/jayme-pede-avancos-no-projeto-da-farmacia-popular\\\/\",\"name\":\"Jayme pede avan\u00e7os no projeto da Farm\u00e1cia Popular &#8902; Blog da Condessa\",\"isPartOf\":{\"@id\":\"https:\\\/\\\/blogdacondessa.com.br\\\/blog\\\/#website\"},\"primaryImageOfPage\":{\"@id\":\"https:\\\/\\\/blogdacondessa.com.br\\\/blog\\\/politica\\\/jayme-pede-avancos-no-projeto-da-farmacia-popular\\\/#primaryimage\"},\"image\":{\"@id\":\"https:\\\/\\\/blogdacondessa.com.br\\\/blog\\\/politica\\\/jayme-pede-avancos-no-projeto-da-farmacia-popular\\\/#primaryimage\"},\"thumbnailUrl\":\"https:\\\/\\\/blogdacondessa.com.br\\\/blog\\\/wp-content\\\/uploads\\\/2023\\\/10\\\/senador-jayme.jpg\",\"datePublished\":\"2023-10-26T09:00:30+00:00\",\"author\":{\"@id\":\"https:\\\/\\\/blogdacondessa.com.br\\\/blog\\\/#\\\/schema\\\/person\\\/1d667ff8b785195b568677489d266035\"},\"breadcrumb\":{\"@id\":\"https:\\\/\\\/blogdacondessa.com.br\\\/blog\\\/politica\\\/jayme-pede-avancos-no-projeto-da-farmacia-popular\\\/#breadcrumb\"},\"inLanguage\":\"pt-BR\",\"potentialAction\":[{\"@type\":\"ReadAction\",\"target\":[\"https:\\\/\\\/blogdacondessa.com.br\\\/blog\\\/politica\\\/jayme-pede-avancos-no-projeto-da-farmacia-popular\\\/\"]}]},{\"@type\":\"ImageObject\",\"inLanguage\":\"pt-BR\",\"@id\":\"https:\\\/\\\/blogdacondessa.com.br\\\/blog\\\/politica\\\/jayme-pede-avancos-no-projeto-da-farmacia-popular\\\/#primaryimage\",\"url\":\"https:\\\/\\\/blogdacondessa.com.br\\\/blog\\\/wp-content\\\/uploads\\\/2023\\\/10\\\/senador-jayme.jpg\",\"contentUrl\":\"https:\\\/\\\/blogdacondessa.com.br\\\/blog\\\/wp-content\\\/uploads\\\/2023\\\/10\\\/senador-jayme.jpg\",\"width\":1600,\"height\":1066},{\"@type\":\"BreadcrumbList\",\"@id\":\"https:\\\/\\\/blogdacondessa.com.br\\\/blog\\\/politica\\\/jayme-pede-avancos-no-projeto-da-farmacia-popular\\\/#breadcrumb\",\"itemListElement\":[{\"@type\":\"ListItem\",\"position\":1,\"name\":\"In\u00edcio\",\"item\":\"https:\\\/\\\/blogdacondessa.com.br\\\/blog\\\/\"},{\"@type\":\"ListItem\",\"position\":2,\"name\":\"Jayme pede avan\u00e7os no projeto da Farm\u00e1cia Popular\"}]},{\"@type\":\"WebSite\",\"@id\":\"https:\\\/\\\/blogdacondessa.com.br\\\/blog\\\/#website\",\"url\":\"https:\\\/\\\/blogdacondessa.com.br\\\/blog\\\/\",\"name\":\"Blog da Condessa\",\"description\":\"Com Shirley de Souza O\u2019Campos\",\"potentialAction\":[{\"@type\":\"SearchAction\",\"target\":{\"@type\":\"EntryPoint\",\"urlTemplate\":\"https:\\\/\\\/blogdacondessa.com.br\\\/blog\\\/?s={search_term_string}\"},\"query-input\":{\"@type\":\"PropertyValueSpecification\",\"valueRequired\":true,\"valueName\":\"search_term_string\"}}],\"inLanguage\":\"pt-BR\"},{\"@type\":\"Person\",\"@id\":\"https:\\\/\\\/blogdacondessa.com.br\\\/blog\\\/#\\\/schema\\\/person\\\/1d667ff8b785195b568677489d266035\",\"name\":\"Blog da Condessa\",\"image\":{\"@type\":\"ImageObject\",\"inLanguage\":\"pt-BR\",\"@id\":\"https:\\\/\\\/secure.gravatar.com\\\/avatar\\\/377c0eb8b4ad2bfc25461b41564b5971e721ca34a57642868fc7b0c8ac7b52c5?s=96&d=mm&r=g\",\"url\":\"https:\\\/\\\/secure.gravatar.com\\\/avatar\\\/377c0eb8b4ad2bfc25461b41564b5971e721ca34a57642868fc7b0c8ac7b52c5?s=96&d=mm&r=g\",\"contentUrl\":\"https:\\\/\\\/secure.gravatar.com\\\/avatar\\\/377c0eb8b4ad2bfc25461b41564b5971e721ca34a57642868fc7b0c8ac7b52c5?s=96&d=mm&r=g\",\"caption\":\"Blog da Condessa\"},\"url\":\"https:\\\/\\\/blogdacondessa.com.br\\\/blog\\\/author\\\/beatriz\\\/\"}]}<\/script>\n<!-- \/ Yoast SEO plugin. -->","yoast_head_json":{"title":"Jayme pede avan\u00e7os no projeto da Farm\u00e1cia Popular &#8902; Blog da Condessa","robots":{"index":"index","follow":"follow","max-snippet":"max-snippet:-1","max-image-preview":"max-image-preview:large","max-video-preview":"max-video-preview:-1"},"canonical":"https:\/\/blogdacondessa.com.br\/blog\/politica\/jayme-pede-avancos-no-projeto-da-farmacia-popular\/","og_locale":"pt_BR","og_type":"article","og_title":"Jayme pede avan\u00e7os no projeto da Farm\u00e1cia Popular &#8902; Blog da Condessa","og_description":"Ministra Nisia Trindade foi questionada em audi\u00eancia p\u00fabica sobre amplia\u00e7\u00e3o da Farm\u00e1cia Popular e vacina da dengue. A amplia\u00e7\u00e3o da Farm\u00e1cia Popular, com inclus\u00e3o de mais medicamentos e produtos a serem ofertados \u00e0 popula\u00e7\u00e3o, e a preocupa\u00e7\u00e3o com o avan\u00e7o de doen\u00e7as como dengue, chikungunya e zika foram abordados pelo senador Jayme Campos (Uni\u00e3o-MT) junto [&hellip;]","og_url":"https:\/\/blogdacondessa.com.br\/blog\/politica\/jayme-pede-avancos-no-projeto-da-farmacia-popular\/","og_site_name":"Blog da Condessa","article_published_time":"2023-10-26T09:00:30+00:00","og_image":[{"width":1600,"height":1066,"url":"https:\/\/blogdacondessa.com.br\/blog\/wp-content\/uploads\/2023\/10\/senador-jayme.jpg","type":"image\/jpeg"}],"author":"Blog da Condessa","twitter_card":"summary_large_image","twitter_misc":{"Escrito por":"Blog da Condessa","Est. tempo de leitura":"3 minutos"},"schema":{"@context":"https:\/\/schema.org","@graph":[{"@type":"Article","@id":"https:\/\/blogdacondessa.com.br\/blog\/politica\/jayme-pede-avancos-no-projeto-da-farmacia-popular\/#article","isPartOf":{"@id":"https:\/\/blogdacondessa.com.br\/blog\/politica\/jayme-pede-avancos-no-projeto-da-farmacia-popular\/"},"author":{"name":"Blog da Condessa","@id":"https:\/\/blogdacondessa.com.br\/blog\/#\/schema\/person\/1d667ff8b785195b568677489d266035"},"headline":"Jayme pede avan\u00e7os no projeto da Farm\u00e1cia Popular","datePublished":"2023-10-26T09:00:30+00:00","mainEntityOfPage":{"@id":"https:\/\/blogdacondessa.com.br\/blog\/politica\/jayme-pede-avancos-no-projeto-da-farmacia-popular\/"},"wordCount":491,"image":{"@id":"https:\/\/blogdacondessa.com.br\/blog\/politica\/jayme-pede-avancos-no-projeto-da-farmacia-popular\/#primaryimage"},"thumbnailUrl":"https:\/\/blogdacondessa.com.br\/blog\/wp-content\/uploads\/2023\/10\/senador-jayme.jpg","articleSection":["Pol\u00edtica"],"inLanguage":"pt-BR"},{"@type":"WebPage","@id":"https:\/\/blogdacondessa.com.br\/blog\/politica\/jayme-pede-avancos-no-projeto-da-farmacia-popular\/","url":"https:\/\/blogdacondessa.com.br\/blog\/politica\/jayme-pede-avancos-no-projeto-da-farmacia-popular\/","name":"Jayme pede avan\u00e7os no projeto da Farm\u00e1cia Popular &#8902; Blog da Condessa","isPartOf":{"@id":"https:\/\/blogdacondessa.com.br\/blog\/#website"},"primaryImageOfPage":{"@id":"https:\/\/blogdacondessa.com.br\/blog\/politica\/jayme-pede-avancos-no-projeto-da-farmacia-popular\/#primaryimage"},"image":{"@id":"https:\/\/blogdacondessa.com.br\/blog\/politica\/jayme-pede-avancos-no-projeto-da-farmacia-popular\/#primaryimage"},"thumbnailUrl":"https:\/\/blogdacondessa.com.br\/blog\/wp-content\/uploads\/2023\/10\/senador-jayme.jpg","datePublished":"2023-10-26T09:00:30+00:00","author":{"@id":"https:\/\/blogdacondessa.com.br\/blog\/#\/schema\/person\/1d667ff8b785195b568677489d266035"},"breadcrumb":{"@id":"https:\/\/blogdacondessa.com.br\/blog\/politica\/jayme-pede-avancos-no-projeto-da-farmacia-popular\/#breadcrumb"},"inLanguage":"pt-BR","potentialAction":[{"@type":"ReadAction","target":["https:\/\/blogdacondessa.com.br\/blog\/politica\/jayme-pede-avancos-no-projeto-da-farmacia-popular\/"]}]},{"@type":"ImageObject","inLanguage":"pt-BR","@id":"https:\/\/blogdacondessa.com.br\/blog\/politica\/jayme-pede-avancos-no-projeto-da-farmacia-popular\/#primaryimage","url":"https:\/\/blogdacondessa.com.br\/blog\/wp-content\/uploads\/2023\/10\/senador-jayme.jpg","contentUrl":"https:\/\/blogdacondessa.com.br\/blog\/wp-content\/uploads\/2023\/10\/senador-jayme.jpg","width":1600,"height":1066},{"@type":"BreadcrumbList","@id":"https:\/\/blogdacondessa.com.br\/blog\/politica\/jayme-pede-avancos-no-projeto-da-farmacia-popular\/#breadcrumb","itemListElement":[{"@type":"ListItem","position":1,"name":"In\u00edcio","item":"https:\/\/blogdacondessa.com.br\/blog\/"},{"@type":"ListItem","position":2,"name":"Jayme pede avan\u00e7os no projeto da Farm\u00e1cia Popular"}]},{"@type":"WebSite","@id":"https:\/\/blogdacondessa.com.br\/blog\/#website","url":"https:\/\/blogdacondessa.com.br\/blog\/","name":"Blog da Condessa","description":"Com Shirley de Souza O\u2019Campos","potentialAction":[{"@type":"SearchAction","target":{"@type":"EntryPoint","urlTemplate":"https:\/\/blogdacondessa.com.br\/blog\/?s={search_term_string}"},"query-input":{"@type":"PropertyValueSpecification","valueRequired":true,"valueName":"search_term_string"}}],"inLanguage":"pt-BR"},{"@type":"Person","@id":"https:\/\/blogdacondessa.com.br\/blog\/#\/schema\/person\/1d667ff8b785195b568677489d266035","name":"Blog da Condessa","image":{"@type":"ImageObject","inLanguage":"pt-BR","@id":"https:\/\/secure.gravatar.com\/avatar\/377c0eb8b4ad2bfc25461b41564b5971e721ca34a57642868fc7b0c8ac7b52c5?s=96&d=mm&r=g","url":"https:\/\/secure.gravatar.com\/avatar\/377c0eb8b4ad2bfc25461b41564b5971e721ca34a57642868fc7b0c8ac7b52c5?s=96&d=mm&r=g","contentUrl":"https:\/\/secure.gravatar.com\/avatar\/377c0eb8b4ad2bfc25461b41564b5971e721ca34a57642868fc7b0c8ac7b52c5?s=96&d=mm&r=g","caption":"Blog da Condessa"},"url":"https:\/\/blogdacondessa.com.br\/blog\/author\/beatriz\/"}]}},"_links":{"self":[{"href":"https:\/\/blogdacondessa.com.br\/blog\/wp-json\/wp\/v2\/posts\/8373","targetHints":{"allow":["GET"]}}],"collection":[{"href":"https:\/\/blogdacondessa.com.br\/blog\/wp-json\/wp\/v2\/posts"}],"about":[{"href":"https:\/\/blogdacondessa.com.br\/blog\/wp-json\/wp\/v2\/types\/post"}],"author":[{"embeddable":true,"href":"https:\/\/blogdacondessa.com.br\/blog\/wp-json\/wp\/v2\/users\/2"}],"replies":[{"embeddable":true,"href":"https:\/\/blogdacondessa.com.br\/blog\/wp-json\/wp\/v2\/comments?post=8373"}],"version-history":[{"count":0,"href":"https:\/\/blogdacondessa.com.br\/blog\/wp-json\/wp\/v2\/posts\/8373\/revisions"}],"wp:featuredmedia":[{"embeddable":true,"href":"https:\/\/blogdacondessa.com.br\/blog\/wp-json\/wp\/v2\/media\/8374"}],"wp:attachment":[{"href":"https:\/\/blogdacondessa.com.br\/blog\/wp-json\/wp\/v2\/media?parent=8373"}],"wp:term":[{"taxonomy":"category","embeddable":true,"href":"https:\/\/blogdacondessa.com.br\/blog\/wp-json\/wp\/v2\/categories?post=8373"},{"taxonomy":"post_tag","embeddable":true,"href":"https:\/\/blogdacondessa.com.br\/blog\/wp-json\/wp\/v2\/tags?post=8373"}],"curies":[{"name":"wp","href":"https:\/\/api.w.org\/{rel}","templated":true}]}}