{"id":8183,"date":"2023-10-01T05:00:05","date_gmt":"2023-10-01T09:00:05","guid":{"rendered":"http:\/\/blogdacondessa.com.br\/?p=8183"},"modified":"2023-09-30T17:52:41","modified_gmt":"2023-09-30T21:52:41","slug":"florestas-urbanas-podem-ser-solucao-para-combater-ondas-de-calor-em-grandes-cidades-2","status":"publish","type":"post","link":"https:\/\/blogdacondessa.com.br\/blog\/meio-ambiente\/florestas-urbanas-podem-ser-solucao-para-combater-ondas-de-calor-em-grandes-cidades-2\/","title":{"rendered":"Florestas urbanas podem ser solu\u00e7\u00e3o para combater ondas de calor em grandes cidades?"},"content":{"rendered":"<p>O Brasil n\u00e3o \u00e9 o \u00fanico pa\u00eds a sofrer com ondas de calor. Devido \u00e0s mudan\u00e7as clim\u00e1ticas, a temperatura global vem subindo gradativamente, e o impacto \u00e9 sentido de diferentes formas em todo o mundo. A situa\u00e7\u00e3o tende a ser pior nas grandes cidades, onde a imensid\u00e3o de concreto e a falta de \u00e1reas verdes contribuem para uma sensa\u00e7\u00e3o t\u00e9rmica acima da que os term\u00f4metros apontam. Algumas iniciativas, no entanto, v\u00eam sendo implementadas para tentar contornar tal problema, que afeta a sa\u00fade de todos: o calor intenso pode causar exaust\u00e3o, dificuldades respirat\u00f3rias e insola\u00e7\u00e3o. Um exemplo \u00e9 Karachi, no Paquist\u00e3o, a maior cidade do Paquist\u00e3o.<\/p>\n<p>Em 2015, uma onda de calor elevou as temperaturas a 45\u202f\u00b0C e 1,2 mil pessoas morreram. Muitos procuraram combater o calor com ar-condicionado. Mas, em um pa\u00eds extremamente desigual como o Paquist\u00e3o, o acesso ao equipamento continua sendo um luxo para a imensa maioria da popula\u00e7\u00e3o. Al\u00e9m disso, n\u00e3o \u00e9 ecossustent\u00e1vel.<\/p>\n<p>O ar-condicionado usa combust\u00edveis f\u00f3sseis, que liberam gases de efeito estufa, o que, por sua vez, contribui ainda mais para o aquecimento global. Mas um homem optou por outra solu\u00e7\u00e3o: plantar florestas urbanas. &#8220;Cinco anos atr\u00e1s, Karachi acabara de passar por uma onda de calor. Sonhei que poder\u00edamos mudar o destino da cidade&#8221;, disse o empreendedor Shahzad Qureshi \u00e0 BBC em 2021.<\/p>\n<p>Qureshi usou financiamento coletivo para criar a primeira &#8220;floresta urbana&#8221; de Karachi, no parque p\u00fablico de Clifton, em 2016.<\/p>\n<p>O local foi projetado por um arquiteto paisagista alem\u00e3o, tendo em mente a sustentabilidade a longo prazo e o m\u00e1ximo de benef\u00edcios para a comunidade.<\/p>\n<p>Na floresta urbana de Clifton, \u00e9 poss\u00edvel ouvir o barulho dos p\u00e1ssaros entre as \u00e1rvores onde antes havia uma montanha de lixo.<\/p>\n<p>&#8220;Come\u00e7amos a pensar que dever\u00edamos fazer 25 parques como esse na cidade&#8221;, disse ele.<\/p>\n<p>&#8220;Nasci e cresci aqui. Jogava cr\u00edquete nas ruas. Hoje, vemos a cidade se deteriorar diante dos nossos olhos. Daqui a alguns anos, ela vai se tornar inabit\u00e1vel se n\u00e3o fizermos nada&#8221;, alertou ele.<\/p>\n<p>Desde ent\u00e3o, a ONG de Qureshi criou oito pequenas florestas em Karachi e duas em Lahore usando o m\u00e9todo Miyawaki.<\/p>\n<p>Batizado em homenagem ao bot\u00e2nico japon\u00eas Akira Miyawaki, o m\u00e9todo envolve a prepara\u00e7\u00e3o cuidadosa do solo e o plantio denso de uma variedade de plantas florestais nativas ben\u00e9ficas para a vida selvagem em uma \u00e1rea geralmente do tamanho de uma quadra de t\u00eanis.<\/p>\n<p>Mais de 9 mil pessoas plantaram mudas no parque p\u00fablico de Clifton e mais de 30 escolas participaram de uma viagem educacional para aprender sobre as esp\u00e9cies nativas.<\/p>\n<p>Agora, Qureshi planeja expandir o conceito por todo o Paquist\u00e3o, convertendo a maior parte dos parques em florestas.<\/p>\n<p>Entre os objetivos, segundo ele, est\u00e3o reverter as crescentes &#8220;ilhas de calor&#8221;, que s\u00e3o geradas quando a cobertura natural do solo \u00e9 substitu\u00edda por superf\u00edcies que absorvem e ret\u00eam calor, como pavimentos e edif\u00edcios, e a escassez de \u00e1gua.<\/p>\n<p><strong>O que diz a ci\u00eancia<\/strong><\/p>\n<p>Estudos mostram que florestas urbanas podem reduzir significativamente as temperaturas das cidades.<\/p>\n<p>\u00c1reas com floresta ou cobertura h\u00eddrica significam temperaturas mais frias, at\u00e9 12\u00b0C em algumas regi\u00f5es.<\/p>\n<p>As \u00e1rvores tamb\u00e9m absorvem CO2, mitigando as altera\u00e7\u00f5es clim\u00e1ticas.<\/p>\n<p>Em um estudo no ano passado, cientistas de Pequim usaram dados provenientes de mapas de calor via sat\u00e9lite para investigar os efeitos dos parques urbanos.<\/p>\n<p>Eles conclu\u00edram que os parques aquecem mais lentamente do que as regi\u00f5es urbanas durante o dia e que os espa\u00e7os p\u00fablicos verdes que cont\u00e9m \u00e1gua t\u00eam um melhor efeito de arrefecimento tanto no interior do parque como na \u00e1rea ao redor.<\/p>\n<p>Pesquisadores brasileiros chegaram\u00a0<a href=\"https:\/\/periodicos.ufsm.br\/index.php\/cienciaflorestal\/article\/view\/16579\">a conclus\u00e3o semelhante<\/a>\u00a0ao analisar a influ\u00eancia das florestas urbanas na varia\u00e7\u00e3o &#8220;termo-higrom\u00e9trica&#8221; da \u00e1rea intraurbana da cidade de Curitiba.<\/p>\n<p>Anomalias termo-higrom\u00e9tricas s\u00e3o altera\u00e7\u00f5es que ocorrem na umidade e na temperatura e s\u00e3o oriundas do aquecimento diferenciado das diferentes caracter\u00edsticas do ambiente urbano.<\/p>\n<p>Eles constataram que as regi\u00f5es da cidade &#8220;com maior quantidade de \u00e1reas perme\u00e1veis, concentra\u00e7\u00e3o de remanescentes florestais ou espa\u00e7os verdes p\u00fablicos apresentaram menores temperaturas e aumento da umidade relativa do ar&#8221;.<\/p>\n<p>Outro estudo, realizado pela Faculdade de Medicina da USP (FMUSP) em 2021 e publicado na prestigiada revista cient\u00edfica\u00a0Journal of Exposure Science &amp; Environmental Epidemiology, tratou da cobertura verde na regi\u00e3o metropolitana de S\u00e3o Paulo.<\/p>\n<p>&#8220;N\u00f3s vimos que pessoas que moram em \u00e1reas mais perif\u00e9ricas [bordas da cidade] convivem com 80% de verde ao redor da resid\u00eancia, enquanto pessoas que moram no Alto de Pinheiros, por exemplo, podem ter 50% ou 60% de verde nas proximidades&#8221;, disse Tiana Moreira, engenheira agr\u00f4noma e pesquisadora no Departamento de Patologia da FMUSP,\u00a0<a href=\"https:\/\/jornal.usp.br\/ciencias\/falta-de-cobertura-verde-na-regiao-metropolitana-de-sao-paulo-aumenta-casos-de-ansiedade\/\">ao Jornal da USP<\/a>.<\/p>\n<p><strong>Alerta<\/strong><\/p>\n<p>No entanto, aumentar a quantidade de cobertura verde sem considerar suas condi\u00e7\u00f5es locais pode resultar em uma efici\u00eancia limitada na redu\u00e7\u00e3o do aquecimento urbano, apontam especialistas.<\/p>\n<p>&#8220;Na maioria das condi\u00e7\u00f5es, a mais de 100 metros de dist\u00e2ncia, esses efeitos (das \u00e1reas verdes) mal podem ser percebidos&#8221;, escreve a arquiteta romena Maria-Cristina Florian\u00a0<a href=\"https:\/\/www.archdaily.com.br\/br\/986308\/areas-verdes-estrategicas-como-aproveitar-ao-maximo-seus-efeitos-de-resfriamento\">em artigo para a plataforma de arquitetura Arch Daily<\/a>.<\/p>\n<p>&#8220;As formas topogr\u00e1ficas e geom\u00e9tricas de seus arredores podem determinar at\u00e9 que ponto o ar frio pode penetrar, pois as fontes de calor e os edif\u00edcios f\u00edsicos geralmente formam barreiras que bloqueiam o fluxo de ar&#8221;.<\/p>\n<p>&#8220;Em \u00e1reas urbanas densas com disponibilidade limitada de espa\u00e7o, entender essas condi\u00e7\u00f5es \u00e9 crucial para criar uma estrat\u00e9gia eficaz&#8221;, acrescenta ela.<\/p>\n<p>Florian destaca que, se por um lado, grandes \u00e1reas verdes s\u00e3o prefer\u00edveis para criar ilhas est\u00e1veis e frias, por outro, nem todas as cidades podem implement\u00e1-las \u2014 estudos mostram que pequenos aglomerados de \u00e1reas verdes tamb\u00e9m podem ajudar a distribuir ar frio e reduzir significativamente o calor urbano.<\/p>\n<p>Cientistas tamb\u00e9m alertam que se a implementa\u00e7\u00e3o das \u00e1reas verdes n\u00e3o for feita com planejamento estrat\u00e9gico, pode acabar levando ao aumento do valor da propriedade e ao deslocamento de moradores a longo prazo.<\/p>\n<p>Por isso, defendem uma estrat\u00e9gia chamada &#8220;apenas verde o suficiente&#8221;, de modo a criar interven\u00e7\u00f5es estrat\u00e9gicas para apoiar as comunidades locais.<\/p>\n<p><strong>Onda de calor no Brasil<\/strong><\/p>\n<p>Na \u00faltima sexta-feira (22\/9), o Instituto Nacional de Meteorologia (Inmet) ampliou o alerta de &#8220;grande perigo&#8221; por causa das temperaturas acima da m\u00e9dia para 11 estados e o Distrito Federal e estendeu o aviso at\u00e9 ter\u00e7a-feira (26\/9).<\/p>\n<p>Segundo especialistas, a onda de calor que atravessa o pa\u00eds guarda rela\u00e7\u00e3o direta com o fen\u00f4meno El Ni\u00f1o, muito mais rigoroso neste ano, e com a crise clim\u00e1tica, devido \u00e0 emiss\u00e3o de gases de efeito estufa, que aumenta a frequ\u00eancia de eventos clim\u00e1ticos extremos.<\/p>\n","protected":false},"excerpt":{"rendered":"<p>O Brasil n\u00e3o \u00e9 o \u00fanico pa\u00eds a sofrer com ondas de calor. Devido \u00e0s mudan\u00e7as clim\u00e1ticas, a temperatura global vem subindo gradativamente, e o impacto \u00e9 sentido de diferentes formas em todo o mundo. A situa\u00e7\u00e3o tende a ser pior nas grandes cidades, onde a imensid\u00e3o de concreto e a falta de \u00e1reas verdes [&hellip;]<\/p>\n","protected":false},"author":2,"featured_media":8184,"comment_status":"closed","ping_status":"closed","sticky":false,"template":"","format":"standard","meta":{"iawp_total_views":0,"footnotes":""},"categories":[8],"tags":[],"class_list":["post-8183","post","type-post","status-publish","format-standard","has-post-thumbnail","hentry","category-meio-ambiente"],"yoast_head":"<!-- This site is optimized with the Yoast SEO plugin v27.3 - https:\/\/yoast.com\/product\/yoast-seo-wordpress\/ -->\n<title>Florestas urbanas podem ser solu\u00e7\u00e3o para combater ondas de calor em grandes cidades? &#8902; Blog da Condessa<\/title>\n<meta name=\"robots\" content=\"index, follow, max-snippet:-1, max-image-preview:large, max-video-preview:-1\" \/>\n<link rel=\"canonical\" href=\"https:\/\/blogdacondessa.com.br\/blog\/meio-ambiente\/florestas-urbanas-podem-ser-solucao-para-combater-ondas-de-calor-em-grandes-cidades-2\/\" \/>\n<meta property=\"og:locale\" content=\"pt_BR\" \/>\n<meta property=\"og:type\" content=\"article\" \/>\n<meta property=\"og:title\" content=\"Florestas urbanas podem ser solu\u00e7\u00e3o para combater ondas de calor em grandes cidades? &#8902; Blog da Condessa\" \/>\n<meta property=\"og:description\" content=\"O Brasil n\u00e3o \u00e9 o \u00fanico pa\u00eds a sofrer com ondas de calor. Devido \u00e0s mudan\u00e7as clim\u00e1ticas, a temperatura global vem subindo gradativamente, e o impacto \u00e9 sentido de diferentes formas em todo o mundo. A situa\u00e7\u00e3o tende a ser pior nas grandes cidades, onde a imensid\u00e3o de concreto e a falta de \u00e1reas verdes [&hellip;]\" \/>\n<meta property=\"og:url\" content=\"https:\/\/blogdacondessa.com.br\/blog\/meio-ambiente\/florestas-urbanas-podem-ser-solucao-para-combater-ondas-de-calor-em-grandes-cidades-2\/\" \/>\n<meta property=\"og:site_name\" content=\"Blog da Condessa\" \/>\n<meta property=\"article:published_time\" content=\"2023-10-01T09:00:05+00:00\" \/>\n<meta property=\"og:image\" content=\"https:\/\/blogdacondessa.com.br\/blog\/wp-content\/uploads\/2023\/09\/florestas-urbanas-1.jpg\" \/>\n\t<meta property=\"og:image:width\" content=\"800\" \/>\n\t<meta property=\"og:image:height\" content=\"533\" \/>\n\t<meta property=\"og:image:type\" content=\"image\/jpeg\" \/>\n<meta name=\"author\" content=\"Blog da Condessa\" \/>\n<meta name=\"twitter:card\" content=\"summary_large_image\" \/>\n<meta name=\"twitter:label1\" content=\"Escrito por\" \/>\n\t<meta name=\"twitter:data1\" content=\"Blog da Condessa\" \/>\n\t<meta name=\"twitter:label2\" content=\"Est. tempo de leitura\" \/>\n\t<meta name=\"twitter:data2\" content=\"6 minutos\" \/>\n<script type=\"application\/ld+json\" class=\"yoast-schema-graph\">{\"@context\":\"https:\\\/\\\/schema.org\",\"@graph\":[{\"@type\":\"Article\",\"@id\":\"https:\\\/\\\/blogdacondessa.com.br\\\/blog\\\/meio-ambiente\\\/florestas-urbanas-podem-ser-solucao-para-combater-ondas-de-calor-em-grandes-cidades-2\\\/#article\",\"isPartOf\":{\"@id\":\"https:\\\/\\\/blogdacondessa.com.br\\\/blog\\\/meio-ambiente\\\/florestas-urbanas-podem-ser-solucao-para-combater-ondas-de-calor-em-grandes-cidades-2\\\/\"},\"author\":{\"name\":\"Blog da Condessa\",\"@id\":\"https:\\\/\\\/blogdacondessa.com.br\\\/blog\\\/#\\\/schema\\\/person\\\/1d667ff8b785195b568677489d266035\"},\"headline\":\"Florestas urbanas podem ser solu\u00e7\u00e3o para combater ondas de calor em grandes cidades?\",\"datePublished\":\"2023-10-01T09:00:05+00:00\",\"mainEntityOfPage\":{\"@id\":\"https:\\\/\\\/blogdacondessa.com.br\\\/blog\\\/meio-ambiente\\\/florestas-urbanas-podem-ser-solucao-para-combater-ondas-de-calor-em-grandes-cidades-2\\\/\"},\"wordCount\":1175,\"image\":{\"@id\":\"https:\\\/\\\/blogdacondessa.com.br\\\/blog\\\/meio-ambiente\\\/florestas-urbanas-podem-ser-solucao-para-combater-ondas-de-calor-em-grandes-cidades-2\\\/#primaryimage\"},\"thumbnailUrl\":\"https:\\\/\\\/blogdacondessa.com.br\\\/blog\\\/wp-content\\\/uploads\\\/2023\\\/09\\\/florestas-urbanas-1.jpg\",\"articleSection\":[\"Meio Ambiente\"],\"inLanguage\":\"pt-BR\"},{\"@type\":\"WebPage\",\"@id\":\"https:\\\/\\\/blogdacondessa.com.br\\\/blog\\\/meio-ambiente\\\/florestas-urbanas-podem-ser-solucao-para-combater-ondas-de-calor-em-grandes-cidades-2\\\/\",\"url\":\"https:\\\/\\\/blogdacondessa.com.br\\\/blog\\\/meio-ambiente\\\/florestas-urbanas-podem-ser-solucao-para-combater-ondas-de-calor-em-grandes-cidades-2\\\/\",\"name\":\"Florestas urbanas podem ser solu\u00e7\u00e3o para combater ondas de calor em grandes cidades? &#8902; Blog da Condessa\",\"isPartOf\":{\"@id\":\"https:\\\/\\\/blogdacondessa.com.br\\\/blog\\\/#website\"},\"primaryImageOfPage\":{\"@id\":\"https:\\\/\\\/blogdacondessa.com.br\\\/blog\\\/meio-ambiente\\\/florestas-urbanas-podem-ser-solucao-para-combater-ondas-de-calor-em-grandes-cidades-2\\\/#primaryimage\"},\"image\":{\"@id\":\"https:\\\/\\\/blogdacondessa.com.br\\\/blog\\\/meio-ambiente\\\/florestas-urbanas-podem-ser-solucao-para-combater-ondas-de-calor-em-grandes-cidades-2\\\/#primaryimage\"},\"thumbnailUrl\":\"https:\\\/\\\/blogdacondessa.com.br\\\/blog\\\/wp-content\\\/uploads\\\/2023\\\/09\\\/florestas-urbanas-1.jpg\",\"datePublished\":\"2023-10-01T09:00:05+00:00\",\"author\":{\"@id\":\"https:\\\/\\\/blogdacondessa.com.br\\\/blog\\\/#\\\/schema\\\/person\\\/1d667ff8b785195b568677489d266035\"},\"breadcrumb\":{\"@id\":\"https:\\\/\\\/blogdacondessa.com.br\\\/blog\\\/meio-ambiente\\\/florestas-urbanas-podem-ser-solucao-para-combater-ondas-de-calor-em-grandes-cidades-2\\\/#breadcrumb\"},\"inLanguage\":\"pt-BR\",\"potentialAction\":[{\"@type\":\"ReadAction\",\"target\":[\"https:\\\/\\\/blogdacondessa.com.br\\\/blog\\\/meio-ambiente\\\/florestas-urbanas-podem-ser-solucao-para-combater-ondas-de-calor-em-grandes-cidades-2\\\/\"]}]},{\"@type\":\"ImageObject\",\"inLanguage\":\"pt-BR\",\"@id\":\"https:\\\/\\\/blogdacondessa.com.br\\\/blog\\\/meio-ambiente\\\/florestas-urbanas-podem-ser-solucao-para-combater-ondas-de-calor-em-grandes-cidades-2\\\/#primaryimage\",\"url\":\"https:\\\/\\\/blogdacondessa.com.br\\\/blog\\\/wp-content\\\/uploads\\\/2023\\\/09\\\/florestas-urbanas-1.jpg\",\"contentUrl\":\"https:\\\/\\\/blogdacondessa.com.br\\\/blog\\\/wp-content\\\/uploads\\\/2023\\\/09\\\/florestas-urbanas-1.jpg\",\"width\":800,\"height\":533,\"caption\":\"Foto: GETTY IMAGES\"},{\"@type\":\"BreadcrumbList\",\"@id\":\"https:\\\/\\\/blogdacondessa.com.br\\\/blog\\\/meio-ambiente\\\/florestas-urbanas-podem-ser-solucao-para-combater-ondas-de-calor-em-grandes-cidades-2\\\/#breadcrumb\",\"itemListElement\":[{\"@type\":\"ListItem\",\"position\":1,\"name\":\"In\u00edcio\",\"item\":\"https:\\\/\\\/blogdacondessa.com.br\\\/blog\\\/\"},{\"@type\":\"ListItem\",\"position\":2,\"name\":\"Florestas urbanas podem ser solu\u00e7\u00e3o para combater ondas de calor em grandes cidades?\"}]},{\"@type\":\"WebSite\",\"@id\":\"https:\\\/\\\/blogdacondessa.com.br\\\/blog\\\/#website\",\"url\":\"https:\\\/\\\/blogdacondessa.com.br\\\/blog\\\/\",\"name\":\"Blog da Condessa\",\"description\":\"Com Shirley de Souza O\u2019Campos\",\"potentialAction\":[{\"@type\":\"SearchAction\",\"target\":{\"@type\":\"EntryPoint\",\"urlTemplate\":\"https:\\\/\\\/blogdacondessa.com.br\\\/blog\\\/?s={search_term_string}\"},\"query-input\":{\"@type\":\"PropertyValueSpecification\",\"valueRequired\":true,\"valueName\":\"search_term_string\"}}],\"inLanguage\":\"pt-BR\"},{\"@type\":\"Person\",\"@id\":\"https:\\\/\\\/blogdacondessa.com.br\\\/blog\\\/#\\\/schema\\\/person\\\/1d667ff8b785195b568677489d266035\",\"name\":\"Blog da Condessa\",\"image\":{\"@type\":\"ImageObject\",\"inLanguage\":\"pt-BR\",\"@id\":\"https:\\\/\\\/secure.gravatar.com\\\/avatar\\\/377c0eb8b4ad2bfc25461b41564b5971e721ca34a57642868fc7b0c8ac7b52c5?s=96&d=mm&r=g\",\"url\":\"https:\\\/\\\/secure.gravatar.com\\\/avatar\\\/377c0eb8b4ad2bfc25461b41564b5971e721ca34a57642868fc7b0c8ac7b52c5?s=96&d=mm&r=g\",\"contentUrl\":\"https:\\\/\\\/secure.gravatar.com\\\/avatar\\\/377c0eb8b4ad2bfc25461b41564b5971e721ca34a57642868fc7b0c8ac7b52c5?s=96&d=mm&r=g\",\"caption\":\"Blog da Condessa\"},\"url\":\"https:\\\/\\\/blogdacondessa.com.br\\\/blog\\\/author\\\/beatriz\\\/\"}]}<\/script>\n<!-- \/ Yoast SEO plugin. -->","yoast_head_json":{"title":"Florestas urbanas podem ser solu\u00e7\u00e3o para combater ondas de calor em grandes cidades? &#8902; Blog da Condessa","robots":{"index":"index","follow":"follow","max-snippet":"max-snippet:-1","max-image-preview":"max-image-preview:large","max-video-preview":"max-video-preview:-1"},"canonical":"https:\/\/blogdacondessa.com.br\/blog\/meio-ambiente\/florestas-urbanas-podem-ser-solucao-para-combater-ondas-de-calor-em-grandes-cidades-2\/","og_locale":"pt_BR","og_type":"article","og_title":"Florestas urbanas podem ser solu\u00e7\u00e3o para combater ondas de calor em grandes cidades? &#8902; Blog da Condessa","og_description":"O Brasil n\u00e3o \u00e9 o \u00fanico pa\u00eds a sofrer com ondas de calor. Devido \u00e0s mudan\u00e7as clim\u00e1ticas, a temperatura global vem subindo gradativamente, e o impacto \u00e9 sentido de diferentes formas em todo o mundo. A situa\u00e7\u00e3o tende a ser pior nas grandes cidades, onde a imensid\u00e3o de concreto e a falta de \u00e1reas verdes [&hellip;]","og_url":"https:\/\/blogdacondessa.com.br\/blog\/meio-ambiente\/florestas-urbanas-podem-ser-solucao-para-combater-ondas-de-calor-em-grandes-cidades-2\/","og_site_name":"Blog da Condessa","article_published_time":"2023-10-01T09:00:05+00:00","og_image":[{"width":800,"height":533,"url":"https:\/\/blogdacondessa.com.br\/blog\/wp-content\/uploads\/2023\/09\/florestas-urbanas-1.jpg","type":"image\/jpeg"}],"author":"Blog da Condessa","twitter_card":"summary_large_image","twitter_misc":{"Escrito por":"Blog da Condessa","Est. tempo de leitura":"6 minutos"},"schema":{"@context":"https:\/\/schema.org","@graph":[{"@type":"Article","@id":"https:\/\/blogdacondessa.com.br\/blog\/meio-ambiente\/florestas-urbanas-podem-ser-solucao-para-combater-ondas-de-calor-em-grandes-cidades-2\/#article","isPartOf":{"@id":"https:\/\/blogdacondessa.com.br\/blog\/meio-ambiente\/florestas-urbanas-podem-ser-solucao-para-combater-ondas-de-calor-em-grandes-cidades-2\/"},"author":{"name":"Blog da Condessa","@id":"https:\/\/blogdacondessa.com.br\/blog\/#\/schema\/person\/1d667ff8b785195b568677489d266035"},"headline":"Florestas urbanas podem ser solu\u00e7\u00e3o para combater ondas de calor em grandes cidades?","datePublished":"2023-10-01T09:00:05+00:00","mainEntityOfPage":{"@id":"https:\/\/blogdacondessa.com.br\/blog\/meio-ambiente\/florestas-urbanas-podem-ser-solucao-para-combater-ondas-de-calor-em-grandes-cidades-2\/"},"wordCount":1175,"image":{"@id":"https:\/\/blogdacondessa.com.br\/blog\/meio-ambiente\/florestas-urbanas-podem-ser-solucao-para-combater-ondas-de-calor-em-grandes-cidades-2\/#primaryimage"},"thumbnailUrl":"https:\/\/blogdacondessa.com.br\/blog\/wp-content\/uploads\/2023\/09\/florestas-urbanas-1.jpg","articleSection":["Meio Ambiente"],"inLanguage":"pt-BR"},{"@type":"WebPage","@id":"https:\/\/blogdacondessa.com.br\/blog\/meio-ambiente\/florestas-urbanas-podem-ser-solucao-para-combater-ondas-de-calor-em-grandes-cidades-2\/","url":"https:\/\/blogdacondessa.com.br\/blog\/meio-ambiente\/florestas-urbanas-podem-ser-solucao-para-combater-ondas-de-calor-em-grandes-cidades-2\/","name":"Florestas urbanas podem ser solu\u00e7\u00e3o para combater ondas de calor em grandes cidades? &#8902; Blog da Condessa","isPartOf":{"@id":"https:\/\/blogdacondessa.com.br\/blog\/#website"},"primaryImageOfPage":{"@id":"https:\/\/blogdacondessa.com.br\/blog\/meio-ambiente\/florestas-urbanas-podem-ser-solucao-para-combater-ondas-de-calor-em-grandes-cidades-2\/#primaryimage"},"image":{"@id":"https:\/\/blogdacondessa.com.br\/blog\/meio-ambiente\/florestas-urbanas-podem-ser-solucao-para-combater-ondas-de-calor-em-grandes-cidades-2\/#primaryimage"},"thumbnailUrl":"https:\/\/blogdacondessa.com.br\/blog\/wp-content\/uploads\/2023\/09\/florestas-urbanas-1.jpg","datePublished":"2023-10-01T09:00:05+00:00","author":{"@id":"https:\/\/blogdacondessa.com.br\/blog\/#\/schema\/person\/1d667ff8b785195b568677489d266035"},"breadcrumb":{"@id":"https:\/\/blogdacondessa.com.br\/blog\/meio-ambiente\/florestas-urbanas-podem-ser-solucao-para-combater-ondas-de-calor-em-grandes-cidades-2\/#breadcrumb"},"inLanguage":"pt-BR","potentialAction":[{"@type":"ReadAction","target":["https:\/\/blogdacondessa.com.br\/blog\/meio-ambiente\/florestas-urbanas-podem-ser-solucao-para-combater-ondas-de-calor-em-grandes-cidades-2\/"]}]},{"@type":"ImageObject","inLanguage":"pt-BR","@id":"https:\/\/blogdacondessa.com.br\/blog\/meio-ambiente\/florestas-urbanas-podem-ser-solucao-para-combater-ondas-de-calor-em-grandes-cidades-2\/#primaryimage","url":"https:\/\/blogdacondessa.com.br\/blog\/wp-content\/uploads\/2023\/09\/florestas-urbanas-1.jpg","contentUrl":"https:\/\/blogdacondessa.com.br\/blog\/wp-content\/uploads\/2023\/09\/florestas-urbanas-1.jpg","width":800,"height":533,"caption":"Foto: GETTY IMAGES"},{"@type":"BreadcrumbList","@id":"https:\/\/blogdacondessa.com.br\/blog\/meio-ambiente\/florestas-urbanas-podem-ser-solucao-para-combater-ondas-de-calor-em-grandes-cidades-2\/#breadcrumb","itemListElement":[{"@type":"ListItem","position":1,"name":"In\u00edcio","item":"https:\/\/blogdacondessa.com.br\/blog\/"},{"@type":"ListItem","position":2,"name":"Florestas urbanas podem ser solu\u00e7\u00e3o para combater ondas de calor em grandes cidades?"}]},{"@type":"WebSite","@id":"https:\/\/blogdacondessa.com.br\/blog\/#website","url":"https:\/\/blogdacondessa.com.br\/blog\/","name":"Blog da Condessa","description":"Com Shirley de Souza O\u2019Campos","potentialAction":[{"@type":"SearchAction","target":{"@type":"EntryPoint","urlTemplate":"https:\/\/blogdacondessa.com.br\/blog\/?s={search_term_string}"},"query-input":{"@type":"PropertyValueSpecification","valueRequired":true,"valueName":"search_term_string"}}],"inLanguage":"pt-BR"},{"@type":"Person","@id":"https:\/\/blogdacondessa.com.br\/blog\/#\/schema\/person\/1d667ff8b785195b568677489d266035","name":"Blog da Condessa","image":{"@type":"ImageObject","inLanguage":"pt-BR","@id":"https:\/\/secure.gravatar.com\/avatar\/377c0eb8b4ad2bfc25461b41564b5971e721ca34a57642868fc7b0c8ac7b52c5?s=96&d=mm&r=g","url":"https:\/\/secure.gravatar.com\/avatar\/377c0eb8b4ad2bfc25461b41564b5971e721ca34a57642868fc7b0c8ac7b52c5?s=96&d=mm&r=g","contentUrl":"https:\/\/secure.gravatar.com\/avatar\/377c0eb8b4ad2bfc25461b41564b5971e721ca34a57642868fc7b0c8ac7b52c5?s=96&d=mm&r=g","caption":"Blog da Condessa"},"url":"https:\/\/blogdacondessa.com.br\/blog\/author\/beatriz\/"}]}},"_links":{"self":[{"href":"https:\/\/blogdacondessa.com.br\/blog\/wp-json\/wp\/v2\/posts\/8183","targetHints":{"allow":["GET"]}}],"collection":[{"href":"https:\/\/blogdacondessa.com.br\/blog\/wp-json\/wp\/v2\/posts"}],"about":[{"href":"https:\/\/blogdacondessa.com.br\/blog\/wp-json\/wp\/v2\/types\/post"}],"author":[{"embeddable":true,"href":"https:\/\/blogdacondessa.com.br\/blog\/wp-json\/wp\/v2\/users\/2"}],"replies":[{"embeddable":true,"href":"https:\/\/blogdacondessa.com.br\/blog\/wp-json\/wp\/v2\/comments?post=8183"}],"version-history":[{"count":0,"href":"https:\/\/blogdacondessa.com.br\/blog\/wp-json\/wp\/v2\/posts\/8183\/revisions"}],"wp:featuredmedia":[{"embeddable":true,"href":"https:\/\/blogdacondessa.com.br\/blog\/wp-json\/wp\/v2\/media\/8184"}],"wp:attachment":[{"href":"https:\/\/blogdacondessa.com.br\/blog\/wp-json\/wp\/v2\/media?parent=8183"}],"wp:term":[{"taxonomy":"category","embeddable":true,"href":"https:\/\/blogdacondessa.com.br\/blog\/wp-json\/wp\/v2\/categories?post=8183"},{"taxonomy":"post_tag","embeddable":true,"href":"https:\/\/blogdacondessa.com.br\/blog\/wp-json\/wp\/v2\/tags?post=8183"}],"curies":[{"name":"wp","href":"https:\/\/api.w.org\/{rel}","templated":true}]}}