{"id":8179,"date":"2023-10-01T05:00:02","date_gmt":"2023-10-01T09:00:02","guid":{"rendered":"http:\/\/blogdacondessa.com.br\/?p=8179"},"modified":"2023-09-30T16:57:42","modified_gmt":"2023-09-30T20:57:42","slug":"almt-lanca-programa-de-arrecadacao-de-alimentos-para-entidades-beneficentes","status":"publish","type":"post","link":"https:\/\/blogdacondessa.com.br\/blog\/cotidiano\/almt-lanca-programa-de-arrecadacao-de-alimentos-para-entidades-beneficentes\/","title":{"rendered":"ALMT lan\u00e7a programa de arrecada\u00e7\u00e3o de alimentos para entidades beneficentes"},"content":{"rendered":"<p>Na ocasi\u00e3o, ser\u00e3o entregues mais de 40 toneladas de mantimentos.<\/p>\n<p>A Assembleia Legislativa de Mato Grosso (ALMT) realiza nesta segunda-feira (2\/10), o lan\u00e7amento oficial do Programa Alimentar, que tem como objetivo arrecadar alimentos para institui\u00e7\u00f5es filantr\u00f3picas que atendem fam\u00edlias carentes em todo o estado. O lan\u00e7amento ocorrer\u00e1 \u00e0s 10h, no Sal\u00e3o Negro do Parlamento estadual, onde ser\u00e3o entregues, inicialmente, mais de 40 toneladas de mantimentos.<\/p>\n<p>O programa ser\u00e1 desenvolvido pela Superintend\u00eancia de Integra\u00e7\u00e3o, Cidadania e Cultura (Assembleia Social) da ALMT. Gestores de supermercados poder\u00e3o se cadastrar para participar das doa\u00e7\u00f5es por meio dos telefones (65) 3313-6994 ou (65) 99239-8785. A Assembleia Social, com apoio de parceiros, fica respons\u00e1vel pela log\u00edstica de transporte, armazenamento e entrega do que for doado.<\/p>\n<p>Para o presidente da ALMT, deputado Eduardo Botelho (Uni\u00e3o Brasil), o Alimentar \u00e9 uma forma de reduzir o desperd\u00edcio de alimentos nos supermercados, fortalecer o trabalho de institui\u00e7\u00f5es filantr\u00f3picas que desenvolvem a\u00e7\u00f5es com seriedade e garantir comida na mesa de quem mais precisa.<\/p>\n<p>A Associa\u00e7\u00e3o Mato-grossense de Atacadistas e Distribuidores (Amad) e o Sindicato do Com\u00e9rcio Atacadista Distribuidor de Mato Grosso (Sincad\/MT) s\u00e3o as institui\u00e7\u00f5es parceiras da ALMT na execu\u00e7\u00e3o do programa.<\/p>\n","protected":false},"excerpt":{"rendered":"<p>Na ocasi\u00e3o, ser\u00e3o entregues mais de 40 toneladas de mantimentos. A Assembleia Legislativa de Mato Grosso (ALMT) realiza nesta segunda-feira (2\/10), o lan\u00e7amento oficial do Programa Alimentar, que tem como objetivo arrecadar alimentos para institui\u00e7\u00f5es filantr\u00f3picas que atendem fam\u00edlias carentes em todo o estado. O lan\u00e7amento ocorrer\u00e1 \u00e0s 10h, no Sal\u00e3o Negro do Parlamento estadual, [&hellip;]<\/p>\n","protected":false},"author":2,"featured_media":8180,"comment_status":"closed","ping_status":"closed","sticky":false,"template":"","format":"standard","meta":{"iawp_total_views":1,"footnotes":""},"categories":[24],"tags":[],"class_list":["post-8179","post","type-post","status-publish","format-standard","has-post-thumbnail","hentry","category-cotidiano"],"yoast_head":"<!-- This site is optimized with the Yoast SEO plugin v27.3 - https:\/\/yoast.com\/product\/yoast-seo-wordpress\/ -->\n<title>ALMT lan\u00e7a programa de arrecada\u00e7\u00e3o de alimentos para entidades beneficentes &#8902; Blog da Condessa<\/title>\n<meta name=\"robots\" content=\"index, follow, max-snippet:-1, max-image-preview:large, max-video-preview:-1\" \/>\n<link rel=\"canonical\" href=\"https:\/\/blogdacondessa.com.br\/blog\/cotidiano\/almt-lanca-programa-de-arrecadacao-de-alimentos-para-entidades-beneficentes\/\" \/>\n<meta property=\"og:locale\" content=\"pt_BR\" \/>\n<meta property=\"og:type\" content=\"article\" \/>\n<meta property=\"og:title\" content=\"ALMT lan\u00e7a programa de arrecada\u00e7\u00e3o de alimentos para entidades beneficentes &#8902; Blog da Condessa\" \/>\n<meta property=\"og:description\" content=\"Na ocasi\u00e3o, ser\u00e3o entregues mais de 40 toneladas de mantimentos. A Assembleia Legislativa de Mato Grosso (ALMT) realiza nesta segunda-feira (2\/10), o lan\u00e7amento oficial do Programa Alimentar, que tem como objetivo arrecadar alimentos para institui\u00e7\u00f5es filantr\u00f3picas que atendem fam\u00edlias carentes em todo o estado. O lan\u00e7amento ocorrer\u00e1 \u00e0s 10h, no Sal\u00e3o Negro do Parlamento estadual, [&hellip;]\" \/>\n<meta property=\"og:url\" content=\"https:\/\/blogdacondessa.com.br\/blog\/cotidiano\/almt-lanca-programa-de-arrecadacao-de-alimentos-para-entidades-beneficentes\/\" \/>\n<meta property=\"og:site_name\" content=\"Blog da Condessa\" \/>\n<meta property=\"article:published_time\" content=\"2023-10-01T09:00:02+00:00\" \/>\n<meta property=\"og:image\" content=\"https:\/\/blogdacondessa.com.br\/blog\/wp-content\/uploads\/2023\/09\/programa-alimentar.png\" \/>\n\t<meta property=\"og:image:width\" content=\"420\" \/>\n\t<meta property=\"og:image:height\" content=\"249\" \/>\n\t<meta property=\"og:image:type\" content=\"image\/png\" \/>\n<meta name=\"author\" content=\"Blog da Condessa\" \/>\n<meta name=\"twitter:card\" content=\"summary_large_image\" \/>\n<meta name=\"twitter:label1\" content=\"Escrito por\" \/>\n\t<meta name=\"twitter:data1\" content=\"Blog da Condessa\" \/>\n\t<meta name=\"twitter:label2\" content=\"Est. tempo de leitura\" \/>\n\t<meta name=\"twitter:data2\" content=\"2 minutos\" \/>\n<script type=\"application\/ld+json\" class=\"yoast-schema-graph\">{\"@context\":\"https:\\\/\\\/schema.org\",\"@graph\":[{\"@type\":\"Article\",\"@id\":\"https:\\\/\\\/blogdacondessa.com.br\\\/blog\\\/cotidiano\\\/almt-lanca-programa-de-arrecadacao-de-alimentos-para-entidades-beneficentes\\\/#article\",\"isPartOf\":{\"@id\":\"https:\\\/\\\/blogdacondessa.com.br\\\/blog\\\/cotidiano\\\/almt-lanca-programa-de-arrecadacao-de-alimentos-para-entidades-beneficentes\\\/\"},\"author\":{\"name\":\"Blog da Condessa\",\"@id\":\"https:\\\/\\\/blogdacondessa.com.br\\\/blog\\\/#\\\/schema\\\/person\\\/1d667ff8b785195b568677489d266035\"},\"headline\":\"ALMT lan\u00e7a programa de arrecada\u00e7\u00e3o de alimentos para entidades beneficentes\",\"datePublished\":\"2023-10-01T09:00:02+00:00\",\"mainEntityOfPage\":{\"@id\":\"https:\\\/\\\/blogdacondessa.com.br\\\/blog\\\/cotidiano\\\/almt-lanca-programa-de-arrecadacao-de-alimentos-para-entidades-beneficentes\\\/\"},\"wordCount\":223,\"image\":{\"@id\":\"https:\\\/\\\/blogdacondessa.com.br\\\/blog\\\/cotidiano\\\/almt-lanca-programa-de-arrecadacao-de-alimentos-para-entidades-beneficentes\\\/#primaryimage\"},\"thumbnailUrl\":\"https:\\\/\\\/blogdacondessa.com.br\\\/blog\\\/wp-content\\\/uploads\\\/2023\\\/09\\\/programa-alimentar.png\",\"articleSection\":[\"Cotidiano\"],\"inLanguage\":\"pt-BR\"},{\"@type\":\"WebPage\",\"@id\":\"https:\\\/\\\/blogdacondessa.com.br\\\/blog\\\/cotidiano\\\/almt-lanca-programa-de-arrecadacao-de-alimentos-para-entidades-beneficentes\\\/\",\"url\":\"https:\\\/\\\/blogdacondessa.com.br\\\/blog\\\/cotidiano\\\/almt-lanca-programa-de-arrecadacao-de-alimentos-para-entidades-beneficentes\\\/\",\"name\":\"ALMT lan\u00e7a programa de arrecada\u00e7\u00e3o de alimentos para entidades beneficentes &#8902; Blog da Condessa\",\"isPartOf\":{\"@id\":\"https:\\\/\\\/blogdacondessa.com.br\\\/blog\\\/#website\"},\"primaryImageOfPage\":{\"@id\":\"https:\\\/\\\/blogdacondessa.com.br\\\/blog\\\/cotidiano\\\/almt-lanca-programa-de-arrecadacao-de-alimentos-para-entidades-beneficentes\\\/#primaryimage\"},\"image\":{\"@id\":\"https:\\\/\\\/blogdacondessa.com.br\\\/blog\\\/cotidiano\\\/almt-lanca-programa-de-arrecadacao-de-alimentos-para-entidades-beneficentes\\\/#primaryimage\"},\"thumbnailUrl\":\"https:\\\/\\\/blogdacondessa.com.br\\\/blog\\\/wp-content\\\/uploads\\\/2023\\\/09\\\/programa-alimentar.png\",\"datePublished\":\"2023-10-01T09:00:02+00:00\",\"author\":{\"@id\":\"https:\\\/\\\/blogdacondessa.com.br\\\/blog\\\/#\\\/schema\\\/person\\\/1d667ff8b785195b568677489d266035\"},\"breadcrumb\":{\"@id\":\"https:\\\/\\\/blogdacondessa.com.br\\\/blog\\\/cotidiano\\\/almt-lanca-programa-de-arrecadacao-de-alimentos-para-entidades-beneficentes\\\/#breadcrumb\"},\"inLanguage\":\"pt-BR\",\"potentialAction\":[{\"@type\":\"ReadAction\",\"target\":[\"https:\\\/\\\/blogdacondessa.com.br\\\/blog\\\/cotidiano\\\/almt-lanca-programa-de-arrecadacao-de-alimentos-para-entidades-beneficentes\\\/\"]}]},{\"@type\":\"ImageObject\",\"inLanguage\":\"pt-BR\",\"@id\":\"https:\\\/\\\/blogdacondessa.com.br\\\/blog\\\/cotidiano\\\/almt-lanca-programa-de-arrecadacao-de-alimentos-para-entidades-beneficentes\\\/#primaryimage\",\"url\":\"https:\\\/\\\/blogdacondessa.com.br\\\/blog\\\/wp-content\\\/uploads\\\/2023\\\/09\\\/programa-alimentar.png\",\"contentUrl\":\"https:\\\/\\\/blogdacondessa.com.br\\\/blog\\\/wp-content\\\/uploads\\\/2023\\\/09\\\/programa-alimentar.png\",\"width\":420,\"height\":249,\"caption\":\"Foto: EQUIPE CRIA\u00c7\u00c3O \\\/ ALMT\"},{\"@type\":\"BreadcrumbList\",\"@id\":\"https:\\\/\\\/blogdacondessa.com.br\\\/blog\\\/cotidiano\\\/almt-lanca-programa-de-arrecadacao-de-alimentos-para-entidades-beneficentes\\\/#breadcrumb\",\"itemListElement\":[{\"@type\":\"ListItem\",\"position\":1,\"name\":\"In\u00edcio\",\"item\":\"https:\\\/\\\/blogdacondessa.com.br\\\/blog\\\/\"},{\"@type\":\"ListItem\",\"position\":2,\"name\":\"ALMT lan\u00e7a programa de arrecada\u00e7\u00e3o de alimentos para entidades beneficentes\"}]},{\"@type\":\"WebSite\",\"@id\":\"https:\\\/\\\/blogdacondessa.com.br\\\/blog\\\/#website\",\"url\":\"https:\\\/\\\/blogdacondessa.com.br\\\/blog\\\/\",\"name\":\"Blog da Condessa\",\"description\":\"Com Shirley de Souza O\u2019Campos\",\"potentialAction\":[{\"@type\":\"SearchAction\",\"target\":{\"@type\":\"EntryPoint\",\"urlTemplate\":\"https:\\\/\\\/blogdacondessa.com.br\\\/blog\\\/?s={search_term_string}\"},\"query-input\":{\"@type\":\"PropertyValueSpecification\",\"valueRequired\":true,\"valueName\":\"search_term_string\"}}],\"inLanguage\":\"pt-BR\"},{\"@type\":\"Person\",\"@id\":\"https:\\\/\\\/blogdacondessa.com.br\\\/blog\\\/#\\\/schema\\\/person\\\/1d667ff8b785195b568677489d266035\",\"name\":\"Blog da Condessa\",\"image\":{\"@type\":\"ImageObject\",\"inLanguage\":\"pt-BR\",\"@id\":\"https:\\\/\\\/secure.gravatar.com\\\/avatar\\\/377c0eb8b4ad2bfc25461b41564b5971e721ca34a57642868fc7b0c8ac7b52c5?s=96&d=mm&r=g\",\"url\":\"https:\\\/\\\/secure.gravatar.com\\\/avatar\\\/377c0eb8b4ad2bfc25461b41564b5971e721ca34a57642868fc7b0c8ac7b52c5?s=96&d=mm&r=g\",\"contentUrl\":\"https:\\\/\\\/secure.gravatar.com\\\/avatar\\\/377c0eb8b4ad2bfc25461b41564b5971e721ca34a57642868fc7b0c8ac7b52c5?s=96&d=mm&r=g\",\"caption\":\"Blog da Condessa\"},\"url\":\"https:\\\/\\\/blogdacondessa.com.br\\\/blog\\\/author\\\/beatriz\\\/\"}]}<\/script>\n<!-- \/ Yoast SEO plugin. -->","yoast_head_json":{"title":"ALMT lan\u00e7a programa de arrecada\u00e7\u00e3o de alimentos para entidades beneficentes &#8902; Blog da Condessa","robots":{"index":"index","follow":"follow","max-snippet":"max-snippet:-1","max-image-preview":"max-image-preview:large","max-video-preview":"max-video-preview:-1"},"canonical":"https:\/\/blogdacondessa.com.br\/blog\/cotidiano\/almt-lanca-programa-de-arrecadacao-de-alimentos-para-entidades-beneficentes\/","og_locale":"pt_BR","og_type":"article","og_title":"ALMT lan\u00e7a programa de arrecada\u00e7\u00e3o de alimentos para entidades beneficentes &#8902; Blog da Condessa","og_description":"Na ocasi\u00e3o, ser\u00e3o entregues mais de 40 toneladas de mantimentos. A Assembleia Legislativa de Mato Grosso (ALMT) realiza nesta segunda-feira (2\/10), o lan\u00e7amento oficial do Programa Alimentar, que tem como objetivo arrecadar alimentos para institui\u00e7\u00f5es filantr\u00f3picas que atendem fam\u00edlias carentes em todo o estado. O lan\u00e7amento ocorrer\u00e1 \u00e0s 10h, no Sal\u00e3o Negro do Parlamento estadual, [&hellip;]","og_url":"https:\/\/blogdacondessa.com.br\/blog\/cotidiano\/almt-lanca-programa-de-arrecadacao-de-alimentos-para-entidades-beneficentes\/","og_site_name":"Blog da Condessa","article_published_time":"2023-10-01T09:00:02+00:00","og_image":[{"width":420,"height":249,"url":"https:\/\/blogdacondessa.com.br\/blog\/wp-content\/uploads\/2023\/09\/programa-alimentar.png","type":"image\/png"}],"author":"Blog da Condessa","twitter_card":"summary_large_image","twitter_misc":{"Escrito por":"Blog da Condessa","Est. tempo de leitura":"2 minutos"},"schema":{"@context":"https:\/\/schema.org","@graph":[{"@type":"Article","@id":"https:\/\/blogdacondessa.com.br\/blog\/cotidiano\/almt-lanca-programa-de-arrecadacao-de-alimentos-para-entidades-beneficentes\/#article","isPartOf":{"@id":"https:\/\/blogdacondessa.com.br\/blog\/cotidiano\/almt-lanca-programa-de-arrecadacao-de-alimentos-para-entidades-beneficentes\/"},"author":{"name":"Blog da Condessa","@id":"https:\/\/blogdacondessa.com.br\/blog\/#\/schema\/person\/1d667ff8b785195b568677489d266035"},"headline":"ALMT lan\u00e7a programa de arrecada\u00e7\u00e3o de alimentos para entidades beneficentes","datePublished":"2023-10-01T09:00:02+00:00","mainEntityOfPage":{"@id":"https:\/\/blogdacondessa.com.br\/blog\/cotidiano\/almt-lanca-programa-de-arrecadacao-de-alimentos-para-entidades-beneficentes\/"},"wordCount":223,"image":{"@id":"https:\/\/blogdacondessa.com.br\/blog\/cotidiano\/almt-lanca-programa-de-arrecadacao-de-alimentos-para-entidades-beneficentes\/#primaryimage"},"thumbnailUrl":"https:\/\/blogdacondessa.com.br\/blog\/wp-content\/uploads\/2023\/09\/programa-alimentar.png","articleSection":["Cotidiano"],"inLanguage":"pt-BR"},{"@type":"WebPage","@id":"https:\/\/blogdacondessa.com.br\/blog\/cotidiano\/almt-lanca-programa-de-arrecadacao-de-alimentos-para-entidades-beneficentes\/","url":"https:\/\/blogdacondessa.com.br\/blog\/cotidiano\/almt-lanca-programa-de-arrecadacao-de-alimentos-para-entidades-beneficentes\/","name":"ALMT lan\u00e7a programa de arrecada\u00e7\u00e3o de alimentos para entidades beneficentes &#8902; Blog da Condessa","isPartOf":{"@id":"https:\/\/blogdacondessa.com.br\/blog\/#website"},"primaryImageOfPage":{"@id":"https:\/\/blogdacondessa.com.br\/blog\/cotidiano\/almt-lanca-programa-de-arrecadacao-de-alimentos-para-entidades-beneficentes\/#primaryimage"},"image":{"@id":"https:\/\/blogdacondessa.com.br\/blog\/cotidiano\/almt-lanca-programa-de-arrecadacao-de-alimentos-para-entidades-beneficentes\/#primaryimage"},"thumbnailUrl":"https:\/\/blogdacondessa.com.br\/blog\/wp-content\/uploads\/2023\/09\/programa-alimentar.png","datePublished":"2023-10-01T09:00:02+00:00","author":{"@id":"https:\/\/blogdacondessa.com.br\/blog\/#\/schema\/person\/1d667ff8b785195b568677489d266035"},"breadcrumb":{"@id":"https:\/\/blogdacondessa.com.br\/blog\/cotidiano\/almt-lanca-programa-de-arrecadacao-de-alimentos-para-entidades-beneficentes\/#breadcrumb"},"inLanguage":"pt-BR","potentialAction":[{"@type":"ReadAction","target":["https:\/\/blogdacondessa.com.br\/blog\/cotidiano\/almt-lanca-programa-de-arrecadacao-de-alimentos-para-entidades-beneficentes\/"]}]},{"@type":"ImageObject","inLanguage":"pt-BR","@id":"https:\/\/blogdacondessa.com.br\/blog\/cotidiano\/almt-lanca-programa-de-arrecadacao-de-alimentos-para-entidades-beneficentes\/#primaryimage","url":"https:\/\/blogdacondessa.com.br\/blog\/wp-content\/uploads\/2023\/09\/programa-alimentar.png","contentUrl":"https:\/\/blogdacondessa.com.br\/blog\/wp-content\/uploads\/2023\/09\/programa-alimentar.png","width":420,"height":249,"caption":"Foto: EQUIPE CRIA\u00c7\u00c3O \/ ALMT"},{"@type":"BreadcrumbList","@id":"https:\/\/blogdacondessa.com.br\/blog\/cotidiano\/almt-lanca-programa-de-arrecadacao-de-alimentos-para-entidades-beneficentes\/#breadcrumb","itemListElement":[{"@type":"ListItem","position":1,"name":"In\u00edcio","item":"https:\/\/blogdacondessa.com.br\/blog\/"},{"@type":"ListItem","position":2,"name":"ALMT lan\u00e7a programa de arrecada\u00e7\u00e3o de alimentos para entidades beneficentes"}]},{"@type":"WebSite","@id":"https:\/\/blogdacondessa.com.br\/blog\/#website","url":"https:\/\/blogdacondessa.com.br\/blog\/","name":"Blog da Condessa","description":"Com Shirley de Souza O\u2019Campos","potentialAction":[{"@type":"SearchAction","target":{"@type":"EntryPoint","urlTemplate":"https:\/\/blogdacondessa.com.br\/blog\/?s={search_term_string}"},"query-input":{"@type":"PropertyValueSpecification","valueRequired":true,"valueName":"search_term_string"}}],"inLanguage":"pt-BR"},{"@type":"Person","@id":"https:\/\/blogdacondessa.com.br\/blog\/#\/schema\/person\/1d667ff8b785195b568677489d266035","name":"Blog da Condessa","image":{"@type":"ImageObject","inLanguage":"pt-BR","@id":"https:\/\/secure.gravatar.com\/avatar\/377c0eb8b4ad2bfc25461b41564b5971e721ca34a57642868fc7b0c8ac7b52c5?s=96&d=mm&r=g","url":"https:\/\/secure.gravatar.com\/avatar\/377c0eb8b4ad2bfc25461b41564b5971e721ca34a57642868fc7b0c8ac7b52c5?s=96&d=mm&r=g","contentUrl":"https:\/\/secure.gravatar.com\/avatar\/377c0eb8b4ad2bfc25461b41564b5971e721ca34a57642868fc7b0c8ac7b52c5?s=96&d=mm&r=g","caption":"Blog da Condessa"},"url":"https:\/\/blogdacondessa.com.br\/blog\/author\/beatriz\/"}]}},"_links":{"self":[{"href":"https:\/\/blogdacondessa.com.br\/blog\/wp-json\/wp\/v2\/posts\/8179","targetHints":{"allow":["GET"]}}],"collection":[{"href":"https:\/\/blogdacondessa.com.br\/blog\/wp-json\/wp\/v2\/posts"}],"about":[{"href":"https:\/\/blogdacondessa.com.br\/blog\/wp-json\/wp\/v2\/types\/post"}],"author":[{"embeddable":true,"href":"https:\/\/blogdacondessa.com.br\/blog\/wp-json\/wp\/v2\/users\/2"}],"replies":[{"embeddable":true,"href":"https:\/\/blogdacondessa.com.br\/blog\/wp-json\/wp\/v2\/comments?post=8179"}],"version-history":[{"count":0,"href":"https:\/\/blogdacondessa.com.br\/blog\/wp-json\/wp\/v2\/posts\/8179\/revisions"}],"wp:featuredmedia":[{"embeddable":true,"href":"https:\/\/blogdacondessa.com.br\/blog\/wp-json\/wp\/v2\/media\/8180"}],"wp:attachment":[{"href":"https:\/\/blogdacondessa.com.br\/blog\/wp-json\/wp\/v2\/media?parent=8179"}],"wp:term":[{"taxonomy":"category","embeddable":true,"href":"https:\/\/blogdacondessa.com.br\/blog\/wp-json\/wp\/v2\/categories?post=8179"},{"taxonomy":"post_tag","embeddable":true,"href":"https:\/\/blogdacondessa.com.br\/blog\/wp-json\/wp\/v2\/tags?post=8179"}],"curies":[{"name":"wp","href":"https:\/\/api.w.org\/{rel}","templated":true}]}}