{"id":8013,"date":"2023-09-10T05:00:41","date_gmt":"2023-09-10T09:00:41","guid":{"rendered":"http:\/\/blogdacondessa.com.br\/?p=8013"},"modified":"2023-09-09T18:05:11","modified_gmt":"2023-09-09T22:05:11","slug":"safra-de-graos-de-mt-deve-crescer-45-em-7-anos","status":"publish","type":"post","link":"https:\/\/blogdacondessa.com.br\/blog\/agronegocio\/safra-de-graos-de-mt-deve-crescer-45-em-7-anos\/","title":{"rendered":"Safra de gr\u00e3os de MT deve crescer 45% em 7 anos"},"content":{"rendered":"<p>Investimentos em log\u00edstica garantem escoamento.<\/p>\n<p>A proje\u00e7\u00e3o da safra de gr\u00e3os de Mato Grosso 2029\/2030 deve alcan\u00e7ar 146,6 milh\u00f5es de toneladas, um salto de 45,4% em rela\u00e7\u00e3o \u00e0 safra 2022\/2023. A medida deve atender \u00e0 necessidade de produ\u00e7\u00e3o de alimentos no mundo e de biocombust\u00edveis, como o etanol do milho. As informa\u00e7\u00f5es s\u00e3o do Observat\u00f3rio do Desenvolvimento da Secretaria de Estado de Desenvolvimento Econ\u00f4mico (Sedec).<\/p>\n<p>Aliado ao crescimento do importante setor que constitui a base econ\u00f4mica de Mato Grosso, o Governo do Estado estar\u00e1 colhendo os frutos plantados na gest\u00e3o atual, com uma maior din\u00e2mica na log\u00edstica para escoamento da safra, um dos principais entraves da produ\u00e7\u00e3o mato-grossense.<\/p>\n<p>A Ferrovia Estadual da Integra\u00e7\u00e3o Vicente Vuolo, a primeira do pa\u00eds, deve ter alcan\u00e7ado Nova Mutum, conforme a proje\u00e7\u00e3o da Rumo Log\u00edstica. A obra de 733 km da estrada f\u00e9rrea que vai ligar Rondon\u00f3polis a Lucas do Rio Verde, deve chegar em Campo Verde at\u00e9 2025, Nova Mutum em 2028 e at\u00e9 2030, vai chegar em Lucas do Rio Verde.<\/p>\n<p>\u201cOs munic\u00edpios do eixo da BR-163 est\u00e3o entre os maiores produtores de gr\u00e3os do pa\u00eds. A ferrovia estadual, a duplica\u00e7\u00e3o da BR-163, e, muito possivelmente, o in\u00edcio das obras da Ferrogr\u00e3o, v\u00e3o destravar a log\u00edstica de escoamento da safra e tornar a BR-163 muito mais segura com a redu\u00e7\u00e3o do fluxo de caminh\u00f5es e com a pista duplicada. O Governo ser\u00e1 respons\u00e1vel por essa revolu\u00e7\u00e3o que veremos daqui h\u00e1 uns anos, junto com o crescimento da nossa produ\u00e7\u00e3o\u201d, comentou o secret\u00e1rio Estado de Desenvolvimento Econ\u00f4mico, C\u00e9sar Miranda.<\/p>\n<p>Outro projeto encabe\u00e7ado pelo Governo de Mato Grosso \u00e9 a duplica\u00e7\u00e3o dos 440 km da BR-163, entre o Posto Gil e Sinop. Em maio deste ano, o Estado assumiu a concess\u00e3o dos 850 km entre Itiquira e Sinop, dos quais 410 km da duplica\u00e7\u00e3o j\u00e1 foram realizados.<\/p>\n<p>Embora o prazo para a conclus\u00e3o de toda a duplica\u00e7\u00e3o esteja previsto para 2030, o governador Mauro Mendes trabalha com a perspectiva de concluir a obra at\u00e9 2028.<\/p>\n<p>Outro projeto importante para a log\u00edstica mato-grossense \u00e9 a Ferrogr\u00e3o. Embora seja uma ferrovia que ser\u00e1 licitada pelo Governo Federal, e que atualmente esbarra em quest\u00f5es jur\u00eddicas, o Estado tem atuado em prol da implanta\u00e7\u00e3o da estrada f\u00e9rrea. O projeto visa consolidar o novo corredor ferrovi\u00e1rio de exporta\u00e7\u00e3o do Brasil pelo Arco Norte. A ferrovia conectar\u00e1 Sinop ao Porto de Miritituba, no Par\u00e1.<\/p>\n<p>\u201cAssim como a duplica\u00e7\u00e3o da BR-163, a Ferrogr\u00e3o aliviar\u00e1 as condi\u00e7\u00f5es de tr\u00e1fego da principal art\u00e9ria rodovi\u00e1ria de Mato Grosso e tem o adicional de reduzir as emiss\u00f5es de carbono pela queima de combust\u00edvel f\u00f3ssil. Com a ferrovia, haver\u00e1 a redu\u00e7\u00e3o do fluxo de caminh\u00f5es pesados at\u00e9 o Porto de Miritituba e os custos com a conserva\u00e7\u00e3o e a manuten\u00e7\u00e3o da pista\u201d, concluiu o secret\u00e1rio.<br \/>\n&nbsp;<\/p>\n","protected":false},"excerpt":{"rendered":"<p>Investimentos em log\u00edstica garantem escoamento. A proje\u00e7\u00e3o da safra de gr\u00e3os de Mato Grosso 2029\/2030 deve alcan\u00e7ar 146,6 milh\u00f5es de toneladas, um salto de 45,4% em rela\u00e7\u00e3o \u00e0 safra 2022\/2023. A medida deve atender \u00e0 necessidade de produ\u00e7\u00e3o de alimentos no mundo e de biocombust\u00edveis, como o etanol do milho. As informa\u00e7\u00f5es s\u00e3o do Observat\u00f3rio [&hellip;]<\/p>\n","protected":false},"author":2,"featured_media":8014,"comment_status":"closed","ping_status":"closed","sticky":false,"template":"","format":"standard","meta":{"iawp_total_views":1,"footnotes":""},"categories":[11],"tags":[],"class_list":["post-8013","post","type-post","status-publish","format-standard","has-post-thumbnail","hentry","category-agronegocio"],"yoast_head":"<!-- This site is optimized with the Yoast SEO plugin v27.3 - https:\/\/yoast.com\/product\/yoast-seo-wordpress\/ -->\n<title>Safra de gr\u00e3os de MT deve crescer 45% em 7 anos &#8902; Blog da Condessa<\/title>\n<meta name=\"robots\" content=\"index, follow, max-snippet:-1, max-image-preview:large, max-video-preview:-1\" \/>\n<link rel=\"canonical\" href=\"https:\/\/blogdacondessa.com.br\/blog\/agronegocio\/safra-de-graos-de-mt-deve-crescer-45-em-7-anos\/\" \/>\n<meta property=\"og:locale\" content=\"pt_BR\" \/>\n<meta property=\"og:type\" content=\"article\" \/>\n<meta property=\"og:title\" content=\"Safra de gr\u00e3os de MT deve crescer 45% em 7 anos &#8902; Blog da Condessa\" \/>\n<meta property=\"og:description\" content=\"Investimentos em log\u00edstica garantem escoamento. A proje\u00e7\u00e3o da safra de gr\u00e3os de Mato Grosso 2029\/2030 deve alcan\u00e7ar 146,6 milh\u00f5es de toneladas, um salto de 45,4% em rela\u00e7\u00e3o \u00e0 safra 2022\/2023. A medida deve atender \u00e0 necessidade de produ\u00e7\u00e3o de alimentos no mundo e de biocombust\u00edveis, como o etanol do milho. As informa\u00e7\u00f5es s\u00e3o do Observat\u00f3rio [&hellip;]\" \/>\n<meta property=\"og:url\" content=\"https:\/\/blogdacondessa.com.br\/blog\/agronegocio\/safra-de-graos-de-mt-deve-crescer-45-em-7-anos\/\" \/>\n<meta property=\"og:site_name\" content=\"Blog da Condessa\" \/>\n<meta property=\"article:published_time\" content=\"2023-09-10T09:00:41+00:00\" \/>\n<meta property=\"og:image\" content=\"https:\/\/blogdacondessa.com.br\/blog\/wp-content\/uploads\/2023\/09\/Colheita-scaled.jpg\" \/>\n\t<meta property=\"og:image:width\" content=\"2560\" \/>\n\t<meta property=\"og:image:height\" content=\"1703\" \/>\n\t<meta property=\"og:image:type\" content=\"image\/jpeg\" \/>\n<meta name=\"author\" content=\"Blog da Condessa\" \/>\n<meta name=\"twitter:card\" content=\"summary_large_image\" \/>\n<meta name=\"twitter:label1\" content=\"Escrito por\" \/>\n\t<meta name=\"twitter:data1\" content=\"Blog da Condessa\" \/>\n\t<meta name=\"twitter:label2\" content=\"Est. tempo de leitura\" \/>\n\t<meta name=\"twitter:data2\" content=\"3 minutos\" \/>\n<script type=\"application\/ld+json\" class=\"yoast-schema-graph\">{\"@context\":\"https:\\\/\\\/schema.org\",\"@graph\":[{\"@type\":\"Article\",\"@id\":\"https:\\\/\\\/blogdacondessa.com.br\\\/blog\\\/agronegocio\\\/safra-de-graos-de-mt-deve-crescer-45-em-7-anos\\\/#article\",\"isPartOf\":{\"@id\":\"https:\\\/\\\/blogdacondessa.com.br\\\/blog\\\/agronegocio\\\/safra-de-graos-de-mt-deve-crescer-45-em-7-anos\\\/\"},\"author\":{\"name\":\"Blog da Condessa\",\"@id\":\"https:\\\/\\\/blogdacondessa.com.br\\\/blog\\\/#\\\/schema\\\/person\\\/1d667ff8b785195b568677489d266035\"},\"headline\":\"Safra de gr\u00e3os de MT deve crescer 45% em 7 anos\",\"datePublished\":\"2023-09-10T09:00:41+00:00\",\"mainEntityOfPage\":{\"@id\":\"https:\\\/\\\/blogdacondessa.com.br\\\/blog\\\/agronegocio\\\/safra-de-graos-de-mt-deve-crescer-45-em-7-anos\\\/\"},\"wordCount\":521,\"image\":{\"@id\":\"https:\\\/\\\/blogdacondessa.com.br\\\/blog\\\/agronegocio\\\/safra-de-graos-de-mt-deve-crescer-45-em-7-anos\\\/#primaryimage\"},\"thumbnailUrl\":\"https:\\\/\\\/blogdacondessa.com.br\\\/blog\\\/wp-content\\\/uploads\\\/2023\\\/09\\\/Colheita-scaled.jpg\",\"articleSection\":[\"Agroneg\u00f3cio\"],\"inLanguage\":\"pt-BR\"},{\"@type\":\"WebPage\",\"@id\":\"https:\\\/\\\/blogdacondessa.com.br\\\/blog\\\/agronegocio\\\/safra-de-graos-de-mt-deve-crescer-45-em-7-anos\\\/\",\"url\":\"https:\\\/\\\/blogdacondessa.com.br\\\/blog\\\/agronegocio\\\/safra-de-graos-de-mt-deve-crescer-45-em-7-anos\\\/\",\"name\":\"Safra de gr\u00e3os de MT deve crescer 45% em 7 anos &#8902; Blog da Condessa\",\"isPartOf\":{\"@id\":\"https:\\\/\\\/blogdacondessa.com.br\\\/blog\\\/#website\"},\"primaryImageOfPage\":{\"@id\":\"https:\\\/\\\/blogdacondessa.com.br\\\/blog\\\/agronegocio\\\/safra-de-graos-de-mt-deve-crescer-45-em-7-anos\\\/#primaryimage\"},\"image\":{\"@id\":\"https:\\\/\\\/blogdacondessa.com.br\\\/blog\\\/agronegocio\\\/safra-de-graos-de-mt-deve-crescer-45-em-7-anos\\\/#primaryimage\"},\"thumbnailUrl\":\"https:\\\/\\\/blogdacondessa.com.br\\\/blog\\\/wp-content\\\/uploads\\\/2023\\\/09\\\/Colheita-scaled.jpg\",\"datePublished\":\"2023-09-10T09:00:41+00:00\",\"author\":{\"@id\":\"https:\\\/\\\/blogdacondessa.com.br\\\/blog\\\/#\\\/schema\\\/person\\\/1d667ff8b785195b568677489d266035\"},\"breadcrumb\":{\"@id\":\"https:\\\/\\\/blogdacondessa.com.br\\\/blog\\\/agronegocio\\\/safra-de-graos-de-mt-deve-crescer-45-em-7-anos\\\/#breadcrumb\"},\"inLanguage\":\"pt-BR\",\"potentialAction\":[{\"@type\":\"ReadAction\",\"target\":[\"https:\\\/\\\/blogdacondessa.com.br\\\/blog\\\/agronegocio\\\/safra-de-graos-de-mt-deve-crescer-45-em-7-anos\\\/\"]}]},{\"@type\":\"ImageObject\",\"inLanguage\":\"pt-BR\",\"@id\":\"https:\\\/\\\/blogdacondessa.com.br\\\/blog\\\/agronegocio\\\/safra-de-graos-de-mt-deve-crescer-45-em-7-anos\\\/#primaryimage\",\"url\":\"https:\\\/\\\/blogdacondessa.com.br\\\/blog\\\/wp-content\\\/uploads\\\/2023\\\/09\\\/Colheita-scaled.jpg\",\"contentUrl\":\"https:\\\/\\\/blogdacondessa.com.br\\\/blog\\\/wp-content\\\/uploads\\\/2023\\\/09\\\/Colheita-scaled.jpg\",\"width\":2560,\"height\":1703,\"caption\":\"Foto: Secom\\\/MT\"},{\"@type\":\"BreadcrumbList\",\"@id\":\"https:\\\/\\\/blogdacondessa.com.br\\\/blog\\\/agronegocio\\\/safra-de-graos-de-mt-deve-crescer-45-em-7-anos\\\/#breadcrumb\",\"itemListElement\":[{\"@type\":\"ListItem\",\"position\":1,\"name\":\"In\u00edcio\",\"item\":\"https:\\\/\\\/blogdacondessa.com.br\\\/blog\\\/\"},{\"@type\":\"ListItem\",\"position\":2,\"name\":\"Safra de gr\u00e3os de MT deve crescer 45% em 7 anos\"}]},{\"@type\":\"WebSite\",\"@id\":\"https:\\\/\\\/blogdacondessa.com.br\\\/blog\\\/#website\",\"url\":\"https:\\\/\\\/blogdacondessa.com.br\\\/blog\\\/\",\"name\":\"Blog da Condessa\",\"description\":\"Com Shirley de Souza O\u2019Campos\",\"potentialAction\":[{\"@type\":\"SearchAction\",\"target\":{\"@type\":\"EntryPoint\",\"urlTemplate\":\"https:\\\/\\\/blogdacondessa.com.br\\\/blog\\\/?s={search_term_string}\"},\"query-input\":{\"@type\":\"PropertyValueSpecification\",\"valueRequired\":true,\"valueName\":\"search_term_string\"}}],\"inLanguage\":\"pt-BR\"},{\"@type\":\"Person\",\"@id\":\"https:\\\/\\\/blogdacondessa.com.br\\\/blog\\\/#\\\/schema\\\/person\\\/1d667ff8b785195b568677489d266035\",\"name\":\"Blog da Condessa\",\"image\":{\"@type\":\"ImageObject\",\"inLanguage\":\"pt-BR\",\"@id\":\"https:\\\/\\\/secure.gravatar.com\\\/avatar\\\/377c0eb8b4ad2bfc25461b41564b5971e721ca34a57642868fc7b0c8ac7b52c5?s=96&d=mm&r=g\",\"url\":\"https:\\\/\\\/secure.gravatar.com\\\/avatar\\\/377c0eb8b4ad2bfc25461b41564b5971e721ca34a57642868fc7b0c8ac7b52c5?s=96&d=mm&r=g\",\"contentUrl\":\"https:\\\/\\\/secure.gravatar.com\\\/avatar\\\/377c0eb8b4ad2bfc25461b41564b5971e721ca34a57642868fc7b0c8ac7b52c5?s=96&d=mm&r=g\",\"caption\":\"Blog da Condessa\"},\"url\":\"https:\\\/\\\/blogdacondessa.com.br\\\/blog\\\/author\\\/beatriz\\\/\"}]}<\/script>\n<!-- \/ Yoast SEO plugin. -->","yoast_head_json":{"title":"Safra de gr\u00e3os de MT deve crescer 45% em 7 anos &#8902; Blog da Condessa","robots":{"index":"index","follow":"follow","max-snippet":"max-snippet:-1","max-image-preview":"max-image-preview:large","max-video-preview":"max-video-preview:-1"},"canonical":"https:\/\/blogdacondessa.com.br\/blog\/agronegocio\/safra-de-graos-de-mt-deve-crescer-45-em-7-anos\/","og_locale":"pt_BR","og_type":"article","og_title":"Safra de gr\u00e3os de MT deve crescer 45% em 7 anos &#8902; Blog da Condessa","og_description":"Investimentos em log\u00edstica garantem escoamento. A proje\u00e7\u00e3o da safra de gr\u00e3os de Mato Grosso 2029\/2030 deve alcan\u00e7ar 146,6 milh\u00f5es de toneladas, um salto de 45,4% em rela\u00e7\u00e3o \u00e0 safra 2022\/2023. A medida deve atender \u00e0 necessidade de produ\u00e7\u00e3o de alimentos no mundo e de biocombust\u00edveis, como o etanol do milho. As informa\u00e7\u00f5es s\u00e3o do Observat\u00f3rio [&hellip;]","og_url":"https:\/\/blogdacondessa.com.br\/blog\/agronegocio\/safra-de-graos-de-mt-deve-crescer-45-em-7-anos\/","og_site_name":"Blog da Condessa","article_published_time":"2023-09-10T09:00:41+00:00","og_image":[{"width":2560,"height":1703,"url":"https:\/\/blogdacondessa.com.br\/blog\/wp-content\/uploads\/2023\/09\/Colheita-scaled.jpg","type":"image\/jpeg"}],"author":"Blog da Condessa","twitter_card":"summary_large_image","twitter_misc":{"Escrito por":"Blog da Condessa","Est. tempo de leitura":"3 minutos"},"schema":{"@context":"https:\/\/schema.org","@graph":[{"@type":"Article","@id":"https:\/\/blogdacondessa.com.br\/blog\/agronegocio\/safra-de-graos-de-mt-deve-crescer-45-em-7-anos\/#article","isPartOf":{"@id":"https:\/\/blogdacondessa.com.br\/blog\/agronegocio\/safra-de-graos-de-mt-deve-crescer-45-em-7-anos\/"},"author":{"name":"Blog da Condessa","@id":"https:\/\/blogdacondessa.com.br\/blog\/#\/schema\/person\/1d667ff8b785195b568677489d266035"},"headline":"Safra de gr\u00e3os de MT deve crescer 45% em 7 anos","datePublished":"2023-09-10T09:00:41+00:00","mainEntityOfPage":{"@id":"https:\/\/blogdacondessa.com.br\/blog\/agronegocio\/safra-de-graos-de-mt-deve-crescer-45-em-7-anos\/"},"wordCount":521,"image":{"@id":"https:\/\/blogdacondessa.com.br\/blog\/agronegocio\/safra-de-graos-de-mt-deve-crescer-45-em-7-anos\/#primaryimage"},"thumbnailUrl":"https:\/\/blogdacondessa.com.br\/blog\/wp-content\/uploads\/2023\/09\/Colheita-scaled.jpg","articleSection":["Agroneg\u00f3cio"],"inLanguage":"pt-BR"},{"@type":"WebPage","@id":"https:\/\/blogdacondessa.com.br\/blog\/agronegocio\/safra-de-graos-de-mt-deve-crescer-45-em-7-anos\/","url":"https:\/\/blogdacondessa.com.br\/blog\/agronegocio\/safra-de-graos-de-mt-deve-crescer-45-em-7-anos\/","name":"Safra de gr\u00e3os de MT deve crescer 45% em 7 anos &#8902; Blog da Condessa","isPartOf":{"@id":"https:\/\/blogdacondessa.com.br\/blog\/#website"},"primaryImageOfPage":{"@id":"https:\/\/blogdacondessa.com.br\/blog\/agronegocio\/safra-de-graos-de-mt-deve-crescer-45-em-7-anos\/#primaryimage"},"image":{"@id":"https:\/\/blogdacondessa.com.br\/blog\/agronegocio\/safra-de-graos-de-mt-deve-crescer-45-em-7-anos\/#primaryimage"},"thumbnailUrl":"https:\/\/blogdacondessa.com.br\/blog\/wp-content\/uploads\/2023\/09\/Colheita-scaled.jpg","datePublished":"2023-09-10T09:00:41+00:00","author":{"@id":"https:\/\/blogdacondessa.com.br\/blog\/#\/schema\/person\/1d667ff8b785195b568677489d266035"},"breadcrumb":{"@id":"https:\/\/blogdacondessa.com.br\/blog\/agronegocio\/safra-de-graos-de-mt-deve-crescer-45-em-7-anos\/#breadcrumb"},"inLanguage":"pt-BR","potentialAction":[{"@type":"ReadAction","target":["https:\/\/blogdacondessa.com.br\/blog\/agronegocio\/safra-de-graos-de-mt-deve-crescer-45-em-7-anos\/"]}]},{"@type":"ImageObject","inLanguage":"pt-BR","@id":"https:\/\/blogdacondessa.com.br\/blog\/agronegocio\/safra-de-graos-de-mt-deve-crescer-45-em-7-anos\/#primaryimage","url":"https:\/\/blogdacondessa.com.br\/blog\/wp-content\/uploads\/2023\/09\/Colheita-scaled.jpg","contentUrl":"https:\/\/blogdacondessa.com.br\/blog\/wp-content\/uploads\/2023\/09\/Colheita-scaled.jpg","width":2560,"height":1703,"caption":"Foto: Secom\/MT"},{"@type":"BreadcrumbList","@id":"https:\/\/blogdacondessa.com.br\/blog\/agronegocio\/safra-de-graos-de-mt-deve-crescer-45-em-7-anos\/#breadcrumb","itemListElement":[{"@type":"ListItem","position":1,"name":"In\u00edcio","item":"https:\/\/blogdacondessa.com.br\/blog\/"},{"@type":"ListItem","position":2,"name":"Safra de gr\u00e3os de MT deve crescer 45% em 7 anos"}]},{"@type":"WebSite","@id":"https:\/\/blogdacondessa.com.br\/blog\/#website","url":"https:\/\/blogdacondessa.com.br\/blog\/","name":"Blog da Condessa","description":"Com Shirley de Souza O\u2019Campos","potentialAction":[{"@type":"SearchAction","target":{"@type":"EntryPoint","urlTemplate":"https:\/\/blogdacondessa.com.br\/blog\/?s={search_term_string}"},"query-input":{"@type":"PropertyValueSpecification","valueRequired":true,"valueName":"search_term_string"}}],"inLanguage":"pt-BR"},{"@type":"Person","@id":"https:\/\/blogdacondessa.com.br\/blog\/#\/schema\/person\/1d667ff8b785195b568677489d266035","name":"Blog da Condessa","image":{"@type":"ImageObject","inLanguage":"pt-BR","@id":"https:\/\/secure.gravatar.com\/avatar\/377c0eb8b4ad2bfc25461b41564b5971e721ca34a57642868fc7b0c8ac7b52c5?s=96&d=mm&r=g","url":"https:\/\/secure.gravatar.com\/avatar\/377c0eb8b4ad2bfc25461b41564b5971e721ca34a57642868fc7b0c8ac7b52c5?s=96&d=mm&r=g","contentUrl":"https:\/\/secure.gravatar.com\/avatar\/377c0eb8b4ad2bfc25461b41564b5971e721ca34a57642868fc7b0c8ac7b52c5?s=96&d=mm&r=g","caption":"Blog da Condessa"},"url":"https:\/\/blogdacondessa.com.br\/blog\/author\/beatriz\/"}]}},"_links":{"self":[{"href":"https:\/\/blogdacondessa.com.br\/blog\/wp-json\/wp\/v2\/posts\/8013","targetHints":{"allow":["GET"]}}],"collection":[{"href":"https:\/\/blogdacondessa.com.br\/blog\/wp-json\/wp\/v2\/posts"}],"about":[{"href":"https:\/\/blogdacondessa.com.br\/blog\/wp-json\/wp\/v2\/types\/post"}],"author":[{"embeddable":true,"href":"https:\/\/blogdacondessa.com.br\/blog\/wp-json\/wp\/v2\/users\/2"}],"replies":[{"embeddable":true,"href":"https:\/\/blogdacondessa.com.br\/blog\/wp-json\/wp\/v2\/comments?post=8013"}],"version-history":[{"count":0,"href":"https:\/\/blogdacondessa.com.br\/blog\/wp-json\/wp\/v2\/posts\/8013\/revisions"}],"wp:featuredmedia":[{"embeddable":true,"href":"https:\/\/blogdacondessa.com.br\/blog\/wp-json\/wp\/v2\/media\/8014"}],"wp:attachment":[{"href":"https:\/\/blogdacondessa.com.br\/blog\/wp-json\/wp\/v2\/media?parent=8013"}],"wp:term":[{"taxonomy":"category","embeddable":true,"href":"https:\/\/blogdacondessa.com.br\/blog\/wp-json\/wp\/v2\/categories?post=8013"},{"taxonomy":"post_tag","embeddable":true,"href":"https:\/\/blogdacondessa.com.br\/blog\/wp-json\/wp\/v2\/tags?post=8013"}],"curies":[{"name":"wp","href":"https:\/\/api.w.org\/{rel}","templated":true}]}}