{"id":7994,"date":"2023-09-07T05:00:37","date_gmt":"2023-09-07T09:00:37","guid":{"rendered":"http:\/\/blogdacondessa.com.br\/?p=7994"},"modified":"2023-09-06T17:09:58","modified_gmt":"2023-09-06T21:09:58","slug":"deputada-sheila-klener-concede-titulos-e-mocao-de-aplausos-a-personalidades-de-mato-grosso","status":"publish","type":"post","link":"https:\/\/blogdacondessa.com.br\/blog\/politica\/deputada-sheila-klener-concede-titulos-e-mocao-de-aplausos-a-personalidades-de-mato-grosso\/","title":{"rendered":"Deputada Sheila Klener concede t\u00edtulos e mo\u00e7\u00e3o de aplausos a personalidades de Mato Grosso"},"content":{"rendered":"<p>A Assembleia Legislativa do Estado de Mato Grosso (ALMT) realizou, na noite de ter\u00e7a-feira (05), sess\u00e3o solene para entrega de t\u00edtulos de cidad\u00e3o mato-grossense e mo\u00e7\u00f5es de aplausos por iniciativa da deputada Sheila Klener. Foram entregues 3 t\u00edtulos e 100 homenagens pelo protagonismo e contribui\u00e7\u00e3o para o desenvolvimento do estado, nas mais diversas \u00e1reas de atua\u00e7\u00e3o, como Educa\u00e7\u00e3o, Meio Ambiente, Servi\u00e7o P\u00fablico, Comunica\u00e7\u00e3o e Pol\u00edtica.<\/p>\n<p>&#8220;Este plen\u00e1rio hoje est\u00e1\u00a0 lotado de mato-grossenses importantes para mim e para o estado e eu estou imensamente honrada de ter todos aqui. Minha jornada nesta casa foi muito r\u00e1pida, de apenas 30 dias, mas muito intensa. E hoje, essa sess\u00e3o \u00e9 um carinho a todos que, de alguma forma, me inspiram, pessoas que admiro e que contribuiram pra que eu pudesse estar aqui&#8221;, comentou a parlamentar.<\/p>\n<p>O pai da deputada, Gerson Rodrigues de Souza, recebeu das m\u00e3os da filha e de seu filho, o vereador por Jaciara, Charles Fernando Jorge de Souza, o t\u00edtulo de cidad\u00e3o mato-grossense. Nascido em Auril\u00e2ndia (GO), Seo Gerson tem um longo hist\u00f3rico de trabalho em prol do Vale do S\u00e3o Louren\u00e7o, atuando principalmente em associa\u00e7\u00f5es comunit\u00e1rias e em conselhos de Seguran\u00e7a e Sa\u00fade.<\/p>\n<p>A pedagoga e servidora p\u00fablica aposentada Regina Helena Gaspar N\u00f3brega, natural de Muzambinho (MG), tamb\u00e9m recebeu o t\u00edtulo de cidad\u00e3, reconhecendo sua dedica\u00e7\u00e3o \u00e0 Educa\u00e7\u00e3o de Barra do Bugres e regi\u00e3o.\u00a0 Al\u00e9m disso, em reconhecimento \u00e0 sua atua\u00e7\u00e3o em defesa do meio ambiente, a engenheira, professora universit\u00e1ria e servidora da Secretaria de Estado de Meio Ambiente (Sema-MT), Helen Farias Ferreira, tamb\u00e9m recebeu a honraria de cidad\u00e3 mato-grossense.<\/p>\n<p>Emocionada, uma das homenageadas da noite, a secret\u00e1ria de estado de Meio Ambiente, Mauren Lazzaretti, destacou a relev\u00e2ncia de ter mais mulheres em cargos de poder. Ela agradeceu \u00e0 deputada por ter dado espa\u00e7o durante o seu mandato para a agenda ambiental.<\/p>\n<p>&#8220;Me sinto plenamente representada pela deputada Sheila e quero agradecer pela contribui\u00e7\u00e3o de anos, como servidora p\u00fablica, para o desenvolvimento desse estado. Seu mandato deu destaque \u00e0s nossas pautas e est\u00e1 ajudando a mudarmos a percep\u00e7\u00e3o que parte da sociedade ainda tem de que o \u00f3rg\u00e3o ambiental \u00e9 &#8216;atrapalhador&#8217;. \u00c9\u00a0 poss\u00edvel crescer com responsabilidade ambiental, e trabalhamos todos os dias para isso&#8221;, pontuou a secret\u00e1ria.<\/p>\n<p>O presidente da Federa\u00e7\u00e3o Brasileira de Ge\u00f3logos (Febrageo), Caiubi Khun, que tamb\u00e9m foi um dos homenageados,\u00a0 elogiou a atua\u00e7\u00e3o da deputada pela valoriza\u00e7\u00e3o dos profissionais ge\u00f3logos e pelas diversas pautas importantes que a parlamentar trouxe para a ALMT.<\/p>\n<p>&#8220;Esse trabalho que a Sheila fez aqui nesse tempo \u00e9\u00a0 um trabalho incr\u00edvel, que realmente fez e est\u00e1 fazendo diferen\u00e7a. E isso serve para todos n\u00f3s refletirmos sobre a import\u00e2ncia de termos representa\u00e7\u00f5es fortes e sobre a import\u00e2ncia de a gente mudar a pol\u00edtica, por meio da inser\u00e7\u00e3o de pessoas novas e de pessoas comprometidas com o coletivo&#8221;, afirmou o ge\u00f3logo.<\/p>\n<p>*Confira os homenageados:*<\/p>\n<p>*T\u00edtulos de Cidad\u00e3o Mato-grossense:*<\/p>\n<p>Gerson Rodrigues de Souza<\/p>\n<p>H\u00e9len Farias Ferreira<\/p>\n<p>Regina Helena Gaspar N\u00f3brega<\/p>\n<p><strong>*Mo\u00e7\u00e3o de Aplausos:*<\/strong><\/p>\n<p>Adelisa Arruda Siqueira<\/p>\n<p>Adnen Rajab<\/p>\n<p>Adriana Edna Duarte Soares Leite<\/p>\n<p>Alain Stephane Riviere<\/p>\n<p>Aldeniza Rocha Ven\u00e2ncio<\/p>\n<p>Alessandra Panizzi Souza<\/p>\n<p>Amoss Melo de Oliveira<\/p>\n<p>Ana Julieta Maciel Coutinho de Souza<\/p>\n<p>Andr\u00e9 Luiz da Silva Molina<\/p>\n<p>Ant\u00f4nio Ricardo Neves Lima<\/p>\n<p>Araidian Pinheiro Ramos<\/p>\n<p>Caiubi Emanuel Souza Kuhn<\/p>\n<p>Carlos C\u00e9sar Nadaf<\/p>\n<p>Carlos Jos\u00e9 Fernandes<\/p>\n<p>Celso Ferreira Gomes<\/p>\n<p>Charles Fernando Jorge de Souza<\/p>\n<p>Corn\u00e9lio Cassimiro de Souza<\/p>\n<p>Cristina Silva Batista Fran\u00e7a Auad<\/p>\n<p>Danielle de Assis Carvalho<\/p>\n<p>Danton Caporossi<\/p>\n<p>D\u00e9bora Cristina Tavares<\/p>\n<p>Dinilce Corr\u00eaa da Costa<\/p>\n<p>Edmo Wellington Lima de Souza<\/p>\n<p>Edney Regina Silva<\/p>\n<p>Eliana Beatriz Nunes Rondon Lima<\/p>\n<p>Eliane Cintra Cunha<\/p>\n<p>Elina Maria Figueiredo Araujo<\/p>\n<p>Eneide Ferreira Mendes<\/p>\n<p>Enil Francisca Almeida<\/p>\n<p>Eurides Gomes de Souza<\/p>\n<p>Ezaltino Manoel Metelo<\/p>\n<p>F\u00e1bio Adriano Taetti Konzen<\/p>\n<p>Felipe Campos Tokashiki<\/p>\n<p>Fillipe Figueiredo Kestring<\/p>\n<p>Francisco Eg\u00eddio Pinho<\/p>\n<p>Frederico Diniz Dantas<\/p>\n<p>Gabriel Vitoreli de Oliveira<\/p>\n<p>Germano Gomes Passo Junior<\/p>\n<p>Gerson Alves de Arruda<\/p>\n<p>Gilson Gomes Cambuim<\/p>\n<p>Graziela Concei\u00e7\u00e3o da Silva<\/p>\n<p>Gustavo Pinto Coelho de Oliveira<\/p>\n<p>Hellen Christina Celestina dos Santos Moraes<\/p>\n<p>Jannira Laranjeira Siqueira Campos Moura<\/p>\n<p>Jeronimo Couto Campos<\/p>\n<p>Jo\u00e3o Ribeiro da Costa<\/p>\n<p>Jocy Gon\u00e7alo de Arruda<\/p>\n<p>Jonas Gimenez Rodrigues<\/p>\n<p>Jonilto Gomes Pereira<\/p>\n<p>Jos\u00e9 Elias Antunes Neto<\/p>\n<p>Jos\u00e9 L\u00facio do Amaral<\/p>\n<p>Jos\u00e9 Maria Gorj\u00e3o da Luz<\/p>\n<p>Jos\u00e9 Seixas da Silva<\/p>\n<p>J\u00falio C\u00e9sar De Pinheiro Arrais<\/p>\n<p>Kelfrank Ferreira da Silva<\/p>\n<p>Larissa Alves Bert\u00e9 Barbosa<\/p>\n<p>Lilian Ferreira dos Santos<\/p>\n<p>Liliane Murata Costa<\/p>\n<p>Lourival Alves Folha<\/p>\n<p>Luiz Henrique Magalh\u00e3es Noquelli<\/p>\n<p>M\u00e1rcio Correia de Amorim<\/p>\n<p>Marcos Augusto Costa Maciel<\/p>\n<p>Maria Aparecida do Nascimento<\/p>\n<p>Maria Concei\u00e7\u00e3o Ferreira de Lara<\/p>\n<p>Maria Domingos da Silva<\/p>\n<p>Maria Jos\u00e9 Noquelli<\/p>\n<p>Maria Z\u00e9lia Aguiar de Sousa<\/p>\n<p>Maristela Carneiro<\/p>\n<p>Marli Martins Gon\u00e7alves da Luz<\/p>\n<p>Mauren Lazzaretti<\/p>\n<p>Miranir Janu\u00e1rio Gil de Oliveira<\/p>\n<p>M\u00f4nica Camolezi dos Santos Melo<\/p>\n<p>N\u00e1dia Mar\u00edlia Pinheiro Ramos<\/p>\n<p>Nilma Piedade da Silva Taques<\/p>\n<p>Oracilda Pinheiro da Mata e Silva<\/p>\n<p>Oriane Darc Vit\u00f3rio<\/p>\n<p>Railda Assis dos Santos<\/p>\n<p>Regiane Berchielli<\/p>\n<p>Rejane Pasquali<\/p>\n<p>Renato Antunes da Silveira Neto<\/p>\n<p>Rita de C\u00e1ssia Gon\u00e7alves Fiori<\/p>\n<p>Roberto Cavalcante Batista<\/p>\n<p>Roberto Nunes Rondon<\/p>\n<p>Salatiel da Silva<\/p>\n<p>Sander Fernandes<\/p>\n<p>Sandra da Silva Barbosa<\/p>\n<p>Serafim Carvalho de Melo<\/p>\n<p>S\u00e9rgio Batista Figueiredo<\/p>\n<p>Sidnei Rafael de Souza<\/p>\n<p>Silas Vicente Barbosa Junior<\/p>\n<p>Sinvaldo Gomes de Morais<\/p>\n<p>Solange F\u00e1tima de Oliveira Cruz<\/p>\n<p>Solange Soares de Faria Brand\u00e3o<\/p>\n<p>Terezinha Cintra Paes de Barros<\/p>\n<p>Terezinha Rodrigues da Silva<\/p>\n<p>Thiago Tadeu Nascimento Queiroz<\/p>\n<p>Valdinei Val\u00e9rio da Silva<\/p>\n<p>V\u00e2nia M\u00e1rcia Montalv\u00e3o Guedes C\u00e9sar<\/p>\n<p>Vera L\u00facia Cintra Zago<\/p>\n<p>Vera Lucia Noriko Kuroyanagi<\/p>\n<p>Wagner Lopes Gheler<\/p>\n<p>Zilma de Ara\u00fajo Est\u00e1cio<\/p>\n","protected":false},"excerpt":{"rendered":"<p>A Assembleia Legislativa do Estado de Mato Grosso (ALMT) realizou, na noite de ter\u00e7a-feira (05), sess\u00e3o solene para entrega de t\u00edtulos de cidad\u00e3o mato-grossense e mo\u00e7\u00f5es de aplausos por iniciativa da deputada Sheila Klener. Foram entregues 3 t\u00edtulos e 100 homenagens pelo protagonismo e contribui\u00e7\u00e3o para o desenvolvimento do estado, nas mais diversas \u00e1reas de [&hellip;]<\/p>\n","protected":false},"author":2,"featured_media":7995,"comment_status":"closed","ping_status":"closed","sticky":false,"template":"","format":"standard","meta":{"iawp_total_views":22,"footnotes":""},"categories":[10],"tags":[],"class_list":["post-7994","post","type-post","status-publish","format-standard","has-post-thumbnail","hentry","category-politica"],"yoast_head":"<!-- This site is optimized with the Yoast SEO plugin v27.3 - https:\/\/yoast.com\/product\/yoast-seo-wordpress\/ -->\n<title>Deputada Sheila Klener concede t\u00edtulos e mo\u00e7\u00e3o de aplausos a personalidades de Mato Grosso &#8902; Blog da Condessa<\/title>\n<meta name=\"robots\" content=\"index, follow, max-snippet:-1, max-image-preview:large, max-video-preview:-1\" \/>\n<link rel=\"canonical\" href=\"https:\/\/blogdacondessa.com.br\/blog\/politica\/deputada-sheila-klener-concede-titulos-e-mocao-de-aplausos-a-personalidades-de-mato-grosso\/\" \/>\n<meta property=\"og:locale\" content=\"pt_BR\" \/>\n<meta property=\"og:type\" content=\"article\" \/>\n<meta property=\"og:title\" content=\"Deputada Sheila Klener concede t\u00edtulos e mo\u00e7\u00e3o de aplausos a personalidades de Mato Grosso &#8902; Blog da Condessa\" \/>\n<meta property=\"og:description\" content=\"A Assembleia Legislativa do Estado de Mato Grosso (ALMT) realizou, na noite de ter\u00e7a-feira (05), sess\u00e3o solene para entrega de t\u00edtulos de cidad\u00e3o mato-grossense e mo\u00e7\u00f5es de aplausos por iniciativa da deputada Sheila Klener. Foram entregues 3 t\u00edtulos e 100 homenagens pelo protagonismo e contribui\u00e7\u00e3o para o desenvolvimento do estado, nas mais diversas \u00e1reas de [&hellip;]\" \/>\n<meta property=\"og:url\" content=\"https:\/\/blogdacondessa.com.br\/blog\/politica\/deputada-sheila-klener-concede-titulos-e-mocao-de-aplausos-a-personalidades-de-mato-grosso\/\" \/>\n<meta property=\"og:site_name\" content=\"Blog da Condessa\" \/>\n<meta property=\"article:published_time\" content=\"2023-09-07T09:00:37+00:00\" \/>\n<meta property=\"og:image\" content=\"https:\/\/blogdacondessa.com.br\/blog\/wp-content\/uploads\/2023\/09\/dep-sheila.jpg\" \/>\n\t<meta property=\"og:image:width\" content=\"1280\" \/>\n\t<meta property=\"og:image:height\" content=\"853\" \/>\n\t<meta property=\"og:image:type\" content=\"image\/jpeg\" \/>\n<meta name=\"author\" content=\"Blog da Condessa\" \/>\n<meta name=\"twitter:card\" content=\"summary_large_image\" \/>\n<meta name=\"twitter:label1\" content=\"Escrito por\" \/>\n\t<meta name=\"twitter:data1\" content=\"Blog da Condessa\" \/>\n\t<meta name=\"twitter:label2\" content=\"Est. tempo de leitura\" \/>\n\t<meta name=\"twitter:data2\" content=\"5 minutos\" \/>\n<script type=\"application\/ld+json\" class=\"yoast-schema-graph\">{\"@context\":\"https:\\\/\\\/schema.org\",\"@graph\":[{\"@type\":\"Article\",\"@id\":\"https:\\\/\\\/blogdacondessa.com.br\\\/blog\\\/politica\\\/deputada-sheila-klener-concede-titulos-e-mocao-de-aplausos-a-personalidades-de-mato-grosso\\\/#article\",\"isPartOf\":{\"@id\":\"https:\\\/\\\/blogdacondessa.com.br\\\/blog\\\/politica\\\/deputada-sheila-klener-concede-titulos-e-mocao-de-aplausos-a-personalidades-de-mato-grosso\\\/\"},\"author\":{\"name\":\"Blog da Condessa\",\"@id\":\"https:\\\/\\\/blogdacondessa.com.br\\\/blog\\\/#\\\/schema\\\/person\\\/1d667ff8b785195b568677489d266035\"},\"headline\":\"Deputada Sheila Klener concede t\u00edtulos e mo\u00e7\u00e3o de aplausos a personalidades de Mato Grosso\",\"datePublished\":\"2023-09-07T09:00:37+00:00\",\"mainEntityOfPage\":{\"@id\":\"https:\\\/\\\/blogdacondessa.com.br\\\/blog\\\/politica\\\/deputada-sheila-klener-concede-titulos-e-mocao-de-aplausos-a-personalidades-de-mato-grosso\\\/\"},\"wordCount\":990,\"image\":{\"@id\":\"https:\\\/\\\/blogdacondessa.com.br\\\/blog\\\/politica\\\/deputada-sheila-klener-concede-titulos-e-mocao-de-aplausos-a-personalidades-de-mato-grosso\\\/#primaryimage\"},\"thumbnailUrl\":\"https:\\\/\\\/blogdacondessa.com.br\\\/blog\\\/wp-content\\\/uploads\\\/2023\\\/09\\\/dep-sheila.jpg\",\"articleSection\":[\"Pol\u00edtica\"],\"inLanguage\":\"pt-BR\"},{\"@type\":\"WebPage\",\"@id\":\"https:\\\/\\\/blogdacondessa.com.br\\\/blog\\\/politica\\\/deputada-sheila-klener-concede-titulos-e-mocao-de-aplausos-a-personalidades-de-mato-grosso\\\/\",\"url\":\"https:\\\/\\\/blogdacondessa.com.br\\\/blog\\\/politica\\\/deputada-sheila-klener-concede-titulos-e-mocao-de-aplausos-a-personalidades-de-mato-grosso\\\/\",\"name\":\"Deputada Sheila Klener concede t\u00edtulos e mo\u00e7\u00e3o de aplausos a personalidades de Mato Grosso &#8902; Blog da Condessa\",\"isPartOf\":{\"@id\":\"https:\\\/\\\/blogdacondessa.com.br\\\/blog\\\/#website\"},\"primaryImageOfPage\":{\"@id\":\"https:\\\/\\\/blogdacondessa.com.br\\\/blog\\\/politica\\\/deputada-sheila-klener-concede-titulos-e-mocao-de-aplausos-a-personalidades-de-mato-grosso\\\/#primaryimage\"},\"image\":{\"@id\":\"https:\\\/\\\/blogdacondessa.com.br\\\/blog\\\/politica\\\/deputada-sheila-klener-concede-titulos-e-mocao-de-aplausos-a-personalidades-de-mato-grosso\\\/#primaryimage\"},\"thumbnailUrl\":\"https:\\\/\\\/blogdacondessa.com.br\\\/blog\\\/wp-content\\\/uploads\\\/2023\\\/09\\\/dep-sheila.jpg\",\"datePublished\":\"2023-09-07T09:00:37+00:00\",\"author\":{\"@id\":\"https:\\\/\\\/blogdacondessa.com.br\\\/blog\\\/#\\\/schema\\\/person\\\/1d667ff8b785195b568677489d266035\"},\"breadcrumb\":{\"@id\":\"https:\\\/\\\/blogdacondessa.com.br\\\/blog\\\/politica\\\/deputada-sheila-klener-concede-titulos-e-mocao-de-aplausos-a-personalidades-de-mato-grosso\\\/#breadcrumb\"},\"inLanguage\":\"pt-BR\",\"potentialAction\":[{\"@type\":\"ReadAction\",\"target\":[\"https:\\\/\\\/blogdacondessa.com.br\\\/blog\\\/politica\\\/deputada-sheila-klener-concede-titulos-e-mocao-de-aplausos-a-personalidades-de-mato-grosso\\\/\"]}]},{\"@type\":\"ImageObject\",\"inLanguage\":\"pt-BR\",\"@id\":\"https:\\\/\\\/blogdacondessa.com.br\\\/blog\\\/politica\\\/deputada-sheila-klener-concede-titulos-e-mocao-de-aplausos-a-personalidades-de-mato-grosso\\\/#primaryimage\",\"url\":\"https:\\\/\\\/blogdacondessa.com.br\\\/blog\\\/wp-content\\\/uploads\\\/2023\\\/09\\\/dep-sheila.jpg\",\"contentUrl\":\"https:\\\/\\\/blogdacondessa.com.br\\\/blog\\\/wp-content\\\/uploads\\\/2023\\\/09\\\/dep-sheila.jpg\",\"width\":1280,\"height\":853},{\"@type\":\"BreadcrumbList\",\"@id\":\"https:\\\/\\\/blogdacondessa.com.br\\\/blog\\\/politica\\\/deputada-sheila-klener-concede-titulos-e-mocao-de-aplausos-a-personalidades-de-mato-grosso\\\/#breadcrumb\",\"itemListElement\":[{\"@type\":\"ListItem\",\"position\":1,\"name\":\"In\u00edcio\",\"item\":\"https:\\\/\\\/blogdacondessa.com.br\\\/blog\\\/\"},{\"@type\":\"ListItem\",\"position\":2,\"name\":\"Deputada Sheila Klener concede t\u00edtulos e mo\u00e7\u00e3o de aplausos a personalidades de Mato Grosso\"}]},{\"@type\":\"WebSite\",\"@id\":\"https:\\\/\\\/blogdacondessa.com.br\\\/blog\\\/#website\",\"url\":\"https:\\\/\\\/blogdacondessa.com.br\\\/blog\\\/\",\"name\":\"Blog da Condessa\",\"description\":\"Com Shirley de Souza O\u2019Campos\",\"potentialAction\":[{\"@type\":\"SearchAction\",\"target\":{\"@type\":\"EntryPoint\",\"urlTemplate\":\"https:\\\/\\\/blogdacondessa.com.br\\\/blog\\\/?s={search_term_string}\"},\"query-input\":{\"@type\":\"PropertyValueSpecification\",\"valueRequired\":true,\"valueName\":\"search_term_string\"}}],\"inLanguage\":\"pt-BR\"},{\"@type\":\"Person\",\"@id\":\"https:\\\/\\\/blogdacondessa.com.br\\\/blog\\\/#\\\/schema\\\/person\\\/1d667ff8b785195b568677489d266035\",\"name\":\"Blog da Condessa\",\"image\":{\"@type\":\"ImageObject\",\"inLanguage\":\"pt-BR\",\"@id\":\"https:\\\/\\\/secure.gravatar.com\\\/avatar\\\/377c0eb8b4ad2bfc25461b41564b5971e721ca34a57642868fc7b0c8ac7b52c5?s=96&d=mm&r=g\",\"url\":\"https:\\\/\\\/secure.gravatar.com\\\/avatar\\\/377c0eb8b4ad2bfc25461b41564b5971e721ca34a57642868fc7b0c8ac7b52c5?s=96&d=mm&r=g\",\"contentUrl\":\"https:\\\/\\\/secure.gravatar.com\\\/avatar\\\/377c0eb8b4ad2bfc25461b41564b5971e721ca34a57642868fc7b0c8ac7b52c5?s=96&d=mm&r=g\",\"caption\":\"Blog da Condessa\"},\"url\":\"https:\\\/\\\/blogdacondessa.com.br\\\/blog\\\/author\\\/beatriz\\\/\"}]}<\/script>\n<!-- \/ Yoast SEO plugin. -->","yoast_head_json":{"title":"Deputada Sheila Klener concede t\u00edtulos e mo\u00e7\u00e3o de aplausos a personalidades de Mato Grosso &#8902; Blog da Condessa","robots":{"index":"index","follow":"follow","max-snippet":"max-snippet:-1","max-image-preview":"max-image-preview:large","max-video-preview":"max-video-preview:-1"},"canonical":"https:\/\/blogdacondessa.com.br\/blog\/politica\/deputada-sheila-klener-concede-titulos-e-mocao-de-aplausos-a-personalidades-de-mato-grosso\/","og_locale":"pt_BR","og_type":"article","og_title":"Deputada Sheila Klener concede t\u00edtulos e mo\u00e7\u00e3o de aplausos a personalidades de Mato Grosso &#8902; Blog da Condessa","og_description":"A Assembleia Legislativa do Estado de Mato Grosso (ALMT) realizou, na noite de ter\u00e7a-feira (05), sess\u00e3o solene para entrega de t\u00edtulos de cidad\u00e3o mato-grossense e mo\u00e7\u00f5es de aplausos por iniciativa da deputada Sheila Klener. Foram entregues 3 t\u00edtulos e 100 homenagens pelo protagonismo e contribui\u00e7\u00e3o para o desenvolvimento do estado, nas mais diversas \u00e1reas de [&hellip;]","og_url":"https:\/\/blogdacondessa.com.br\/blog\/politica\/deputada-sheila-klener-concede-titulos-e-mocao-de-aplausos-a-personalidades-de-mato-grosso\/","og_site_name":"Blog da Condessa","article_published_time":"2023-09-07T09:00:37+00:00","og_image":[{"width":1280,"height":853,"url":"https:\/\/blogdacondessa.com.br\/blog\/wp-content\/uploads\/2023\/09\/dep-sheila.jpg","type":"image\/jpeg"}],"author":"Blog da Condessa","twitter_card":"summary_large_image","twitter_misc":{"Escrito por":"Blog da Condessa","Est. tempo de leitura":"5 minutos"},"schema":{"@context":"https:\/\/schema.org","@graph":[{"@type":"Article","@id":"https:\/\/blogdacondessa.com.br\/blog\/politica\/deputada-sheila-klener-concede-titulos-e-mocao-de-aplausos-a-personalidades-de-mato-grosso\/#article","isPartOf":{"@id":"https:\/\/blogdacondessa.com.br\/blog\/politica\/deputada-sheila-klener-concede-titulos-e-mocao-de-aplausos-a-personalidades-de-mato-grosso\/"},"author":{"name":"Blog da Condessa","@id":"https:\/\/blogdacondessa.com.br\/blog\/#\/schema\/person\/1d667ff8b785195b568677489d266035"},"headline":"Deputada Sheila Klener concede t\u00edtulos e mo\u00e7\u00e3o de aplausos a personalidades de Mato Grosso","datePublished":"2023-09-07T09:00:37+00:00","mainEntityOfPage":{"@id":"https:\/\/blogdacondessa.com.br\/blog\/politica\/deputada-sheila-klener-concede-titulos-e-mocao-de-aplausos-a-personalidades-de-mato-grosso\/"},"wordCount":990,"image":{"@id":"https:\/\/blogdacondessa.com.br\/blog\/politica\/deputada-sheila-klener-concede-titulos-e-mocao-de-aplausos-a-personalidades-de-mato-grosso\/#primaryimage"},"thumbnailUrl":"https:\/\/blogdacondessa.com.br\/blog\/wp-content\/uploads\/2023\/09\/dep-sheila.jpg","articleSection":["Pol\u00edtica"],"inLanguage":"pt-BR"},{"@type":"WebPage","@id":"https:\/\/blogdacondessa.com.br\/blog\/politica\/deputada-sheila-klener-concede-titulos-e-mocao-de-aplausos-a-personalidades-de-mato-grosso\/","url":"https:\/\/blogdacondessa.com.br\/blog\/politica\/deputada-sheila-klener-concede-titulos-e-mocao-de-aplausos-a-personalidades-de-mato-grosso\/","name":"Deputada Sheila Klener concede t\u00edtulos e mo\u00e7\u00e3o de aplausos a personalidades de Mato Grosso &#8902; Blog da Condessa","isPartOf":{"@id":"https:\/\/blogdacondessa.com.br\/blog\/#website"},"primaryImageOfPage":{"@id":"https:\/\/blogdacondessa.com.br\/blog\/politica\/deputada-sheila-klener-concede-titulos-e-mocao-de-aplausos-a-personalidades-de-mato-grosso\/#primaryimage"},"image":{"@id":"https:\/\/blogdacondessa.com.br\/blog\/politica\/deputada-sheila-klener-concede-titulos-e-mocao-de-aplausos-a-personalidades-de-mato-grosso\/#primaryimage"},"thumbnailUrl":"https:\/\/blogdacondessa.com.br\/blog\/wp-content\/uploads\/2023\/09\/dep-sheila.jpg","datePublished":"2023-09-07T09:00:37+00:00","author":{"@id":"https:\/\/blogdacondessa.com.br\/blog\/#\/schema\/person\/1d667ff8b785195b568677489d266035"},"breadcrumb":{"@id":"https:\/\/blogdacondessa.com.br\/blog\/politica\/deputada-sheila-klener-concede-titulos-e-mocao-de-aplausos-a-personalidades-de-mato-grosso\/#breadcrumb"},"inLanguage":"pt-BR","potentialAction":[{"@type":"ReadAction","target":["https:\/\/blogdacondessa.com.br\/blog\/politica\/deputada-sheila-klener-concede-titulos-e-mocao-de-aplausos-a-personalidades-de-mato-grosso\/"]}]},{"@type":"ImageObject","inLanguage":"pt-BR","@id":"https:\/\/blogdacondessa.com.br\/blog\/politica\/deputada-sheila-klener-concede-titulos-e-mocao-de-aplausos-a-personalidades-de-mato-grosso\/#primaryimage","url":"https:\/\/blogdacondessa.com.br\/blog\/wp-content\/uploads\/2023\/09\/dep-sheila.jpg","contentUrl":"https:\/\/blogdacondessa.com.br\/blog\/wp-content\/uploads\/2023\/09\/dep-sheila.jpg","width":1280,"height":853},{"@type":"BreadcrumbList","@id":"https:\/\/blogdacondessa.com.br\/blog\/politica\/deputada-sheila-klener-concede-titulos-e-mocao-de-aplausos-a-personalidades-de-mato-grosso\/#breadcrumb","itemListElement":[{"@type":"ListItem","position":1,"name":"In\u00edcio","item":"https:\/\/blogdacondessa.com.br\/blog\/"},{"@type":"ListItem","position":2,"name":"Deputada Sheila Klener concede t\u00edtulos e mo\u00e7\u00e3o de aplausos a personalidades de Mato Grosso"}]},{"@type":"WebSite","@id":"https:\/\/blogdacondessa.com.br\/blog\/#website","url":"https:\/\/blogdacondessa.com.br\/blog\/","name":"Blog da Condessa","description":"Com Shirley de Souza O\u2019Campos","potentialAction":[{"@type":"SearchAction","target":{"@type":"EntryPoint","urlTemplate":"https:\/\/blogdacondessa.com.br\/blog\/?s={search_term_string}"},"query-input":{"@type":"PropertyValueSpecification","valueRequired":true,"valueName":"search_term_string"}}],"inLanguage":"pt-BR"},{"@type":"Person","@id":"https:\/\/blogdacondessa.com.br\/blog\/#\/schema\/person\/1d667ff8b785195b568677489d266035","name":"Blog da Condessa","image":{"@type":"ImageObject","inLanguage":"pt-BR","@id":"https:\/\/secure.gravatar.com\/avatar\/377c0eb8b4ad2bfc25461b41564b5971e721ca34a57642868fc7b0c8ac7b52c5?s=96&d=mm&r=g","url":"https:\/\/secure.gravatar.com\/avatar\/377c0eb8b4ad2bfc25461b41564b5971e721ca34a57642868fc7b0c8ac7b52c5?s=96&d=mm&r=g","contentUrl":"https:\/\/secure.gravatar.com\/avatar\/377c0eb8b4ad2bfc25461b41564b5971e721ca34a57642868fc7b0c8ac7b52c5?s=96&d=mm&r=g","caption":"Blog da Condessa"},"url":"https:\/\/blogdacondessa.com.br\/blog\/author\/beatriz\/"}]}},"_links":{"self":[{"href":"https:\/\/blogdacondessa.com.br\/blog\/wp-json\/wp\/v2\/posts\/7994","targetHints":{"allow":["GET"]}}],"collection":[{"href":"https:\/\/blogdacondessa.com.br\/blog\/wp-json\/wp\/v2\/posts"}],"about":[{"href":"https:\/\/blogdacondessa.com.br\/blog\/wp-json\/wp\/v2\/types\/post"}],"author":[{"embeddable":true,"href":"https:\/\/blogdacondessa.com.br\/blog\/wp-json\/wp\/v2\/users\/2"}],"replies":[{"embeddable":true,"href":"https:\/\/blogdacondessa.com.br\/blog\/wp-json\/wp\/v2\/comments?post=7994"}],"version-history":[{"count":0,"href":"https:\/\/blogdacondessa.com.br\/blog\/wp-json\/wp\/v2\/posts\/7994\/revisions"}],"wp:featuredmedia":[{"embeddable":true,"href":"https:\/\/blogdacondessa.com.br\/blog\/wp-json\/wp\/v2\/media\/7995"}],"wp:attachment":[{"href":"https:\/\/blogdacondessa.com.br\/blog\/wp-json\/wp\/v2\/media?parent=7994"}],"wp:term":[{"taxonomy":"category","embeddable":true,"href":"https:\/\/blogdacondessa.com.br\/blog\/wp-json\/wp\/v2\/categories?post=7994"},{"taxonomy":"post_tag","embeddable":true,"href":"https:\/\/blogdacondessa.com.br\/blog\/wp-json\/wp\/v2\/tags?post=7994"}],"curies":[{"name":"wp","href":"https:\/\/api.w.org\/{rel}","templated":true}]}}